{"id":58268,"date":"2024-10-19T19:37:55","date_gmt":"2024-10-19T18:37:55","guid":{"rendered":"https:\/\/lasentinelle.dz\/?p=58268"},"modified":"2024-10-19T19:37:56","modified_gmt":"2024-10-19T18:37:56","slug":"effondrement-dun-immeuble-a-bechar-un-drame-evite-une-enquete-ouverte","status":"publish","type":"post","link":"https:\/\/lasentinelle.dz\/index.php\/2024\/10\/19\/effondrement-dun-immeuble-a-bechar-un-drame-evite-une-enquete-ouverte\/","title":{"rendered":"Effondrement d&rsquo;un immeuble \u00e0 B\u00e9char\u00a0: Un drame \u00e9vit\u00e9, une enqu\u00eate ouverte"},"content":{"rendered":"\n<p>Un drame a \u00e9t\u00e9 \u00e9vit\u00e9 de justesse \u00e0 B\u00e9char. Un immeuble de quatre \u00e9tages s&rsquo;est effondr\u00e9 vendredi soir dans la nouvelle zone urbaine de Lahmar, au nord de la commune de B\u00e9char, sans faire de victimes gr\u00e2ce \u00e0 l&rsquo;\u00e9vacuation pr\u00e9ventive de ses habitants. Vendredi matin, l&rsquo;Office de promotion et de gestion immobili\u00e8re (OPGI) de B\u00e9char a re\u00e7u un signalement concernant des fissures inqui\u00e9tantes dans les piliers d&rsquo;un immeuble de la cit\u00e9 770 logements, situ\u00e9e sur la route de Lahmar. Imm\u00e9diatement, des techniciens de l&rsquo;Organisme national de contr\u00f4le technique de la construction (CTC) ont \u00e9t\u00e9 d\u00e9p\u00each\u00e9s sur place pour \u00e9valuer la situation. Face au risque imminent constat\u00e9 par les experts, les autorit\u00e9s ont pris la d\u00e9cision d&rsquo;\u00e9vacuer en urgence les 32 familles r\u00e9sidant dans l&rsquo;immeuble menac\u00e9 et dans celui adjacent. Cette mesure pr\u00e9ventive s&rsquo;est r\u00e9v\u00e9l\u00e9e cruciale, car l&rsquo;immeuble s&rsquo;est effectivement effondr\u00e9 en milieu de soir\u00e9e. D\u00e8s l&rsquo;annonce de l&rsquo;incident, le ministre de l&rsquo;Habitat, de l&rsquo;Urbanisme et de la Ville, Mohamed Tarek Belaribi, a pris les choses en main. Il a pr\u00e9sid\u00e9 une r\u00e9union d&rsquo;urgence et s&rsquo;est personnellement entretenu par t\u00e9l\u00e9phone avec le wali de B\u00e9char, Mohamed Sa\u00efd Benkamou, pour s&rsquo;assurer de la s\u00e9curit\u00e9 des r\u00e9sidents \u00e9vacu\u00e9s. Le ministre a ordonn\u00e9 l&rsquo;envoi imm\u00e9diat d&rsquo;une \u00e9quipe technique comp\u00e9tente du CTC, accompagn\u00e9e du directeur g\u00e9n\u00e9ral de l&rsquo;habitat au minist\u00e8re, Mohamed Mordjani, pour mener une expertise approfondie sur les causes de l&rsquo;effondrement et \u00e9valuer l&rsquo;\u00e9tat de l&rsquo;immeuble adjacent.<\/p>\n\n\n\n<p>M. Belaribi a \u00e9galement donn\u00e9 des instructions pour qu&rsquo;une plainte contre X soit d\u00e9pos\u00e9e aupr\u00e8s des services comp\u00e9tents d\u00e8s que l&rsquo;expertise du CTC sera termin\u00e9e. Cette d\u00e9marche vise \u00e0 d\u00e9terminer les responsabilit\u00e9s dans cet incident, d&rsquo;autant plus que l&rsquo;immeuble, dont la construction avait d\u00e9but\u00e9 en 2013, n&rsquo;avait \u00e9t\u00e9 r\u00e9ceptionn\u00e9 qu&rsquo;en 2016. D\u00e8s le lendemain de l&rsquo;effondrement, la commission d&rsquo;experts d\u00e9p\u00each\u00e9e par le minist\u00e8re a commenc\u00e9 ses travaux. Lors d&rsquo;une d\u00e9claration \u00e0 la presse, M. Mordjani a r\u00e9v\u00e9l\u00e9 un premier \u00e9l\u00e9ment potentiellement crucial : des commer\u00e7ants auraient proc\u00e9d\u00e9 \u00e0 des modifications de certains locaux du rez-de-chauss\u00e9e de l&rsquo;immeuble, ce qui pourrait \u00eatre l&rsquo;une des causes principales de l&rsquo;effondrement. L&rsquo;expertise se poursuit pour d\u00e9terminer avec pr\u00e9cision les causes exactes de l&rsquo;incident. M. Mordjani a toutefois rassur\u00e9 sur l&rsquo;\u00e9tat des autres immeubles de la cit\u00e9 770 logements, les qualifiant de \u00ab\u00a0sains\u00a0\u00bb. Face \u00e0 cette situation d&rsquo;urgence, le wali de B\u00e9char, qui s&rsquo;est rendu sur place accompagn\u00e9 des autorit\u00e9s locales, a promis de reloger rapidement les locataires sinistr\u00e9s. Ils devraient \u00eatre install\u00e9s dans de nouveaux logements situ\u00e9s dans la zone urbaine de \u00ab\u00a0Tighaliine\u00a0\u00bb, au nord-est de B\u00e9char.<\/p>\n\n\n\n<p>Lyna Larbi<\/p>\n","protected":false},"excerpt":{"rendered":"<p>Un drame a \u00e9t\u00e9 \u00e9vit\u00e9 de justesse \u00e0 B\u00e9char. Un immeuble de quatre \u00e9tages s&rsquo;est effondr\u00e9 vendredi soir dans la<\/p>\n","protected":false},"author":6,"featured_media":58269,"comment_status":"open","ping_status":"closed","sticky":false,"template":"","format":"standard","meta":{"colormag_page_container_layout":"default_layout","colormag_page_sidebar_layout":"default_layout","om_disable_all_campaigns":false,"_monsterinsights_skip_tracking":false,"_monsterinsights_sitenote_active":false,"_monsterinsights_sitenote_note":"","_monsterinsights_sitenote_category":0,"footnotes":"","_wpscppro_dont_share_socialmedia":false,"_wpscppro_custom_social_share_image":0,"_facebook_share_type":"default","_twitter_share_type":"default","_linkedin_share_type":"default","_pinterest_share_type":"default","_linkedin_share_type_page":"","_instagram_share_type":"default","_medium_share_type":"default","_threads_share_type":"","_google_business_share_type":"","_selected_social_profile":[],"_wpsp_enable_custom_social_template":false,"_wpsp_social_scheduling":{"enabled":false,"datetime":null,"platforms":[],"status":"template_only","dateOption":"today","timeOption":"now","customDays":"","customHours":"","customDate":"","customTime":"","schedulingType":"absolute"},"_wpsp_active_default_template":true},"categories":[52,27],"tags":[],"class_list":["post-58268","post","type-post","status-publish","format-standard","has-post-thumbnail","hentry","category-a-la-une","category-actualite"],"aioseo_notices":[],"yoast_head":"<!-- This site is optimized with the Yoast SEO plugin v27.5 - https:\/\/yoast.com\/product\/yoast-seo-wordpress\/ -->\n<title>Effondrement d&rsquo;un immeuble \u00e0 B\u00e9char\u00a0: Un drame \u00e9vit\u00e9, une enqu\u00eate ouverte - La Sentinelle<\/title>\n<meta name=\"robots\" content=\"index, follow, max-snippet:-1, max-image-preview:large, max-video-preview:-1\" \/>\n<link rel=\"canonical\" href=\"https:\/\/lasentinelle.dz\/index.php\/2024\/10\/19\/effondrement-dun-immeuble-a-bechar-un-drame-evite-une-enquete-ouverte\/\" \/>\n<meta property=\"og:locale\" content=\"fr_FR\" \/>\n<meta property=\"og:type\" content=\"article\" \/>\n<meta property=\"og:title\" content=\"Effondrement d&rsquo;un immeuble \u00e0 B\u00e9char\u00a0: Un drame \u00e9vit\u00e9, une enqu\u00eate ouverte - La Sentinelle\" \/>\n<meta property=\"og:description\" content=\"Un drame a \u00e9t\u00e9 \u00e9vit\u00e9 de justesse \u00e0 B\u00e9char. Un immeuble de quatre \u00e9tages s&rsquo;est effondr\u00e9 vendredi soir dans la\" \/>\n<meta property=\"og:url\" content=\"https:\/\/lasentinelle.dz\/index.php\/2024\/10\/19\/effondrement-dun-immeuble-a-bechar-un-drame-evite-une-enquete-ouverte\/\" \/>\n<meta property=\"og:site_name\" content=\"La Sentinelle\" \/>\n<meta property=\"article:publisher\" content=\"https:\/\/www.facebook.com\/La-Sentinelle-104059864394773\" \/>\n<meta property=\"article:published_time\" content=\"2024-10-19T18:37:55+00:00\" \/>\n<meta property=\"article:modified_time\" content=\"2024-10-19T18:37:56+00:00\" \/>\n<meta property=\"og:image\" content=\"https:\/\/lasentinelle.dz\/wp-content\/uploads\/2024\/10\/effondrement-bechar-1.jpg\" \/>\n\t<meta property=\"og:image:width\" content=\"780\" \/>\n\t<meta property=\"og:image:height\" content=\"470\" \/>\n\t<meta property=\"og:image:type\" content=\"image\/jpeg\" \/>\n<meta name=\"author\" content=\"admin\" \/>\n<meta name=\"twitter:card\" content=\"summary_large_image\" \/>\n<meta name=\"twitter:label1\" content=\"\u00c9crit par\" \/>\n\t<meta name=\"twitter:data1\" content=\"admin\" \/>\n\t<meta name=\"twitter:label2\" content=\"Dur\u00e9e de lecture estim\u00e9e\" \/>\n\t<meta name=\"twitter:data2\" content=\"3 minutes\" \/>\n<script type=\"application\/ld+json\" class=\"yoast-schema-graph\">{\"@context\":\"https:\\\/\\\/schema.org\",\"@graph\":[{\"@type\":\"Article\",\"@id\":\"https:\\\/\\\/lasentinelle.dz\\\/index.php\\\/2024\\\/10\\\/19\\\/effondrement-dun-immeuble-a-bechar-un-drame-evite-une-enquete-ouverte\\\/#article\",\"isPartOf\":{\"@id\":\"https:\\\/\\\/lasentinelle.dz\\\/index.php\\\/2024\\\/10\\\/19\\\/effondrement-dun-immeuble-a-bechar-un-drame-evite-une-enquete-ouverte\\\/\"},\"author\":{\"name\":\"admin\",\"@id\":\"https:\\\/\\\/lasentinelle.dz\\\/#\\\/schema\\\/person\\\/729ee0024f24e0b8c5ec17232f8e8b41\"},\"headline\":\"Effondrement d&rsquo;un immeuble \u00e0 B\u00e9char\u00a0: Un drame \u00e9vit\u00e9, une enqu\u00eate ouverte\",\"datePublished\":\"2024-10-19T18:37:55+00:00\",\"dateModified\":\"2024-10-19T18:37:56+00:00\",\"mainEntityOfPage\":{\"@id\":\"https:\\\/\\\/lasentinelle.dz\\\/index.php\\\/2024\\\/10\\\/19\\\/effondrement-dun-immeuble-a-bechar-un-drame-evite-une-enquete-ouverte\\\/\"},\"wordCount\":529,\"commentCount\":0,\"publisher\":{\"@id\":\"https:\\\/\\\/lasentinelle.dz\\\/#organization\"},\"image\":{\"@id\":\"https:\\\/\\\/lasentinelle.dz\\\/index.php\\\/2024\\\/10\\\/19\\\/effondrement-dun-immeuble-a-bechar-un-drame-evite-une-enquete-ouverte\\\/#primaryimage\"},\"thumbnailUrl\":\"https:\\\/\\\/lasentinelle.dz\\\/wp-content\\\/uploads\\\/2024\\\/10\\\/effondrement-bechar-1.jpg\",\"articleSection\":[\"\u00c0 la Une\",\"Actualit\u00e9\"],\"inLanguage\":\"fr-FR\",\"potentialAction\":[{\"@type\":\"CommentAction\",\"name\":\"Comment\",\"target\":[\"https:\\\/\\\/lasentinelle.dz\\\/index.php\\\/2024\\\/10\\\/19\\\/effondrement-dun-immeuble-a-bechar-un-drame-evite-une-enquete-ouverte\\\/#respond\"]}]},{\"@type\":\"WebPage\",\"@id\":\"https:\\\/\\\/lasentinelle.dz\\\/index.php\\\/2024\\\/10\\\/19\\\/effondrement-dun-immeuble-a-bechar-un-drame-evite-une-enquete-ouverte\\\/\",\"url\":\"https:\\\/\\\/lasentinelle.dz\\\/index.php\\\/2024\\\/10\\\/19\\\/effondrement-dun-immeuble-a-bechar-un-drame-evite-une-enquete-ouverte\\\/\",\"name\":\"Effondrement d&rsquo;un immeuble \u00e0 B\u00e9char\u00a0: Un drame \u00e9vit\u00e9, une enqu\u00eate ouverte - La Sentinelle\",\"isPartOf\":{\"@id\":\"https:\\\/\\\/lasentinelle.dz\\\/#website\"},\"primaryImageOfPage\":{\"@id\":\"https:\\\/\\\/lasentinelle.dz\\\/index.php\\\/2024\\\/10\\\/19\\\/effondrement-dun-immeuble-a-bechar-un-drame-evite-une-enquete-ouverte\\\/#primaryimage\"},\"image\":{\"@id\":\"https:\\\/\\\/lasentinelle.dz\\\/index.php\\\/2024\\\/10\\\/19\\\/effondrement-dun-immeuble-a-bechar-un-drame-evite-une-enquete-ouverte\\\/#primaryimage\"},\"thumbnailUrl\":\"https:\\\/\\\/lasentinelle.dz\\\/wp-content\\\/uploads\\\/2024\\\/10\\\/effondrement-bechar-1.jpg\",\"datePublished\":\"2024-10-19T18:37:55+00:00\",\"dateModified\":\"2024-10-19T18:37:56+00:00\",\"breadcrumb\":{\"@id\":\"https:\\\/\\\/lasentinelle.dz\\\/index.php\\\/2024\\\/10\\\/19\\\/effondrement-dun-immeuble-a-bechar-un-drame-evite-une-enquete-ouverte\\\/#breadcrumb\"},\"inLanguage\":\"fr-FR\",\"potentialAction\":[{\"@type\":\"ReadAction\",\"target\":[\"https:\\\/\\\/lasentinelle.dz\\\/index.php\\\/2024\\\/10\\\/19\\\/effondrement-dun-immeuble-a-bechar-un-drame-evite-une-enquete-ouverte\\\/\"]}]},{\"@type\":\"ImageObject\",\"inLanguage\":\"fr-FR\",\"@id\":\"https:\\\/\\\/lasentinelle.dz\\\/index.php\\\/2024\\\/10\\\/19\\\/effondrement-dun-immeuble-a-bechar-un-drame-evite-une-enquete-ouverte\\\/#primaryimage\",\"url\":\"https:\\\/\\\/lasentinelle.dz\\\/wp-content\\\/uploads\\\/2024\\\/10\\\/effondrement-bechar-1.jpg\",\"contentUrl\":\"https:\\\/\\\/lasentinelle.dz\\\/wp-content\\\/uploads\\\/2024\\\/10\\\/effondrement-bechar-1.jpg\",\"width\":780,\"height\":470},{\"@type\":\"BreadcrumbList\",\"@id\":\"https:\\\/\\\/lasentinelle.dz\\\/index.php\\\/2024\\\/10\\\/19\\\/effondrement-dun-immeuble-a-bechar-un-drame-evite-une-enquete-ouverte\\\/#breadcrumb\",\"itemListElement\":[{\"@type\":\"ListItem\",\"position\":1,\"name\":\"Accueil\",\"item\":\"https:\\\/\\\/lasentinelle.dz\\\/\"},{\"@type\":\"ListItem\",\"position\":2,\"name\":\"Effondrement d&rsquo;un immeuble \u00e0 B\u00e9char\u00a0: Un drame \u00e9vit\u00e9, une enqu\u00eate ouverte\"}]},{\"@type\":\"WebSite\",\"@id\":\"https:\\\/\\\/lasentinelle.dz\\\/#website\",\"url\":\"https:\\\/\\\/lasentinelle.dz\\\/\",\"name\":\"La Sentinelle\",\"description\":\"Quotidien national d&#039;information\",\"publisher\":{\"@id\":\"https:\\\/\\\/lasentinelle.dz\\\/#organization\"},\"potentialAction\":[{\"@type\":\"SearchAction\",\"target\":{\"@type\":\"EntryPoint\",\"urlTemplate\":\"https:\\\/\\\/lasentinelle.dz\\\/?s={search_term_string}\"},\"query-input\":{\"@type\":\"PropertyValueSpecification\",\"valueRequired\":true,\"valueName\":\"search_term_string\"}}],\"inLanguage\":\"fr-FR\"},{\"@type\":\"Organization\",\"@id\":\"https:\\\/\\\/lasentinelle.dz\\\/#organization\",\"name\":\"Quotidien La Sentinelle\",\"url\":\"https:\\\/\\\/lasentinelle.dz\\\/\",\"logo\":{\"@type\":\"ImageObject\",\"inLanguage\":\"fr-FR\",\"@id\":\"https:\\\/\\\/lasentinelle.dz\\\/#\\\/schema\\\/logo\\\/image\\\/\",\"url\":\"https:\\\/\\\/lasentinelle.dz\\\/wp-content\\\/uploads\\\/2021\\\/09\\\/logo-sentinelleSLOGAN-1.png\",\"contentUrl\":\"https:\\\/\\\/lasentinelle.dz\\\/wp-content\\\/uploads\\\/2021\\\/09\\\/logo-sentinelleSLOGAN-1.png\",\"width\":615,\"height\":142,\"caption\":\"Quotidien La Sentinelle\"},\"image\":{\"@id\":\"https:\\\/\\\/lasentinelle.dz\\\/#\\\/schema\\\/logo\\\/image\\\/\"},\"sameAs\":[\"https:\\\/\\\/www.facebook.com\\\/La-Sentinelle-104059864394773\"]},{\"@type\":\"Person\",\"@id\":\"https:\\\/\\\/lasentinelle.dz\\\/#\\\/schema\\\/person\\\/729ee0024f24e0b8c5ec17232f8e8b41\",\"name\":\"admin\",\"image\":{\"@type\":\"ImageObject\",\"inLanguage\":\"fr-FR\",\"@id\":\"https:\\\/\\\/secure.gravatar.com\\\/avatar\\\/4c81fed838786e9b53f540bf46533e750f5d292099ae3b66cfc6fb1982e29df7?s=96&d=mm&r=g\",\"url\":\"https:\\\/\\\/secure.gravatar.com\\\/avatar\\\/4c81fed838786e9b53f540bf46533e750f5d292099ae3b66cfc6fb1982e29df7?s=96&d=mm&r=g\",\"contentUrl\":\"https:\\\/\\\/secure.gravatar.com\\\/avatar\\\/4c81fed838786e9b53f540bf46533e750f5d292099ae3b66cfc6fb1982e29df7?s=96&d=mm&r=g\",\"caption\":\"admin\"},\"description\":\"admin\",\"url\":\"https:\\\/\\\/lasentinelle.dz\\\/author\\\/admin\\\/\"}]}<\/script>\n<!-- \/ Yoast SEO plugin. -->","yoast_head_json":{"title":"Effondrement d&rsquo;un immeuble \u00e0 B\u00e9char\u00a0: Un drame \u00e9vit\u00e9, une enqu\u00eate ouverte - La Sentinelle","robots":{"index":"index","follow":"follow","max-snippet":"max-snippet:-1","max-image-preview":"max-image-preview:large","max-video-preview":"max-video-preview:-1"},"canonical":"https:\/\/lasentinelle.dz\/index.php\/2024\/10\/19\/effondrement-dun-immeuble-a-bechar-un-drame-evite-une-enquete-ouverte\/","og_locale":"fr_FR","og_type":"article","og_title":"Effondrement d&rsquo;un immeuble \u00e0 B\u00e9char\u00a0: Un drame \u00e9vit\u00e9, une enqu\u00eate ouverte - La Sentinelle","og_description":"Un drame a \u00e9t\u00e9 \u00e9vit\u00e9 de justesse \u00e0 B\u00e9char. Un immeuble de quatre \u00e9tages s&rsquo;est effondr\u00e9 vendredi soir dans la","og_url":"https:\/\/lasentinelle.dz\/index.php\/2024\/10\/19\/effondrement-dun-immeuble-a-bechar-un-drame-evite-une-enquete-ouverte\/","og_site_name":"La Sentinelle","article_publisher":"https:\/\/www.facebook.com\/La-Sentinelle-104059864394773","article_published_time":"2024-10-19T18:37:55+00:00","article_modified_time":"2024-10-19T18:37:56+00:00","og_image":[{"width":780,"height":470,"url":"https:\/\/lasentinelle.dz\/wp-content\/uploads\/2024\/10\/effondrement-bechar-1.jpg","type":"image\/jpeg"}],"author":"admin","twitter_card":"summary_large_image","twitter_misc":{"\u00c9crit par":"admin","Dur\u00e9e de lecture estim\u00e9e":"3 minutes"},"schema":{"@context":"https:\/\/schema.org","@graph":[{"@type":"Article","@id":"https:\/\/lasentinelle.dz\/index.php\/2024\/10\/19\/effondrement-dun-immeuble-a-bechar-un-drame-evite-une-enquete-ouverte\/#article","isPartOf":{"@id":"https:\/\/lasentinelle.dz\/index.php\/2024\/10\/19\/effondrement-dun-immeuble-a-bechar-un-drame-evite-une-enquete-ouverte\/"},"author":{"name":"admin","@id":"https:\/\/lasentinelle.dz\/#\/schema\/person\/729ee0024f24e0b8c5ec17232f8e8b41"},"headline":"Effondrement d&rsquo;un immeuble \u00e0 B\u00e9char\u00a0: Un drame \u00e9vit\u00e9, une enqu\u00eate ouverte","datePublished":"2024-10-19T18:37:55+00:00","dateModified":"2024-10-19T18:37:56+00:00","mainEntityOfPage":{"@id":"https:\/\/lasentinelle.dz\/index.php\/2024\/10\/19\/effondrement-dun-immeuble-a-bechar-un-drame-evite-une-enquete-ouverte\/"},"wordCount":529,"commentCount":0,"publisher":{"@id":"https:\/\/lasentinelle.dz\/#organization"},"image":{"@id":"https:\/\/lasentinelle.dz\/index.php\/2024\/10\/19\/effondrement-dun-immeuble-a-bechar-un-drame-evite-une-enquete-ouverte\/#primaryimage"},"thumbnailUrl":"https:\/\/lasentinelle.dz\/wp-content\/uploads\/2024\/10\/effondrement-bechar-1.jpg","articleSection":["\u00c0 la Une","Actualit\u00e9"],"inLanguage":"fr-FR","potentialAction":[{"@type":"CommentAction","name":"Comment","target":["https:\/\/lasentinelle.dz\/index.php\/2024\/10\/19\/effondrement-dun-immeuble-a-bechar-un-drame-evite-une-enquete-ouverte\/#respond"]}]},{"@type":"WebPage","@id":"https:\/\/lasentinelle.dz\/index.php\/2024\/10\/19\/effondrement-dun-immeuble-a-bechar-un-drame-evite-une-enquete-ouverte\/","url":"https:\/\/lasentinelle.dz\/index.php\/2024\/10\/19\/effondrement-dun-immeuble-a-bechar-un-drame-evite-une-enquete-ouverte\/","name":"Effondrement d&rsquo;un immeuble \u00e0 B\u00e9char\u00a0: Un drame \u00e9vit\u00e9, une enqu\u00eate ouverte - La Sentinelle","isPartOf":{"@id":"https:\/\/lasentinelle.dz\/#website"},"primaryImageOfPage":{"@id":"https:\/\/lasentinelle.dz\/index.php\/2024\/10\/19\/effondrement-dun-immeuble-a-bechar-un-drame-evite-une-enquete-ouverte\/#primaryimage"},"image":{"@id":"https:\/\/lasentinelle.dz\/index.php\/2024\/10\/19\/effondrement-dun-immeuble-a-bechar-un-drame-evite-une-enquete-ouverte\/#primaryimage"},"thumbnailUrl":"https:\/\/lasentinelle.dz\/wp-content\/uploads\/2024\/10\/effondrement-bechar-1.jpg","datePublished":"2024-10-19T18:37:55+00:00","dateModified":"2024-10-19T18:37:56+00:00","breadcrumb":{"@id":"https:\/\/lasentinelle.dz\/index.php\/2024\/10\/19\/effondrement-dun-immeuble-a-bechar-un-drame-evite-une-enquete-ouverte\/#breadcrumb"},"inLanguage":"fr-FR","potentialAction":[{"@type":"ReadAction","target":["https:\/\/lasentinelle.dz\/index.php\/2024\/10\/19\/effondrement-dun-immeuble-a-bechar-un-drame-evite-une-enquete-ouverte\/"]}]},{"@type":"ImageObject","inLanguage":"fr-FR","@id":"https:\/\/lasentinelle.dz\/index.php\/2024\/10\/19\/effondrement-dun-immeuble-a-bechar-un-drame-evite-une-enquete-ouverte\/#primaryimage","url":"https:\/\/lasentinelle.dz\/wp-content\/uploads\/2024\/10\/effondrement-bechar-1.jpg","contentUrl":"https:\/\/lasentinelle.dz\/wp-content\/uploads\/2024\/10\/effondrement-bechar-1.jpg","width":780,"height":470},{"@type":"BreadcrumbList","@id":"https:\/\/lasentinelle.dz\/index.php\/2024\/10\/19\/effondrement-dun-immeuble-a-bechar-un-drame-evite-une-enquete-ouverte\/#breadcrumb","itemListElement":[{"@type":"ListItem","position":1,"name":"Accueil","item":"https:\/\/lasentinelle.dz\/"},{"@type":"ListItem","position":2,"name":"Effondrement d&rsquo;un immeuble \u00e0 B\u00e9char\u00a0: Un drame \u00e9vit\u00e9, une enqu\u00eate ouverte"}]},{"@type":"WebSite","@id":"https:\/\/lasentinelle.dz\/#website","url":"https:\/\/lasentinelle.dz\/","name":"La Sentinelle","description":"Quotidien national d&#039;information","publisher":{"@id":"https:\/\/lasentinelle.dz\/#organization"},"potentialAction":[{"@type":"SearchAction","target":{"@type":"EntryPoint","urlTemplate":"https:\/\/lasentinelle.dz\/?s={search_term_string}"},"query-input":{"@type":"PropertyValueSpecification","valueRequired":true,"valueName":"search_term_string"}}],"inLanguage":"fr-FR"},{"@type":"Organization","@id":"https:\/\/lasentinelle.dz\/#organization","name":"Quotidien La Sentinelle","url":"https:\/\/lasentinelle.dz\/","logo":{"@type":"ImageObject","inLanguage":"fr-FR","@id":"https:\/\/lasentinelle.dz\/#\/schema\/logo\/image\/","url":"https:\/\/lasentinelle.dz\/wp-content\/uploads\/2021\/09\/logo-sentinelleSLOGAN-1.png","contentUrl":"https:\/\/lasentinelle.dz\/wp-content\/uploads\/2021\/09\/logo-sentinelleSLOGAN-1.png","width":615,"height":142,"caption":"Quotidien La Sentinelle"},"image":{"@id":"https:\/\/lasentinelle.dz\/#\/schema\/logo\/image\/"},"sameAs":["https:\/\/www.facebook.com\/La-Sentinelle-104059864394773"]},{"@type":"Person","@id":"https:\/\/lasentinelle.dz\/#\/schema\/person\/729ee0024f24e0b8c5ec17232f8e8b41","name":"admin","image":{"@type":"ImageObject","inLanguage":"fr-FR","@id":"https:\/\/secure.gravatar.com\/avatar\/4c81fed838786e9b53f540bf46533e750f5d292099ae3b66cfc6fb1982e29df7?s=96&d=mm&r=g","url":"https:\/\/secure.gravatar.com\/avatar\/4c81fed838786e9b53f540bf46533e750f5d292099ae3b66cfc6fb1982e29df7?s=96&d=mm&r=g","contentUrl":"https:\/\/secure.gravatar.com\/avatar\/4c81fed838786e9b53f540bf46533e750f5d292099ae3b66cfc6fb1982e29df7?s=96&d=mm&r=g","caption":"admin"},"description":"admin","url":"https:\/\/lasentinelle.dz\/author\/admin\/"}]}},"_links":{"self":[{"href":"https:\/\/lasentinelle.dz\/index.php\/wp-json\/wp\/v2\/posts\/58268","targetHints":{"allow":["GET"]}}],"collection":[{"href":"https:\/\/lasentinelle.dz\/index.php\/wp-json\/wp\/v2\/posts"}],"about":[{"href":"https:\/\/lasentinelle.dz\/index.php\/wp-json\/wp\/v2\/types\/post"}],"author":[{"embeddable":true,"href":"https:\/\/lasentinelle.dz\/index.php\/wp-json\/wp\/v2\/users\/6"}],"replies":[{"embeddable":true,"href":"https:\/\/lasentinelle.dz\/index.php\/wp-json\/wp\/v2\/comments?post=58268"}],"version-history":[{"count":2,"href":"https:\/\/lasentinelle.dz\/index.php\/wp-json\/wp\/v2\/posts\/58268\/revisions"}],"predecessor-version":[{"id":58271,"href":"https:\/\/lasentinelle.dz\/index.php\/wp-json\/wp\/v2\/posts\/58268\/revisions\/58271"}],"wp:featuredmedia":[{"embeddable":true,"href":"https:\/\/lasentinelle.dz\/index.php\/wp-json\/wp\/v2\/media\/58269"}],"wp:attachment":[{"href":"https:\/\/lasentinelle.dz\/index.php\/wp-json\/wp\/v2\/media?parent=58268"}],"wp:term":[{"taxonomy":"category","embeddable":true,"href":"https:\/\/lasentinelle.dz\/index.php\/wp-json\/wp\/v2\/categories?post=58268"},{"taxonomy":"post_tag","embeddable":true,"href":"https:\/\/lasentinelle.dz\/index.php\/wp-json\/wp\/v2\/tags?post=58268"}],"curies":[{"name":"wp","href":"https:\/\/api.w.org\/{rel}","templated":true}]}}