{"id":58295,"date":"2024-10-19T20:00:15","date_gmt":"2024-10-19T19:00:15","guid":{"rendered":"https:\/\/lasentinelle.dz\/?p=58295"},"modified":"2024-10-19T20:00:17","modified_gmt":"2024-10-19T19:00:17","slug":"plus-de-17-quintaux-de-pommes-de-terre-destockes-a-ain-mlila","status":"publish","type":"post","link":"https:\/\/lasentinelle.dz\/index.php\/2024\/10\/19\/plus-de-17-quintaux-de-pommes-de-terre-destockes-a-ain-mlila\/","title":{"rendered":"Plus de 17 quintaux de pommes de terre d\u00e9stock\u00e9s \u00e0 Ain M\u2019Lila"},"content":{"rendered":"\n<p>Une op\u00e9ration de d\u00e9stockage de pommes de terre conserv\u00e9es en chambres froides a \u00e9t\u00e9 lanc\u00e9e dans la commune d\u2019Ain M\u2019lila , dans le but de r\u00e9guler les prix sur le march\u00e9, apprend-on de source relevant de la direction des services agricoles (DSA), de la wilaya d\u2019Oum El Bouaghi. Selon la m\u00eame source, pas moins de 17.153 quintaux de pommes de terre ont \u00e9t\u00e9 d\u00e9stock\u00e9s, dont plus de 6.300 quintaux ont \u00e9t\u00e9 d\u00e9j\u00e0 commercialis\u00e9s dans les wilayas de Mila, de S\u00e9tif et de Boumerd\u00e8s. Selon les informations apport\u00e9es par nos sources, l\u2019op\u00e9ration de d\u00e9stockage de la pomme de terre depuis les chambres froides se poursuit encore et la r\u00e9colte de ce produit de base et de large consommation, qu\u2019est la pomme de terre de saison, bat son plein et se passe dans de bonnes conditions. Nos sources ont fait \u00e9tat du ramassage de 49.470 quintaux sur une superficie de 215 hectares, avec un rendement de 230 quintaux \u00e0 l\u2019hectare. Le d\u00e9stockage de pommes de terre et leur mise sur le march\u00e9 vise \u00e0 r\u00e9duire son prix de vente qui a d\u00e9pass\u00e9 depuis plusieurs semaines, les 130 DA\/kg dans la plupart des march\u00e9s de d\u00e9tail du pays. On rappelle que lors de la r\u00e9union tenue, le 11 octobre courant, par Youcef Chorfa et Tayeb Zitouni, ministres respectifs, de l\u2019Agriculture et du D\u00e9veloppement rural, et du Commerce et de la Promotion des exportations, consacr\u00e9e aux mesures prises pour la r\u00e9gulation du prix du fruit la pomme, il a \u00e9galement \u00e9t\u00e9 question de ce tubercule. Concernant cette fili\u00e8re, il a \u00e9t\u00e9 proc\u00e9d\u00e9, durant cette r\u00e9union, rappelons-le, \u00e0 la pr\u00e9sentation du syst\u00e8me de r\u00e9gulation des produits agricoles de large consommation, tout en convenant de la coordination de l\u2019action pour pr\u00e9parer le programme relatif au d\u00e9stockage de la pomme de terre afin de r\u00e9guler le march\u00e9 durant les p\u00e9riodes de soudure, outre la mise en place de m\u00e9canismes communs de contr\u00f4le au niveau local. Cette r\u00e9union s\u2019inscrit , convient-il de souligner dans le cadre de la mise en \u0153uvre des orientations du pr\u00e9sident de la R\u00e9publique, M. Abdelmadjid Tebboune, pour qui, le pouvoir d\u2019achat du citoyen et la garantie de la stabilit\u00e9 des prix des produits agricoles, demeurent au centre des priorit\u00e9s.<\/p>\n\n\n\n<p><strong>Sofia Chahine<\/strong><\/p>\n","protected":false},"excerpt":{"rendered":"<p>Une op\u00e9ration de d\u00e9stockage de pommes de terre conserv\u00e9es en chambres froides a \u00e9t\u00e9 lanc\u00e9e dans la commune d\u2019Ain M\u2019lila<\/p>\n","protected":false},"author":6,"featured_media":55594,"comment_status":"open","ping_status":"closed","sticky":false,"template":"","format":"standard","meta":{"colormag_page_container_layout":"default_layout","colormag_page_sidebar_layout":"default_layout","om_disable_all_campaigns":false,"_monsterinsights_skip_tracking":false,"_monsterinsights_sitenote_active":false,"_monsterinsights_sitenote_note":"","_monsterinsights_sitenote_category":0,"footnotes":"","_wpscppro_dont_share_socialmedia":false,"_wpscppro_custom_social_share_image":0,"_facebook_share_type":"default","_twitter_share_type":"default","_linkedin_share_type":"default","_pinterest_share_type":"default","_linkedin_share_type_page":"","_instagram_share_type":"default","_medium_share_type":"default","_threads_share_type":"","_google_business_share_type":"","_selected_social_profile":[],"_wpsp_enable_custom_social_template":false,"_wpsp_social_scheduling":{"enabled":false,"datetime":null,"platforms":[],"status":"template_only","dateOption":"today","timeOption":"now","customDays":"","customHours":"","customDate":"","customTime":"","schedulingType":"absolute"},"_wpsp_active_default_template":true},"categories":[27],"tags":[],"class_list":["post-58295","post","type-post","status-publish","format-standard","has-post-thumbnail","hentry","category-actualite"],"aioseo_notices":[],"yoast_head":"<!-- This site is optimized with the Yoast SEO plugin v27.5 - https:\/\/yoast.com\/product\/yoast-seo-wordpress\/ -->\n<title>Plus de 17 quintaux de pommes de terre d\u00e9stock\u00e9s \u00e0 Ain M\u2019Lila - La Sentinelle<\/title>\n<meta name=\"robots\" content=\"index, follow, max-snippet:-1, max-image-preview:large, max-video-preview:-1\" \/>\n<link rel=\"canonical\" href=\"https:\/\/lasentinelle.dz\/index.php\/2024\/10\/19\/plus-de-17-quintaux-de-pommes-de-terre-destockes-a-ain-mlila\/\" \/>\n<meta property=\"og:locale\" content=\"fr_FR\" \/>\n<meta property=\"og:type\" content=\"article\" \/>\n<meta property=\"og:title\" content=\"Plus de 17 quintaux de pommes de terre d\u00e9stock\u00e9s \u00e0 Ain M\u2019Lila - La Sentinelle\" \/>\n<meta property=\"og:description\" content=\"Une op\u00e9ration de d\u00e9stockage de pommes de terre conserv\u00e9es en chambres froides a \u00e9t\u00e9 lanc\u00e9e dans la commune d\u2019Ain M\u2019lila\" \/>\n<meta property=\"og:url\" content=\"https:\/\/lasentinelle.dz\/index.php\/2024\/10\/19\/plus-de-17-quintaux-de-pommes-de-terre-destockes-a-ain-mlila\/\" \/>\n<meta property=\"og:site_name\" content=\"La Sentinelle\" \/>\n<meta property=\"article:publisher\" content=\"https:\/\/www.facebook.com\/La-Sentinelle-104059864394773\" \/>\n<meta property=\"article:published_time\" content=\"2024-10-19T19:00:15+00:00\" \/>\n<meta property=\"article:modified_time\" content=\"2024-10-19T19:00:17+00:00\" \/>\n<meta property=\"og:image\" content=\"https:\/\/lasentinelle.dz\/wp-content\/uploads\/2024\/08\/patate-dEl-Oued.jpg\" \/>\n\t<meta property=\"og:image:width\" content=\"855\" \/>\n\t<meta property=\"og:image:height\" content=\"516\" \/>\n\t<meta property=\"og:image:type\" content=\"image\/jpeg\" \/>\n<meta name=\"author\" content=\"admin\" \/>\n<meta name=\"twitter:card\" content=\"summary_large_image\" \/>\n<meta name=\"twitter:label1\" content=\"\u00c9crit par\" \/>\n\t<meta name=\"twitter:data1\" content=\"admin\" \/>\n\t<meta name=\"twitter:label2\" content=\"Dur\u00e9e de lecture estim\u00e9e\" \/>\n\t<meta name=\"twitter:data2\" content=\"3 minutes\" \/>\n<script type=\"application\/ld+json\" class=\"yoast-schema-graph\">{\"@context\":\"https:\\\/\\\/schema.org\",\"@graph\":[{\"@type\":\"Article\",\"@id\":\"https:\\\/\\\/lasentinelle.dz\\\/index.php\\\/2024\\\/10\\\/19\\\/plus-de-17-quintaux-de-pommes-de-terre-destockes-a-ain-mlila\\\/#article\",\"isPartOf\":{\"@id\":\"https:\\\/\\\/lasentinelle.dz\\\/index.php\\\/2024\\\/10\\\/19\\\/plus-de-17-quintaux-de-pommes-de-terre-destockes-a-ain-mlila\\\/\"},\"author\":{\"name\":\"admin\",\"@id\":\"https:\\\/\\\/lasentinelle.dz\\\/#\\\/schema\\\/person\\\/729ee0024f24e0b8c5ec17232f8e8b41\"},\"headline\":\"Plus de 17 quintaux de pommes de terre d\u00e9stock\u00e9s \u00e0 Ain M\u2019Lila\",\"datePublished\":\"2024-10-19T19:00:15+00:00\",\"dateModified\":\"2024-10-19T19:00:17+00:00\",\"mainEntityOfPage\":{\"@id\":\"https:\\\/\\\/lasentinelle.dz\\\/index.php\\\/2024\\\/10\\\/19\\\/plus-de-17-quintaux-de-pommes-de-terre-destockes-a-ain-mlila\\\/\"},\"wordCount\":421,\"commentCount\":0,\"publisher\":{\"@id\":\"https:\\\/\\\/lasentinelle.dz\\\/#organization\"},\"image\":{\"@id\":\"https:\\\/\\\/lasentinelle.dz\\\/index.php\\\/2024\\\/10\\\/19\\\/plus-de-17-quintaux-de-pommes-de-terre-destockes-a-ain-mlila\\\/#primaryimage\"},\"thumbnailUrl\":\"https:\\\/\\\/lasentinelle.dz\\\/wp-content\\\/uploads\\\/2024\\\/08\\\/patate-dEl-Oued.jpg\",\"articleSection\":[\"Actualit\u00e9\"],\"inLanguage\":\"fr-FR\",\"potentialAction\":[{\"@type\":\"CommentAction\",\"name\":\"Comment\",\"target\":[\"https:\\\/\\\/lasentinelle.dz\\\/index.php\\\/2024\\\/10\\\/19\\\/plus-de-17-quintaux-de-pommes-de-terre-destockes-a-ain-mlila\\\/#respond\"]}]},{\"@type\":\"WebPage\",\"@id\":\"https:\\\/\\\/lasentinelle.dz\\\/index.php\\\/2024\\\/10\\\/19\\\/plus-de-17-quintaux-de-pommes-de-terre-destockes-a-ain-mlila\\\/\",\"url\":\"https:\\\/\\\/lasentinelle.dz\\\/index.php\\\/2024\\\/10\\\/19\\\/plus-de-17-quintaux-de-pommes-de-terre-destockes-a-ain-mlila\\\/\",\"name\":\"Plus de 17 quintaux de pommes de terre d\u00e9stock\u00e9s \u00e0 Ain M\u2019Lila - La Sentinelle\",\"isPartOf\":{\"@id\":\"https:\\\/\\\/lasentinelle.dz\\\/#website\"},\"primaryImageOfPage\":{\"@id\":\"https:\\\/\\\/lasentinelle.dz\\\/index.php\\\/2024\\\/10\\\/19\\\/plus-de-17-quintaux-de-pommes-de-terre-destockes-a-ain-mlila\\\/#primaryimage\"},\"image\":{\"@id\":\"https:\\\/\\\/lasentinelle.dz\\\/index.php\\\/2024\\\/10\\\/19\\\/plus-de-17-quintaux-de-pommes-de-terre-destockes-a-ain-mlila\\\/#primaryimage\"},\"thumbnailUrl\":\"https:\\\/\\\/lasentinelle.dz\\\/wp-content\\\/uploads\\\/2024\\\/08\\\/patate-dEl-Oued.jpg\",\"datePublished\":\"2024-10-19T19:00:15+00:00\",\"dateModified\":\"2024-10-19T19:00:17+00:00\",\"breadcrumb\":{\"@id\":\"https:\\\/\\\/lasentinelle.dz\\\/index.php\\\/2024\\\/10\\\/19\\\/plus-de-17-quintaux-de-pommes-de-terre-destockes-a-ain-mlila\\\/#breadcrumb\"},\"inLanguage\":\"fr-FR\",\"potentialAction\":[{\"@type\":\"ReadAction\",\"target\":[\"https:\\\/\\\/lasentinelle.dz\\\/index.php\\\/2024\\\/10\\\/19\\\/plus-de-17-quintaux-de-pommes-de-terre-destockes-a-ain-mlila\\\/\"]}]},{\"@type\":\"ImageObject\",\"inLanguage\":\"fr-FR\",\"@id\":\"https:\\\/\\\/lasentinelle.dz\\\/index.php\\\/2024\\\/10\\\/19\\\/plus-de-17-quintaux-de-pommes-de-terre-destockes-a-ain-mlila\\\/#primaryimage\",\"url\":\"https:\\\/\\\/lasentinelle.dz\\\/wp-content\\\/uploads\\\/2024\\\/08\\\/patate-dEl-Oued.jpg\",\"contentUrl\":\"https:\\\/\\\/lasentinelle.dz\\\/wp-content\\\/uploads\\\/2024\\\/08\\\/patate-dEl-Oued.jpg\",\"width\":855,\"height\":516},{\"@type\":\"BreadcrumbList\",\"@id\":\"https:\\\/\\\/lasentinelle.dz\\\/index.php\\\/2024\\\/10\\\/19\\\/plus-de-17-quintaux-de-pommes-de-terre-destockes-a-ain-mlila\\\/#breadcrumb\",\"itemListElement\":[{\"@type\":\"ListItem\",\"position\":1,\"name\":\"Accueil\",\"item\":\"https:\\\/\\\/lasentinelle.dz\\\/\"},{\"@type\":\"ListItem\",\"position\":2,\"name\":\"Plus de 17 quintaux de pommes de terre d\u00e9stock\u00e9s \u00e0 Ain M\u2019Lila\"}]},{\"@type\":\"WebSite\",\"@id\":\"https:\\\/\\\/lasentinelle.dz\\\/#website\",\"url\":\"https:\\\/\\\/lasentinelle.dz\\\/\",\"name\":\"La Sentinelle\",\"description\":\"Quotidien national d&#039;information\",\"publisher\":{\"@id\":\"https:\\\/\\\/lasentinelle.dz\\\/#organization\"},\"potentialAction\":[{\"@type\":\"SearchAction\",\"target\":{\"@type\":\"EntryPoint\",\"urlTemplate\":\"https:\\\/\\\/lasentinelle.dz\\\/?s={search_term_string}\"},\"query-input\":{\"@type\":\"PropertyValueSpecification\",\"valueRequired\":true,\"valueName\":\"search_term_string\"}}],\"inLanguage\":\"fr-FR\"},{\"@type\":\"Organization\",\"@id\":\"https:\\\/\\\/lasentinelle.dz\\\/#organization\",\"name\":\"Quotidien La Sentinelle\",\"url\":\"https:\\\/\\\/lasentinelle.dz\\\/\",\"logo\":{\"@type\":\"ImageObject\",\"inLanguage\":\"fr-FR\",\"@id\":\"https:\\\/\\\/lasentinelle.dz\\\/#\\\/schema\\\/logo\\\/image\\\/\",\"url\":\"https:\\\/\\\/lasentinelle.dz\\\/wp-content\\\/uploads\\\/2021\\\/09\\\/logo-sentinelleSLOGAN-1.png\",\"contentUrl\":\"https:\\\/\\\/lasentinelle.dz\\\/wp-content\\\/uploads\\\/2021\\\/09\\\/logo-sentinelleSLOGAN-1.png\",\"width\":615,\"height\":142,\"caption\":\"Quotidien La Sentinelle\"},\"image\":{\"@id\":\"https:\\\/\\\/lasentinelle.dz\\\/#\\\/schema\\\/logo\\\/image\\\/\"},\"sameAs\":[\"https:\\\/\\\/www.facebook.com\\\/La-Sentinelle-104059864394773\"]},{\"@type\":\"Person\",\"@id\":\"https:\\\/\\\/lasentinelle.dz\\\/#\\\/schema\\\/person\\\/729ee0024f24e0b8c5ec17232f8e8b41\",\"name\":\"admin\",\"image\":{\"@type\":\"ImageObject\",\"inLanguage\":\"fr-FR\",\"@id\":\"https:\\\/\\\/secure.gravatar.com\\\/avatar\\\/4c81fed838786e9b53f540bf46533e750f5d292099ae3b66cfc6fb1982e29df7?s=96&d=mm&r=g\",\"url\":\"https:\\\/\\\/secure.gravatar.com\\\/avatar\\\/4c81fed838786e9b53f540bf46533e750f5d292099ae3b66cfc6fb1982e29df7?s=96&d=mm&r=g\",\"contentUrl\":\"https:\\\/\\\/secure.gravatar.com\\\/avatar\\\/4c81fed838786e9b53f540bf46533e750f5d292099ae3b66cfc6fb1982e29df7?s=96&d=mm&r=g\",\"caption\":\"admin\"},\"description\":\"admin\",\"url\":\"https:\\\/\\\/lasentinelle.dz\\\/author\\\/admin\\\/\"}]}<\/script>\n<!-- \/ Yoast SEO plugin. -->","yoast_head_json":{"title":"Plus de 17 quintaux de pommes de terre d\u00e9stock\u00e9s \u00e0 Ain M\u2019Lila - La Sentinelle","robots":{"index":"index","follow":"follow","max-snippet":"max-snippet:-1","max-image-preview":"max-image-preview:large","max-video-preview":"max-video-preview:-1"},"canonical":"https:\/\/lasentinelle.dz\/index.php\/2024\/10\/19\/plus-de-17-quintaux-de-pommes-de-terre-destockes-a-ain-mlila\/","og_locale":"fr_FR","og_type":"article","og_title":"Plus de 17 quintaux de pommes de terre d\u00e9stock\u00e9s \u00e0 Ain M\u2019Lila - La Sentinelle","og_description":"Une op\u00e9ration de d\u00e9stockage de pommes de terre conserv\u00e9es en chambres froides a \u00e9t\u00e9 lanc\u00e9e dans la commune d\u2019Ain M\u2019lila","og_url":"https:\/\/lasentinelle.dz\/index.php\/2024\/10\/19\/plus-de-17-quintaux-de-pommes-de-terre-destockes-a-ain-mlila\/","og_site_name":"La Sentinelle","article_publisher":"https:\/\/www.facebook.com\/La-Sentinelle-104059864394773","article_published_time":"2024-10-19T19:00:15+00:00","article_modified_time":"2024-10-19T19:00:17+00:00","og_image":[{"width":855,"height":516,"url":"https:\/\/lasentinelle.dz\/wp-content\/uploads\/2024\/08\/patate-dEl-Oued.jpg","type":"image\/jpeg"}],"author":"admin","twitter_card":"summary_large_image","twitter_misc":{"\u00c9crit par":"admin","Dur\u00e9e de lecture estim\u00e9e":"3 minutes"},"schema":{"@context":"https:\/\/schema.org","@graph":[{"@type":"Article","@id":"https:\/\/lasentinelle.dz\/index.php\/2024\/10\/19\/plus-de-17-quintaux-de-pommes-de-terre-destockes-a-ain-mlila\/#article","isPartOf":{"@id":"https:\/\/lasentinelle.dz\/index.php\/2024\/10\/19\/plus-de-17-quintaux-de-pommes-de-terre-destockes-a-ain-mlila\/"},"author":{"name":"admin","@id":"https:\/\/lasentinelle.dz\/#\/schema\/person\/729ee0024f24e0b8c5ec17232f8e8b41"},"headline":"Plus de 17 quintaux de pommes de terre d\u00e9stock\u00e9s \u00e0 Ain M\u2019Lila","datePublished":"2024-10-19T19:00:15+00:00","dateModified":"2024-10-19T19:00:17+00:00","mainEntityOfPage":{"@id":"https:\/\/lasentinelle.dz\/index.php\/2024\/10\/19\/plus-de-17-quintaux-de-pommes-de-terre-destockes-a-ain-mlila\/"},"wordCount":421,"commentCount":0,"publisher":{"@id":"https:\/\/lasentinelle.dz\/#organization"},"image":{"@id":"https:\/\/lasentinelle.dz\/index.php\/2024\/10\/19\/plus-de-17-quintaux-de-pommes-de-terre-destockes-a-ain-mlila\/#primaryimage"},"thumbnailUrl":"https:\/\/lasentinelle.dz\/wp-content\/uploads\/2024\/08\/patate-dEl-Oued.jpg","articleSection":["Actualit\u00e9"],"inLanguage":"fr-FR","potentialAction":[{"@type":"CommentAction","name":"Comment","target":["https:\/\/lasentinelle.dz\/index.php\/2024\/10\/19\/plus-de-17-quintaux-de-pommes-de-terre-destockes-a-ain-mlila\/#respond"]}]},{"@type":"WebPage","@id":"https:\/\/lasentinelle.dz\/index.php\/2024\/10\/19\/plus-de-17-quintaux-de-pommes-de-terre-destockes-a-ain-mlila\/","url":"https:\/\/lasentinelle.dz\/index.php\/2024\/10\/19\/plus-de-17-quintaux-de-pommes-de-terre-destockes-a-ain-mlila\/","name":"Plus de 17 quintaux de pommes de terre d\u00e9stock\u00e9s \u00e0 Ain M\u2019Lila - La Sentinelle","isPartOf":{"@id":"https:\/\/lasentinelle.dz\/#website"},"primaryImageOfPage":{"@id":"https:\/\/lasentinelle.dz\/index.php\/2024\/10\/19\/plus-de-17-quintaux-de-pommes-de-terre-destockes-a-ain-mlila\/#primaryimage"},"image":{"@id":"https:\/\/lasentinelle.dz\/index.php\/2024\/10\/19\/plus-de-17-quintaux-de-pommes-de-terre-destockes-a-ain-mlila\/#primaryimage"},"thumbnailUrl":"https:\/\/lasentinelle.dz\/wp-content\/uploads\/2024\/08\/patate-dEl-Oued.jpg","datePublished":"2024-10-19T19:00:15+00:00","dateModified":"2024-10-19T19:00:17+00:00","breadcrumb":{"@id":"https:\/\/lasentinelle.dz\/index.php\/2024\/10\/19\/plus-de-17-quintaux-de-pommes-de-terre-destockes-a-ain-mlila\/#breadcrumb"},"inLanguage":"fr-FR","potentialAction":[{"@type":"ReadAction","target":["https:\/\/lasentinelle.dz\/index.php\/2024\/10\/19\/plus-de-17-quintaux-de-pommes-de-terre-destockes-a-ain-mlila\/"]}]},{"@type":"ImageObject","inLanguage":"fr-FR","@id":"https:\/\/lasentinelle.dz\/index.php\/2024\/10\/19\/plus-de-17-quintaux-de-pommes-de-terre-destockes-a-ain-mlila\/#primaryimage","url":"https:\/\/lasentinelle.dz\/wp-content\/uploads\/2024\/08\/patate-dEl-Oued.jpg","contentUrl":"https:\/\/lasentinelle.dz\/wp-content\/uploads\/2024\/08\/patate-dEl-Oued.jpg","width":855,"height":516},{"@type":"BreadcrumbList","@id":"https:\/\/lasentinelle.dz\/index.php\/2024\/10\/19\/plus-de-17-quintaux-de-pommes-de-terre-destockes-a-ain-mlila\/#breadcrumb","itemListElement":[{"@type":"ListItem","position":1,"name":"Accueil","item":"https:\/\/lasentinelle.dz\/"},{"@type":"ListItem","position":2,"name":"Plus de 17 quintaux de pommes de terre d\u00e9stock\u00e9s \u00e0 Ain M\u2019Lila"}]},{"@type":"WebSite","@id":"https:\/\/lasentinelle.dz\/#website","url":"https:\/\/lasentinelle.dz\/","name":"La Sentinelle","description":"Quotidien national d&#039;information","publisher":{"@id":"https:\/\/lasentinelle.dz\/#organization"},"potentialAction":[{"@type":"SearchAction","target":{"@type":"EntryPoint","urlTemplate":"https:\/\/lasentinelle.dz\/?s={search_term_string}"},"query-input":{"@type":"PropertyValueSpecification","valueRequired":true,"valueName":"search_term_string"}}],"inLanguage":"fr-FR"},{"@type":"Organization","@id":"https:\/\/lasentinelle.dz\/#organization","name":"Quotidien La Sentinelle","url":"https:\/\/lasentinelle.dz\/","logo":{"@type":"ImageObject","inLanguage":"fr-FR","@id":"https:\/\/lasentinelle.dz\/#\/schema\/logo\/image\/","url":"https:\/\/lasentinelle.dz\/wp-content\/uploads\/2021\/09\/logo-sentinelleSLOGAN-1.png","contentUrl":"https:\/\/lasentinelle.dz\/wp-content\/uploads\/2021\/09\/logo-sentinelleSLOGAN-1.png","width":615,"height":142,"caption":"Quotidien La Sentinelle"},"image":{"@id":"https:\/\/lasentinelle.dz\/#\/schema\/logo\/image\/"},"sameAs":["https:\/\/www.facebook.com\/La-Sentinelle-104059864394773"]},{"@type":"Person","@id":"https:\/\/lasentinelle.dz\/#\/schema\/person\/729ee0024f24e0b8c5ec17232f8e8b41","name":"admin","image":{"@type":"ImageObject","inLanguage":"fr-FR","@id":"https:\/\/secure.gravatar.com\/avatar\/4c81fed838786e9b53f540bf46533e750f5d292099ae3b66cfc6fb1982e29df7?s=96&d=mm&r=g","url":"https:\/\/secure.gravatar.com\/avatar\/4c81fed838786e9b53f540bf46533e750f5d292099ae3b66cfc6fb1982e29df7?s=96&d=mm&r=g","contentUrl":"https:\/\/secure.gravatar.com\/avatar\/4c81fed838786e9b53f540bf46533e750f5d292099ae3b66cfc6fb1982e29df7?s=96&d=mm&r=g","caption":"admin"},"description":"admin","url":"https:\/\/lasentinelle.dz\/author\/admin\/"}]}},"_links":{"self":[{"href":"https:\/\/lasentinelle.dz\/index.php\/wp-json\/wp\/v2\/posts\/58295","targetHints":{"allow":["GET"]}}],"collection":[{"href":"https:\/\/lasentinelle.dz\/index.php\/wp-json\/wp\/v2\/posts"}],"about":[{"href":"https:\/\/lasentinelle.dz\/index.php\/wp-json\/wp\/v2\/types\/post"}],"author":[{"embeddable":true,"href":"https:\/\/lasentinelle.dz\/index.php\/wp-json\/wp\/v2\/users\/6"}],"replies":[{"embeddable":true,"href":"https:\/\/lasentinelle.dz\/index.php\/wp-json\/wp\/v2\/comments?post=58295"}],"version-history":[{"count":1,"href":"https:\/\/lasentinelle.dz\/index.php\/wp-json\/wp\/v2\/posts\/58295\/revisions"}],"predecessor-version":[{"id":58296,"href":"https:\/\/lasentinelle.dz\/index.php\/wp-json\/wp\/v2\/posts\/58295\/revisions\/58296"}],"wp:featuredmedia":[{"embeddable":true,"href":"https:\/\/lasentinelle.dz\/index.php\/wp-json\/wp\/v2\/media\/55594"}],"wp:attachment":[{"href":"https:\/\/lasentinelle.dz\/index.php\/wp-json\/wp\/v2\/media?parent=58295"}],"wp:term":[{"taxonomy":"category","embeddable":true,"href":"https:\/\/lasentinelle.dz\/index.php\/wp-json\/wp\/v2\/categories?post=58295"},{"taxonomy":"post_tag","embeddable":true,"href":"https:\/\/lasentinelle.dz\/index.php\/wp-json\/wp\/v2\/tags?post=58295"}],"curies":[{"name":"wp","href":"https:\/\/api.w.org\/{rel}","templated":true}]}}