{"id":5831,"date":"2021-08-30T00:01:00","date_gmt":"2021-08-29T23:01:00","guid":{"rendered":"https:\/\/lasentinelle.dz\/?p=5831"},"modified":"2021-08-29T18:27:35","modified_gmt":"2021-08-29T17:27:35","slug":"realisation-de-logements-tarek-belarbi-ordonne-la-levee-des-contraintes-techniques","status":"publish","type":"post","link":"https:\/\/lasentinelle.dz\/index.php\/2021\/08\/30\/realisation-de-logements-tarek-belarbi-ordonne-la-levee-des-contraintes-techniques\/","title":{"rendered":"R\u00e9alisation de logements : Tarek Belarbi ordonne la lev\u00e9e des contraintes techniques"},"content":{"rendered":"\n<p>Dans le but d\u2019acc\u00e9l\u00e9rer la cadence de r\u00e9alisation des projets de logements dans la wilaya de Blida, le ministre de l\u2019Habitat, de l\u2019Urbanisme et de la Ville, Tarek Belarbi, a donn\u00e9 hier des instructions pour la lev\u00e9e des contraintes techniques entravant l\u2019avanc\u00e9e des travaux de ces projets.C\u2019est ce qu\u2019a indiqu\u00e9 le communiqu\u00e9 du minist\u00e8re de l\u2019Habitat, pr\u00e9cisant que ces instructions \u00ab ont \u00e9t\u00e9 donn\u00e9es lors de la r\u00e9union technique que le ministre a pr\u00e9sid\u00e9e samedi soir au si\u00e8ge de son d\u00e9partement apr\u00e8s une visite dans la wilaya de Blida, au cours de laquelle il a inspect\u00e9 les deux nouveaux p\u00f4les urbains, site de Safsaf et de Sidi Serhane, o\u00f9 il a relev\u00e9 certaines contraintes d\u2019ordre technique qui entravent l\u2019acc\u00e9l\u00e9ration de la cadence de r\u00e9alisation \u00bb.<\/p>\n\n\n\n<p>\u00ab Tous les aspects techniques du p\u00f4le urbain de Safaf ont \u00e9t\u00e9 abord\u00e9s lors de cette r\u00e9union \u00e0 laquelle ont \u00e9galement pris part le wali de Blida, Kamel Nouicer, les directeurs de l\u2019urbanisme, de l\u2019architecture et de la construction, de la gestion des services de l\u2019AADL et de l\u2019Office de la promotion et de la gestion immobili\u00e8re (OPGI) de cette wilaya et le PDG de la Soci\u00e9t\u00e9 alg\u00e9rienne de distribution de l\u2019\u00e9lectricit\u00e9 et du gaz (sSnelgaz) \u00bb, indique le communiqu\u00e9 qui pr\u00e9cise qu\u2019 \u00ab&nbsp; il a \u00e9t\u00e9 convenu dans ce cadre, d\u2019\u00e9tablir un \u00e9ch\u00e9ancier pour l\u2019ach\u00e8vement des travaux au niveau des cit\u00e9s AADL, de 3.750unit\u00e9s et&nbsp; des logements publics locatifs (4.440 LPL) \u00bb.<\/p>\n\n\n\n<p>Concernant les logements publics locatifs (LPL), \u00ab la r\u00e9union s\u2019est pench\u00e9e sur tous les travaux d\u2019am\u00e9nagement ext\u00e9rieur et de raccordement aux diff\u00e9rents r\u00e9seaux \u00bb, pr\u00e9cisant \u00ab quant&nbsp; aux logements AADL, dont les travaux sont de voirie et r\u00e9seaux divers (VRD), l\u2019am\u00e9nagement ext\u00e9rieur et le raccordement en \u00e9lectricit\u00e9 et au gaz, sont en cours de finalisation \u00bb.<\/p>\n\n\n\n<p>Le communiqu\u00e9 assure \u00e0 ce sujet qu\u2019 \u00ab une commission technique mixte a \u00e9t\u00e9 install\u00e9e entre le minist\u00e8re de l\u2019habitat et les services de la wilaya de Blida, avec pour mission d\u2019assurer le suivi p\u00e9riodique en vue de soumettre tous les probl\u00e8mes techniques \u00e0 l\u2019autorit\u00e9 centrale pour trouver des solutions dans les plus brefs d\u00e9lais \u00bb.<\/p>\n\n\n\n<p>A cette occasion le ministre de l\u2019Habitat \u00ab a insist\u00e9 sur la n\u00e9cessit\u00e9 de parachever ce projet dans les plus brefs d\u00e9lais, d\u2019autant que la Soci\u00e9t\u00e9 alg\u00e9rienne de distribution de l\u2019\u00e9lectricit\u00e9 et du gaz, (SADEG) s\u2019est engag\u00e9e \u00e0 acc\u00e9l\u00e9rer le rythme des travaux d\u2019am\u00e9nagement, ext\u00e9rieurs notamment \u00bb.Concernant le nouveau p\u00f4le urbain de Sidi Serhane, 7.000logements AADL, \u00ab les travaux de construction touchent \u00e0 leur fin, tandis que ceux du raccordement aux divers r\u00e9seaux ont atteint 90% \u00bb.S\u2019agissant du raccordement en eau potable (AEP), le directeur de l\u2019urbanisme de l\u2019architecture et de la construction de la wilaya de Blida, (DUAC) ce dernier a fait \u00e9tat de la r\u00e9alisation en cours de deux r\u00e9servoirs d\u2019une capacit\u00e9 de 5000m3 et de 2000m3 chacun et pour ce qui est des travaux du r\u00e9seau interne des canaux d\u2019eau potable, ils ont atteint pr\u00e8s de 75%.En mati\u00e8re de raccordement en \u00e9lectricit\u00e9 et de gaz, le ministre a ordonn\u00e9 l\u2019acc\u00e9l\u00e9ration de la cadence, conclut le communiqu\u00e9.<\/p>\n\n\n\n<p>Boubekeur Amrani<\/p>\n","protected":false},"excerpt":{"rendered":"<p>Dans le but d\u2019acc\u00e9l\u00e9rer la cadence de r\u00e9alisation des projets de logements dans la wilaya de Blida, le ministre de<\/p>\n","protected":false},"author":3,"featured_media":5834,"comment_status":"open","ping_status":"closed","sticky":false,"template":"","format":"standard","meta":{"colormag_page_container_layout":"default_layout","colormag_page_sidebar_layout":"default_layout","om_disable_all_campaigns":false,"_monsterinsights_skip_tracking":false,"_monsterinsights_sitenote_active":false,"_monsterinsights_sitenote_note":"","_monsterinsights_sitenote_category":0,"footnotes":"","_wpscppro_dont_share_socialmedia":false,"_wpscppro_custom_social_share_image":0,"_facebook_share_type":"","_twitter_share_type":"","_linkedin_share_type":"","_pinterest_share_type":"","_linkedin_share_type_page":"","_instagram_share_type":"","_medium_share_type":"","_threads_share_type":"","_google_business_share_type":"","_selected_social_profile":[],"_wpsp_enable_custom_social_template":false,"_wpsp_social_scheduling":{"enabled":false,"datetime":null,"platforms":[],"status":"template_only","dateOption":"today","timeOption":"now","customDays":"","customHours":"","customDate":"","customTime":"","schedulingType":"absolute"},"_wpsp_active_default_template":true},"categories":[27],"tags":[],"class_list":["post-5831","post","type-post","status-publish","format-standard","has-post-thumbnail","hentry","category-actualite"],"aioseo_notices":[],"yoast_head":"<!-- This site is optimized with the Yoast SEO plugin v27.5 - https:\/\/yoast.com\/product\/yoast-seo-wordpress\/ -->\n<title>R\u00e9alisation de logements : Tarek Belarbi ordonne la lev\u00e9e des contraintes techniques - La Sentinelle<\/title>\n<meta name=\"robots\" content=\"index, follow, max-snippet:-1, max-image-preview:large, max-video-preview:-1\" \/>\n<link rel=\"canonical\" href=\"https:\/\/lasentinelle.dz\/index.php\/2021\/08\/30\/realisation-de-logements-tarek-belarbi-ordonne-la-levee-des-contraintes-techniques\/\" \/>\n<meta property=\"og:locale\" content=\"fr_FR\" \/>\n<meta property=\"og:type\" content=\"article\" \/>\n<meta property=\"og:title\" content=\"R\u00e9alisation de logements : Tarek Belarbi ordonne la lev\u00e9e des contraintes techniques - La Sentinelle\" \/>\n<meta property=\"og:description\" content=\"Dans le but d\u2019acc\u00e9l\u00e9rer la cadence de r\u00e9alisation des projets de logements dans la wilaya de Blida, le ministre de\" \/>\n<meta property=\"og:url\" content=\"https:\/\/lasentinelle.dz\/index.php\/2021\/08\/30\/realisation-de-logements-tarek-belarbi-ordonne-la-levee-des-contraintes-techniques\/\" \/>\n<meta property=\"og:site_name\" content=\"La Sentinelle\" \/>\n<meta property=\"article:publisher\" content=\"https:\/\/www.facebook.com\/La-Sentinelle-104059864394773\" \/>\n<meta property=\"article:published_time\" content=\"2021-08-29T23:01:00+00:00\" \/>\n<meta property=\"og:image\" content=\"https:\/\/lasentinelle.dz\/wp-content\/uploads\/2021\/08\/image_2021-08-29_182653-e1630258049120.png\" \/>\n\t<meta property=\"og:image:width\" content=\"1512\" \/>\n\t<meta property=\"og:image:height\" content=\"1043\" \/>\n\t<meta property=\"og:image:type\" content=\"image\/png\" \/>\n<meta name=\"author\" content=\"La Sentinelle\" \/>\n<meta name=\"twitter:card\" content=\"summary_large_image\" \/>\n<meta name=\"twitter:label1\" content=\"\u00c9crit par\" \/>\n\t<meta name=\"twitter:data1\" content=\"La Sentinelle\" \/>\n\t<meta name=\"twitter:label2\" content=\"Dur\u00e9e de lecture estim\u00e9e\" \/>\n\t<meta name=\"twitter:data2\" content=\"3 minutes\" \/>\n<script type=\"application\/ld+json\" class=\"yoast-schema-graph\">{\"@context\":\"https:\\\/\\\/schema.org\",\"@graph\":[{\"@type\":\"Article\",\"@id\":\"https:\\\/\\\/lasentinelle.dz\\\/index.php\\\/2021\\\/08\\\/30\\\/realisation-de-logements-tarek-belarbi-ordonne-la-levee-des-contraintes-techniques\\\/#article\",\"isPartOf\":{\"@id\":\"https:\\\/\\\/lasentinelle.dz\\\/index.php\\\/2021\\\/08\\\/30\\\/realisation-de-logements-tarek-belarbi-ordonne-la-levee-des-contraintes-techniques\\\/\"},\"author\":{\"name\":\"La Sentinelle\",\"@id\":\"https:\\\/\\\/lasentinelle.dz\\\/#\\\/schema\\\/person\\\/d865044e22e70a75174ce8bcad3acfb3\"},\"headline\":\"R\u00e9alisation de logements : Tarek Belarbi ordonne la lev\u00e9e des contraintes techniques\",\"datePublished\":\"2021-08-29T23:01:00+00:00\",\"mainEntityOfPage\":{\"@id\":\"https:\\\/\\\/lasentinelle.dz\\\/index.php\\\/2021\\\/08\\\/30\\\/realisation-de-logements-tarek-belarbi-ordonne-la-levee-des-contraintes-techniques\\\/\"},\"wordCount\":602,\"commentCount\":0,\"publisher\":{\"@id\":\"https:\\\/\\\/lasentinelle.dz\\\/#organization\"},\"image\":{\"@id\":\"https:\\\/\\\/lasentinelle.dz\\\/index.php\\\/2021\\\/08\\\/30\\\/realisation-de-logements-tarek-belarbi-ordonne-la-levee-des-contraintes-techniques\\\/#primaryimage\"},\"thumbnailUrl\":\"https:\\\/\\\/lasentinelle.dz\\\/wp-content\\\/uploads\\\/2021\\\/08\\\/image_2021-08-29_182653-e1630258049120.png\",\"articleSection\":[\"Actualit\u00e9\"],\"inLanguage\":\"fr-FR\",\"potentialAction\":[{\"@type\":\"CommentAction\",\"name\":\"Comment\",\"target\":[\"https:\\\/\\\/lasentinelle.dz\\\/index.php\\\/2021\\\/08\\\/30\\\/realisation-de-logements-tarek-belarbi-ordonne-la-levee-des-contraintes-techniques\\\/#respond\"]}]},{\"@type\":\"WebPage\",\"@id\":\"https:\\\/\\\/lasentinelle.dz\\\/index.php\\\/2021\\\/08\\\/30\\\/realisation-de-logements-tarek-belarbi-ordonne-la-levee-des-contraintes-techniques\\\/\",\"url\":\"https:\\\/\\\/lasentinelle.dz\\\/index.php\\\/2021\\\/08\\\/30\\\/realisation-de-logements-tarek-belarbi-ordonne-la-levee-des-contraintes-techniques\\\/\",\"name\":\"R\u00e9alisation de logements : Tarek Belarbi ordonne la lev\u00e9e des contraintes techniques - La Sentinelle\",\"isPartOf\":{\"@id\":\"https:\\\/\\\/lasentinelle.dz\\\/#website\"},\"primaryImageOfPage\":{\"@id\":\"https:\\\/\\\/lasentinelle.dz\\\/index.php\\\/2021\\\/08\\\/30\\\/realisation-de-logements-tarek-belarbi-ordonne-la-levee-des-contraintes-techniques\\\/#primaryimage\"},\"image\":{\"@id\":\"https:\\\/\\\/lasentinelle.dz\\\/index.php\\\/2021\\\/08\\\/30\\\/realisation-de-logements-tarek-belarbi-ordonne-la-levee-des-contraintes-techniques\\\/#primaryimage\"},\"thumbnailUrl\":\"https:\\\/\\\/lasentinelle.dz\\\/wp-content\\\/uploads\\\/2021\\\/08\\\/image_2021-08-29_182653-e1630258049120.png\",\"datePublished\":\"2021-08-29T23:01:00+00:00\",\"breadcrumb\":{\"@id\":\"https:\\\/\\\/lasentinelle.dz\\\/index.php\\\/2021\\\/08\\\/30\\\/realisation-de-logements-tarek-belarbi-ordonne-la-levee-des-contraintes-techniques\\\/#breadcrumb\"},\"inLanguage\":\"fr-FR\",\"potentialAction\":[{\"@type\":\"ReadAction\",\"target\":[\"https:\\\/\\\/lasentinelle.dz\\\/index.php\\\/2021\\\/08\\\/30\\\/realisation-de-logements-tarek-belarbi-ordonne-la-levee-des-contraintes-techniques\\\/\"]}]},{\"@type\":\"ImageObject\",\"inLanguage\":\"fr-FR\",\"@id\":\"https:\\\/\\\/lasentinelle.dz\\\/index.php\\\/2021\\\/08\\\/30\\\/realisation-de-logements-tarek-belarbi-ordonne-la-levee-des-contraintes-techniques\\\/#primaryimage\",\"url\":\"https:\\\/\\\/lasentinelle.dz\\\/wp-content\\\/uploads\\\/2021\\\/08\\\/image_2021-08-29_182653-e1630258049120.png\",\"contentUrl\":\"https:\\\/\\\/lasentinelle.dz\\\/wp-content\\\/uploads\\\/2021\\\/08\\\/image_2021-08-29_182653-e1630258049120.png\",\"width\":1512,\"height\":1043},{\"@type\":\"BreadcrumbList\",\"@id\":\"https:\\\/\\\/lasentinelle.dz\\\/index.php\\\/2021\\\/08\\\/30\\\/realisation-de-logements-tarek-belarbi-ordonne-la-levee-des-contraintes-techniques\\\/#breadcrumb\",\"itemListElement\":[{\"@type\":\"ListItem\",\"position\":1,\"name\":\"Accueil\",\"item\":\"https:\\\/\\\/lasentinelle.dz\\\/\"},{\"@type\":\"ListItem\",\"position\":2,\"name\":\"R\u00e9alisation de logements : Tarek Belarbi ordonne la lev\u00e9e des contraintes techniques\"}]},{\"@type\":\"WebSite\",\"@id\":\"https:\\\/\\\/lasentinelle.dz\\\/#website\",\"url\":\"https:\\\/\\\/lasentinelle.dz\\\/\",\"name\":\"La Sentinelle\",\"description\":\"Quotidien national d&#039;information\",\"publisher\":{\"@id\":\"https:\\\/\\\/lasentinelle.dz\\\/#organization\"},\"potentialAction\":[{\"@type\":\"SearchAction\",\"target\":{\"@type\":\"EntryPoint\",\"urlTemplate\":\"https:\\\/\\\/lasentinelle.dz\\\/?s={search_term_string}\"},\"query-input\":{\"@type\":\"PropertyValueSpecification\",\"valueRequired\":true,\"valueName\":\"search_term_string\"}}],\"inLanguage\":\"fr-FR\"},{\"@type\":\"Organization\",\"@id\":\"https:\\\/\\\/lasentinelle.dz\\\/#organization\",\"name\":\"Quotidien La Sentinelle\",\"url\":\"https:\\\/\\\/lasentinelle.dz\\\/\",\"logo\":{\"@type\":\"ImageObject\",\"inLanguage\":\"fr-FR\",\"@id\":\"https:\\\/\\\/lasentinelle.dz\\\/#\\\/schema\\\/logo\\\/image\\\/\",\"url\":\"https:\\\/\\\/lasentinelle.dz\\\/wp-content\\\/uploads\\\/2021\\\/09\\\/logo-sentinelleSLOGAN-1.png\",\"contentUrl\":\"https:\\\/\\\/lasentinelle.dz\\\/wp-content\\\/uploads\\\/2021\\\/09\\\/logo-sentinelleSLOGAN-1.png\",\"width\":615,\"height\":142,\"caption\":\"Quotidien La Sentinelle\"},\"image\":{\"@id\":\"https:\\\/\\\/lasentinelle.dz\\\/#\\\/schema\\\/logo\\\/image\\\/\"},\"sameAs\":[\"https:\\\/\\\/www.facebook.com\\\/La-Sentinelle-104059864394773\"]},{\"@type\":\"Person\",\"@id\":\"https:\\\/\\\/lasentinelle.dz\\\/#\\\/schema\\\/person\\\/d865044e22e70a75174ce8bcad3acfb3\",\"name\":\"La Sentinelle\",\"image\":{\"@type\":\"ImageObject\",\"inLanguage\":\"fr-FR\",\"@id\":\"https:\\\/\\\/secure.gravatar.com\\\/avatar\\\/57de8e5d4b15d43fb361a71fbb36338450fe67865b528a43dd10ef7c51a20392?s=96&d=mm&r=g\",\"url\":\"https:\\\/\\\/secure.gravatar.com\\\/avatar\\\/57de8e5d4b15d43fb361a71fbb36338450fe67865b528a43dd10ef7c51a20392?s=96&d=mm&r=g\",\"contentUrl\":\"https:\\\/\\\/secure.gravatar.com\\\/avatar\\\/57de8e5d4b15d43fb361a71fbb36338450fe67865b528a43dd10ef7c51a20392?s=96&d=mm&r=g\",\"caption\":\"La Sentinelle\"},\"sameAs\":[\"http:\\\/\\\/www.lasentinelle.dz\"],\"url\":\"https:\\\/\\\/lasentinelle.dz\\\/author\\\/redaction\\\/\"}]}<\/script>\n<!-- \/ Yoast SEO plugin. -->","yoast_head_json":{"title":"R\u00e9alisation de logements : Tarek Belarbi ordonne la lev\u00e9e des contraintes techniques - La Sentinelle","robots":{"index":"index","follow":"follow","max-snippet":"max-snippet:-1","max-image-preview":"max-image-preview:large","max-video-preview":"max-video-preview:-1"},"canonical":"https:\/\/lasentinelle.dz\/index.php\/2021\/08\/30\/realisation-de-logements-tarek-belarbi-ordonne-la-levee-des-contraintes-techniques\/","og_locale":"fr_FR","og_type":"article","og_title":"R\u00e9alisation de logements : Tarek Belarbi ordonne la lev\u00e9e des contraintes techniques - La Sentinelle","og_description":"Dans le but d\u2019acc\u00e9l\u00e9rer la cadence de r\u00e9alisation des projets de logements dans la wilaya de Blida, le ministre de","og_url":"https:\/\/lasentinelle.dz\/index.php\/2021\/08\/30\/realisation-de-logements-tarek-belarbi-ordonne-la-levee-des-contraintes-techniques\/","og_site_name":"La Sentinelle","article_publisher":"https:\/\/www.facebook.com\/La-Sentinelle-104059864394773","article_published_time":"2021-08-29T23:01:00+00:00","og_image":[{"width":1512,"height":1043,"url":"https:\/\/lasentinelle.dz\/wp-content\/uploads\/2021\/08\/image_2021-08-29_182653-e1630258049120.png","type":"image\/png"}],"author":"La Sentinelle","twitter_card":"summary_large_image","twitter_misc":{"\u00c9crit par":"La Sentinelle","Dur\u00e9e de lecture estim\u00e9e":"3 minutes"},"schema":{"@context":"https:\/\/schema.org","@graph":[{"@type":"Article","@id":"https:\/\/lasentinelle.dz\/index.php\/2021\/08\/30\/realisation-de-logements-tarek-belarbi-ordonne-la-levee-des-contraintes-techniques\/#article","isPartOf":{"@id":"https:\/\/lasentinelle.dz\/index.php\/2021\/08\/30\/realisation-de-logements-tarek-belarbi-ordonne-la-levee-des-contraintes-techniques\/"},"author":{"name":"La Sentinelle","@id":"https:\/\/lasentinelle.dz\/#\/schema\/person\/d865044e22e70a75174ce8bcad3acfb3"},"headline":"R\u00e9alisation de logements : Tarek Belarbi ordonne la lev\u00e9e des contraintes techniques","datePublished":"2021-08-29T23:01:00+00:00","mainEntityOfPage":{"@id":"https:\/\/lasentinelle.dz\/index.php\/2021\/08\/30\/realisation-de-logements-tarek-belarbi-ordonne-la-levee-des-contraintes-techniques\/"},"wordCount":602,"commentCount":0,"publisher":{"@id":"https:\/\/lasentinelle.dz\/#organization"},"image":{"@id":"https:\/\/lasentinelle.dz\/index.php\/2021\/08\/30\/realisation-de-logements-tarek-belarbi-ordonne-la-levee-des-contraintes-techniques\/#primaryimage"},"thumbnailUrl":"https:\/\/lasentinelle.dz\/wp-content\/uploads\/2021\/08\/image_2021-08-29_182653-e1630258049120.png","articleSection":["Actualit\u00e9"],"inLanguage":"fr-FR","potentialAction":[{"@type":"CommentAction","name":"Comment","target":["https:\/\/lasentinelle.dz\/index.php\/2021\/08\/30\/realisation-de-logements-tarek-belarbi-ordonne-la-levee-des-contraintes-techniques\/#respond"]}]},{"@type":"WebPage","@id":"https:\/\/lasentinelle.dz\/index.php\/2021\/08\/30\/realisation-de-logements-tarek-belarbi-ordonne-la-levee-des-contraintes-techniques\/","url":"https:\/\/lasentinelle.dz\/index.php\/2021\/08\/30\/realisation-de-logements-tarek-belarbi-ordonne-la-levee-des-contraintes-techniques\/","name":"R\u00e9alisation de logements : Tarek Belarbi ordonne la lev\u00e9e des contraintes techniques - La Sentinelle","isPartOf":{"@id":"https:\/\/lasentinelle.dz\/#website"},"primaryImageOfPage":{"@id":"https:\/\/lasentinelle.dz\/index.php\/2021\/08\/30\/realisation-de-logements-tarek-belarbi-ordonne-la-levee-des-contraintes-techniques\/#primaryimage"},"image":{"@id":"https:\/\/lasentinelle.dz\/index.php\/2021\/08\/30\/realisation-de-logements-tarek-belarbi-ordonne-la-levee-des-contraintes-techniques\/#primaryimage"},"thumbnailUrl":"https:\/\/lasentinelle.dz\/wp-content\/uploads\/2021\/08\/image_2021-08-29_182653-e1630258049120.png","datePublished":"2021-08-29T23:01:00+00:00","breadcrumb":{"@id":"https:\/\/lasentinelle.dz\/index.php\/2021\/08\/30\/realisation-de-logements-tarek-belarbi-ordonne-la-levee-des-contraintes-techniques\/#breadcrumb"},"inLanguage":"fr-FR","potentialAction":[{"@type":"ReadAction","target":["https:\/\/lasentinelle.dz\/index.php\/2021\/08\/30\/realisation-de-logements-tarek-belarbi-ordonne-la-levee-des-contraintes-techniques\/"]}]},{"@type":"ImageObject","inLanguage":"fr-FR","@id":"https:\/\/lasentinelle.dz\/index.php\/2021\/08\/30\/realisation-de-logements-tarek-belarbi-ordonne-la-levee-des-contraintes-techniques\/#primaryimage","url":"https:\/\/lasentinelle.dz\/wp-content\/uploads\/2021\/08\/image_2021-08-29_182653-e1630258049120.png","contentUrl":"https:\/\/lasentinelle.dz\/wp-content\/uploads\/2021\/08\/image_2021-08-29_182653-e1630258049120.png","width":1512,"height":1043},{"@type":"BreadcrumbList","@id":"https:\/\/lasentinelle.dz\/index.php\/2021\/08\/30\/realisation-de-logements-tarek-belarbi-ordonne-la-levee-des-contraintes-techniques\/#breadcrumb","itemListElement":[{"@type":"ListItem","position":1,"name":"Accueil","item":"https:\/\/lasentinelle.dz\/"},{"@type":"ListItem","position":2,"name":"R\u00e9alisation de logements : Tarek Belarbi ordonne la lev\u00e9e des contraintes techniques"}]},{"@type":"WebSite","@id":"https:\/\/lasentinelle.dz\/#website","url":"https:\/\/lasentinelle.dz\/","name":"La Sentinelle","description":"Quotidien national d&#039;information","publisher":{"@id":"https:\/\/lasentinelle.dz\/#organization"},"potentialAction":[{"@type":"SearchAction","target":{"@type":"EntryPoint","urlTemplate":"https:\/\/lasentinelle.dz\/?s={search_term_string}"},"query-input":{"@type":"PropertyValueSpecification","valueRequired":true,"valueName":"search_term_string"}}],"inLanguage":"fr-FR"},{"@type":"Organization","@id":"https:\/\/lasentinelle.dz\/#organization","name":"Quotidien La Sentinelle","url":"https:\/\/lasentinelle.dz\/","logo":{"@type":"ImageObject","inLanguage":"fr-FR","@id":"https:\/\/lasentinelle.dz\/#\/schema\/logo\/image\/","url":"https:\/\/lasentinelle.dz\/wp-content\/uploads\/2021\/09\/logo-sentinelleSLOGAN-1.png","contentUrl":"https:\/\/lasentinelle.dz\/wp-content\/uploads\/2021\/09\/logo-sentinelleSLOGAN-1.png","width":615,"height":142,"caption":"Quotidien La Sentinelle"},"image":{"@id":"https:\/\/lasentinelle.dz\/#\/schema\/logo\/image\/"},"sameAs":["https:\/\/www.facebook.com\/La-Sentinelle-104059864394773"]},{"@type":"Person","@id":"https:\/\/lasentinelle.dz\/#\/schema\/person\/d865044e22e70a75174ce8bcad3acfb3","name":"La Sentinelle","image":{"@type":"ImageObject","inLanguage":"fr-FR","@id":"https:\/\/secure.gravatar.com\/avatar\/57de8e5d4b15d43fb361a71fbb36338450fe67865b528a43dd10ef7c51a20392?s=96&d=mm&r=g","url":"https:\/\/secure.gravatar.com\/avatar\/57de8e5d4b15d43fb361a71fbb36338450fe67865b528a43dd10ef7c51a20392?s=96&d=mm&r=g","contentUrl":"https:\/\/secure.gravatar.com\/avatar\/57de8e5d4b15d43fb361a71fbb36338450fe67865b528a43dd10ef7c51a20392?s=96&d=mm&r=g","caption":"La Sentinelle"},"sameAs":["http:\/\/www.lasentinelle.dz"],"url":"https:\/\/lasentinelle.dz\/author\/redaction\/"}]}},"_links":{"self":[{"href":"https:\/\/lasentinelle.dz\/index.php\/wp-json\/wp\/v2\/posts\/5831","targetHints":{"allow":["GET"]}}],"collection":[{"href":"https:\/\/lasentinelle.dz\/index.php\/wp-json\/wp\/v2\/posts"}],"about":[{"href":"https:\/\/lasentinelle.dz\/index.php\/wp-json\/wp\/v2\/types\/post"}],"author":[{"embeddable":true,"href":"https:\/\/lasentinelle.dz\/index.php\/wp-json\/wp\/v2\/users\/3"}],"replies":[{"embeddable":true,"href":"https:\/\/lasentinelle.dz\/index.php\/wp-json\/wp\/v2\/comments?post=5831"}],"version-history":[{"count":1,"href":"https:\/\/lasentinelle.dz\/index.php\/wp-json\/wp\/v2\/posts\/5831\/revisions"}],"predecessor-version":[{"id":5835,"href":"https:\/\/lasentinelle.dz\/index.php\/wp-json\/wp\/v2\/posts\/5831\/revisions\/5835"}],"wp:featuredmedia":[{"embeddable":true,"href":"https:\/\/lasentinelle.dz\/index.php\/wp-json\/wp\/v2\/media\/5834"}],"wp:attachment":[{"href":"https:\/\/lasentinelle.dz\/index.php\/wp-json\/wp\/v2\/media?parent=5831"}],"wp:term":[{"taxonomy":"category","embeddable":true,"href":"https:\/\/lasentinelle.dz\/index.php\/wp-json\/wp\/v2\/categories?post=5831"},{"taxonomy":"post_tag","embeddable":true,"href":"https:\/\/lasentinelle.dz\/index.php\/wp-json\/wp\/v2\/tags?post=5831"}],"curies":[{"name":"wp","href":"https:\/\/api.w.org\/{rel}","templated":true}]}}