{"id":5832,"date":"2021-08-29T18:28:17","date_gmt":"2021-08-29T17:28:17","guid":{"rendered":"https:\/\/lasentinelle.dz\/?p=5832"},"modified":"2021-08-29T18:28:17","modified_gmt":"2021-08-29T17:28:17","slug":"coronavirus-491-nouveaux-cas-376-guerisons-et-30-deces","status":"publish","type":"post","link":"https:\/\/lasentinelle.dz\/index.php\/2021\/08\/29\/coronavirus-491-nouveaux-cas-376-guerisons-et-30-deces\/","title":{"rendered":"Coronavirus: 491 nouveaux cas, 376 gu\u00e9risons et 30 d\u00e9c\u00e8s"},"content":{"rendered":"\n<p>Quatre cent quatre-vingt-onze nouveaux cas confirm\u00e9s de coronavirus (Covid-19), 376 gu\u00e9risons et 30 d\u00e9c\u00e8s ont \u00e9t\u00e9 enregistr\u00e9s ces derni\u00e8res 24 heures en Alg\u00e9rie, a indiqu\u00e9 hier le minist\u00e8re de la Sant\u00e9 dans un communiqu\u00e9.Le total des cas confirm\u00e9s s&rsquo;\u00e9l\u00e8ve ainsi \u00e0 195.162 dont 491 nouveaux cas durant les derni\u00e8res 24 heures, celui des d\u00e9c\u00e8s \u00e0 5209 cas, alors que le nombre de patients gu\u00e9ris est pass\u00e9 \u00e0 132.667 cas.Par ailleurs, 39 patients sont actuellement en soins intensifs, ajoute la m\u00eame source.En outre, 10 wilayas n&rsquo;ont recens\u00e9 aucun cas durant les derni\u00e8res 24 heures, 21 autres ont enregistr\u00e9 de 1 \u00e0 9 cas, tandis que 17 wilayas ont enregistr\u00e9 10 cas et plus.Le minist\u00e8re rappelle, par la m\u00eame occasion, que la situation \u00e9pid\u00e9miologique actuelle exige de tout citoyen vigilance et respect des r\u00e8gles d&rsquo;hygi\u00e8ne et de distanciation physique, tout en insistant sur le respect du confinement et du port du masque.<\/p>\n\n\n\n<p>APS<\/p>\n","protected":false},"excerpt":{"rendered":"<p>Quatre cent quatre-vingt-onze nouveaux cas confirm\u00e9s de coronavirus (Covid-19), 376 gu\u00e9risons et 30 d\u00e9c\u00e8s ont \u00e9t\u00e9 enregistr\u00e9s ces derni\u00e8res 24<\/p>\n","protected":false},"author":3,"featured_media":557,"comment_status":"open","ping_status":"closed","sticky":false,"template":"","format":"standard","meta":{"colormag_page_container_layout":"default_layout","colormag_page_sidebar_layout":"default_layout","om_disable_all_campaigns":false,"_monsterinsights_skip_tracking":false,"_monsterinsights_sitenote_active":false,"_monsterinsights_sitenote_note":"","_monsterinsights_sitenote_category":0,"footnotes":"","_wpscppro_dont_share_socialmedia":false,"_wpscppro_custom_social_share_image":0,"_facebook_share_type":"","_twitter_share_type":"","_linkedin_share_type":"","_pinterest_share_type":"","_linkedin_share_type_page":"","_instagram_share_type":"","_medium_share_type":"","_threads_share_type":"","_google_business_share_type":"","_selected_social_profile":[],"_wpsp_enable_custom_social_template":false,"_wpsp_social_scheduling":{"enabled":false,"datetime":null,"platforms":[],"status":"template_only","dateOption":"today","timeOption":"now","customDays":"","customHours":"","customDate":"","customTime":"","schedulingType":"absolute"},"_wpsp_active_default_template":true},"categories":[27],"tags":[],"class_list":["post-5832","post","type-post","status-publish","format-standard","has-post-thumbnail","hentry","category-actualite"],"aioseo_notices":[],"yoast_head":"<!-- This site is optimized with the Yoast SEO plugin v27.5 - https:\/\/yoast.com\/product\/yoast-seo-wordpress\/ -->\n<title>Coronavirus: 491 nouveaux cas, 376 gu\u00e9risons et 30 d\u00e9c\u00e8s - La Sentinelle<\/title>\n<meta name=\"robots\" content=\"index, follow, max-snippet:-1, max-image-preview:large, max-video-preview:-1\" \/>\n<link rel=\"canonical\" href=\"https:\/\/lasentinelle.dz\/index.php\/2021\/08\/29\/coronavirus-491-nouveaux-cas-376-guerisons-et-30-deces\/\" \/>\n<meta property=\"og:locale\" content=\"fr_FR\" \/>\n<meta property=\"og:type\" content=\"article\" \/>\n<meta property=\"og:title\" content=\"Coronavirus: 491 nouveaux cas, 376 gu\u00e9risons et 30 d\u00e9c\u00e8s - La Sentinelle\" \/>\n<meta property=\"og:description\" content=\"Quatre cent quatre-vingt-onze nouveaux cas confirm\u00e9s de coronavirus (Covid-19), 376 gu\u00e9risons et 30 d\u00e9c\u00e8s ont \u00e9t\u00e9 enregistr\u00e9s ces derni\u00e8res 24\" \/>\n<meta property=\"og:url\" content=\"https:\/\/lasentinelle.dz\/index.php\/2021\/08\/29\/coronavirus-491-nouveaux-cas-376-guerisons-et-30-deces\/\" \/>\n<meta property=\"og:site_name\" content=\"La Sentinelle\" \/>\n<meta property=\"article:publisher\" content=\"https:\/\/www.facebook.com\/La-Sentinelle-104059864394773\" \/>\n<meta property=\"article:published_time\" content=\"2021-08-29T17:28:17+00:00\" \/>\n<meta property=\"og:image\" content=\"https:\/\/lasentinelle.dz\/wp-content\/uploads\/2021\/01\/covid.jpg\" \/>\n\t<meta property=\"og:image:width\" content=\"615\" \/>\n\t<meta property=\"og:image:height\" content=\"330\" \/>\n\t<meta property=\"og:image:type\" content=\"image\/jpeg\" \/>\n<meta name=\"author\" content=\"La Sentinelle\" \/>\n<meta name=\"twitter:card\" content=\"summary_large_image\" \/>\n<meta name=\"twitter:label1\" content=\"\u00c9crit par\" \/>\n\t<meta name=\"twitter:data1\" content=\"La Sentinelle\" \/>\n\t<meta name=\"twitter:label2\" content=\"Dur\u00e9e de lecture estim\u00e9e\" \/>\n\t<meta name=\"twitter:data2\" content=\"1 minute\" \/>\n<script type=\"application\/ld+json\" class=\"yoast-schema-graph\">{\"@context\":\"https:\\\/\\\/schema.org\",\"@graph\":[{\"@type\":\"Article\",\"@id\":\"https:\\\/\\\/lasentinelle.dz\\\/index.php\\\/2021\\\/08\\\/29\\\/coronavirus-491-nouveaux-cas-376-guerisons-et-30-deces\\\/#article\",\"isPartOf\":{\"@id\":\"https:\\\/\\\/lasentinelle.dz\\\/index.php\\\/2021\\\/08\\\/29\\\/coronavirus-491-nouveaux-cas-376-guerisons-et-30-deces\\\/\"},\"author\":{\"name\":\"La Sentinelle\",\"@id\":\"https:\\\/\\\/lasentinelle.dz\\\/#\\\/schema\\\/person\\\/d865044e22e70a75174ce8bcad3acfb3\"},\"headline\":\"Coronavirus: 491 nouveaux cas, 376 gu\u00e9risons et 30 d\u00e9c\u00e8s\",\"datePublished\":\"2021-08-29T17:28:17+00:00\",\"mainEntityOfPage\":{\"@id\":\"https:\\\/\\\/lasentinelle.dz\\\/index.php\\\/2021\\\/08\\\/29\\\/coronavirus-491-nouveaux-cas-376-guerisons-et-30-deces\\\/\"},\"wordCount\":168,\"commentCount\":0,\"publisher\":{\"@id\":\"https:\\\/\\\/lasentinelle.dz\\\/#organization\"},\"image\":{\"@id\":\"https:\\\/\\\/lasentinelle.dz\\\/index.php\\\/2021\\\/08\\\/29\\\/coronavirus-491-nouveaux-cas-376-guerisons-et-30-deces\\\/#primaryimage\"},\"thumbnailUrl\":\"https:\\\/\\\/lasentinelle.dz\\\/wp-content\\\/uploads\\\/2021\\\/01\\\/covid.jpg\",\"articleSection\":[\"Actualit\u00e9\"],\"inLanguage\":\"fr-FR\",\"potentialAction\":[{\"@type\":\"CommentAction\",\"name\":\"Comment\",\"target\":[\"https:\\\/\\\/lasentinelle.dz\\\/index.php\\\/2021\\\/08\\\/29\\\/coronavirus-491-nouveaux-cas-376-guerisons-et-30-deces\\\/#respond\"]}]},{\"@type\":\"WebPage\",\"@id\":\"https:\\\/\\\/lasentinelle.dz\\\/index.php\\\/2021\\\/08\\\/29\\\/coronavirus-491-nouveaux-cas-376-guerisons-et-30-deces\\\/\",\"url\":\"https:\\\/\\\/lasentinelle.dz\\\/index.php\\\/2021\\\/08\\\/29\\\/coronavirus-491-nouveaux-cas-376-guerisons-et-30-deces\\\/\",\"name\":\"Coronavirus: 491 nouveaux cas, 376 gu\u00e9risons et 30 d\u00e9c\u00e8s - La Sentinelle\",\"isPartOf\":{\"@id\":\"https:\\\/\\\/lasentinelle.dz\\\/#website\"},\"primaryImageOfPage\":{\"@id\":\"https:\\\/\\\/lasentinelle.dz\\\/index.php\\\/2021\\\/08\\\/29\\\/coronavirus-491-nouveaux-cas-376-guerisons-et-30-deces\\\/#primaryimage\"},\"image\":{\"@id\":\"https:\\\/\\\/lasentinelle.dz\\\/index.php\\\/2021\\\/08\\\/29\\\/coronavirus-491-nouveaux-cas-376-guerisons-et-30-deces\\\/#primaryimage\"},\"thumbnailUrl\":\"https:\\\/\\\/lasentinelle.dz\\\/wp-content\\\/uploads\\\/2021\\\/01\\\/covid.jpg\",\"datePublished\":\"2021-08-29T17:28:17+00:00\",\"breadcrumb\":{\"@id\":\"https:\\\/\\\/lasentinelle.dz\\\/index.php\\\/2021\\\/08\\\/29\\\/coronavirus-491-nouveaux-cas-376-guerisons-et-30-deces\\\/#breadcrumb\"},\"inLanguage\":\"fr-FR\",\"potentialAction\":[{\"@type\":\"ReadAction\",\"target\":[\"https:\\\/\\\/lasentinelle.dz\\\/index.php\\\/2021\\\/08\\\/29\\\/coronavirus-491-nouveaux-cas-376-guerisons-et-30-deces\\\/\"]}]},{\"@type\":\"ImageObject\",\"inLanguage\":\"fr-FR\",\"@id\":\"https:\\\/\\\/lasentinelle.dz\\\/index.php\\\/2021\\\/08\\\/29\\\/coronavirus-491-nouveaux-cas-376-guerisons-et-30-deces\\\/#primaryimage\",\"url\":\"https:\\\/\\\/lasentinelle.dz\\\/wp-content\\\/uploads\\\/2021\\\/01\\\/covid.jpg\",\"contentUrl\":\"https:\\\/\\\/lasentinelle.dz\\\/wp-content\\\/uploads\\\/2021\\\/01\\\/covid.jpg\",\"width\":615,\"height\":330},{\"@type\":\"BreadcrumbList\",\"@id\":\"https:\\\/\\\/lasentinelle.dz\\\/index.php\\\/2021\\\/08\\\/29\\\/coronavirus-491-nouveaux-cas-376-guerisons-et-30-deces\\\/#breadcrumb\",\"itemListElement\":[{\"@type\":\"ListItem\",\"position\":1,\"name\":\"Accueil\",\"item\":\"https:\\\/\\\/lasentinelle.dz\\\/\"},{\"@type\":\"ListItem\",\"position\":2,\"name\":\"Coronavirus: 491 nouveaux cas, 376 gu\u00e9risons et 30 d\u00e9c\u00e8s\"}]},{\"@type\":\"WebSite\",\"@id\":\"https:\\\/\\\/lasentinelle.dz\\\/#website\",\"url\":\"https:\\\/\\\/lasentinelle.dz\\\/\",\"name\":\"La Sentinelle\",\"description\":\"Quotidien national d&#039;information\",\"publisher\":{\"@id\":\"https:\\\/\\\/lasentinelle.dz\\\/#organization\"},\"potentialAction\":[{\"@type\":\"SearchAction\",\"target\":{\"@type\":\"EntryPoint\",\"urlTemplate\":\"https:\\\/\\\/lasentinelle.dz\\\/?s={search_term_string}\"},\"query-input\":{\"@type\":\"PropertyValueSpecification\",\"valueRequired\":true,\"valueName\":\"search_term_string\"}}],\"inLanguage\":\"fr-FR\"},{\"@type\":\"Organization\",\"@id\":\"https:\\\/\\\/lasentinelle.dz\\\/#organization\",\"name\":\"Quotidien La Sentinelle\",\"url\":\"https:\\\/\\\/lasentinelle.dz\\\/\",\"logo\":{\"@type\":\"ImageObject\",\"inLanguage\":\"fr-FR\",\"@id\":\"https:\\\/\\\/lasentinelle.dz\\\/#\\\/schema\\\/logo\\\/image\\\/\",\"url\":\"https:\\\/\\\/lasentinelle.dz\\\/wp-content\\\/uploads\\\/2021\\\/09\\\/logo-sentinelleSLOGAN-1.png\",\"contentUrl\":\"https:\\\/\\\/lasentinelle.dz\\\/wp-content\\\/uploads\\\/2021\\\/09\\\/logo-sentinelleSLOGAN-1.png\",\"width\":615,\"height\":142,\"caption\":\"Quotidien La Sentinelle\"},\"image\":{\"@id\":\"https:\\\/\\\/lasentinelle.dz\\\/#\\\/schema\\\/logo\\\/image\\\/\"},\"sameAs\":[\"https:\\\/\\\/www.facebook.com\\\/La-Sentinelle-104059864394773\"]},{\"@type\":\"Person\",\"@id\":\"https:\\\/\\\/lasentinelle.dz\\\/#\\\/schema\\\/person\\\/d865044e22e70a75174ce8bcad3acfb3\",\"name\":\"La Sentinelle\",\"image\":{\"@type\":\"ImageObject\",\"inLanguage\":\"fr-FR\",\"@id\":\"https:\\\/\\\/secure.gravatar.com\\\/avatar\\\/57de8e5d4b15d43fb361a71fbb36338450fe67865b528a43dd10ef7c51a20392?s=96&d=mm&r=g\",\"url\":\"https:\\\/\\\/secure.gravatar.com\\\/avatar\\\/57de8e5d4b15d43fb361a71fbb36338450fe67865b528a43dd10ef7c51a20392?s=96&d=mm&r=g\",\"contentUrl\":\"https:\\\/\\\/secure.gravatar.com\\\/avatar\\\/57de8e5d4b15d43fb361a71fbb36338450fe67865b528a43dd10ef7c51a20392?s=96&d=mm&r=g\",\"caption\":\"La Sentinelle\"},\"sameAs\":[\"http:\\\/\\\/www.lasentinelle.dz\"],\"url\":\"https:\\\/\\\/lasentinelle.dz\\\/author\\\/redaction\\\/\"}]}<\/script>\n<!-- \/ Yoast SEO plugin. -->","yoast_head_json":{"title":"Coronavirus: 491 nouveaux cas, 376 gu\u00e9risons et 30 d\u00e9c\u00e8s - La Sentinelle","robots":{"index":"index","follow":"follow","max-snippet":"max-snippet:-1","max-image-preview":"max-image-preview:large","max-video-preview":"max-video-preview:-1"},"canonical":"https:\/\/lasentinelle.dz\/index.php\/2021\/08\/29\/coronavirus-491-nouveaux-cas-376-guerisons-et-30-deces\/","og_locale":"fr_FR","og_type":"article","og_title":"Coronavirus: 491 nouveaux cas, 376 gu\u00e9risons et 30 d\u00e9c\u00e8s - La Sentinelle","og_description":"Quatre cent quatre-vingt-onze nouveaux cas confirm\u00e9s de coronavirus (Covid-19), 376 gu\u00e9risons et 30 d\u00e9c\u00e8s ont \u00e9t\u00e9 enregistr\u00e9s ces derni\u00e8res 24","og_url":"https:\/\/lasentinelle.dz\/index.php\/2021\/08\/29\/coronavirus-491-nouveaux-cas-376-guerisons-et-30-deces\/","og_site_name":"La Sentinelle","article_publisher":"https:\/\/www.facebook.com\/La-Sentinelle-104059864394773","article_published_time":"2021-08-29T17:28:17+00:00","og_image":[{"width":615,"height":330,"url":"https:\/\/lasentinelle.dz\/wp-content\/uploads\/2021\/01\/covid.jpg","type":"image\/jpeg"}],"author":"La Sentinelle","twitter_card":"summary_large_image","twitter_misc":{"\u00c9crit par":"La Sentinelle","Dur\u00e9e de lecture estim\u00e9e":"1 minute"},"schema":{"@context":"https:\/\/schema.org","@graph":[{"@type":"Article","@id":"https:\/\/lasentinelle.dz\/index.php\/2021\/08\/29\/coronavirus-491-nouveaux-cas-376-guerisons-et-30-deces\/#article","isPartOf":{"@id":"https:\/\/lasentinelle.dz\/index.php\/2021\/08\/29\/coronavirus-491-nouveaux-cas-376-guerisons-et-30-deces\/"},"author":{"name":"La Sentinelle","@id":"https:\/\/lasentinelle.dz\/#\/schema\/person\/d865044e22e70a75174ce8bcad3acfb3"},"headline":"Coronavirus: 491 nouveaux cas, 376 gu\u00e9risons et 30 d\u00e9c\u00e8s","datePublished":"2021-08-29T17:28:17+00:00","mainEntityOfPage":{"@id":"https:\/\/lasentinelle.dz\/index.php\/2021\/08\/29\/coronavirus-491-nouveaux-cas-376-guerisons-et-30-deces\/"},"wordCount":168,"commentCount":0,"publisher":{"@id":"https:\/\/lasentinelle.dz\/#organization"},"image":{"@id":"https:\/\/lasentinelle.dz\/index.php\/2021\/08\/29\/coronavirus-491-nouveaux-cas-376-guerisons-et-30-deces\/#primaryimage"},"thumbnailUrl":"https:\/\/lasentinelle.dz\/wp-content\/uploads\/2021\/01\/covid.jpg","articleSection":["Actualit\u00e9"],"inLanguage":"fr-FR","potentialAction":[{"@type":"CommentAction","name":"Comment","target":["https:\/\/lasentinelle.dz\/index.php\/2021\/08\/29\/coronavirus-491-nouveaux-cas-376-guerisons-et-30-deces\/#respond"]}]},{"@type":"WebPage","@id":"https:\/\/lasentinelle.dz\/index.php\/2021\/08\/29\/coronavirus-491-nouveaux-cas-376-guerisons-et-30-deces\/","url":"https:\/\/lasentinelle.dz\/index.php\/2021\/08\/29\/coronavirus-491-nouveaux-cas-376-guerisons-et-30-deces\/","name":"Coronavirus: 491 nouveaux cas, 376 gu\u00e9risons et 30 d\u00e9c\u00e8s - La Sentinelle","isPartOf":{"@id":"https:\/\/lasentinelle.dz\/#website"},"primaryImageOfPage":{"@id":"https:\/\/lasentinelle.dz\/index.php\/2021\/08\/29\/coronavirus-491-nouveaux-cas-376-guerisons-et-30-deces\/#primaryimage"},"image":{"@id":"https:\/\/lasentinelle.dz\/index.php\/2021\/08\/29\/coronavirus-491-nouveaux-cas-376-guerisons-et-30-deces\/#primaryimage"},"thumbnailUrl":"https:\/\/lasentinelle.dz\/wp-content\/uploads\/2021\/01\/covid.jpg","datePublished":"2021-08-29T17:28:17+00:00","breadcrumb":{"@id":"https:\/\/lasentinelle.dz\/index.php\/2021\/08\/29\/coronavirus-491-nouveaux-cas-376-guerisons-et-30-deces\/#breadcrumb"},"inLanguage":"fr-FR","potentialAction":[{"@type":"ReadAction","target":["https:\/\/lasentinelle.dz\/index.php\/2021\/08\/29\/coronavirus-491-nouveaux-cas-376-guerisons-et-30-deces\/"]}]},{"@type":"ImageObject","inLanguage":"fr-FR","@id":"https:\/\/lasentinelle.dz\/index.php\/2021\/08\/29\/coronavirus-491-nouveaux-cas-376-guerisons-et-30-deces\/#primaryimage","url":"https:\/\/lasentinelle.dz\/wp-content\/uploads\/2021\/01\/covid.jpg","contentUrl":"https:\/\/lasentinelle.dz\/wp-content\/uploads\/2021\/01\/covid.jpg","width":615,"height":330},{"@type":"BreadcrumbList","@id":"https:\/\/lasentinelle.dz\/index.php\/2021\/08\/29\/coronavirus-491-nouveaux-cas-376-guerisons-et-30-deces\/#breadcrumb","itemListElement":[{"@type":"ListItem","position":1,"name":"Accueil","item":"https:\/\/lasentinelle.dz\/"},{"@type":"ListItem","position":2,"name":"Coronavirus: 491 nouveaux cas, 376 gu\u00e9risons et 30 d\u00e9c\u00e8s"}]},{"@type":"WebSite","@id":"https:\/\/lasentinelle.dz\/#website","url":"https:\/\/lasentinelle.dz\/","name":"La Sentinelle","description":"Quotidien national d&#039;information","publisher":{"@id":"https:\/\/lasentinelle.dz\/#organization"},"potentialAction":[{"@type":"SearchAction","target":{"@type":"EntryPoint","urlTemplate":"https:\/\/lasentinelle.dz\/?s={search_term_string}"},"query-input":{"@type":"PropertyValueSpecification","valueRequired":true,"valueName":"search_term_string"}}],"inLanguage":"fr-FR"},{"@type":"Organization","@id":"https:\/\/lasentinelle.dz\/#organization","name":"Quotidien La Sentinelle","url":"https:\/\/lasentinelle.dz\/","logo":{"@type":"ImageObject","inLanguage":"fr-FR","@id":"https:\/\/lasentinelle.dz\/#\/schema\/logo\/image\/","url":"https:\/\/lasentinelle.dz\/wp-content\/uploads\/2021\/09\/logo-sentinelleSLOGAN-1.png","contentUrl":"https:\/\/lasentinelle.dz\/wp-content\/uploads\/2021\/09\/logo-sentinelleSLOGAN-1.png","width":615,"height":142,"caption":"Quotidien La Sentinelle"},"image":{"@id":"https:\/\/lasentinelle.dz\/#\/schema\/logo\/image\/"},"sameAs":["https:\/\/www.facebook.com\/La-Sentinelle-104059864394773"]},{"@type":"Person","@id":"https:\/\/lasentinelle.dz\/#\/schema\/person\/d865044e22e70a75174ce8bcad3acfb3","name":"La Sentinelle","image":{"@type":"ImageObject","inLanguage":"fr-FR","@id":"https:\/\/secure.gravatar.com\/avatar\/57de8e5d4b15d43fb361a71fbb36338450fe67865b528a43dd10ef7c51a20392?s=96&d=mm&r=g","url":"https:\/\/secure.gravatar.com\/avatar\/57de8e5d4b15d43fb361a71fbb36338450fe67865b528a43dd10ef7c51a20392?s=96&d=mm&r=g","contentUrl":"https:\/\/secure.gravatar.com\/avatar\/57de8e5d4b15d43fb361a71fbb36338450fe67865b528a43dd10ef7c51a20392?s=96&d=mm&r=g","caption":"La Sentinelle"},"sameAs":["http:\/\/www.lasentinelle.dz"],"url":"https:\/\/lasentinelle.dz\/author\/redaction\/"}]}},"_links":{"self":[{"href":"https:\/\/lasentinelle.dz\/index.php\/wp-json\/wp\/v2\/posts\/5832","targetHints":{"allow":["GET"]}}],"collection":[{"href":"https:\/\/lasentinelle.dz\/index.php\/wp-json\/wp\/v2\/posts"}],"about":[{"href":"https:\/\/lasentinelle.dz\/index.php\/wp-json\/wp\/v2\/types\/post"}],"author":[{"embeddable":true,"href":"https:\/\/lasentinelle.dz\/index.php\/wp-json\/wp\/v2\/users\/3"}],"replies":[{"embeddable":true,"href":"https:\/\/lasentinelle.dz\/index.php\/wp-json\/wp\/v2\/comments?post=5832"}],"version-history":[{"count":1,"href":"https:\/\/lasentinelle.dz\/index.php\/wp-json\/wp\/v2\/posts\/5832\/revisions"}],"predecessor-version":[{"id":5836,"href":"https:\/\/lasentinelle.dz\/index.php\/wp-json\/wp\/v2\/posts\/5832\/revisions\/5836"}],"wp:featuredmedia":[{"embeddable":true,"href":"https:\/\/lasentinelle.dz\/index.php\/wp-json\/wp\/v2\/media\/557"}],"wp:attachment":[{"href":"https:\/\/lasentinelle.dz\/index.php\/wp-json\/wp\/v2\/media?parent=5832"}],"wp:term":[{"taxonomy":"category","embeddable":true,"href":"https:\/\/lasentinelle.dz\/index.php\/wp-json\/wp\/v2\/categories?post=5832"},{"taxonomy":"post_tag","embeddable":true,"href":"https:\/\/lasentinelle.dz\/index.php\/wp-json\/wp\/v2\/tags?post=5832"}],"curies":[{"name":"wp","href":"https:\/\/api.w.org\/{rel}","templated":true}]}}