{"id":58321,"date":"2024-10-20T19:19:30","date_gmt":"2024-10-20T18:19:30","guid":{"rendered":"https:\/\/lasentinelle.dz\/?p=58321"},"modified":"2024-10-20T19:19:31","modified_gmt":"2024-10-20T18:19:31","slug":"canex-wknd-2024-un-tremplin-pour-les-industries-creatives-africaines","status":"publish","type":"post","link":"https:\/\/lasentinelle.dz\/index.php\/2024\/10\/20\/canex-wknd-2024-un-tremplin-pour-les-industries-creatives-africaines\/","title":{"rendered":"CANEX WKND 2024\u00a0: Un tremplin pour les industries cr\u00e9atives africaines"},"content":{"rendered":"\n<p>Les Journ\u00e9es cr\u00e9atives africaines \u00ab\u00a0CANEX WKND 2024\u00a0\u00bb, qui se sont d\u00e9roul\u00e9es du 16 au 20 octobre en cours \u00e0 Alger, ont permis de mettre en avant les industries cr\u00e9atives du continent, et constitu\u00e9 une occasion pour mettre en avant les d\u00e9fis auxquels elles font face ainsi que pour plaider pour plus de ressources pour le d\u00e9veloppement de ces industries.<\/p>\n\n\n\n<p>Cet \u00e9v\u00e9nement, organis\u00e9 par la Banque africaine d&rsquo;import-export (Afreximbank) en collaboration avec le minist\u00e8re de la Culture et des Arts, a r\u00e9uni des acteurs cl\u00e9s du secteur cr\u00e9atif africain, offrant une plateforme unique pour le dialogue, la collaboration et l&rsquo;innovation. Kanayo Awani, Vice-pr\u00e9sidente ex\u00e9cutive d&rsquo;Afreximbank en charge de la Banque du commerce intra-africain, a qualifi\u00e9 les r\u00e9sultats pr\u00e9liminaires de \u00ab\u00a0fructueux\u00a0\u00bb. L&rsquo;\u00e9v\u00e9nement a permis la conclusion d&rsquo;accords, la cr\u00e9ation de r\u00e9seaux et la d\u00e9finition de nouvelles voies de coop\u00e9ration dans le domaine des industries cr\u00e9atives africaines. Ces accords, selon Mme Awani, sont \u00ab\u00a0applicables sur le terrain\u00a0\u00bb et ouvrent la voie \u00e0 de futurs projets d&rsquo;investissement dans ce secteur vital. Malgr\u00e9 son potentiel, le secteur des industries cr\u00e9atives en Afrique fait face \u00e0 de nombreux d\u00e9fis. Mme Awani a soulign\u00e9 la n\u00e9cessit\u00e9 d&rsquo;un soutien accru pour renforcer les capacit\u00e9s des professionnels et des cr\u00e9ateurs africains. Elle a appel\u00e9 \u00e0 fournir les ressources n\u00e9cessaires pour la r\u00e9ussite des projets cr\u00e9atifs et \u00e0 ouvrir des d\u00e9bouch\u00e9s commerciaux \u00e0 l&rsquo;\u00e9chelle mondiale. Pour r\u00e9pondre \u00e0 ces d\u00e9fis, Afreximbank lancera prochainement la plateforme num\u00e9rique \u00ab\u00a0CANEX AFRICA\u00a0\u00bb. Cet outil vise \u00e0 soutenir et promouvoir les talents cr\u00e9atifs africains, les encourageant \u00e0 devenir une valeur ajout\u00e9e pour le Produit int\u00e9rieur brut (PIB) de leurs pays respectifs. Mme Awani a exhort\u00e9 tous les cr\u00e9ateurs africains \u00e0 adh\u00e9rer \u00e0 cette plateforme. Temwa Gondwe, responsable de l&rsquo;organisation, a pr\u00e9sent\u00e9 un bilan impressionnant de l&rsquo;\u00e9dition 2024 : une conf\u00e9rence minist\u00e9rielle r\u00e9unissant 18 pays africains et des Cara\u00efbes, plus de 300 participants aux diff\u00e9rents programmes et activit\u00e9s, 108 exposants et artisans, 10 sessions de formation (Master Class) couvrant l&rsquo;intelligence artificielle, la musique, la mode et le sport, la formation de 100 musiciens, l&rsquo;allocation de plus de 140 millions d&rsquo;euros pour l&rsquo;achat d&rsquo;\u00e9quipements de projection \u00e0 travers l&rsquo;Afrique, et un soutien financier pour la r\u00e9alisation de films et d&rsquo;investissements dans la mode et la musique. Nassim Mohand Amar, Directeur de la coop\u00e9ration et des \u00e9changes au minist\u00e8re de la Culture et des Arts, a insist\u00e9 sur l&rsquo;importance de faciliter l&rsquo;acc\u00e8s aux march\u00e9s locaux et internationaux pour les cr\u00e9ations africaines. Il a appel\u00e9 \u00e0 renforcer la coop\u00e9ration intra-africaine et \u00e0 favoriser la consommation des produits de l&rsquo;industrie cr\u00e9ative du continent. Un volet important de CANEX WKND 2024 a \u00e9t\u00e9 consacr\u00e9 au cin\u00e9ma africain.<\/p>\n\n\n\n<p>Le financement, un \u00e9l\u00e9ment cl\u00e9<\/p>\n\n\n\n<p>Lors d&rsquo;une conf\u00e9rence intitul\u00e9e \u00ab\u00a0De la production \u00e0 la distribution : les ressources d&rsquo;une industrie cin\u00e9matographique d\u00e9velopp\u00e9e pour le cin\u00e9ma et la t\u00e9l\u00e9vision\u00a0\u00bb, des r\u00e9alisateurs et producteurs de diff\u00e9rents pays africains ont soulign\u00e9 la n\u00e9cessit\u00e9 de mettre en place de nouveaux m\u00e9canismes communs pour financer et distribuer les productions cin\u00e9matographiques et audiovisuelles en Afrique. Les intervenants ont mis en lumi\u00e8re plusieurs points cruciaux : l&rsquo;importance du financement comme \u00e9l\u00e9ment cl\u00e9 pour la relance du secteur, la n\u00e9cessit\u00e9 de cr\u00e9er un r\u00e9seau de distribution efficace pour les productions africaines, l&rsquo;encouragement de la nouvelle g\u00e9n\u00e9ration \u00e0 s&rsquo;engager dans la cr\u00e9ation cin\u00e9matographique africaine, le r\u00f4le potentiel de la num\u00e9risation et de l&rsquo;intelligence artificielle dans la production d&rsquo;\u0153uvres novatrices, et l&rsquo;importance de cibler d&rsquo;abord le public africain avant de chercher \u00e0 conqu\u00e9rir d&rsquo;autres march\u00e9s. CANEX WKND 2024 a d\u00e9montr\u00e9 le potentiel immense des industries cr\u00e9atives africaines. L&rsquo;\u00e9v\u00e9nement a non seulement mis en lumi\u00e8re les talents et la diversit\u00e9 culturelle du continent, mais a \u00e9galement pos\u00e9 les jalons pour une collaboration accrue entre les pays africains dans ce domaine. Les d\u00e9fis restent nombreux, notamment en termes de financement et de distribution, mais l&rsquo;enthousiasme et la d\u00e9termination des participants laissent pr\u00e9sager un avenir prometteur. Avec des initiatives comme la plateforme CANEX AFRICA et un engagement renouvel\u00e9 pour la coop\u00e9ration intra-africaine, le secteur cr\u00e9atif du continent semble pr\u00eat \u00e0 prendre son envol et \u00e0 s&rsquo;imposer sur la sc\u00e8ne mondiale. L&rsquo;\u00e9dition 2024 de CANEX WKND \u00e0 Alger n&rsquo;est qu&rsquo;un d\u00e9but. Elle ouvre la voie \u00e0 de futures collaborations et innovations qui pourraient bien red\u00e9finir le paysage des industries cr\u00e9atives en Afrique, tout en contribuant de mani\u00e8re significative au d\u00e9veloppement \u00e9conomique et culturel du continent.<\/p>\n\n\n\n<p><strong>Mohamed Seghir<\/strong><\/p>\n","protected":false},"excerpt":{"rendered":"<p>Les Journ\u00e9es cr\u00e9atives africaines \u00ab\u00a0CANEX WKND 2024\u00a0\u00bb, qui se sont d\u00e9roul\u00e9es du 16 au 20 octobre en cours \u00e0 Alger,<\/p>\n","protected":false},"author":6,"featured_media":58322,"comment_status":"open","ping_status":"closed","sticky":false,"template":"","format":"standard","meta":{"colormag_page_container_layout":"default_layout","colormag_page_sidebar_layout":"default_layout","om_disable_all_campaigns":false,"_monsterinsights_skip_tracking":false,"_monsterinsights_sitenote_active":false,"_monsterinsights_sitenote_note":"","_monsterinsights_sitenote_category":0,"footnotes":"","_wpscppro_dont_share_socialmedia":false,"_wpscppro_custom_social_share_image":0,"_facebook_share_type":"default","_twitter_share_type":"default","_linkedin_share_type":"default","_pinterest_share_type":"default","_linkedin_share_type_page":"","_instagram_share_type":"default","_medium_share_type":"default","_threads_share_type":"","_google_business_share_type":"","_selected_social_profile":[],"_wpsp_enable_custom_social_template":false,"_wpsp_social_scheduling":{"enabled":false,"datetime":null,"platforms":[],"status":"template_only","dateOption":"today","timeOption":"now","customDays":"","customHours":"","customDate":"","customTime":"","schedulingType":"absolute"},"_wpsp_active_default_template":true},"categories":[36],"tags":[],"class_list":["post-58321","post","type-post","status-publish","format-standard","has-post-thumbnail","hentry","category-culture"],"aioseo_notices":[],"yoast_head":"<!-- This site is optimized with the Yoast SEO plugin v27.5 - https:\/\/yoast.com\/product\/yoast-seo-wordpress\/ -->\n<title>CANEX WKND 2024\u00a0: Un tremplin pour les industries cr\u00e9atives africaines - La Sentinelle<\/title>\n<meta name=\"robots\" content=\"index, follow, max-snippet:-1, max-image-preview:large, max-video-preview:-1\" \/>\n<link rel=\"canonical\" href=\"https:\/\/lasentinelle.dz\/index.php\/2024\/10\/20\/canex-wknd-2024-un-tremplin-pour-les-industries-creatives-africaines\/\" \/>\n<meta property=\"og:locale\" content=\"fr_FR\" \/>\n<meta property=\"og:type\" content=\"article\" \/>\n<meta property=\"og:title\" content=\"CANEX WKND 2024\u00a0: Un tremplin pour les industries cr\u00e9atives africaines - La Sentinelle\" \/>\n<meta property=\"og:description\" content=\"Les Journ\u00e9es cr\u00e9atives africaines \u00ab\u00a0CANEX WKND 2024\u00a0\u00bb, qui se sont d\u00e9roul\u00e9es du 16 au 20 octobre en cours \u00e0 Alger,\" \/>\n<meta property=\"og:url\" content=\"https:\/\/lasentinelle.dz\/index.php\/2024\/10\/20\/canex-wknd-2024-un-tremplin-pour-les-industries-creatives-africaines\/\" \/>\n<meta property=\"og:site_name\" content=\"La Sentinelle\" \/>\n<meta property=\"article:publisher\" content=\"https:\/\/www.facebook.com\/La-Sentinelle-104059864394773\" \/>\n<meta property=\"article:published_time\" content=\"2024-10-20T18:19:30+00:00\" \/>\n<meta property=\"article:modified_time\" content=\"2024-10-20T18:19:31+00:00\" \/>\n<meta property=\"og:image\" content=\"https:\/\/lasentinelle.dz\/wp-content\/uploads\/2024\/10\/Canex.jpg\" \/>\n\t<meta property=\"og:image:width\" content=\"1440\" \/>\n\t<meta property=\"og:image:height\" content=\"960\" \/>\n\t<meta property=\"og:image:type\" content=\"image\/jpeg\" \/>\n<meta name=\"author\" content=\"admin\" \/>\n<meta name=\"twitter:card\" content=\"summary_large_image\" \/>\n<meta name=\"twitter:label1\" content=\"\u00c9crit par\" \/>\n\t<meta name=\"twitter:data1\" content=\"admin\" \/>\n\t<meta name=\"twitter:label2\" content=\"Dur\u00e9e de lecture estim\u00e9e\" \/>\n\t<meta name=\"twitter:data2\" content=\"4 minutes\" \/>\n<script type=\"application\/ld+json\" class=\"yoast-schema-graph\">{\"@context\":\"https:\\\/\\\/schema.org\",\"@graph\":[{\"@type\":\"Article\",\"@id\":\"https:\\\/\\\/lasentinelle.dz\\\/index.php\\\/2024\\\/10\\\/20\\\/canex-wknd-2024-un-tremplin-pour-les-industries-creatives-africaines\\\/#article\",\"isPartOf\":{\"@id\":\"https:\\\/\\\/lasentinelle.dz\\\/index.php\\\/2024\\\/10\\\/20\\\/canex-wknd-2024-un-tremplin-pour-les-industries-creatives-africaines\\\/\"},\"author\":{\"name\":\"admin\",\"@id\":\"https:\\\/\\\/lasentinelle.dz\\\/#\\\/schema\\\/person\\\/729ee0024f24e0b8c5ec17232f8e8b41\"},\"headline\":\"CANEX WKND 2024\u00a0: Un tremplin pour les industries cr\u00e9atives africaines\",\"datePublished\":\"2024-10-20T18:19:30+00:00\",\"dateModified\":\"2024-10-20T18:19:31+00:00\",\"mainEntityOfPage\":{\"@id\":\"https:\\\/\\\/lasentinelle.dz\\\/index.php\\\/2024\\\/10\\\/20\\\/canex-wknd-2024-un-tremplin-pour-les-industries-creatives-africaines\\\/\"},\"wordCount\":827,\"commentCount\":0,\"publisher\":{\"@id\":\"https:\\\/\\\/lasentinelle.dz\\\/#organization\"},\"image\":{\"@id\":\"https:\\\/\\\/lasentinelle.dz\\\/index.php\\\/2024\\\/10\\\/20\\\/canex-wknd-2024-un-tremplin-pour-les-industries-creatives-africaines\\\/#primaryimage\"},\"thumbnailUrl\":\"https:\\\/\\\/lasentinelle.dz\\\/wp-content\\\/uploads\\\/2024\\\/10\\\/Canex.jpg\",\"articleSection\":[\"Culture\"],\"inLanguage\":\"fr-FR\",\"potentialAction\":[{\"@type\":\"CommentAction\",\"name\":\"Comment\",\"target\":[\"https:\\\/\\\/lasentinelle.dz\\\/index.php\\\/2024\\\/10\\\/20\\\/canex-wknd-2024-un-tremplin-pour-les-industries-creatives-africaines\\\/#respond\"]}]},{\"@type\":\"WebPage\",\"@id\":\"https:\\\/\\\/lasentinelle.dz\\\/index.php\\\/2024\\\/10\\\/20\\\/canex-wknd-2024-un-tremplin-pour-les-industries-creatives-africaines\\\/\",\"url\":\"https:\\\/\\\/lasentinelle.dz\\\/index.php\\\/2024\\\/10\\\/20\\\/canex-wknd-2024-un-tremplin-pour-les-industries-creatives-africaines\\\/\",\"name\":\"CANEX WKND 2024\u00a0: Un tremplin pour les industries cr\u00e9atives africaines - La Sentinelle\",\"isPartOf\":{\"@id\":\"https:\\\/\\\/lasentinelle.dz\\\/#website\"},\"primaryImageOfPage\":{\"@id\":\"https:\\\/\\\/lasentinelle.dz\\\/index.php\\\/2024\\\/10\\\/20\\\/canex-wknd-2024-un-tremplin-pour-les-industries-creatives-africaines\\\/#primaryimage\"},\"image\":{\"@id\":\"https:\\\/\\\/lasentinelle.dz\\\/index.php\\\/2024\\\/10\\\/20\\\/canex-wknd-2024-un-tremplin-pour-les-industries-creatives-africaines\\\/#primaryimage\"},\"thumbnailUrl\":\"https:\\\/\\\/lasentinelle.dz\\\/wp-content\\\/uploads\\\/2024\\\/10\\\/Canex.jpg\",\"datePublished\":\"2024-10-20T18:19:30+00:00\",\"dateModified\":\"2024-10-20T18:19:31+00:00\",\"breadcrumb\":{\"@id\":\"https:\\\/\\\/lasentinelle.dz\\\/index.php\\\/2024\\\/10\\\/20\\\/canex-wknd-2024-un-tremplin-pour-les-industries-creatives-africaines\\\/#breadcrumb\"},\"inLanguage\":\"fr-FR\",\"potentialAction\":[{\"@type\":\"ReadAction\",\"target\":[\"https:\\\/\\\/lasentinelle.dz\\\/index.php\\\/2024\\\/10\\\/20\\\/canex-wknd-2024-un-tremplin-pour-les-industries-creatives-africaines\\\/\"]}]},{\"@type\":\"ImageObject\",\"inLanguage\":\"fr-FR\",\"@id\":\"https:\\\/\\\/lasentinelle.dz\\\/index.php\\\/2024\\\/10\\\/20\\\/canex-wknd-2024-un-tremplin-pour-les-industries-creatives-africaines\\\/#primaryimage\",\"url\":\"https:\\\/\\\/lasentinelle.dz\\\/wp-content\\\/uploads\\\/2024\\\/10\\\/Canex.jpg\",\"contentUrl\":\"https:\\\/\\\/lasentinelle.dz\\\/wp-content\\\/uploads\\\/2024\\\/10\\\/Canex.jpg\",\"width\":1440,\"height\":960},{\"@type\":\"BreadcrumbList\",\"@id\":\"https:\\\/\\\/lasentinelle.dz\\\/index.php\\\/2024\\\/10\\\/20\\\/canex-wknd-2024-un-tremplin-pour-les-industries-creatives-africaines\\\/#breadcrumb\",\"itemListElement\":[{\"@type\":\"ListItem\",\"position\":1,\"name\":\"Accueil\",\"item\":\"https:\\\/\\\/lasentinelle.dz\\\/\"},{\"@type\":\"ListItem\",\"position\":2,\"name\":\"CANEX WKND 2024\u00a0: Un tremplin pour les industries cr\u00e9atives africaines\"}]},{\"@type\":\"WebSite\",\"@id\":\"https:\\\/\\\/lasentinelle.dz\\\/#website\",\"url\":\"https:\\\/\\\/lasentinelle.dz\\\/\",\"name\":\"La Sentinelle\",\"description\":\"Quotidien national d&#039;information\",\"publisher\":{\"@id\":\"https:\\\/\\\/lasentinelle.dz\\\/#organization\"},\"potentialAction\":[{\"@type\":\"SearchAction\",\"target\":{\"@type\":\"EntryPoint\",\"urlTemplate\":\"https:\\\/\\\/lasentinelle.dz\\\/?s={search_term_string}\"},\"query-input\":{\"@type\":\"PropertyValueSpecification\",\"valueRequired\":true,\"valueName\":\"search_term_string\"}}],\"inLanguage\":\"fr-FR\"},{\"@type\":\"Organization\",\"@id\":\"https:\\\/\\\/lasentinelle.dz\\\/#organization\",\"name\":\"Quotidien La Sentinelle\",\"url\":\"https:\\\/\\\/lasentinelle.dz\\\/\",\"logo\":{\"@type\":\"ImageObject\",\"inLanguage\":\"fr-FR\",\"@id\":\"https:\\\/\\\/lasentinelle.dz\\\/#\\\/schema\\\/logo\\\/image\\\/\",\"url\":\"https:\\\/\\\/lasentinelle.dz\\\/wp-content\\\/uploads\\\/2021\\\/09\\\/logo-sentinelleSLOGAN-1.png\",\"contentUrl\":\"https:\\\/\\\/lasentinelle.dz\\\/wp-content\\\/uploads\\\/2021\\\/09\\\/logo-sentinelleSLOGAN-1.png\",\"width\":615,\"height\":142,\"caption\":\"Quotidien La Sentinelle\"},\"image\":{\"@id\":\"https:\\\/\\\/lasentinelle.dz\\\/#\\\/schema\\\/logo\\\/image\\\/\"},\"sameAs\":[\"https:\\\/\\\/www.facebook.com\\\/La-Sentinelle-104059864394773\"]},{\"@type\":\"Person\",\"@id\":\"https:\\\/\\\/lasentinelle.dz\\\/#\\\/schema\\\/person\\\/729ee0024f24e0b8c5ec17232f8e8b41\",\"name\":\"admin\",\"image\":{\"@type\":\"ImageObject\",\"inLanguage\":\"fr-FR\",\"@id\":\"https:\\\/\\\/secure.gravatar.com\\\/avatar\\\/4c81fed838786e9b53f540bf46533e750f5d292099ae3b66cfc6fb1982e29df7?s=96&d=mm&r=g\",\"url\":\"https:\\\/\\\/secure.gravatar.com\\\/avatar\\\/4c81fed838786e9b53f540bf46533e750f5d292099ae3b66cfc6fb1982e29df7?s=96&d=mm&r=g\",\"contentUrl\":\"https:\\\/\\\/secure.gravatar.com\\\/avatar\\\/4c81fed838786e9b53f540bf46533e750f5d292099ae3b66cfc6fb1982e29df7?s=96&d=mm&r=g\",\"caption\":\"admin\"},\"description\":\"admin\",\"url\":\"https:\\\/\\\/lasentinelle.dz\\\/author\\\/admin\\\/\"}]}<\/script>\n<!-- \/ Yoast SEO plugin. -->","yoast_head_json":{"title":"CANEX WKND 2024\u00a0: Un tremplin pour les industries cr\u00e9atives africaines - La Sentinelle","robots":{"index":"index","follow":"follow","max-snippet":"max-snippet:-1","max-image-preview":"max-image-preview:large","max-video-preview":"max-video-preview:-1"},"canonical":"https:\/\/lasentinelle.dz\/index.php\/2024\/10\/20\/canex-wknd-2024-un-tremplin-pour-les-industries-creatives-africaines\/","og_locale":"fr_FR","og_type":"article","og_title":"CANEX WKND 2024\u00a0: Un tremplin pour les industries cr\u00e9atives africaines - La Sentinelle","og_description":"Les Journ\u00e9es cr\u00e9atives africaines \u00ab\u00a0CANEX WKND 2024\u00a0\u00bb, qui se sont d\u00e9roul\u00e9es du 16 au 20 octobre en cours \u00e0 Alger,","og_url":"https:\/\/lasentinelle.dz\/index.php\/2024\/10\/20\/canex-wknd-2024-un-tremplin-pour-les-industries-creatives-africaines\/","og_site_name":"La Sentinelle","article_publisher":"https:\/\/www.facebook.com\/La-Sentinelle-104059864394773","article_published_time":"2024-10-20T18:19:30+00:00","article_modified_time":"2024-10-20T18:19:31+00:00","og_image":[{"width":1440,"height":960,"url":"https:\/\/lasentinelle.dz\/wp-content\/uploads\/2024\/10\/Canex.jpg","type":"image\/jpeg"}],"author":"admin","twitter_card":"summary_large_image","twitter_misc":{"\u00c9crit par":"admin","Dur\u00e9e de lecture estim\u00e9e":"4 minutes"},"schema":{"@context":"https:\/\/schema.org","@graph":[{"@type":"Article","@id":"https:\/\/lasentinelle.dz\/index.php\/2024\/10\/20\/canex-wknd-2024-un-tremplin-pour-les-industries-creatives-africaines\/#article","isPartOf":{"@id":"https:\/\/lasentinelle.dz\/index.php\/2024\/10\/20\/canex-wknd-2024-un-tremplin-pour-les-industries-creatives-africaines\/"},"author":{"name":"admin","@id":"https:\/\/lasentinelle.dz\/#\/schema\/person\/729ee0024f24e0b8c5ec17232f8e8b41"},"headline":"CANEX WKND 2024\u00a0: Un tremplin pour les industries cr\u00e9atives africaines","datePublished":"2024-10-20T18:19:30+00:00","dateModified":"2024-10-20T18:19:31+00:00","mainEntityOfPage":{"@id":"https:\/\/lasentinelle.dz\/index.php\/2024\/10\/20\/canex-wknd-2024-un-tremplin-pour-les-industries-creatives-africaines\/"},"wordCount":827,"commentCount":0,"publisher":{"@id":"https:\/\/lasentinelle.dz\/#organization"},"image":{"@id":"https:\/\/lasentinelle.dz\/index.php\/2024\/10\/20\/canex-wknd-2024-un-tremplin-pour-les-industries-creatives-africaines\/#primaryimage"},"thumbnailUrl":"https:\/\/lasentinelle.dz\/wp-content\/uploads\/2024\/10\/Canex.jpg","articleSection":["Culture"],"inLanguage":"fr-FR","potentialAction":[{"@type":"CommentAction","name":"Comment","target":["https:\/\/lasentinelle.dz\/index.php\/2024\/10\/20\/canex-wknd-2024-un-tremplin-pour-les-industries-creatives-africaines\/#respond"]}]},{"@type":"WebPage","@id":"https:\/\/lasentinelle.dz\/index.php\/2024\/10\/20\/canex-wknd-2024-un-tremplin-pour-les-industries-creatives-africaines\/","url":"https:\/\/lasentinelle.dz\/index.php\/2024\/10\/20\/canex-wknd-2024-un-tremplin-pour-les-industries-creatives-africaines\/","name":"CANEX WKND 2024\u00a0: Un tremplin pour les industries cr\u00e9atives africaines - La Sentinelle","isPartOf":{"@id":"https:\/\/lasentinelle.dz\/#website"},"primaryImageOfPage":{"@id":"https:\/\/lasentinelle.dz\/index.php\/2024\/10\/20\/canex-wknd-2024-un-tremplin-pour-les-industries-creatives-africaines\/#primaryimage"},"image":{"@id":"https:\/\/lasentinelle.dz\/index.php\/2024\/10\/20\/canex-wknd-2024-un-tremplin-pour-les-industries-creatives-africaines\/#primaryimage"},"thumbnailUrl":"https:\/\/lasentinelle.dz\/wp-content\/uploads\/2024\/10\/Canex.jpg","datePublished":"2024-10-20T18:19:30+00:00","dateModified":"2024-10-20T18:19:31+00:00","breadcrumb":{"@id":"https:\/\/lasentinelle.dz\/index.php\/2024\/10\/20\/canex-wknd-2024-un-tremplin-pour-les-industries-creatives-africaines\/#breadcrumb"},"inLanguage":"fr-FR","potentialAction":[{"@type":"ReadAction","target":["https:\/\/lasentinelle.dz\/index.php\/2024\/10\/20\/canex-wknd-2024-un-tremplin-pour-les-industries-creatives-africaines\/"]}]},{"@type":"ImageObject","inLanguage":"fr-FR","@id":"https:\/\/lasentinelle.dz\/index.php\/2024\/10\/20\/canex-wknd-2024-un-tremplin-pour-les-industries-creatives-africaines\/#primaryimage","url":"https:\/\/lasentinelle.dz\/wp-content\/uploads\/2024\/10\/Canex.jpg","contentUrl":"https:\/\/lasentinelle.dz\/wp-content\/uploads\/2024\/10\/Canex.jpg","width":1440,"height":960},{"@type":"BreadcrumbList","@id":"https:\/\/lasentinelle.dz\/index.php\/2024\/10\/20\/canex-wknd-2024-un-tremplin-pour-les-industries-creatives-africaines\/#breadcrumb","itemListElement":[{"@type":"ListItem","position":1,"name":"Accueil","item":"https:\/\/lasentinelle.dz\/"},{"@type":"ListItem","position":2,"name":"CANEX WKND 2024\u00a0: Un tremplin pour les industries cr\u00e9atives africaines"}]},{"@type":"WebSite","@id":"https:\/\/lasentinelle.dz\/#website","url":"https:\/\/lasentinelle.dz\/","name":"La Sentinelle","description":"Quotidien national d&#039;information","publisher":{"@id":"https:\/\/lasentinelle.dz\/#organization"},"potentialAction":[{"@type":"SearchAction","target":{"@type":"EntryPoint","urlTemplate":"https:\/\/lasentinelle.dz\/?s={search_term_string}"},"query-input":{"@type":"PropertyValueSpecification","valueRequired":true,"valueName":"search_term_string"}}],"inLanguage":"fr-FR"},{"@type":"Organization","@id":"https:\/\/lasentinelle.dz\/#organization","name":"Quotidien La Sentinelle","url":"https:\/\/lasentinelle.dz\/","logo":{"@type":"ImageObject","inLanguage":"fr-FR","@id":"https:\/\/lasentinelle.dz\/#\/schema\/logo\/image\/","url":"https:\/\/lasentinelle.dz\/wp-content\/uploads\/2021\/09\/logo-sentinelleSLOGAN-1.png","contentUrl":"https:\/\/lasentinelle.dz\/wp-content\/uploads\/2021\/09\/logo-sentinelleSLOGAN-1.png","width":615,"height":142,"caption":"Quotidien La Sentinelle"},"image":{"@id":"https:\/\/lasentinelle.dz\/#\/schema\/logo\/image\/"},"sameAs":["https:\/\/www.facebook.com\/La-Sentinelle-104059864394773"]},{"@type":"Person","@id":"https:\/\/lasentinelle.dz\/#\/schema\/person\/729ee0024f24e0b8c5ec17232f8e8b41","name":"admin","image":{"@type":"ImageObject","inLanguage":"fr-FR","@id":"https:\/\/secure.gravatar.com\/avatar\/4c81fed838786e9b53f540bf46533e750f5d292099ae3b66cfc6fb1982e29df7?s=96&d=mm&r=g","url":"https:\/\/secure.gravatar.com\/avatar\/4c81fed838786e9b53f540bf46533e750f5d292099ae3b66cfc6fb1982e29df7?s=96&d=mm&r=g","contentUrl":"https:\/\/secure.gravatar.com\/avatar\/4c81fed838786e9b53f540bf46533e750f5d292099ae3b66cfc6fb1982e29df7?s=96&d=mm&r=g","caption":"admin"},"description":"admin","url":"https:\/\/lasentinelle.dz\/author\/admin\/"}]}},"_links":{"self":[{"href":"https:\/\/lasentinelle.dz\/index.php\/wp-json\/wp\/v2\/posts\/58321","targetHints":{"allow":["GET"]}}],"collection":[{"href":"https:\/\/lasentinelle.dz\/index.php\/wp-json\/wp\/v2\/posts"}],"about":[{"href":"https:\/\/lasentinelle.dz\/index.php\/wp-json\/wp\/v2\/types\/post"}],"author":[{"embeddable":true,"href":"https:\/\/lasentinelle.dz\/index.php\/wp-json\/wp\/v2\/users\/6"}],"replies":[{"embeddable":true,"href":"https:\/\/lasentinelle.dz\/index.php\/wp-json\/wp\/v2\/comments?post=58321"}],"version-history":[{"count":1,"href":"https:\/\/lasentinelle.dz\/index.php\/wp-json\/wp\/v2\/posts\/58321\/revisions"}],"predecessor-version":[{"id":58323,"href":"https:\/\/lasentinelle.dz\/index.php\/wp-json\/wp\/v2\/posts\/58321\/revisions\/58323"}],"wp:featuredmedia":[{"embeddable":true,"href":"https:\/\/lasentinelle.dz\/index.php\/wp-json\/wp\/v2\/media\/58322"}],"wp:attachment":[{"href":"https:\/\/lasentinelle.dz\/index.php\/wp-json\/wp\/v2\/media?parent=58321"}],"wp:term":[{"taxonomy":"category","embeddable":true,"href":"https:\/\/lasentinelle.dz\/index.php\/wp-json\/wp\/v2\/categories?post=58321"},{"taxonomy":"post_tag","embeddable":true,"href":"https:\/\/lasentinelle.dz\/index.php\/wp-json\/wp\/v2\/tags?post=58321"}],"curies":[{"name":"wp","href":"https:\/\/api.w.org\/{rel}","templated":true}]}}