{"id":58346,"date":"2024-10-20T19:31:36","date_gmt":"2024-10-20T18:31:36","guid":{"rendered":"https:\/\/lasentinelle.dz\/?p=58346"},"modified":"2024-10-20T19:31:36","modified_gmt":"2024-10-20T18:31:36","slug":"lalgerie-futur-geant-de-lhydrogene-vert","status":"publish","type":"post","link":"https:\/\/lasentinelle.dz\/index.php\/2024\/10\/20\/lalgerie-futur-geant-de-lhydrogene-vert\/","title":{"rendered":"L&rsquo;Alg\u00e9rie, futur g\u00e9ant de l&rsquo;hydrog\u00e8ne vert"},"content":{"rendered":"\n<p>L&rsquo;Alg\u00e9rie se positionne comme un acteur majeur \u00e9mergent dans la production d&rsquo;hydrog\u00e8ne vert, selon Boukhalfa Ya\u00efci, directeur g\u00e9n\u00e9ral de Green Energy Cluster Algeria (GEC&rsquo;A). Dans une intervention \u00e0 la Radio alg\u00e9rienne, l&rsquo;expert a soulign\u00e9 hier les atouts consid\u00e9rables du pays dans ce domaine d&rsquo;avenir. \u00ab\u00a0L&rsquo;Alg\u00e9rie dispose d&rsquo;un \u00e9norme potentiel en mati\u00e8re d&rsquo;\u00e9nergie solaire et \u00e9olienne, et d&rsquo;un large r\u00e9seau de transport d&rsquo;\u00e9lectricit\u00e9 et de gaz, lui permettant de se distinguer dans le domaine de la production de l&rsquo;hydrog\u00e8ne vert\u00a0\u00bb, affirme M. Ya\u00efci. Ces ressources naturelles abondantes constituent, souligne-t-il, la base n\u00e9cessaire pour d\u00e9velopper une fili\u00e8re d&rsquo;hydrog\u00e8ne vert comp\u00e9titive \u00e0 l&rsquo;\u00e9chelle internationale. L&rsquo;expert met en avant l&rsquo;engagement du pays dans cette voie, citant notamment \u00ab\u00a0le projet de r\u00e9alisation de 15.000 MW d&rsquo;\u00e9nergie solaire photovolta\u00efque\u00a0\u00bb dans le cadre du programme national de d\u00e9veloppement des \u00e9nergies renouvelables. Ce projet jouera un r\u00f4le crucial \u00ab\u00a0dans la production de l&rsquo;hydrog\u00e8ne vert et ses d\u00e9riv\u00e9s \u00e0 l&rsquo;avenir\u00a0\u00bb, pr\u00e9cise-t-il, ajoutant que la premi\u00e8re phase de 3000 MW est d\u00e9j\u00e0 en cours de r\u00e9alisation. M. Ya\u00efci souligne l&rsquo;importance des r\u00e9cents accords sign\u00e9s entre le groupe Sonatrach et plusieurs compagnies europ\u00e9ennes. Ces partenariats, visant \u00e0 \u00ab\u00a0r\u00e9aliser une \u00e9tude de faisabilit\u00e9 conjointe pour d\u00e9velopper un projet int\u00e9gr\u00e9 de production d&rsquo;hydrog\u00e8ne vert et de ses d\u00e9riv\u00e9s en Alg\u00e9rie\u00a0\u00bb, sont selon lui cruciaux car ils permettent \u00ab\u00a0d&rsquo;ouvrir largement la voie \u00e0 l&rsquo;investissement en mati\u00e8re de production de l&rsquo;hydrog\u00e8ne vert\u00a0\u00bb. L&rsquo;expert voit dans ces accords une opportunit\u00e9 de \u00ab\u00a0d\u00e9velopper l&rsquo;investissement dans de nombreux domaines connexes\u00a0\u00bb, notamment \u00ab\u00a0l&rsquo;extraction de l&rsquo;hydrog\u00e8ne \u00e0 partir de l&rsquo;eau\u00a0\u00bb et \u00ab\u00a0l&rsquo;industrie des engrais propres\u00a0\u00bb. Il souligne \u00e9galement l&rsquo;importance de \u00ab\u00a0l&rsquo;exploitation des comp\u00e9tences nationales, \u00e0 l&rsquo;instar de celles dont dispose le complexe p\u00e9trochimique d&rsquo;Arzew (Oran)\u00a0\u00bb. Rappelons dans ce contexte que deux accords majeurs ont r\u00e9cemment \u00e9t\u00e9 sign\u00e9s, illustrant l&rsquo;engagement concret de l&rsquo;Alg\u00e9rie dans le d\u00e9veloppement de l&rsquo;hydrog\u00e8ne vert. Un m\u00e9morandum d&rsquo;entente a \u00e9t\u00e9 sign\u00e9 pour la r\u00e9alisation d&rsquo;\u00e9tudes de faisabilit\u00e9 d&rsquo;un pipeline d&rsquo;hydrog\u00e8ne reliant l&rsquo;Alg\u00e9rie \u00e0 l&rsquo;Allemagne via l&rsquo;Italie et l&rsquo;Autriche (SoutH2 Corridor). Ce projet ambitieux vise \u00e0 transporter environ 4 millions de tonnes d&rsquo;hydrog\u00e8ne vert par an vers l&rsquo;Europe. Les signataires incluent Sonatrach, Sonelgaz, VNG, SNAM, Sea Corridor et Verbund.<\/p>\n\n\n\n<p>Un autre m\u00e9morandum d&rsquo;entente a \u00e9t\u00e9 sign\u00e9 entre Sonatrach et la firme espagnole Cepsa pour d\u00e9velopper un projet int\u00e9gr\u00e9 de production d&rsquo;hydrog\u00e8ne vert en Alg\u00e9rie. Ce projet pr\u00e9voit la r\u00e9alisation d&rsquo;une station d&rsquo;\u00e9lectrolyse \u00e0 hydrog\u00e8ne d&rsquo;une capacit\u00e9 de 50 \u00e0 200 m\u00e9gawatts, aliment\u00e9e par des centrales \u00e9oliennes et solaires. Il inclut \u00e9galement la cr\u00e9ation d&rsquo;une usine de production de m\u00e9thanol vert et\/ou d&rsquo;ammoniac vert, ainsi que les infrastructures n\u00e9cessaires pour le stockage et le transport.<\/p>\n\n\n\n<p>M. Ya\u00efci insiste dans ce sens sur l&rsquo;importance de la collaboration internationale pour mener \u00e0 bien ces projets ambitieux. Il souligne que le d\u00e9veloppement de la production d&rsquo;hydrog\u00e8ne vert en Alg\u00e9rie et son exportation n\u00e9cessitent \u00ab\u00a0une coop\u00e9ration continue entre les experts et les sp\u00e9cialistes alg\u00e9riens et \u00e9trangers pour \u00e9changer les expertises et tirer profit des nouvelles technologies dans ce domaine\u00a0\u00bb.<\/p>\n\n\n\n<p>Sabrina Aziouez<\/p>\n","protected":false},"excerpt":{"rendered":"<p>L&rsquo;Alg\u00e9rie se positionne comme un acteur majeur \u00e9mergent dans la production d&rsquo;hydrog\u00e8ne vert, selon Boukhalfa Ya\u00efci, directeur g\u00e9n\u00e9ral de Green<\/p>\n","protected":false},"author":6,"featured_media":37257,"comment_status":"open","ping_status":"closed","sticky":false,"template":"","format":"standard","meta":{"colormag_page_container_layout":"default_layout","colormag_page_sidebar_layout":"default_layout","om_disable_all_campaigns":false,"_monsterinsights_skip_tracking":false,"_monsterinsights_sitenote_active":false,"_monsterinsights_sitenote_note":"","_monsterinsights_sitenote_category":0,"footnotes":"","_wpscppro_dont_share_socialmedia":false,"_wpscppro_custom_social_share_image":0,"_facebook_share_type":"default","_twitter_share_type":"default","_linkedin_share_type":"default","_pinterest_share_type":"default","_linkedin_share_type_page":"","_instagram_share_type":"default","_medium_share_type":"default","_threads_share_type":"","_google_business_share_type":"","_selected_social_profile":[],"_wpsp_enable_custom_social_template":false,"_wpsp_social_scheduling":{"enabled":false,"datetime":null,"platforms":[],"status":"template_only","dateOption":"today","timeOption":"now","customDays":"","customHours":"","customDate":"","customTime":"","schedulingType":"absolute"},"_wpsp_active_default_template":true},"categories":[29],"tags":[],"class_list":["post-58346","post","type-post","status-publish","format-standard","has-post-thumbnail","hentry","category-economie"],"aioseo_notices":[],"yoast_head":"<!-- This site is optimized with the Yoast SEO plugin v27.5 - https:\/\/yoast.com\/product\/yoast-seo-wordpress\/ -->\n<title>L&rsquo;Alg\u00e9rie, futur g\u00e9ant de l&rsquo;hydrog\u00e8ne vert - La Sentinelle<\/title>\n<meta name=\"robots\" content=\"index, follow, max-snippet:-1, max-image-preview:large, max-video-preview:-1\" \/>\n<link rel=\"canonical\" href=\"https:\/\/lasentinelle.dz\/index.php\/2024\/10\/20\/lalgerie-futur-geant-de-lhydrogene-vert\/\" \/>\n<meta property=\"og:locale\" content=\"fr_FR\" \/>\n<meta property=\"og:type\" content=\"article\" \/>\n<meta property=\"og:title\" content=\"L&rsquo;Alg\u00e9rie, futur g\u00e9ant de l&rsquo;hydrog\u00e8ne vert - La Sentinelle\" \/>\n<meta property=\"og:description\" content=\"L&rsquo;Alg\u00e9rie se positionne comme un acteur majeur \u00e9mergent dans la production d&rsquo;hydrog\u00e8ne vert, selon Boukhalfa Ya\u00efci, directeur g\u00e9n\u00e9ral de Green\" \/>\n<meta property=\"og:url\" content=\"https:\/\/lasentinelle.dz\/index.php\/2024\/10\/20\/lalgerie-futur-geant-de-lhydrogene-vert\/\" \/>\n<meta property=\"og:site_name\" content=\"La Sentinelle\" \/>\n<meta property=\"article:publisher\" content=\"https:\/\/www.facebook.com\/La-Sentinelle-104059864394773\" \/>\n<meta property=\"article:published_time\" content=\"2024-10-20T18:31:36+00:00\" \/>\n<meta property=\"og:image\" content=\"https:\/\/lasentinelle.dz\/wp-content\/uploads\/2023\/03\/hydrogene.png\" \/>\n\t<meta property=\"og:image:width\" content=\"1430\" \/>\n\t<meta property=\"og:image:height\" content=\"900\" \/>\n\t<meta property=\"og:image:type\" content=\"image\/png\" \/>\n<meta name=\"author\" content=\"admin\" \/>\n<meta name=\"twitter:card\" content=\"summary_large_image\" \/>\n<meta name=\"twitter:label1\" content=\"\u00c9crit par\" \/>\n\t<meta name=\"twitter:data1\" content=\"admin\" \/>\n\t<meta name=\"twitter:label2\" content=\"Dur\u00e9e de lecture estim\u00e9e\" \/>\n\t<meta name=\"twitter:data2\" content=\"3 minutes\" \/>\n<script type=\"application\/ld+json\" class=\"yoast-schema-graph\">{\"@context\":\"https:\\\/\\\/schema.org\",\"@graph\":[{\"@type\":\"Article\",\"@id\":\"https:\\\/\\\/lasentinelle.dz\\\/index.php\\\/2024\\\/10\\\/20\\\/lalgerie-futur-geant-de-lhydrogene-vert\\\/#article\",\"isPartOf\":{\"@id\":\"https:\\\/\\\/lasentinelle.dz\\\/index.php\\\/2024\\\/10\\\/20\\\/lalgerie-futur-geant-de-lhydrogene-vert\\\/\"},\"author\":{\"name\":\"admin\",\"@id\":\"https:\\\/\\\/lasentinelle.dz\\\/#\\\/schema\\\/person\\\/729ee0024f24e0b8c5ec17232f8e8b41\"},\"headline\":\"L&rsquo;Alg\u00e9rie, futur g\u00e9ant de l&rsquo;hydrog\u00e8ne vert\",\"datePublished\":\"2024-10-20T18:31:36+00:00\",\"mainEntityOfPage\":{\"@id\":\"https:\\\/\\\/lasentinelle.dz\\\/index.php\\\/2024\\\/10\\\/20\\\/lalgerie-futur-geant-de-lhydrogene-vert\\\/\"},\"wordCount\":616,\"commentCount\":0,\"publisher\":{\"@id\":\"https:\\\/\\\/lasentinelle.dz\\\/#organization\"},\"image\":{\"@id\":\"https:\\\/\\\/lasentinelle.dz\\\/index.php\\\/2024\\\/10\\\/20\\\/lalgerie-futur-geant-de-lhydrogene-vert\\\/#primaryimage\"},\"thumbnailUrl\":\"https:\\\/\\\/lasentinelle.dz\\\/wp-content\\\/uploads\\\/2023\\\/03\\\/hydrogene.png\",\"articleSection\":[\"\u00c9conomie\"],\"inLanguage\":\"fr-FR\",\"potentialAction\":[{\"@type\":\"CommentAction\",\"name\":\"Comment\",\"target\":[\"https:\\\/\\\/lasentinelle.dz\\\/index.php\\\/2024\\\/10\\\/20\\\/lalgerie-futur-geant-de-lhydrogene-vert\\\/#respond\"]}]},{\"@type\":\"WebPage\",\"@id\":\"https:\\\/\\\/lasentinelle.dz\\\/index.php\\\/2024\\\/10\\\/20\\\/lalgerie-futur-geant-de-lhydrogene-vert\\\/\",\"url\":\"https:\\\/\\\/lasentinelle.dz\\\/index.php\\\/2024\\\/10\\\/20\\\/lalgerie-futur-geant-de-lhydrogene-vert\\\/\",\"name\":\"L&rsquo;Alg\u00e9rie, futur g\u00e9ant de l&rsquo;hydrog\u00e8ne vert - La Sentinelle\",\"isPartOf\":{\"@id\":\"https:\\\/\\\/lasentinelle.dz\\\/#website\"},\"primaryImageOfPage\":{\"@id\":\"https:\\\/\\\/lasentinelle.dz\\\/index.php\\\/2024\\\/10\\\/20\\\/lalgerie-futur-geant-de-lhydrogene-vert\\\/#primaryimage\"},\"image\":{\"@id\":\"https:\\\/\\\/lasentinelle.dz\\\/index.php\\\/2024\\\/10\\\/20\\\/lalgerie-futur-geant-de-lhydrogene-vert\\\/#primaryimage\"},\"thumbnailUrl\":\"https:\\\/\\\/lasentinelle.dz\\\/wp-content\\\/uploads\\\/2023\\\/03\\\/hydrogene.png\",\"datePublished\":\"2024-10-20T18:31:36+00:00\",\"breadcrumb\":{\"@id\":\"https:\\\/\\\/lasentinelle.dz\\\/index.php\\\/2024\\\/10\\\/20\\\/lalgerie-futur-geant-de-lhydrogene-vert\\\/#breadcrumb\"},\"inLanguage\":\"fr-FR\",\"potentialAction\":[{\"@type\":\"ReadAction\",\"target\":[\"https:\\\/\\\/lasentinelle.dz\\\/index.php\\\/2024\\\/10\\\/20\\\/lalgerie-futur-geant-de-lhydrogene-vert\\\/\"]}]},{\"@type\":\"ImageObject\",\"inLanguage\":\"fr-FR\",\"@id\":\"https:\\\/\\\/lasentinelle.dz\\\/index.php\\\/2024\\\/10\\\/20\\\/lalgerie-futur-geant-de-lhydrogene-vert\\\/#primaryimage\",\"url\":\"https:\\\/\\\/lasentinelle.dz\\\/wp-content\\\/uploads\\\/2023\\\/03\\\/hydrogene.png\",\"contentUrl\":\"https:\\\/\\\/lasentinelle.dz\\\/wp-content\\\/uploads\\\/2023\\\/03\\\/hydrogene.png\",\"width\":1430,\"height\":900},{\"@type\":\"BreadcrumbList\",\"@id\":\"https:\\\/\\\/lasentinelle.dz\\\/index.php\\\/2024\\\/10\\\/20\\\/lalgerie-futur-geant-de-lhydrogene-vert\\\/#breadcrumb\",\"itemListElement\":[{\"@type\":\"ListItem\",\"position\":1,\"name\":\"Accueil\",\"item\":\"https:\\\/\\\/lasentinelle.dz\\\/\"},{\"@type\":\"ListItem\",\"position\":2,\"name\":\"L&rsquo;Alg\u00e9rie, futur g\u00e9ant de l&rsquo;hydrog\u00e8ne vert\"}]},{\"@type\":\"WebSite\",\"@id\":\"https:\\\/\\\/lasentinelle.dz\\\/#website\",\"url\":\"https:\\\/\\\/lasentinelle.dz\\\/\",\"name\":\"La Sentinelle\",\"description\":\"Quotidien national d&#039;information\",\"publisher\":{\"@id\":\"https:\\\/\\\/lasentinelle.dz\\\/#organization\"},\"potentialAction\":[{\"@type\":\"SearchAction\",\"target\":{\"@type\":\"EntryPoint\",\"urlTemplate\":\"https:\\\/\\\/lasentinelle.dz\\\/?s={search_term_string}\"},\"query-input\":{\"@type\":\"PropertyValueSpecification\",\"valueRequired\":true,\"valueName\":\"search_term_string\"}}],\"inLanguage\":\"fr-FR\"},{\"@type\":\"Organization\",\"@id\":\"https:\\\/\\\/lasentinelle.dz\\\/#organization\",\"name\":\"Quotidien La Sentinelle\",\"url\":\"https:\\\/\\\/lasentinelle.dz\\\/\",\"logo\":{\"@type\":\"ImageObject\",\"inLanguage\":\"fr-FR\",\"@id\":\"https:\\\/\\\/lasentinelle.dz\\\/#\\\/schema\\\/logo\\\/image\\\/\",\"url\":\"https:\\\/\\\/lasentinelle.dz\\\/wp-content\\\/uploads\\\/2021\\\/09\\\/logo-sentinelleSLOGAN-1.png\",\"contentUrl\":\"https:\\\/\\\/lasentinelle.dz\\\/wp-content\\\/uploads\\\/2021\\\/09\\\/logo-sentinelleSLOGAN-1.png\",\"width\":615,\"height\":142,\"caption\":\"Quotidien La Sentinelle\"},\"image\":{\"@id\":\"https:\\\/\\\/lasentinelle.dz\\\/#\\\/schema\\\/logo\\\/image\\\/\"},\"sameAs\":[\"https:\\\/\\\/www.facebook.com\\\/La-Sentinelle-104059864394773\"]},{\"@type\":\"Person\",\"@id\":\"https:\\\/\\\/lasentinelle.dz\\\/#\\\/schema\\\/person\\\/729ee0024f24e0b8c5ec17232f8e8b41\",\"name\":\"admin\",\"image\":{\"@type\":\"ImageObject\",\"inLanguage\":\"fr-FR\",\"@id\":\"https:\\\/\\\/secure.gravatar.com\\\/avatar\\\/4c81fed838786e9b53f540bf46533e750f5d292099ae3b66cfc6fb1982e29df7?s=96&d=mm&r=g\",\"url\":\"https:\\\/\\\/secure.gravatar.com\\\/avatar\\\/4c81fed838786e9b53f540bf46533e750f5d292099ae3b66cfc6fb1982e29df7?s=96&d=mm&r=g\",\"contentUrl\":\"https:\\\/\\\/secure.gravatar.com\\\/avatar\\\/4c81fed838786e9b53f540bf46533e750f5d292099ae3b66cfc6fb1982e29df7?s=96&d=mm&r=g\",\"caption\":\"admin\"},\"description\":\"admin\",\"url\":\"https:\\\/\\\/lasentinelle.dz\\\/author\\\/admin\\\/\"}]}<\/script>\n<!-- \/ Yoast SEO plugin. -->","yoast_head_json":{"title":"L&rsquo;Alg\u00e9rie, futur g\u00e9ant de l&rsquo;hydrog\u00e8ne vert - La Sentinelle","robots":{"index":"index","follow":"follow","max-snippet":"max-snippet:-1","max-image-preview":"max-image-preview:large","max-video-preview":"max-video-preview:-1"},"canonical":"https:\/\/lasentinelle.dz\/index.php\/2024\/10\/20\/lalgerie-futur-geant-de-lhydrogene-vert\/","og_locale":"fr_FR","og_type":"article","og_title":"L&rsquo;Alg\u00e9rie, futur g\u00e9ant de l&rsquo;hydrog\u00e8ne vert - La Sentinelle","og_description":"L&rsquo;Alg\u00e9rie se positionne comme un acteur majeur \u00e9mergent dans la production d&rsquo;hydrog\u00e8ne vert, selon Boukhalfa Ya\u00efci, directeur g\u00e9n\u00e9ral de Green","og_url":"https:\/\/lasentinelle.dz\/index.php\/2024\/10\/20\/lalgerie-futur-geant-de-lhydrogene-vert\/","og_site_name":"La Sentinelle","article_publisher":"https:\/\/www.facebook.com\/La-Sentinelle-104059864394773","article_published_time":"2024-10-20T18:31:36+00:00","og_image":[{"width":1430,"height":900,"url":"https:\/\/lasentinelle.dz\/wp-content\/uploads\/2023\/03\/hydrogene.png","type":"image\/png"}],"author":"admin","twitter_card":"summary_large_image","twitter_misc":{"\u00c9crit par":"admin","Dur\u00e9e de lecture estim\u00e9e":"3 minutes"},"schema":{"@context":"https:\/\/schema.org","@graph":[{"@type":"Article","@id":"https:\/\/lasentinelle.dz\/index.php\/2024\/10\/20\/lalgerie-futur-geant-de-lhydrogene-vert\/#article","isPartOf":{"@id":"https:\/\/lasentinelle.dz\/index.php\/2024\/10\/20\/lalgerie-futur-geant-de-lhydrogene-vert\/"},"author":{"name":"admin","@id":"https:\/\/lasentinelle.dz\/#\/schema\/person\/729ee0024f24e0b8c5ec17232f8e8b41"},"headline":"L&rsquo;Alg\u00e9rie, futur g\u00e9ant de l&rsquo;hydrog\u00e8ne vert","datePublished":"2024-10-20T18:31:36+00:00","mainEntityOfPage":{"@id":"https:\/\/lasentinelle.dz\/index.php\/2024\/10\/20\/lalgerie-futur-geant-de-lhydrogene-vert\/"},"wordCount":616,"commentCount":0,"publisher":{"@id":"https:\/\/lasentinelle.dz\/#organization"},"image":{"@id":"https:\/\/lasentinelle.dz\/index.php\/2024\/10\/20\/lalgerie-futur-geant-de-lhydrogene-vert\/#primaryimage"},"thumbnailUrl":"https:\/\/lasentinelle.dz\/wp-content\/uploads\/2023\/03\/hydrogene.png","articleSection":["\u00c9conomie"],"inLanguage":"fr-FR","potentialAction":[{"@type":"CommentAction","name":"Comment","target":["https:\/\/lasentinelle.dz\/index.php\/2024\/10\/20\/lalgerie-futur-geant-de-lhydrogene-vert\/#respond"]}]},{"@type":"WebPage","@id":"https:\/\/lasentinelle.dz\/index.php\/2024\/10\/20\/lalgerie-futur-geant-de-lhydrogene-vert\/","url":"https:\/\/lasentinelle.dz\/index.php\/2024\/10\/20\/lalgerie-futur-geant-de-lhydrogene-vert\/","name":"L&rsquo;Alg\u00e9rie, futur g\u00e9ant de l&rsquo;hydrog\u00e8ne vert - La Sentinelle","isPartOf":{"@id":"https:\/\/lasentinelle.dz\/#website"},"primaryImageOfPage":{"@id":"https:\/\/lasentinelle.dz\/index.php\/2024\/10\/20\/lalgerie-futur-geant-de-lhydrogene-vert\/#primaryimage"},"image":{"@id":"https:\/\/lasentinelle.dz\/index.php\/2024\/10\/20\/lalgerie-futur-geant-de-lhydrogene-vert\/#primaryimage"},"thumbnailUrl":"https:\/\/lasentinelle.dz\/wp-content\/uploads\/2023\/03\/hydrogene.png","datePublished":"2024-10-20T18:31:36+00:00","breadcrumb":{"@id":"https:\/\/lasentinelle.dz\/index.php\/2024\/10\/20\/lalgerie-futur-geant-de-lhydrogene-vert\/#breadcrumb"},"inLanguage":"fr-FR","potentialAction":[{"@type":"ReadAction","target":["https:\/\/lasentinelle.dz\/index.php\/2024\/10\/20\/lalgerie-futur-geant-de-lhydrogene-vert\/"]}]},{"@type":"ImageObject","inLanguage":"fr-FR","@id":"https:\/\/lasentinelle.dz\/index.php\/2024\/10\/20\/lalgerie-futur-geant-de-lhydrogene-vert\/#primaryimage","url":"https:\/\/lasentinelle.dz\/wp-content\/uploads\/2023\/03\/hydrogene.png","contentUrl":"https:\/\/lasentinelle.dz\/wp-content\/uploads\/2023\/03\/hydrogene.png","width":1430,"height":900},{"@type":"BreadcrumbList","@id":"https:\/\/lasentinelle.dz\/index.php\/2024\/10\/20\/lalgerie-futur-geant-de-lhydrogene-vert\/#breadcrumb","itemListElement":[{"@type":"ListItem","position":1,"name":"Accueil","item":"https:\/\/lasentinelle.dz\/"},{"@type":"ListItem","position":2,"name":"L&rsquo;Alg\u00e9rie, futur g\u00e9ant de l&rsquo;hydrog\u00e8ne vert"}]},{"@type":"WebSite","@id":"https:\/\/lasentinelle.dz\/#website","url":"https:\/\/lasentinelle.dz\/","name":"La Sentinelle","description":"Quotidien national d&#039;information","publisher":{"@id":"https:\/\/lasentinelle.dz\/#organization"},"potentialAction":[{"@type":"SearchAction","target":{"@type":"EntryPoint","urlTemplate":"https:\/\/lasentinelle.dz\/?s={search_term_string}"},"query-input":{"@type":"PropertyValueSpecification","valueRequired":true,"valueName":"search_term_string"}}],"inLanguage":"fr-FR"},{"@type":"Organization","@id":"https:\/\/lasentinelle.dz\/#organization","name":"Quotidien La Sentinelle","url":"https:\/\/lasentinelle.dz\/","logo":{"@type":"ImageObject","inLanguage":"fr-FR","@id":"https:\/\/lasentinelle.dz\/#\/schema\/logo\/image\/","url":"https:\/\/lasentinelle.dz\/wp-content\/uploads\/2021\/09\/logo-sentinelleSLOGAN-1.png","contentUrl":"https:\/\/lasentinelle.dz\/wp-content\/uploads\/2021\/09\/logo-sentinelleSLOGAN-1.png","width":615,"height":142,"caption":"Quotidien La Sentinelle"},"image":{"@id":"https:\/\/lasentinelle.dz\/#\/schema\/logo\/image\/"},"sameAs":["https:\/\/www.facebook.com\/La-Sentinelle-104059864394773"]},{"@type":"Person","@id":"https:\/\/lasentinelle.dz\/#\/schema\/person\/729ee0024f24e0b8c5ec17232f8e8b41","name":"admin","image":{"@type":"ImageObject","inLanguage":"fr-FR","@id":"https:\/\/secure.gravatar.com\/avatar\/4c81fed838786e9b53f540bf46533e750f5d292099ae3b66cfc6fb1982e29df7?s=96&d=mm&r=g","url":"https:\/\/secure.gravatar.com\/avatar\/4c81fed838786e9b53f540bf46533e750f5d292099ae3b66cfc6fb1982e29df7?s=96&d=mm&r=g","contentUrl":"https:\/\/secure.gravatar.com\/avatar\/4c81fed838786e9b53f540bf46533e750f5d292099ae3b66cfc6fb1982e29df7?s=96&d=mm&r=g","caption":"admin"},"description":"admin","url":"https:\/\/lasentinelle.dz\/author\/admin\/"}]}},"_links":{"self":[{"href":"https:\/\/lasentinelle.dz\/index.php\/wp-json\/wp\/v2\/posts\/58346","targetHints":{"allow":["GET"]}}],"collection":[{"href":"https:\/\/lasentinelle.dz\/index.php\/wp-json\/wp\/v2\/posts"}],"about":[{"href":"https:\/\/lasentinelle.dz\/index.php\/wp-json\/wp\/v2\/types\/post"}],"author":[{"embeddable":true,"href":"https:\/\/lasentinelle.dz\/index.php\/wp-json\/wp\/v2\/users\/6"}],"replies":[{"embeddable":true,"href":"https:\/\/lasentinelle.dz\/index.php\/wp-json\/wp\/v2\/comments?post=58346"}],"version-history":[{"count":2,"href":"https:\/\/lasentinelle.dz\/index.php\/wp-json\/wp\/v2\/posts\/58346\/revisions"}],"predecessor-version":[{"id":58348,"href":"https:\/\/lasentinelle.dz\/index.php\/wp-json\/wp\/v2\/posts\/58346\/revisions\/58348"}],"wp:featuredmedia":[{"embeddable":true,"href":"https:\/\/lasentinelle.dz\/index.php\/wp-json\/wp\/v2\/media\/37257"}],"wp:attachment":[{"href":"https:\/\/lasentinelle.dz\/index.php\/wp-json\/wp\/v2\/media?parent=58346"}],"wp:term":[{"taxonomy":"category","embeddable":true,"href":"https:\/\/lasentinelle.dz\/index.php\/wp-json\/wp\/v2\/categories?post=58346"},{"taxonomy":"post_tag","embeddable":true,"href":"https:\/\/lasentinelle.dz\/index.php\/wp-json\/wp\/v2\/tags?post=58346"}],"curies":[{"name":"wp","href":"https:\/\/api.w.org\/{rel}","templated":true}]}}