{"id":58377,"date":"2024-10-17T12:50:00","date_gmt":"2024-10-17T11:50:00","guid":{"rendered":"https:\/\/lasentinelle.dz\/?p=58377"},"modified":"2024-10-21T12:50:30","modified_gmt":"2024-10-21T11:50:30","slug":"le-canex-wknd-2024-sest-ouvert-hier-lafrique-en-communion-a-alger","status":"publish","type":"post","link":"https:\/\/lasentinelle.dz\/index.php\/2024\/10\/17\/le-canex-wknd-2024-sest-ouvert-hier-lafrique-en-communion-a-alger\/","title":{"rendered":"Le CANEX WKND 2024 s\u2019est ouvert hier\u00a0: L\u2019Afrique en communion \u00e0 Alger"},"content":{"rendered":"\n<p>L&rsquo;Alg\u00e9rie accueille depuis hier et jusqu\u2019au 19 octobre en cours les \u00ab\u00a0Journ\u00e9es cr\u00e9atives africaines 2024\u00a0\u00bb (CANEX WKND). Plac\u00e9e sous le slogan \u00e9vocateur \u00ab\u00a0Un peuple uni dans la culture, cr\u00e9ant pour le monde\u00a0\u00bb, cette manifestation s&rsquo;impose comme un tremplin pour l&rsquo;\u00e9conomie cr\u00e9ative du continent, s&rsquo;inscrivant dans le cadre des pr\u00e9paratifs de l&rsquo;exposition commerciale intra-africaine (IATF) pr\u00e9vue en 2025.<\/p>\n\n\n\n<p>Le CANEX WKND s\u2019est ouvert hier \u00e0 l&rsquo;h\u00f4tel Sheraton Club des Pins d&rsquo;Alger, avec une table ronde sur le th\u00e8me de \u00ab\u00a0l&rsquo;\u00e9conomie cr\u00e9ative inclusive\u00a0\u00bb. Cette rencontre a rassembl\u00e9 un panel impressionnant de personnalit\u00e9s, dont Dr. Soraya Mouloudji, ministre de la Culture et des Arts, Mohamed El-Saghir Saadaoui, conseiller du pr\u00e9sident de la R\u00e9publique, ainsi que des repr\u00e9sentants de la Commission de l&rsquo;Union africaine, de la Banque africaine d&rsquo;import-export (Afreximbank), du secr\u00e9tariat de la Zone de libre-\u00e9change continentale africaine (ZLECAf), et des ministres de la culture de nombreux pays africains et carib\u00e9ens. Dans son discours d&rsquo;ouverture, Soraya Mouloudji a soulign\u00e9 l&rsquo;importance capitale de cet \u00e9v\u00e9nement pour le continent africain, rappelant \u00ab\u00a0le principe ferme de la direction politique de notre pays, sous la direction du pr\u00e9sident de la R\u00e9publique, Abdelmadjid Tebboune, qui ne cesse de r\u00e9affirmer la position de l&rsquo;Alg\u00e9rie en faveur des causes justes dans le monde entier\u00a0\u00bb. Elle a qualifi\u00e9 les Journ\u00e9es des industries cr\u00e9atives africaines de \u00ab\u00a0pr\u00e9cieuse opportunit\u00e9 pour renouveler notre volont\u00e9 de relancer la cr\u00e9ativit\u00e9 africaine, riche et diversifi\u00e9e en talents et en profondeur civilisationnelle\u00a0\u00bb, insistant sur la n\u00e9cessit\u00e9 d&rsquo;adopter \u00ab\u00a0une approche \u00e9conomique efficace pour les industries cr\u00e9atives, afin d&rsquo;atteindre les objectifs escompt\u00e9s selon les visions modernes du d\u00e9veloppement durable pour tous les peuples africains\u00a0\u00bb. En \u00e9voquant l&rsquo;importance de cette rencontre, Mme la ministre a soulign\u00e9 qu&rsquo;il s&rsquo;agit d&rsquo;une occasion historique pour renforcer la proximit\u00e9 et la coop\u00e9ration entre les pays africains et d\u00e9fendre leurs int\u00e9r\u00eats strat\u00e9giques. Elle a exprim\u00e9 l&rsquo;espoir que \u00ab\u00a0notre rencontre aujourd&rsquo;hui marque un moment historique dans la m\u00e9moire du continent africain, \u00e0 travers des d\u00e9cisions qui doivent \u00eatre le fruit de la convergence des visions et de l&rsquo;union des volont\u00e9s des pays africains, afin d&rsquo;instaurer une nouvelle dynamique qui permettra de constituer un pilier principal de toute coop\u00e9ration africaine \u00e0 tous les niveaux\u00a0\u00bb. La ministre a \u00e9galement mis en avant les efforts et les contributions de l&rsquo;\u00c9tat alg\u00e9rien pour atteindre un niveau de coop\u00e9ration culturelle constructive qui assure le d\u00e9veloppement et le bien-\u00eatre des peuples africains. Elle a conclu son discours en remerciant tous les partenaires et participants pr\u00e9sents sur le sol alg\u00e9rien, berceau de la cr\u00e9ativit\u00e9 africaine.<\/p>\n\n\n\n<p>Le programme des \u00ab\u00a0Journ\u00e9es cr\u00e9atives africaines 2024\u00a0\u00bb, est riche et vari\u00e9, visant \u00e0 mettre en lumi\u00e8re la diversit\u00e9 des talents africains. Des expositions et showcases permettent aux artistes, artisans et entrepreneurs cr\u00e9atifs de pr\u00e9senter leurs \u0153uvres et produits, tandis que des tables rondes et conf\u00e9rences favoriseront l&rsquo;\u00e9change d&rsquo;id\u00e9es et la mise en r\u00e9seau. Des ateliers de formation dans les domaines de la musique et du cin\u00e9ma sont pr\u00e9vus pour renforcer les comp\u00e9tences des participants. Le \u00ab\u00a0CANEX Fashion Show\u00a0\u00bb doit mettre en avant les cr\u00e9ations de stylistes innovants venus des quatre coins du continent. L&rsquo;\u00e9v\u00e9nement pr\u00e9voit aussi la remise de prix, notamment le Prix CANEX de l&rsquo;\u00e9dition litt\u00e9raire en Afrique, c\u00e9l\u00e9brant l&rsquo;excellence litt\u00e9raire du continent, et les Prix \u00ab\u00a0CANEX Shorts\u00a0\u00bb, r\u00e9compensant les meilleurs courts m\u00e9trages africains. Une vitrine gastronomique permettra \u00e0 des chefs renomm\u00e9s de partager leur savoir-faire et leurs recettes, mettant \u00e0 l&rsquo;honneur la richesse culinaire africaine. En parall\u00e8le, diverses activit\u00e9s culturelles sont organis\u00e9es, comme la 7e \u00e9dition du Festival culturel international \u00ab\u00a0l&rsquo;\u00e9t\u00e9 en musique\u00a0\u00bb, des spectacles artistiques au Th\u00e9\u00e2tre national alg\u00e9rien (TNA), des expositions d&rsquo;art au Palais de la Culture Moufdi-Zakaria, au Centre des Arts et de la Culture Palais des Ra\u00efs (Bastion 23) et \u00e0 la Villa Abdellatif, ainsi que des projections de films \u00e0 la salle Ibn Zeydoune. Ces \u00ab\u00a0Journ\u00e9es cr\u00e9atives africaines 2024\u00a0\u00bb s&rsquo;inscrivent dans une dynamique plus large visant \u00e0 renforcer le secteur cr\u00e9atif et culturel du continent. L&rsquo;\u00e9v\u00e9nement permettra de valoriser les talents africains en leur offrant une plateforme d&rsquo;expression \u00e0 l&rsquo;\u00e9chelle continentale et internationale. Il doit \u00e9galement favoriser les \u00e9changes et la coop\u00e9ration entre les acteurs du secteur, ouvrant la voie \u00e0 de futures collaborations. En mettant en avant les pratiques innovantes et les nouvelles technologies dans les industries cr\u00e9atives, l&rsquo;\u00e9v\u00e9nement encourage l&rsquo;\u00e9mergence de projets novateurs. De plus, en pr\u00e9lude \u00e0 l&rsquo;exposition commerciale intra-africaine de 2025, ces journ\u00e9es doivent contribuer \u00e0 tisser des liens commerciaux entre les entreprises du secteur cr\u00e9atif \u00e0 l&rsquo;\u00e9chelle du continent. Enfin, en c\u00e9l\u00e9brant la richesse culturelle de l&rsquo;Afrique, l&rsquo;\u00e9v\u00e9nement doit renforcer l&rsquo;image du continent comme source de cr\u00e9ativit\u00e9 et d&rsquo;innovation sur la sc\u00e8ne mondiale.<\/p>\n\n\n\n<p>Mohamed Seghir<\/p>\n","protected":false},"excerpt":{"rendered":"<p>L&rsquo;Alg\u00e9rie accueille depuis hier et jusqu\u2019au 19 octobre en cours les \u00ab\u00a0Journ\u00e9es cr\u00e9atives africaines 2024\u00a0\u00bb (CANEX WKND). Plac\u00e9e sous le<\/p>\n","protected":false},"author":6,"featured_media":58378,"comment_status":"open","ping_status":"closed","sticky":false,"template":"","format":"standard","meta":{"colormag_page_container_layout":"default_layout","colormag_page_sidebar_layout":"default_layout","om_disable_all_campaigns":false,"_monsterinsights_skip_tracking":false,"_monsterinsights_sitenote_active":false,"_monsterinsights_sitenote_note":"","_monsterinsights_sitenote_category":0,"footnotes":"","_wpscppro_dont_share_socialmedia":false,"_wpscppro_custom_social_share_image":0,"_facebook_share_type":"default","_twitter_share_type":"default","_linkedin_share_type":"default","_pinterest_share_type":"default","_linkedin_share_type_page":"","_instagram_share_type":"default","_medium_share_type":"default","_threads_share_type":"","_google_business_share_type":"","_selected_social_profile":[],"_wpsp_enable_custom_social_template":false,"_wpsp_social_scheduling":{"enabled":false,"datetime":null,"platforms":[],"status":"template_only","dateOption":"today","timeOption":"now","customDays":"","customHours":"","customDate":"","customTime":"","schedulingType":"absolute"},"_wpsp_active_default_template":true},"categories":[36],"tags":[],"class_list":["post-58377","post","type-post","status-publish","format-standard","has-post-thumbnail","hentry","category-culture"],"aioseo_notices":[],"yoast_head":"<!-- This site is optimized with the Yoast SEO plugin v27.5 - https:\/\/yoast.com\/product\/yoast-seo-wordpress\/ -->\n<title>Le CANEX WKND 2024 s\u2019est ouvert hier\u00a0: L\u2019Afrique en communion \u00e0 Alger - La Sentinelle<\/title>\n<meta name=\"robots\" content=\"index, follow, max-snippet:-1, max-image-preview:large, max-video-preview:-1\" \/>\n<link rel=\"canonical\" href=\"https:\/\/lasentinelle.dz\/index.php\/2024\/10\/17\/le-canex-wknd-2024-sest-ouvert-hier-lafrique-en-communion-a-alger\/\" \/>\n<meta property=\"og:locale\" content=\"fr_FR\" \/>\n<meta property=\"og:type\" content=\"article\" \/>\n<meta property=\"og:title\" content=\"Le CANEX WKND 2024 s\u2019est ouvert hier\u00a0: L\u2019Afrique en communion \u00e0 Alger - La Sentinelle\" \/>\n<meta property=\"og:description\" content=\"L&rsquo;Alg\u00e9rie accueille depuis hier et jusqu\u2019au 19 octobre en cours les \u00ab\u00a0Journ\u00e9es cr\u00e9atives africaines 2024\u00a0\u00bb (CANEX WKND). Plac\u00e9e sous le\" \/>\n<meta property=\"og:url\" content=\"https:\/\/lasentinelle.dz\/index.php\/2024\/10\/17\/le-canex-wknd-2024-sest-ouvert-hier-lafrique-en-communion-a-alger\/\" \/>\n<meta property=\"og:site_name\" content=\"La Sentinelle\" \/>\n<meta property=\"article:publisher\" content=\"https:\/\/www.facebook.com\/La-Sentinelle-104059864394773\" \/>\n<meta property=\"article:published_time\" content=\"2024-10-17T11:50:00+00:00\" \/>\n<meta property=\"article:modified_time\" content=\"2024-10-21T11:50:30+00:00\" \/>\n<meta property=\"og:image\" content=\"https:\/\/lasentinelle.dz\/wp-content\/uploads\/2024\/10\/canex-1.jpg\" \/>\n\t<meta property=\"og:image:width\" content=\"1440\" \/>\n\t<meta property=\"og:image:height\" content=\"960\" \/>\n\t<meta property=\"og:image:type\" content=\"image\/jpeg\" \/>\n<meta name=\"author\" content=\"admin\" \/>\n<meta name=\"twitter:card\" content=\"summary_large_image\" \/>\n<meta name=\"twitter:label1\" content=\"\u00c9crit par\" \/>\n\t<meta name=\"twitter:data1\" content=\"admin\" \/>\n\t<meta name=\"twitter:label2\" content=\"Dur\u00e9e de lecture estim\u00e9e\" \/>\n\t<meta name=\"twitter:data2\" content=\"5 minutes\" \/>\n<script type=\"application\/ld+json\" class=\"yoast-schema-graph\">{\"@context\":\"https:\\\/\\\/schema.org\",\"@graph\":[{\"@type\":\"Article\",\"@id\":\"https:\\\/\\\/lasentinelle.dz\\\/index.php\\\/2024\\\/10\\\/17\\\/le-canex-wknd-2024-sest-ouvert-hier-lafrique-en-communion-a-alger\\\/#article\",\"isPartOf\":{\"@id\":\"https:\\\/\\\/lasentinelle.dz\\\/index.php\\\/2024\\\/10\\\/17\\\/le-canex-wknd-2024-sest-ouvert-hier-lafrique-en-communion-a-alger\\\/\"},\"author\":{\"name\":\"admin\",\"@id\":\"https:\\\/\\\/lasentinelle.dz\\\/#\\\/schema\\\/person\\\/729ee0024f24e0b8c5ec17232f8e8b41\"},\"headline\":\"Le CANEX WKND 2024 s\u2019est ouvert hier\u00a0: L\u2019Afrique en communion \u00e0 Alger\",\"datePublished\":\"2024-10-17T11:50:00+00:00\",\"dateModified\":\"2024-10-21T11:50:30+00:00\",\"mainEntityOfPage\":{\"@id\":\"https:\\\/\\\/lasentinelle.dz\\\/index.php\\\/2024\\\/10\\\/17\\\/le-canex-wknd-2024-sest-ouvert-hier-lafrique-en-communion-a-alger\\\/\"},\"wordCount\":885,\"commentCount\":0,\"publisher\":{\"@id\":\"https:\\\/\\\/lasentinelle.dz\\\/#organization\"},\"image\":{\"@id\":\"https:\\\/\\\/lasentinelle.dz\\\/index.php\\\/2024\\\/10\\\/17\\\/le-canex-wknd-2024-sest-ouvert-hier-lafrique-en-communion-a-alger\\\/#primaryimage\"},\"thumbnailUrl\":\"https:\\\/\\\/lasentinelle.dz\\\/wp-content\\\/uploads\\\/2024\\\/10\\\/canex-1.jpg\",\"articleSection\":[\"Culture\"],\"inLanguage\":\"fr-FR\",\"potentialAction\":[{\"@type\":\"CommentAction\",\"name\":\"Comment\",\"target\":[\"https:\\\/\\\/lasentinelle.dz\\\/index.php\\\/2024\\\/10\\\/17\\\/le-canex-wknd-2024-sest-ouvert-hier-lafrique-en-communion-a-alger\\\/#respond\"]}]},{\"@type\":\"WebPage\",\"@id\":\"https:\\\/\\\/lasentinelle.dz\\\/index.php\\\/2024\\\/10\\\/17\\\/le-canex-wknd-2024-sest-ouvert-hier-lafrique-en-communion-a-alger\\\/\",\"url\":\"https:\\\/\\\/lasentinelle.dz\\\/index.php\\\/2024\\\/10\\\/17\\\/le-canex-wknd-2024-sest-ouvert-hier-lafrique-en-communion-a-alger\\\/\",\"name\":\"Le CANEX WKND 2024 s\u2019est ouvert hier\u00a0: L\u2019Afrique en communion \u00e0 Alger - La Sentinelle\",\"isPartOf\":{\"@id\":\"https:\\\/\\\/lasentinelle.dz\\\/#website\"},\"primaryImageOfPage\":{\"@id\":\"https:\\\/\\\/lasentinelle.dz\\\/index.php\\\/2024\\\/10\\\/17\\\/le-canex-wknd-2024-sest-ouvert-hier-lafrique-en-communion-a-alger\\\/#primaryimage\"},\"image\":{\"@id\":\"https:\\\/\\\/lasentinelle.dz\\\/index.php\\\/2024\\\/10\\\/17\\\/le-canex-wknd-2024-sest-ouvert-hier-lafrique-en-communion-a-alger\\\/#primaryimage\"},\"thumbnailUrl\":\"https:\\\/\\\/lasentinelle.dz\\\/wp-content\\\/uploads\\\/2024\\\/10\\\/canex-1.jpg\",\"datePublished\":\"2024-10-17T11:50:00+00:00\",\"dateModified\":\"2024-10-21T11:50:30+00:00\",\"breadcrumb\":{\"@id\":\"https:\\\/\\\/lasentinelle.dz\\\/index.php\\\/2024\\\/10\\\/17\\\/le-canex-wknd-2024-sest-ouvert-hier-lafrique-en-communion-a-alger\\\/#breadcrumb\"},\"inLanguage\":\"fr-FR\",\"potentialAction\":[{\"@type\":\"ReadAction\",\"target\":[\"https:\\\/\\\/lasentinelle.dz\\\/index.php\\\/2024\\\/10\\\/17\\\/le-canex-wknd-2024-sest-ouvert-hier-lafrique-en-communion-a-alger\\\/\"]}]},{\"@type\":\"ImageObject\",\"inLanguage\":\"fr-FR\",\"@id\":\"https:\\\/\\\/lasentinelle.dz\\\/index.php\\\/2024\\\/10\\\/17\\\/le-canex-wknd-2024-sest-ouvert-hier-lafrique-en-communion-a-alger\\\/#primaryimage\",\"url\":\"https:\\\/\\\/lasentinelle.dz\\\/wp-content\\\/uploads\\\/2024\\\/10\\\/canex-1.jpg\",\"contentUrl\":\"https:\\\/\\\/lasentinelle.dz\\\/wp-content\\\/uploads\\\/2024\\\/10\\\/canex-1.jpg\",\"width\":1440,\"height\":960},{\"@type\":\"BreadcrumbList\",\"@id\":\"https:\\\/\\\/lasentinelle.dz\\\/index.php\\\/2024\\\/10\\\/17\\\/le-canex-wknd-2024-sest-ouvert-hier-lafrique-en-communion-a-alger\\\/#breadcrumb\",\"itemListElement\":[{\"@type\":\"ListItem\",\"position\":1,\"name\":\"Accueil\",\"item\":\"https:\\\/\\\/lasentinelle.dz\\\/\"},{\"@type\":\"ListItem\",\"position\":2,\"name\":\"Le CANEX WKND 2024 s\u2019est ouvert hier\u00a0: L\u2019Afrique en communion \u00e0 Alger\"}]},{\"@type\":\"WebSite\",\"@id\":\"https:\\\/\\\/lasentinelle.dz\\\/#website\",\"url\":\"https:\\\/\\\/lasentinelle.dz\\\/\",\"name\":\"La Sentinelle\",\"description\":\"Quotidien national d&#039;information\",\"publisher\":{\"@id\":\"https:\\\/\\\/lasentinelle.dz\\\/#organization\"},\"potentialAction\":[{\"@type\":\"SearchAction\",\"target\":{\"@type\":\"EntryPoint\",\"urlTemplate\":\"https:\\\/\\\/lasentinelle.dz\\\/?s={search_term_string}\"},\"query-input\":{\"@type\":\"PropertyValueSpecification\",\"valueRequired\":true,\"valueName\":\"search_term_string\"}}],\"inLanguage\":\"fr-FR\"},{\"@type\":\"Organization\",\"@id\":\"https:\\\/\\\/lasentinelle.dz\\\/#organization\",\"name\":\"Quotidien La Sentinelle\",\"url\":\"https:\\\/\\\/lasentinelle.dz\\\/\",\"logo\":{\"@type\":\"ImageObject\",\"inLanguage\":\"fr-FR\",\"@id\":\"https:\\\/\\\/lasentinelle.dz\\\/#\\\/schema\\\/logo\\\/image\\\/\",\"url\":\"https:\\\/\\\/lasentinelle.dz\\\/wp-content\\\/uploads\\\/2021\\\/09\\\/logo-sentinelleSLOGAN-1.png\",\"contentUrl\":\"https:\\\/\\\/lasentinelle.dz\\\/wp-content\\\/uploads\\\/2021\\\/09\\\/logo-sentinelleSLOGAN-1.png\",\"width\":615,\"height\":142,\"caption\":\"Quotidien La Sentinelle\"},\"image\":{\"@id\":\"https:\\\/\\\/lasentinelle.dz\\\/#\\\/schema\\\/logo\\\/image\\\/\"},\"sameAs\":[\"https:\\\/\\\/www.facebook.com\\\/La-Sentinelle-104059864394773\"]},{\"@type\":\"Person\",\"@id\":\"https:\\\/\\\/lasentinelle.dz\\\/#\\\/schema\\\/person\\\/729ee0024f24e0b8c5ec17232f8e8b41\",\"name\":\"admin\",\"image\":{\"@type\":\"ImageObject\",\"inLanguage\":\"fr-FR\",\"@id\":\"https:\\\/\\\/secure.gravatar.com\\\/avatar\\\/4c81fed838786e9b53f540bf46533e750f5d292099ae3b66cfc6fb1982e29df7?s=96&d=mm&r=g\",\"url\":\"https:\\\/\\\/secure.gravatar.com\\\/avatar\\\/4c81fed838786e9b53f540bf46533e750f5d292099ae3b66cfc6fb1982e29df7?s=96&d=mm&r=g\",\"contentUrl\":\"https:\\\/\\\/secure.gravatar.com\\\/avatar\\\/4c81fed838786e9b53f540bf46533e750f5d292099ae3b66cfc6fb1982e29df7?s=96&d=mm&r=g\",\"caption\":\"admin\"},\"description\":\"admin\",\"url\":\"https:\\\/\\\/lasentinelle.dz\\\/author\\\/admin\\\/\"}]}<\/script>\n<!-- \/ Yoast SEO plugin. -->","yoast_head_json":{"title":"Le CANEX WKND 2024 s\u2019est ouvert hier\u00a0: L\u2019Afrique en communion \u00e0 Alger - La Sentinelle","robots":{"index":"index","follow":"follow","max-snippet":"max-snippet:-1","max-image-preview":"max-image-preview:large","max-video-preview":"max-video-preview:-1"},"canonical":"https:\/\/lasentinelle.dz\/index.php\/2024\/10\/17\/le-canex-wknd-2024-sest-ouvert-hier-lafrique-en-communion-a-alger\/","og_locale":"fr_FR","og_type":"article","og_title":"Le CANEX WKND 2024 s\u2019est ouvert hier\u00a0: L\u2019Afrique en communion \u00e0 Alger - La Sentinelle","og_description":"L&rsquo;Alg\u00e9rie accueille depuis hier et jusqu\u2019au 19 octobre en cours les \u00ab\u00a0Journ\u00e9es cr\u00e9atives africaines 2024\u00a0\u00bb (CANEX WKND). Plac\u00e9e sous le","og_url":"https:\/\/lasentinelle.dz\/index.php\/2024\/10\/17\/le-canex-wknd-2024-sest-ouvert-hier-lafrique-en-communion-a-alger\/","og_site_name":"La Sentinelle","article_publisher":"https:\/\/www.facebook.com\/La-Sentinelle-104059864394773","article_published_time":"2024-10-17T11:50:00+00:00","article_modified_time":"2024-10-21T11:50:30+00:00","og_image":[{"width":1440,"height":960,"url":"https:\/\/lasentinelle.dz\/wp-content\/uploads\/2024\/10\/canex-1.jpg","type":"image\/jpeg"}],"author":"admin","twitter_card":"summary_large_image","twitter_misc":{"\u00c9crit par":"admin","Dur\u00e9e de lecture estim\u00e9e":"5 minutes"},"schema":{"@context":"https:\/\/schema.org","@graph":[{"@type":"Article","@id":"https:\/\/lasentinelle.dz\/index.php\/2024\/10\/17\/le-canex-wknd-2024-sest-ouvert-hier-lafrique-en-communion-a-alger\/#article","isPartOf":{"@id":"https:\/\/lasentinelle.dz\/index.php\/2024\/10\/17\/le-canex-wknd-2024-sest-ouvert-hier-lafrique-en-communion-a-alger\/"},"author":{"name":"admin","@id":"https:\/\/lasentinelle.dz\/#\/schema\/person\/729ee0024f24e0b8c5ec17232f8e8b41"},"headline":"Le CANEX WKND 2024 s\u2019est ouvert hier\u00a0: L\u2019Afrique en communion \u00e0 Alger","datePublished":"2024-10-17T11:50:00+00:00","dateModified":"2024-10-21T11:50:30+00:00","mainEntityOfPage":{"@id":"https:\/\/lasentinelle.dz\/index.php\/2024\/10\/17\/le-canex-wknd-2024-sest-ouvert-hier-lafrique-en-communion-a-alger\/"},"wordCount":885,"commentCount":0,"publisher":{"@id":"https:\/\/lasentinelle.dz\/#organization"},"image":{"@id":"https:\/\/lasentinelle.dz\/index.php\/2024\/10\/17\/le-canex-wknd-2024-sest-ouvert-hier-lafrique-en-communion-a-alger\/#primaryimage"},"thumbnailUrl":"https:\/\/lasentinelle.dz\/wp-content\/uploads\/2024\/10\/canex-1.jpg","articleSection":["Culture"],"inLanguage":"fr-FR","potentialAction":[{"@type":"CommentAction","name":"Comment","target":["https:\/\/lasentinelle.dz\/index.php\/2024\/10\/17\/le-canex-wknd-2024-sest-ouvert-hier-lafrique-en-communion-a-alger\/#respond"]}]},{"@type":"WebPage","@id":"https:\/\/lasentinelle.dz\/index.php\/2024\/10\/17\/le-canex-wknd-2024-sest-ouvert-hier-lafrique-en-communion-a-alger\/","url":"https:\/\/lasentinelle.dz\/index.php\/2024\/10\/17\/le-canex-wknd-2024-sest-ouvert-hier-lafrique-en-communion-a-alger\/","name":"Le CANEX WKND 2024 s\u2019est ouvert hier\u00a0: L\u2019Afrique en communion \u00e0 Alger - La Sentinelle","isPartOf":{"@id":"https:\/\/lasentinelle.dz\/#website"},"primaryImageOfPage":{"@id":"https:\/\/lasentinelle.dz\/index.php\/2024\/10\/17\/le-canex-wknd-2024-sest-ouvert-hier-lafrique-en-communion-a-alger\/#primaryimage"},"image":{"@id":"https:\/\/lasentinelle.dz\/index.php\/2024\/10\/17\/le-canex-wknd-2024-sest-ouvert-hier-lafrique-en-communion-a-alger\/#primaryimage"},"thumbnailUrl":"https:\/\/lasentinelle.dz\/wp-content\/uploads\/2024\/10\/canex-1.jpg","datePublished":"2024-10-17T11:50:00+00:00","dateModified":"2024-10-21T11:50:30+00:00","breadcrumb":{"@id":"https:\/\/lasentinelle.dz\/index.php\/2024\/10\/17\/le-canex-wknd-2024-sest-ouvert-hier-lafrique-en-communion-a-alger\/#breadcrumb"},"inLanguage":"fr-FR","potentialAction":[{"@type":"ReadAction","target":["https:\/\/lasentinelle.dz\/index.php\/2024\/10\/17\/le-canex-wknd-2024-sest-ouvert-hier-lafrique-en-communion-a-alger\/"]}]},{"@type":"ImageObject","inLanguage":"fr-FR","@id":"https:\/\/lasentinelle.dz\/index.php\/2024\/10\/17\/le-canex-wknd-2024-sest-ouvert-hier-lafrique-en-communion-a-alger\/#primaryimage","url":"https:\/\/lasentinelle.dz\/wp-content\/uploads\/2024\/10\/canex-1.jpg","contentUrl":"https:\/\/lasentinelle.dz\/wp-content\/uploads\/2024\/10\/canex-1.jpg","width":1440,"height":960},{"@type":"BreadcrumbList","@id":"https:\/\/lasentinelle.dz\/index.php\/2024\/10\/17\/le-canex-wknd-2024-sest-ouvert-hier-lafrique-en-communion-a-alger\/#breadcrumb","itemListElement":[{"@type":"ListItem","position":1,"name":"Accueil","item":"https:\/\/lasentinelle.dz\/"},{"@type":"ListItem","position":2,"name":"Le CANEX WKND 2024 s\u2019est ouvert hier\u00a0: L\u2019Afrique en communion \u00e0 Alger"}]},{"@type":"WebSite","@id":"https:\/\/lasentinelle.dz\/#website","url":"https:\/\/lasentinelle.dz\/","name":"La Sentinelle","description":"Quotidien national d&#039;information","publisher":{"@id":"https:\/\/lasentinelle.dz\/#organization"},"potentialAction":[{"@type":"SearchAction","target":{"@type":"EntryPoint","urlTemplate":"https:\/\/lasentinelle.dz\/?s={search_term_string}"},"query-input":{"@type":"PropertyValueSpecification","valueRequired":true,"valueName":"search_term_string"}}],"inLanguage":"fr-FR"},{"@type":"Organization","@id":"https:\/\/lasentinelle.dz\/#organization","name":"Quotidien La Sentinelle","url":"https:\/\/lasentinelle.dz\/","logo":{"@type":"ImageObject","inLanguage":"fr-FR","@id":"https:\/\/lasentinelle.dz\/#\/schema\/logo\/image\/","url":"https:\/\/lasentinelle.dz\/wp-content\/uploads\/2021\/09\/logo-sentinelleSLOGAN-1.png","contentUrl":"https:\/\/lasentinelle.dz\/wp-content\/uploads\/2021\/09\/logo-sentinelleSLOGAN-1.png","width":615,"height":142,"caption":"Quotidien La Sentinelle"},"image":{"@id":"https:\/\/lasentinelle.dz\/#\/schema\/logo\/image\/"},"sameAs":["https:\/\/www.facebook.com\/La-Sentinelle-104059864394773"]},{"@type":"Person","@id":"https:\/\/lasentinelle.dz\/#\/schema\/person\/729ee0024f24e0b8c5ec17232f8e8b41","name":"admin","image":{"@type":"ImageObject","inLanguage":"fr-FR","@id":"https:\/\/secure.gravatar.com\/avatar\/4c81fed838786e9b53f540bf46533e750f5d292099ae3b66cfc6fb1982e29df7?s=96&d=mm&r=g","url":"https:\/\/secure.gravatar.com\/avatar\/4c81fed838786e9b53f540bf46533e750f5d292099ae3b66cfc6fb1982e29df7?s=96&d=mm&r=g","contentUrl":"https:\/\/secure.gravatar.com\/avatar\/4c81fed838786e9b53f540bf46533e750f5d292099ae3b66cfc6fb1982e29df7?s=96&d=mm&r=g","caption":"admin"},"description":"admin","url":"https:\/\/lasentinelle.dz\/author\/admin\/"}]}},"_links":{"self":[{"href":"https:\/\/lasentinelle.dz\/index.php\/wp-json\/wp\/v2\/posts\/58377","targetHints":{"allow":["GET"]}}],"collection":[{"href":"https:\/\/lasentinelle.dz\/index.php\/wp-json\/wp\/v2\/posts"}],"about":[{"href":"https:\/\/lasentinelle.dz\/index.php\/wp-json\/wp\/v2\/types\/post"}],"author":[{"embeddable":true,"href":"https:\/\/lasentinelle.dz\/index.php\/wp-json\/wp\/v2\/users\/6"}],"replies":[{"embeddable":true,"href":"https:\/\/lasentinelle.dz\/index.php\/wp-json\/wp\/v2\/comments?post=58377"}],"version-history":[{"count":1,"href":"https:\/\/lasentinelle.dz\/index.php\/wp-json\/wp\/v2\/posts\/58377\/revisions"}],"predecessor-version":[{"id":58379,"href":"https:\/\/lasentinelle.dz\/index.php\/wp-json\/wp\/v2\/posts\/58377\/revisions\/58379"}],"wp:featuredmedia":[{"embeddable":true,"href":"https:\/\/lasentinelle.dz\/index.php\/wp-json\/wp\/v2\/media\/58378"}],"wp:attachment":[{"href":"https:\/\/lasentinelle.dz\/index.php\/wp-json\/wp\/v2\/media?parent=58377"}],"wp:term":[{"taxonomy":"category","embeddable":true,"href":"https:\/\/lasentinelle.dz\/index.php\/wp-json\/wp\/v2\/categories?post=58377"},{"taxonomy":"post_tag","embeddable":true,"href":"https:\/\/lasentinelle.dz\/index.php\/wp-json\/wp\/v2\/tags?post=58377"}],"curies":[{"name":"wp","href":"https:\/\/api.w.org\/{rel}","templated":true}]}}