{"id":58382,"date":"2024-10-17T12:51:47","date_gmt":"2024-10-17T11:51:47","guid":{"rendered":"https:\/\/lasentinelle.dz\/?p=58382"},"modified":"2024-10-21T12:52:31","modified_gmt":"2024-10-21T11:52:31","slug":"jeux-scolaires-mondiaux-la-selection-nationale-en-stage-avant-le-depart-vers-bahrein","status":"publish","type":"post","link":"https:\/\/lasentinelle.dz\/index.php\/2024\/10\/17\/jeux-scolaires-mondiaux-la-selection-nationale-en-stage-avant-le-depart-vers-bahrein\/","title":{"rendered":"Jeux scolaires mondiaux\u00a0: La s\u00e9lection nationale en stage avant le d\u00e9part vers Bahre\u00efn"},"content":{"rendered":"\n<p>La s\u00e9lection nationale du sport scolaire commencera, vendredi, un stage bloqu\u00e9 au centre de pr\u00e9paration des jeunes talents de Souidania (Alger), en pr\u00e9vision de sa participation aux Jeux mondiaux scolaires pr\u00e9vus, la semaine prochaine au Bahre\u00efn, a-t-on appris, mercredi, aupr\u00e8s la F\u00e9d\u00e9ration alg\u00e9rienne du sport scolaire.<\/p>\n\n\n\n<p>Ce rassemblement se poursuivra jusqu&rsquo;au 22 octobre en cours, date fix\u00e9e pour le d\u00e9placement vers Bahre\u00efn, qui accueillera jusqu&rsquo;au 1er novembre prochain la manifestation sportive internationale scolaire, ajoute la m\u00eame source. L&rsquo;\u00e9lite sportive scolaire nationale avait d\u00e9j\u00e0 effectu\u00e9 \u00e0 Souidania un premier regroupement, fin juillet dernier, qui a permis aux membres des staffs techniques de choisir les meilleurs athl\u00e8tes en vue de repr\u00e9senter l&rsquo;Alg\u00e9rie lors de la manifestation sportive scolaire internationale. La d\u00e9l\u00e9gation alg\u00e9rienne prendra part au rendez-vous du Bahre\u00efn dans plusieurs disciplines sportives, \u00e0 l&rsquo;image du para-athl\u00e9tisme, judo et lutte, souligne-t-on de m\u00eame source. Un int\u00e9r\u00eat particulier est accord\u00e9 \u00e0 cette participation par les pouvoirs publics, qui \u0153uvrent \u00e0 la r\u00e9habilitation du sport scolaire et universitaire, jadis un v\u00e9ritable vivier de jeunes talents qui alimentent les diff\u00e9rentes s\u00e9lections nationales par les meilleurs sportifs, toutes disciplines confondues, poursuit-on. Dans cette optique, il sera lanc\u00e9, en janvier prochain, le championnat national du sport scolaire d\u00e9di\u00e9 aux sports collectifs, et ce, en application des instructions donn\u00e9es par le pr\u00e9sident de la R\u00e9publique, M. Abdelmadjid Tebboune, lors de la r\u00e9union du Conseil des ministres du 22 septembre dernier, rappelle-t-on. Dans ce contexte, le ministre de l&rsquo;Education nationale, Abdelhakim Belaabed et le ministre de la Jeunesse et des Sports, Abderrahmane Hammad ont copr\u00e9sid\u00e9, mardi, une r\u00e9union consacr\u00e9e de ce championnat.<\/p>\n\n\n\n<p>La r\u00e9union qui a regroup\u00e9 des cadres des deux minist\u00e8res a port\u00e9 sur \u00ables pr\u00e9paratifs li\u00e9s au championnat national scolaire des sports collectifs qui sera lanc\u00e9 \u00e0 partir de janvier 2025\u00bb, a pr\u00e9cis\u00e9 un communiqu\u00e9 du minist\u00e8re de l&rsquo;Education, ajoutant que cette comp\u00e9tition a pour principal objectif \u00abla d\u00e9couverte et la prise en charge des \u00e9lites sportives\u00bb. Dans ce cadre, les deux ministres ont proc\u00e9d\u00e9 \u00e0 l&rsquo;installation d&rsquo;une commission intersectorielle charg\u00e9e de l&rsquo;organisation de ce championnat national scolaire, qui sera op\u00e9rationnelle \u00e0 partir de ce mercredi. Saluant \u00abla coordination \u00e9troite entre les deux secteurs et les efforts communs fournis en mati\u00e8re d&rsquo;encadrement des sports scolaires\u00bb, le ministre de l&rsquo;Education a mis en exergue \u00abl&rsquo;appui et l&rsquo;accompagnement du ministre de la Jeunesse et des Sports au secteur, l&rsquo;\u00e9cole \u00e9tant le r\u00e9servoir des talents et des \u00e9lites sportives dont les deux secteurs s&rsquo;att\u00e8lent \u00e0 d\u00e9couvrir et \u00e0 prendre en charge\u00bb. Pour sa part, M. Hammad a affich\u00e9 \u00abla disposition de son secteur \u00e0 travailler avec le secteur de l&rsquo;Education\u00bb, insistant sur \u00abl&rsquo;importance majeure accord\u00e9e aux sports scolaires, \u00e9tant le r\u00e9servoir des \u00e9lites qui repr\u00e9senteront l&rsquo;Alg\u00e9rie dans les meetings et rassemblements internationaux\u00bb.<\/p>\n\n\n\n<p><strong>R.S.<\/strong><\/p>\n","protected":false},"excerpt":{"rendered":"<p>La s\u00e9lection nationale du sport scolaire commencera, vendredi, un stage bloqu\u00e9 au centre de pr\u00e9paration des jeunes talents de Souidania<\/p>\n","protected":false},"author":6,"featured_media":57835,"comment_status":"open","ping_status":"closed","sticky":false,"template":"","format":"standard","meta":{"colormag_page_container_layout":"default_layout","colormag_page_sidebar_layout":"default_layout","om_disable_all_campaigns":false,"_monsterinsights_skip_tracking":false,"_monsterinsights_sitenote_active":false,"_monsterinsights_sitenote_note":"","_monsterinsights_sitenote_category":0,"footnotes":"","_wpscppro_dont_share_socialmedia":false,"_wpscppro_custom_social_share_image":0,"_facebook_share_type":"default","_twitter_share_type":"default","_linkedin_share_type":"default","_pinterest_share_type":"default","_linkedin_share_type_page":"","_instagram_share_type":"default","_medium_share_type":"default","_threads_share_type":"","_google_business_share_type":"","_selected_social_profile":[],"_wpsp_enable_custom_social_template":false,"_wpsp_social_scheduling":{"enabled":false,"datetime":null,"platforms":[],"status":"template_only","dateOption":"today","timeOption":"now","customDays":"","customHours":"","customDate":"","customTime":"","schedulingType":"absolute"},"_wpsp_active_default_template":true},"categories":[33],"tags":[],"class_list":["post-58382","post","type-post","status-publish","format-standard","has-post-thumbnail","hentry","category-sports"],"aioseo_notices":[],"yoast_head":"<!-- This site is optimized with the Yoast SEO plugin v27.5 - https:\/\/yoast.com\/product\/yoast-seo-wordpress\/ -->\n<title>Jeux scolaires mondiaux\u00a0: La s\u00e9lection nationale en stage avant le d\u00e9part vers Bahre\u00efn - La Sentinelle<\/title>\n<meta name=\"robots\" content=\"index, follow, max-snippet:-1, max-image-preview:large, max-video-preview:-1\" \/>\n<link rel=\"canonical\" href=\"https:\/\/lasentinelle.dz\/index.php\/2024\/10\/17\/jeux-scolaires-mondiaux-la-selection-nationale-en-stage-avant-le-depart-vers-bahrein\/\" \/>\n<meta property=\"og:locale\" content=\"fr_FR\" \/>\n<meta property=\"og:type\" content=\"article\" \/>\n<meta property=\"og:title\" content=\"Jeux scolaires mondiaux\u00a0: La s\u00e9lection nationale en stage avant le d\u00e9part vers Bahre\u00efn - La Sentinelle\" \/>\n<meta property=\"og:description\" content=\"La s\u00e9lection nationale du sport scolaire commencera, vendredi, un stage bloqu\u00e9 au centre de pr\u00e9paration des jeunes talents de Souidania\" \/>\n<meta property=\"og:url\" content=\"https:\/\/lasentinelle.dz\/index.php\/2024\/10\/17\/jeux-scolaires-mondiaux-la-selection-nationale-en-stage-avant-le-depart-vers-bahrein\/\" \/>\n<meta property=\"og:site_name\" content=\"La Sentinelle\" \/>\n<meta property=\"article:publisher\" content=\"https:\/\/www.facebook.com\/La-Sentinelle-104059864394773\" \/>\n<meta property=\"article:published_time\" content=\"2024-10-17T11:51:47+00:00\" \/>\n<meta property=\"article:modified_time\" content=\"2024-10-21T11:52:31+00:00\" \/>\n<meta property=\"og:image\" content=\"https:\/\/lasentinelle.dz\/wp-content\/uploads\/2024\/10\/Jeux-scolaires-Africains-2025.jpeg\" \/>\n\t<meta property=\"og:image:width\" content=\"1080\" \/>\n\t<meta property=\"og:image:height\" content=\"720\" \/>\n\t<meta property=\"og:image:type\" content=\"image\/jpeg\" \/>\n<meta name=\"author\" content=\"admin\" \/>\n<meta name=\"twitter:card\" content=\"summary_large_image\" \/>\n<meta name=\"twitter:label1\" content=\"\u00c9crit par\" \/>\n\t<meta name=\"twitter:data1\" content=\"admin\" \/>\n\t<meta name=\"twitter:label2\" content=\"Dur\u00e9e de lecture estim\u00e9e\" \/>\n\t<meta name=\"twitter:data2\" content=\"3 minutes\" \/>\n<script type=\"application\/ld+json\" class=\"yoast-schema-graph\">{\"@context\":\"https:\\\/\\\/schema.org\",\"@graph\":[{\"@type\":\"Article\",\"@id\":\"https:\\\/\\\/lasentinelle.dz\\\/index.php\\\/2024\\\/10\\\/17\\\/jeux-scolaires-mondiaux-la-selection-nationale-en-stage-avant-le-depart-vers-bahrein\\\/#article\",\"isPartOf\":{\"@id\":\"https:\\\/\\\/lasentinelle.dz\\\/index.php\\\/2024\\\/10\\\/17\\\/jeux-scolaires-mondiaux-la-selection-nationale-en-stage-avant-le-depart-vers-bahrein\\\/\"},\"author\":{\"name\":\"admin\",\"@id\":\"https:\\\/\\\/lasentinelle.dz\\\/#\\\/schema\\\/person\\\/729ee0024f24e0b8c5ec17232f8e8b41\"},\"headline\":\"Jeux scolaires mondiaux\u00a0: La s\u00e9lection nationale en stage avant le d\u00e9part vers Bahre\u00efn\",\"datePublished\":\"2024-10-17T11:51:47+00:00\",\"dateModified\":\"2024-10-21T11:52:31+00:00\",\"mainEntityOfPage\":{\"@id\":\"https:\\\/\\\/lasentinelle.dz\\\/index.php\\\/2024\\\/10\\\/17\\\/jeux-scolaires-mondiaux-la-selection-nationale-en-stage-avant-le-depart-vers-bahrein\\\/\"},\"wordCount\":531,\"commentCount\":0,\"publisher\":{\"@id\":\"https:\\\/\\\/lasentinelle.dz\\\/#organization\"},\"image\":{\"@id\":\"https:\\\/\\\/lasentinelle.dz\\\/index.php\\\/2024\\\/10\\\/17\\\/jeux-scolaires-mondiaux-la-selection-nationale-en-stage-avant-le-depart-vers-bahrein\\\/#primaryimage\"},\"thumbnailUrl\":\"https:\\\/\\\/lasentinelle.dz\\\/wp-content\\\/uploads\\\/2024\\\/10\\\/Jeux-scolaires-Africains-2025.jpeg\",\"articleSection\":[\"Sports\"],\"inLanguage\":\"fr-FR\",\"potentialAction\":[{\"@type\":\"CommentAction\",\"name\":\"Comment\",\"target\":[\"https:\\\/\\\/lasentinelle.dz\\\/index.php\\\/2024\\\/10\\\/17\\\/jeux-scolaires-mondiaux-la-selection-nationale-en-stage-avant-le-depart-vers-bahrein\\\/#respond\"]}]},{\"@type\":\"WebPage\",\"@id\":\"https:\\\/\\\/lasentinelle.dz\\\/index.php\\\/2024\\\/10\\\/17\\\/jeux-scolaires-mondiaux-la-selection-nationale-en-stage-avant-le-depart-vers-bahrein\\\/\",\"url\":\"https:\\\/\\\/lasentinelle.dz\\\/index.php\\\/2024\\\/10\\\/17\\\/jeux-scolaires-mondiaux-la-selection-nationale-en-stage-avant-le-depart-vers-bahrein\\\/\",\"name\":\"Jeux scolaires mondiaux\u00a0: La s\u00e9lection nationale en stage avant le d\u00e9part vers Bahre\u00efn - La Sentinelle\",\"isPartOf\":{\"@id\":\"https:\\\/\\\/lasentinelle.dz\\\/#website\"},\"primaryImageOfPage\":{\"@id\":\"https:\\\/\\\/lasentinelle.dz\\\/index.php\\\/2024\\\/10\\\/17\\\/jeux-scolaires-mondiaux-la-selection-nationale-en-stage-avant-le-depart-vers-bahrein\\\/#primaryimage\"},\"image\":{\"@id\":\"https:\\\/\\\/lasentinelle.dz\\\/index.php\\\/2024\\\/10\\\/17\\\/jeux-scolaires-mondiaux-la-selection-nationale-en-stage-avant-le-depart-vers-bahrein\\\/#primaryimage\"},\"thumbnailUrl\":\"https:\\\/\\\/lasentinelle.dz\\\/wp-content\\\/uploads\\\/2024\\\/10\\\/Jeux-scolaires-Africains-2025.jpeg\",\"datePublished\":\"2024-10-17T11:51:47+00:00\",\"dateModified\":\"2024-10-21T11:52:31+00:00\",\"breadcrumb\":{\"@id\":\"https:\\\/\\\/lasentinelle.dz\\\/index.php\\\/2024\\\/10\\\/17\\\/jeux-scolaires-mondiaux-la-selection-nationale-en-stage-avant-le-depart-vers-bahrein\\\/#breadcrumb\"},\"inLanguage\":\"fr-FR\",\"potentialAction\":[{\"@type\":\"ReadAction\",\"target\":[\"https:\\\/\\\/lasentinelle.dz\\\/index.php\\\/2024\\\/10\\\/17\\\/jeux-scolaires-mondiaux-la-selection-nationale-en-stage-avant-le-depart-vers-bahrein\\\/\"]}]},{\"@type\":\"ImageObject\",\"inLanguage\":\"fr-FR\",\"@id\":\"https:\\\/\\\/lasentinelle.dz\\\/index.php\\\/2024\\\/10\\\/17\\\/jeux-scolaires-mondiaux-la-selection-nationale-en-stage-avant-le-depart-vers-bahrein\\\/#primaryimage\",\"url\":\"https:\\\/\\\/lasentinelle.dz\\\/wp-content\\\/uploads\\\/2024\\\/10\\\/Jeux-scolaires-Africains-2025.jpeg\",\"contentUrl\":\"https:\\\/\\\/lasentinelle.dz\\\/wp-content\\\/uploads\\\/2024\\\/10\\\/Jeux-scolaires-Africains-2025.jpeg\",\"width\":1080,\"height\":720,\"caption\":\"ARCHIVE - L'objectif est le d\u00e9veloppement des pratiques du sport dans les \u00e9coles. Photo: ACNOA\\\/Photo de resse\\\/dpa\"},{\"@type\":\"BreadcrumbList\",\"@id\":\"https:\\\/\\\/lasentinelle.dz\\\/index.php\\\/2024\\\/10\\\/17\\\/jeux-scolaires-mondiaux-la-selection-nationale-en-stage-avant-le-depart-vers-bahrein\\\/#breadcrumb\",\"itemListElement\":[{\"@type\":\"ListItem\",\"position\":1,\"name\":\"Accueil\",\"item\":\"https:\\\/\\\/lasentinelle.dz\\\/\"},{\"@type\":\"ListItem\",\"position\":2,\"name\":\"Jeux scolaires mondiaux\u00a0: La s\u00e9lection nationale en stage avant le d\u00e9part vers Bahre\u00efn\"}]},{\"@type\":\"WebSite\",\"@id\":\"https:\\\/\\\/lasentinelle.dz\\\/#website\",\"url\":\"https:\\\/\\\/lasentinelle.dz\\\/\",\"name\":\"La Sentinelle\",\"description\":\"Quotidien national d&#039;information\",\"publisher\":{\"@id\":\"https:\\\/\\\/lasentinelle.dz\\\/#organization\"},\"potentialAction\":[{\"@type\":\"SearchAction\",\"target\":{\"@type\":\"EntryPoint\",\"urlTemplate\":\"https:\\\/\\\/lasentinelle.dz\\\/?s={search_term_string}\"},\"query-input\":{\"@type\":\"PropertyValueSpecification\",\"valueRequired\":true,\"valueName\":\"search_term_string\"}}],\"inLanguage\":\"fr-FR\"},{\"@type\":\"Organization\",\"@id\":\"https:\\\/\\\/lasentinelle.dz\\\/#organization\",\"name\":\"Quotidien La Sentinelle\",\"url\":\"https:\\\/\\\/lasentinelle.dz\\\/\",\"logo\":{\"@type\":\"ImageObject\",\"inLanguage\":\"fr-FR\",\"@id\":\"https:\\\/\\\/lasentinelle.dz\\\/#\\\/schema\\\/logo\\\/image\\\/\",\"url\":\"https:\\\/\\\/lasentinelle.dz\\\/wp-content\\\/uploads\\\/2021\\\/09\\\/logo-sentinelleSLOGAN-1.png\",\"contentUrl\":\"https:\\\/\\\/lasentinelle.dz\\\/wp-content\\\/uploads\\\/2021\\\/09\\\/logo-sentinelleSLOGAN-1.png\",\"width\":615,\"height\":142,\"caption\":\"Quotidien La Sentinelle\"},\"image\":{\"@id\":\"https:\\\/\\\/lasentinelle.dz\\\/#\\\/schema\\\/logo\\\/image\\\/\"},\"sameAs\":[\"https:\\\/\\\/www.facebook.com\\\/La-Sentinelle-104059864394773\"]},{\"@type\":\"Person\",\"@id\":\"https:\\\/\\\/lasentinelle.dz\\\/#\\\/schema\\\/person\\\/729ee0024f24e0b8c5ec17232f8e8b41\",\"name\":\"admin\",\"image\":{\"@type\":\"ImageObject\",\"inLanguage\":\"fr-FR\",\"@id\":\"https:\\\/\\\/secure.gravatar.com\\\/avatar\\\/4c81fed838786e9b53f540bf46533e750f5d292099ae3b66cfc6fb1982e29df7?s=96&d=mm&r=g\",\"url\":\"https:\\\/\\\/secure.gravatar.com\\\/avatar\\\/4c81fed838786e9b53f540bf46533e750f5d292099ae3b66cfc6fb1982e29df7?s=96&d=mm&r=g\",\"contentUrl\":\"https:\\\/\\\/secure.gravatar.com\\\/avatar\\\/4c81fed838786e9b53f540bf46533e750f5d292099ae3b66cfc6fb1982e29df7?s=96&d=mm&r=g\",\"caption\":\"admin\"},\"description\":\"admin\",\"url\":\"https:\\\/\\\/lasentinelle.dz\\\/author\\\/admin\\\/\"}]}<\/script>\n<!-- \/ Yoast SEO plugin. -->","yoast_head_json":{"title":"Jeux scolaires mondiaux\u00a0: La s\u00e9lection nationale en stage avant le d\u00e9part vers Bahre\u00efn - La Sentinelle","robots":{"index":"index","follow":"follow","max-snippet":"max-snippet:-1","max-image-preview":"max-image-preview:large","max-video-preview":"max-video-preview:-1"},"canonical":"https:\/\/lasentinelle.dz\/index.php\/2024\/10\/17\/jeux-scolaires-mondiaux-la-selection-nationale-en-stage-avant-le-depart-vers-bahrein\/","og_locale":"fr_FR","og_type":"article","og_title":"Jeux scolaires mondiaux\u00a0: La s\u00e9lection nationale en stage avant le d\u00e9part vers Bahre\u00efn - La Sentinelle","og_description":"La s\u00e9lection nationale du sport scolaire commencera, vendredi, un stage bloqu\u00e9 au centre de pr\u00e9paration des jeunes talents de Souidania","og_url":"https:\/\/lasentinelle.dz\/index.php\/2024\/10\/17\/jeux-scolaires-mondiaux-la-selection-nationale-en-stage-avant-le-depart-vers-bahrein\/","og_site_name":"La Sentinelle","article_publisher":"https:\/\/www.facebook.com\/La-Sentinelle-104059864394773","article_published_time":"2024-10-17T11:51:47+00:00","article_modified_time":"2024-10-21T11:52:31+00:00","og_image":[{"width":1080,"height":720,"url":"https:\/\/lasentinelle.dz\/wp-content\/uploads\/2024\/10\/Jeux-scolaires-Africains-2025.jpeg","type":"image\/jpeg"}],"author":"admin","twitter_card":"summary_large_image","twitter_misc":{"\u00c9crit par":"admin","Dur\u00e9e de lecture estim\u00e9e":"3 minutes"},"schema":{"@context":"https:\/\/schema.org","@graph":[{"@type":"Article","@id":"https:\/\/lasentinelle.dz\/index.php\/2024\/10\/17\/jeux-scolaires-mondiaux-la-selection-nationale-en-stage-avant-le-depart-vers-bahrein\/#article","isPartOf":{"@id":"https:\/\/lasentinelle.dz\/index.php\/2024\/10\/17\/jeux-scolaires-mondiaux-la-selection-nationale-en-stage-avant-le-depart-vers-bahrein\/"},"author":{"name":"admin","@id":"https:\/\/lasentinelle.dz\/#\/schema\/person\/729ee0024f24e0b8c5ec17232f8e8b41"},"headline":"Jeux scolaires mondiaux\u00a0: La s\u00e9lection nationale en stage avant le d\u00e9part vers Bahre\u00efn","datePublished":"2024-10-17T11:51:47+00:00","dateModified":"2024-10-21T11:52:31+00:00","mainEntityOfPage":{"@id":"https:\/\/lasentinelle.dz\/index.php\/2024\/10\/17\/jeux-scolaires-mondiaux-la-selection-nationale-en-stage-avant-le-depart-vers-bahrein\/"},"wordCount":531,"commentCount":0,"publisher":{"@id":"https:\/\/lasentinelle.dz\/#organization"},"image":{"@id":"https:\/\/lasentinelle.dz\/index.php\/2024\/10\/17\/jeux-scolaires-mondiaux-la-selection-nationale-en-stage-avant-le-depart-vers-bahrein\/#primaryimage"},"thumbnailUrl":"https:\/\/lasentinelle.dz\/wp-content\/uploads\/2024\/10\/Jeux-scolaires-Africains-2025.jpeg","articleSection":["Sports"],"inLanguage":"fr-FR","potentialAction":[{"@type":"CommentAction","name":"Comment","target":["https:\/\/lasentinelle.dz\/index.php\/2024\/10\/17\/jeux-scolaires-mondiaux-la-selection-nationale-en-stage-avant-le-depart-vers-bahrein\/#respond"]}]},{"@type":"WebPage","@id":"https:\/\/lasentinelle.dz\/index.php\/2024\/10\/17\/jeux-scolaires-mondiaux-la-selection-nationale-en-stage-avant-le-depart-vers-bahrein\/","url":"https:\/\/lasentinelle.dz\/index.php\/2024\/10\/17\/jeux-scolaires-mondiaux-la-selection-nationale-en-stage-avant-le-depart-vers-bahrein\/","name":"Jeux scolaires mondiaux\u00a0: La s\u00e9lection nationale en stage avant le d\u00e9part vers Bahre\u00efn - La Sentinelle","isPartOf":{"@id":"https:\/\/lasentinelle.dz\/#website"},"primaryImageOfPage":{"@id":"https:\/\/lasentinelle.dz\/index.php\/2024\/10\/17\/jeux-scolaires-mondiaux-la-selection-nationale-en-stage-avant-le-depart-vers-bahrein\/#primaryimage"},"image":{"@id":"https:\/\/lasentinelle.dz\/index.php\/2024\/10\/17\/jeux-scolaires-mondiaux-la-selection-nationale-en-stage-avant-le-depart-vers-bahrein\/#primaryimage"},"thumbnailUrl":"https:\/\/lasentinelle.dz\/wp-content\/uploads\/2024\/10\/Jeux-scolaires-Africains-2025.jpeg","datePublished":"2024-10-17T11:51:47+00:00","dateModified":"2024-10-21T11:52:31+00:00","breadcrumb":{"@id":"https:\/\/lasentinelle.dz\/index.php\/2024\/10\/17\/jeux-scolaires-mondiaux-la-selection-nationale-en-stage-avant-le-depart-vers-bahrein\/#breadcrumb"},"inLanguage":"fr-FR","potentialAction":[{"@type":"ReadAction","target":["https:\/\/lasentinelle.dz\/index.php\/2024\/10\/17\/jeux-scolaires-mondiaux-la-selection-nationale-en-stage-avant-le-depart-vers-bahrein\/"]}]},{"@type":"ImageObject","inLanguage":"fr-FR","@id":"https:\/\/lasentinelle.dz\/index.php\/2024\/10\/17\/jeux-scolaires-mondiaux-la-selection-nationale-en-stage-avant-le-depart-vers-bahrein\/#primaryimage","url":"https:\/\/lasentinelle.dz\/wp-content\/uploads\/2024\/10\/Jeux-scolaires-Africains-2025.jpeg","contentUrl":"https:\/\/lasentinelle.dz\/wp-content\/uploads\/2024\/10\/Jeux-scolaires-Africains-2025.jpeg","width":1080,"height":720,"caption":"ARCHIVE - L'objectif est le d\u00e9veloppement des pratiques du sport dans les \u00e9coles. Photo: ACNOA\/Photo de resse\/dpa"},{"@type":"BreadcrumbList","@id":"https:\/\/lasentinelle.dz\/index.php\/2024\/10\/17\/jeux-scolaires-mondiaux-la-selection-nationale-en-stage-avant-le-depart-vers-bahrein\/#breadcrumb","itemListElement":[{"@type":"ListItem","position":1,"name":"Accueil","item":"https:\/\/lasentinelle.dz\/"},{"@type":"ListItem","position":2,"name":"Jeux scolaires mondiaux\u00a0: La s\u00e9lection nationale en stage avant le d\u00e9part vers Bahre\u00efn"}]},{"@type":"WebSite","@id":"https:\/\/lasentinelle.dz\/#website","url":"https:\/\/lasentinelle.dz\/","name":"La Sentinelle","description":"Quotidien national d&#039;information","publisher":{"@id":"https:\/\/lasentinelle.dz\/#organization"},"potentialAction":[{"@type":"SearchAction","target":{"@type":"EntryPoint","urlTemplate":"https:\/\/lasentinelle.dz\/?s={search_term_string}"},"query-input":{"@type":"PropertyValueSpecification","valueRequired":true,"valueName":"search_term_string"}}],"inLanguage":"fr-FR"},{"@type":"Organization","@id":"https:\/\/lasentinelle.dz\/#organization","name":"Quotidien La Sentinelle","url":"https:\/\/lasentinelle.dz\/","logo":{"@type":"ImageObject","inLanguage":"fr-FR","@id":"https:\/\/lasentinelle.dz\/#\/schema\/logo\/image\/","url":"https:\/\/lasentinelle.dz\/wp-content\/uploads\/2021\/09\/logo-sentinelleSLOGAN-1.png","contentUrl":"https:\/\/lasentinelle.dz\/wp-content\/uploads\/2021\/09\/logo-sentinelleSLOGAN-1.png","width":615,"height":142,"caption":"Quotidien La Sentinelle"},"image":{"@id":"https:\/\/lasentinelle.dz\/#\/schema\/logo\/image\/"},"sameAs":["https:\/\/www.facebook.com\/La-Sentinelle-104059864394773"]},{"@type":"Person","@id":"https:\/\/lasentinelle.dz\/#\/schema\/person\/729ee0024f24e0b8c5ec17232f8e8b41","name":"admin","image":{"@type":"ImageObject","inLanguage":"fr-FR","@id":"https:\/\/secure.gravatar.com\/avatar\/4c81fed838786e9b53f540bf46533e750f5d292099ae3b66cfc6fb1982e29df7?s=96&d=mm&r=g","url":"https:\/\/secure.gravatar.com\/avatar\/4c81fed838786e9b53f540bf46533e750f5d292099ae3b66cfc6fb1982e29df7?s=96&d=mm&r=g","contentUrl":"https:\/\/secure.gravatar.com\/avatar\/4c81fed838786e9b53f540bf46533e750f5d292099ae3b66cfc6fb1982e29df7?s=96&d=mm&r=g","caption":"admin"},"description":"admin","url":"https:\/\/lasentinelle.dz\/author\/admin\/"}]}},"_links":{"self":[{"href":"https:\/\/lasentinelle.dz\/index.php\/wp-json\/wp\/v2\/posts\/58382","targetHints":{"allow":["GET"]}}],"collection":[{"href":"https:\/\/lasentinelle.dz\/index.php\/wp-json\/wp\/v2\/posts"}],"about":[{"href":"https:\/\/lasentinelle.dz\/index.php\/wp-json\/wp\/v2\/types\/post"}],"author":[{"embeddable":true,"href":"https:\/\/lasentinelle.dz\/index.php\/wp-json\/wp\/v2\/users\/6"}],"replies":[{"embeddable":true,"href":"https:\/\/lasentinelle.dz\/index.php\/wp-json\/wp\/v2\/comments?post=58382"}],"version-history":[{"count":1,"href":"https:\/\/lasentinelle.dz\/index.php\/wp-json\/wp\/v2\/posts\/58382\/revisions"}],"predecessor-version":[{"id":58383,"href":"https:\/\/lasentinelle.dz\/index.php\/wp-json\/wp\/v2\/posts\/58382\/revisions\/58383"}],"wp:featuredmedia":[{"embeddable":true,"href":"https:\/\/lasentinelle.dz\/index.php\/wp-json\/wp\/v2\/media\/57835"}],"wp:attachment":[{"href":"https:\/\/lasentinelle.dz\/index.php\/wp-json\/wp\/v2\/media?parent=58382"}],"wp:term":[{"taxonomy":"category","embeddable":true,"href":"https:\/\/lasentinelle.dz\/index.php\/wp-json\/wp\/v2\/categories?post=58382"},{"taxonomy":"post_tag","embeddable":true,"href":"https:\/\/lasentinelle.dz\/index.php\/wp-json\/wp\/v2\/tags?post=58382"}],"curies":[{"name":"wp","href":"https:\/\/api.w.org\/{rel}","templated":true}]}}