{"id":58384,"date":"2024-10-17T12:53:02","date_gmt":"2024-10-17T11:53:02","guid":{"rendered":"https:\/\/lasentinelle.dz\/?p=58384"},"modified":"2024-10-21T12:53:37","modified_gmt":"2024-10-21T11:53:37","slug":"can-2025-huit-nations-ont-assure-leur-qualification","status":"publish","type":"post","link":"https:\/\/lasentinelle.dz\/index.php\/2024\/10\/17\/can-2025-huit-nations-ont-assure-leur-qualification\/","title":{"rendered":"CAN-2025\u00a0: Huit nations ont assur\u00e9 leur qualification"},"content":{"rendered":"\n<p>Huit pays, sur un ensemble de 23 (en plus du pays organisateur), ont valid\u00e9 leur billet pour la phase finale de la Coupe d&rsquo;Afrique des nations CAN-2025, \u00e0 l&rsquo;issue de la 4e journ\u00e9e disput\u00e9e dimanche, lundi, et mardi.<\/p>\n\n\n\n<p>Il s&rsquo;agit de l&rsquo;Egypte (Gr.C), l&rsquo;Alg\u00e9rie (Gr.E), l&rsquo;Angola (Gr.F), la RD Congo (Gr.H), le Cameroun (Gr.J), l&rsquo;Ouganda (Gr.K), le Burkina Faso (Gr.L), et le S\u00e9n\u00e9gal (Gr.L). Les Verts (Gr.E) ont ainsi assur\u00e9 une 7e participation de rang, en allant s&rsquo;imposer lundi \u00e0 Lom\u00e9 face au Togo (1-0), gr\u00e2ce \u00e0 un but de Benseba\u00efni (18e, s.p). Les \u00ab\u00a0Verts\u00a0\u00bb ont r\u00e9alis\u00e9 jusque-l\u00e0 un carton plein, occupant confortablement le fauteuil de leader avec 12 unit\u00e9s, devant la Guin\u00e9e-\u00e9quatoriale (7 pts), qui a mis d\u00e9j\u00e0 un pied \u00e0 la CAN-2025, en allant gagner \u00e0 Monrovia face \u00e0 la lanterne rouge le Lib\u00e9ria (2-1). Les Paharons d\u2019\u00c9gypte, septuple championne d&rsquo;Afrique, a \u00e9galement assur\u00e9 sa qualification, en s&rsquo;imposant mardi \u00e0 Nouakchott face \u00e0 la Mauritanie (1-0). L&rsquo;attaquant de Pyramids FC (Div.1\/ Egypte) Ibrahim Adel a d\u00e9livr\u00e9 les siens en fin de match (85e) d&rsquo;un lob lointain. A l&rsquo;instar de l&rsquo;Alg\u00e9rie, les \u00ab\u00a0Pharaons\u00a0\u00bb ont remport\u00e9 leur quatre matchs (12 pts), devant le Botswana (6 pts), qui s&rsquo;est relanc\u00e9 en battant petitement \u00e0 la maison le Cap Vert (1-0). Les \u00ab\u00a0Palancas Negras\u00a0\u00bb angolais confirment leur retour au premier plan, en validant ais\u00e9ment leur billet pour le tournoi continental, pour la 10e fois de leur histoire, en s&rsquo;imposant en dehors de leurs bases face au Niger (1-0). Avec quatre succ\u00e8s en autant de matchs, l&rsquo;Angola devrait \u00eatre accompagn\u00e9e par le Soudan (7 pts), qui a renou\u00e9 avec la victoire en battant une d\u00e9cevante \u00e9quipe ghan\u00e9enne (2-0). Avec 2 points au compteur, les \u00ab\u00a0Black stars\u00a0\u00bb ghan\u00e9ens auront besoin d&rsquo;un miracle pour se qualifier.<\/p>\n\n\n\n<p>L&rsquo;Ouganda signe son retour \u00e0 la CAN apr\u00e8s avoir brill\u00e9 par son absence lors des deux derni\u00e8res \u00e9ditions. Les \u00ab\u00a0Cranes\u00a0\u00bb sont all\u00e9s gagner \u00e0 Juba face au Soudan du Sud (2-1), ce qui leur a permis d&rsquo;atteindre la barre de 10 points, devant l&rsquo;Afrique du Sud (8 pts), qui s&rsquo;est content\u00e9e du nul \u00e0 Brazzaville face au Congo (4 pts). La RD Congo, quatri\u00e8me \u00e0 la derni\u00e8re CAN-2024 en C\u00f4te d&rsquo;Ivoire, poursuit son sans-fautes en allant gagner \u00e0 Dar Es-Salaam devant la Tanzanie (2-0), gr\u00e2ce \u00e0 un doubl\u00e9 de Meschak Elia (87e, 90e+3). Dans le groupe J, le Cameroun du s\u00e9lectionneur belge Marc Brys, a scell\u00e9 sa qualification pour la 21e fois, \u00e0 Kampala (le stade de Nairobi \u00e9tant non homologu\u00e9, NDLR) en s&rsquo;imposant devant le Kenya (1-0). Les \u00ab\u00a0Lions indomptables\u00a0\u00bb avec 10 points, devancent les \u00ab\u00a0Warriors\u00a0\u00bb du Zimbabwe qui encha\u00eenent un deuxi\u00e8me succ\u00e8s de suite, \u00e0 domicile face \u00e0 la Namibie (3-1). Le Kenya (3e, 4 pts) devra imp\u00e9rativement s&rsquo;imposer en d\u00e9placement face au Zimbabwe, lors de la 5e journ\u00e9e (11-19 novembre), pour se relancer et rester en vie. Le groupe L a livr\u00e9 son verdict avec la qualification du Burkina Faso et le S\u00e9n\u00e9gal, qui occupent conjointement le poste de leader avec 10 unit\u00e9s, \u00e0 la faveur de leur succ\u00e8s en d\u00e9placement respectivement face au Burundi (2-0) et le Malawi (1-0). Enfin, le champion d&rsquo;Afrique en titre la C\u00f4te d&rsquo;Ivoire, a rat\u00e9 l&rsquo;occasion d&rsquo;assurer sa qualification en s&rsquo;inclinant mardi, \u00e0 la surprise g\u00e9n\u00e9rale, en d\u00e9placement face \u00e0 la Sierra Leone (1-0). Il s&rsquo;agit du premier revers des \u00ab\u00a0El\u00e9phants\u00a0\u00bb depuis leur d\u00e9faite conc\u00e9d\u00e9e le 22 janvier dernier devant la Guin\u00e9e-\u00e9quatoriale (0-4), lors de la phase finale \u00e0 la derni\u00e8re CAN-2024. Les deux derni\u00e8res journ\u00e9es des qualifications se joueront du 11 au 19 novembre prochain.<\/p>\n\n\n\n<p>R.S.<\/p>\n","protected":false},"excerpt":{"rendered":"<p>Huit pays, sur un ensemble de 23 (en plus du pays organisateur), ont valid\u00e9 leur billet pour la phase finale<\/p>\n","protected":false},"author":6,"featured_media":29751,"comment_status":"open","ping_status":"closed","sticky":false,"template":"","format":"standard","meta":{"colormag_page_container_layout":"default_layout","colormag_page_sidebar_layout":"default_layout","om_disable_all_campaigns":false,"_monsterinsights_skip_tracking":false,"_monsterinsights_sitenote_active":false,"_monsterinsights_sitenote_note":"","_monsterinsights_sitenote_category":0,"footnotes":"","_wpscppro_dont_share_socialmedia":false,"_wpscppro_custom_social_share_image":0,"_facebook_share_type":"default","_twitter_share_type":"default","_linkedin_share_type":"default","_pinterest_share_type":"default","_linkedin_share_type_page":"","_instagram_share_type":"default","_medium_share_type":"default","_threads_share_type":"","_google_business_share_type":"","_selected_social_profile":[],"_wpsp_enable_custom_social_template":false,"_wpsp_social_scheduling":{"enabled":false,"datetime":null,"platforms":[],"status":"template_only","dateOption":"today","timeOption":"now","customDays":"","customHours":"","customDate":"","customTime":"","schedulingType":"absolute"},"_wpsp_active_default_template":true},"categories":[33],"tags":[],"class_list":["post-58384","post","type-post","status-publish","format-standard","has-post-thumbnail","hentry","category-sports"],"aioseo_notices":[],"yoast_head":"<!-- This site is optimized with the Yoast SEO plugin v27.5 - https:\/\/yoast.com\/product\/yoast-seo-wordpress\/ -->\n<title>CAN-2025\u00a0: Huit nations ont assur\u00e9 leur qualification - La Sentinelle<\/title>\n<meta name=\"robots\" content=\"index, follow, max-snippet:-1, max-image-preview:large, max-video-preview:-1\" \/>\n<link rel=\"canonical\" href=\"https:\/\/lasentinelle.dz\/index.php\/2024\/10\/17\/can-2025-huit-nations-ont-assure-leur-qualification\/\" \/>\n<meta property=\"og:locale\" content=\"fr_FR\" \/>\n<meta property=\"og:type\" content=\"article\" \/>\n<meta property=\"og:title\" content=\"CAN-2025\u00a0: Huit nations ont assur\u00e9 leur qualification - La Sentinelle\" \/>\n<meta property=\"og:description\" content=\"Huit pays, sur un ensemble de 23 (en plus du pays organisateur), ont valid\u00e9 leur billet pour la phase finale\" \/>\n<meta property=\"og:url\" content=\"https:\/\/lasentinelle.dz\/index.php\/2024\/10\/17\/can-2025-huit-nations-ont-assure-leur-qualification\/\" \/>\n<meta property=\"og:site_name\" content=\"La Sentinelle\" \/>\n<meta property=\"article:publisher\" content=\"https:\/\/www.facebook.com\/La-Sentinelle-104059864394773\" \/>\n<meta property=\"article:published_time\" content=\"2024-10-17T11:53:02+00:00\" \/>\n<meta property=\"article:modified_time\" content=\"2024-10-21T11:53:37+00:00\" \/>\n<meta property=\"og:image\" content=\"https:\/\/lasentinelle.dz\/wp-content\/uploads\/2022\/10\/CAN.png\" \/>\n\t<meta property=\"og:image:width\" content=\"1555\" \/>\n\t<meta property=\"og:image:height\" content=\"900\" \/>\n\t<meta property=\"og:image:type\" content=\"image\/png\" \/>\n<meta name=\"author\" content=\"admin\" \/>\n<meta name=\"twitter:card\" content=\"summary_large_image\" \/>\n<meta name=\"twitter:label1\" content=\"\u00c9crit par\" \/>\n\t<meta name=\"twitter:data1\" content=\"admin\" \/>\n\t<meta name=\"twitter:label2\" content=\"Dur\u00e9e de lecture estim\u00e9e\" \/>\n\t<meta name=\"twitter:data2\" content=\"4 minutes\" \/>\n<script type=\"application\/ld+json\" class=\"yoast-schema-graph\">{\"@context\":\"https:\\\/\\\/schema.org\",\"@graph\":[{\"@type\":\"Article\",\"@id\":\"https:\\\/\\\/lasentinelle.dz\\\/index.php\\\/2024\\\/10\\\/17\\\/can-2025-huit-nations-ont-assure-leur-qualification\\\/#article\",\"isPartOf\":{\"@id\":\"https:\\\/\\\/lasentinelle.dz\\\/index.php\\\/2024\\\/10\\\/17\\\/can-2025-huit-nations-ont-assure-leur-qualification\\\/\"},\"author\":{\"name\":\"admin\",\"@id\":\"https:\\\/\\\/lasentinelle.dz\\\/#\\\/schema\\\/person\\\/729ee0024f24e0b8c5ec17232f8e8b41\"},\"headline\":\"CAN-2025\u00a0: Huit nations ont assur\u00e9 leur qualification\",\"datePublished\":\"2024-10-17T11:53:02+00:00\",\"dateModified\":\"2024-10-21T11:53:37+00:00\",\"mainEntityOfPage\":{\"@id\":\"https:\\\/\\\/lasentinelle.dz\\\/index.php\\\/2024\\\/10\\\/17\\\/can-2025-huit-nations-ont-assure-leur-qualification\\\/\"},\"wordCount\":653,\"commentCount\":0,\"publisher\":{\"@id\":\"https:\\\/\\\/lasentinelle.dz\\\/#organization\"},\"image\":{\"@id\":\"https:\\\/\\\/lasentinelle.dz\\\/index.php\\\/2024\\\/10\\\/17\\\/can-2025-huit-nations-ont-assure-leur-qualification\\\/#primaryimage\"},\"thumbnailUrl\":\"https:\\\/\\\/lasentinelle.dz\\\/wp-content\\\/uploads\\\/2022\\\/10\\\/CAN.png\",\"articleSection\":[\"Sports\"],\"inLanguage\":\"fr-FR\",\"potentialAction\":[{\"@type\":\"CommentAction\",\"name\":\"Comment\",\"target\":[\"https:\\\/\\\/lasentinelle.dz\\\/index.php\\\/2024\\\/10\\\/17\\\/can-2025-huit-nations-ont-assure-leur-qualification\\\/#respond\"]}]},{\"@type\":\"WebPage\",\"@id\":\"https:\\\/\\\/lasentinelle.dz\\\/index.php\\\/2024\\\/10\\\/17\\\/can-2025-huit-nations-ont-assure-leur-qualification\\\/\",\"url\":\"https:\\\/\\\/lasentinelle.dz\\\/index.php\\\/2024\\\/10\\\/17\\\/can-2025-huit-nations-ont-assure-leur-qualification\\\/\",\"name\":\"CAN-2025\u00a0: Huit nations ont assur\u00e9 leur qualification - La Sentinelle\",\"isPartOf\":{\"@id\":\"https:\\\/\\\/lasentinelle.dz\\\/#website\"},\"primaryImageOfPage\":{\"@id\":\"https:\\\/\\\/lasentinelle.dz\\\/index.php\\\/2024\\\/10\\\/17\\\/can-2025-huit-nations-ont-assure-leur-qualification\\\/#primaryimage\"},\"image\":{\"@id\":\"https:\\\/\\\/lasentinelle.dz\\\/index.php\\\/2024\\\/10\\\/17\\\/can-2025-huit-nations-ont-assure-leur-qualification\\\/#primaryimage\"},\"thumbnailUrl\":\"https:\\\/\\\/lasentinelle.dz\\\/wp-content\\\/uploads\\\/2022\\\/10\\\/CAN.png\",\"datePublished\":\"2024-10-17T11:53:02+00:00\",\"dateModified\":\"2024-10-21T11:53:37+00:00\",\"breadcrumb\":{\"@id\":\"https:\\\/\\\/lasentinelle.dz\\\/index.php\\\/2024\\\/10\\\/17\\\/can-2025-huit-nations-ont-assure-leur-qualification\\\/#breadcrumb\"},\"inLanguage\":\"fr-FR\",\"potentialAction\":[{\"@type\":\"ReadAction\",\"target\":[\"https:\\\/\\\/lasentinelle.dz\\\/index.php\\\/2024\\\/10\\\/17\\\/can-2025-huit-nations-ont-assure-leur-qualification\\\/\"]}]},{\"@type\":\"ImageObject\",\"inLanguage\":\"fr-FR\",\"@id\":\"https:\\\/\\\/lasentinelle.dz\\\/index.php\\\/2024\\\/10\\\/17\\\/can-2025-huit-nations-ont-assure-leur-qualification\\\/#primaryimage\",\"url\":\"https:\\\/\\\/lasentinelle.dz\\\/wp-content\\\/uploads\\\/2022\\\/10\\\/CAN.png\",\"contentUrl\":\"https:\\\/\\\/lasentinelle.dz\\\/wp-content\\\/uploads\\\/2022\\\/10\\\/CAN.png\",\"width\":1555,\"height\":900},{\"@type\":\"BreadcrumbList\",\"@id\":\"https:\\\/\\\/lasentinelle.dz\\\/index.php\\\/2024\\\/10\\\/17\\\/can-2025-huit-nations-ont-assure-leur-qualification\\\/#breadcrumb\",\"itemListElement\":[{\"@type\":\"ListItem\",\"position\":1,\"name\":\"Accueil\",\"item\":\"https:\\\/\\\/lasentinelle.dz\\\/\"},{\"@type\":\"ListItem\",\"position\":2,\"name\":\"CAN-2025\u00a0: Huit nations ont assur\u00e9 leur qualification\"}]},{\"@type\":\"WebSite\",\"@id\":\"https:\\\/\\\/lasentinelle.dz\\\/#website\",\"url\":\"https:\\\/\\\/lasentinelle.dz\\\/\",\"name\":\"La Sentinelle\",\"description\":\"Quotidien national d&#039;information\",\"publisher\":{\"@id\":\"https:\\\/\\\/lasentinelle.dz\\\/#organization\"},\"potentialAction\":[{\"@type\":\"SearchAction\",\"target\":{\"@type\":\"EntryPoint\",\"urlTemplate\":\"https:\\\/\\\/lasentinelle.dz\\\/?s={search_term_string}\"},\"query-input\":{\"@type\":\"PropertyValueSpecification\",\"valueRequired\":true,\"valueName\":\"search_term_string\"}}],\"inLanguage\":\"fr-FR\"},{\"@type\":\"Organization\",\"@id\":\"https:\\\/\\\/lasentinelle.dz\\\/#organization\",\"name\":\"Quotidien La Sentinelle\",\"url\":\"https:\\\/\\\/lasentinelle.dz\\\/\",\"logo\":{\"@type\":\"ImageObject\",\"inLanguage\":\"fr-FR\",\"@id\":\"https:\\\/\\\/lasentinelle.dz\\\/#\\\/schema\\\/logo\\\/image\\\/\",\"url\":\"https:\\\/\\\/lasentinelle.dz\\\/wp-content\\\/uploads\\\/2021\\\/09\\\/logo-sentinelleSLOGAN-1.png\",\"contentUrl\":\"https:\\\/\\\/lasentinelle.dz\\\/wp-content\\\/uploads\\\/2021\\\/09\\\/logo-sentinelleSLOGAN-1.png\",\"width\":615,\"height\":142,\"caption\":\"Quotidien La Sentinelle\"},\"image\":{\"@id\":\"https:\\\/\\\/lasentinelle.dz\\\/#\\\/schema\\\/logo\\\/image\\\/\"},\"sameAs\":[\"https:\\\/\\\/www.facebook.com\\\/La-Sentinelle-104059864394773\"]},{\"@type\":\"Person\",\"@id\":\"https:\\\/\\\/lasentinelle.dz\\\/#\\\/schema\\\/person\\\/729ee0024f24e0b8c5ec17232f8e8b41\",\"name\":\"admin\",\"image\":{\"@type\":\"ImageObject\",\"inLanguage\":\"fr-FR\",\"@id\":\"https:\\\/\\\/secure.gravatar.com\\\/avatar\\\/4c81fed838786e9b53f540bf46533e750f5d292099ae3b66cfc6fb1982e29df7?s=96&d=mm&r=g\",\"url\":\"https:\\\/\\\/secure.gravatar.com\\\/avatar\\\/4c81fed838786e9b53f540bf46533e750f5d292099ae3b66cfc6fb1982e29df7?s=96&d=mm&r=g\",\"contentUrl\":\"https:\\\/\\\/secure.gravatar.com\\\/avatar\\\/4c81fed838786e9b53f540bf46533e750f5d292099ae3b66cfc6fb1982e29df7?s=96&d=mm&r=g\",\"caption\":\"admin\"},\"description\":\"admin\",\"url\":\"https:\\\/\\\/lasentinelle.dz\\\/author\\\/admin\\\/\"}]}<\/script>\n<!-- \/ Yoast SEO plugin. -->","yoast_head_json":{"title":"CAN-2025\u00a0: Huit nations ont assur\u00e9 leur qualification - La Sentinelle","robots":{"index":"index","follow":"follow","max-snippet":"max-snippet:-1","max-image-preview":"max-image-preview:large","max-video-preview":"max-video-preview:-1"},"canonical":"https:\/\/lasentinelle.dz\/index.php\/2024\/10\/17\/can-2025-huit-nations-ont-assure-leur-qualification\/","og_locale":"fr_FR","og_type":"article","og_title":"CAN-2025\u00a0: Huit nations ont assur\u00e9 leur qualification - La Sentinelle","og_description":"Huit pays, sur un ensemble de 23 (en plus du pays organisateur), ont valid\u00e9 leur billet pour la phase finale","og_url":"https:\/\/lasentinelle.dz\/index.php\/2024\/10\/17\/can-2025-huit-nations-ont-assure-leur-qualification\/","og_site_name":"La Sentinelle","article_publisher":"https:\/\/www.facebook.com\/La-Sentinelle-104059864394773","article_published_time":"2024-10-17T11:53:02+00:00","article_modified_time":"2024-10-21T11:53:37+00:00","og_image":[{"width":1555,"height":900,"url":"https:\/\/lasentinelle.dz\/wp-content\/uploads\/2022\/10\/CAN.png","type":"image\/png"}],"author":"admin","twitter_card":"summary_large_image","twitter_misc":{"\u00c9crit par":"admin","Dur\u00e9e de lecture estim\u00e9e":"4 minutes"},"schema":{"@context":"https:\/\/schema.org","@graph":[{"@type":"Article","@id":"https:\/\/lasentinelle.dz\/index.php\/2024\/10\/17\/can-2025-huit-nations-ont-assure-leur-qualification\/#article","isPartOf":{"@id":"https:\/\/lasentinelle.dz\/index.php\/2024\/10\/17\/can-2025-huit-nations-ont-assure-leur-qualification\/"},"author":{"name":"admin","@id":"https:\/\/lasentinelle.dz\/#\/schema\/person\/729ee0024f24e0b8c5ec17232f8e8b41"},"headline":"CAN-2025\u00a0: Huit nations ont assur\u00e9 leur qualification","datePublished":"2024-10-17T11:53:02+00:00","dateModified":"2024-10-21T11:53:37+00:00","mainEntityOfPage":{"@id":"https:\/\/lasentinelle.dz\/index.php\/2024\/10\/17\/can-2025-huit-nations-ont-assure-leur-qualification\/"},"wordCount":653,"commentCount":0,"publisher":{"@id":"https:\/\/lasentinelle.dz\/#organization"},"image":{"@id":"https:\/\/lasentinelle.dz\/index.php\/2024\/10\/17\/can-2025-huit-nations-ont-assure-leur-qualification\/#primaryimage"},"thumbnailUrl":"https:\/\/lasentinelle.dz\/wp-content\/uploads\/2022\/10\/CAN.png","articleSection":["Sports"],"inLanguage":"fr-FR","potentialAction":[{"@type":"CommentAction","name":"Comment","target":["https:\/\/lasentinelle.dz\/index.php\/2024\/10\/17\/can-2025-huit-nations-ont-assure-leur-qualification\/#respond"]}]},{"@type":"WebPage","@id":"https:\/\/lasentinelle.dz\/index.php\/2024\/10\/17\/can-2025-huit-nations-ont-assure-leur-qualification\/","url":"https:\/\/lasentinelle.dz\/index.php\/2024\/10\/17\/can-2025-huit-nations-ont-assure-leur-qualification\/","name":"CAN-2025\u00a0: Huit nations ont assur\u00e9 leur qualification - La Sentinelle","isPartOf":{"@id":"https:\/\/lasentinelle.dz\/#website"},"primaryImageOfPage":{"@id":"https:\/\/lasentinelle.dz\/index.php\/2024\/10\/17\/can-2025-huit-nations-ont-assure-leur-qualification\/#primaryimage"},"image":{"@id":"https:\/\/lasentinelle.dz\/index.php\/2024\/10\/17\/can-2025-huit-nations-ont-assure-leur-qualification\/#primaryimage"},"thumbnailUrl":"https:\/\/lasentinelle.dz\/wp-content\/uploads\/2022\/10\/CAN.png","datePublished":"2024-10-17T11:53:02+00:00","dateModified":"2024-10-21T11:53:37+00:00","breadcrumb":{"@id":"https:\/\/lasentinelle.dz\/index.php\/2024\/10\/17\/can-2025-huit-nations-ont-assure-leur-qualification\/#breadcrumb"},"inLanguage":"fr-FR","potentialAction":[{"@type":"ReadAction","target":["https:\/\/lasentinelle.dz\/index.php\/2024\/10\/17\/can-2025-huit-nations-ont-assure-leur-qualification\/"]}]},{"@type":"ImageObject","inLanguage":"fr-FR","@id":"https:\/\/lasentinelle.dz\/index.php\/2024\/10\/17\/can-2025-huit-nations-ont-assure-leur-qualification\/#primaryimage","url":"https:\/\/lasentinelle.dz\/wp-content\/uploads\/2022\/10\/CAN.png","contentUrl":"https:\/\/lasentinelle.dz\/wp-content\/uploads\/2022\/10\/CAN.png","width":1555,"height":900},{"@type":"BreadcrumbList","@id":"https:\/\/lasentinelle.dz\/index.php\/2024\/10\/17\/can-2025-huit-nations-ont-assure-leur-qualification\/#breadcrumb","itemListElement":[{"@type":"ListItem","position":1,"name":"Accueil","item":"https:\/\/lasentinelle.dz\/"},{"@type":"ListItem","position":2,"name":"CAN-2025\u00a0: Huit nations ont assur\u00e9 leur qualification"}]},{"@type":"WebSite","@id":"https:\/\/lasentinelle.dz\/#website","url":"https:\/\/lasentinelle.dz\/","name":"La Sentinelle","description":"Quotidien national d&#039;information","publisher":{"@id":"https:\/\/lasentinelle.dz\/#organization"},"potentialAction":[{"@type":"SearchAction","target":{"@type":"EntryPoint","urlTemplate":"https:\/\/lasentinelle.dz\/?s={search_term_string}"},"query-input":{"@type":"PropertyValueSpecification","valueRequired":true,"valueName":"search_term_string"}}],"inLanguage":"fr-FR"},{"@type":"Organization","@id":"https:\/\/lasentinelle.dz\/#organization","name":"Quotidien La Sentinelle","url":"https:\/\/lasentinelle.dz\/","logo":{"@type":"ImageObject","inLanguage":"fr-FR","@id":"https:\/\/lasentinelle.dz\/#\/schema\/logo\/image\/","url":"https:\/\/lasentinelle.dz\/wp-content\/uploads\/2021\/09\/logo-sentinelleSLOGAN-1.png","contentUrl":"https:\/\/lasentinelle.dz\/wp-content\/uploads\/2021\/09\/logo-sentinelleSLOGAN-1.png","width":615,"height":142,"caption":"Quotidien La Sentinelle"},"image":{"@id":"https:\/\/lasentinelle.dz\/#\/schema\/logo\/image\/"},"sameAs":["https:\/\/www.facebook.com\/La-Sentinelle-104059864394773"]},{"@type":"Person","@id":"https:\/\/lasentinelle.dz\/#\/schema\/person\/729ee0024f24e0b8c5ec17232f8e8b41","name":"admin","image":{"@type":"ImageObject","inLanguage":"fr-FR","@id":"https:\/\/secure.gravatar.com\/avatar\/4c81fed838786e9b53f540bf46533e750f5d292099ae3b66cfc6fb1982e29df7?s=96&d=mm&r=g","url":"https:\/\/secure.gravatar.com\/avatar\/4c81fed838786e9b53f540bf46533e750f5d292099ae3b66cfc6fb1982e29df7?s=96&d=mm&r=g","contentUrl":"https:\/\/secure.gravatar.com\/avatar\/4c81fed838786e9b53f540bf46533e750f5d292099ae3b66cfc6fb1982e29df7?s=96&d=mm&r=g","caption":"admin"},"description":"admin","url":"https:\/\/lasentinelle.dz\/author\/admin\/"}]}},"_links":{"self":[{"href":"https:\/\/lasentinelle.dz\/index.php\/wp-json\/wp\/v2\/posts\/58384","targetHints":{"allow":["GET"]}}],"collection":[{"href":"https:\/\/lasentinelle.dz\/index.php\/wp-json\/wp\/v2\/posts"}],"about":[{"href":"https:\/\/lasentinelle.dz\/index.php\/wp-json\/wp\/v2\/types\/post"}],"author":[{"embeddable":true,"href":"https:\/\/lasentinelle.dz\/index.php\/wp-json\/wp\/v2\/users\/6"}],"replies":[{"embeddable":true,"href":"https:\/\/lasentinelle.dz\/index.php\/wp-json\/wp\/v2\/comments?post=58384"}],"version-history":[{"count":1,"href":"https:\/\/lasentinelle.dz\/index.php\/wp-json\/wp\/v2\/posts\/58384\/revisions"}],"predecessor-version":[{"id":58385,"href":"https:\/\/lasentinelle.dz\/index.php\/wp-json\/wp\/v2\/posts\/58384\/revisions\/58385"}],"wp:featuredmedia":[{"embeddable":true,"href":"https:\/\/lasentinelle.dz\/index.php\/wp-json\/wp\/v2\/media\/29751"}],"wp:attachment":[{"href":"https:\/\/lasentinelle.dz\/index.php\/wp-json\/wp\/v2\/media?parent=58384"}],"wp:term":[{"taxonomy":"category","embeddable":true,"href":"https:\/\/lasentinelle.dz\/index.php\/wp-json\/wp\/v2\/categories?post=58384"},{"taxonomy":"post_tag","embeddable":true,"href":"https:\/\/lasentinelle.dz\/index.php\/wp-json\/wp\/v2\/tags?post=58384"}],"curies":[{"name":"wp","href":"https:\/\/api.w.org\/{rel}","templated":true}]}}