{"id":58394,"date":"2024-10-17T12:56:14","date_gmt":"2024-10-17T11:56:14","guid":{"rendered":"https:\/\/lasentinelle.dz\/?p=58394"},"modified":"2024-10-21T12:58:24","modified_gmt":"2024-10-21T11:58:24","slug":"en-perspective-de-la-conference-cop-29-le-gecf-fait-front-pour-defendre-la-place-du-gaz-dans-la-transition","status":"publish","type":"post","link":"https:\/\/lasentinelle.dz\/index.php\/2024\/10\/17\/en-perspective-de-la-conference-cop-29-le-gecf-fait-front-pour-defendre-la-place-du-gaz-dans-la-transition\/","title":{"rendered":"En perspective de la conf\u00e9rence COP 29\u00a0: Le GECF fait front pour d\u00e9fendre la place du gaz dans la transition"},"content":{"rendered":"\n<p>Le Forum des pays exportateurs de gaz (GECF) a organis\u00e9, lundi, une r\u00e9union de haut niveau en visioconf\u00e9rence, dans le cadre de la pr\u00e9paration de la COP29, qui se tiendra avant la fin de l\u2019ann\u00e9e 2024 \u00e0 Bakou, en Azerba\u00efdjan, selon un communiqu\u00e9 du GECF publi\u00e9 sur son portail Internet. Selon la m\u00eame source, cette r\u00e9union cruciale a permis aux pays membres du GECF d&rsquo;harmoniser leurs perspectives sur les questions climatiques cl\u00e9s, jetant ainsi les bases de leur participation active \u00e0 la Conf\u00e9rence des Nations Unies sur le changement climatique, indiquant que Mohamed Hamel, secr\u00e9taire g\u00e9n\u00e9ral du GECF, a insist\u00e9 sur le r\u00f4le central du gaz naturel dans l&rsquo;\u00e9quilibre entre la demande mondiale en \u00e9nergie et les objectifs climatiques et en tant que source d&rsquo;\u00e9nergie propre, flexible et fiable, est essentiel non seulement pour garantir la s\u00e9curit\u00e9 \u00e9nerg\u00e9tique, mais aussi pour le d\u00e9veloppement durable et la protection de l&rsquo;environnement.<\/p>\n\n\n\n<p>Continuant dans le m\u00eame sens, le secr\u00e9taire g\u00e9n\u00e9ral du GECF a salu\u00e9 le leadership de l&rsquo;Azerba\u00efdjan, qui d\u00e9montre une transition \u00e9nerg\u00e9tique intelligente et durable en exploitant les synergies entre le gaz naturel et les \u00e9nergies renouvelables, affirmant que les pays membres du forum, conscients des avanc\u00e9es r\u00e9centes en mati\u00e8re d&rsquo;action climatique, ont abord\u00e9 notamment des sujets cruciaux tels que les strat\u00e9gies d&rsquo;att\u00e9nuation, les efforts d&rsquo;adaptation et les solutions \u00e9nerg\u00e9tiques pour traiter les pertes et dommages li\u00e9s \u00e0 l\u2019exploitation du gaz \u00e0 travers l\u2019utilisation de solutions et de proc\u00e9d\u00e9s moins polluants.<\/p>\n\n\n\n<p>Ceci dit, les membres du GECF ont \u00e9voqu\u00e9, \u00e9galement, la question du financement climatique, qui est rest\u00e9 au centre des discussions, en tant que&nbsp;&nbsp; priorit\u00e9 pour les organisateurs de la COP29, ajoutant que les membres du GECF ont explor\u00e9 les derniers d\u00e9veloppements et les attentes concernant de nouveaux engagements financiers cruciaux pour soutenir l&rsquo;action climatique mondiale.<\/p>\n\n\n\n<p>Par ailleurs, les membres du GECF ont effectu\u00e9, selon ce communiqu\u00e9, une analyse approfondie de l&rsquo;article 6 de l&rsquo;Accord de la conf\u00e9rence sur le climat COP21 organis\u00e9e \u00e0 Paris (France), mettant en \u00e9vidence les opportunit\u00e9s de partenariats entre pays producteurs de gaz, les march\u00e9s du carbone et les m\u00e9canismes non marchands. Last but not least, les participants \u00e0 cette r\u00e9union ont abord\u00e9, aussi, les enjeux li\u00e9s au m\u00e9canisme technologique dans le cadre de la pr\u00e9paration de la conf\u00e9rence COP29, en mettant l&rsquo;accent sur l&rsquo;alignement de leur action avec les engagements financiers climatiques plus larges, soulignant au passage que la concr\u00e9tisation de ses recommandations est une priorit\u00e9 essentielle.<\/p>\n\n\n\n<p>En outre, les membres du GECF ont examin\u00e9, selon la m\u00eame source, les implications potentielles du m\u00e9canisme d&rsquo;ajustement carbone aux fronti\u00e8res (CBAM) particuli\u00e8rement en ce qui concerne son impact potentiel sur les producteurs non europ\u00e9ens et les pr\u00e9occupations relatives \u00e0 la discrimination commerciale et explor\u00e9 des strat\u00e9gies pour assurer un traitement \u00e9quitable des pays membres du GECF sur le march\u00e9 mondial de l&rsquo;\u00e9nergie.<\/p>\n\n\n\n<p>Autrement dit, les pays membres du GECF ont insist\u00e9 sur l\u2019importance d\u2019une participation active \u00e0 la conf\u00e9rence sur le climat COP29, en organisant des r\u00e9unions minist\u00e9rielles, des \u00e9v\u00e9nements parall\u00e8les et un pavillon d\u00e9di\u00e9 du GECF en marge de cette manifestation internationale. Notons que cette r\u00e9union a servi d&rsquo;opportunit\u00e9 pour les membres du GECF d&rsquo;\u00e9changer leurs points de vue et de consolider leurs strat\u00e9gies avant la COP29, en restant pleinement engag\u00e9 \u00e0 promouvoir des solutions \u00e9nerg\u00e9tiques durables qui \u00e9quilibrent d\u00e9veloppement durable et d\u00e9fis climatiques mondiaux li\u00e9s au changement climatique et fa\u00e7onner l&rsquo;avenir du paysage \u00e9nerg\u00e9tique mondial.<\/p>\n\n\n\n<p>Hakim Aomar<\/p>\n","protected":false},"excerpt":{"rendered":"<p>Le Forum des pays exportateurs de gaz (GECF) a organis\u00e9, lundi, une r\u00e9union de haut niveau en visioconf\u00e9rence, dans le<\/p>\n","protected":false},"author":6,"featured_media":46184,"comment_status":"open","ping_status":"closed","sticky":false,"template":"","format":"standard","meta":{"colormag_page_container_layout":"default_layout","colormag_page_sidebar_layout":"default_layout","om_disable_all_campaigns":false,"_monsterinsights_skip_tracking":false,"_monsterinsights_sitenote_active":false,"_monsterinsights_sitenote_note":"","_monsterinsights_sitenote_category":0,"footnotes":"","_wpscppro_dont_share_socialmedia":false,"_wpscppro_custom_social_share_image":0,"_facebook_share_type":"default","_twitter_share_type":"default","_linkedin_share_type":"default","_pinterest_share_type":"default","_linkedin_share_type_page":"","_instagram_share_type":"default","_medium_share_type":"default","_threads_share_type":"","_google_business_share_type":"","_selected_social_profile":[],"_wpsp_enable_custom_social_template":false,"_wpsp_social_scheduling":{"enabled":false,"datetime":null,"platforms":[],"status":"template_only","dateOption":"today","timeOption":"now","customDays":"","customHours":"","customDate":"","customTime":"","schedulingType":"absolute"},"_wpsp_active_default_template":true},"categories":[52,29],"tags":[],"class_list":["post-58394","post","type-post","status-publish","format-standard","has-post-thumbnail","hentry","category-a-la-une","category-economie"],"aioseo_notices":[],"yoast_head":"<!-- This site is optimized with the Yoast SEO plugin v27.5 - https:\/\/yoast.com\/product\/yoast-seo-wordpress\/ -->\n<title>En perspective de la conf\u00e9rence COP 29\u00a0: Le GECF fait front pour d\u00e9fendre la place du gaz dans la transition - La Sentinelle<\/title>\n<meta name=\"robots\" content=\"index, follow, max-snippet:-1, max-image-preview:large, max-video-preview:-1\" \/>\n<link rel=\"canonical\" href=\"https:\/\/lasentinelle.dz\/index.php\/2024\/10\/17\/en-perspective-de-la-conference-cop-29-le-gecf-fait-front-pour-defendre-la-place-du-gaz-dans-la-transition\/\" \/>\n<meta property=\"og:locale\" content=\"fr_FR\" \/>\n<meta property=\"og:type\" content=\"article\" \/>\n<meta property=\"og:title\" content=\"En perspective de la conf\u00e9rence COP 29\u00a0: Le GECF fait front pour d\u00e9fendre la place du gaz dans la transition - La Sentinelle\" \/>\n<meta property=\"og:description\" content=\"Le Forum des pays exportateurs de gaz (GECF) a organis\u00e9, lundi, une r\u00e9union de haut niveau en visioconf\u00e9rence, dans le\" \/>\n<meta property=\"og:url\" content=\"https:\/\/lasentinelle.dz\/index.php\/2024\/10\/17\/en-perspective-de-la-conference-cop-29-le-gecf-fait-front-pour-defendre-la-place-du-gaz-dans-la-transition\/\" \/>\n<meta property=\"og:site_name\" content=\"La Sentinelle\" \/>\n<meta property=\"article:publisher\" content=\"https:\/\/www.facebook.com\/La-Sentinelle-104059864394773\" \/>\n<meta property=\"article:published_time\" content=\"2024-10-17T11:56:14+00:00\" \/>\n<meta property=\"article:modified_time\" content=\"2024-10-21T11:58:24+00:00\" \/>\n<meta property=\"og:image\" content=\"https:\/\/lasentinelle.dz\/wp-content\/uploads\/2023\/10\/GECF.jpeg\" \/>\n\t<meta property=\"og:image:width\" content=\"340\" \/>\n\t<meta property=\"og:image:height\" content=\"200\" \/>\n\t<meta property=\"og:image:type\" content=\"image\/jpeg\" \/>\n<meta name=\"author\" content=\"admin\" \/>\n<meta name=\"twitter:card\" content=\"summary_large_image\" \/>\n<meta name=\"twitter:label1\" content=\"\u00c9crit par\" \/>\n\t<meta name=\"twitter:data1\" content=\"admin\" \/>\n\t<meta name=\"twitter:label2\" content=\"Dur\u00e9e de lecture estim\u00e9e\" \/>\n\t<meta name=\"twitter:data2\" content=\"4 minutes\" \/>\n<script type=\"application\/ld+json\" class=\"yoast-schema-graph\">{\"@context\":\"https:\\\/\\\/schema.org\",\"@graph\":[{\"@type\":\"Article\",\"@id\":\"https:\\\/\\\/lasentinelle.dz\\\/index.php\\\/2024\\\/10\\\/17\\\/en-perspective-de-la-conference-cop-29-le-gecf-fait-front-pour-defendre-la-place-du-gaz-dans-la-transition\\\/#article\",\"isPartOf\":{\"@id\":\"https:\\\/\\\/lasentinelle.dz\\\/index.php\\\/2024\\\/10\\\/17\\\/en-perspective-de-la-conference-cop-29-le-gecf-fait-front-pour-defendre-la-place-du-gaz-dans-la-transition\\\/\"},\"author\":{\"name\":\"admin\",\"@id\":\"https:\\\/\\\/lasentinelle.dz\\\/#\\\/schema\\\/person\\\/729ee0024f24e0b8c5ec17232f8e8b41\"},\"headline\":\"En perspective de la conf\u00e9rence COP 29\u00a0: Le GECF fait front pour d\u00e9fendre la place du gaz dans la transition\",\"datePublished\":\"2024-10-17T11:56:14+00:00\",\"dateModified\":\"2024-10-21T11:58:24+00:00\",\"mainEntityOfPage\":{\"@id\":\"https:\\\/\\\/lasentinelle.dz\\\/index.php\\\/2024\\\/10\\\/17\\\/en-perspective-de-la-conference-cop-29-le-gecf-fait-front-pour-defendre-la-place-du-gaz-dans-la-transition\\\/\"},\"wordCount\":662,\"commentCount\":0,\"publisher\":{\"@id\":\"https:\\\/\\\/lasentinelle.dz\\\/#organization\"},\"image\":{\"@id\":\"https:\\\/\\\/lasentinelle.dz\\\/index.php\\\/2024\\\/10\\\/17\\\/en-perspective-de-la-conference-cop-29-le-gecf-fait-front-pour-defendre-la-place-du-gaz-dans-la-transition\\\/#primaryimage\"},\"thumbnailUrl\":\"https:\\\/\\\/lasentinelle.dz\\\/wp-content\\\/uploads\\\/2023\\\/10\\\/GECF.jpeg\",\"articleSection\":[\"\u00c0 la Une\",\"\u00c9conomie\"],\"inLanguage\":\"fr-FR\",\"potentialAction\":[{\"@type\":\"CommentAction\",\"name\":\"Comment\",\"target\":[\"https:\\\/\\\/lasentinelle.dz\\\/index.php\\\/2024\\\/10\\\/17\\\/en-perspective-de-la-conference-cop-29-le-gecf-fait-front-pour-defendre-la-place-du-gaz-dans-la-transition\\\/#respond\"]}]},{\"@type\":\"WebPage\",\"@id\":\"https:\\\/\\\/lasentinelle.dz\\\/index.php\\\/2024\\\/10\\\/17\\\/en-perspective-de-la-conference-cop-29-le-gecf-fait-front-pour-defendre-la-place-du-gaz-dans-la-transition\\\/\",\"url\":\"https:\\\/\\\/lasentinelle.dz\\\/index.php\\\/2024\\\/10\\\/17\\\/en-perspective-de-la-conference-cop-29-le-gecf-fait-front-pour-defendre-la-place-du-gaz-dans-la-transition\\\/\",\"name\":\"En perspective de la conf\u00e9rence COP 29\u00a0: Le GECF fait front pour d\u00e9fendre la place du gaz dans la transition - La Sentinelle\",\"isPartOf\":{\"@id\":\"https:\\\/\\\/lasentinelle.dz\\\/#website\"},\"primaryImageOfPage\":{\"@id\":\"https:\\\/\\\/lasentinelle.dz\\\/index.php\\\/2024\\\/10\\\/17\\\/en-perspective-de-la-conference-cop-29-le-gecf-fait-front-pour-defendre-la-place-du-gaz-dans-la-transition\\\/#primaryimage\"},\"image\":{\"@id\":\"https:\\\/\\\/lasentinelle.dz\\\/index.php\\\/2024\\\/10\\\/17\\\/en-perspective-de-la-conference-cop-29-le-gecf-fait-front-pour-defendre-la-place-du-gaz-dans-la-transition\\\/#primaryimage\"},\"thumbnailUrl\":\"https:\\\/\\\/lasentinelle.dz\\\/wp-content\\\/uploads\\\/2023\\\/10\\\/GECF.jpeg\",\"datePublished\":\"2024-10-17T11:56:14+00:00\",\"dateModified\":\"2024-10-21T11:58:24+00:00\",\"breadcrumb\":{\"@id\":\"https:\\\/\\\/lasentinelle.dz\\\/index.php\\\/2024\\\/10\\\/17\\\/en-perspective-de-la-conference-cop-29-le-gecf-fait-front-pour-defendre-la-place-du-gaz-dans-la-transition\\\/#breadcrumb\"},\"inLanguage\":\"fr-FR\",\"potentialAction\":[{\"@type\":\"ReadAction\",\"target\":[\"https:\\\/\\\/lasentinelle.dz\\\/index.php\\\/2024\\\/10\\\/17\\\/en-perspective-de-la-conference-cop-29-le-gecf-fait-front-pour-defendre-la-place-du-gaz-dans-la-transition\\\/\"]}]},{\"@type\":\"ImageObject\",\"inLanguage\":\"fr-FR\",\"@id\":\"https:\\\/\\\/lasentinelle.dz\\\/index.php\\\/2024\\\/10\\\/17\\\/en-perspective-de-la-conference-cop-29-le-gecf-fait-front-pour-defendre-la-place-du-gaz-dans-la-transition\\\/#primaryimage\",\"url\":\"https:\\\/\\\/lasentinelle.dz\\\/wp-content\\\/uploads\\\/2023\\\/10\\\/GECF.jpeg\",\"contentUrl\":\"https:\\\/\\\/lasentinelle.dz\\\/wp-content\\\/uploads\\\/2023\\\/10\\\/GECF.jpeg\",\"width\":340,\"height\":200},{\"@type\":\"BreadcrumbList\",\"@id\":\"https:\\\/\\\/lasentinelle.dz\\\/index.php\\\/2024\\\/10\\\/17\\\/en-perspective-de-la-conference-cop-29-le-gecf-fait-front-pour-defendre-la-place-du-gaz-dans-la-transition\\\/#breadcrumb\",\"itemListElement\":[{\"@type\":\"ListItem\",\"position\":1,\"name\":\"Accueil\",\"item\":\"https:\\\/\\\/lasentinelle.dz\\\/\"},{\"@type\":\"ListItem\",\"position\":2,\"name\":\"En perspective de la conf\u00e9rence COP 29\u00a0: Le GECF fait front pour d\u00e9fendre la place du gaz dans la transition\"}]},{\"@type\":\"WebSite\",\"@id\":\"https:\\\/\\\/lasentinelle.dz\\\/#website\",\"url\":\"https:\\\/\\\/lasentinelle.dz\\\/\",\"name\":\"La Sentinelle\",\"description\":\"Quotidien national d&#039;information\",\"publisher\":{\"@id\":\"https:\\\/\\\/lasentinelle.dz\\\/#organization\"},\"potentialAction\":[{\"@type\":\"SearchAction\",\"target\":{\"@type\":\"EntryPoint\",\"urlTemplate\":\"https:\\\/\\\/lasentinelle.dz\\\/?s={search_term_string}\"},\"query-input\":{\"@type\":\"PropertyValueSpecification\",\"valueRequired\":true,\"valueName\":\"search_term_string\"}}],\"inLanguage\":\"fr-FR\"},{\"@type\":\"Organization\",\"@id\":\"https:\\\/\\\/lasentinelle.dz\\\/#organization\",\"name\":\"Quotidien La Sentinelle\",\"url\":\"https:\\\/\\\/lasentinelle.dz\\\/\",\"logo\":{\"@type\":\"ImageObject\",\"inLanguage\":\"fr-FR\",\"@id\":\"https:\\\/\\\/lasentinelle.dz\\\/#\\\/schema\\\/logo\\\/image\\\/\",\"url\":\"https:\\\/\\\/lasentinelle.dz\\\/wp-content\\\/uploads\\\/2021\\\/09\\\/logo-sentinelleSLOGAN-1.png\",\"contentUrl\":\"https:\\\/\\\/lasentinelle.dz\\\/wp-content\\\/uploads\\\/2021\\\/09\\\/logo-sentinelleSLOGAN-1.png\",\"width\":615,\"height\":142,\"caption\":\"Quotidien La Sentinelle\"},\"image\":{\"@id\":\"https:\\\/\\\/lasentinelle.dz\\\/#\\\/schema\\\/logo\\\/image\\\/\"},\"sameAs\":[\"https:\\\/\\\/www.facebook.com\\\/La-Sentinelle-104059864394773\"]},{\"@type\":\"Person\",\"@id\":\"https:\\\/\\\/lasentinelle.dz\\\/#\\\/schema\\\/person\\\/729ee0024f24e0b8c5ec17232f8e8b41\",\"name\":\"admin\",\"image\":{\"@type\":\"ImageObject\",\"inLanguage\":\"fr-FR\",\"@id\":\"https:\\\/\\\/secure.gravatar.com\\\/avatar\\\/4c81fed838786e9b53f540bf46533e750f5d292099ae3b66cfc6fb1982e29df7?s=96&d=mm&r=g\",\"url\":\"https:\\\/\\\/secure.gravatar.com\\\/avatar\\\/4c81fed838786e9b53f540bf46533e750f5d292099ae3b66cfc6fb1982e29df7?s=96&d=mm&r=g\",\"contentUrl\":\"https:\\\/\\\/secure.gravatar.com\\\/avatar\\\/4c81fed838786e9b53f540bf46533e750f5d292099ae3b66cfc6fb1982e29df7?s=96&d=mm&r=g\",\"caption\":\"admin\"},\"description\":\"admin\",\"url\":\"https:\\\/\\\/lasentinelle.dz\\\/author\\\/admin\\\/\"}]}<\/script>\n<!-- \/ Yoast SEO plugin. -->","yoast_head_json":{"title":"En perspective de la conf\u00e9rence COP 29\u00a0: Le GECF fait front pour d\u00e9fendre la place du gaz dans la transition - La Sentinelle","robots":{"index":"index","follow":"follow","max-snippet":"max-snippet:-1","max-image-preview":"max-image-preview:large","max-video-preview":"max-video-preview:-1"},"canonical":"https:\/\/lasentinelle.dz\/index.php\/2024\/10\/17\/en-perspective-de-la-conference-cop-29-le-gecf-fait-front-pour-defendre-la-place-du-gaz-dans-la-transition\/","og_locale":"fr_FR","og_type":"article","og_title":"En perspective de la conf\u00e9rence COP 29\u00a0: Le GECF fait front pour d\u00e9fendre la place du gaz dans la transition - La Sentinelle","og_description":"Le Forum des pays exportateurs de gaz (GECF) a organis\u00e9, lundi, une r\u00e9union de haut niveau en visioconf\u00e9rence, dans le","og_url":"https:\/\/lasentinelle.dz\/index.php\/2024\/10\/17\/en-perspective-de-la-conference-cop-29-le-gecf-fait-front-pour-defendre-la-place-du-gaz-dans-la-transition\/","og_site_name":"La Sentinelle","article_publisher":"https:\/\/www.facebook.com\/La-Sentinelle-104059864394773","article_published_time":"2024-10-17T11:56:14+00:00","article_modified_time":"2024-10-21T11:58:24+00:00","og_image":[{"width":340,"height":200,"url":"https:\/\/lasentinelle.dz\/wp-content\/uploads\/2023\/10\/GECF.jpeg","type":"image\/jpeg"}],"author":"admin","twitter_card":"summary_large_image","twitter_misc":{"\u00c9crit par":"admin","Dur\u00e9e de lecture estim\u00e9e":"4 minutes"},"schema":{"@context":"https:\/\/schema.org","@graph":[{"@type":"Article","@id":"https:\/\/lasentinelle.dz\/index.php\/2024\/10\/17\/en-perspective-de-la-conference-cop-29-le-gecf-fait-front-pour-defendre-la-place-du-gaz-dans-la-transition\/#article","isPartOf":{"@id":"https:\/\/lasentinelle.dz\/index.php\/2024\/10\/17\/en-perspective-de-la-conference-cop-29-le-gecf-fait-front-pour-defendre-la-place-du-gaz-dans-la-transition\/"},"author":{"name":"admin","@id":"https:\/\/lasentinelle.dz\/#\/schema\/person\/729ee0024f24e0b8c5ec17232f8e8b41"},"headline":"En perspective de la conf\u00e9rence COP 29\u00a0: Le GECF fait front pour d\u00e9fendre la place du gaz dans la transition","datePublished":"2024-10-17T11:56:14+00:00","dateModified":"2024-10-21T11:58:24+00:00","mainEntityOfPage":{"@id":"https:\/\/lasentinelle.dz\/index.php\/2024\/10\/17\/en-perspective-de-la-conference-cop-29-le-gecf-fait-front-pour-defendre-la-place-du-gaz-dans-la-transition\/"},"wordCount":662,"commentCount":0,"publisher":{"@id":"https:\/\/lasentinelle.dz\/#organization"},"image":{"@id":"https:\/\/lasentinelle.dz\/index.php\/2024\/10\/17\/en-perspective-de-la-conference-cop-29-le-gecf-fait-front-pour-defendre-la-place-du-gaz-dans-la-transition\/#primaryimage"},"thumbnailUrl":"https:\/\/lasentinelle.dz\/wp-content\/uploads\/2023\/10\/GECF.jpeg","articleSection":["\u00c0 la Une","\u00c9conomie"],"inLanguage":"fr-FR","potentialAction":[{"@type":"CommentAction","name":"Comment","target":["https:\/\/lasentinelle.dz\/index.php\/2024\/10\/17\/en-perspective-de-la-conference-cop-29-le-gecf-fait-front-pour-defendre-la-place-du-gaz-dans-la-transition\/#respond"]}]},{"@type":"WebPage","@id":"https:\/\/lasentinelle.dz\/index.php\/2024\/10\/17\/en-perspective-de-la-conference-cop-29-le-gecf-fait-front-pour-defendre-la-place-du-gaz-dans-la-transition\/","url":"https:\/\/lasentinelle.dz\/index.php\/2024\/10\/17\/en-perspective-de-la-conference-cop-29-le-gecf-fait-front-pour-defendre-la-place-du-gaz-dans-la-transition\/","name":"En perspective de la conf\u00e9rence COP 29\u00a0: Le GECF fait front pour d\u00e9fendre la place du gaz dans la transition - La Sentinelle","isPartOf":{"@id":"https:\/\/lasentinelle.dz\/#website"},"primaryImageOfPage":{"@id":"https:\/\/lasentinelle.dz\/index.php\/2024\/10\/17\/en-perspective-de-la-conference-cop-29-le-gecf-fait-front-pour-defendre-la-place-du-gaz-dans-la-transition\/#primaryimage"},"image":{"@id":"https:\/\/lasentinelle.dz\/index.php\/2024\/10\/17\/en-perspective-de-la-conference-cop-29-le-gecf-fait-front-pour-defendre-la-place-du-gaz-dans-la-transition\/#primaryimage"},"thumbnailUrl":"https:\/\/lasentinelle.dz\/wp-content\/uploads\/2023\/10\/GECF.jpeg","datePublished":"2024-10-17T11:56:14+00:00","dateModified":"2024-10-21T11:58:24+00:00","breadcrumb":{"@id":"https:\/\/lasentinelle.dz\/index.php\/2024\/10\/17\/en-perspective-de-la-conference-cop-29-le-gecf-fait-front-pour-defendre-la-place-du-gaz-dans-la-transition\/#breadcrumb"},"inLanguage":"fr-FR","potentialAction":[{"@type":"ReadAction","target":["https:\/\/lasentinelle.dz\/index.php\/2024\/10\/17\/en-perspective-de-la-conference-cop-29-le-gecf-fait-front-pour-defendre-la-place-du-gaz-dans-la-transition\/"]}]},{"@type":"ImageObject","inLanguage":"fr-FR","@id":"https:\/\/lasentinelle.dz\/index.php\/2024\/10\/17\/en-perspective-de-la-conference-cop-29-le-gecf-fait-front-pour-defendre-la-place-du-gaz-dans-la-transition\/#primaryimage","url":"https:\/\/lasentinelle.dz\/wp-content\/uploads\/2023\/10\/GECF.jpeg","contentUrl":"https:\/\/lasentinelle.dz\/wp-content\/uploads\/2023\/10\/GECF.jpeg","width":340,"height":200},{"@type":"BreadcrumbList","@id":"https:\/\/lasentinelle.dz\/index.php\/2024\/10\/17\/en-perspective-de-la-conference-cop-29-le-gecf-fait-front-pour-defendre-la-place-du-gaz-dans-la-transition\/#breadcrumb","itemListElement":[{"@type":"ListItem","position":1,"name":"Accueil","item":"https:\/\/lasentinelle.dz\/"},{"@type":"ListItem","position":2,"name":"En perspective de la conf\u00e9rence COP 29\u00a0: Le GECF fait front pour d\u00e9fendre la place du gaz dans la transition"}]},{"@type":"WebSite","@id":"https:\/\/lasentinelle.dz\/#website","url":"https:\/\/lasentinelle.dz\/","name":"La Sentinelle","description":"Quotidien national d&#039;information","publisher":{"@id":"https:\/\/lasentinelle.dz\/#organization"},"potentialAction":[{"@type":"SearchAction","target":{"@type":"EntryPoint","urlTemplate":"https:\/\/lasentinelle.dz\/?s={search_term_string}"},"query-input":{"@type":"PropertyValueSpecification","valueRequired":true,"valueName":"search_term_string"}}],"inLanguage":"fr-FR"},{"@type":"Organization","@id":"https:\/\/lasentinelle.dz\/#organization","name":"Quotidien La Sentinelle","url":"https:\/\/lasentinelle.dz\/","logo":{"@type":"ImageObject","inLanguage":"fr-FR","@id":"https:\/\/lasentinelle.dz\/#\/schema\/logo\/image\/","url":"https:\/\/lasentinelle.dz\/wp-content\/uploads\/2021\/09\/logo-sentinelleSLOGAN-1.png","contentUrl":"https:\/\/lasentinelle.dz\/wp-content\/uploads\/2021\/09\/logo-sentinelleSLOGAN-1.png","width":615,"height":142,"caption":"Quotidien La Sentinelle"},"image":{"@id":"https:\/\/lasentinelle.dz\/#\/schema\/logo\/image\/"},"sameAs":["https:\/\/www.facebook.com\/La-Sentinelle-104059864394773"]},{"@type":"Person","@id":"https:\/\/lasentinelle.dz\/#\/schema\/person\/729ee0024f24e0b8c5ec17232f8e8b41","name":"admin","image":{"@type":"ImageObject","inLanguage":"fr-FR","@id":"https:\/\/secure.gravatar.com\/avatar\/4c81fed838786e9b53f540bf46533e750f5d292099ae3b66cfc6fb1982e29df7?s=96&d=mm&r=g","url":"https:\/\/secure.gravatar.com\/avatar\/4c81fed838786e9b53f540bf46533e750f5d292099ae3b66cfc6fb1982e29df7?s=96&d=mm&r=g","contentUrl":"https:\/\/secure.gravatar.com\/avatar\/4c81fed838786e9b53f540bf46533e750f5d292099ae3b66cfc6fb1982e29df7?s=96&d=mm&r=g","caption":"admin"},"description":"admin","url":"https:\/\/lasentinelle.dz\/author\/admin\/"}]}},"_links":{"self":[{"href":"https:\/\/lasentinelle.dz\/index.php\/wp-json\/wp\/v2\/posts\/58394","targetHints":{"allow":["GET"]}}],"collection":[{"href":"https:\/\/lasentinelle.dz\/index.php\/wp-json\/wp\/v2\/posts"}],"about":[{"href":"https:\/\/lasentinelle.dz\/index.php\/wp-json\/wp\/v2\/types\/post"}],"author":[{"embeddable":true,"href":"https:\/\/lasentinelle.dz\/index.php\/wp-json\/wp\/v2\/users\/6"}],"replies":[{"embeddable":true,"href":"https:\/\/lasentinelle.dz\/index.php\/wp-json\/wp\/v2\/comments?post=58394"}],"version-history":[{"count":1,"href":"https:\/\/lasentinelle.dz\/index.php\/wp-json\/wp\/v2\/posts\/58394\/revisions"}],"predecessor-version":[{"id":58395,"href":"https:\/\/lasentinelle.dz\/index.php\/wp-json\/wp\/v2\/posts\/58394\/revisions\/58395"}],"wp:featuredmedia":[{"embeddable":true,"href":"https:\/\/lasentinelle.dz\/index.php\/wp-json\/wp\/v2\/media\/46184"}],"wp:attachment":[{"href":"https:\/\/lasentinelle.dz\/index.php\/wp-json\/wp\/v2\/media?parent=58394"}],"wp:term":[{"taxonomy":"category","embeddable":true,"href":"https:\/\/lasentinelle.dz\/index.php\/wp-json\/wp\/v2\/categories?post=58394"},{"taxonomy":"post_tag","embeddable":true,"href":"https:\/\/lasentinelle.dz\/index.php\/wp-json\/wp\/v2\/tags?post=58394"}],"curies":[{"name":"wp","href":"https:\/\/api.w.org\/{rel}","templated":true}]}}