{"id":58435,"date":"2024-10-21T19:31:35","date_gmt":"2024-10-21T18:31:35","guid":{"rendered":"https:\/\/lasentinelle.dz\/?p=58435"},"modified":"2024-10-21T19:31:35","modified_gmt":"2024-10-21T18:31:35","slug":"transport-aerien-plus-de-8-millions-de-passagers-transportes-au-premier-semestre","status":"publish","type":"post","link":"https:\/\/lasentinelle.dz\/index.php\/2024\/10\/21\/transport-aerien-plus-de-8-millions-de-passagers-transportes-au-premier-semestre\/","title":{"rendered":"Transport a\u00e9rien\u00a0: Plus de 8 millions de passagers transport\u00e9s au premier semestre"},"content":{"rendered":"\n<p>Le ministre des Transports a pr\u00e9sent\u00e9 hier un bilan d\u00e9taill\u00e9 de l\u2019\u00e9volution de son secteur lors d\u2019une audition devant la commission des transports et des t\u00e9l\u00e9communications de l\u2019Assembl\u00e9e populaire nationale, donnant lieu \u00e0 un examen minutieux du secteur par les parlementaires. Mohamed El Habib Zahana a pr\u00e9sent\u00e9 un expos\u00e9 exhaustif sur l&rsquo;\u00e9tat d&rsquo;avancement des diff\u00e9rents modes de transport. Un bilan qui fait ressortir des avanc\u00e9es notables durant l\u2019exercice 2023 et le premier semestre de cette ann\u00e9e. C\u2019est le cas dans le transport a\u00e9rien qui a connu une dynamique particuli\u00e8re. Les 36 a\u00e9roports ouverts \u00e0 la navigation ont ainsi accueilli 15,3 millions de passagers sur le r\u00e9seau int\u00e9rieur et 8,6 millions sur le r\u00e9seau international en 2023. Pour le premier semestre 2024, ces chiffres s&rsquo;\u00e9tablissent respectivement \u00e0 3,6 et 4,5 millions soit un total de 8,1 millions de passagers. C\u00f4t\u00e9 maritime, les 10 ports commerciaux ont trait\u00e9 plus de 125 millions de tonnes de marchandises et environ 1,5 million de conteneurs \u00e9quivalents 20 pieds en 2023, avec 767 000 passagers. Au premier semestre 2024, 63,42 millions de tonnes ont \u00e9t\u00e9 trait\u00e9es, soit une hausse de 2,53% par rapport \u00e0 la m\u00eame p\u00e9riode en 2023, avec 848 000 conteneurs et 242 000 passagers. La Soci\u00e9t\u00e9 nationale de transport maritime de passagers a transport\u00e9 408 000 personnes en 2023 et 125 000 au premier semestre 2024.<\/p>\n\n\n\n<p>Pour le rail, la Soci\u00e9t\u00e9 nationale des transports ferroviaires a transport\u00e9 35 millions de passagers et 5 millions de tonnes de marchandises en 2023, et 16,7 millions de passagers et 2,9 millions de tonnes au premier semestre 2024. En mati\u00e8re de transport guid\u00e9, 7 villes disposent de lignes de tramway en exploitation et 8 autres de t\u00e9l\u00e9ph\u00e9riques avec 13 lignes de transports par c\u00e2bles. Pour le transport routier, le secteur compte 147 000 v\u00e9hicules de transport public de voyageurs et 199 000 v\u00e9hicules de transport de marchandises. En 2023, 2,5 milliards de voyageurs ont \u00e9t\u00e9 transport\u00e9s par bus et taxis, ainsi que 342 millions de tonnes de fret. S&rsquo;agissant des infrastructures, le r\u00e9seau routier national s&rsquo;\u00e9tend sur pr\u00e8s de 122 000 km, dont 48 000 km de routes nationales. Le programme en cours vise la r\u00e9alisation de 5 300 km d&rsquo;autoroutes \u00e0 l&rsquo;horizon 2035, avec d\u00e9j\u00e0 1 600 km op\u00e9rationnels. Le r\u00e9seau ferroviaire totalise 4 200 km de voies, dont 3 500 km \u00e9lectrifi\u00e9es. D&rsquo;importants chantiers sont en cours pour le renouvellement des infrastructures v\u00e9tustes.<\/p>\n\n\n\n<p>Le ministre a \u00e9galement \u00e9voqu\u00e9 les projets en phase d&rsquo;\u00e9tude ou de lancement, parmi lesquels la ligne ferroviaire T\u00e9bessa-Ouenza, l&rsquo;extension du m\u00e9tro d&rsquo;Alger, de nouvelles lignes de tramway \u00e0 Constantine, Oran et S\u00e9tif, ainsi que l&rsquo;am\u00e9nagement de gares routi\u00e8res \u00e0 Sidi Abdallah, Tizi Ouzou et M&rsquo;sila.<\/p>\n\n\n\n<p>Conscient des d\u00e9fis persistants, notamment la congestion routi\u00e8re, les d\u00e9faillances dans la qualit\u00e9 des services et les p\u00e9nuries de pi\u00e8ces d\u00e9tach\u00e9es, le ministre a r\u00e9it\u00e9r\u00e9 l&rsquo;engagement du gouvernement \u00e0 poursuivre la modernisation et le d\u00e9veloppement des diff\u00e9rents modes de transport, en impliquant davantage le secteur priv\u00e9 et en adoptant les technologies les plus r\u00e9centes.<\/p>\n\n\n\n<p>R.N.<\/p>\n","protected":false},"excerpt":{"rendered":"<p>Le ministre des Transports a pr\u00e9sent\u00e9 hier un bilan d\u00e9taill\u00e9 de l\u2019\u00e9volution de son secteur lors d\u2019une audition devant la<\/p>\n","protected":false},"author":6,"featured_media":40893,"comment_status":"open","ping_status":"closed","sticky":false,"template":"","format":"standard","meta":{"colormag_page_container_layout":"default_layout","colormag_page_sidebar_layout":"default_layout","om_disable_all_campaigns":false,"_monsterinsights_skip_tracking":false,"_monsterinsights_sitenote_active":false,"_monsterinsights_sitenote_note":"","_monsterinsights_sitenote_category":0,"footnotes":"","_wpscppro_dont_share_socialmedia":false,"_wpscppro_custom_social_share_image":0,"_facebook_share_type":"default","_twitter_share_type":"default","_linkedin_share_type":"default","_pinterest_share_type":"default","_linkedin_share_type_page":"","_instagram_share_type":"default","_medium_share_type":"default","_threads_share_type":"","_google_business_share_type":"","_selected_social_profile":[],"_wpsp_enable_custom_social_template":false,"_wpsp_social_scheduling":{"enabled":false,"datetime":null,"platforms":[],"status":"template_only","dateOption":"today","timeOption":"now","customDays":"","customHours":"","customDate":"","customTime":"","schedulingType":"absolute"},"_wpsp_active_default_template":true},"categories":[27],"tags":[],"class_list":["post-58435","post","type-post","status-publish","format-standard","has-post-thumbnail","hentry","category-actualite"],"aioseo_notices":[],"yoast_head":"<!-- This site is optimized with the Yoast SEO plugin v27.5 - https:\/\/yoast.com\/product\/yoast-seo-wordpress\/ -->\n<title>Transport a\u00e9rien\u00a0: Plus de 8 millions de passagers transport\u00e9s au premier semestre - La Sentinelle<\/title>\n<meta name=\"robots\" content=\"index, follow, max-snippet:-1, max-image-preview:large, max-video-preview:-1\" \/>\n<link rel=\"canonical\" href=\"https:\/\/lasentinelle.dz\/index.php\/2024\/10\/21\/transport-aerien-plus-de-8-millions-de-passagers-transportes-au-premier-semestre\/\" \/>\n<meta property=\"og:locale\" content=\"fr_FR\" \/>\n<meta property=\"og:type\" content=\"article\" \/>\n<meta property=\"og:title\" content=\"Transport a\u00e9rien\u00a0: Plus de 8 millions de passagers transport\u00e9s au premier semestre - La Sentinelle\" \/>\n<meta property=\"og:description\" content=\"Le ministre des Transports a pr\u00e9sent\u00e9 hier un bilan d\u00e9taill\u00e9 de l\u2019\u00e9volution de son secteur lors d\u2019une audition devant la\" \/>\n<meta property=\"og:url\" content=\"https:\/\/lasentinelle.dz\/index.php\/2024\/10\/21\/transport-aerien-plus-de-8-millions-de-passagers-transportes-au-premier-semestre\/\" \/>\n<meta property=\"og:site_name\" content=\"La Sentinelle\" \/>\n<meta property=\"article:publisher\" content=\"https:\/\/www.facebook.com\/La-Sentinelle-104059864394773\" \/>\n<meta property=\"article:published_time\" content=\"2024-10-21T18:31:35+00:00\" \/>\n<meta property=\"og:image\" content=\"https:\/\/lasentinelle.dz\/wp-content\/uploads\/2023\/05\/air-algerie.png\" \/>\n\t<meta property=\"og:image:width\" content=\"1800\" \/>\n\t<meta property=\"og:image:height\" content=\"900\" \/>\n\t<meta property=\"og:image:type\" content=\"image\/png\" \/>\n<meta name=\"author\" content=\"admin\" \/>\n<meta name=\"twitter:card\" content=\"summary_large_image\" \/>\n<meta name=\"twitter:label1\" content=\"\u00c9crit par\" \/>\n\t<meta name=\"twitter:data1\" content=\"admin\" \/>\n\t<meta name=\"twitter:label2\" content=\"Dur\u00e9e de lecture estim\u00e9e\" \/>\n\t<meta name=\"twitter:data2\" content=\"3 minutes\" \/>\n<script type=\"application\/ld+json\" class=\"yoast-schema-graph\">{\"@context\":\"https:\\\/\\\/schema.org\",\"@graph\":[{\"@type\":\"Article\",\"@id\":\"https:\\\/\\\/lasentinelle.dz\\\/index.php\\\/2024\\\/10\\\/21\\\/transport-aerien-plus-de-8-millions-de-passagers-transportes-au-premier-semestre\\\/#article\",\"isPartOf\":{\"@id\":\"https:\\\/\\\/lasentinelle.dz\\\/index.php\\\/2024\\\/10\\\/21\\\/transport-aerien-plus-de-8-millions-de-passagers-transportes-au-premier-semestre\\\/\"},\"author\":{\"name\":\"admin\",\"@id\":\"https:\\\/\\\/lasentinelle.dz\\\/#\\\/schema\\\/person\\\/729ee0024f24e0b8c5ec17232f8e8b41\"},\"headline\":\"Transport a\u00e9rien\u00a0: Plus de 8 millions de passagers transport\u00e9s au premier semestre\",\"datePublished\":\"2024-10-21T18:31:35+00:00\",\"mainEntityOfPage\":{\"@id\":\"https:\\\/\\\/lasentinelle.dz\\\/index.php\\\/2024\\\/10\\\/21\\\/transport-aerien-plus-de-8-millions-de-passagers-transportes-au-premier-semestre\\\/\"},\"wordCount\":519,\"commentCount\":0,\"publisher\":{\"@id\":\"https:\\\/\\\/lasentinelle.dz\\\/#organization\"},\"image\":{\"@id\":\"https:\\\/\\\/lasentinelle.dz\\\/index.php\\\/2024\\\/10\\\/21\\\/transport-aerien-plus-de-8-millions-de-passagers-transportes-au-premier-semestre\\\/#primaryimage\"},\"thumbnailUrl\":\"https:\\\/\\\/lasentinelle.dz\\\/wp-content\\\/uploads\\\/2023\\\/05\\\/air-algerie.png\",\"articleSection\":[\"Actualit\u00e9\"],\"inLanguage\":\"fr-FR\",\"potentialAction\":[{\"@type\":\"CommentAction\",\"name\":\"Comment\",\"target\":[\"https:\\\/\\\/lasentinelle.dz\\\/index.php\\\/2024\\\/10\\\/21\\\/transport-aerien-plus-de-8-millions-de-passagers-transportes-au-premier-semestre\\\/#respond\"]}]},{\"@type\":\"WebPage\",\"@id\":\"https:\\\/\\\/lasentinelle.dz\\\/index.php\\\/2024\\\/10\\\/21\\\/transport-aerien-plus-de-8-millions-de-passagers-transportes-au-premier-semestre\\\/\",\"url\":\"https:\\\/\\\/lasentinelle.dz\\\/index.php\\\/2024\\\/10\\\/21\\\/transport-aerien-plus-de-8-millions-de-passagers-transportes-au-premier-semestre\\\/\",\"name\":\"Transport a\u00e9rien\u00a0: Plus de 8 millions de passagers transport\u00e9s au premier semestre - La Sentinelle\",\"isPartOf\":{\"@id\":\"https:\\\/\\\/lasentinelle.dz\\\/#website\"},\"primaryImageOfPage\":{\"@id\":\"https:\\\/\\\/lasentinelle.dz\\\/index.php\\\/2024\\\/10\\\/21\\\/transport-aerien-plus-de-8-millions-de-passagers-transportes-au-premier-semestre\\\/#primaryimage\"},\"image\":{\"@id\":\"https:\\\/\\\/lasentinelle.dz\\\/index.php\\\/2024\\\/10\\\/21\\\/transport-aerien-plus-de-8-millions-de-passagers-transportes-au-premier-semestre\\\/#primaryimage\"},\"thumbnailUrl\":\"https:\\\/\\\/lasentinelle.dz\\\/wp-content\\\/uploads\\\/2023\\\/05\\\/air-algerie.png\",\"datePublished\":\"2024-10-21T18:31:35+00:00\",\"breadcrumb\":{\"@id\":\"https:\\\/\\\/lasentinelle.dz\\\/index.php\\\/2024\\\/10\\\/21\\\/transport-aerien-plus-de-8-millions-de-passagers-transportes-au-premier-semestre\\\/#breadcrumb\"},\"inLanguage\":\"fr-FR\",\"potentialAction\":[{\"@type\":\"ReadAction\",\"target\":[\"https:\\\/\\\/lasentinelle.dz\\\/index.php\\\/2024\\\/10\\\/21\\\/transport-aerien-plus-de-8-millions-de-passagers-transportes-au-premier-semestre\\\/\"]}]},{\"@type\":\"ImageObject\",\"inLanguage\":\"fr-FR\",\"@id\":\"https:\\\/\\\/lasentinelle.dz\\\/index.php\\\/2024\\\/10\\\/21\\\/transport-aerien-plus-de-8-millions-de-passagers-transportes-au-premier-semestre\\\/#primaryimage\",\"url\":\"https:\\\/\\\/lasentinelle.dz\\\/wp-content\\\/uploads\\\/2023\\\/05\\\/air-algerie.png\",\"contentUrl\":\"https:\\\/\\\/lasentinelle.dz\\\/wp-content\\\/uploads\\\/2023\\\/05\\\/air-algerie.png\",\"width\":1800,\"height\":900},{\"@type\":\"BreadcrumbList\",\"@id\":\"https:\\\/\\\/lasentinelle.dz\\\/index.php\\\/2024\\\/10\\\/21\\\/transport-aerien-plus-de-8-millions-de-passagers-transportes-au-premier-semestre\\\/#breadcrumb\",\"itemListElement\":[{\"@type\":\"ListItem\",\"position\":1,\"name\":\"Accueil\",\"item\":\"https:\\\/\\\/lasentinelle.dz\\\/\"},{\"@type\":\"ListItem\",\"position\":2,\"name\":\"Transport a\u00e9rien\u00a0: Plus de 8 millions de passagers transport\u00e9s au premier semestre\"}]},{\"@type\":\"WebSite\",\"@id\":\"https:\\\/\\\/lasentinelle.dz\\\/#website\",\"url\":\"https:\\\/\\\/lasentinelle.dz\\\/\",\"name\":\"La Sentinelle\",\"description\":\"Quotidien national d&#039;information\",\"publisher\":{\"@id\":\"https:\\\/\\\/lasentinelle.dz\\\/#organization\"},\"potentialAction\":[{\"@type\":\"SearchAction\",\"target\":{\"@type\":\"EntryPoint\",\"urlTemplate\":\"https:\\\/\\\/lasentinelle.dz\\\/?s={search_term_string}\"},\"query-input\":{\"@type\":\"PropertyValueSpecification\",\"valueRequired\":true,\"valueName\":\"search_term_string\"}}],\"inLanguage\":\"fr-FR\"},{\"@type\":\"Organization\",\"@id\":\"https:\\\/\\\/lasentinelle.dz\\\/#organization\",\"name\":\"Quotidien La Sentinelle\",\"url\":\"https:\\\/\\\/lasentinelle.dz\\\/\",\"logo\":{\"@type\":\"ImageObject\",\"inLanguage\":\"fr-FR\",\"@id\":\"https:\\\/\\\/lasentinelle.dz\\\/#\\\/schema\\\/logo\\\/image\\\/\",\"url\":\"https:\\\/\\\/lasentinelle.dz\\\/wp-content\\\/uploads\\\/2021\\\/09\\\/logo-sentinelleSLOGAN-1.png\",\"contentUrl\":\"https:\\\/\\\/lasentinelle.dz\\\/wp-content\\\/uploads\\\/2021\\\/09\\\/logo-sentinelleSLOGAN-1.png\",\"width\":615,\"height\":142,\"caption\":\"Quotidien La Sentinelle\"},\"image\":{\"@id\":\"https:\\\/\\\/lasentinelle.dz\\\/#\\\/schema\\\/logo\\\/image\\\/\"},\"sameAs\":[\"https:\\\/\\\/www.facebook.com\\\/La-Sentinelle-104059864394773\"]},{\"@type\":\"Person\",\"@id\":\"https:\\\/\\\/lasentinelle.dz\\\/#\\\/schema\\\/person\\\/729ee0024f24e0b8c5ec17232f8e8b41\",\"name\":\"admin\",\"image\":{\"@type\":\"ImageObject\",\"inLanguage\":\"fr-FR\",\"@id\":\"https:\\\/\\\/secure.gravatar.com\\\/avatar\\\/4c81fed838786e9b53f540bf46533e750f5d292099ae3b66cfc6fb1982e29df7?s=96&d=mm&r=g\",\"url\":\"https:\\\/\\\/secure.gravatar.com\\\/avatar\\\/4c81fed838786e9b53f540bf46533e750f5d292099ae3b66cfc6fb1982e29df7?s=96&d=mm&r=g\",\"contentUrl\":\"https:\\\/\\\/secure.gravatar.com\\\/avatar\\\/4c81fed838786e9b53f540bf46533e750f5d292099ae3b66cfc6fb1982e29df7?s=96&d=mm&r=g\",\"caption\":\"admin\"},\"description\":\"admin\",\"url\":\"https:\\\/\\\/lasentinelle.dz\\\/author\\\/admin\\\/\"}]}<\/script>\n<!-- \/ Yoast SEO plugin. -->","yoast_head_json":{"title":"Transport a\u00e9rien\u00a0: Plus de 8 millions de passagers transport\u00e9s au premier semestre - La Sentinelle","robots":{"index":"index","follow":"follow","max-snippet":"max-snippet:-1","max-image-preview":"max-image-preview:large","max-video-preview":"max-video-preview:-1"},"canonical":"https:\/\/lasentinelle.dz\/index.php\/2024\/10\/21\/transport-aerien-plus-de-8-millions-de-passagers-transportes-au-premier-semestre\/","og_locale":"fr_FR","og_type":"article","og_title":"Transport a\u00e9rien\u00a0: Plus de 8 millions de passagers transport\u00e9s au premier semestre - La Sentinelle","og_description":"Le ministre des Transports a pr\u00e9sent\u00e9 hier un bilan d\u00e9taill\u00e9 de l\u2019\u00e9volution de son secteur lors d\u2019une audition devant la","og_url":"https:\/\/lasentinelle.dz\/index.php\/2024\/10\/21\/transport-aerien-plus-de-8-millions-de-passagers-transportes-au-premier-semestre\/","og_site_name":"La Sentinelle","article_publisher":"https:\/\/www.facebook.com\/La-Sentinelle-104059864394773","article_published_time":"2024-10-21T18:31:35+00:00","og_image":[{"width":1800,"height":900,"url":"https:\/\/lasentinelle.dz\/wp-content\/uploads\/2023\/05\/air-algerie.png","type":"image\/png"}],"author":"admin","twitter_card":"summary_large_image","twitter_misc":{"\u00c9crit par":"admin","Dur\u00e9e de lecture estim\u00e9e":"3 minutes"},"schema":{"@context":"https:\/\/schema.org","@graph":[{"@type":"Article","@id":"https:\/\/lasentinelle.dz\/index.php\/2024\/10\/21\/transport-aerien-plus-de-8-millions-de-passagers-transportes-au-premier-semestre\/#article","isPartOf":{"@id":"https:\/\/lasentinelle.dz\/index.php\/2024\/10\/21\/transport-aerien-plus-de-8-millions-de-passagers-transportes-au-premier-semestre\/"},"author":{"name":"admin","@id":"https:\/\/lasentinelle.dz\/#\/schema\/person\/729ee0024f24e0b8c5ec17232f8e8b41"},"headline":"Transport a\u00e9rien\u00a0: Plus de 8 millions de passagers transport\u00e9s au premier semestre","datePublished":"2024-10-21T18:31:35+00:00","mainEntityOfPage":{"@id":"https:\/\/lasentinelle.dz\/index.php\/2024\/10\/21\/transport-aerien-plus-de-8-millions-de-passagers-transportes-au-premier-semestre\/"},"wordCount":519,"commentCount":0,"publisher":{"@id":"https:\/\/lasentinelle.dz\/#organization"},"image":{"@id":"https:\/\/lasentinelle.dz\/index.php\/2024\/10\/21\/transport-aerien-plus-de-8-millions-de-passagers-transportes-au-premier-semestre\/#primaryimage"},"thumbnailUrl":"https:\/\/lasentinelle.dz\/wp-content\/uploads\/2023\/05\/air-algerie.png","articleSection":["Actualit\u00e9"],"inLanguage":"fr-FR","potentialAction":[{"@type":"CommentAction","name":"Comment","target":["https:\/\/lasentinelle.dz\/index.php\/2024\/10\/21\/transport-aerien-plus-de-8-millions-de-passagers-transportes-au-premier-semestre\/#respond"]}]},{"@type":"WebPage","@id":"https:\/\/lasentinelle.dz\/index.php\/2024\/10\/21\/transport-aerien-plus-de-8-millions-de-passagers-transportes-au-premier-semestre\/","url":"https:\/\/lasentinelle.dz\/index.php\/2024\/10\/21\/transport-aerien-plus-de-8-millions-de-passagers-transportes-au-premier-semestre\/","name":"Transport a\u00e9rien\u00a0: Plus de 8 millions de passagers transport\u00e9s au premier semestre - La Sentinelle","isPartOf":{"@id":"https:\/\/lasentinelle.dz\/#website"},"primaryImageOfPage":{"@id":"https:\/\/lasentinelle.dz\/index.php\/2024\/10\/21\/transport-aerien-plus-de-8-millions-de-passagers-transportes-au-premier-semestre\/#primaryimage"},"image":{"@id":"https:\/\/lasentinelle.dz\/index.php\/2024\/10\/21\/transport-aerien-plus-de-8-millions-de-passagers-transportes-au-premier-semestre\/#primaryimage"},"thumbnailUrl":"https:\/\/lasentinelle.dz\/wp-content\/uploads\/2023\/05\/air-algerie.png","datePublished":"2024-10-21T18:31:35+00:00","breadcrumb":{"@id":"https:\/\/lasentinelle.dz\/index.php\/2024\/10\/21\/transport-aerien-plus-de-8-millions-de-passagers-transportes-au-premier-semestre\/#breadcrumb"},"inLanguage":"fr-FR","potentialAction":[{"@type":"ReadAction","target":["https:\/\/lasentinelle.dz\/index.php\/2024\/10\/21\/transport-aerien-plus-de-8-millions-de-passagers-transportes-au-premier-semestre\/"]}]},{"@type":"ImageObject","inLanguage":"fr-FR","@id":"https:\/\/lasentinelle.dz\/index.php\/2024\/10\/21\/transport-aerien-plus-de-8-millions-de-passagers-transportes-au-premier-semestre\/#primaryimage","url":"https:\/\/lasentinelle.dz\/wp-content\/uploads\/2023\/05\/air-algerie.png","contentUrl":"https:\/\/lasentinelle.dz\/wp-content\/uploads\/2023\/05\/air-algerie.png","width":1800,"height":900},{"@type":"BreadcrumbList","@id":"https:\/\/lasentinelle.dz\/index.php\/2024\/10\/21\/transport-aerien-plus-de-8-millions-de-passagers-transportes-au-premier-semestre\/#breadcrumb","itemListElement":[{"@type":"ListItem","position":1,"name":"Accueil","item":"https:\/\/lasentinelle.dz\/"},{"@type":"ListItem","position":2,"name":"Transport a\u00e9rien\u00a0: Plus de 8 millions de passagers transport\u00e9s au premier semestre"}]},{"@type":"WebSite","@id":"https:\/\/lasentinelle.dz\/#website","url":"https:\/\/lasentinelle.dz\/","name":"La Sentinelle","description":"Quotidien national d&#039;information","publisher":{"@id":"https:\/\/lasentinelle.dz\/#organization"},"potentialAction":[{"@type":"SearchAction","target":{"@type":"EntryPoint","urlTemplate":"https:\/\/lasentinelle.dz\/?s={search_term_string}"},"query-input":{"@type":"PropertyValueSpecification","valueRequired":true,"valueName":"search_term_string"}}],"inLanguage":"fr-FR"},{"@type":"Organization","@id":"https:\/\/lasentinelle.dz\/#organization","name":"Quotidien La Sentinelle","url":"https:\/\/lasentinelle.dz\/","logo":{"@type":"ImageObject","inLanguage":"fr-FR","@id":"https:\/\/lasentinelle.dz\/#\/schema\/logo\/image\/","url":"https:\/\/lasentinelle.dz\/wp-content\/uploads\/2021\/09\/logo-sentinelleSLOGAN-1.png","contentUrl":"https:\/\/lasentinelle.dz\/wp-content\/uploads\/2021\/09\/logo-sentinelleSLOGAN-1.png","width":615,"height":142,"caption":"Quotidien La Sentinelle"},"image":{"@id":"https:\/\/lasentinelle.dz\/#\/schema\/logo\/image\/"},"sameAs":["https:\/\/www.facebook.com\/La-Sentinelle-104059864394773"]},{"@type":"Person","@id":"https:\/\/lasentinelle.dz\/#\/schema\/person\/729ee0024f24e0b8c5ec17232f8e8b41","name":"admin","image":{"@type":"ImageObject","inLanguage":"fr-FR","@id":"https:\/\/secure.gravatar.com\/avatar\/4c81fed838786e9b53f540bf46533e750f5d292099ae3b66cfc6fb1982e29df7?s=96&d=mm&r=g","url":"https:\/\/secure.gravatar.com\/avatar\/4c81fed838786e9b53f540bf46533e750f5d292099ae3b66cfc6fb1982e29df7?s=96&d=mm&r=g","contentUrl":"https:\/\/secure.gravatar.com\/avatar\/4c81fed838786e9b53f540bf46533e750f5d292099ae3b66cfc6fb1982e29df7?s=96&d=mm&r=g","caption":"admin"},"description":"admin","url":"https:\/\/lasentinelle.dz\/author\/admin\/"}]}},"_links":{"self":[{"href":"https:\/\/lasentinelle.dz\/index.php\/wp-json\/wp\/v2\/posts\/58435","targetHints":{"allow":["GET"]}}],"collection":[{"href":"https:\/\/lasentinelle.dz\/index.php\/wp-json\/wp\/v2\/posts"}],"about":[{"href":"https:\/\/lasentinelle.dz\/index.php\/wp-json\/wp\/v2\/types\/post"}],"author":[{"embeddable":true,"href":"https:\/\/lasentinelle.dz\/index.php\/wp-json\/wp\/v2\/users\/6"}],"replies":[{"embeddable":true,"href":"https:\/\/lasentinelle.dz\/index.php\/wp-json\/wp\/v2\/comments?post=58435"}],"version-history":[{"count":1,"href":"https:\/\/lasentinelle.dz\/index.php\/wp-json\/wp\/v2\/posts\/58435\/revisions"}],"predecessor-version":[{"id":58436,"href":"https:\/\/lasentinelle.dz\/index.php\/wp-json\/wp\/v2\/posts\/58435\/revisions\/58436"}],"wp:featuredmedia":[{"embeddable":true,"href":"https:\/\/lasentinelle.dz\/index.php\/wp-json\/wp\/v2\/media\/40893"}],"wp:attachment":[{"href":"https:\/\/lasentinelle.dz\/index.php\/wp-json\/wp\/v2\/media?parent=58435"}],"wp:term":[{"taxonomy":"category","embeddable":true,"href":"https:\/\/lasentinelle.dz\/index.php\/wp-json\/wp\/v2\/categories?post=58435"},{"taxonomy":"post_tag","embeddable":true,"href":"https:\/\/lasentinelle.dz\/index.php\/wp-json\/wp\/v2\/tags?post=58435"}],"curies":[{"name":"wp","href":"https:\/\/api.w.org\/{rel}","templated":true}]}}