{"id":58437,"date":"2024-10-21T19:32:22","date_gmt":"2024-10-21T18:32:22","guid":{"rendered":"https:\/\/lasentinelle.dz\/?p=58437"},"modified":"2024-10-21T19:32:23","modified_gmt":"2024-10-21T18:32:23","slug":"fret-minier-accord-de-cooperation-strategique-entre-la-sntf-et-la-snim-mauritanienne","status":"publish","type":"post","link":"https:\/\/lasentinelle.dz\/index.php\/2024\/10\/21\/fret-minier-accord-de-cooperation-strategique-entre-la-sntf-et-la-snim-mauritanienne\/","title":{"rendered":"Fret minier: Accord de coop\u00e9ration strat\u00e9gique entre la SNTF et la SNIM mauritanienne"},"content":{"rendered":"\n<p>Dans le cadre des pr\u00e9paratifs pour l&rsquo;exploitation de la future ligne mini\u00e8re \u00ab\u00a0B\u00e9char &#8211; Tindouf &#8211; Gara Djebilet\u00a0\u00bb, une d\u00e9l\u00e9gation de la Soci\u00e9t\u00e9 Nationale des Transports Ferroviaires (SNTF), conduite par son directeur g\u00e9n\u00e9ral Aadj Bouaouni, a effectu\u00e9 une mission technique en Mauritanie. Cette visite strat\u00e9gique s&rsquo;est conclue par la signature d&rsquo;un important protocole de coop\u00e9ration avec la Soci\u00e9t\u00e9 Nationale Industrielle et Mini\u00e8re (SNIM) mauritanienne. La d\u00e9l\u00e9gation alg\u00e9rienne a particuli\u00e8rement \u00e9tudi\u00e9 l&rsquo;exploitation de la ligne mini\u00e8re \u00ab\u00a0Zou\u00e9rate &#8211; Nouadhibou\u00a0\u00bb, r\u00e9f\u00e9rence en mati\u00e8re de transport ferroviaire minier en Afrique. Les installations visit\u00e9es comprennent notamment la station de d\u00e9chargement du port minier, capable d&rsquo;accueillir des convois jusqu&rsquo;\u00e0 250 wagons. Les experts mauritaniens ont pr\u00e9sent\u00e9 leurs techniques avanc\u00e9es, particuli\u00e8rement le syst\u00e8me de d\u00e9chargement par basculement automatique (culbutage), qui optimise significativement les op\u00e9rations. La SNIM a d\u00e9montr\u00e9 ses avanc\u00e9es technologiques r\u00e9centes, fruit d&rsquo;investissements cons\u00e9quents dans des \u00e9quipements modernes et des m\u00e9thodes innovantes. Ces am\u00e9liorations ont permis d&rsquo;accro\u00eetre la productivit\u00e9 tout en r\u00e9duisant les d\u00e9lais op\u00e9rationnels. La d\u00e9l\u00e9gation alg\u00e9rienne a \u00e9galement pu appr\u00e9cier l&rsquo;expertise mauritanienne en mati\u00e8re de maintenance des locomotives et des wagons.<\/p>\n\n\n\n<p>Vendredi un protocole de coop\u00e9ration a \u00e9t\u00e9 sign\u00e9 \u00e0 Nouadhibou entre M. Bouaouni et son homologue mauritanien, Mohamed Vall Telmidi. Un accord qui s&rsquo;inscrit dans la strat\u00e9gie nationale de d\u00e9veloppement des partenariats r\u00e9gionaux. Cette initiative r\u00e9pond aux directives gouvernementales visant \u00e0 renforcer la pr\u00e9sence des entreprises alg\u00e9riennes dans leur environnement continental et international. Elle illustre \u00e9galement l&rsquo;ambition de la SNTF d&rsquo;\u00e9tendre son influence et d&rsquo;exporter son savoir-faire, particuli\u00e8rement dans le domaine de la maintenance ferroviaire.<\/p>\n\n\n\n<p>Sabrina A.<\/p>\n","protected":false},"excerpt":{"rendered":"<p>Dans le cadre des pr\u00e9paratifs pour l&rsquo;exploitation de la future ligne mini\u00e8re \u00ab\u00a0B\u00e9char &#8211; Tindouf &#8211; Gara Djebilet\u00a0\u00bb, une d\u00e9l\u00e9gation<\/p>\n","protected":false},"author":6,"featured_media":58196,"comment_status":"open","ping_status":"closed","sticky":false,"template":"","format":"standard","meta":{"colormag_page_container_layout":"default_layout","colormag_page_sidebar_layout":"default_layout","om_disable_all_campaigns":false,"_monsterinsights_skip_tracking":false,"_monsterinsights_sitenote_active":false,"_monsterinsights_sitenote_note":"","_monsterinsights_sitenote_category":0,"footnotes":"","_wpscppro_dont_share_socialmedia":false,"_wpscppro_custom_social_share_image":0,"_facebook_share_type":"default","_twitter_share_type":"default","_linkedin_share_type":"default","_pinterest_share_type":"default","_linkedin_share_type_page":"","_instagram_share_type":"default","_medium_share_type":"default","_threads_share_type":"","_google_business_share_type":"","_selected_social_profile":[],"_wpsp_enable_custom_social_template":false,"_wpsp_social_scheduling":{"enabled":false,"datetime":null,"platforms":[],"status":"template_only","dateOption":"today","timeOption":"now","customDays":"","customHours":"","customDate":"","customTime":"","schedulingType":"absolute"},"_wpsp_active_default_template":true},"categories":[29],"tags":[],"class_list":["post-58437","post","type-post","status-publish","format-standard","has-post-thumbnail","hentry","category-economie"],"aioseo_notices":[],"yoast_head":"<!-- This site is optimized with the Yoast SEO plugin v27.5 - https:\/\/yoast.com\/product\/yoast-seo-wordpress\/ -->\n<title>Fret minier: Accord de coop\u00e9ration strat\u00e9gique entre la SNTF et la SNIM mauritanienne - La Sentinelle<\/title>\n<meta name=\"robots\" content=\"index, follow, max-snippet:-1, max-image-preview:large, max-video-preview:-1\" \/>\n<link rel=\"canonical\" href=\"https:\/\/lasentinelle.dz\/index.php\/2024\/10\/21\/fret-minier-accord-de-cooperation-strategique-entre-la-sntf-et-la-snim-mauritanienne\/\" \/>\n<meta property=\"og:locale\" content=\"fr_FR\" \/>\n<meta property=\"og:type\" content=\"article\" \/>\n<meta property=\"og:title\" content=\"Fret minier: Accord de coop\u00e9ration strat\u00e9gique entre la SNTF et la SNIM mauritanienne - La Sentinelle\" \/>\n<meta property=\"og:description\" content=\"Dans le cadre des pr\u00e9paratifs pour l&rsquo;exploitation de la future ligne mini\u00e8re \u00ab\u00a0B\u00e9char &#8211; Tindouf &#8211; Gara Djebilet\u00a0\u00bb, une d\u00e9l\u00e9gation\" \/>\n<meta property=\"og:url\" content=\"https:\/\/lasentinelle.dz\/index.php\/2024\/10\/21\/fret-minier-accord-de-cooperation-strategique-entre-la-sntf-et-la-snim-mauritanienne\/\" \/>\n<meta property=\"og:site_name\" content=\"La Sentinelle\" \/>\n<meta property=\"article:publisher\" content=\"https:\/\/www.facebook.com\/La-Sentinelle-104059864394773\" \/>\n<meta property=\"article:published_time\" content=\"2024-10-21T18:32:22+00:00\" \/>\n<meta property=\"article:modified_time\" content=\"2024-10-21T18:32:23+00:00\" \/>\n<meta property=\"og:image\" content=\"https:\/\/lasentinelle.dz\/wp-content\/uploads\/2024\/10\/SNTF.jpg\" \/>\n\t<meta property=\"og:image:width\" content=\"599\" \/>\n\t<meta property=\"og:image:height\" content=\"377\" \/>\n\t<meta property=\"og:image:type\" content=\"image\/jpeg\" \/>\n<meta name=\"author\" content=\"admin\" \/>\n<meta name=\"twitter:card\" content=\"summary_large_image\" \/>\n<meta name=\"twitter:label1\" content=\"\u00c9crit par\" \/>\n\t<meta name=\"twitter:data1\" content=\"admin\" \/>\n\t<meta name=\"twitter:label2\" content=\"Dur\u00e9e de lecture estim\u00e9e\" \/>\n\t<meta name=\"twitter:data2\" content=\"2 minutes\" \/>\n<script type=\"application\/ld+json\" class=\"yoast-schema-graph\">{\"@context\":\"https:\\\/\\\/schema.org\",\"@graph\":[{\"@type\":\"Article\",\"@id\":\"https:\\\/\\\/lasentinelle.dz\\\/index.php\\\/2024\\\/10\\\/21\\\/fret-minier-accord-de-cooperation-strategique-entre-la-sntf-et-la-snim-mauritanienne\\\/#article\",\"isPartOf\":{\"@id\":\"https:\\\/\\\/lasentinelle.dz\\\/index.php\\\/2024\\\/10\\\/21\\\/fret-minier-accord-de-cooperation-strategique-entre-la-sntf-et-la-snim-mauritanienne\\\/\"},\"author\":{\"name\":\"admin\",\"@id\":\"https:\\\/\\\/lasentinelle.dz\\\/#\\\/schema\\\/person\\\/729ee0024f24e0b8c5ec17232f8e8b41\"},\"headline\":\"Fret minier: Accord de coop\u00e9ration strat\u00e9gique entre la SNTF et la SNIM mauritanienne\",\"datePublished\":\"2024-10-21T18:32:22+00:00\",\"dateModified\":\"2024-10-21T18:32:23+00:00\",\"mainEntityOfPage\":{\"@id\":\"https:\\\/\\\/lasentinelle.dz\\\/index.php\\\/2024\\\/10\\\/21\\\/fret-minier-accord-de-cooperation-strategique-entre-la-sntf-et-la-snim-mauritanienne\\\/\"},\"wordCount\":331,\"commentCount\":0,\"publisher\":{\"@id\":\"https:\\\/\\\/lasentinelle.dz\\\/#organization\"},\"image\":{\"@id\":\"https:\\\/\\\/lasentinelle.dz\\\/index.php\\\/2024\\\/10\\\/21\\\/fret-minier-accord-de-cooperation-strategique-entre-la-sntf-et-la-snim-mauritanienne\\\/#primaryimage\"},\"thumbnailUrl\":\"https:\\\/\\\/lasentinelle.dz\\\/wp-content\\\/uploads\\\/2024\\\/10\\\/SNTF.jpg\",\"articleSection\":[\"\u00c9conomie\"],\"inLanguage\":\"fr-FR\",\"potentialAction\":[{\"@type\":\"CommentAction\",\"name\":\"Comment\",\"target\":[\"https:\\\/\\\/lasentinelle.dz\\\/index.php\\\/2024\\\/10\\\/21\\\/fret-minier-accord-de-cooperation-strategique-entre-la-sntf-et-la-snim-mauritanienne\\\/#respond\"]}]},{\"@type\":\"WebPage\",\"@id\":\"https:\\\/\\\/lasentinelle.dz\\\/index.php\\\/2024\\\/10\\\/21\\\/fret-minier-accord-de-cooperation-strategique-entre-la-sntf-et-la-snim-mauritanienne\\\/\",\"url\":\"https:\\\/\\\/lasentinelle.dz\\\/index.php\\\/2024\\\/10\\\/21\\\/fret-minier-accord-de-cooperation-strategique-entre-la-sntf-et-la-snim-mauritanienne\\\/\",\"name\":\"Fret minier: Accord de coop\u00e9ration strat\u00e9gique entre la SNTF et la SNIM mauritanienne - La Sentinelle\",\"isPartOf\":{\"@id\":\"https:\\\/\\\/lasentinelle.dz\\\/#website\"},\"primaryImageOfPage\":{\"@id\":\"https:\\\/\\\/lasentinelle.dz\\\/index.php\\\/2024\\\/10\\\/21\\\/fret-minier-accord-de-cooperation-strategique-entre-la-sntf-et-la-snim-mauritanienne\\\/#primaryimage\"},\"image\":{\"@id\":\"https:\\\/\\\/lasentinelle.dz\\\/index.php\\\/2024\\\/10\\\/21\\\/fret-minier-accord-de-cooperation-strategique-entre-la-sntf-et-la-snim-mauritanienne\\\/#primaryimage\"},\"thumbnailUrl\":\"https:\\\/\\\/lasentinelle.dz\\\/wp-content\\\/uploads\\\/2024\\\/10\\\/SNTF.jpg\",\"datePublished\":\"2024-10-21T18:32:22+00:00\",\"dateModified\":\"2024-10-21T18:32:23+00:00\",\"breadcrumb\":{\"@id\":\"https:\\\/\\\/lasentinelle.dz\\\/index.php\\\/2024\\\/10\\\/21\\\/fret-minier-accord-de-cooperation-strategique-entre-la-sntf-et-la-snim-mauritanienne\\\/#breadcrumb\"},\"inLanguage\":\"fr-FR\",\"potentialAction\":[{\"@type\":\"ReadAction\",\"target\":[\"https:\\\/\\\/lasentinelle.dz\\\/index.php\\\/2024\\\/10\\\/21\\\/fret-minier-accord-de-cooperation-strategique-entre-la-sntf-et-la-snim-mauritanienne\\\/\"]}]},{\"@type\":\"ImageObject\",\"inLanguage\":\"fr-FR\",\"@id\":\"https:\\\/\\\/lasentinelle.dz\\\/index.php\\\/2024\\\/10\\\/21\\\/fret-minier-accord-de-cooperation-strategique-entre-la-sntf-et-la-snim-mauritanienne\\\/#primaryimage\",\"url\":\"https:\\\/\\\/lasentinelle.dz\\\/wp-content\\\/uploads\\\/2024\\\/10\\\/SNTF.jpg\",\"contentUrl\":\"https:\\\/\\\/lasentinelle.dz\\\/wp-content\\\/uploads\\\/2024\\\/10\\\/SNTF.jpg\",\"width\":599,\"height\":377},{\"@type\":\"BreadcrumbList\",\"@id\":\"https:\\\/\\\/lasentinelle.dz\\\/index.php\\\/2024\\\/10\\\/21\\\/fret-minier-accord-de-cooperation-strategique-entre-la-sntf-et-la-snim-mauritanienne\\\/#breadcrumb\",\"itemListElement\":[{\"@type\":\"ListItem\",\"position\":1,\"name\":\"Accueil\",\"item\":\"https:\\\/\\\/lasentinelle.dz\\\/\"},{\"@type\":\"ListItem\",\"position\":2,\"name\":\"Fret minier: Accord de coop\u00e9ration strat\u00e9gique entre la SNTF et la SNIM mauritanienne\"}]},{\"@type\":\"WebSite\",\"@id\":\"https:\\\/\\\/lasentinelle.dz\\\/#website\",\"url\":\"https:\\\/\\\/lasentinelle.dz\\\/\",\"name\":\"La Sentinelle\",\"description\":\"Quotidien national d&#039;information\",\"publisher\":{\"@id\":\"https:\\\/\\\/lasentinelle.dz\\\/#organization\"},\"potentialAction\":[{\"@type\":\"SearchAction\",\"target\":{\"@type\":\"EntryPoint\",\"urlTemplate\":\"https:\\\/\\\/lasentinelle.dz\\\/?s={search_term_string}\"},\"query-input\":{\"@type\":\"PropertyValueSpecification\",\"valueRequired\":true,\"valueName\":\"search_term_string\"}}],\"inLanguage\":\"fr-FR\"},{\"@type\":\"Organization\",\"@id\":\"https:\\\/\\\/lasentinelle.dz\\\/#organization\",\"name\":\"Quotidien La Sentinelle\",\"url\":\"https:\\\/\\\/lasentinelle.dz\\\/\",\"logo\":{\"@type\":\"ImageObject\",\"inLanguage\":\"fr-FR\",\"@id\":\"https:\\\/\\\/lasentinelle.dz\\\/#\\\/schema\\\/logo\\\/image\\\/\",\"url\":\"https:\\\/\\\/lasentinelle.dz\\\/wp-content\\\/uploads\\\/2021\\\/09\\\/logo-sentinelleSLOGAN-1.png\",\"contentUrl\":\"https:\\\/\\\/lasentinelle.dz\\\/wp-content\\\/uploads\\\/2021\\\/09\\\/logo-sentinelleSLOGAN-1.png\",\"width\":615,\"height\":142,\"caption\":\"Quotidien La Sentinelle\"},\"image\":{\"@id\":\"https:\\\/\\\/lasentinelle.dz\\\/#\\\/schema\\\/logo\\\/image\\\/\"},\"sameAs\":[\"https:\\\/\\\/www.facebook.com\\\/La-Sentinelle-104059864394773\"]},{\"@type\":\"Person\",\"@id\":\"https:\\\/\\\/lasentinelle.dz\\\/#\\\/schema\\\/person\\\/729ee0024f24e0b8c5ec17232f8e8b41\",\"name\":\"admin\",\"image\":{\"@type\":\"ImageObject\",\"inLanguage\":\"fr-FR\",\"@id\":\"https:\\\/\\\/secure.gravatar.com\\\/avatar\\\/4c81fed838786e9b53f540bf46533e750f5d292099ae3b66cfc6fb1982e29df7?s=96&d=mm&r=g\",\"url\":\"https:\\\/\\\/secure.gravatar.com\\\/avatar\\\/4c81fed838786e9b53f540bf46533e750f5d292099ae3b66cfc6fb1982e29df7?s=96&d=mm&r=g\",\"contentUrl\":\"https:\\\/\\\/secure.gravatar.com\\\/avatar\\\/4c81fed838786e9b53f540bf46533e750f5d292099ae3b66cfc6fb1982e29df7?s=96&d=mm&r=g\",\"caption\":\"admin\"},\"description\":\"admin\",\"url\":\"https:\\\/\\\/lasentinelle.dz\\\/author\\\/admin\\\/\"}]}<\/script>\n<!-- \/ Yoast SEO plugin. -->","yoast_head_json":{"title":"Fret minier: Accord de coop\u00e9ration strat\u00e9gique entre la SNTF et la SNIM mauritanienne - La Sentinelle","robots":{"index":"index","follow":"follow","max-snippet":"max-snippet:-1","max-image-preview":"max-image-preview:large","max-video-preview":"max-video-preview:-1"},"canonical":"https:\/\/lasentinelle.dz\/index.php\/2024\/10\/21\/fret-minier-accord-de-cooperation-strategique-entre-la-sntf-et-la-snim-mauritanienne\/","og_locale":"fr_FR","og_type":"article","og_title":"Fret minier: Accord de coop\u00e9ration strat\u00e9gique entre la SNTF et la SNIM mauritanienne - La Sentinelle","og_description":"Dans le cadre des pr\u00e9paratifs pour l&rsquo;exploitation de la future ligne mini\u00e8re \u00ab\u00a0B\u00e9char &#8211; Tindouf &#8211; Gara Djebilet\u00a0\u00bb, une d\u00e9l\u00e9gation","og_url":"https:\/\/lasentinelle.dz\/index.php\/2024\/10\/21\/fret-minier-accord-de-cooperation-strategique-entre-la-sntf-et-la-snim-mauritanienne\/","og_site_name":"La Sentinelle","article_publisher":"https:\/\/www.facebook.com\/La-Sentinelle-104059864394773","article_published_time":"2024-10-21T18:32:22+00:00","article_modified_time":"2024-10-21T18:32:23+00:00","og_image":[{"width":599,"height":377,"url":"https:\/\/lasentinelle.dz\/wp-content\/uploads\/2024\/10\/SNTF.jpg","type":"image\/jpeg"}],"author":"admin","twitter_card":"summary_large_image","twitter_misc":{"\u00c9crit par":"admin","Dur\u00e9e de lecture estim\u00e9e":"2 minutes"},"schema":{"@context":"https:\/\/schema.org","@graph":[{"@type":"Article","@id":"https:\/\/lasentinelle.dz\/index.php\/2024\/10\/21\/fret-minier-accord-de-cooperation-strategique-entre-la-sntf-et-la-snim-mauritanienne\/#article","isPartOf":{"@id":"https:\/\/lasentinelle.dz\/index.php\/2024\/10\/21\/fret-minier-accord-de-cooperation-strategique-entre-la-sntf-et-la-snim-mauritanienne\/"},"author":{"name":"admin","@id":"https:\/\/lasentinelle.dz\/#\/schema\/person\/729ee0024f24e0b8c5ec17232f8e8b41"},"headline":"Fret minier: Accord de coop\u00e9ration strat\u00e9gique entre la SNTF et la SNIM mauritanienne","datePublished":"2024-10-21T18:32:22+00:00","dateModified":"2024-10-21T18:32:23+00:00","mainEntityOfPage":{"@id":"https:\/\/lasentinelle.dz\/index.php\/2024\/10\/21\/fret-minier-accord-de-cooperation-strategique-entre-la-sntf-et-la-snim-mauritanienne\/"},"wordCount":331,"commentCount":0,"publisher":{"@id":"https:\/\/lasentinelle.dz\/#organization"},"image":{"@id":"https:\/\/lasentinelle.dz\/index.php\/2024\/10\/21\/fret-minier-accord-de-cooperation-strategique-entre-la-sntf-et-la-snim-mauritanienne\/#primaryimage"},"thumbnailUrl":"https:\/\/lasentinelle.dz\/wp-content\/uploads\/2024\/10\/SNTF.jpg","articleSection":["\u00c9conomie"],"inLanguage":"fr-FR","potentialAction":[{"@type":"CommentAction","name":"Comment","target":["https:\/\/lasentinelle.dz\/index.php\/2024\/10\/21\/fret-minier-accord-de-cooperation-strategique-entre-la-sntf-et-la-snim-mauritanienne\/#respond"]}]},{"@type":"WebPage","@id":"https:\/\/lasentinelle.dz\/index.php\/2024\/10\/21\/fret-minier-accord-de-cooperation-strategique-entre-la-sntf-et-la-snim-mauritanienne\/","url":"https:\/\/lasentinelle.dz\/index.php\/2024\/10\/21\/fret-minier-accord-de-cooperation-strategique-entre-la-sntf-et-la-snim-mauritanienne\/","name":"Fret minier: Accord de coop\u00e9ration strat\u00e9gique entre la SNTF et la SNIM mauritanienne - La Sentinelle","isPartOf":{"@id":"https:\/\/lasentinelle.dz\/#website"},"primaryImageOfPage":{"@id":"https:\/\/lasentinelle.dz\/index.php\/2024\/10\/21\/fret-minier-accord-de-cooperation-strategique-entre-la-sntf-et-la-snim-mauritanienne\/#primaryimage"},"image":{"@id":"https:\/\/lasentinelle.dz\/index.php\/2024\/10\/21\/fret-minier-accord-de-cooperation-strategique-entre-la-sntf-et-la-snim-mauritanienne\/#primaryimage"},"thumbnailUrl":"https:\/\/lasentinelle.dz\/wp-content\/uploads\/2024\/10\/SNTF.jpg","datePublished":"2024-10-21T18:32:22+00:00","dateModified":"2024-10-21T18:32:23+00:00","breadcrumb":{"@id":"https:\/\/lasentinelle.dz\/index.php\/2024\/10\/21\/fret-minier-accord-de-cooperation-strategique-entre-la-sntf-et-la-snim-mauritanienne\/#breadcrumb"},"inLanguage":"fr-FR","potentialAction":[{"@type":"ReadAction","target":["https:\/\/lasentinelle.dz\/index.php\/2024\/10\/21\/fret-minier-accord-de-cooperation-strategique-entre-la-sntf-et-la-snim-mauritanienne\/"]}]},{"@type":"ImageObject","inLanguage":"fr-FR","@id":"https:\/\/lasentinelle.dz\/index.php\/2024\/10\/21\/fret-minier-accord-de-cooperation-strategique-entre-la-sntf-et-la-snim-mauritanienne\/#primaryimage","url":"https:\/\/lasentinelle.dz\/wp-content\/uploads\/2024\/10\/SNTF.jpg","contentUrl":"https:\/\/lasentinelle.dz\/wp-content\/uploads\/2024\/10\/SNTF.jpg","width":599,"height":377},{"@type":"BreadcrumbList","@id":"https:\/\/lasentinelle.dz\/index.php\/2024\/10\/21\/fret-minier-accord-de-cooperation-strategique-entre-la-sntf-et-la-snim-mauritanienne\/#breadcrumb","itemListElement":[{"@type":"ListItem","position":1,"name":"Accueil","item":"https:\/\/lasentinelle.dz\/"},{"@type":"ListItem","position":2,"name":"Fret minier: Accord de coop\u00e9ration strat\u00e9gique entre la SNTF et la SNIM mauritanienne"}]},{"@type":"WebSite","@id":"https:\/\/lasentinelle.dz\/#website","url":"https:\/\/lasentinelle.dz\/","name":"La Sentinelle","description":"Quotidien national d&#039;information","publisher":{"@id":"https:\/\/lasentinelle.dz\/#organization"},"potentialAction":[{"@type":"SearchAction","target":{"@type":"EntryPoint","urlTemplate":"https:\/\/lasentinelle.dz\/?s={search_term_string}"},"query-input":{"@type":"PropertyValueSpecification","valueRequired":true,"valueName":"search_term_string"}}],"inLanguage":"fr-FR"},{"@type":"Organization","@id":"https:\/\/lasentinelle.dz\/#organization","name":"Quotidien La Sentinelle","url":"https:\/\/lasentinelle.dz\/","logo":{"@type":"ImageObject","inLanguage":"fr-FR","@id":"https:\/\/lasentinelle.dz\/#\/schema\/logo\/image\/","url":"https:\/\/lasentinelle.dz\/wp-content\/uploads\/2021\/09\/logo-sentinelleSLOGAN-1.png","contentUrl":"https:\/\/lasentinelle.dz\/wp-content\/uploads\/2021\/09\/logo-sentinelleSLOGAN-1.png","width":615,"height":142,"caption":"Quotidien La Sentinelle"},"image":{"@id":"https:\/\/lasentinelle.dz\/#\/schema\/logo\/image\/"},"sameAs":["https:\/\/www.facebook.com\/La-Sentinelle-104059864394773"]},{"@type":"Person","@id":"https:\/\/lasentinelle.dz\/#\/schema\/person\/729ee0024f24e0b8c5ec17232f8e8b41","name":"admin","image":{"@type":"ImageObject","inLanguage":"fr-FR","@id":"https:\/\/secure.gravatar.com\/avatar\/4c81fed838786e9b53f540bf46533e750f5d292099ae3b66cfc6fb1982e29df7?s=96&d=mm&r=g","url":"https:\/\/secure.gravatar.com\/avatar\/4c81fed838786e9b53f540bf46533e750f5d292099ae3b66cfc6fb1982e29df7?s=96&d=mm&r=g","contentUrl":"https:\/\/secure.gravatar.com\/avatar\/4c81fed838786e9b53f540bf46533e750f5d292099ae3b66cfc6fb1982e29df7?s=96&d=mm&r=g","caption":"admin"},"description":"admin","url":"https:\/\/lasentinelle.dz\/author\/admin\/"}]}},"_links":{"self":[{"href":"https:\/\/lasentinelle.dz\/index.php\/wp-json\/wp\/v2\/posts\/58437","targetHints":{"allow":["GET"]}}],"collection":[{"href":"https:\/\/lasentinelle.dz\/index.php\/wp-json\/wp\/v2\/posts"}],"about":[{"href":"https:\/\/lasentinelle.dz\/index.php\/wp-json\/wp\/v2\/types\/post"}],"author":[{"embeddable":true,"href":"https:\/\/lasentinelle.dz\/index.php\/wp-json\/wp\/v2\/users\/6"}],"replies":[{"embeddable":true,"href":"https:\/\/lasentinelle.dz\/index.php\/wp-json\/wp\/v2\/comments?post=58437"}],"version-history":[{"count":1,"href":"https:\/\/lasentinelle.dz\/index.php\/wp-json\/wp\/v2\/posts\/58437\/revisions"}],"predecessor-version":[{"id":58438,"href":"https:\/\/lasentinelle.dz\/index.php\/wp-json\/wp\/v2\/posts\/58437\/revisions\/58438"}],"wp:featuredmedia":[{"embeddable":true,"href":"https:\/\/lasentinelle.dz\/index.php\/wp-json\/wp\/v2\/media\/58196"}],"wp:attachment":[{"href":"https:\/\/lasentinelle.dz\/index.php\/wp-json\/wp\/v2\/media?parent=58437"}],"wp:term":[{"taxonomy":"category","embeddable":true,"href":"https:\/\/lasentinelle.dz\/index.php\/wp-json\/wp\/v2\/categories?post=58437"},{"taxonomy":"post_tag","embeddable":true,"href":"https:\/\/lasentinelle.dz\/index.php\/wp-json\/wp\/v2\/tags?post=58437"}],"curies":[{"name":"wp","href":"https:\/\/api.w.org\/{rel}","templated":true}]}}