{"id":58465,"date":"2024-10-21T21:40:34","date_gmt":"2024-10-21T20:40:34","guid":{"rendered":"https:\/\/lasentinelle.dz\/?p=58465"},"modified":"2024-10-21T21:40:35","modified_gmt":"2024-10-21T20:40:35","slug":"flambee-des-prix-speculation-et-pratiques-illicites-letat-serre-la-vis","status":"publish","type":"post","link":"https:\/\/lasentinelle.dz\/index.php\/2024\/10\/21\/flambee-des-prix-speculation-et-pratiques-illicites-letat-serre-la-vis\/","title":{"rendered":"Flamb\u00e9e des prix, sp\u00e9culation et pratiques illicites: L\u2019\u00c9tat serre la vis"},"content":{"rendered":"\n<p><\/p>\n\n\n\n<p>Face \u00e0 la hausse inqui\u00e9tante des prix des produits de premi\u00e8re n\u00e9cessit\u00e9, les autorit\u00e9s prennent des mesures drastiques pour r\u00e9guler le march\u00e9 et prot\u00e9ger le pouvoir d&rsquo;achat des citoyens. Le pr\u00e9sident de la R\u00e9publique Abdelmadjid Tebboune a, lors du dernier Conseil des ministres, point\u00e9 du doigt les perturbations actuelles sur les march\u00e9s et la hausse excessive des prix de certains produits alimentaires de large consommation et exig\u00e9 des mesures pour y rem\u00e9dier.<\/p>\n\n\n\n<p>Kamel Boukheddache, directeur de la coop\u00e9ration et des enqu\u00eates sp\u00e9cifiques au minist\u00e8re du Commerce, a d\u00e9taill\u00e9 les actions entreprises pour rem\u00e9dier \u00e0 cette situation pr\u00e9occupante. \u00ab\u00a0Nous mettons en \u0153uvre toutes les mesures n\u00e9cessaires pour assurer l&rsquo;approvisionnement du march\u00e9 et suivre l&rsquo;\u00e9volution des prix\u00a0\u00bb, a-t-il d\u00e9clar\u00e9 hier lors d&rsquo;une intervention \u00e0 la matinale la Radio alg\u00e9rienne. M. Boukheddache a affirm\u00e9 que le minist\u00e8re est \u00ab\u00a0pr\u00eat \u00e0 agir sur plusieurs axes et leviers pour r\u00e9guler les march\u00e9s, conform\u00e9ment aux instructions du Pr\u00e9sident de la R\u00e9publique, M. Abdelmadjid Tebboune, en appliquant notamment le dispositif de plafonnement de prix\u00a0\u00bb. Le pr\u00e9sident de la R\u00e9publique a ordonn\u00e9 lors de la r\u00e9union du Conseil des ministre, dimanche, de proc\u00e9der \u00e0 une r\u00e9vision radicale de la r\u00e8glementation r\u00e9gissant la commercialisation du produit national pour le citoyen, \u00e0 travers l&rsquo;\u00e9laboration d&rsquo;une loi consacrant un syst\u00e8me de plafonnement des prix, via des d\u00e9crets, lorsqu&rsquo;il s&rsquo;agit de prix d\u00e9raisonnables des produits de saison\u00a0\u00bb, a indiqu\u00e9 un communiqu\u00e9 du Conseil des ministres. Il a \u00e9galement ordonn\u00e9 au Gouvernement et aux instances de contr\u00f4le, y compris les organes de s\u00e9curit\u00e9, de \u00ab\u00a0faire preuve d&rsquo;une extr\u00eame vigilance, d&rsquo;intensifier et de porter, au plus haut point, le contr\u00f4le, en pla\u00e7ant les produits agro-alimentaires et les m\u00e9dicaments au c\u0153ur des priorit\u00e9s\u00a0\u00bb.<\/p>\n\n\n\n<p>Le minist\u00e8re du Commerce, en collaboration avec celui de l&rsquo;Agriculture, a intensifi\u00e9 ses efforts pour mettre fin aux dysfonctionnements constat\u00e9s. Parmi les mesures prises, on note le plafonnement des prix et la limitation des marges b\u00e9n\u00e9ficiaires sur certains produits de base tels que le caf\u00e9, les viandes import\u00e9es, les l\u00e9gumes secs et la pomme de terre.<\/p>\n\n\n\n<p>Ces actions s&rsquo;inscrivent dans le cadre de l&rsquo;article 5 de l&rsquo;ordonnance 03\/03 sur la concurrence, qui permet de prendre des mesures exceptionnelles en cas de perturbation sensible du march\u00e9. \u00ab\u00a0On peut agir sur plusieurs axes, conform\u00e9ment aux instructions du pr\u00e9sident de la R\u00e9publique\u00a0\u00bb, a soulign\u00e9 M. Boukheddache. \u00ab\u00a0Si nous constatons un dysfonctionnement et une perturbation sur les produits agricoles, les pouvoirs publics peuvent prendre la d\u00e9cision de plafonner les marges b\u00e9n\u00e9ficiaires, et ce, par voie r\u00e9glementaire\u00a0\u00bb, a-t-il. \u00ab\u00a0Les textes r\u00e9glementaires r\u00e9gissant les prix de ces produits sont entr\u00e9s en vigueur et nos agents sont en train de veiller \u00e0 l&rsquo;application stricte des dispositions de ces textes\u00a0\u00bb, a-t-il rassur\u00e9, en soulignant que \u00ab\u00a0des enqu\u00eates sont men\u00e9es syst\u00e9matiquement quand des cas de flamb\u00e9e des prix de certains produits sont constat\u00e9s\u00a0\u00bb. Pour mieux cibler ces interventions, une \u00e9tude de l&rsquo;ONS datant de 2011 sur les besoins de la population est en cours d&rsquo;actualisation. Cette mise \u00e0 jour permettra de d\u00e9finir avec pr\u00e9cision les quantit\u00e9s r\u00e9elles de produits alimentaires de large consommation n\u00e9cessaires et d&rsquo;assurer un approvisionnement r\u00e9gulier \u00e0 des prix acceptables.<\/p>\n\n\n\n<p>Haro sur l\u2019e-commerce informel<\/p>\n\n\n\n<p>Le gouvernement s&rsquo;attaque \u00e9galement au commerce \u00e9lectronique informel, source de nombreuses arnaques pour les consommateurs. Une commission multisectorielle a \u00e9t\u00e9 mise en place pour r\u00e9viser la loi 18\/05 de 2018 r\u00e9gissant cette activit\u00e9. L&rsquo;objectif est de combler le vide juridique existant et de renforcer la protection du e-consommateur. M. Boukheddache a mis en garde les consommateurs contre les achats sur des plateformes non officielles, notamment sur les r\u00e9seaux sociaux. Il a rappel\u00e9 que le minist\u00e8re m\u00e8ne des campagnes de sensibilisation contre ces activit\u00e9s frauduleuses. Ces mesures t\u00e9moignent de la volont\u00e9 du gouvernement de reprendre le contr\u00f4le sur un march\u00e9 en proie \u00e0 la sp\u00e9culation et aux pratiques illicites. Le d\u00e9fi reste de taille, concilier la stabilisation des prix avec la pr\u00e9servation du tissu \u00e9conomique local, tout en luttant contre les r\u00e9seaux informels qui perturbent le march\u00e9.<\/p>\n\n\n\n<p>Sabrina Aziouez<\/p>\n","protected":false},"excerpt":{"rendered":"<p>Face \u00e0 la hausse inqui\u00e9tante des prix des produits de premi\u00e8re n\u00e9cessit\u00e9, les autorit\u00e9s prennent des mesures drastiques pour r\u00e9guler<\/p>\n","protected":false},"author":6,"featured_media":58466,"comment_status":"open","ping_status":"closed","sticky":false,"template":"","format":"standard","meta":{"colormag_page_container_layout":"default_layout","colormag_page_sidebar_layout":"default_layout","om_disable_all_campaigns":false,"_monsterinsights_skip_tracking":false,"_monsterinsights_sitenote_active":false,"_monsterinsights_sitenote_note":"","_monsterinsights_sitenote_category":0,"footnotes":"","_wpscppro_dont_share_socialmedia":false,"_wpscppro_custom_social_share_image":0,"_facebook_share_type":"default","_twitter_share_type":"default","_linkedin_share_type":"default","_pinterest_share_type":"default","_linkedin_share_type_page":"","_instagram_share_type":"default","_medium_share_type":"default","_threads_share_type":"","_google_business_share_type":"","_selected_social_profile":[],"_wpsp_enable_custom_social_template":false,"_wpsp_social_scheduling":{"enabled":false,"datetime":null,"platforms":[],"status":"template_only","dateOption":"today","timeOption":"now","customDays":"","customHours":"","customDate":"","customTime":"","schedulingType":"absolute"},"_wpsp_active_default_template":true},"categories":[52,27],"tags":[],"class_list":["post-58465","post","type-post","status-publish","format-standard","has-post-thumbnail","hentry","category-a-la-une","category-actualite"],"aioseo_notices":[],"yoast_head":"<!-- This site is optimized with the Yoast SEO plugin v27.4 - https:\/\/yoast.com\/product\/yoast-seo-wordpress\/ -->\n<title>Flamb\u00e9e des prix, sp\u00e9culation et pratiques illicites: L\u2019\u00c9tat serre la vis - La Sentinelle<\/title>\n<meta name=\"robots\" content=\"index, follow, max-snippet:-1, max-image-preview:large, max-video-preview:-1\" \/>\n<link rel=\"canonical\" href=\"https:\/\/lasentinelle.dz\/index.php\/2024\/10\/21\/flambee-des-prix-speculation-et-pratiques-illicites-letat-serre-la-vis\/\" \/>\n<meta property=\"og:locale\" content=\"fr_FR\" \/>\n<meta property=\"og:type\" content=\"article\" \/>\n<meta property=\"og:title\" content=\"Flamb\u00e9e des prix, sp\u00e9culation et pratiques illicites: L\u2019\u00c9tat serre la vis - La Sentinelle\" \/>\n<meta property=\"og:description\" content=\"Face \u00e0 la hausse inqui\u00e9tante des prix des produits de premi\u00e8re n\u00e9cessit\u00e9, les autorit\u00e9s prennent des mesures drastiques pour r\u00e9guler\" \/>\n<meta property=\"og:url\" content=\"https:\/\/lasentinelle.dz\/index.php\/2024\/10\/21\/flambee-des-prix-speculation-et-pratiques-illicites-letat-serre-la-vis\/\" \/>\n<meta property=\"og:site_name\" content=\"La Sentinelle\" \/>\n<meta property=\"article:publisher\" content=\"https:\/\/www.facebook.com\/La-Sentinelle-104059864394773\" \/>\n<meta property=\"article:published_time\" content=\"2024-10-21T20:40:34+00:00\" \/>\n<meta property=\"article:modified_time\" content=\"2024-10-21T20:40:35+00:00\" \/>\n<meta property=\"og:image\" content=\"https:\/\/lasentinelle.dz\/wp-content\/uploads\/2024\/10\/marche.jpg\" \/>\n\t<meta property=\"og:image:width\" content=\"1280\" \/>\n\t<meta property=\"og:image:height\" content=\"720\" \/>\n\t<meta property=\"og:image:type\" content=\"image\/jpeg\" \/>\n<meta name=\"author\" content=\"admin\" \/>\n<meta name=\"twitter:card\" content=\"summary_large_image\" \/>\n<meta name=\"twitter:label1\" content=\"\u00c9crit par\" \/>\n\t<meta name=\"twitter:data1\" content=\"admin\" \/>\n\t<meta name=\"twitter:label2\" content=\"Dur\u00e9e de lecture estim\u00e9e\" \/>\n\t<meta name=\"twitter:data2\" content=\"4 minutes\" \/>\n<script type=\"application\/ld+json\" class=\"yoast-schema-graph\">{\"@context\":\"https:\\\/\\\/schema.org\",\"@graph\":[{\"@type\":\"Article\",\"@id\":\"https:\\\/\\\/lasentinelle.dz\\\/index.php\\\/2024\\\/10\\\/21\\\/flambee-des-prix-speculation-et-pratiques-illicites-letat-serre-la-vis\\\/#article\",\"isPartOf\":{\"@id\":\"https:\\\/\\\/lasentinelle.dz\\\/index.php\\\/2024\\\/10\\\/21\\\/flambee-des-prix-speculation-et-pratiques-illicites-letat-serre-la-vis\\\/\"},\"author\":{\"name\":\"admin\",\"@id\":\"https:\\\/\\\/lasentinelle.dz\\\/#\\\/schema\\\/person\\\/729ee0024f24e0b8c5ec17232f8e8b41\"},\"headline\":\"Flamb\u00e9e des prix, sp\u00e9culation et pratiques illicites: L\u2019\u00c9tat serre la vis\",\"datePublished\":\"2024-10-21T20:40:34+00:00\",\"dateModified\":\"2024-10-21T20:40:35+00:00\",\"mainEntityOfPage\":{\"@id\":\"https:\\\/\\\/lasentinelle.dz\\\/index.php\\\/2024\\\/10\\\/21\\\/flambee-des-prix-speculation-et-pratiques-illicites-letat-serre-la-vis\\\/\"},\"wordCount\":758,\"commentCount\":0,\"publisher\":{\"@id\":\"https:\\\/\\\/lasentinelle.dz\\\/#organization\"},\"image\":{\"@id\":\"https:\\\/\\\/lasentinelle.dz\\\/index.php\\\/2024\\\/10\\\/21\\\/flambee-des-prix-speculation-et-pratiques-illicites-letat-serre-la-vis\\\/#primaryimage\"},\"thumbnailUrl\":\"https:\\\/\\\/lasentinelle.dz\\\/wp-content\\\/uploads\\\/2024\\\/10\\\/marche.jpg\",\"articleSection\":[\"\u00c0 la Une\",\"Actualit\u00e9\"],\"inLanguage\":\"fr-FR\",\"potentialAction\":[{\"@type\":\"CommentAction\",\"name\":\"Comment\",\"target\":[\"https:\\\/\\\/lasentinelle.dz\\\/index.php\\\/2024\\\/10\\\/21\\\/flambee-des-prix-speculation-et-pratiques-illicites-letat-serre-la-vis\\\/#respond\"]}]},{\"@type\":\"WebPage\",\"@id\":\"https:\\\/\\\/lasentinelle.dz\\\/index.php\\\/2024\\\/10\\\/21\\\/flambee-des-prix-speculation-et-pratiques-illicites-letat-serre-la-vis\\\/\",\"url\":\"https:\\\/\\\/lasentinelle.dz\\\/index.php\\\/2024\\\/10\\\/21\\\/flambee-des-prix-speculation-et-pratiques-illicites-letat-serre-la-vis\\\/\",\"name\":\"Flamb\u00e9e des prix, sp\u00e9culation et pratiques illicites: L\u2019\u00c9tat serre la vis - La Sentinelle\",\"isPartOf\":{\"@id\":\"https:\\\/\\\/lasentinelle.dz\\\/#website\"},\"primaryImageOfPage\":{\"@id\":\"https:\\\/\\\/lasentinelle.dz\\\/index.php\\\/2024\\\/10\\\/21\\\/flambee-des-prix-speculation-et-pratiques-illicites-letat-serre-la-vis\\\/#primaryimage\"},\"image\":{\"@id\":\"https:\\\/\\\/lasentinelle.dz\\\/index.php\\\/2024\\\/10\\\/21\\\/flambee-des-prix-speculation-et-pratiques-illicites-letat-serre-la-vis\\\/#primaryimage\"},\"thumbnailUrl\":\"https:\\\/\\\/lasentinelle.dz\\\/wp-content\\\/uploads\\\/2024\\\/10\\\/marche.jpg\",\"datePublished\":\"2024-10-21T20:40:34+00:00\",\"dateModified\":\"2024-10-21T20:40:35+00:00\",\"breadcrumb\":{\"@id\":\"https:\\\/\\\/lasentinelle.dz\\\/index.php\\\/2024\\\/10\\\/21\\\/flambee-des-prix-speculation-et-pratiques-illicites-letat-serre-la-vis\\\/#breadcrumb\"},\"inLanguage\":\"fr-FR\",\"potentialAction\":[{\"@type\":\"ReadAction\",\"target\":[\"https:\\\/\\\/lasentinelle.dz\\\/index.php\\\/2024\\\/10\\\/21\\\/flambee-des-prix-speculation-et-pratiques-illicites-letat-serre-la-vis\\\/\"]}]},{\"@type\":\"ImageObject\",\"inLanguage\":\"fr-FR\",\"@id\":\"https:\\\/\\\/lasentinelle.dz\\\/index.php\\\/2024\\\/10\\\/21\\\/flambee-des-prix-speculation-et-pratiques-illicites-letat-serre-la-vis\\\/#primaryimage\",\"url\":\"https:\\\/\\\/lasentinelle.dz\\\/wp-content\\\/uploads\\\/2024\\\/10\\\/marche.jpg\",\"contentUrl\":\"https:\\\/\\\/lasentinelle.dz\\\/wp-content\\\/uploads\\\/2024\\\/10\\\/marche.jpg\",\"width\":1280,\"height\":720},{\"@type\":\"BreadcrumbList\",\"@id\":\"https:\\\/\\\/lasentinelle.dz\\\/index.php\\\/2024\\\/10\\\/21\\\/flambee-des-prix-speculation-et-pratiques-illicites-letat-serre-la-vis\\\/#breadcrumb\",\"itemListElement\":[{\"@type\":\"ListItem\",\"position\":1,\"name\":\"Accueil\",\"item\":\"https:\\\/\\\/lasentinelle.dz\\\/\"},{\"@type\":\"ListItem\",\"position\":2,\"name\":\"Flamb\u00e9e des prix, sp\u00e9culation et pratiques illicites: L\u2019\u00c9tat serre la vis\"}]},{\"@type\":\"WebSite\",\"@id\":\"https:\\\/\\\/lasentinelle.dz\\\/#website\",\"url\":\"https:\\\/\\\/lasentinelle.dz\\\/\",\"name\":\"La Sentinelle\",\"description\":\"Quotidien national d&#039;information\",\"publisher\":{\"@id\":\"https:\\\/\\\/lasentinelle.dz\\\/#organization\"},\"potentialAction\":[{\"@type\":\"SearchAction\",\"target\":{\"@type\":\"EntryPoint\",\"urlTemplate\":\"https:\\\/\\\/lasentinelle.dz\\\/?s={search_term_string}\"},\"query-input\":{\"@type\":\"PropertyValueSpecification\",\"valueRequired\":true,\"valueName\":\"search_term_string\"}}],\"inLanguage\":\"fr-FR\"},{\"@type\":\"Organization\",\"@id\":\"https:\\\/\\\/lasentinelle.dz\\\/#organization\",\"name\":\"Quotidien La Sentinelle\",\"url\":\"https:\\\/\\\/lasentinelle.dz\\\/\",\"logo\":{\"@type\":\"ImageObject\",\"inLanguage\":\"fr-FR\",\"@id\":\"https:\\\/\\\/lasentinelle.dz\\\/#\\\/schema\\\/logo\\\/image\\\/\",\"url\":\"https:\\\/\\\/lasentinelle.dz\\\/wp-content\\\/uploads\\\/2021\\\/09\\\/logo-sentinelleSLOGAN-1.png\",\"contentUrl\":\"https:\\\/\\\/lasentinelle.dz\\\/wp-content\\\/uploads\\\/2021\\\/09\\\/logo-sentinelleSLOGAN-1.png\",\"width\":615,\"height\":142,\"caption\":\"Quotidien La Sentinelle\"},\"image\":{\"@id\":\"https:\\\/\\\/lasentinelle.dz\\\/#\\\/schema\\\/logo\\\/image\\\/\"},\"sameAs\":[\"https:\\\/\\\/www.facebook.com\\\/La-Sentinelle-104059864394773\"]},{\"@type\":\"Person\",\"@id\":\"https:\\\/\\\/lasentinelle.dz\\\/#\\\/schema\\\/person\\\/729ee0024f24e0b8c5ec17232f8e8b41\",\"name\":\"admin\",\"image\":{\"@type\":\"ImageObject\",\"inLanguage\":\"fr-FR\",\"@id\":\"https:\\\/\\\/secure.gravatar.com\\\/avatar\\\/4c81fed838786e9b53f540bf46533e750f5d292099ae3b66cfc6fb1982e29df7?s=96&d=mm&r=g\",\"url\":\"https:\\\/\\\/secure.gravatar.com\\\/avatar\\\/4c81fed838786e9b53f540bf46533e750f5d292099ae3b66cfc6fb1982e29df7?s=96&d=mm&r=g\",\"contentUrl\":\"https:\\\/\\\/secure.gravatar.com\\\/avatar\\\/4c81fed838786e9b53f540bf46533e750f5d292099ae3b66cfc6fb1982e29df7?s=96&d=mm&r=g\",\"caption\":\"admin\"},\"description\":\"admin\",\"url\":\"https:\\\/\\\/lasentinelle.dz\\\/author\\\/admin\\\/\"}]}<\/script>\n<!-- \/ Yoast SEO plugin. -->","yoast_head_json":{"title":"Flamb\u00e9e des prix, sp\u00e9culation et pratiques illicites: L\u2019\u00c9tat serre la vis - La Sentinelle","robots":{"index":"index","follow":"follow","max-snippet":"max-snippet:-1","max-image-preview":"max-image-preview:large","max-video-preview":"max-video-preview:-1"},"canonical":"https:\/\/lasentinelle.dz\/index.php\/2024\/10\/21\/flambee-des-prix-speculation-et-pratiques-illicites-letat-serre-la-vis\/","og_locale":"fr_FR","og_type":"article","og_title":"Flamb\u00e9e des prix, sp\u00e9culation et pratiques illicites: L\u2019\u00c9tat serre la vis - La Sentinelle","og_description":"Face \u00e0 la hausse inqui\u00e9tante des prix des produits de premi\u00e8re n\u00e9cessit\u00e9, les autorit\u00e9s prennent des mesures drastiques pour r\u00e9guler","og_url":"https:\/\/lasentinelle.dz\/index.php\/2024\/10\/21\/flambee-des-prix-speculation-et-pratiques-illicites-letat-serre-la-vis\/","og_site_name":"La Sentinelle","article_publisher":"https:\/\/www.facebook.com\/La-Sentinelle-104059864394773","article_published_time":"2024-10-21T20:40:34+00:00","article_modified_time":"2024-10-21T20:40:35+00:00","og_image":[{"width":1280,"height":720,"url":"https:\/\/lasentinelle.dz\/wp-content\/uploads\/2024\/10\/marche.jpg","type":"image\/jpeg"}],"author":"admin","twitter_card":"summary_large_image","twitter_misc":{"\u00c9crit par":"admin","Dur\u00e9e de lecture estim\u00e9e":"4 minutes"},"schema":{"@context":"https:\/\/schema.org","@graph":[{"@type":"Article","@id":"https:\/\/lasentinelle.dz\/index.php\/2024\/10\/21\/flambee-des-prix-speculation-et-pratiques-illicites-letat-serre-la-vis\/#article","isPartOf":{"@id":"https:\/\/lasentinelle.dz\/index.php\/2024\/10\/21\/flambee-des-prix-speculation-et-pratiques-illicites-letat-serre-la-vis\/"},"author":{"name":"admin","@id":"https:\/\/lasentinelle.dz\/#\/schema\/person\/729ee0024f24e0b8c5ec17232f8e8b41"},"headline":"Flamb\u00e9e des prix, sp\u00e9culation et pratiques illicites: L\u2019\u00c9tat serre la vis","datePublished":"2024-10-21T20:40:34+00:00","dateModified":"2024-10-21T20:40:35+00:00","mainEntityOfPage":{"@id":"https:\/\/lasentinelle.dz\/index.php\/2024\/10\/21\/flambee-des-prix-speculation-et-pratiques-illicites-letat-serre-la-vis\/"},"wordCount":758,"commentCount":0,"publisher":{"@id":"https:\/\/lasentinelle.dz\/#organization"},"image":{"@id":"https:\/\/lasentinelle.dz\/index.php\/2024\/10\/21\/flambee-des-prix-speculation-et-pratiques-illicites-letat-serre-la-vis\/#primaryimage"},"thumbnailUrl":"https:\/\/lasentinelle.dz\/wp-content\/uploads\/2024\/10\/marche.jpg","articleSection":["\u00c0 la Une","Actualit\u00e9"],"inLanguage":"fr-FR","potentialAction":[{"@type":"CommentAction","name":"Comment","target":["https:\/\/lasentinelle.dz\/index.php\/2024\/10\/21\/flambee-des-prix-speculation-et-pratiques-illicites-letat-serre-la-vis\/#respond"]}]},{"@type":"WebPage","@id":"https:\/\/lasentinelle.dz\/index.php\/2024\/10\/21\/flambee-des-prix-speculation-et-pratiques-illicites-letat-serre-la-vis\/","url":"https:\/\/lasentinelle.dz\/index.php\/2024\/10\/21\/flambee-des-prix-speculation-et-pratiques-illicites-letat-serre-la-vis\/","name":"Flamb\u00e9e des prix, sp\u00e9culation et pratiques illicites: L\u2019\u00c9tat serre la vis - La Sentinelle","isPartOf":{"@id":"https:\/\/lasentinelle.dz\/#website"},"primaryImageOfPage":{"@id":"https:\/\/lasentinelle.dz\/index.php\/2024\/10\/21\/flambee-des-prix-speculation-et-pratiques-illicites-letat-serre-la-vis\/#primaryimage"},"image":{"@id":"https:\/\/lasentinelle.dz\/index.php\/2024\/10\/21\/flambee-des-prix-speculation-et-pratiques-illicites-letat-serre-la-vis\/#primaryimage"},"thumbnailUrl":"https:\/\/lasentinelle.dz\/wp-content\/uploads\/2024\/10\/marche.jpg","datePublished":"2024-10-21T20:40:34+00:00","dateModified":"2024-10-21T20:40:35+00:00","breadcrumb":{"@id":"https:\/\/lasentinelle.dz\/index.php\/2024\/10\/21\/flambee-des-prix-speculation-et-pratiques-illicites-letat-serre-la-vis\/#breadcrumb"},"inLanguage":"fr-FR","potentialAction":[{"@type":"ReadAction","target":["https:\/\/lasentinelle.dz\/index.php\/2024\/10\/21\/flambee-des-prix-speculation-et-pratiques-illicites-letat-serre-la-vis\/"]}]},{"@type":"ImageObject","inLanguage":"fr-FR","@id":"https:\/\/lasentinelle.dz\/index.php\/2024\/10\/21\/flambee-des-prix-speculation-et-pratiques-illicites-letat-serre-la-vis\/#primaryimage","url":"https:\/\/lasentinelle.dz\/wp-content\/uploads\/2024\/10\/marche.jpg","contentUrl":"https:\/\/lasentinelle.dz\/wp-content\/uploads\/2024\/10\/marche.jpg","width":1280,"height":720},{"@type":"BreadcrumbList","@id":"https:\/\/lasentinelle.dz\/index.php\/2024\/10\/21\/flambee-des-prix-speculation-et-pratiques-illicites-letat-serre-la-vis\/#breadcrumb","itemListElement":[{"@type":"ListItem","position":1,"name":"Accueil","item":"https:\/\/lasentinelle.dz\/"},{"@type":"ListItem","position":2,"name":"Flamb\u00e9e des prix, sp\u00e9culation et pratiques illicites: L\u2019\u00c9tat serre la vis"}]},{"@type":"WebSite","@id":"https:\/\/lasentinelle.dz\/#website","url":"https:\/\/lasentinelle.dz\/","name":"La Sentinelle","description":"Quotidien national d&#039;information","publisher":{"@id":"https:\/\/lasentinelle.dz\/#organization"},"potentialAction":[{"@type":"SearchAction","target":{"@type":"EntryPoint","urlTemplate":"https:\/\/lasentinelle.dz\/?s={search_term_string}"},"query-input":{"@type":"PropertyValueSpecification","valueRequired":true,"valueName":"search_term_string"}}],"inLanguage":"fr-FR"},{"@type":"Organization","@id":"https:\/\/lasentinelle.dz\/#organization","name":"Quotidien La Sentinelle","url":"https:\/\/lasentinelle.dz\/","logo":{"@type":"ImageObject","inLanguage":"fr-FR","@id":"https:\/\/lasentinelle.dz\/#\/schema\/logo\/image\/","url":"https:\/\/lasentinelle.dz\/wp-content\/uploads\/2021\/09\/logo-sentinelleSLOGAN-1.png","contentUrl":"https:\/\/lasentinelle.dz\/wp-content\/uploads\/2021\/09\/logo-sentinelleSLOGAN-1.png","width":615,"height":142,"caption":"Quotidien La Sentinelle"},"image":{"@id":"https:\/\/lasentinelle.dz\/#\/schema\/logo\/image\/"},"sameAs":["https:\/\/www.facebook.com\/La-Sentinelle-104059864394773"]},{"@type":"Person","@id":"https:\/\/lasentinelle.dz\/#\/schema\/person\/729ee0024f24e0b8c5ec17232f8e8b41","name":"admin","image":{"@type":"ImageObject","inLanguage":"fr-FR","@id":"https:\/\/secure.gravatar.com\/avatar\/4c81fed838786e9b53f540bf46533e750f5d292099ae3b66cfc6fb1982e29df7?s=96&d=mm&r=g","url":"https:\/\/secure.gravatar.com\/avatar\/4c81fed838786e9b53f540bf46533e750f5d292099ae3b66cfc6fb1982e29df7?s=96&d=mm&r=g","contentUrl":"https:\/\/secure.gravatar.com\/avatar\/4c81fed838786e9b53f540bf46533e750f5d292099ae3b66cfc6fb1982e29df7?s=96&d=mm&r=g","caption":"admin"},"description":"admin","url":"https:\/\/lasentinelle.dz\/author\/admin\/"}]}},"_links":{"self":[{"href":"https:\/\/lasentinelle.dz\/index.php\/wp-json\/wp\/v2\/posts\/58465","targetHints":{"allow":["GET"]}}],"collection":[{"href":"https:\/\/lasentinelle.dz\/index.php\/wp-json\/wp\/v2\/posts"}],"about":[{"href":"https:\/\/lasentinelle.dz\/index.php\/wp-json\/wp\/v2\/types\/post"}],"author":[{"embeddable":true,"href":"https:\/\/lasentinelle.dz\/index.php\/wp-json\/wp\/v2\/users\/6"}],"replies":[{"embeddable":true,"href":"https:\/\/lasentinelle.dz\/index.php\/wp-json\/wp\/v2\/comments?post=58465"}],"version-history":[{"count":1,"href":"https:\/\/lasentinelle.dz\/index.php\/wp-json\/wp\/v2\/posts\/58465\/revisions"}],"predecessor-version":[{"id":58467,"href":"https:\/\/lasentinelle.dz\/index.php\/wp-json\/wp\/v2\/posts\/58465\/revisions\/58467"}],"wp:featuredmedia":[{"embeddable":true,"href":"https:\/\/lasentinelle.dz\/index.php\/wp-json\/wp\/v2\/media\/58466"}],"wp:attachment":[{"href":"https:\/\/lasentinelle.dz\/index.php\/wp-json\/wp\/v2\/media?parent=58465"}],"wp:term":[{"taxonomy":"category","embeddable":true,"href":"https:\/\/lasentinelle.dz\/index.php\/wp-json\/wp\/v2\/categories?post=58465"},{"taxonomy":"post_tag","embeddable":true,"href":"https:\/\/lasentinelle.dz\/index.php\/wp-json\/wp\/v2\/tags?post=58465"}],"curies":[{"name":"wp","href":"https:\/\/api.w.org\/{rel}","templated":true}]}}