{"id":58468,"date":"2024-10-15T21:43:13","date_gmt":"2024-10-15T20:43:13","guid":{"rendered":"https:\/\/lasentinelle.dz\/?p=58468"},"modified":"2024-10-21T21:44:04","modified_gmt":"2024-10-21T20:44:04","slug":"ils-arrachent-haut-la-main-une-qualification-precoce-a-la-can-les-verts-confirment-leur-suprematie","status":"publish","type":"post","link":"https:\/\/lasentinelle.dz\/index.php\/2024\/10\/15\/ils-arrachent-haut-la-main-une-qualification-precoce-a-la-can-les-verts-confirment-leur-suprematie\/","title":{"rendered":"Ils arrachent haut la main une qualification pr\u00e9coce \u00e0 la CAN: Les Verts confirment leur supr\u00e9matie"},"content":{"rendered":"\n<p>Dans une rencontre palpitante au stade de K\u00e9gu\u00e9 \u00e0 Lom\u00e9, l&rsquo;\u00e9quipe nationale de football a d\u00e9montr\u00e9 lundi une fois de plus sa supr\u00e9matie sur le continent africain. Face \u00e0 une \u00e9quipe togolaise d\u00e9termin\u00e9e, les \u00ab\u00a0Verts\u00a0\u00bb ont d\u00e9croch\u00e9 leur qualification pour la Coupe d&rsquo;Afrique des Nations (CAN) 2025 gr\u00e2ce \u00e0 une victoire \u00e9triqu\u00e9e mais pr\u00e9cieuse de 1-0.<\/p>\n\n\n\n<p>Malgr\u00e9 la d\u00e9faite cuisante (5-1) subie quelques jours plus t\u00f4t \u00e0 Annaba, les Togolais ont entam\u00e9 la rencontre avec des ambitions offensives. Cependant, la d\u00e9fense alg\u00e9rienne, bien orchestr\u00e9e, a su contenir les assauts des \u00ab\u00a0\u00c9perviers\u00a0\u00bb sans trop de difficult\u00e9s. Cette solidit\u00e9 d\u00e9fensive a permis aux hommes de Vladimir Petkovic de prendre progressivement le contr\u00f4le du jeu. Le s\u00e9lectionneur bosnien avait d&rsquo;ailleurs op\u00e9r\u00e9 plusieurs changements dans son onze de d\u00e9part, insufflant du sang neuf avec les titularisations de Boudaoui, Amoura, Benzia et Gouiri. Ce dernier allait d&rsquo;ailleurs se montrer d\u00e9cisif.<\/p>\n\n\n\n<p>\u00c0 la 18e minute, sur un d\u00e9bordement c\u00f4t\u00e9 gauche, Gouiri, l&rsquo;attaquant du Stade rennais, est fauch\u00e9 dans la surface de r\u00e9paration. Sans h\u00e9sitation, l&rsquo;arbitre d\u00e9signe le point de penalty. Benseba\u00efni, d&rsquo;un sang-froid remarquable, transforme l&rsquo;occasion et inscrit son 9e but en s\u00e9lection, donnant l&rsquo;avantage aux Alg\u00e9riens. Cette ouverture du score a eu le m\u00e9rite de r\u00e9veiller les ardeurs togolaises. Deux minutes plus tard, Atte fait fr\u00e9mir les supporters alg\u00e9riens avec un coup franc qui vient heurter la transversale, apr\u00e8s une sortie hasardeuse de Guendouz.<\/p>\n\n\n\n<p>Revenus des vestiaires avec de nouvelles intentions, les Alg\u00e9riens auraient pu doubler la mise d\u00e8s la 49e minute. Malheureusement, Gouiri, seul face au gardien Barcola, n&rsquo;a pas su concr\u00e9tiser cette occasion en or. Le match s&rsquo;est alors transform\u00e9 en un v\u00e9ritable duel tactique. Les Togolais, dos au mur, ont multipli\u00e9 les offensives, avec notamment l&rsquo;intenable Denkey qui a mis \u00e0 rude \u00e9preuve la d\u00e9fense alg\u00e9rienne. Face \u00e0 cette pression croissante, Petkovic a opt\u00e9 pour un changement de syst\u00e8me, passant \u00e0 une d\u00e9fense \u00e0 trois pour solidifier l&rsquo;arri\u00e8re-garde.<\/p>\n\n\n\n<p>Dans les derni\u00e8res minutes, alors que le Togo jetait ses derni\u00e8res forces dans la bataille, c&rsquo;est le gardien alg\u00e9rien Guendouz qui s&rsquo;est illustr\u00e9. Avec deux arr\u00eats d\u00e9cisifs dans le temps additionnel (90e+2, 90e+4), il a pr\u00e9serv\u00e9 la pr\u00e9cieuse victoire de son \u00e9quipe, s&rsquo;imposant comme l&rsquo;autre h\u00e9ros de cette rencontre aux c\u00f4t\u00e9s de Benseba\u00efni.<\/p>\n\n\n\n<p>Avec ce quatri\u00e8me succ\u00e8s cons\u00e9cutif, l&rsquo;Alg\u00e9rie totalise d\u00e9sormais 12 points et s&rsquo;assure pratiquement la premi\u00e8re place du groupe E. Cette performance remarquable t\u00e9moigne de la qualit\u00e9 et de la constance de cette \u00e9quipe, qui semble bien partie pour jouer les premiers r\u00f4les lors de la prochaine CAN. Dans l&rsquo;autre match du groupe, la Guin\u00e9e \u00e9quatoriale a cr\u00e9\u00e9 la surprise en s&rsquo;imposant \u00e0 l&rsquo;ext\u00e9rieur face au Lib\u00e9ria (2-1). Avec 7 points, elle se positionne comme le principal concurrent de l&rsquo;Alg\u00e9rie pour la qualification. Les deux derni\u00e8res journ\u00e9es des qualifications se d\u00e9rouleront du 11 au 19 novembre prochain. L&rsquo;Alg\u00e9rie se d\u00e9placera en Guin\u00e9e \u00e9quatoriale avant de conclure sa campagne \u00e0 domicile face au Lib\u00e9ria. Deux rencontres qui devraient permettre aux \u00ab\u00a0Verts\u00a0\u00bb de parfaire leurs automatismes en vue de la phase finale de la CAN 2025, qui se tiendra du 21 d\u00e9cembre 2025 au 18 janvier 2026.<\/p>\n\n\n\n<p>Moncef Dahleb<\/p>\n","protected":false},"excerpt":{"rendered":"<p>Dans une rencontre palpitante au stade de K\u00e9gu\u00e9 \u00e0 Lom\u00e9, l&rsquo;\u00e9quipe nationale de football a d\u00e9montr\u00e9 lundi une fois de<\/p>\n","protected":false},"author":6,"featured_media":58469,"comment_status":"open","ping_status":"closed","sticky":false,"template":"","format":"standard","meta":{"colormag_page_container_layout":"default_layout","colormag_page_sidebar_layout":"default_layout","om_disable_all_campaigns":false,"_monsterinsights_skip_tracking":false,"_monsterinsights_sitenote_active":false,"_monsterinsights_sitenote_note":"","_monsterinsights_sitenote_category":0,"footnotes":"","_wpscppro_dont_share_socialmedia":false,"_wpscppro_custom_social_share_image":0,"_facebook_share_type":"default","_twitter_share_type":"default","_linkedin_share_type":"default","_pinterest_share_type":"default","_linkedin_share_type_page":"","_instagram_share_type":"default","_medium_share_type":"default","_threads_share_type":"","_google_business_share_type":"","_selected_social_profile":[],"_wpsp_enable_custom_social_template":false,"_wpsp_social_scheduling":{"enabled":false,"datetime":null,"platforms":[],"status":"template_only","dateOption":"today","timeOption":"now","customDays":"","customHours":"","customDate":"","customTime":"","schedulingType":"absolute"},"_wpsp_active_default_template":true},"categories":[33],"tags":[],"class_list":["post-58468","post","type-post","status-publish","format-standard","has-post-thumbnail","hentry","category-sports"],"aioseo_notices":[],"yoast_head":"<!-- This site is optimized with the Yoast SEO plugin v27.5 - https:\/\/yoast.com\/product\/yoast-seo-wordpress\/ -->\n<title>Ils arrachent haut la main une qualification pr\u00e9coce \u00e0 la CAN: Les Verts confirment leur supr\u00e9matie - La Sentinelle<\/title>\n<meta name=\"robots\" content=\"index, follow, max-snippet:-1, max-image-preview:large, max-video-preview:-1\" \/>\n<link rel=\"canonical\" href=\"https:\/\/lasentinelle.dz\/index.php\/2024\/10\/15\/ils-arrachent-haut-la-main-une-qualification-precoce-a-la-can-les-verts-confirment-leur-suprematie\/\" \/>\n<meta property=\"og:locale\" content=\"fr_FR\" \/>\n<meta property=\"og:type\" content=\"article\" \/>\n<meta property=\"og:title\" content=\"Ils arrachent haut la main une qualification pr\u00e9coce \u00e0 la CAN: Les Verts confirment leur supr\u00e9matie - La Sentinelle\" \/>\n<meta property=\"og:description\" content=\"Dans une rencontre palpitante au stade de K\u00e9gu\u00e9 \u00e0 Lom\u00e9, l&rsquo;\u00e9quipe nationale de football a d\u00e9montr\u00e9 lundi une fois de\" \/>\n<meta property=\"og:url\" content=\"https:\/\/lasentinelle.dz\/index.php\/2024\/10\/15\/ils-arrachent-haut-la-main-une-qualification-precoce-a-la-can-les-verts-confirment-leur-suprematie\/\" \/>\n<meta property=\"og:site_name\" content=\"La Sentinelle\" \/>\n<meta property=\"article:publisher\" content=\"https:\/\/www.facebook.com\/La-Sentinelle-104059864394773\" \/>\n<meta property=\"article:published_time\" content=\"2024-10-15T20:43:13+00:00\" \/>\n<meta property=\"article:modified_time\" content=\"2024-10-21T20:44:04+00:00\" \/>\n<meta property=\"og:image\" content=\"https:\/\/lasentinelle.dz\/wp-content\/uploads\/2024\/10\/Fennec.png\" \/>\n\t<meta property=\"og:image:width\" content=\"715\" \/>\n\t<meta property=\"og:image:height\" content=\"553\" \/>\n\t<meta property=\"og:image:type\" content=\"image\/png\" \/>\n<meta name=\"author\" content=\"admin\" \/>\n<meta name=\"twitter:card\" content=\"summary_large_image\" \/>\n<meta name=\"twitter:label1\" content=\"\u00c9crit par\" \/>\n\t<meta name=\"twitter:data1\" content=\"admin\" \/>\n\t<meta name=\"twitter:label2\" content=\"Dur\u00e9e de lecture estim\u00e9e\" \/>\n\t<meta name=\"twitter:data2\" content=\"3 minutes\" \/>\n<script type=\"application\/ld+json\" class=\"yoast-schema-graph\">{\"@context\":\"https:\\\/\\\/schema.org\",\"@graph\":[{\"@type\":\"Article\",\"@id\":\"https:\\\/\\\/lasentinelle.dz\\\/index.php\\\/2024\\\/10\\\/15\\\/ils-arrachent-haut-la-main-une-qualification-precoce-a-la-can-les-verts-confirment-leur-suprematie\\\/#article\",\"isPartOf\":{\"@id\":\"https:\\\/\\\/lasentinelle.dz\\\/index.php\\\/2024\\\/10\\\/15\\\/ils-arrachent-haut-la-main-une-qualification-precoce-a-la-can-les-verts-confirment-leur-suprematie\\\/\"},\"author\":{\"name\":\"admin\",\"@id\":\"https:\\\/\\\/lasentinelle.dz\\\/#\\\/schema\\\/person\\\/729ee0024f24e0b8c5ec17232f8e8b41\"},\"headline\":\"Ils arrachent haut la main une qualification pr\u00e9coce \u00e0 la CAN: Les Verts confirment leur supr\u00e9matie\",\"datePublished\":\"2024-10-15T20:43:13+00:00\",\"dateModified\":\"2024-10-21T20:44:04+00:00\",\"mainEntityOfPage\":{\"@id\":\"https:\\\/\\\/lasentinelle.dz\\\/index.php\\\/2024\\\/10\\\/15\\\/ils-arrachent-haut-la-main-une-qualification-precoce-a-la-can-les-verts-confirment-leur-suprematie\\\/\"},\"wordCount\":609,\"commentCount\":0,\"publisher\":{\"@id\":\"https:\\\/\\\/lasentinelle.dz\\\/#organization\"},\"image\":{\"@id\":\"https:\\\/\\\/lasentinelle.dz\\\/index.php\\\/2024\\\/10\\\/15\\\/ils-arrachent-haut-la-main-une-qualification-precoce-a-la-can-les-verts-confirment-leur-suprematie\\\/#primaryimage\"},\"thumbnailUrl\":\"https:\\\/\\\/lasentinelle.dz\\\/wp-content\\\/uploads\\\/2024\\\/10\\\/Fennec.png\",\"articleSection\":[\"Sports\"],\"inLanguage\":\"fr-FR\",\"potentialAction\":[{\"@type\":\"CommentAction\",\"name\":\"Comment\",\"target\":[\"https:\\\/\\\/lasentinelle.dz\\\/index.php\\\/2024\\\/10\\\/15\\\/ils-arrachent-haut-la-main-une-qualification-precoce-a-la-can-les-verts-confirment-leur-suprematie\\\/#respond\"]}]},{\"@type\":\"WebPage\",\"@id\":\"https:\\\/\\\/lasentinelle.dz\\\/index.php\\\/2024\\\/10\\\/15\\\/ils-arrachent-haut-la-main-une-qualification-precoce-a-la-can-les-verts-confirment-leur-suprematie\\\/\",\"url\":\"https:\\\/\\\/lasentinelle.dz\\\/index.php\\\/2024\\\/10\\\/15\\\/ils-arrachent-haut-la-main-une-qualification-precoce-a-la-can-les-verts-confirment-leur-suprematie\\\/\",\"name\":\"Ils arrachent haut la main une qualification pr\u00e9coce \u00e0 la CAN: Les Verts confirment leur supr\u00e9matie - La Sentinelle\",\"isPartOf\":{\"@id\":\"https:\\\/\\\/lasentinelle.dz\\\/#website\"},\"primaryImageOfPage\":{\"@id\":\"https:\\\/\\\/lasentinelle.dz\\\/index.php\\\/2024\\\/10\\\/15\\\/ils-arrachent-haut-la-main-une-qualification-precoce-a-la-can-les-verts-confirment-leur-suprematie\\\/#primaryimage\"},\"image\":{\"@id\":\"https:\\\/\\\/lasentinelle.dz\\\/index.php\\\/2024\\\/10\\\/15\\\/ils-arrachent-haut-la-main-une-qualification-precoce-a-la-can-les-verts-confirment-leur-suprematie\\\/#primaryimage\"},\"thumbnailUrl\":\"https:\\\/\\\/lasentinelle.dz\\\/wp-content\\\/uploads\\\/2024\\\/10\\\/Fennec.png\",\"datePublished\":\"2024-10-15T20:43:13+00:00\",\"dateModified\":\"2024-10-21T20:44:04+00:00\",\"breadcrumb\":{\"@id\":\"https:\\\/\\\/lasentinelle.dz\\\/index.php\\\/2024\\\/10\\\/15\\\/ils-arrachent-haut-la-main-une-qualification-precoce-a-la-can-les-verts-confirment-leur-suprematie\\\/#breadcrumb\"},\"inLanguage\":\"fr-FR\",\"potentialAction\":[{\"@type\":\"ReadAction\",\"target\":[\"https:\\\/\\\/lasentinelle.dz\\\/index.php\\\/2024\\\/10\\\/15\\\/ils-arrachent-haut-la-main-une-qualification-precoce-a-la-can-les-verts-confirment-leur-suprematie\\\/\"]}]},{\"@type\":\"ImageObject\",\"inLanguage\":\"fr-FR\",\"@id\":\"https:\\\/\\\/lasentinelle.dz\\\/index.php\\\/2024\\\/10\\\/15\\\/ils-arrachent-haut-la-main-une-qualification-precoce-a-la-can-les-verts-confirment-leur-suprematie\\\/#primaryimage\",\"url\":\"https:\\\/\\\/lasentinelle.dz\\\/wp-content\\\/uploads\\\/2024\\\/10\\\/Fennec.png\",\"contentUrl\":\"https:\\\/\\\/lasentinelle.dz\\\/wp-content\\\/uploads\\\/2024\\\/10\\\/Fennec.png\",\"width\":715,\"height\":553},{\"@type\":\"BreadcrumbList\",\"@id\":\"https:\\\/\\\/lasentinelle.dz\\\/index.php\\\/2024\\\/10\\\/15\\\/ils-arrachent-haut-la-main-une-qualification-precoce-a-la-can-les-verts-confirment-leur-suprematie\\\/#breadcrumb\",\"itemListElement\":[{\"@type\":\"ListItem\",\"position\":1,\"name\":\"Accueil\",\"item\":\"https:\\\/\\\/lasentinelle.dz\\\/\"},{\"@type\":\"ListItem\",\"position\":2,\"name\":\"Ils arrachent haut la main une qualification pr\u00e9coce \u00e0 la CAN: Les Verts confirment leur supr\u00e9matie\"}]},{\"@type\":\"WebSite\",\"@id\":\"https:\\\/\\\/lasentinelle.dz\\\/#website\",\"url\":\"https:\\\/\\\/lasentinelle.dz\\\/\",\"name\":\"La Sentinelle\",\"description\":\"Quotidien national d&#039;information\",\"publisher\":{\"@id\":\"https:\\\/\\\/lasentinelle.dz\\\/#organization\"},\"potentialAction\":[{\"@type\":\"SearchAction\",\"target\":{\"@type\":\"EntryPoint\",\"urlTemplate\":\"https:\\\/\\\/lasentinelle.dz\\\/?s={search_term_string}\"},\"query-input\":{\"@type\":\"PropertyValueSpecification\",\"valueRequired\":true,\"valueName\":\"search_term_string\"}}],\"inLanguage\":\"fr-FR\"},{\"@type\":\"Organization\",\"@id\":\"https:\\\/\\\/lasentinelle.dz\\\/#organization\",\"name\":\"Quotidien La Sentinelle\",\"url\":\"https:\\\/\\\/lasentinelle.dz\\\/\",\"logo\":{\"@type\":\"ImageObject\",\"inLanguage\":\"fr-FR\",\"@id\":\"https:\\\/\\\/lasentinelle.dz\\\/#\\\/schema\\\/logo\\\/image\\\/\",\"url\":\"https:\\\/\\\/lasentinelle.dz\\\/wp-content\\\/uploads\\\/2021\\\/09\\\/logo-sentinelleSLOGAN-1.png\",\"contentUrl\":\"https:\\\/\\\/lasentinelle.dz\\\/wp-content\\\/uploads\\\/2021\\\/09\\\/logo-sentinelleSLOGAN-1.png\",\"width\":615,\"height\":142,\"caption\":\"Quotidien La Sentinelle\"},\"image\":{\"@id\":\"https:\\\/\\\/lasentinelle.dz\\\/#\\\/schema\\\/logo\\\/image\\\/\"},\"sameAs\":[\"https:\\\/\\\/www.facebook.com\\\/La-Sentinelle-104059864394773\"]},{\"@type\":\"Person\",\"@id\":\"https:\\\/\\\/lasentinelle.dz\\\/#\\\/schema\\\/person\\\/729ee0024f24e0b8c5ec17232f8e8b41\",\"name\":\"admin\",\"image\":{\"@type\":\"ImageObject\",\"inLanguage\":\"fr-FR\",\"@id\":\"https:\\\/\\\/secure.gravatar.com\\\/avatar\\\/4c81fed838786e9b53f540bf46533e750f5d292099ae3b66cfc6fb1982e29df7?s=96&d=mm&r=g\",\"url\":\"https:\\\/\\\/secure.gravatar.com\\\/avatar\\\/4c81fed838786e9b53f540bf46533e750f5d292099ae3b66cfc6fb1982e29df7?s=96&d=mm&r=g\",\"contentUrl\":\"https:\\\/\\\/secure.gravatar.com\\\/avatar\\\/4c81fed838786e9b53f540bf46533e750f5d292099ae3b66cfc6fb1982e29df7?s=96&d=mm&r=g\",\"caption\":\"admin\"},\"description\":\"admin\",\"url\":\"https:\\\/\\\/lasentinelle.dz\\\/author\\\/admin\\\/\"}]}<\/script>\n<!-- \/ Yoast SEO plugin. -->","yoast_head_json":{"title":"Ils arrachent haut la main une qualification pr\u00e9coce \u00e0 la CAN: Les Verts confirment leur supr\u00e9matie - La Sentinelle","robots":{"index":"index","follow":"follow","max-snippet":"max-snippet:-1","max-image-preview":"max-image-preview:large","max-video-preview":"max-video-preview:-1"},"canonical":"https:\/\/lasentinelle.dz\/index.php\/2024\/10\/15\/ils-arrachent-haut-la-main-une-qualification-precoce-a-la-can-les-verts-confirment-leur-suprematie\/","og_locale":"fr_FR","og_type":"article","og_title":"Ils arrachent haut la main une qualification pr\u00e9coce \u00e0 la CAN: Les Verts confirment leur supr\u00e9matie - La Sentinelle","og_description":"Dans une rencontre palpitante au stade de K\u00e9gu\u00e9 \u00e0 Lom\u00e9, l&rsquo;\u00e9quipe nationale de football a d\u00e9montr\u00e9 lundi une fois de","og_url":"https:\/\/lasentinelle.dz\/index.php\/2024\/10\/15\/ils-arrachent-haut-la-main-une-qualification-precoce-a-la-can-les-verts-confirment-leur-suprematie\/","og_site_name":"La Sentinelle","article_publisher":"https:\/\/www.facebook.com\/La-Sentinelle-104059864394773","article_published_time":"2024-10-15T20:43:13+00:00","article_modified_time":"2024-10-21T20:44:04+00:00","og_image":[{"width":715,"height":553,"url":"https:\/\/lasentinelle.dz\/wp-content\/uploads\/2024\/10\/Fennec.png","type":"image\/png"}],"author":"admin","twitter_card":"summary_large_image","twitter_misc":{"\u00c9crit par":"admin","Dur\u00e9e de lecture estim\u00e9e":"3 minutes"},"schema":{"@context":"https:\/\/schema.org","@graph":[{"@type":"Article","@id":"https:\/\/lasentinelle.dz\/index.php\/2024\/10\/15\/ils-arrachent-haut-la-main-une-qualification-precoce-a-la-can-les-verts-confirment-leur-suprematie\/#article","isPartOf":{"@id":"https:\/\/lasentinelle.dz\/index.php\/2024\/10\/15\/ils-arrachent-haut-la-main-une-qualification-precoce-a-la-can-les-verts-confirment-leur-suprematie\/"},"author":{"name":"admin","@id":"https:\/\/lasentinelle.dz\/#\/schema\/person\/729ee0024f24e0b8c5ec17232f8e8b41"},"headline":"Ils arrachent haut la main une qualification pr\u00e9coce \u00e0 la CAN: Les Verts confirment leur supr\u00e9matie","datePublished":"2024-10-15T20:43:13+00:00","dateModified":"2024-10-21T20:44:04+00:00","mainEntityOfPage":{"@id":"https:\/\/lasentinelle.dz\/index.php\/2024\/10\/15\/ils-arrachent-haut-la-main-une-qualification-precoce-a-la-can-les-verts-confirment-leur-suprematie\/"},"wordCount":609,"commentCount":0,"publisher":{"@id":"https:\/\/lasentinelle.dz\/#organization"},"image":{"@id":"https:\/\/lasentinelle.dz\/index.php\/2024\/10\/15\/ils-arrachent-haut-la-main-une-qualification-precoce-a-la-can-les-verts-confirment-leur-suprematie\/#primaryimage"},"thumbnailUrl":"https:\/\/lasentinelle.dz\/wp-content\/uploads\/2024\/10\/Fennec.png","articleSection":["Sports"],"inLanguage":"fr-FR","potentialAction":[{"@type":"CommentAction","name":"Comment","target":["https:\/\/lasentinelle.dz\/index.php\/2024\/10\/15\/ils-arrachent-haut-la-main-une-qualification-precoce-a-la-can-les-verts-confirment-leur-suprematie\/#respond"]}]},{"@type":"WebPage","@id":"https:\/\/lasentinelle.dz\/index.php\/2024\/10\/15\/ils-arrachent-haut-la-main-une-qualification-precoce-a-la-can-les-verts-confirment-leur-suprematie\/","url":"https:\/\/lasentinelle.dz\/index.php\/2024\/10\/15\/ils-arrachent-haut-la-main-une-qualification-precoce-a-la-can-les-verts-confirment-leur-suprematie\/","name":"Ils arrachent haut la main une qualification pr\u00e9coce \u00e0 la CAN: Les Verts confirment leur supr\u00e9matie - La Sentinelle","isPartOf":{"@id":"https:\/\/lasentinelle.dz\/#website"},"primaryImageOfPage":{"@id":"https:\/\/lasentinelle.dz\/index.php\/2024\/10\/15\/ils-arrachent-haut-la-main-une-qualification-precoce-a-la-can-les-verts-confirment-leur-suprematie\/#primaryimage"},"image":{"@id":"https:\/\/lasentinelle.dz\/index.php\/2024\/10\/15\/ils-arrachent-haut-la-main-une-qualification-precoce-a-la-can-les-verts-confirment-leur-suprematie\/#primaryimage"},"thumbnailUrl":"https:\/\/lasentinelle.dz\/wp-content\/uploads\/2024\/10\/Fennec.png","datePublished":"2024-10-15T20:43:13+00:00","dateModified":"2024-10-21T20:44:04+00:00","breadcrumb":{"@id":"https:\/\/lasentinelle.dz\/index.php\/2024\/10\/15\/ils-arrachent-haut-la-main-une-qualification-precoce-a-la-can-les-verts-confirment-leur-suprematie\/#breadcrumb"},"inLanguage":"fr-FR","potentialAction":[{"@type":"ReadAction","target":["https:\/\/lasentinelle.dz\/index.php\/2024\/10\/15\/ils-arrachent-haut-la-main-une-qualification-precoce-a-la-can-les-verts-confirment-leur-suprematie\/"]}]},{"@type":"ImageObject","inLanguage":"fr-FR","@id":"https:\/\/lasentinelle.dz\/index.php\/2024\/10\/15\/ils-arrachent-haut-la-main-une-qualification-precoce-a-la-can-les-verts-confirment-leur-suprematie\/#primaryimage","url":"https:\/\/lasentinelle.dz\/wp-content\/uploads\/2024\/10\/Fennec.png","contentUrl":"https:\/\/lasentinelle.dz\/wp-content\/uploads\/2024\/10\/Fennec.png","width":715,"height":553},{"@type":"BreadcrumbList","@id":"https:\/\/lasentinelle.dz\/index.php\/2024\/10\/15\/ils-arrachent-haut-la-main-une-qualification-precoce-a-la-can-les-verts-confirment-leur-suprematie\/#breadcrumb","itemListElement":[{"@type":"ListItem","position":1,"name":"Accueil","item":"https:\/\/lasentinelle.dz\/"},{"@type":"ListItem","position":2,"name":"Ils arrachent haut la main une qualification pr\u00e9coce \u00e0 la CAN: Les Verts confirment leur supr\u00e9matie"}]},{"@type":"WebSite","@id":"https:\/\/lasentinelle.dz\/#website","url":"https:\/\/lasentinelle.dz\/","name":"La Sentinelle","description":"Quotidien national d&#039;information","publisher":{"@id":"https:\/\/lasentinelle.dz\/#organization"},"potentialAction":[{"@type":"SearchAction","target":{"@type":"EntryPoint","urlTemplate":"https:\/\/lasentinelle.dz\/?s={search_term_string}"},"query-input":{"@type":"PropertyValueSpecification","valueRequired":true,"valueName":"search_term_string"}}],"inLanguage":"fr-FR"},{"@type":"Organization","@id":"https:\/\/lasentinelle.dz\/#organization","name":"Quotidien La Sentinelle","url":"https:\/\/lasentinelle.dz\/","logo":{"@type":"ImageObject","inLanguage":"fr-FR","@id":"https:\/\/lasentinelle.dz\/#\/schema\/logo\/image\/","url":"https:\/\/lasentinelle.dz\/wp-content\/uploads\/2021\/09\/logo-sentinelleSLOGAN-1.png","contentUrl":"https:\/\/lasentinelle.dz\/wp-content\/uploads\/2021\/09\/logo-sentinelleSLOGAN-1.png","width":615,"height":142,"caption":"Quotidien La Sentinelle"},"image":{"@id":"https:\/\/lasentinelle.dz\/#\/schema\/logo\/image\/"},"sameAs":["https:\/\/www.facebook.com\/La-Sentinelle-104059864394773"]},{"@type":"Person","@id":"https:\/\/lasentinelle.dz\/#\/schema\/person\/729ee0024f24e0b8c5ec17232f8e8b41","name":"admin","image":{"@type":"ImageObject","inLanguage":"fr-FR","@id":"https:\/\/secure.gravatar.com\/avatar\/4c81fed838786e9b53f540bf46533e750f5d292099ae3b66cfc6fb1982e29df7?s=96&d=mm&r=g","url":"https:\/\/secure.gravatar.com\/avatar\/4c81fed838786e9b53f540bf46533e750f5d292099ae3b66cfc6fb1982e29df7?s=96&d=mm&r=g","contentUrl":"https:\/\/secure.gravatar.com\/avatar\/4c81fed838786e9b53f540bf46533e750f5d292099ae3b66cfc6fb1982e29df7?s=96&d=mm&r=g","caption":"admin"},"description":"admin","url":"https:\/\/lasentinelle.dz\/author\/admin\/"}]}},"_links":{"self":[{"href":"https:\/\/lasentinelle.dz\/index.php\/wp-json\/wp\/v2\/posts\/58468","targetHints":{"allow":["GET"]}}],"collection":[{"href":"https:\/\/lasentinelle.dz\/index.php\/wp-json\/wp\/v2\/posts"}],"about":[{"href":"https:\/\/lasentinelle.dz\/index.php\/wp-json\/wp\/v2\/types\/post"}],"author":[{"embeddable":true,"href":"https:\/\/lasentinelle.dz\/index.php\/wp-json\/wp\/v2\/users\/6"}],"replies":[{"embeddable":true,"href":"https:\/\/lasentinelle.dz\/index.php\/wp-json\/wp\/v2\/comments?post=58468"}],"version-history":[{"count":1,"href":"https:\/\/lasentinelle.dz\/index.php\/wp-json\/wp\/v2\/posts\/58468\/revisions"}],"predecessor-version":[{"id":58470,"href":"https:\/\/lasentinelle.dz\/index.php\/wp-json\/wp\/v2\/posts\/58468\/revisions\/58470"}],"wp:featuredmedia":[{"embeddable":true,"href":"https:\/\/lasentinelle.dz\/index.php\/wp-json\/wp\/v2\/media\/58469"}],"wp:attachment":[{"href":"https:\/\/lasentinelle.dz\/index.php\/wp-json\/wp\/v2\/media?parent=58468"}],"wp:term":[{"taxonomy":"category","embeddable":true,"href":"https:\/\/lasentinelle.dz\/index.php\/wp-json\/wp\/v2\/categories?post=58468"},{"taxonomy":"post_tag","embeddable":true,"href":"https:\/\/lasentinelle.dz\/index.php\/wp-json\/wp\/v2\/tags?post=58468"}],"curies":[{"name":"wp","href":"https:\/\/api.w.org\/{rel}","templated":true}]}}