{"id":58500,"date":"2024-10-15T22:05:43","date_gmt":"2024-10-15T21:05:43","guid":{"rendered":"https:\/\/lasentinelle.dz\/?p=58500"},"modified":"2024-10-21T22:06:28","modified_gmt":"2024-10-21T21:06:28","slug":"liban-lentite-sioniste-elargit-son-agression","status":"publish","type":"post","link":"https:\/\/lasentinelle.dz\/index.php\/2024\/10\/15\/liban-lentite-sioniste-elargit-son-agression\/","title":{"rendered":"Liban: L\u2019entit\u00e9 sioniste \u00e9largit son agression"},"content":{"rendered":"\n<p>Le Liban se trouve dans une situation critique alors que l&rsquo;entit\u00e9 sioniste intensifie ses agressions contre le pays depuis plus de trois semaines. Les bombardements sionistes, d&rsquo;une violence et d&rsquo;une intensit\u00e9 sans pr\u00e9c\u00e9dent, ont \u00e9largi leur port\u00e9e pour inclure la plupart des r\u00e9gions du Liban, y compris la capitale Beyrouth. Cette escalade dramatique a entra\u00een\u00e9 des cons\u00e9quences humanitaires d\u00e9sastreuses, avec un bilan qui ne cesse de s&rsquo;alourdir. Selon le minist\u00e8re libanais de la Sant\u00e9, on d\u00e9nombre d\u00e9j\u00e0 2 309 martyrs et 10 782 bless\u00e9s, en majorit\u00e9 des femmes et des enfants, depuis le 8 octobre 2023. La situation s&rsquo;est encore aggrav\u00e9e lundi soir lorsqu&rsquo;une frappe sioniste sur le village d&rsquo;A\u00efto, dans le nord du pays, a fait au moins 21 martyrs suppl\u00e9mentaires. C&rsquo;\u00e9tait la premi\u00e8re fois que ce village \u00e9tait vis\u00e9 depuis le d\u00e9but de l&rsquo;agression le 22 septembre dernier. Face \u00e0 cette violence croissante, plus de 1,2 million de personnes ont \u00e9t\u00e9 d\u00e9plac\u00e9es \u00e0 travers le pays. Les rues de Beyrouth sont remplies de civils luttant pour trouver un abri, tandis que des centaines de milliers d&rsquo;autres, dont beaucoup de femmes et d&rsquo;enfants, ont \u00e9t\u00e9 contraints de fuir vers la Syrie voisine dans des conditions extr\u00eamement difficiles. L&rsquo;UNICEF souligne que les enfants repr\u00e9sentent un tiers du nombre total de personnes chass\u00e9es de leur foyer. Cette crise humanitaire s&rsquo;aggrave de jour en jour, mettant \u00e0 rude \u00e9preuve les ressources d\u00e9j\u00e0 limit\u00e9es du pays. Le Programme alimentaire mondial (PAM) et l&rsquo;UNICEF ont lanc\u00e9 un appel urgent pour obtenir davantage de fonds, car les besoins ne cessent d&rsquo;augmenter. La situation est d&rsquo;autant plus critique que l&rsquo;entit\u00e9 sioniste a bombard\u00e9 la route reliant le Liban \u00e0 la Syrie, entravant ainsi le passage des r\u00e9fugi\u00e9s et l&rsquo;acheminement de l&rsquo;aide humanitaire. Les agences onusiennes appellent la communaut\u00e9 internationale \u00e0 soutenir leurs efforts et \u00e0 aider \u00e0 maintenir les terminaux et les routes d&rsquo;approvisionnement ouverts. Le syst\u00e8me de sant\u00e9 libanais est particuli\u00e8rement touch\u00e9 par cette escalade de violence. Le Comit\u00e9 international de la Croix-Rouge (CICR) a lanc\u00e9 un appel urgent pour la protection des travailleurs de la sant\u00e9, des ambulances, des h\u00f4pitaux et des centres de sant\u00e9 primaires. Selon l&rsquo;Organisation mondiale de la Sant\u00e9 (OMS), sur les 207 centres de soins primaires dans les zones agress\u00e9es par l&rsquo;entit\u00e9 sioniste, 100 ont d\u00fb fermer leurs portes. Cinq h\u00f4pitaux ont \u00e9galement cess\u00e9 de fonctionner en raison de dommages structurels caus\u00e9s par les attaques. Ces agressions contre le syst\u00e8me de sant\u00e9 ont d\u00e9j\u00e0 co\u00fbt\u00e9 la vie \u00e0 pr\u00e8s de 100 travailleurs m\u00e9dicaux en un an. La communaut\u00e9 internationale ne cesse d&rsquo;appeler \u00e0 un cessez-le-feu imm\u00e9diat au Liban et \u00e0 Ghaza, o\u00f9 l&rsquo;agression sioniste g\u00e9nocidaire a fait 42 344 martyrs et 99 013 bless\u00e9s. Cependant, l&rsquo;entit\u00e9 sioniste continue d&rsquo;ignorer ces appels et poursuit sans r\u00e9pit ses massacres dans la r\u00e9gion. L&rsquo;ONU avertit que la situation risque de d\u00e9g\u00e9n\u00e9rer en une \u00ab\u00a0guerre totale\u00a0\u00bb si rien n&rsquo;est fait pour arr\u00eater cette escalade.<\/p>\n\n\n\n<p>Face \u00e0 cette crise qui s&rsquo;aggrave de jour en jour, le Haut-Commissaire des Nations Unies pour les r\u00e9fugi\u00e9s, Filippo Grandi, de retour d&rsquo;une visite au Liban et en Syrie, a soulign\u00e9 que le peuple libanais aspire massivement \u00e0 la paix. Il a averti que si les frappes a\u00e9riennes se poursuivent, de nombreux autres civils seront d\u00e9plac\u00e9s et certains d\u00e9cideront de partir vers d&rsquo;autres pays. Grandi a r\u00e9it\u00e9r\u00e9 la n\u00e9cessit\u00e9 urgente d&rsquo;un cessez-le-feu au Liban et dans la bande de Ghaza, soutenu par un processus de paix significatif, aussi difficile soit-il. Un tel cessez-le-feu permettrait non seulement aux personnes d\u00e9plac\u00e9es de rentrer chez elles, mais contribuerait \u00e9galement \u00e0 stopper la d\u00e9rive vers une guerre r\u00e9gionale.<\/p>\n\n\n\n<p><strong>Hocine Fadheli<\/strong><\/p>\n","protected":false},"excerpt":{"rendered":"<p>Le Liban se trouve dans une situation critique alors que l&rsquo;entit\u00e9 sioniste intensifie ses agressions contre le pays depuis plus<\/p>\n","protected":false},"author":6,"featured_media":58145,"comment_status":"open","ping_status":"closed","sticky":false,"template":"","format":"standard","meta":{"colormag_page_container_layout":"default_layout","colormag_page_sidebar_layout":"default_layout","om_disable_all_campaigns":false,"_monsterinsights_skip_tracking":false,"_monsterinsights_sitenote_active":false,"_monsterinsights_sitenote_note":"","_monsterinsights_sitenote_category":0,"footnotes":"","_wpscppro_dont_share_socialmedia":false,"_wpscppro_custom_social_share_image":0,"_facebook_share_type":"default","_twitter_share_type":"default","_linkedin_share_type":"default","_pinterest_share_type":"default","_linkedin_share_type_page":"","_instagram_share_type":"default","_medium_share_type":"default","_threads_share_type":"","_google_business_share_type":"","_selected_social_profile":[],"_wpsp_enable_custom_social_template":false,"_wpsp_social_scheduling":{"enabled":false,"datetime":null,"platforms":[],"status":"template_only","dateOption":"today","timeOption":"now","customDays":"","customHours":"","customDate":"","customTime":"","schedulingType":"absolute"},"_wpsp_active_default_template":true},"categories":[27],"tags":[],"class_list":["post-58500","post","type-post","status-publish","format-standard","has-post-thumbnail","hentry","category-actualite"],"aioseo_notices":[],"yoast_head":"<!-- This site is optimized with the Yoast SEO plugin v27.5 - https:\/\/yoast.com\/product\/yoast-seo-wordpress\/ -->\n<title>Liban: L\u2019entit\u00e9 sioniste \u00e9largit son agression - La Sentinelle<\/title>\n<meta name=\"robots\" content=\"index, follow, max-snippet:-1, max-image-preview:large, max-video-preview:-1\" \/>\n<link rel=\"canonical\" href=\"https:\/\/lasentinelle.dz\/index.php\/2024\/10\/15\/liban-lentite-sioniste-elargit-son-agression\/\" \/>\n<meta property=\"og:locale\" content=\"fr_FR\" \/>\n<meta property=\"og:type\" content=\"article\" \/>\n<meta property=\"og:title\" content=\"Liban: L\u2019entit\u00e9 sioniste \u00e9largit son agression - La Sentinelle\" \/>\n<meta property=\"og:description\" content=\"Le Liban se trouve dans une situation critique alors que l&rsquo;entit\u00e9 sioniste intensifie ses agressions contre le pays depuis plus\" \/>\n<meta property=\"og:url\" content=\"https:\/\/lasentinelle.dz\/index.php\/2024\/10\/15\/liban-lentite-sioniste-elargit-son-agression\/\" \/>\n<meta property=\"og:site_name\" content=\"La Sentinelle\" \/>\n<meta property=\"article:publisher\" content=\"https:\/\/www.facebook.com\/La-Sentinelle-104059864394773\" \/>\n<meta property=\"article:published_time\" content=\"2024-10-15T21:05:43+00:00\" \/>\n<meta property=\"article:modified_time\" content=\"2024-10-21T21:06:28+00:00\" \/>\n<meta property=\"og:image\" content=\"https:\/\/lasentinelle.dz\/wp-content\/uploads\/2024\/10\/Liban.jpg\" \/>\n\t<meta property=\"og:image:width\" content=\"1200\" \/>\n\t<meta property=\"og:image:height\" content=\"500\" \/>\n\t<meta property=\"og:image:type\" content=\"image\/jpeg\" \/>\n<meta name=\"author\" content=\"admin\" \/>\n<meta name=\"twitter:card\" content=\"summary_large_image\" \/>\n<meta name=\"twitter:label1\" content=\"\u00c9crit par\" \/>\n\t<meta name=\"twitter:data1\" content=\"admin\" \/>\n\t<meta name=\"twitter:label2\" content=\"Dur\u00e9e de lecture estim\u00e9e\" \/>\n\t<meta name=\"twitter:data2\" content=\"4 minutes\" \/>\n<script type=\"application\/ld+json\" class=\"yoast-schema-graph\">{\"@context\":\"https:\\\/\\\/schema.org\",\"@graph\":[{\"@type\":\"Article\",\"@id\":\"https:\\\/\\\/lasentinelle.dz\\\/index.php\\\/2024\\\/10\\\/15\\\/liban-lentite-sioniste-elargit-son-agression\\\/#article\",\"isPartOf\":{\"@id\":\"https:\\\/\\\/lasentinelle.dz\\\/index.php\\\/2024\\\/10\\\/15\\\/liban-lentite-sioniste-elargit-son-agression\\\/\"},\"author\":{\"name\":\"admin\",\"@id\":\"https:\\\/\\\/lasentinelle.dz\\\/#\\\/schema\\\/person\\\/729ee0024f24e0b8c5ec17232f8e8b41\"},\"headline\":\"Liban: L\u2019entit\u00e9 sioniste \u00e9largit son agression\",\"datePublished\":\"2024-10-15T21:05:43+00:00\",\"dateModified\":\"2024-10-21T21:06:28+00:00\",\"mainEntityOfPage\":{\"@id\":\"https:\\\/\\\/lasentinelle.dz\\\/index.php\\\/2024\\\/10\\\/15\\\/liban-lentite-sioniste-elargit-son-agression\\\/\"},\"wordCount\":664,\"commentCount\":0,\"publisher\":{\"@id\":\"https:\\\/\\\/lasentinelle.dz\\\/#organization\"},\"image\":{\"@id\":\"https:\\\/\\\/lasentinelle.dz\\\/index.php\\\/2024\\\/10\\\/15\\\/liban-lentite-sioniste-elargit-son-agression\\\/#primaryimage\"},\"thumbnailUrl\":\"https:\\\/\\\/lasentinelle.dz\\\/wp-content\\\/uploads\\\/2024\\\/10\\\/Liban.jpg\",\"articleSection\":[\"Actualit\u00e9\"],\"inLanguage\":\"fr-FR\",\"potentialAction\":[{\"@type\":\"CommentAction\",\"name\":\"Comment\",\"target\":[\"https:\\\/\\\/lasentinelle.dz\\\/index.php\\\/2024\\\/10\\\/15\\\/liban-lentite-sioniste-elargit-son-agression\\\/#respond\"]}]},{\"@type\":\"WebPage\",\"@id\":\"https:\\\/\\\/lasentinelle.dz\\\/index.php\\\/2024\\\/10\\\/15\\\/liban-lentite-sioniste-elargit-son-agression\\\/\",\"url\":\"https:\\\/\\\/lasentinelle.dz\\\/index.php\\\/2024\\\/10\\\/15\\\/liban-lentite-sioniste-elargit-son-agression\\\/\",\"name\":\"Liban: L\u2019entit\u00e9 sioniste \u00e9largit son agression - La Sentinelle\",\"isPartOf\":{\"@id\":\"https:\\\/\\\/lasentinelle.dz\\\/#website\"},\"primaryImageOfPage\":{\"@id\":\"https:\\\/\\\/lasentinelle.dz\\\/index.php\\\/2024\\\/10\\\/15\\\/liban-lentite-sioniste-elargit-son-agression\\\/#primaryimage\"},\"image\":{\"@id\":\"https:\\\/\\\/lasentinelle.dz\\\/index.php\\\/2024\\\/10\\\/15\\\/liban-lentite-sioniste-elargit-son-agression\\\/#primaryimage\"},\"thumbnailUrl\":\"https:\\\/\\\/lasentinelle.dz\\\/wp-content\\\/uploads\\\/2024\\\/10\\\/Liban.jpg\",\"datePublished\":\"2024-10-15T21:05:43+00:00\",\"dateModified\":\"2024-10-21T21:06:28+00:00\",\"breadcrumb\":{\"@id\":\"https:\\\/\\\/lasentinelle.dz\\\/index.php\\\/2024\\\/10\\\/15\\\/liban-lentite-sioniste-elargit-son-agression\\\/#breadcrumb\"},\"inLanguage\":\"fr-FR\",\"potentialAction\":[{\"@type\":\"ReadAction\",\"target\":[\"https:\\\/\\\/lasentinelle.dz\\\/index.php\\\/2024\\\/10\\\/15\\\/liban-lentite-sioniste-elargit-son-agression\\\/\"]}]},{\"@type\":\"ImageObject\",\"inLanguage\":\"fr-FR\",\"@id\":\"https:\\\/\\\/lasentinelle.dz\\\/index.php\\\/2024\\\/10\\\/15\\\/liban-lentite-sioniste-elargit-son-agression\\\/#primaryimage\",\"url\":\"https:\\\/\\\/lasentinelle.dz\\\/wp-content\\\/uploads\\\/2024\\\/10\\\/Liban.jpg\",\"contentUrl\":\"https:\\\/\\\/lasentinelle.dz\\\/wp-content\\\/uploads\\\/2024\\\/10\\\/Liban.jpg\",\"width\":1200,\"height\":500,\"caption\":\"\u00a9MOHAMMED SABER\\\/EPA\\\/MAXPPP - epaselect epa10906107 Smoke rises after Israeli warplanes targeted the Palestine tower in Gaza City, 07 October 2023. Rocket barrages were launched from the Gaza Strip early 07 October in a surprise attack claimed by the Islamist movement Hamas. In a televised statement, the Israeli prime minister said the country is at war. EPA-EFE\\\/MOHAMMED SABER (MaxPPP TagID: maxnewsfrfive278462.jpg) [Photo via MaxPPP]\"},{\"@type\":\"BreadcrumbList\",\"@id\":\"https:\\\/\\\/lasentinelle.dz\\\/index.php\\\/2024\\\/10\\\/15\\\/liban-lentite-sioniste-elargit-son-agression\\\/#breadcrumb\",\"itemListElement\":[{\"@type\":\"ListItem\",\"position\":1,\"name\":\"Accueil\",\"item\":\"https:\\\/\\\/lasentinelle.dz\\\/\"},{\"@type\":\"ListItem\",\"position\":2,\"name\":\"Liban: L\u2019entit\u00e9 sioniste \u00e9largit son agression\"}]},{\"@type\":\"WebSite\",\"@id\":\"https:\\\/\\\/lasentinelle.dz\\\/#website\",\"url\":\"https:\\\/\\\/lasentinelle.dz\\\/\",\"name\":\"La Sentinelle\",\"description\":\"Quotidien national d&#039;information\",\"publisher\":{\"@id\":\"https:\\\/\\\/lasentinelle.dz\\\/#organization\"},\"potentialAction\":[{\"@type\":\"SearchAction\",\"target\":{\"@type\":\"EntryPoint\",\"urlTemplate\":\"https:\\\/\\\/lasentinelle.dz\\\/?s={search_term_string}\"},\"query-input\":{\"@type\":\"PropertyValueSpecification\",\"valueRequired\":true,\"valueName\":\"search_term_string\"}}],\"inLanguage\":\"fr-FR\"},{\"@type\":\"Organization\",\"@id\":\"https:\\\/\\\/lasentinelle.dz\\\/#organization\",\"name\":\"Quotidien La Sentinelle\",\"url\":\"https:\\\/\\\/lasentinelle.dz\\\/\",\"logo\":{\"@type\":\"ImageObject\",\"inLanguage\":\"fr-FR\",\"@id\":\"https:\\\/\\\/lasentinelle.dz\\\/#\\\/schema\\\/logo\\\/image\\\/\",\"url\":\"https:\\\/\\\/lasentinelle.dz\\\/wp-content\\\/uploads\\\/2021\\\/09\\\/logo-sentinelleSLOGAN-1.png\",\"contentUrl\":\"https:\\\/\\\/lasentinelle.dz\\\/wp-content\\\/uploads\\\/2021\\\/09\\\/logo-sentinelleSLOGAN-1.png\",\"width\":615,\"height\":142,\"caption\":\"Quotidien La Sentinelle\"},\"image\":{\"@id\":\"https:\\\/\\\/lasentinelle.dz\\\/#\\\/schema\\\/logo\\\/image\\\/\"},\"sameAs\":[\"https:\\\/\\\/www.facebook.com\\\/La-Sentinelle-104059864394773\"]},{\"@type\":\"Person\",\"@id\":\"https:\\\/\\\/lasentinelle.dz\\\/#\\\/schema\\\/person\\\/729ee0024f24e0b8c5ec17232f8e8b41\",\"name\":\"admin\",\"image\":{\"@type\":\"ImageObject\",\"inLanguage\":\"fr-FR\",\"@id\":\"https:\\\/\\\/secure.gravatar.com\\\/avatar\\\/4c81fed838786e9b53f540bf46533e750f5d292099ae3b66cfc6fb1982e29df7?s=96&d=mm&r=g\",\"url\":\"https:\\\/\\\/secure.gravatar.com\\\/avatar\\\/4c81fed838786e9b53f540bf46533e750f5d292099ae3b66cfc6fb1982e29df7?s=96&d=mm&r=g\",\"contentUrl\":\"https:\\\/\\\/secure.gravatar.com\\\/avatar\\\/4c81fed838786e9b53f540bf46533e750f5d292099ae3b66cfc6fb1982e29df7?s=96&d=mm&r=g\",\"caption\":\"admin\"},\"description\":\"admin\",\"url\":\"https:\\\/\\\/lasentinelle.dz\\\/author\\\/admin\\\/\"}]}<\/script>\n<!-- \/ Yoast SEO plugin. -->","yoast_head_json":{"title":"Liban: L\u2019entit\u00e9 sioniste \u00e9largit son agression - La Sentinelle","robots":{"index":"index","follow":"follow","max-snippet":"max-snippet:-1","max-image-preview":"max-image-preview:large","max-video-preview":"max-video-preview:-1"},"canonical":"https:\/\/lasentinelle.dz\/index.php\/2024\/10\/15\/liban-lentite-sioniste-elargit-son-agression\/","og_locale":"fr_FR","og_type":"article","og_title":"Liban: L\u2019entit\u00e9 sioniste \u00e9largit son agression - La Sentinelle","og_description":"Le Liban se trouve dans une situation critique alors que l&rsquo;entit\u00e9 sioniste intensifie ses agressions contre le pays depuis plus","og_url":"https:\/\/lasentinelle.dz\/index.php\/2024\/10\/15\/liban-lentite-sioniste-elargit-son-agression\/","og_site_name":"La Sentinelle","article_publisher":"https:\/\/www.facebook.com\/La-Sentinelle-104059864394773","article_published_time":"2024-10-15T21:05:43+00:00","article_modified_time":"2024-10-21T21:06:28+00:00","og_image":[{"width":1200,"height":500,"url":"https:\/\/lasentinelle.dz\/wp-content\/uploads\/2024\/10\/Liban.jpg","type":"image\/jpeg"}],"author":"admin","twitter_card":"summary_large_image","twitter_misc":{"\u00c9crit par":"admin","Dur\u00e9e de lecture estim\u00e9e":"4 minutes"},"schema":{"@context":"https:\/\/schema.org","@graph":[{"@type":"Article","@id":"https:\/\/lasentinelle.dz\/index.php\/2024\/10\/15\/liban-lentite-sioniste-elargit-son-agression\/#article","isPartOf":{"@id":"https:\/\/lasentinelle.dz\/index.php\/2024\/10\/15\/liban-lentite-sioniste-elargit-son-agression\/"},"author":{"name":"admin","@id":"https:\/\/lasentinelle.dz\/#\/schema\/person\/729ee0024f24e0b8c5ec17232f8e8b41"},"headline":"Liban: L\u2019entit\u00e9 sioniste \u00e9largit son agression","datePublished":"2024-10-15T21:05:43+00:00","dateModified":"2024-10-21T21:06:28+00:00","mainEntityOfPage":{"@id":"https:\/\/lasentinelle.dz\/index.php\/2024\/10\/15\/liban-lentite-sioniste-elargit-son-agression\/"},"wordCount":664,"commentCount":0,"publisher":{"@id":"https:\/\/lasentinelle.dz\/#organization"},"image":{"@id":"https:\/\/lasentinelle.dz\/index.php\/2024\/10\/15\/liban-lentite-sioniste-elargit-son-agression\/#primaryimage"},"thumbnailUrl":"https:\/\/lasentinelle.dz\/wp-content\/uploads\/2024\/10\/Liban.jpg","articleSection":["Actualit\u00e9"],"inLanguage":"fr-FR","potentialAction":[{"@type":"CommentAction","name":"Comment","target":["https:\/\/lasentinelle.dz\/index.php\/2024\/10\/15\/liban-lentite-sioniste-elargit-son-agression\/#respond"]}]},{"@type":"WebPage","@id":"https:\/\/lasentinelle.dz\/index.php\/2024\/10\/15\/liban-lentite-sioniste-elargit-son-agression\/","url":"https:\/\/lasentinelle.dz\/index.php\/2024\/10\/15\/liban-lentite-sioniste-elargit-son-agression\/","name":"Liban: L\u2019entit\u00e9 sioniste \u00e9largit son agression - La Sentinelle","isPartOf":{"@id":"https:\/\/lasentinelle.dz\/#website"},"primaryImageOfPage":{"@id":"https:\/\/lasentinelle.dz\/index.php\/2024\/10\/15\/liban-lentite-sioniste-elargit-son-agression\/#primaryimage"},"image":{"@id":"https:\/\/lasentinelle.dz\/index.php\/2024\/10\/15\/liban-lentite-sioniste-elargit-son-agression\/#primaryimage"},"thumbnailUrl":"https:\/\/lasentinelle.dz\/wp-content\/uploads\/2024\/10\/Liban.jpg","datePublished":"2024-10-15T21:05:43+00:00","dateModified":"2024-10-21T21:06:28+00:00","breadcrumb":{"@id":"https:\/\/lasentinelle.dz\/index.php\/2024\/10\/15\/liban-lentite-sioniste-elargit-son-agression\/#breadcrumb"},"inLanguage":"fr-FR","potentialAction":[{"@type":"ReadAction","target":["https:\/\/lasentinelle.dz\/index.php\/2024\/10\/15\/liban-lentite-sioniste-elargit-son-agression\/"]}]},{"@type":"ImageObject","inLanguage":"fr-FR","@id":"https:\/\/lasentinelle.dz\/index.php\/2024\/10\/15\/liban-lentite-sioniste-elargit-son-agression\/#primaryimage","url":"https:\/\/lasentinelle.dz\/wp-content\/uploads\/2024\/10\/Liban.jpg","contentUrl":"https:\/\/lasentinelle.dz\/wp-content\/uploads\/2024\/10\/Liban.jpg","width":1200,"height":500,"caption":"\u00a9MOHAMMED SABER\/EPA\/MAXPPP - epaselect epa10906107 Smoke rises after Israeli warplanes targeted the Palestine tower in Gaza City, 07 October 2023. Rocket barrages were launched from the Gaza Strip early 07 October in a surprise attack claimed by the Islamist movement Hamas. In a televised statement, the Israeli prime minister said the country is at war. EPA-EFE\/MOHAMMED SABER (MaxPPP TagID: maxnewsfrfive278462.jpg) [Photo via MaxPPP]"},{"@type":"BreadcrumbList","@id":"https:\/\/lasentinelle.dz\/index.php\/2024\/10\/15\/liban-lentite-sioniste-elargit-son-agression\/#breadcrumb","itemListElement":[{"@type":"ListItem","position":1,"name":"Accueil","item":"https:\/\/lasentinelle.dz\/"},{"@type":"ListItem","position":2,"name":"Liban: L\u2019entit\u00e9 sioniste \u00e9largit son agression"}]},{"@type":"WebSite","@id":"https:\/\/lasentinelle.dz\/#website","url":"https:\/\/lasentinelle.dz\/","name":"La Sentinelle","description":"Quotidien national d&#039;information","publisher":{"@id":"https:\/\/lasentinelle.dz\/#organization"},"potentialAction":[{"@type":"SearchAction","target":{"@type":"EntryPoint","urlTemplate":"https:\/\/lasentinelle.dz\/?s={search_term_string}"},"query-input":{"@type":"PropertyValueSpecification","valueRequired":true,"valueName":"search_term_string"}}],"inLanguage":"fr-FR"},{"@type":"Organization","@id":"https:\/\/lasentinelle.dz\/#organization","name":"Quotidien La Sentinelle","url":"https:\/\/lasentinelle.dz\/","logo":{"@type":"ImageObject","inLanguage":"fr-FR","@id":"https:\/\/lasentinelle.dz\/#\/schema\/logo\/image\/","url":"https:\/\/lasentinelle.dz\/wp-content\/uploads\/2021\/09\/logo-sentinelleSLOGAN-1.png","contentUrl":"https:\/\/lasentinelle.dz\/wp-content\/uploads\/2021\/09\/logo-sentinelleSLOGAN-1.png","width":615,"height":142,"caption":"Quotidien La Sentinelle"},"image":{"@id":"https:\/\/lasentinelle.dz\/#\/schema\/logo\/image\/"},"sameAs":["https:\/\/www.facebook.com\/La-Sentinelle-104059864394773"]},{"@type":"Person","@id":"https:\/\/lasentinelle.dz\/#\/schema\/person\/729ee0024f24e0b8c5ec17232f8e8b41","name":"admin","image":{"@type":"ImageObject","inLanguage":"fr-FR","@id":"https:\/\/secure.gravatar.com\/avatar\/4c81fed838786e9b53f540bf46533e750f5d292099ae3b66cfc6fb1982e29df7?s=96&d=mm&r=g","url":"https:\/\/secure.gravatar.com\/avatar\/4c81fed838786e9b53f540bf46533e750f5d292099ae3b66cfc6fb1982e29df7?s=96&d=mm&r=g","contentUrl":"https:\/\/secure.gravatar.com\/avatar\/4c81fed838786e9b53f540bf46533e750f5d292099ae3b66cfc6fb1982e29df7?s=96&d=mm&r=g","caption":"admin"},"description":"admin","url":"https:\/\/lasentinelle.dz\/author\/admin\/"}]}},"_links":{"self":[{"href":"https:\/\/lasentinelle.dz\/index.php\/wp-json\/wp\/v2\/posts\/58500","targetHints":{"allow":["GET"]}}],"collection":[{"href":"https:\/\/lasentinelle.dz\/index.php\/wp-json\/wp\/v2\/posts"}],"about":[{"href":"https:\/\/lasentinelle.dz\/index.php\/wp-json\/wp\/v2\/types\/post"}],"author":[{"embeddable":true,"href":"https:\/\/lasentinelle.dz\/index.php\/wp-json\/wp\/v2\/users\/6"}],"replies":[{"embeddable":true,"href":"https:\/\/lasentinelle.dz\/index.php\/wp-json\/wp\/v2\/comments?post=58500"}],"version-history":[{"count":1,"href":"https:\/\/lasentinelle.dz\/index.php\/wp-json\/wp\/v2\/posts\/58500\/revisions"}],"predecessor-version":[{"id":58501,"href":"https:\/\/lasentinelle.dz\/index.php\/wp-json\/wp\/v2\/posts\/58500\/revisions\/58501"}],"wp:featuredmedia":[{"embeddable":true,"href":"https:\/\/lasentinelle.dz\/index.php\/wp-json\/wp\/v2\/media\/58145"}],"wp:attachment":[{"href":"https:\/\/lasentinelle.dz\/index.php\/wp-json\/wp\/v2\/media?parent=58500"}],"wp:term":[{"taxonomy":"category","embeddable":true,"href":"https:\/\/lasentinelle.dz\/index.php\/wp-json\/wp\/v2\/categories?post=58500"},{"taxonomy":"post_tag","embeddable":true,"href":"https:\/\/lasentinelle.dz\/index.php\/wp-json\/wp\/v2\/tags?post=58500"}],"curies":[{"name":"wp","href":"https:\/\/api.w.org\/{rel}","templated":true}]}}