{"id":58505,"date":"2024-10-15T22:07:35","date_gmt":"2024-10-15T21:07:35","guid":{"rendered":"https:\/\/lasentinelle.dz\/?p=58505"},"modified":"2024-10-21T22:08:38","modified_gmt":"2024-10-21T21:08:38","slug":"alors-que-le-maroc-est-au-bord-de-lexplosion-sociale-attaque-contre-le-cortege-de-mohamed-vi","status":"publish","type":"post","link":"https:\/\/lasentinelle.dz\/index.php\/2024\/10\/15\/alors-que-le-maroc-est-au-bord-de-lexplosion-sociale-attaque-contre-le-cortege-de-mohamed-vi\/","title":{"rendered":"Alors que le Maroc est au bord de l\u2019explosion sociale: Attaque contre le cort\u00e8ge de Mohamed VI"},"content":{"rendered":"\n<p>Dans un climat social de plus en plus tendu au Maroc, un incident sans pr\u00e9c\u00e9dent est venu \u00e9branler le royaume ch\u00e9rifien. Vendredi, le cort\u00e8ge du roi Mohammed VI a \u00e9t\u00e9 la cible d&rsquo;une attaque au cocktail Molotov alors qu&rsquo;il se rendait au Parlement \u00e0 Rabat. Cet \u00e9v\u00e9nement, bien que rapidement \u00e9touff\u00e9 par les autorit\u00e9s, met en lumi\u00e8re les profonds malaises qui secouent le pays.<\/p>\n\n\n\n<p>L&rsquo;attaque, perp\u00e9tr\u00e9e par un jeune homme identifi\u00e9 comme Moncef El Yagoubi, agriculteur de 25 ans originaire de la r\u00e9gion de K\u00e9nitra, a \u00e9t\u00e9 film\u00e9e et partag\u00e9e sur les r\u00e9seaux sociaux par des opposants au r\u00e9gime. Bien que le roi n&rsquo;ait pas \u00e9t\u00e9 bless\u00e9, cet acte rev\u00eat une port\u00e9e symbolique consid\u00e9rable dans un pays o\u00f9 la figure du monarque est traditionnellement intouchable. Les autorit\u00e9s marocaines ont r\u00e9agi rapidement, arr\u00eatant le suspect deux jours apr\u00e8s les faits. Dans une tentative apparente d&rsquo;\u00e9touffer l&rsquo;affaire, elles ont contraint les m\u00e9dias locaux ayant relay\u00e9 l&rsquo;information \u00e0 la supprimer. Cette censure, d\u00e9nonc\u00e9e par le journaliste espagnol Ignacio Cembrero, t\u00e9moigne de la nervosit\u00e9 du pouvoir face \u00e0 un acte qui pourrait inspirer d&rsquo;autres manifestations de m\u00e9contentement.<\/p>\n\n\n\n<p>L&rsquo;incident survient dans un contexte de tensions sociales croissantes au Maroc. Selon un rapport r\u00e9cent de l&rsquo;Observatoire du Travail gouvernemental (OTRAGO), le pays fait face \u00e0 une s\u00e9rie de crises interconnect\u00e9es qui mettent \u00e0 rude \u00e9preuve le Maroc et surtout sa population. Le m\u00e9contentement populaire se cristallise d\u2019ailleurs contre l\u2019ampleur de la corruption. Qualifi\u00e9e d'\u00a0\u00bbogre affam\u00e9\u00a0\u00bb par l&rsquo;OTRAGO, la corruption co\u00fbterait annuellement plus de 50 milliards de dirhams \u00e0 l&rsquo;\u00c9tat marocain. Le pays a chut\u00e9 de la 73e \u00e0 la 97e place dans l&rsquo;Indice de Perception de la Corruption en seulement cinq ans, \u00e9rodant la confiance des citoyens envers leurs institutions. La corruption aggrave d\u2019ailleurs la crise de gouvernance du Maroc, dans un contexte o\u00f9 le r\u00e9gime s\u2019illustre par la non gestion de la grave crise \u00e9conomique et sociale qui affecte le royaume. Une crise qui a fini par drainer le citoyen marocain. Avec un taux de ch\u00f4mage national d\u00e9passant les 13,7%, le Maroc peine \u00e0 cr\u00e9er des opportunit\u00e9s pour sa jeunesse. Plus inqui\u00e9tant encore, plus d&rsquo;un million et demi de jeunes Marocains sont class\u00e9s comme NEET (ni en emploi, ni en formation, ni en \u00e9ducation), illustrant l&rsquo;ampleur du d\u00e9fi social auquel le pays est confront\u00e9. La flamb\u00e9e des prix des denr\u00e9es alimentaires et de l&rsquo;\u00e9nergie \u00e9rode le pouvoir d&rsquo;achat des Marocains, alimentant un m\u00e9contentement social grandissant et des revendications pour des hausses de salaires. Le r\u00e9gime des pensions civiles pourrait s&rsquo;effondrer d&rsquo;ici 2028, n\u00e9cessitant des r\u00e9formes urgentes mais impopulaires. Les propositions du gouvernement, jug\u00e9es insuffisantes par les syndicats, risquent d&rsquo;exacerber les tensions sociales. La mont\u00e9e des revendications pour des hausses de salaires et une am\u00e9lioration des conditions de vie met le gouvernement sous une pression constante, estime l&rsquo;Observatoire, qui souligne que le pouvoir d&rsquo;achat des citoyens, d\u00e9j\u00e0 affaibli par la flamb\u00e9e des prix des denr\u00e9es alimentaires et de l&rsquo;\u00e9nergie, est gravement menac\u00e9.<\/p>\n\n\n\n<p>Enfin, les changements climatiques et la raret\u00e9 des ressources hydriques font peser une menace existentielle sur le Maroc. Les pr\u00e9visions indiquent une augmentation de 30% de la demande en eau d&rsquo;ici 2030, dans un pays d\u00e9j\u00e0 en stress hydrique.<\/p>\n\n\n\n<p>Dans le secteur agricole, durement touch\u00e9 par la s\u00e9cheresse, la perte de plus de 160 000 emplois illustre l&rsquo;urgence d&rsquo;actions gouvernementales concr\u00e8tes pour soutenir un secteur vital de l&rsquo;\u00e9conomie marocaine. L&rsquo;incident du cort\u00e8ge royal intervient alors que Mohammed VI se rendait au Parlement pour, selon l&rsquo;opposant Badr El Aidoudi, \u00ab\u00a0s&rsquo;adresser aux d\u00e9put\u00e9s et leur ordonner de se mobiliser pleinement pour trouver des pr\u00e9textes pour l\u00e9gitimer son occupation du Sahara occidental\u00a0\u00bb. Cette d\u00e9claration souligne les tensions politiques qui<\/p>\n\n\n\n<p>L&rsquo;attaque contre le cort\u00e8ge royal, qualifi\u00e9e de \u00ab\u00a0pr\u00e9c\u00e9dent jamais enregistr\u00e9 au Maroc\u00a0\u00bb par Badr El Aidoudi, r\u00e9v\u00e8le la profondeur du malaise social. Le placement rapide de l&rsquo;auteur pr\u00e9sum\u00e9 dans un h\u00f4pital psychiatrique, \u00ab\u00a0sans aucune expertise m\u00e9dicale ni couverture m\u00e9diatique\u00a0\u00bb, selon l&rsquo;opposant, soul\u00e8ve des questions sur la gestion de l&rsquo;incident par les autorit\u00e9s. El Aidoudi estime que le roi \u00ab\u00a0craint que ce jeune devienne un h\u00e9ros et un exemple pour tous les jeunes marocains dans la lutte contre la monarchie\u00a0\u00bb. Cette crainte refl\u00e8te la conscience du pouvoir quant \u00e0 la fragilit\u00e9 de sa position face \u00e0 une population de plus en plus m\u00e9contente.<\/p>\n\n\n\n<p>Lyes Sa\u00efdi<\/p>\n","protected":false},"excerpt":{"rendered":"<p>Dans un climat social de plus en plus tendu au Maroc, un incident sans pr\u00e9c\u00e9dent est venu \u00e9branler le royaume<\/p>\n","protected":false},"author":6,"featured_media":58506,"comment_status":"open","ping_status":"closed","sticky":false,"template":"","format":"standard","meta":{"colormag_page_container_layout":"default_layout","colormag_page_sidebar_layout":"default_layout","om_disable_all_campaigns":false,"_monsterinsights_skip_tracking":false,"_monsterinsights_sitenote_active":false,"_monsterinsights_sitenote_note":"","_monsterinsights_sitenote_category":0,"footnotes":"","_wpscppro_dont_share_socialmedia":false,"_wpscppro_custom_social_share_image":0,"_facebook_share_type":"default","_twitter_share_type":"default","_linkedin_share_type":"default","_pinterest_share_type":"default","_linkedin_share_type_page":"","_instagram_share_type":"default","_medium_share_type":"default","_threads_share_type":"","_google_business_share_type":"","_selected_social_profile":[],"_wpsp_enable_custom_social_template":false,"_wpsp_social_scheduling":{"enabled":false,"datetime":null,"platforms":[],"status":"template_only","dateOption":"today","timeOption":"now","customDays":"","customHours":"","customDate":"","customTime":"","schedulingType":"absolute"},"_wpsp_active_default_template":true},"categories":[52,27],"tags":[],"class_list":["post-58505","post","type-post","status-publish","format-standard","has-post-thumbnail","hentry","category-a-la-une","category-actualite"],"aioseo_notices":[],"yoast_head":"<!-- This site is optimized with the Yoast SEO plugin v27.5 - https:\/\/yoast.com\/product\/yoast-seo-wordpress\/ -->\n<title>Alors que le Maroc est au bord de l\u2019explosion sociale: Attaque contre le cort\u00e8ge de Mohamed VI - La Sentinelle<\/title>\n<meta name=\"robots\" content=\"index, follow, max-snippet:-1, max-image-preview:large, max-video-preview:-1\" \/>\n<link rel=\"canonical\" href=\"https:\/\/lasentinelle.dz\/index.php\/2024\/10\/15\/alors-que-le-maroc-est-au-bord-de-lexplosion-sociale-attaque-contre-le-cortege-de-mohamed-vi\/\" \/>\n<meta property=\"og:locale\" content=\"fr_FR\" \/>\n<meta property=\"og:type\" content=\"article\" \/>\n<meta property=\"og:title\" content=\"Alors que le Maroc est au bord de l\u2019explosion sociale: Attaque contre le cort\u00e8ge de Mohamed VI - La Sentinelle\" \/>\n<meta property=\"og:description\" content=\"Dans un climat social de plus en plus tendu au Maroc, un incident sans pr\u00e9c\u00e9dent est venu \u00e9branler le royaume\" \/>\n<meta property=\"og:url\" content=\"https:\/\/lasentinelle.dz\/index.php\/2024\/10\/15\/alors-que-le-maroc-est-au-bord-de-lexplosion-sociale-attaque-contre-le-cortege-de-mohamed-vi\/\" \/>\n<meta property=\"og:site_name\" content=\"La Sentinelle\" \/>\n<meta property=\"article:publisher\" content=\"https:\/\/www.facebook.com\/La-Sentinelle-104059864394773\" \/>\n<meta property=\"article:published_time\" content=\"2024-10-15T21:07:35+00:00\" \/>\n<meta property=\"article:modified_time\" content=\"2024-10-21T21:08:38+00:00\" \/>\n<meta property=\"og:image\" content=\"https:\/\/lasentinelle.dz\/wp-content\/uploads\/2024\/10\/M6.jpg\" \/>\n\t<meta property=\"og:image:width\" content=\"500\" \/>\n\t<meta property=\"og:image:height\" content=\"250\" \/>\n\t<meta property=\"og:image:type\" content=\"image\/jpeg\" \/>\n<meta name=\"author\" content=\"admin\" \/>\n<meta name=\"twitter:card\" content=\"summary_large_image\" \/>\n<meta name=\"twitter:label1\" content=\"\u00c9crit par\" \/>\n\t<meta name=\"twitter:data1\" content=\"admin\" \/>\n\t<meta name=\"twitter:label2\" content=\"Dur\u00e9e de lecture estim\u00e9e\" \/>\n\t<meta name=\"twitter:data2\" content=\"4 minutes\" \/>\n<script type=\"application\/ld+json\" class=\"yoast-schema-graph\">{\"@context\":\"https:\\\/\\\/schema.org\",\"@graph\":[{\"@type\":\"Article\",\"@id\":\"https:\\\/\\\/lasentinelle.dz\\\/index.php\\\/2024\\\/10\\\/15\\\/alors-que-le-maroc-est-au-bord-de-lexplosion-sociale-attaque-contre-le-cortege-de-mohamed-vi\\\/#article\",\"isPartOf\":{\"@id\":\"https:\\\/\\\/lasentinelle.dz\\\/index.php\\\/2024\\\/10\\\/15\\\/alors-que-le-maroc-est-au-bord-de-lexplosion-sociale-attaque-contre-le-cortege-de-mohamed-vi\\\/\"},\"author\":{\"name\":\"admin\",\"@id\":\"https:\\\/\\\/lasentinelle.dz\\\/#\\\/schema\\\/person\\\/729ee0024f24e0b8c5ec17232f8e8b41\"},\"headline\":\"Alors que le Maroc est au bord de l\u2019explosion sociale: Attaque contre le cort\u00e8ge de Mohamed VI\",\"datePublished\":\"2024-10-15T21:07:35+00:00\",\"dateModified\":\"2024-10-21T21:08:38+00:00\",\"mainEntityOfPage\":{\"@id\":\"https:\\\/\\\/lasentinelle.dz\\\/index.php\\\/2024\\\/10\\\/15\\\/alors-que-le-maroc-est-au-bord-de-lexplosion-sociale-attaque-contre-le-cortege-de-mohamed-vi\\\/\"},\"wordCount\":825,\"commentCount\":0,\"publisher\":{\"@id\":\"https:\\\/\\\/lasentinelle.dz\\\/#organization\"},\"image\":{\"@id\":\"https:\\\/\\\/lasentinelle.dz\\\/index.php\\\/2024\\\/10\\\/15\\\/alors-que-le-maroc-est-au-bord-de-lexplosion-sociale-attaque-contre-le-cortege-de-mohamed-vi\\\/#primaryimage\"},\"thumbnailUrl\":\"https:\\\/\\\/lasentinelle.dz\\\/wp-content\\\/uploads\\\/2024\\\/10\\\/M6.jpg\",\"articleSection\":[\"\u00c0 la Une\",\"Actualit\u00e9\"],\"inLanguage\":\"fr-FR\",\"potentialAction\":[{\"@type\":\"CommentAction\",\"name\":\"Comment\",\"target\":[\"https:\\\/\\\/lasentinelle.dz\\\/index.php\\\/2024\\\/10\\\/15\\\/alors-que-le-maroc-est-au-bord-de-lexplosion-sociale-attaque-contre-le-cortege-de-mohamed-vi\\\/#respond\"]}]},{\"@type\":\"WebPage\",\"@id\":\"https:\\\/\\\/lasentinelle.dz\\\/index.php\\\/2024\\\/10\\\/15\\\/alors-que-le-maroc-est-au-bord-de-lexplosion-sociale-attaque-contre-le-cortege-de-mohamed-vi\\\/\",\"url\":\"https:\\\/\\\/lasentinelle.dz\\\/index.php\\\/2024\\\/10\\\/15\\\/alors-que-le-maroc-est-au-bord-de-lexplosion-sociale-attaque-contre-le-cortege-de-mohamed-vi\\\/\",\"name\":\"Alors que le Maroc est au bord de l\u2019explosion sociale: Attaque contre le cort\u00e8ge de Mohamed VI - La Sentinelle\",\"isPartOf\":{\"@id\":\"https:\\\/\\\/lasentinelle.dz\\\/#website\"},\"primaryImageOfPage\":{\"@id\":\"https:\\\/\\\/lasentinelle.dz\\\/index.php\\\/2024\\\/10\\\/15\\\/alors-que-le-maroc-est-au-bord-de-lexplosion-sociale-attaque-contre-le-cortege-de-mohamed-vi\\\/#primaryimage\"},\"image\":{\"@id\":\"https:\\\/\\\/lasentinelle.dz\\\/index.php\\\/2024\\\/10\\\/15\\\/alors-que-le-maroc-est-au-bord-de-lexplosion-sociale-attaque-contre-le-cortege-de-mohamed-vi\\\/#primaryimage\"},\"thumbnailUrl\":\"https:\\\/\\\/lasentinelle.dz\\\/wp-content\\\/uploads\\\/2024\\\/10\\\/M6.jpg\",\"datePublished\":\"2024-10-15T21:07:35+00:00\",\"dateModified\":\"2024-10-21T21:08:38+00:00\",\"breadcrumb\":{\"@id\":\"https:\\\/\\\/lasentinelle.dz\\\/index.php\\\/2024\\\/10\\\/15\\\/alors-que-le-maroc-est-au-bord-de-lexplosion-sociale-attaque-contre-le-cortege-de-mohamed-vi\\\/#breadcrumb\"},\"inLanguage\":\"fr-FR\",\"potentialAction\":[{\"@type\":\"ReadAction\",\"target\":[\"https:\\\/\\\/lasentinelle.dz\\\/index.php\\\/2024\\\/10\\\/15\\\/alors-que-le-maroc-est-au-bord-de-lexplosion-sociale-attaque-contre-le-cortege-de-mohamed-vi\\\/\"]}]},{\"@type\":\"ImageObject\",\"inLanguage\":\"fr-FR\",\"@id\":\"https:\\\/\\\/lasentinelle.dz\\\/index.php\\\/2024\\\/10\\\/15\\\/alors-que-le-maroc-est-au-bord-de-lexplosion-sociale-attaque-contre-le-cortege-de-mohamed-vi\\\/#primaryimage\",\"url\":\"https:\\\/\\\/lasentinelle.dz\\\/wp-content\\\/uploads\\\/2024\\\/10\\\/M6.jpg\",\"contentUrl\":\"https:\\\/\\\/lasentinelle.dz\\\/wp-content\\\/uploads\\\/2024\\\/10\\\/M6.jpg\",\"width\":500,\"height\":250},{\"@type\":\"BreadcrumbList\",\"@id\":\"https:\\\/\\\/lasentinelle.dz\\\/index.php\\\/2024\\\/10\\\/15\\\/alors-que-le-maroc-est-au-bord-de-lexplosion-sociale-attaque-contre-le-cortege-de-mohamed-vi\\\/#breadcrumb\",\"itemListElement\":[{\"@type\":\"ListItem\",\"position\":1,\"name\":\"Accueil\",\"item\":\"https:\\\/\\\/lasentinelle.dz\\\/\"},{\"@type\":\"ListItem\",\"position\":2,\"name\":\"Alors que le Maroc est au bord de l\u2019explosion sociale: Attaque contre le cort\u00e8ge de Mohamed VI\"}]},{\"@type\":\"WebSite\",\"@id\":\"https:\\\/\\\/lasentinelle.dz\\\/#website\",\"url\":\"https:\\\/\\\/lasentinelle.dz\\\/\",\"name\":\"La Sentinelle\",\"description\":\"Quotidien national d&#039;information\",\"publisher\":{\"@id\":\"https:\\\/\\\/lasentinelle.dz\\\/#organization\"},\"potentialAction\":[{\"@type\":\"SearchAction\",\"target\":{\"@type\":\"EntryPoint\",\"urlTemplate\":\"https:\\\/\\\/lasentinelle.dz\\\/?s={search_term_string}\"},\"query-input\":{\"@type\":\"PropertyValueSpecification\",\"valueRequired\":true,\"valueName\":\"search_term_string\"}}],\"inLanguage\":\"fr-FR\"},{\"@type\":\"Organization\",\"@id\":\"https:\\\/\\\/lasentinelle.dz\\\/#organization\",\"name\":\"Quotidien La Sentinelle\",\"url\":\"https:\\\/\\\/lasentinelle.dz\\\/\",\"logo\":{\"@type\":\"ImageObject\",\"inLanguage\":\"fr-FR\",\"@id\":\"https:\\\/\\\/lasentinelle.dz\\\/#\\\/schema\\\/logo\\\/image\\\/\",\"url\":\"https:\\\/\\\/lasentinelle.dz\\\/wp-content\\\/uploads\\\/2021\\\/09\\\/logo-sentinelleSLOGAN-1.png\",\"contentUrl\":\"https:\\\/\\\/lasentinelle.dz\\\/wp-content\\\/uploads\\\/2021\\\/09\\\/logo-sentinelleSLOGAN-1.png\",\"width\":615,\"height\":142,\"caption\":\"Quotidien La Sentinelle\"},\"image\":{\"@id\":\"https:\\\/\\\/lasentinelle.dz\\\/#\\\/schema\\\/logo\\\/image\\\/\"},\"sameAs\":[\"https:\\\/\\\/www.facebook.com\\\/La-Sentinelle-104059864394773\"]},{\"@type\":\"Person\",\"@id\":\"https:\\\/\\\/lasentinelle.dz\\\/#\\\/schema\\\/person\\\/729ee0024f24e0b8c5ec17232f8e8b41\",\"name\":\"admin\",\"image\":{\"@type\":\"ImageObject\",\"inLanguage\":\"fr-FR\",\"@id\":\"https:\\\/\\\/secure.gravatar.com\\\/avatar\\\/4c81fed838786e9b53f540bf46533e750f5d292099ae3b66cfc6fb1982e29df7?s=96&d=mm&r=g\",\"url\":\"https:\\\/\\\/secure.gravatar.com\\\/avatar\\\/4c81fed838786e9b53f540bf46533e750f5d292099ae3b66cfc6fb1982e29df7?s=96&d=mm&r=g\",\"contentUrl\":\"https:\\\/\\\/secure.gravatar.com\\\/avatar\\\/4c81fed838786e9b53f540bf46533e750f5d292099ae3b66cfc6fb1982e29df7?s=96&d=mm&r=g\",\"caption\":\"admin\"},\"description\":\"admin\",\"url\":\"https:\\\/\\\/lasentinelle.dz\\\/author\\\/admin\\\/\"}]}<\/script>\n<!-- \/ Yoast SEO plugin. -->","yoast_head_json":{"title":"Alors que le Maroc est au bord de l\u2019explosion sociale: Attaque contre le cort\u00e8ge de Mohamed VI - La Sentinelle","robots":{"index":"index","follow":"follow","max-snippet":"max-snippet:-1","max-image-preview":"max-image-preview:large","max-video-preview":"max-video-preview:-1"},"canonical":"https:\/\/lasentinelle.dz\/index.php\/2024\/10\/15\/alors-que-le-maroc-est-au-bord-de-lexplosion-sociale-attaque-contre-le-cortege-de-mohamed-vi\/","og_locale":"fr_FR","og_type":"article","og_title":"Alors que le Maroc est au bord de l\u2019explosion sociale: Attaque contre le cort\u00e8ge de Mohamed VI - La Sentinelle","og_description":"Dans un climat social de plus en plus tendu au Maroc, un incident sans pr\u00e9c\u00e9dent est venu \u00e9branler le royaume","og_url":"https:\/\/lasentinelle.dz\/index.php\/2024\/10\/15\/alors-que-le-maroc-est-au-bord-de-lexplosion-sociale-attaque-contre-le-cortege-de-mohamed-vi\/","og_site_name":"La Sentinelle","article_publisher":"https:\/\/www.facebook.com\/La-Sentinelle-104059864394773","article_published_time":"2024-10-15T21:07:35+00:00","article_modified_time":"2024-10-21T21:08:38+00:00","og_image":[{"width":500,"height":250,"url":"https:\/\/lasentinelle.dz\/wp-content\/uploads\/2024\/10\/M6.jpg","type":"image\/jpeg"}],"author":"admin","twitter_card":"summary_large_image","twitter_misc":{"\u00c9crit par":"admin","Dur\u00e9e de lecture estim\u00e9e":"4 minutes"},"schema":{"@context":"https:\/\/schema.org","@graph":[{"@type":"Article","@id":"https:\/\/lasentinelle.dz\/index.php\/2024\/10\/15\/alors-que-le-maroc-est-au-bord-de-lexplosion-sociale-attaque-contre-le-cortege-de-mohamed-vi\/#article","isPartOf":{"@id":"https:\/\/lasentinelle.dz\/index.php\/2024\/10\/15\/alors-que-le-maroc-est-au-bord-de-lexplosion-sociale-attaque-contre-le-cortege-de-mohamed-vi\/"},"author":{"name":"admin","@id":"https:\/\/lasentinelle.dz\/#\/schema\/person\/729ee0024f24e0b8c5ec17232f8e8b41"},"headline":"Alors que le Maroc est au bord de l\u2019explosion sociale: Attaque contre le cort\u00e8ge de Mohamed VI","datePublished":"2024-10-15T21:07:35+00:00","dateModified":"2024-10-21T21:08:38+00:00","mainEntityOfPage":{"@id":"https:\/\/lasentinelle.dz\/index.php\/2024\/10\/15\/alors-que-le-maroc-est-au-bord-de-lexplosion-sociale-attaque-contre-le-cortege-de-mohamed-vi\/"},"wordCount":825,"commentCount":0,"publisher":{"@id":"https:\/\/lasentinelle.dz\/#organization"},"image":{"@id":"https:\/\/lasentinelle.dz\/index.php\/2024\/10\/15\/alors-que-le-maroc-est-au-bord-de-lexplosion-sociale-attaque-contre-le-cortege-de-mohamed-vi\/#primaryimage"},"thumbnailUrl":"https:\/\/lasentinelle.dz\/wp-content\/uploads\/2024\/10\/M6.jpg","articleSection":["\u00c0 la Une","Actualit\u00e9"],"inLanguage":"fr-FR","potentialAction":[{"@type":"CommentAction","name":"Comment","target":["https:\/\/lasentinelle.dz\/index.php\/2024\/10\/15\/alors-que-le-maroc-est-au-bord-de-lexplosion-sociale-attaque-contre-le-cortege-de-mohamed-vi\/#respond"]}]},{"@type":"WebPage","@id":"https:\/\/lasentinelle.dz\/index.php\/2024\/10\/15\/alors-que-le-maroc-est-au-bord-de-lexplosion-sociale-attaque-contre-le-cortege-de-mohamed-vi\/","url":"https:\/\/lasentinelle.dz\/index.php\/2024\/10\/15\/alors-que-le-maroc-est-au-bord-de-lexplosion-sociale-attaque-contre-le-cortege-de-mohamed-vi\/","name":"Alors que le Maroc est au bord de l\u2019explosion sociale: Attaque contre le cort\u00e8ge de Mohamed VI - La Sentinelle","isPartOf":{"@id":"https:\/\/lasentinelle.dz\/#website"},"primaryImageOfPage":{"@id":"https:\/\/lasentinelle.dz\/index.php\/2024\/10\/15\/alors-que-le-maroc-est-au-bord-de-lexplosion-sociale-attaque-contre-le-cortege-de-mohamed-vi\/#primaryimage"},"image":{"@id":"https:\/\/lasentinelle.dz\/index.php\/2024\/10\/15\/alors-que-le-maroc-est-au-bord-de-lexplosion-sociale-attaque-contre-le-cortege-de-mohamed-vi\/#primaryimage"},"thumbnailUrl":"https:\/\/lasentinelle.dz\/wp-content\/uploads\/2024\/10\/M6.jpg","datePublished":"2024-10-15T21:07:35+00:00","dateModified":"2024-10-21T21:08:38+00:00","breadcrumb":{"@id":"https:\/\/lasentinelle.dz\/index.php\/2024\/10\/15\/alors-que-le-maroc-est-au-bord-de-lexplosion-sociale-attaque-contre-le-cortege-de-mohamed-vi\/#breadcrumb"},"inLanguage":"fr-FR","potentialAction":[{"@type":"ReadAction","target":["https:\/\/lasentinelle.dz\/index.php\/2024\/10\/15\/alors-que-le-maroc-est-au-bord-de-lexplosion-sociale-attaque-contre-le-cortege-de-mohamed-vi\/"]}]},{"@type":"ImageObject","inLanguage":"fr-FR","@id":"https:\/\/lasentinelle.dz\/index.php\/2024\/10\/15\/alors-que-le-maroc-est-au-bord-de-lexplosion-sociale-attaque-contre-le-cortege-de-mohamed-vi\/#primaryimage","url":"https:\/\/lasentinelle.dz\/wp-content\/uploads\/2024\/10\/M6.jpg","contentUrl":"https:\/\/lasentinelle.dz\/wp-content\/uploads\/2024\/10\/M6.jpg","width":500,"height":250},{"@type":"BreadcrumbList","@id":"https:\/\/lasentinelle.dz\/index.php\/2024\/10\/15\/alors-que-le-maroc-est-au-bord-de-lexplosion-sociale-attaque-contre-le-cortege-de-mohamed-vi\/#breadcrumb","itemListElement":[{"@type":"ListItem","position":1,"name":"Accueil","item":"https:\/\/lasentinelle.dz\/"},{"@type":"ListItem","position":2,"name":"Alors que le Maroc est au bord de l\u2019explosion sociale: Attaque contre le cort\u00e8ge de Mohamed VI"}]},{"@type":"WebSite","@id":"https:\/\/lasentinelle.dz\/#website","url":"https:\/\/lasentinelle.dz\/","name":"La Sentinelle","description":"Quotidien national d&#039;information","publisher":{"@id":"https:\/\/lasentinelle.dz\/#organization"},"potentialAction":[{"@type":"SearchAction","target":{"@type":"EntryPoint","urlTemplate":"https:\/\/lasentinelle.dz\/?s={search_term_string}"},"query-input":{"@type":"PropertyValueSpecification","valueRequired":true,"valueName":"search_term_string"}}],"inLanguage":"fr-FR"},{"@type":"Organization","@id":"https:\/\/lasentinelle.dz\/#organization","name":"Quotidien La Sentinelle","url":"https:\/\/lasentinelle.dz\/","logo":{"@type":"ImageObject","inLanguage":"fr-FR","@id":"https:\/\/lasentinelle.dz\/#\/schema\/logo\/image\/","url":"https:\/\/lasentinelle.dz\/wp-content\/uploads\/2021\/09\/logo-sentinelleSLOGAN-1.png","contentUrl":"https:\/\/lasentinelle.dz\/wp-content\/uploads\/2021\/09\/logo-sentinelleSLOGAN-1.png","width":615,"height":142,"caption":"Quotidien La Sentinelle"},"image":{"@id":"https:\/\/lasentinelle.dz\/#\/schema\/logo\/image\/"},"sameAs":["https:\/\/www.facebook.com\/La-Sentinelle-104059864394773"]},{"@type":"Person","@id":"https:\/\/lasentinelle.dz\/#\/schema\/person\/729ee0024f24e0b8c5ec17232f8e8b41","name":"admin","image":{"@type":"ImageObject","inLanguage":"fr-FR","@id":"https:\/\/secure.gravatar.com\/avatar\/4c81fed838786e9b53f540bf46533e750f5d292099ae3b66cfc6fb1982e29df7?s=96&d=mm&r=g","url":"https:\/\/secure.gravatar.com\/avatar\/4c81fed838786e9b53f540bf46533e750f5d292099ae3b66cfc6fb1982e29df7?s=96&d=mm&r=g","contentUrl":"https:\/\/secure.gravatar.com\/avatar\/4c81fed838786e9b53f540bf46533e750f5d292099ae3b66cfc6fb1982e29df7?s=96&d=mm&r=g","caption":"admin"},"description":"admin","url":"https:\/\/lasentinelle.dz\/author\/admin\/"}]}},"_links":{"self":[{"href":"https:\/\/lasentinelle.dz\/index.php\/wp-json\/wp\/v2\/posts\/58505","targetHints":{"allow":["GET"]}}],"collection":[{"href":"https:\/\/lasentinelle.dz\/index.php\/wp-json\/wp\/v2\/posts"}],"about":[{"href":"https:\/\/lasentinelle.dz\/index.php\/wp-json\/wp\/v2\/types\/post"}],"author":[{"embeddable":true,"href":"https:\/\/lasentinelle.dz\/index.php\/wp-json\/wp\/v2\/users\/6"}],"replies":[{"embeddable":true,"href":"https:\/\/lasentinelle.dz\/index.php\/wp-json\/wp\/v2\/comments?post=58505"}],"version-history":[{"count":1,"href":"https:\/\/lasentinelle.dz\/index.php\/wp-json\/wp\/v2\/posts\/58505\/revisions"}],"predecessor-version":[{"id":58507,"href":"https:\/\/lasentinelle.dz\/index.php\/wp-json\/wp\/v2\/posts\/58505\/revisions\/58507"}],"wp:featuredmedia":[{"embeddable":true,"href":"https:\/\/lasentinelle.dz\/index.php\/wp-json\/wp\/v2\/media\/58506"}],"wp:attachment":[{"href":"https:\/\/lasentinelle.dz\/index.php\/wp-json\/wp\/v2\/media?parent=58505"}],"wp:term":[{"taxonomy":"category","embeddable":true,"href":"https:\/\/lasentinelle.dz\/index.php\/wp-json\/wp\/v2\/categories?post=58505"},{"taxonomy":"post_tag","embeddable":true,"href":"https:\/\/lasentinelle.dz\/index.php\/wp-json\/wp\/v2\/tags?post=58505"}],"curies":[{"name":"wp","href":"https:\/\/api.w.org\/{rel}","templated":true}]}}