{"id":58541,"date":"2024-10-22T22:33:58","date_gmt":"2024-10-22T21:33:58","guid":{"rendered":"https:\/\/lasentinelle.dz\/?p=58541"},"modified":"2024-10-22T22:33:58","modified_gmt":"2024-10-22T21:33:58","slug":"cite-universitaire-ben-aknoun-garcons-a-alger-le-directeur-et-des-employes-places-en-detention-provisoire","status":"publish","type":"post","link":"https:\/\/lasentinelle.dz\/index.php\/2024\/10\/22\/cite-universitaire-ben-aknoun-garcons-a-alger-le-directeur-et-des-employes-places-en-detention-provisoire\/","title":{"rendered":"Cit\u00e9 universitaire Ben Aknoun (gar\u00e7ons) \u00e0 Alger: Le directeur et des employ\u00e9s plac\u00e9s en d\u00e9tention provisoire"},"content":{"rendered":"\n<p>Le juge d&rsquo;instruction de la quatri\u00e8me chambre pr\u00e8s le tribunal de Bir Mourad Rais a ordonn\u00e9 le placement du directeur de la cit\u00e9 universitaire gar\u00e7ons, de Ben Aknoun, en d\u00e9tention provisoire, \u00e0 la prison d&rsquo;El Harrach, ainsi que 9 autres pr\u00e9venus, nous confie une source judiciaire. Le m\u00eame magistrat a retenu la mesure du contr\u00f4le judiciaire \u00e0 l&rsquo;encontre de 20 autres sur les 46 individus d\u00e9f\u00e9r\u00e9s par devant la m\u00eame instance de justice, a ajout\u00e9 la m\u00eame source. Les pr\u00e9venus sont impliqu\u00e9s dans une affaire unique en son genre, car elle se rapporte \u00e0 la location de chambres d&rsquo;h\u00e9bergement universitaire \u00e0 des \u00e9trangers et des repris de justices, en \u00e9change de sommes d&rsquo;argent par nuit, a pr\u00e9cis\u00e9 notre source. Selon cette derni\u00e8re, la mise \u00e0 nu de cet agissement dangereux fait suite \u00e0 des informations parvenues au services de la police judiciaire, sur l&rsquo;activit\u00e9 suspecte de certains agents de s\u00e9curit\u00e9 en complicit\u00e9 avec des employ\u00e9s de la cit\u00e9 universitaire, au su et vu du directeur de la cit\u00e9 universitaire, a-t-on r\u00e9v\u00e9l\u00e9. Apr\u00e8s l&rsquo;exploitation des informations qui leur sont parvenues, les services de s\u00e9curit\u00e9 ont aussit\u00f4t engag\u00e9 des investigations qui ont confirm\u00e9 la v\u00e9racit\u00e9 de ces derni\u00e8res, nous dit-on. L&rsquo;op\u00e9ration de surveillance a r\u00e9v\u00e9l\u00e9 que les suspects avaient form\u00e9 un r\u00e9seau organis\u00e9 et ont foul\u00e9 au pied le principe d\u2019inviolabilit\u00e9 du campus universitaire et les lois de la R\u00e9publique, en h\u00e9bergeant ill\u00e9galement des \u00e9trangers et en leur fournissant des repas, tout comme les \u00e9tudiants universitaires, en \u00e9change de sommes d&rsquo;argent comme loyer, comme s&rsquo;il s&rsquo;agissait pour eux d&rsquo;un h\u00f4tel priv\u00e9, a d\u00e9taill\u00e9 la m\u00eame source. L&rsquo;enqu\u00eate men\u00e9e a \u00e9galement d\u00e9montr\u00e9 que parmi les locataires dans cet \u00a0\u00bbh\u00f4tel 5 \u00e9toiles\u00a0\u00bb, figurent des repris de justice, d&rsquo;autres font l&rsquo;objet de mandats d&rsquo;arr\u00eat et m\u00eame des personnes en fuite du service national. Tous ces individus sont des extra-universitaires et n&rsquo;ont aucun lien avec l&rsquo;universit\u00e9. Au-del\u00e0, ces intrus dans le campus universitaire ont transform\u00e9 les chambres qu&rsquo;ils louent \u00e0 la nuit en lieu de d\u00e9bauche, a-t-on fait savoir. Arr\u00eat\u00e9s les mis en cause dans cette affaire d&rsquo;exploitation ill\u00e9gale et frauduleuse d&rsquo;un \u00e9quipement public, et de mise en danger des \u00e9tudiants de ce campus universitaire, ont \u00e9t\u00e9 pr\u00e9sent\u00e9s, jeudi dernier, devant le tribunal de Bir Mourad Rais. Au total 46 personnes ont fait l&rsquo;objet d&rsquo;une instruction, etau bout de 5 heures, le magistrat instructeur de la quatri\u00e8me chambre a d\u00e9cid\u00e9 de placer en d\u00e9tention provisoire \u00e0 la prison d&rsquo;El Harrach, le directeur de la cit\u00e9 universitaire de Ben Aknoun gar\u00e7ons ainsi que 9 autres pr\u00e9venus, dont des gestionnaires et des agents de s\u00e9curit\u00e9 de la r\u00e9sidence. Une batterie d&rsquo;accusations a \u00e9t\u00e9 retenue \u00e0 l&rsquo;encontre des pr\u00e9venues, dont la dilapidation de deniers publics, mauvais usage de la fonction pour les uns et la complicit\u00e9 pour les autres, dans l&rsquo;attente la qualification d\u00e9finitive des faits, apr\u00e8s ach\u00e8vement de l&rsquo;enqu\u00eate qui, nous dit-on est encore en cours. Par ailleurs, et selon certaines indiscr\u00e9tions fournies par nos sources, l&rsquo;Office national des oeuvres universitaires a mis fin aux fonctions du directeur mis en cause dans cette affaire. Selon la m\u00eame source, la d\u00e9cision a \u00e9t\u00e9 prise sur la base de rapports pr\u00e9liminaires, faisant \u00e9tat des violations et les d\u00e9passements cit\u00e9s ci-dessus.<\/p>\n\n\n\n<p>Sofia Chahine<\/p>\n","protected":false},"excerpt":{"rendered":"<p>Le juge d&rsquo;instruction de la quatri\u00e8me chambre pr\u00e8s le tribunal de Bir Mourad Rais a ordonn\u00e9 le placement du directeur<\/p>\n","protected":false},"author":6,"featured_media":58542,"comment_status":"open","ping_status":"closed","sticky":false,"template":"","format":"standard","meta":{"colormag_page_container_layout":"default_layout","colormag_page_sidebar_layout":"default_layout","om_disable_all_campaigns":false,"_monsterinsights_skip_tracking":false,"_monsterinsights_sitenote_active":false,"_monsterinsights_sitenote_note":"","_monsterinsights_sitenote_category":0,"footnotes":"","_wpscppro_dont_share_socialmedia":false,"_wpscppro_custom_social_share_image":0,"_facebook_share_type":"default","_twitter_share_type":"default","_linkedin_share_type":"default","_pinterest_share_type":"default","_linkedin_share_type_page":"","_instagram_share_type":"default","_medium_share_type":"default","_threads_share_type":"","_google_business_share_type":"","_selected_social_profile":[],"_wpsp_enable_custom_social_template":false,"_wpsp_social_scheduling":{"enabled":false,"datetime":null,"platforms":[],"status":"template_only","dateOption":"today","timeOption":"now","customDays":"","customHours":"","customDate":"","customTime":"","schedulingType":"absolute"},"_wpsp_active_default_template":true},"categories":[27],"tags":[],"class_list":["post-58541","post","type-post","status-publish","format-standard","has-post-thumbnail","hentry","category-actualite"],"aioseo_notices":[],"yoast_head":"<!-- This site is optimized with the Yoast SEO plugin v27.5 - https:\/\/yoast.com\/product\/yoast-seo-wordpress\/ -->\n<title>Cit\u00e9 universitaire Ben Aknoun (gar\u00e7ons) \u00e0 Alger: Le directeur et des employ\u00e9s plac\u00e9s en d\u00e9tention provisoire - La Sentinelle<\/title>\n<meta name=\"robots\" content=\"index, follow, max-snippet:-1, max-image-preview:large, max-video-preview:-1\" \/>\n<link rel=\"canonical\" href=\"https:\/\/lasentinelle.dz\/index.php\/2024\/10\/22\/cite-universitaire-ben-aknoun-garcons-a-alger-le-directeur-et-des-employes-places-en-detention-provisoire\/\" \/>\n<meta property=\"og:locale\" content=\"fr_FR\" \/>\n<meta property=\"og:type\" content=\"article\" \/>\n<meta property=\"og:title\" content=\"Cit\u00e9 universitaire Ben Aknoun (gar\u00e7ons) \u00e0 Alger: Le directeur et des employ\u00e9s plac\u00e9s en d\u00e9tention provisoire - La Sentinelle\" \/>\n<meta property=\"og:description\" content=\"Le juge d&rsquo;instruction de la quatri\u00e8me chambre pr\u00e8s le tribunal de Bir Mourad Rais a ordonn\u00e9 le placement du directeur\" \/>\n<meta property=\"og:url\" content=\"https:\/\/lasentinelle.dz\/index.php\/2024\/10\/22\/cite-universitaire-ben-aknoun-garcons-a-alger-le-directeur-et-des-employes-places-en-detention-provisoire\/\" \/>\n<meta property=\"og:site_name\" content=\"La Sentinelle\" \/>\n<meta property=\"article:publisher\" content=\"https:\/\/www.facebook.com\/La-Sentinelle-104059864394773\" \/>\n<meta property=\"article:published_time\" content=\"2024-10-22T21:33:58+00:00\" \/>\n<meta property=\"og:image\" content=\"https:\/\/lasentinelle.dz\/wp-content\/uploads\/2024\/10\/cite.jpg\" \/>\n\t<meta property=\"og:image:width\" content=\"800\" \/>\n\t<meta property=\"og:image:height\" content=\"500\" \/>\n\t<meta property=\"og:image:type\" content=\"image\/jpeg\" \/>\n<meta name=\"author\" content=\"admin\" \/>\n<meta name=\"twitter:card\" content=\"summary_large_image\" \/>\n<meta name=\"twitter:label1\" content=\"\u00c9crit par\" \/>\n\t<meta name=\"twitter:data1\" content=\"admin\" \/>\n\t<meta name=\"twitter:label2\" content=\"Dur\u00e9e de lecture estim\u00e9e\" \/>\n\t<meta name=\"twitter:data2\" content=\"3 minutes\" \/>\n<script type=\"application\/ld+json\" class=\"yoast-schema-graph\">{\"@context\":\"https:\\\/\\\/schema.org\",\"@graph\":[{\"@type\":\"Article\",\"@id\":\"https:\\\/\\\/lasentinelle.dz\\\/index.php\\\/2024\\\/10\\\/22\\\/cite-universitaire-ben-aknoun-garcons-a-alger-le-directeur-et-des-employes-places-en-detention-provisoire\\\/#article\",\"isPartOf\":{\"@id\":\"https:\\\/\\\/lasentinelle.dz\\\/index.php\\\/2024\\\/10\\\/22\\\/cite-universitaire-ben-aknoun-garcons-a-alger-le-directeur-et-des-employes-places-en-detention-provisoire\\\/\"},\"author\":{\"name\":\"admin\",\"@id\":\"https:\\\/\\\/lasentinelle.dz\\\/#\\\/schema\\\/person\\\/729ee0024f24e0b8c5ec17232f8e8b41\"},\"headline\":\"Cit\u00e9 universitaire Ben Aknoun (gar\u00e7ons) \u00e0 Alger: Le directeur et des employ\u00e9s plac\u00e9s en d\u00e9tention provisoire\",\"datePublished\":\"2024-10-22T21:33:58+00:00\",\"mainEntityOfPage\":{\"@id\":\"https:\\\/\\\/lasentinelle.dz\\\/index.php\\\/2024\\\/10\\\/22\\\/cite-universitaire-ben-aknoun-garcons-a-alger-le-directeur-et-des-employes-places-en-detention-provisoire\\\/\"},\"wordCount\":631,\"commentCount\":0,\"publisher\":{\"@id\":\"https:\\\/\\\/lasentinelle.dz\\\/#organization\"},\"image\":{\"@id\":\"https:\\\/\\\/lasentinelle.dz\\\/index.php\\\/2024\\\/10\\\/22\\\/cite-universitaire-ben-aknoun-garcons-a-alger-le-directeur-et-des-employes-places-en-detention-provisoire\\\/#primaryimage\"},\"thumbnailUrl\":\"https:\\\/\\\/lasentinelle.dz\\\/wp-content\\\/uploads\\\/2024\\\/10\\\/cite.jpg\",\"articleSection\":[\"Actualit\u00e9\"],\"inLanguage\":\"fr-FR\",\"potentialAction\":[{\"@type\":\"CommentAction\",\"name\":\"Comment\",\"target\":[\"https:\\\/\\\/lasentinelle.dz\\\/index.php\\\/2024\\\/10\\\/22\\\/cite-universitaire-ben-aknoun-garcons-a-alger-le-directeur-et-des-employes-places-en-detention-provisoire\\\/#respond\"]}]},{\"@type\":\"WebPage\",\"@id\":\"https:\\\/\\\/lasentinelle.dz\\\/index.php\\\/2024\\\/10\\\/22\\\/cite-universitaire-ben-aknoun-garcons-a-alger-le-directeur-et-des-employes-places-en-detention-provisoire\\\/\",\"url\":\"https:\\\/\\\/lasentinelle.dz\\\/index.php\\\/2024\\\/10\\\/22\\\/cite-universitaire-ben-aknoun-garcons-a-alger-le-directeur-et-des-employes-places-en-detention-provisoire\\\/\",\"name\":\"Cit\u00e9 universitaire Ben Aknoun (gar\u00e7ons) \u00e0 Alger: Le directeur et des employ\u00e9s plac\u00e9s en d\u00e9tention provisoire - La Sentinelle\",\"isPartOf\":{\"@id\":\"https:\\\/\\\/lasentinelle.dz\\\/#website\"},\"primaryImageOfPage\":{\"@id\":\"https:\\\/\\\/lasentinelle.dz\\\/index.php\\\/2024\\\/10\\\/22\\\/cite-universitaire-ben-aknoun-garcons-a-alger-le-directeur-et-des-employes-places-en-detention-provisoire\\\/#primaryimage\"},\"image\":{\"@id\":\"https:\\\/\\\/lasentinelle.dz\\\/index.php\\\/2024\\\/10\\\/22\\\/cite-universitaire-ben-aknoun-garcons-a-alger-le-directeur-et-des-employes-places-en-detention-provisoire\\\/#primaryimage\"},\"thumbnailUrl\":\"https:\\\/\\\/lasentinelle.dz\\\/wp-content\\\/uploads\\\/2024\\\/10\\\/cite.jpg\",\"datePublished\":\"2024-10-22T21:33:58+00:00\",\"breadcrumb\":{\"@id\":\"https:\\\/\\\/lasentinelle.dz\\\/index.php\\\/2024\\\/10\\\/22\\\/cite-universitaire-ben-aknoun-garcons-a-alger-le-directeur-et-des-employes-places-en-detention-provisoire\\\/#breadcrumb\"},\"inLanguage\":\"fr-FR\",\"potentialAction\":[{\"@type\":\"ReadAction\",\"target\":[\"https:\\\/\\\/lasentinelle.dz\\\/index.php\\\/2024\\\/10\\\/22\\\/cite-universitaire-ben-aknoun-garcons-a-alger-le-directeur-et-des-employes-places-en-detention-provisoire\\\/\"]}]},{\"@type\":\"ImageObject\",\"inLanguage\":\"fr-FR\",\"@id\":\"https:\\\/\\\/lasentinelle.dz\\\/index.php\\\/2024\\\/10\\\/22\\\/cite-universitaire-ben-aknoun-garcons-a-alger-le-directeur-et-des-employes-places-en-detention-provisoire\\\/#primaryimage\",\"url\":\"https:\\\/\\\/lasentinelle.dz\\\/wp-content\\\/uploads\\\/2024\\\/10\\\/cite.jpg\",\"contentUrl\":\"https:\\\/\\\/lasentinelle.dz\\\/wp-content\\\/uploads\\\/2024\\\/10\\\/cite.jpg\",\"width\":800,\"height\":500},{\"@type\":\"BreadcrumbList\",\"@id\":\"https:\\\/\\\/lasentinelle.dz\\\/index.php\\\/2024\\\/10\\\/22\\\/cite-universitaire-ben-aknoun-garcons-a-alger-le-directeur-et-des-employes-places-en-detention-provisoire\\\/#breadcrumb\",\"itemListElement\":[{\"@type\":\"ListItem\",\"position\":1,\"name\":\"Accueil\",\"item\":\"https:\\\/\\\/lasentinelle.dz\\\/\"},{\"@type\":\"ListItem\",\"position\":2,\"name\":\"Cit\u00e9 universitaire Ben Aknoun (gar\u00e7ons) \u00e0 Alger: Le directeur et des employ\u00e9s plac\u00e9s en d\u00e9tention provisoire\"}]},{\"@type\":\"WebSite\",\"@id\":\"https:\\\/\\\/lasentinelle.dz\\\/#website\",\"url\":\"https:\\\/\\\/lasentinelle.dz\\\/\",\"name\":\"La Sentinelle\",\"description\":\"Quotidien national d&#039;information\",\"publisher\":{\"@id\":\"https:\\\/\\\/lasentinelle.dz\\\/#organization\"},\"potentialAction\":[{\"@type\":\"SearchAction\",\"target\":{\"@type\":\"EntryPoint\",\"urlTemplate\":\"https:\\\/\\\/lasentinelle.dz\\\/?s={search_term_string}\"},\"query-input\":{\"@type\":\"PropertyValueSpecification\",\"valueRequired\":true,\"valueName\":\"search_term_string\"}}],\"inLanguage\":\"fr-FR\"},{\"@type\":\"Organization\",\"@id\":\"https:\\\/\\\/lasentinelle.dz\\\/#organization\",\"name\":\"Quotidien La Sentinelle\",\"url\":\"https:\\\/\\\/lasentinelle.dz\\\/\",\"logo\":{\"@type\":\"ImageObject\",\"inLanguage\":\"fr-FR\",\"@id\":\"https:\\\/\\\/lasentinelle.dz\\\/#\\\/schema\\\/logo\\\/image\\\/\",\"url\":\"https:\\\/\\\/lasentinelle.dz\\\/wp-content\\\/uploads\\\/2021\\\/09\\\/logo-sentinelleSLOGAN-1.png\",\"contentUrl\":\"https:\\\/\\\/lasentinelle.dz\\\/wp-content\\\/uploads\\\/2021\\\/09\\\/logo-sentinelleSLOGAN-1.png\",\"width\":615,\"height\":142,\"caption\":\"Quotidien La Sentinelle\"},\"image\":{\"@id\":\"https:\\\/\\\/lasentinelle.dz\\\/#\\\/schema\\\/logo\\\/image\\\/\"},\"sameAs\":[\"https:\\\/\\\/www.facebook.com\\\/La-Sentinelle-104059864394773\"]},{\"@type\":\"Person\",\"@id\":\"https:\\\/\\\/lasentinelle.dz\\\/#\\\/schema\\\/person\\\/729ee0024f24e0b8c5ec17232f8e8b41\",\"name\":\"admin\",\"image\":{\"@type\":\"ImageObject\",\"inLanguage\":\"fr-FR\",\"@id\":\"https:\\\/\\\/secure.gravatar.com\\\/avatar\\\/4c81fed838786e9b53f540bf46533e750f5d292099ae3b66cfc6fb1982e29df7?s=96&d=mm&r=g\",\"url\":\"https:\\\/\\\/secure.gravatar.com\\\/avatar\\\/4c81fed838786e9b53f540bf46533e750f5d292099ae3b66cfc6fb1982e29df7?s=96&d=mm&r=g\",\"contentUrl\":\"https:\\\/\\\/secure.gravatar.com\\\/avatar\\\/4c81fed838786e9b53f540bf46533e750f5d292099ae3b66cfc6fb1982e29df7?s=96&d=mm&r=g\",\"caption\":\"admin\"},\"description\":\"admin\",\"url\":\"https:\\\/\\\/lasentinelle.dz\\\/author\\\/admin\\\/\"}]}<\/script>\n<!-- \/ Yoast SEO plugin. -->","yoast_head_json":{"title":"Cit\u00e9 universitaire Ben Aknoun (gar\u00e7ons) \u00e0 Alger: Le directeur et des employ\u00e9s plac\u00e9s en d\u00e9tention provisoire - La Sentinelle","robots":{"index":"index","follow":"follow","max-snippet":"max-snippet:-1","max-image-preview":"max-image-preview:large","max-video-preview":"max-video-preview:-1"},"canonical":"https:\/\/lasentinelle.dz\/index.php\/2024\/10\/22\/cite-universitaire-ben-aknoun-garcons-a-alger-le-directeur-et-des-employes-places-en-detention-provisoire\/","og_locale":"fr_FR","og_type":"article","og_title":"Cit\u00e9 universitaire Ben Aknoun (gar\u00e7ons) \u00e0 Alger: Le directeur et des employ\u00e9s plac\u00e9s en d\u00e9tention provisoire - La Sentinelle","og_description":"Le juge d&rsquo;instruction de la quatri\u00e8me chambre pr\u00e8s le tribunal de Bir Mourad Rais a ordonn\u00e9 le placement du directeur","og_url":"https:\/\/lasentinelle.dz\/index.php\/2024\/10\/22\/cite-universitaire-ben-aknoun-garcons-a-alger-le-directeur-et-des-employes-places-en-detention-provisoire\/","og_site_name":"La Sentinelle","article_publisher":"https:\/\/www.facebook.com\/La-Sentinelle-104059864394773","article_published_time":"2024-10-22T21:33:58+00:00","og_image":[{"width":800,"height":500,"url":"https:\/\/lasentinelle.dz\/wp-content\/uploads\/2024\/10\/cite.jpg","type":"image\/jpeg"}],"author":"admin","twitter_card":"summary_large_image","twitter_misc":{"\u00c9crit par":"admin","Dur\u00e9e de lecture estim\u00e9e":"3 minutes"},"schema":{"@context":"https:\/\/schema.org","@graph":[{"@type":"Article","@id":"https:\/\/lasentinelle.dz\/index.php\/2024\/10\/22\/cite-universitaire-ben-aknoun-garcons-a-alger-le-directeur-et-des-employes-places-en-detention-provisoire\/#article","isPartOf":{"@id":"https:\/\/lasentinelle.dz\/index.php\/2024\/10\/22\/cite-universitaire-ben-aknoun-garcons-a-alger-le-directeur-et-des-employes-places-en-detention-provisoire\/"},"author":{"name":"admin","@id":"https:\/\/lasentinelle.dz\/#\/schema\/person\/729ee0024f24e0b8c5ec17232f8e8b41"},"headline":"Cit\u00e9 universitaire Ben Aknoun (gar\u00e7ons) \u00e0 Alger: Le directeur et des employ\u00e9s plac\u00e9s en d\u00e9tention provisoire","datePublished":"2024-10-22T21:33:58+00:00","mainEntityOfPage":{"@id":"https:\/\/lasentinelle.dz\/index.php\/2024\/10\/22\/cite-universitaire-ben-aknoun-garcons-a-alger-le-directeur-et-des-employes-places-en-detention-provisoire\/"},"wordCount":631,"commentCount":0,"publisher":{"@id":"https:\/\/lasentinelle.dz\/#organization"},"image":{"@id":"https:\/\/lasentinelle.dz\/index.php\/2024\/10\/22\/cite-universitaire-ben-aknoun-garcons-a-alger-le-directeur-et-des-employes-places-en-detention-provisoire\/#primaryimage"},"thumbnailUrl":"https:\/\/lasentinelle.dz\/wp-content\/uploads\/2024\/10\/cite.jpg","articleSection":["Actualit\u00e9"],"inLanguage":"fr-FR","potentialAction":[{"@type":"CommentAction","name":"Comment","target":["https:\/\/lasentinelle.dz\/index.php\/2024\/10\/22\/cite-universitaire-ben-aknoun-garcons-a-alger-le-directeur-et-des-employes-places-en-detention-provisoire\/#respond"]}]},{"@type":"WebPage","@id":"https:\/\/lasentinelle.dz\/index.php\/2024\/10\/22\/cite-universitaire-ben-aknoun-garcons-a-alger-le-directeur-et-des-employes-places-en-detention-provisoire\/","url":"https:\/\/lasentinelle.dz\/index.php\/2024\/10\/22\/cite-universitaire-ben-aknoun-garcons-a-alger-le-directeur-et-des-employes-places-en-detention-provisoire\/","name":"Cit\u00e9 universitaire Ben Aknoun (gar\u00e7ons) \u00e0 Alger: Le directeur et des employ\u00e9s plac\u00e9s en d\u00e9tention provisoire - La Sentinelle","isPartOf":{"@id":"https:\/\/lasentinelle.dz\/#website"},"primaryImageOfPage":{"@id":"https:\/\/lasentinelle.dz\/index.php\/2024\/10\/22\/cite-universitaire-ben-aknoun-garcons-a-alger-le-directeur-et-des-employes-places-en-detention-provisoire\/#primaryimage"},"image":{"@id":"https:\/\/lasentinelle.dz\/index.php\/2024\/10\/22\/cite-universitaire-ben-aknoun-garcons-a-alger-le-directeur-et-des-employes-places-en-detention-provisoire\/#primaryimage"},"thumbnailUrl":"https:\/\/lasentinelle.dz\/wp-content\/uploads\/2024\/10\/cite.jpg","datePublished":"2024-10-22T21:33:58+00:00","breadcrumb":{"@id":"https:\/\/lasentinelle.dz\/index.php\/2024\/10\/22\/cite-universitaire-ben-aknoun-garcons-a-alger-le-directeur-et-des-employes-places-en-detention-provisoire\/#breadcrumb"},"inLanguage":"fr-FR","potentialAction":[{"@type":"ReadAction","target":["https:\/\/lasentinelle.dz\/index.php\/2024\/10\/22\/cite-universitaire-ben-aknoun-garcons-a-alger-le-directeur-et-des-employes-places-en-detention-provisoire\/"]}]},{"@type":"ImageObject","inLanguage":"fr-FR","@id":"https:\/\/lasentinelle.dz\/index.php\/2024\/10\/22\/cite-universitaire-ben-aknoun-garcons-a-alger-le-directeur-et-des-employes-places-en-detention-provisoire\/#primaryimage","url":"https:\/\/lasentinelle.dz\/wp-content\/uploads\/2024\/10\/cite.jpg","contentUrl":"https:\/\/lasentinelle.dz\/wp-content\/uploads\/2024\/10\/cite.jpg","width":800,"height":500},{"@type":"BreadcrumbList","@id":"https:\/\/lasentinelle.dz\/index.php\/2024\/10\/22\/cite-universitaire-ben-aknoun-garcons-a-alger-le-directeur-et-des-employes-places-en-detention-provisoire\/#breadcrumb","itemListElement":[{"@type":"ListItem","position":1,"name":"Accueil","item":"https:\/\/lasentinelle.dz\/"},{"@type":"ListItem","position":2,"name":"Cit\u00e9 universitaire Ben Aknoun (gar\u00e7ons) \u00e0 Alger: Le directeur et des employ\u00e9s plac\u00e9s en d\u00e9tention provisoire"}]},{"@type":"WebSite","@id":"https:\/\/lasentinelle.dz\/#website","url":"https:\/\/lasentinelle.dz\/","name":"La Sentinelle","description":"Quotidien national d&#039;information","publisher":{"@id":"https:\/\/lasentinelle.dz\/#organization"},"potentialAction":[{"@type":"SearchAction","target":{"@type":"EntryPoint","urlTemplate":"https:\/\/lasentinelle.dz\/?s={search_term_string}"},"query-input":{"@type":"PropertyValueSpecification","valueRequired":true,"valueName":"search_term_string"}}],"inLanguage":"fr-FR"},{"@type":"Organization","@id":"https:\/\/lasentinelle.dz\/#organization","name":"Quotidien La Sentinelle","url":"https:\/\/lasentinelle.dz\/","logo":{"@type":"ImageObject","inLanguage":"fr-FR","@id":"https:\/\/lasentinelle.dz\/#\/schema\/logo\/image\/","url":"https:\/\/lasentinelle.dz\/wp-content\/uploads\/2021\/09\/logo-sentinelleSLOGAN-1.png","contentUrl":"https:\/\/lasentinelle.dz\/wp-content\/uploads\/2021\/09\/logo-sentinelleSLOGAN-1.png","width":615,"height":142,"caption":"Quotidien La Sentinelle"},"image":{"@id":"https:\/\/lasentinelle.dz\/#\/schema\/logo\/image\/"},"sameAs":["https:\/\/www.facebook.com\/La-Sentinelle-104059864394773"]},{"@type":"Person","@id":"https:\/\/lasentinelle.dz\/#\/schema\/person\/729ee0024f24e0b8c5ec17232f8e8b41","name":"admin","image":{"@type":"ImageObject","inLanguage":"fr-FR","@id":"https:\/\/secure.gravatar.com\/avatar\/4c81fed838786e9b53f540bf46533e750f5d292099ae3b66cfc6fb1982e29df7?s=96&d=mm&r=g","url":"https:\/\/secure.gravatar.com\/avatar\/4c81fed838786e9b53f540bf46533e750f5d292099ae3b66cfc6fb1982e29df7?s=96&d=mm&r=g","contentUrl":"https:\/\/secure.gravatar.com\/avatar\/4c81fed838786e9b53f540bf46533e750f5d292099ae3b66cfc6fb1982e29df7?s=96&d=mm&r=g","caption":"admin"},"description":"admin","url":"https:\/\/lasentinelle.dz\/author\/admin\/"}]}},"_links":{"self":[{"href":"https:\/\/lasentinelle.dz\/index.php\/wp-json\/wp\/v2\/posts\/58541","targetHints":{"allow":["GET"]}}],"collection":[{"href":"https:\/\/lasentinelle.dz\/index.php\/wp-json\/wp\/v2\/posts"}],"about":[{"href":"https:\/\/lasentinelle.dz\/index.php\/wp-json\/wp\/v2\/types\/post"}],"author":[{"embeddable":true,"href":"https:\/\/lasentinelle.dz\/index.php\/wp-json\/wp\/v2\/users\/6"}],"replies":[{"embeddable":true,"href":"https:\/\/lasentinelle.dz\/index.php\/wp-json\/wp\/v2\/comments?post=58541"}],"version-history":[{"count":1,"href":"https:\/\/lasentinelle.dz\/index.php\/wp-json\/wp\/v2\/posts\/58541\/revisions"}],"predecessor-version":[{"id":58543,"href":"https:\/\/lasentinelle.dz\/index.php\/wp-json\/wp\/v2\/posts\/58541\/revisions\/58543"}],"wp:featuredmedia":[{"embeddable":true,"href":"https:\/\/lasentinelle.dz\/index.php\/wp-json\/wp\/v2\/media\/58542"}],"wp:attachment":[{"href":"https:\/\/lasentinelle.dz\/index.php\/wp-json\/wp\/v2\/media?parent=58541"}],"wp:term":[{"taxonomy":"category","embeddable":true,"href":"https:\/\/lasentinelle.dz\/index.php\/wp-json\/wp\/v2\/categories?post=58541"},{"taxonomy":"post_tag","embeddable":true,"href":"https:\/\/lasentinelle.dz\/index.php\/wp-json\/wp\/v2\/tags?post=58541"}],"curies":[{"name":"wp","href":"https:\/\/api.w.org\/{rel}","templated":true}]}}