{"id":58544,"date":"2024-10-22T22:35:25","date_gmt":"2024-10-22T21:35:25","guid":{"rendered":"https:\/\/lasentinelle.dz\/?p=58544"},"modified":"2024-10-22T22:35:26","modified_gmt":"2024-10-22T21:35:26","slug":"prise-en-charge-des-malades-atteints-du-cancer-les-directives-fermes-de-tebboune","status":"publish","type":"post","link":"https:\/\/lasentinelle.dz\/index.php\/2024\/10\/22\/prise-en-charge-des-malades-atteints-du-cancer-les-directives-fermes-de-tebboune\/","title":{"rendered":"Prise en charge des malades atteints du cancer: Les directives fermes de Tebboune"},"content":{"rendered":"\n<p>Le pr\u00e9sident de la R\u00e9publique, Abdelmadjid Tebboune, a pr\u00e9sid\u00e9 hier une s\u00e9ance de travail consacr\u00e9e \u00e0 la lutte contre le cancer en Alg\u00e9rie. Cette r\u00e9union a rassembl\u00e9 les principaux acteurs du secteur, notamment le Pr Adda Bounedjar, pr\u00e9sident de la Commission nationale de pr\u00e9vention et de lutte contre le cancer, , le Pr Kamel Sanhadji de l&rsquo;ANSS, le ministre de la Sant\u00e9 Abdelhak Saihi et le PDG du Groupe Saidal, ainsi que le directeur de Cabinet de la Pr\u00e9sidence Boualem Boualem. Au c\u0153ur des discussions, la Commission a pr\u00e9sent\u00e9 son ambitieux programme 2024-2028, articul\u00e9 autour de cinq axes strat\u00e9giques majeurs. Ce plan global englobe la pr\u00e9vention, le d\u00e9pistage et le diagnostic pr\u00e9coces, l&rsquo;am\u00e9lioration de la prise en charge des patients et de leur parcours de soins, ainsi que le d\u00e9veloppement de la recherche oncologique.<\/p>\n\n\n\n<p>Face aux enjeux cruciaux de cette lutte contre le cancer, le pr\u00e9sident Tebboune a annonc\u00e9 des mesures concr\u00e8tes et imm\u00e9diates. La premi\u00e8re d\u00e9cision majeure concerne la pr\u00e9paration d&rsquo;un d\u00e9cret pr\u00e9sidentiel visant \u00e0 \u00e9liminer tous les obstacles administratifs et logistiques entravant l&rsquo;acquisition des m\u00e9dicaments, des \u00e9quipements m\u00e9dicaux et la r\u00e9alisation des examens li\u00e9s au cancer. Une attention particuli\u00e8re a \u00e9t\u00e9 port\u00e9e aux enfants malades, avec une directive pr\u00e9sidentielle adress\u00e9e au minist\u00e8re du Travail et de la S\u00e9curit\u00e9 sociale. Cette instruction pr\u00e9voit la prise en charge int\u00e9grale des traitements de radioth\u00e9rapie pour les enfants atteints de cancer par la Caisse nationale de s\u00e9curit\u00e9 sociale, marquant ainsi une avanc\u00e9e significative dans l&rsquo;accessibilit\u00e9 aux soins pour les jeunes patients. Ces d\u00e9cisions t\u00e9moignent de la volont\u00e9 de l&rsquo;\u00c9tat alg\u00e9rien de renforcer son arsenal de lutte contre le cancer, en combinant des approches pr\u00e9ventives et curatives, tout en garantissant un meilleur acc\u00e8s aux soins pour les patients. La mise en \u0153uvre de ce programme quinquennal, soutenue par ces nouvelles mesures pr\u00e9sidentielles, devrait permettre d&rsquo;am\u00e9liorer significativement la prise en charge des patients atteints de cancer en Alg\u00e9rie, tout en renfor\u00e7ant les capacit\u00e9s de pr\u00e9vention et de recherche dans ce domaine crucial de la sant\u00e9 publique.<\/p>\n\n\n\n<p>Lyna Larbi<\/p>\n","protected":false},"excerpt":{"rendered":"<p>Le pr\u00e9sident de la R\u00e9publique, Abdelmadjid Tebboune, a pr\u00e9sid\u00e9 hier une s\u00e9ance de travail consacr\u00e9e \u00e0 la lutte contre le<\/p>\n","protected":false},"author":6,"featured_media":58545,"comment_status":"open","ping_status":"closed","sticky":false,"template":"","format":"standard","meta":{"colormag_page_container_layout":"default_layout","colormag_page_sidebar_layout":"default_layout","om_disable_all_campaigns":false,"_monsterinsights_skip_tracking":false,"_monsterinsights_sitenote_active":false,"_monsterinsights_sitenote_note":"","_monsterinsights_sitenote_category":0,"footnotes":"","_wpscppro_dont_share_socialmedia":false,"_wpscppro_custom_social_share_image":0,"_facebook_share_type":"default","_twitter_share_type":"default","_linkedin_share_type":"default","_pinterest_share_type":"default","_linkedin_share_type_page":"","_instagram_share_type":"default","_medium_share_type":"default","_threads_share_type":"","_google_business_share_type":"","_selected_social_profile":[],"_wpsp_enable_custom_social_template":false,"_wpsp_social_scheduling":{"enabled":false,"datetime":null,"platforms":[],"status":"template_only","dateOption":"today","timeOption":"now","customDays":"","customHours":"","customDate":"","customTime":"","schedulingType":"absolute"},"_wpsp_active_default_template":true},"categories":[52,27],"tags":[],"class_list":["post-58544","post","type-post","status-publish","format-standard","has-post-thumbnail","hentry","category-a-la-une","category-actualite"],"aioseo_notices":[],"yoast_head":"<!-- This site is optimized with the Yoast SEO plugin v27.5 - https:\/\/yoast.com\/product\/yoast-seo-wordpress\/ -->\n<title>Prise en charge des malades atteints du cancer: Les directives fermes de Tebboune - La Sentinelle<\/title>\n<meta name=\"robots\" content=\"index, follow, max-snippet:-1, max-image-preview:large, max-video-preview:-1\" \/>\n<link rel=\"canonical\" href=\"https:\/\/lasentinelle.dz\/index.php\/2024\/10\/22\/prise-en-charge-des-malades-atteints-du-cancer-les-directives-fermes-de-tebboune\/\" \/>\n<meta property=\"og:locale\" content=\"fr_FR\" \/>\n<meta property=\"og:type\" content=\"article\" \/>\n<meta property=\"og:title\" content=\"Prise en charge des malades atteints du cancer: Les directives fermes de Tebboune - La Sentinelle\" \/>\n<meta property=\"og:description\" content=\"Le pr\u00e9sident de la R\u00e9publique, Abdelmadjid Tebboune, a pr\u00e9sid\u00e9 hier une s\u00e9ance de travail consacr\u00e9e \u00e0 la lutte contre le\" \/>\n<meta property=\"og:url\" content=\"https:\/\/lasentinelle.dz\/index.php\/2024\/10\/22\/prise-en-charge-des-malades-atteints-du-cancer-les-directives-fermes-de-tebboune\/\" \/>\n<meta property=\"og:site_name\" content=\"La Sentinelle\" \/>\n<meta property=\"article:publisher\" content=\"https:\/\/www.facebook.com\/La-Sentinelle-104059864394773\" \/>\n<meta property=\"article:published_time\" content=\"2024-10-22T21:35:25+00:00\" \/>\n<meta property=\"article:modified_time\" content=\"2024-10-22T21:35:26+00:00\" \/>\n<meta property=\"og:image\" content=\"https:\/\/lasentinelle.dz\/wp-content\/uploads\/2024\/10\/tebboune-commission-cancer.jpg\" \/>\n\t<meta property=\"og:image:width\" content=\"2048\" \/>\n\t<meta property=\"og:image:height\" content=\"1366\" \/>\n\t<meta property=\"og:image:type\" content=\"image\/jpeg\" \/>\n<meta name=\"author\" content=\"admin\" \/>\n<meta name=\"twitter:card\" content=\"summary_large_image\" \/>\n<meta name=\"twitter:label1\" content=\"\u00c9crit par\" \/>\n\t<meta name=\"twitter:data1\" content=\"admin\" \/>\n\t<meta name=\"twitter:label2\" content=\"Dur\u00e9e de lecture estim\u00e9e\" \/>\n\t<meta name=\"twitter:data2\" content=\"2 minutes\" \/>\n<script type=\"application\/ld+json\" class=\"yoast-schema-graph\">{\"@context\":\"https:\\\/\\\/schema.org\",\"@graph\":[{\"@type\":\"Article\",\"@id\":\"https:\\\/\\\/lasentinelle.dz\\\/index.php\\\/2024\\\/10\\\/22\\\/prise-en-charge-des-malades-atteints-du-cancer-les-directives-fermes-de-tebboune\\\/#article\",\"isPartOf\":{\"@id\":\"https:\\\/\\\/lasentinelle.dz\\\/index.php\\\/2024\\\/10\\\/22\\\/prise-en-charge-des-malades-atteints-du-cancer-les-directives-fermes-de-tebboune\\\/\"},\"author\":{\"name\":\"admin\",\"@id\":\"https:\\\/\\\/lasentinelle.dz\\\/#\\\/schema\\\/person\\\/729ee0024f24e0b8c5ec17232f8e8b41\"},\"headline\":\"Prise en charge des malades atteints du cancer: Les directives fermes de Tebboune\",\"datePublished\":\"2024-10-22T21:35:25+00:00\",\"dateModified\":\"2024-10-22T21:35:26+00:00\",\"mainEntityOfPage\":{\"@id\":\"https:\\\/\\\/lasentinelle.dz\\\/index.php\\\/2024\\\/10\\\/22\\\/prise-en-charge-des-malades-atteints-du-cancer-les-directives-fermes-de-tebboune\\\/\"},\"wordCount\":403,\"commentCount\":0,\"publisher\":{\"@id\":\"https:\\\/\\\/lasentinelle.dz\\\/#organization\"},\"image\":{\"@id\":\"https:\\\/\\\/lasentinelle.dz\\\/index.php\\\/2024\\\/10\\\/22\\\/prise-en-charge-des-malades-atteints-du-cancer-les-directives-fermes-de-tebboune\\\/#primaryimage\"},\"thumbnailUrl\":\"https:\\\/\\\/lasentinelle.dz\\\/wp-content\\\/uploads\\\/2024\\\/10\\\/tebboune-commission-cancer.jpg\",\"articleSection\":[\"\u00c0 la Une\",\"Actualit\u00e9\"],\"inLanguage\":\"fr-FR\",\"potentialAction\":[{\"@type\":\"CommentAction\",\"name\":\"Comment\",\"target\":[\"https:\\\/\\\/lasentinelle.dz\\\/index.php\\\/2024\\\/10\\\/22\\\/prise-en-charge-des-malades-atteints-du-cancer-les-directives-fermes-de-tebboune\\\/#respond\"]}]},{\"@type\":\"WebPage\",\"@id\":\"https:\\\/\\\/lasentinelle.dz\\\/index.php\\\/2024\\\/10\\\/22\\\/prise-en-charge-des-malades-atteints-du-cancer-les-directives-fermes-de-tebboune\\\/\",\"url\":\"https:\\\/\\\/lasentinelle.dz\\\/index.php\\\/2024\\\/10\\\/22\\\/prise-en-charge-des-malades-atteints-du-cancer-les-directives-fermes-de-tebboune\\\/\",\"name\":\"Prise en charge des malades atteints du cancer: Les directives fermes de Tebboune - La Sentinelle\",\"isPartOf\":{\"@id\":\"https:\\\/\\\/lasentinelle.dz\\\/#website\"},\"primaryImageOfPage\":{\"@id\":\"https:\\\/\\\/lasentinelle.dz\\\/index.php\\\/2024\\\/10\\\/22\\\/prise-en-charge-des-malades-atteints-du-cancer-les-directives-fermes-de-tebboune\\\/#primaryimage\"},\"image\":{\"@id\":\"https:\\\/\\\/lasentinelle.dz\\\/index.php\\\/2024\\\/10\\\/22\\\/prise-en-charge-des-malades-atteints-du-cancer-les-directives-fermes-de-tebboune\\\/#primaryimage\"},\"thumbnailUrl\":\"https:\\\/\\\/lasentinelle.dz\\\/wp-content\\\/uploads\\\/2024\\\/10\\\/tebboune-commission-cancer.jpg\",\"datePublished\":\"2024-10-22T21:35:25+00:00\",\"dateModified\":\"2024-10-22T21:35:26+00:00\",\"breadcrumb\":{\"@id\":\"https:\\\/\\\/lasentinelle.dz\\\/index.php\\\/2024\\\/10\\\/22\\\/prise-en-charge-des-malades-atteints-du-cancer-les-directives-fermes-de-tebboune\\\/#breadcrumb\"},\"inLanguage\":\"fr-FR\",\"potentialAction\":[{\"@type\":\"ReadAction\",\"target\":[\"https:\\\/\\\/lasentinelle.dz\\\/index.php\\\/2024\\\/10\\\/22\\\/prise-en-charge-des-malades-atteints-du-cancer-les-directives-fermes-de-tebboune\\\/\"]}]},{\"@type\":\"ImageObject\",\"inLanguage\":\"fr-FR\",\"@id\":\"https:\\\/\\\/lasentinelle.dz\\\/index.php\\\/2024\\\/10\\\/22\\\/prise-en-charge-des-malades-atteints-du-cancer-les-directives-fermes-de-tebboune\\\/#primaryimage\",\"url\":\"https:\\\/\\\/lasentinelle.dz\\\/wp-content\\\/uploads\\\/2024\\\/10\\\/tebboune-commission-cancer.jpg\",\"contentUrl\":\"https:\\\/\\\/lasentinelle.dz\\\/wp-content\\\/uploads\\\/2024\\\/10\\\/tebboune-commission-cancer.jpg\",\"width\":2048,\"height\":1366},{\"@type\":\"BreadcrumbList\",\"@id\":\"https:\\\/\\\/lasentinelle.dz\\\/index.php\\\/2024\\\/10\\\/22\\\/prise-en-charge-des-malades-atteints-du-cancer-les-directives-fermes-de-tebboune\\\/#breadcrumb\",\"itemListElement\":[{\"@type\":\"ListItem\",\"position\":1,\"name\":\"Accueil\",\"item\":\"https:\\\/\\\/lasentinelle.dz\\\/\"},{\"@type\":\"ListItem\",\"position\":2,\"name\":\"Prise en charge des malades atteints du cancer: Les directives fermes de Tebboune\"}]},{\"@type\":\"WebSite\",\"@id\":\"https:\\\/\\\/lasentinelle.dz\\\/#website\",\"url\":\"https:\\\/\\\/lasentinelle.dz\\\/\",\"name\":\"La Sentinelle\",\"description\":\"Quotidien national d&#039;information\",\"publisher\":{\"@id\":\"https:\\\/\\\/lasentinelle.dz\\\/#organization\"},\"potentialAction\":[{\"@type\":\"SearchAction\",\"target\":{\"@type\":\"EntryPoint\",\"urlTemplate\":\"https:\\\/\\\/lasentinelle.dz\\\/?s={search_term_string}\"},\"query-input\":{\"@type\":\"PropertyValueSpecification\",\"valueRequired\":true,\"valueName\":\"search_term_string\"}}],\"inLanguage\":\"fr-FR\"},{\"@type\":\"Organization\",\"@id\":\"https:\\\/\\\/lasentinelle.dz\\\/#organization\",\"name\":\"Quotidien La Sentinelle\",\"url\":\"https:\\\/\\\/lasentinelle.dz\\\/\",\"logo\":{\"@type\":\"ImageObject\",\"inLanguage\":\"fr-FR\",\"@id\":\"https:\\\/\\\/lasentinelle.dz\\\/#\\\/schema\\\/logo\\\/image\\\/\",\"url\":\"https:\\\/\\\/lasentinelle.dz\\\/wp-content\\\/uploads\\\/2021\\\/09\\\/logo-sentinelleSLOGAN-1.png\",\"contentUrl\":\"https:\\\/\\\/lasentinelle.dz\\\/wp-content\\\/uploads\\\/2021\\\/09\\\/logo-sentinelleSLOGAN-1.png\",\"width\":615,\"height\":142,\"caption\":\"Quotidien La Sentinelle\"},\"image\":{\"@id\":\"https:\\\/\\\/lasentinelle.dz\\\/#\\\/schema\\\/logo\\\/image\\\/\"},\"sameAs\":[\"https:\\\/\\\/www.facebook.com\\\/La-Sentinelle-104059864394773\"]},{\"@type\":\"Person\",\"@id\":\"https:\\\/\\\/lasentinelle.dz\\\/#\\\/schema\\\/person\\\/729ee0024f24e0b8c5ec17232f8e8b41\",\"name\":\"admin\",\"image\":{\"@type\":\"ImageObject\",\"inLanguage\":\"fr-FR\",\"@id\":\"https:\\\/\\\/secure.gravatar.com\\\/avatar\\\/4c81fed838786e9b53f540bf46533e750f5d292099ae3b66cfc6fb1982e29df7?s=96&d=mm&r=g\",\"url\":\"https:\\\/\\\/secure.gravatar.com\\\/avatar\\\/4c81fed838786e9b53f540bf46533e750f5d292099ae3b66cfc6fb1982e29df7?s=96&d=mm&r=g\",\"contentUrl\":\"https:\\\/\\\/secure.gravatar.com\\\/avatar\\\/4c81fed838786e9b53f540bf46533e750f5d292099ae3b66cfc6fb1982e29df7?s=96&d=mm&r=g\",\"caption\":\"admin\"},\"description\":\"admin\",\"url\":\"https:\\\/\\\/lasentinelle.dz\\\/author\\\/admin\\\/\"}]}<\/script>\n<!-- \/ Yoast SEO plugin. -->","yoast_head_json":{"title":"Prise en charge des malades atteints du cancer: Les directives fermes de Tebboune - La Sentinelle","robots":{"index":"index","follow":"follow","max-snippet":"max-snippet:-1","max-image-preview":"max-image-preview:large","max-video-preview":"max-video-preview:-1"},"canonical":"https:\/\/lasentinelle.dz\/index.php\/2024\/10\/22\/prise-en-charge-des-malades-atteints-du-cancer-les-directives-fermes-de-tebboune\/","og_locale":"fr_FR","og_type":"article","og_title":"Prise en charge des malades atteints du cancer: Les directives fermes de Tebboune - La Sentinelle","og_description":"Le pr\u00e9sident de la R\u00e9publique, Abdelmadjid Tebboune, a pr\u00e9sid\u00e9 hier une s\u00e9ance de travail consacr\u00e9e \u00e0 la lutte contre le","og_url":"https:\/\/lasentinelle.dz\/index.php\/2024\/10\/22\/prise-en-charge-des-malades-atteints-du-cancer-les-directives-fermes-de-tebboune\/","og_site_name":"La Sentinelle","article_publisher":"https:\/\/www.facebook.com\/La-Sentinelle-104059864394773","article_published_time":"2024-10-22T21:35:25+00:00","article_modified_time":"2024-10-22T21:35:26+00:00","og_image":[{"width":2048,"height":1366,"url":"https:\/\/lasentinelle.dz\/wp-content\/uploads\/2024\/10\/tebboune-commission-cancer.jpg","type":"image\/jpeg"}],"author":"admin","twitter_card":"summary_large_image","twitter_misc":{"\u00c9crit par":"admin","Dur\u00e9e de lecture estim\u00e9e":"2 minutes"},"schema":{"@context":"https:\/\/schema.org","@graph":[{"@type":"Article","@id":"https:\/\/lasentinelle.dz\/index.php\/2024\/10\/22\/prise-en-charge-des-malades-atteints-du-cancer-les-directives-fermes-de-tebboune\/#article","isPartOf":{"@id":"https:\/\/lasentinelle.dz\/index.php\/2024\/10\/22\/prise-en-charge-des-malades-atteints-du-cancer-les-directives-fermes-de-tebboune\/"},"author":{"name":"admin","@id":"https:\/\/lasentinelle.dz\/#\/schema\/person\/729ee0024f24e0b8c5ec17232f8e8b41"},"headline":"Prise en charge des malades atteints du cancer: Les directives fermes de Tebboune","datePublished":"2024-10-22T21:35:25+00:00","dateModified":"2024-10-22T21:35:26+00:00","mainEntityOfPage":{"@id":"https:\/\/lasentinelle.dz\/index.php\/2024\/10\/22\/prise-en-charge-des-malades-atteints-du-cancer-les-directives-fermes-de-tebboune\/"},"wordCount":403,"commentCount":0,"publisher":{"@id":"https:\/\/lasentinelle.dz\/#organization"},"image":{"@id":"https:\/\/lasentinelle.dz\/index.php\/2024\/10\/22\/prise-en-charge-des-malades-atteints-du-cancer-les-directives-fermes-de-tebboune\/#primaryimage"},"thumbnailUrl":"https:\/\/lasentinelle.dz\/wp-content\/uploads\/2024\/10\/tebboune-commission-cancer.jpg","articleSection":["\u00c0 la Une","Actualit\u00e9"],"inLanguage":"fr-FR","potentialAction":[{"@type":"CommentAction","name":"Comment","target":["https:\/\/lasentinelle.dz\/index.php\/2024\/10\/22\/prise-en-charge-des-malades-atteints-du-cancer-les-directives-fermes-de-tebboune\/#respond"]}]},{"@type":"WebPage","@id":"https:\/\/lasentinelle.dz\/index.php\/2024\/10\/22\/prise-en-charge-des-malades-atteints-du-cancer-les-directives-fermes-de-tebboune\/","url":"https:\/\/lasentinelle.dz\/index.php\/2024\/10\/22\/prise-en-charge-des-malades-atteints-du-cancer-les-directives-fermes-de-tebboune\/","name":"Prise en charge des malades atteints du cancer: Les directives fermes de Tebboune - La Sentinelle","isPartOf":{"@id":"https:\/\/lasentinelle.dz\/#website"},"primaryImageOfPage":{"@id":"https:\/\/lasentinelle.dz\/index.php\/2024\/10\/22\/prise-en-charge-des-malades-atteints-du-cancer-les-directives-fermes-de-tebboune\/#primaryimage"},"image":{"@id":"https:\/\/lasentinelle.dz\/index.php\/2024\/10\/22\/prise-en-charge-des-malades-atteints-du-cancer-les-directives-fermes-de-tebboune\/#primaryimage"},"thumbnailUrl":"https:\/\/lasentinelle.dz\/wp-content\/uploads\/2024\/10\/tebboune-commission-cancer.jpg","datePublished":"2024-10-22T21:35:25+00:00","dateModified":"2024-10-22T21:35:26+00:00","breadcrumb":{"@id":"https:\/\/lasentinelle.dz\/index.php\/2024\/10\/22\/prise-en-charge-des-malades-atteints-du-cancer-les-directives-fermes-de-tebboune\/#breadcrumb"},"inLanguage":"fr-FR","potentialAction":[{"@type":"ReadAction","target":["https:\/\/lasentinelle.dz\/index.php\/2024\/10\/22\/prise-en-charge-des-malades-atteints-du-cancer-les-directives-fermes-de-tebboune\/"]}]},{"@type":"ImageObject","inLanguage":"fr-FR","@id":"https:\/\/lasentinelle.dz\/index.php\/2024\/10\/22\/prise-en-charge-des-malades-atteints-du-cancer-les-directives-fermes-de-tebboune\/#primaryimage","url":"https:\/\/lasentinelle.dz\/wp-content\/uploads\/2024\/10\/tebboune-commission-cancer.jpg","contentUrl":"https:\/\/lasentinelle.dz\/wp-content\/uploads\/2024\/10\/tebboune-commission-cancer.jpg","width":2048,"height":1366},{"@type":"BreadcrumbList","@id":"https:\/\/lasentinelle.dz\/index.php\/2024\/10\/22\/prise-en-charge-des-malades-atteints-du-cancer-les-directives-fermes-de-tebboune\/#breadcrumb","itemListElement":[{"@type":"ListItem","position":1,"name":"Accueil","item":"https:\/\/lasentinelle.dz\/"},{"@type":"ListItem","position":2,"name":"Prise en charge des malades atteints du cancer: Les directives fermes de Tebboune"}]},{"@type":"WebSite","@id":"https:\/\/lasentinelle.dz\/#website","url":"https:\/\/lasentinelle.dz\/","name":"La Sentinelle","description":"Quotidien national d&#039;information","publisher":{"@id":"https:\/\/lasentinelle.dz\/#organization"},"potentialAction":[{"@type":"SearchAction","target":{"@type":"EntryPoint","urlTemplate":"https:\/\/lasentinelle.dz\/?s={search_term_string}"},"query-input":{"@type":"PropertyValueSpecification","valueRequired":true,"valueName":"search_term_string"}}],"inLanguage":"fr-FR"},{"@type":"Organization","@id":"https:\/\/lasentinelle.dz\/#organization","name":"Quotidien La Sentinelle","url":"https:\/\/lasentinelle.dz\/","logo":{"@type":"ImageObject","inLanguage":"fr-FR","@id":"https:\/\/lasentinelle.dz\/#\/schema\/logo\/image\/","url":"https:\/\/lasentinelle.dz\/wp-content\/uploads\/2021\/09\/logo-sentinelleSLOGAN-1.png","contentUrl":"https:\/\/lasentinelle.dz\/wp-content\/uploads\/2021\/09\/logo-sentinelleSLOGAN-1.png","width":615,"height":142,"caption":"Quotidien La Sentinelle"},"image":{"@id":"https:\/\/lasentinelle.dz\/#\/schema\/logo\/image\/"},"sameAs":["https:\/\/www.facebook.com\/La-Sentinelle-104059864394773"]},{"@type":"Person","@id":"https:\/\/lasentinelle.dz\/#\/schema\/person\/729ee0024f24e0b8c5ec17232f8e8b41","name":"admin","image":{"@type":"ImageObject","inLanguage":"fr-FR","@id":"https:\/\/secure.gravatar.com\/avatar\/4c81fed838786e9b53f540bf46533e750f5d292099ae3b66cfc6fb1982e29df7?s=96&d=mm&r=g","url":"https:\/\/secure.gravatar.com\/avatar\/4c81fed838786e9b53f540bf46533e750f5d292099ae3b66cfc6fb1982e29df7?s=96&d=mm&r=g","contentUrl":"https:\/\/secure.gravatar.com\/avatar\/4c81fed838786e9b53f540bf46533e750f5d292099ae3b66cfc6fb1982e29df7?s=96&d=mm&r=g","caption":"admin"},"description":"admin","url":"https:\/\/lasentinelle.dz\/author\/admin\/"}]}},"_links":{"self":[{"href":"https:\/\/lasentinelle.dz\/index.php\/wp-json\/wp\/v2\/posts\/58544","targetHints":{"allow":["GET"]}}],"collection":[{"href":"https:\/\/lasentinelle.dz\/index.php\/wp-json\/wp\/v2\/posts"}],"about":[{"href":"https:\/\/lasentinelle.dz\/index.php\/wp-json\/wp\/v2\/types\/post"}],"author":[{"embeddable":true,"href":"https:\/\/lasentinelle.dz\/index.php\/wp-json\/wp\/v2\/users\/6"}],"replies":[{"embeddable":true,"href":"https:\/\/lasentinelle.dz\/index.php\/wp-json\/wp\/v2\/comments?post=58544"}],"version-history":[{"count":1,"href":"https:\/\/lasentinelle.dz\/index.php\/wp-json\/wp\/v2\/posts\/58544\/revisions"}],"predecessor-version":[{"id":58546,"href":"https:\/\/lasentinelle.dz\/index.php\/wp-json\/wp\/v2\/posts\/58544\/revisions\/58546"}],"wp:featuredmedia":[{"embeddable":true,"href":"https:\/\/lasentinelle.dz\/index.php\/wp-json\/wp\/v2\/media\/58545"}],"wp:attachment":[{"href":"https:\/\/lasentinelle.dz\/index.php\/wp-json\/wp\/v2\/media?parent=58544"}],"wp:term":[{"taxonomy":"category","embeddable":true,"href":"https:\/\/lasentinelle.dz\/index.php\/wp-json\/wp\/v2\/categories?post=58544"},{"taxonomy":"post_tag","embeddable":true,"href":"https:\/\/lasentinelle.dz\/index.php\/wp-json\/wp\/v2\/tags?post=58544"}],"curies":[{"name":"wp","href":"https:\/\/api.w.org\/{rel}","templated":true}]}}