{"id":58615,"date":"2024-10-24T12:43:38","date_gmt":"2024-10-24T11:43:38","guid":{"rendered":"https:\/\/lasentinelle.dz\/?p=58615"},"modified":"2024-10-25T12:44:19","modified_gmt":"2024-10-25T11:44:19","slug":"2025-une-annee-charniere","status":"publish","type":"post","link":"https:\/\/lasentinelle.dz\/index.php\/2024\/10\/24\/2025-une-annee-charniere\/","title":{"rendered":"2025, une ann\u00e9e charni\u00e8re"},"content":{"rendered":"\n<p>Le ministre des Finances, La\u00e2ziz Fa\u00efd a soulign\u00e9 que 2025 constituera une \u00ab\u00a0ann\u00e9e charni\u00e8re pour l&rsquo;\u00e9conomie nationale\u00a0\u00bb et devra marquer un tournant d\u00e9cisif dans la mise en \u0153uvre des r\u00e9formes structurelles initi\u00e9es dans le cadre du programme pr\u00e9sidentiel. Des progr\u00e8s significatifs sont attendus tant en termes de performance \u00e9conomique que d&rsquo;am\u00e9lioration de la collecte des ressources fiscales, douani\u00e8res et bancaires.<\/p>\n\n\n\n<p>Le ministre des Finances, Laaziz Faid, a tenu mardi une importante r\u00e9union de coordination au si\u00e8ge de son minist\u00e8re, rassemblant l&rsquo;ensemble des acteurs cl\u00e9s du secteur financier. Cette rencontre s&rsquo;inscrit dans une s\u00e9rie de concertations initi\u00e9es depuis un an, visant \u00e0 renforcer la synergie entre les diff\u00e9rentes institutions financi\u00e8res du pays.<\/p>\n\n\n\n<p>Autour de la table se sont retrouv\u00e9s les directeurs g\u00e9n\u00e9raux des banques publiques, les principaux acteurs du march\u00e9 financier, un repr\u00e9sentant de la cellule de traitement du renseignement financier, ainsi que les responsables du Fonds national d&rsquo;investissement, du Tr\u00e9sor et des Douanes.<\/p>\n\n\n\n<p>La configuration \u00e9largie de cette r\u00e9union refl\u00e9tait l&rsquo;approche holistique adopt\u00e9e par le minist\u00e8re : autour de la table se sont retrouv\u00e9s les directeurs g\u00e9n\u00e9raux des banques publiques, les principaux acteurs du march\u00e9 financier, un repr\u00e9sentant de la cellule de traitement du renseignement financier, ainsi que les responsables du Fonds national d&rsquo;investissement, du Tr\u00e9sor et des Douanes.<\/p>\n\n\n\n<p>Le premier axe majeur abord\u00e9 lors de cette r\u00e9union concernait la mobilisation des ressources financi\u00e8res. Les banques publiques ont pr\u00e9sent\u00e9 un bilan d\u00e9taill\u00e9 de leurs efforts en mati\u00e8re de financement de l&rsquo;\u00e9conomie et de captation des ressources, avec une attention particuli\u00e8re port\u00e9e \u00e0 l&rsquo;absorption de l&rsquo;\u00e9pargne informelle. Sur ce point, le ministre a particuli\u00e8rement insist\u00e9 sur l&rsquo;urgence d&rsquo;intensifier la lutte contre le march\u00e9 informel et d&rsquo;\u00e9largir l&rsquo;inclusion financi\u00e8re, deux leviers essentiels pour la mobilisation des ressources dormantes.<\/p>\n\n\n\n<p>Les directives minist\u00e9rielles ont notamment mis l&rsquo;accent sur le r\u00f4le consultatif attendu des banques aupr\u00e8s des investisseurs. Faid a appel\u00e9 les \u00e9tablissements bancaires \u00e0 renforcer leur accompagnement des porteurs de projets, particuli\u00e8rement les PME, en optimisant l&rsquo;utilisation du cr\u00e9dit bancaire. Cette approche vise \u00e0 cr\u00e9er un environnement plus propice \u00e0 l&rsquo;investissement productif, tout en assurant une meilleure efficacit\u00e9 dans l&rsquo;allocation des ressources financi\u00e8res.<\/p>\n\n\n\n<p>La BDL et Djezzy en Bourse<\/p>\n\n\n\n<p>La r\u00e9forme du march\u00e9 financier constitue un autre chantier prioritaire dans la strat\u00e9gie du minist\u00e8re. Les avanc\u00e9es concernant l&rsquo;introduction en bourse de deux acteurs majeurs &#8211; la Banque de D\u00e9veloppement Local et l&rsquo;op\u00e9rateur de t\u00e9l\u00e9phonie Djezzy &#8211; ont \u00e9t\u00e9 pr\u00e9sent\u00e9es comme des \u00e9tapes significatives dans la dynamisation du march\u00e9 boursier alg\u00e9rien. Pour le ministre, la diversification des sources de financement de l&rsquo;\u00e9conomie, \u00e0 travers le renforcement du cr\u00e9dit bancaire et l&rsquo;\u00e9largissement du march\u00e9 financier, repr\u00e9sente une \u00ab\u00a0priorit\u00e9 strat\u00e9gique\u00a0\u00bb incontournable.<\/p>\n\n\n\n<p>Le Fonds national d&rsquo;investissement a fait l&rsquo;objet d&rsquo;une attention particuli\u00e8re lors des discussions. Son directeur g\u00e9n\u00e9ral a pr\u00e9sent\u00e9 un \u00e9tat des lieux d\u00e9taill\u00e9 des projets structurels en cours de financement, destin\u00e9s \u00e0 stimuler la relance \u00e9conomique. Dans une optique d&rsquo;optimisation, le ministre a propos\u00e9 la cr\u00e9ation de groupes de travail sp\u00e9cifiques pour am\u00e9liorer la coordination entre le Fonds et les banques, l&rsquo;objectif \u00e9tant de maximiser l&rsquo;impact des investissements sur la croissance \u00e9conomique et de cr\u00e9er des synergies plus efficaces entre les diff\u00e9rents acteurs du financement.<\/p>\n\n\n\n<p>La question sensible des importations a \u00e9galement occup\u00e9 une place centrale dans les discussions. Conform\u00e9ment aux directives pr\u00e9sidentielles, l&rsquo;accent a \u00e9t\u00e9 mis sur la recherche d&rsquo;un \u00e9quilibre d\u00e9licat entre la s\u00e9curisation du financement du march\u00e9 et la protection des r\u00e9serves de change. Le ministre a insist\u00e9 sur la n\u00e9cessit\u00e9 d&rsquo;une meilleure organisation des op\u00e9rations d&rsquo;importation des mati\u00e8res premi\u00e8res essentielles \u00e0 la production nationale, appelant \u00e0 une r\u00e9flexion approfondie sur les m\u00e9canismes permettant d&rsquo;assurer la fluidit\u00e9 des approvisionnements tout en pr\u00e9servant les \u00e9quilibres macro\u00e9conomiques.<\/p>\n\n\n\n<p>En conclusion de cette r\u00e9union marathon, Faid a soulign\u00e9 que 2025 constituera une \u00ab\u00a0\u00e9tape cruciale pour l&rsquo;\u00e9conomie nationale\u00a0\u00bb. Cette ann\u00e9e devra marquer un tournant d\u00e9cisif dans la mise en \u0153uvre des r\u00e9formes structurelles initi\u00e9es dans le cadre du programme pr\u00e9sidentiel. Des progr\u00e8s significatifs sont attendus tant en termes de performance \u00e9conomique que d&rsquo;am\u00e9lioration de la collecte des ressources fiscales, douani\u00e8res et bancaires, ainsi que celles li\u00e9es aux biens publics.<\/p>\n\n\n\n<p>Les multiples interventions des participants et les propositions formul\u00e9es pour renforcer les m\u00e9canismes de financement de l&rsquo;\u00e9conomie et am\u00e9liorer la gouvernance du secteur financier sugg\u00e8rent une dynamique positive dans la mise en \u0153uvre des r\u00e9formes. L&rsquo;ann\u00e9e 2025 s&rsquo;annonce ainsi comme une ann\u00e9e charni\u00e8re dans la transformation du paysage \u00e9conomique et financier alg\u00e9rien, avec des attentes \u00e9lev\u00e9es en termes de r\u00e9sultats concrets et de performances mesurables.<\/p>\n\n\n\n<p>Salim Amokrane<\/p>\n","protected":false},"excerpt":{"rendered":"<p>Le ministre des Finances, La\u00e2ziz Fa\u00efd a soulign\u00e9 que 2025 constituera une \u00ab\u00a0ann\u00e9e charni\u00e8re pour l&rsquo;\u00e9conomie nationale\u00a0\u00bb et devra marquer<\/p>\n","protected":false},"author":2,"featured_media":58616,"comment_status":"open","ping_status":"closed","sticky":false,"template":"","format":"standard","meta":{"colormag_page_container_layout":"default_layout","colormag_page_sidebar_layout":"default_layout","om_disable_all_campaigns":false,"_monsterinsights_skip_tracking":false,"_monsterinsights_sitenote_active":false,"_monsterinsights_sitenote_note":"","_monsterinsights_sitenote_category":0,"footnotes":"","_wpscppro_dont_share_socialmedia":false,"_wpscppro_custom_social_share_image":0,"_facebook_share_type":"default","_twitter_share_type":"default","_linkedin_share_type":"default","_pinterest_share_type":"default","_linkedin_share_type_page":"","_instagram_share_type":"default","_medium_share_type":"default","_threads_share_type":"","_google_business_share_type":"","_selected_social_profile":[],"_wpsp_enable_custom_social_template":false,"_wpsp_social_scheduling":{"enabled":false,"datetime":null,"platforms":[],"status":"template_only","dateOption":"today","timeOption":"now","customDays":"","customHours":"","customDate":"","customTime":"","schedulingType":"absolute"},"_wpsp_active_default_template":true},"categories":[52,29],"tags":[],"class_list":["post-58615","post","type-post","status-publish","format-standard","has-post-thumbnail","hentry","category-a-la-une","category-economie"],"aioseo_notices":[],"yoast_head":"<!-- This site is optimized with the Yoast SEO plugin v27.5 - https:\/\/yoast.com\/product\/yoast-seo-wordpress\/ -->\n<title>2025, une ann\u00e9e charni\u00e8re - La Sentinelle<\/title>\n<meta name=\"robots\" content=\"index, follow, max-snippet:-1, max-image-preview:large, max-video-preview:-1\" \/>\n<link rel=\"canonical\" href=\"https:\/\/lasentinelle.dz\/index.php\/2024\/10\/24\/2025-une-annee-charniere\/\" \/>\n<meta property=\"og:locale\" content=\"fr_FR\" \/>\n<meta property=\"og:type\" content=\"article\" \/>\n<meta property=\"og:title\" content=\"2025, une ann\u00e9e charni\u00e8re - La Sentinelle\" \/>\n<meta property=\"og:description\" content=\"Le ministre des Finances, La\u00e2ziz Fa\u00efd a soulign\u00e9 que 2025 constituera une \u00ab\u00a0ann\u00e9e charni\u00e8re pour l&rsquo;\u00e9conomie nationale\u00a0\u00bb et devra marquer\" \/>\n<meta property=\"og:url\" content=\"https:\/\/lasentinelle.dz\/index.php\/2024\/10\/24\/2025-une-annee-charniere\/\" \/>\n<meta property=\"og:site_name\" content=\"La Sentinelle\" \/>\n<meta property=\"article:publisher\" content=\"https:\/\/www.facebook.com\/La-Sentinelle-104059864394773\" \/>\n<meta property=\"article:published_time\" content=\"2024-10-24T11:43:38+00:00\" \/>\n<meta property=\"article:modified_time\" content=\"2024-10-25T11:44:19+00:00\" \/>\n<meta property=\"og:image\" content=\"https:\/\/lasentinelle.dz\/wp-content\/uploads\/2024\/10\/port-dAlger.jpg\" \/>\n\t<meta property=\"og:image:width\" content=\"1000\" \/>\n\t<meta property=\"og:image:height\" content=\"666\" \/>\n\t<meta property=\"og:image:type\" content=\"image\/jpeg\" \/>\n<meta name=\"author\" content=\"Azzedine Belferag\" \/>\n<meta name=\"twitter:card\" content=\"summary_large_image\" \/>\n<meta name=\"twitter:label1\" content=\"\u00c9crit par\" \/>\n\t<meta name=\"twitter:data1\" content=\"Azzedine Belferag\" \/>\n\t<meta name=\"twitter:label2\" content=\"Dur\u00e9e de lecture estim\u00e9e\" \/>\n\t<meta name=\"twitter:data2\" content=\"4 minutes\" \/>\n<script type=\"application\/ld+json\" class=\"yoast-schema-graph\">{\"@context\":\"https:\\\/\\\/schema.org\",\"@graph\":[{\"@type\":\"Article\",\"@id\":\"https:\\\/\\\/lasentinelle.dz\\\/index.php\\\/2024\\\/10\\\/24\\\/2025-une-annee-charniere\\\/#article\",\"isPartOf\":{\"@id\":\"https:\\\/\\\/lasentinelle.dz\\\/index.php\\\/2024\\\/10\\\/24\\\/2025-une-annee-charniere\\\/\"},\"author\":{\"name\":\"Azzedine Belferag\",\"@id\":\"https:\\\/\\\/lasentinelle.dz\\\/#\\\/schema\\\/person\\\/e22c868643946ece5f328ac9d185b29f\"},\"headline\":\"2025, une ann\u00e9e charni\u00e8re\",\"datePublished\":\"2024-10-24T11:43:38+00:00\",\"dateModified\":\"2024-10-25T11:44:19+00:00\",\"mainEntityOfPage\":{\"@id\":\"https:\\\/\\\/lasentinelle.dz\\\/index.php\\\/2024\\\/10\\\/24\\\/2025-une-annee-charniere\\\/\"},\"wordCount\":876,\"commentCount\":0,\"publisher\":{\"@id\":\"https:\\\/\\\/lasentinelle.dz\\\/#organization\"},\"image\":{\"@id\":\"https:\\\/\\\/lasentinelle.dz\\\/index.php\\\/2024\\\/10\\\/24\\\/2025-une-annee-charniere\\\/#primaryimage\"},\"thumbnailUrl\":\"https:\\\/\\\/lasentinelle.dz\\\/wp-content\\\/uploads\\\/2024\\\/10\\\/port-dAlger.jpg\",\"articleSection\":[\"\u00c0 la Une\",\"\u00c9conomie\"],\"inLanguage\":\"fr-FR\",\"potentialAction\":[{\"@type\":\"CommentAction\",\"name\":\"Comment\",\"target\":[\"https:\\\/\\\/lasentinelle.dz\\\/index.php\\\/2024\\\/10\\\/24\\\/2025-une-annee-charniere\\\/#respond\"]}]},{\"@type\":\"WebPage\",\"@id\":\"https:\\\/\\\/lasentinelle.dz\\\/index.php\\\/2024\\\/10\\\/24\\\/2025-une-annee-charniere\\\/\",\"url\":\"https:\\\/\\\/lasentinelle.dz\\\/index.php\\\/2024\\\/10\\\/24\\\/2025-une-annee-charniere\\\/\",\"name\":\"2025, une ann\u00e9e charni\u00e8re - La Sentinelle\",\"isPartOf\":{\"@id\":\"https:\\\/\\\/lasentinelle.dz\\\/#website\"},\"primaryImageOfPage\":{\"@id\":\"https:\\\/\\\/lasentinelle.dz\\\/index.php\\\/2024\\\/10\\\/24\\\/2025-une-annee-charniere\\\/#primaryimage\"},\"image\":{\"@id\":\"https:\\\/\\\/lasentinelle.dz\\\/index.php\\\/2024\\\/10\\\/24\\\/2025-une-annee-charniere\\\/#primaryimage\"},\"thumbnailUrl\":\"https:\\\/\\\/lasentinelle.dz\\\/wp-content\\\/uploads\\\/2024\\\/10\\\/port-dAlger.jpg\",\"datePublished\":\"2024-10-24T11:43:38+00:00\",\"dateModified\":\"2024-10-25T11:44:19+00:00\",\"breadcrumb\":{\"@id\":\"https:\\\/\\\/lasentinelle.dz\\\/index.php\\\/2024\\\/10\\\/24\\\/2025-une-annee-charniere\\\/#breadcrumb\"},\"inLanguage\":\"fr-FR\",\"potentialAction\":[{\"@type\":\"ReadAction\",\"target\":[\"https:\\\/\\\/lasentinelle.dz\\\/index.php\\\/2024\\\/10\\\/24\\\/2025-une-annee-charniere\\\/\"]}]},{\"@type\":\"ImageObject\",\"inLanguage\":\"fr-FR\",\"@id\":\"https:\\\/\\\/lasentinelle.dz\\\/index.php\\\/2024\\\/10\\\/24\\\/2025-une-annee-charniere\\\/#primaryimage\",\"url\":\"https:\\\/\\\/lasentinelle.dz\\\/wp-content\\\/uploads\\\/2024\\\/10\\\/port-dAlger.jpg\",\"contentUrl\":\"https:\\\/\\\/lasentinelle.dz\\\/wp-content\\\/uploads\\\/2024\\\/10\\\/port-dAlger.jpg\",\"width\":1000,\"height\":666},{\"@type\":\"BreadcrumbList\",\"@id\":\"https:\\\/\\\/lasentinelle.dz\\\/index.php\\\/2024\\\/10\\\/24\\\/2025-une-annee-charniere\\\/#breadcrumb\",\"itemListElement\":[{\"@type\":\"ListItem\",\"position\":1,\"name\":\"Accueil\",\"item\":\"https:\\\/\\\/lasentinelle.dz\\\/\"},{\"@type\":\"ListItem\",\"position\":2,\"name\":\"2025, une ann\u00e9e charni\u00e8re\"}]},{\"@type\":\"WebSite\",\"@id\":\"https:\\\/\\\/lasentinelle.dz\\\/#website\",\"url\":\"https:\\\/\\\/lasentinelle.dz\\\/\",\"name\":\"La Sentinelle\",\"description\":\"Quotidien national d&#039;information\",\"publisher\":{\"@id\":\"https:\\\/\\\/lasentinelle.dz\\\/#organization\"},\"potentialAction\":[{\"@type\":\"SearchAction\",\"target\":{\"@type\":\"EntryPoint\",\"urlTemplate\":\"https:\\\/\\\/lasentinelle.dz\\\/?s={search_term_string}\"},\"query-input\":{\"@type\":\"PropertyValueSpecification\",\"valueRequired\":true,\"valueName\":\"search_term_string\"}}],\"inLanguage\":\"fr-FR\"},{\"@type\":\"Organization\",\"@id\":\"https:\\\/\\\/lasentinelle.dz\\\/#organization\",\"name\":\"Quotidien La Sentinelle\",\"url\":\"https:\\\/\\\/lasentinelle.dz\\\/\",\"logo\":{\"@type\":\"ImageObject\",\"inLanguage\":\"fr-FR\",\"@id\":\"https:\\\/\\\/lasentinelle.dz\\\/#\\\/schema\\\/logo\\\/image\\\/\",\"url\":\"https:\\\/\\\/lasentinelle.dz\\\/wp-content\\\/uploads\\\/2021\\\/09\\\/logo-sentinelleSLOGAN-1.png\",\"contentUrl\":\"https:\\\/\\\/lasentinelle.dz\\\/wp-content\\\/uploads\\\/2021\\\/09\\\/logo-sentinelleSLOGAN-1.png\",\"width\":615,\"height\":142,\"caption\":\"Quotidien La Sentinelle\"},\"image\":{\"@id\":\"https:\\\/\\\/lasentinelle.dz\\\/#\\\/schema\\\/logo\\\/image\\\/\"},\"sameAs\":[\"https:\\\/\\\/www.facebook.com\\\/La-Sentinelle-104059864394773\"]},{\"@type\":\"Person\",\"@id\":\"https:\\\/\\\/lasentinelle.dz\\\/#\\\/schema\\\/person\\\/e22c868643946ece5f328ac9d185b29f\",\"name\":\"Azzedine Belferag\",\"image\":{\"@type\":\"ImageObject\",\"inLanguage\":\"fr-FR\",\"@id\":\"https:\\\/\\\/secure.gravatar.com\\\/avatar\\\/767ecc3bfcf23cd6d0dae1705f124feb13a88fded1daa56498e4fb3aa3fc36a1?s=96&d=mm&r=g\",\"url\":\"https:\\\/\\\/secure.gravatar.com\\\/avatar\\\/767ecc3bfcf23cd6d0dae1705f124feb13a88fded1daa56498e4fb3aa3fc36a1?s=96&d=mm&r=g\",\"contentUrl\":\"https:\\\/\\\/secure.gravatar.com\\\/avatar\\\/767ecc3bfcf23cd6d0dae1705f124feb13a88fded1daa56498e4fb3aa3fc36a1?s=96&d=mm&r=g\",\"caption\":\"Azzedine Belferag\"},\"sameAs\":[\"http:\\\/\\\/www.lasentinelle.dz\"],\"url\":\"https:\\\/\\\/lasentinelle.dz\\\/author\\\/belferag\\\/\"}]}<\/script>\n<!-- \/ Yoast SEO plugin. -->","yoast_head_json":{"title":"2025, une ann\u00e9e charni\u00e8re - La Sentinelle","robots":{"index":"index","follow":"follow","max-snippet":"max-snippet:-1","max-image-preview":"max-image-preview:large","max-video-preview":"max-video-preview:-1"},"canonical":"https:\/\/lasentinelle.dz\/index.php\/2024\/10\/24\/2025-une-annee-charniere\/","og_locale":"fr_FR","og_type":"article","og_title":"2025, une ann\u00e9e charni\u00e8re - La Sentinelle","og_description":"Le ministre des Finances, La\u00e2ziz Fa\u00efd a soulign\u00e9 que 2025 constituera une \u00ab\u00a0ann\u00e9e charni\u00e8re pour l&rsquo;\u00e9conomie nationale\u00a0\u00bb et devra marquer","og_url":"https:\/\/lasentinelle.dz\/index.php\/2024\/10\/24\/2025-une-annee-charniere\/","og_site_name":"La Sentinelle","article_publisher":"https:\/\/www.facebook.com\/La-Sentinelle-104059864394773","article_published_time":"2024-10-24T11:43:38+00:00","article_modified_time":"2024-10-25T11:44:19+00:00","og_image":[{"width":1000,"height":666,"url":"https:\/\/lasentinelle.dz\/wp-content\/uploads\/2024\/10\/port-dAlger.jpg","type":"image\/jpeg"}],"author":"Azzedine Belferag","twitter_card":"summary_large_image","twitter_misc":{"\u00c9crit par":"Azzedine Belferag","Dur\u00e9e de lecture estim\u00e9e":"4 minutes"},"schema":{"@context":"https:\/\/schema.org","@graph":[{"@type":"Article","@id":"https:\/\/lasentinelle.dz\/index.php\/2024\/10\/24\/2025-une-annee-charniere\/#article","isPartOf":{"@id":"https:\/\/lasentinelle.dz\/index.php\/2024\/10\/24\/2025-une-annee-charniere\/"},"author":{"name":"Azzedine Belferag","@id":"https:\/\/lasentinelle.dz\/#\/schema\/person\/e22c868643946ece5f328ac9d185b29f"},"headline":"2025, une ann\u00e9e charni\u00e8re","datePublished":"2024-10-24T11:43:38+00:00","dateModified":"2024-10-25T11:44:19+00:00","mainEntityOfPage":{"@id":"https:\/\/lasentinelle.dz\/index.php\/2024\/10\/24\/2025-une-annee-charniere\/"},"wordCount":876,"commentCount":0,"publisher":{"@id":"https:\/\/lasentinelle.dz\/#organization"},"image":{"@id":"https:\/\/lasentinelle.dz\/index.php\/2024\/10\/24\/2025-une-annee-charniere\/#primaryimage"},"thumbnailUrl":"https:\/\/lasentinelle.dz\/wp-content\/uploads\/2024\/10\/port-dAlger.jpg","articleSection":["\u00c0 la Une","\u00c9conomie"],"inLanguage":"fr-FR","potentialAction":[{"@type":"CommentAction","name":"Comment","target":["https:\/\/lasentinelle.dz\/index.php\/2024\/10\/24\/2025-une-annee-charniere\/#respond"]}]},{"@type":"WebPage","@id":"https:\/\/lasentinelle.dz\/index.php\/2024\/10\/24\/2025-une-annee-charniere\/","url":"https:\/\/lasentinelle.dz\/index.php\/2024\/10\/24\/2025-une-annee-charniere\/","name":"2025, une ann\u00e9e charni\u00e8re - La Sentinelle","isPartOf":{"@id":"https:\/\/lasentinelle.dz\/#website"},"primaryImageOfPage":{"@id":"https:\/\/lasentinelle.dz\/index.php\/2024\/10\/24\/2025-une-annee-charniere\/#primaryimage"},"image":{"@id":"https:\/\/lasentinelle.dz\/index.php\/2024\/10\/24\/2025-une-annee-charniere\/#primaryimage"},"thumbnailUrl":"https:\/\/lasentinelle.dz\/wp-content\/uploads\/2024\/10\/port-dAlger.jpg","datePublished":"2024-10-24T11:43:38+00:00","dateModified":"2024-10-25T11:44:19+00:00","breadcrumb":{"@id":"https:\/\/lasentinelle.dz\/index.php\/2024\/10\/24\/2025-une-annee-charniere\/#breadcrumb"},"inLanguage":"fr-FR","potentialAction":[{"@type":"ReadAction","target":["https:\/\/lasentinelle.dz\/index.php\/2024\/10\/24\/2025-une-annee-charniere\/"]}]},{"@type":"ImageObject","inLanguage":"fr-FR","@id":"https:\/\/lasentinelle.dz\/index.php\/2024\/10\/24\/2025-une-annee-charniere\/#primaryimage","url":"https:\/\/lasentinelle.dz\/wp-content\/uploads\/2024\/10\/port-dAlger.jpg","contentUrl":"https:\/\/lasentinelle.dz\/wp-content\/uploads\/2024\/10\/port-dAlger.jpg","width":1000,"height":666},{"@type":"BreadcrumbList","@id":"https:\/\/lasentinelle.dz\/index.php\/2024\/10\/24\/2025-une-annee-charniere\/#breadcrumb","itemListElement":[{"@type":"ListItem","position":1,"name":"Accueil","item":"https:\/\/lasentinelle.dz\/"},{"@type":"ListItem","position":2,"name":"2025, une ann\u00e9e charni\u00e8re"}]},{"@type":"WebSite","@id":"https:\/\/lasentinelle.dz\/#website","url":"https:\/\/lasentinelle.dz\/","name":"La Sentinelle","description":"Quotidien national d&#039;information","publisher":{"@id":"https:\/\/lasentinelle.dz\/#organization"},"potentialAction":[{"@type":"SearchAction","target":{"@type":"EntryPoint","urlTemplate":"https:\/\/lasentinelle.dz\/?s={search_term_string}"},"query-input":{"@type":"PropertyValueSpecification","valueRequired":true,"valueName":"search_term_string"}}],"inLanguage":"fr-FR"},{"@type":"Organization","@id":"https:\/\/lasentinelle.dz\/#organization","name":"Quotidien La Sentinelle","url":"https:\/\/lasentinelle.dz\/","logo":{"@type":"ImageObject","inLanguage":"fr-FR","@id":"https:\/\/lasentinelle.dz\/#\/schema\/logo\/image\/","url":"https:\/\/lasentinelle.dz\/wp-content\/uploads\/2021\/09\/logo-sentinelleSLOGAN-1.png","contentUrl":"https:\/\/lasentinelle.dz\/wp-content\/uploads\/2021\/09\/logo-sentinelleSLOGAN-1.png","width":615,"height":142,"caption":"Quotidien La Sentinelle"},"image":{"@id":"https:\/\/lasentinelle.dz\/#\/schema\/logo\/image\/"},"sameAs":["https:\/\/www.facebook.com\/La-Sentinelle-104059864394773"]},{"@type":"Person","@id":"https:\/\/lasentinelle.dz\/#\/schema\/person\/e22c868643946ece5f328ac9d185b29f","name":"Azzedine Belferag","image":{"@type":"ImageObject","inLanguage":"fr-FR","@id":"https:\/\/secure.gravatar.com\/avatar\/767ecc3bfcf23cd6d0dae1705f124feb13a88fded1daa56498e4fb3aa3fc36a1?s=96&d=mm&r=g","url":"https:\/\/secure.gravatar.com\/avatar\/767ecc3bfcf23cd6d0dae1705f124feb13a88fded1daa56498e4fb3aa3fc36a1?s=96&d=mm&r=g","contentUrl":"https:\/\/secure.gravatar.com\/avatar\/767ecc3bfcf23cd6d0dae1705f124feb13a88fded1daa56498e4fb3aa3fc36a1?s=96&d=mm&r=g","caption":"Azzedine Belferag"},"sameAs":["http:\/\/www.lasentinelle.dz"],"url":"https:\/\/lasentinelle.dz\/author\/belferag\/"}]}},"_links":{"self":[{"href":"https:\/\/lasentinelle.dz\/index.php\/wp-json\/wp\/v2\/posts\/58615","targetHints":{"allow":["GET"]}}],"collection":[{"href":"https:\/\/lasentinelle.dz\/index.php\/wp-json\/wp\/v2\/posts"}],"about":[{"href":"https:\/\/lasentinelle.dz\/index.php\/wp-json\/wp\/v2\/types\/post"}],"author":[{"embeddable":true,"href":"https:\/\/lasentinelle.dz\/index.php\/wp-json\/wp\/v2\/users\/2"}],"replies":[{"embeddable":true,"href":"https:\/\/lasentinelle.dz\/index.php\/wp-json\/wp\/v2\/comments?post=58615"}],"version-history":[{"count":1,"href":"https:\/\/lasentinelle.dz\/index.php\/wp-json\/wp\/v2\/posts\/58615\/revisions"}],"predecessor-version":[{"id":58617,"href":"https:\/\/lasentinelle.dz\/index.php\/wp-json\/wp\/v2\/posts\/58615\/revisions\/58617"}],"wp:featuredmedia":[{"embeddable":true,"href":"https:\/\/lasentinelle.dz\/index.php\/wp-json\/wp\/v2\/media\/58616"}],"wp:attachment":[{"href":"https:\/\/lasentinelle.dz\/index.php\/wp-json\/wp\/v2\/media?parent=58615"}],"wp:term":[{"taxonomy":"category","embeddable":true,"href":"https:\/\/lasentinelle.dz\/index.php\/wp-json\/wp\/v2\/categories?post=58615"},{"taxonomy":"post_tag","embeddable":true,"href":"https:\/\/lasentinelle.dz\/index.php\/wp-json\/wp\/v2\/tags?post=58615"}],"curies":[{"name":"wp","href":"https:\/\/api.w.org\/{rel}","templated":true}]}}