{"id":58619,"date":"2024-10-27T10:20:04","date_gmt":"2024-10-27T09:20:04","guid":{"rendered":"https:\/\/lasentinelle.dz\/?p=58619"},"modified":"2024-10-27T10:20:05","modified_gmt":"2024-10-27T09:20:05","slug":"oran-capitale-de-la-jeunesse-africaine","status":"publish","type":"post","link":"https:\/\/lasentinelle.dz\/index.php\/2024\/10\/27\/oran-capitale-de-la-jeunesse-africaine\/","title":{"rendered":"Oran, capitale de la jeunesse africaine"},"content":{"rendered":"\n<p>L&rsquo;Alg\u00e9rie confirme une fois de plus son r\u00f4le de leader et de catalyseur pour la jeunesse africaine en s&rsquo;appr\u00eatant \u00e0 accueillir le 4e Forum panafricain de la jeunesse \u00e0 Oran, un \u00e9v\u00e9nement majeur qui souligne l&rsquo;engagement constant du pays envers le d\u00e9veloppement du continent. Dans cette perspective, une d\u00e9l\u00e9gation de six membres de l&rsquo;Union Africaine est arriv\u00e9e hier dans la capitale de l&rsquo;Ouest pour s\u2019enqu\u00e9rir des pr\u00e9paratifs de ce rendez-vous continental pr\u00e9vu du 1er au 4 novembre prochain. Le choix de la date d&rsquo;ouverture n&rsquo;est pas anodin, co\u00efncidant symboliquement avec la Journ\u00e9e de la jeunesse africaine et le 70e anniversaire du d\u00e9clenchement de la Guerre de lib\u00e9ration nationale, cr\u00e9ant ainsi un pont significatif entre l&rsquo;histoire glorieuse du pays et son engagement pour l&rsquo;avenir du continent. La mobilisation des autorit\u00e9s locales et du Conseil sup\u00e9rieur de la jeunesse (CSJ) t\u00e9moigne de l&rsquo;importance accord\u00e9e \u00e0 cet \u00e9v\u00e9nement qui rassemblera pr\u00e8s de 500 jeunes, dont 350 repr\u00e9sentants de tous les pays africains et 150 Alg\u00e9riens. Le th\u00e8me central du forum, \u00ab\u00a0L&rsquo;\u00e9ducation africaine au diapason du 21e si\u00e8cle\u00a0\u00bb, refl\u00e8te parfaitement les ambitions de l&rsquo;Alg\u00e9rie qui s&rsquo;est impos\u00e9e comme une destination privil\u00e9gi\u00e9e pour les \u00e9tudiants africains. Les pr\u00e9paratifs battent leur plein avec une attention particuli\u00e8re port\u00e9e aux infrastructures d&rsquo;accueil, notamment le village m\u00e9diterran\u00e9en qui h\u00e9bergera les participants et l&rsquo;h\u00f4tel M\u00e9ridien qui abritera les activit\u00e9s et ateliers. L&rsquo;attribution de l&rsquo;organisation de ce forum \u00e0 l&rsquo;Alg\u00e9rie par l&rsquo;Union africaine souligne la reconnaissance du leadership alg\u00e9rien dans le d\u00e9veloppement de la jeunesse continentale. Le pr\u00e9sident de la d\u00e9l\u00e9gation de l&rsquo;UA, l&rsquo;Ethiopien Daniel Adugna, n&rsquo;a d&rsquo;ailleurs pas manqu\u00e9 de saluer l&rsquo;accueil chaleureux des organisateurs et l&rsquo;importance de cette rencontre qui touchera divers secteurs cruciaux pour l&rsquo;avenir de la jeunesse africaine. Cet \u00e9v\u00e9nement s&rsquo;inscrit dans la continuit\u00e9 de la politique alg\u00e9rienne de soutien \u00e0 l&rsquo;\u00e9ducation en Afrique, comme l&rsquo;a soulign\u00e9 le pr\u00e9sident du CSJ, Mustapha Hidaoui. La pr\u00e9sence des repr\u00e9sentants des 55 pays du continent d\u00e9montre l&rsquo;ampleur et l&rsquo;importance de ce forum qui vise \u00e0 construire des syst\u00e8mes \u00e9ducatifs flexibles et adapt\u00e9s aux d\u00e9fis du 21e si\u00e8cle. \u00c0 travers l&rsquo;organisation de cet \u00e9v\u00e9nement majeur, l&rsquo;Alg\u00e9rie r\u00e9affirme son engagement historique envers l&rsquo;unit\u00e9 africaine et sa volont\u00e9 de contribuer activement au d\u00e9veloppement du capital humain du continent, en mettant particuli\u00e8rement l&rsquo;accent sur l&rsquo;\u00e9ducation comme vecteur de progr\u00e8s et de d\u00e9veloppement durable.<\/p>\n\n\n\n<p>Salim Amokrane<\/p>\n","protected":false},"excerpt":{"rendered":"<p>L&rsquo;Alg\u00e9rie confirme une fois de plus son r\u00f4le de leader et de catalyseur pour la jeunesse africaine en s&rsquo;appr\u00eatant \u00e0<\/p>\n","protected":false},"author":6,"featured_media":33946,"comment_status":"open","ping_status":"closed","sticky":false,"template":"","format":"standard","meta":{"colormag_page_container_layout":"default_layout","colormag_page_sidebar_layout":"default_layout","om_disable_all_campaigns":false,"_monsterinsights_skip_tracking":false,"_monsterinsights_sitenote_active":false,"_monsterinsights_sitenote_note":"","_monsterinsights_sitenote_category":0,"footnotes":"","_wpscppro_dont_share_socialmedia":false,"_wpscppro_custom_social_share_image":0,"_facebook_share_type":"default","_twitter_share_type":"default","_linkedin_share_type":"default","_pinterest_share_type":"default","_linkedin_share_type_page":"","_instagram_share_type":"default","_medium_share_type":"default","_threads_share_type":"","_google_business_share_type":"","_selected_social_profile":[],"_wpsp_enable_custom_social_template":false,"_wpsp_social_scheduling":{"enabled":false,"datetime":null,"platforms":[],"status":"template_only","dateOption":"today","timeOption":"now","customDays":"","customHours":"","customDate":"","customTime":"","schedulingType":"absolute"},"_wpsp_active_default_template":true},"categories":[27],"tags":[],"class_list":["post-58619","post","type-post","status-publish","format-standard","has-post-thumbnail","hentry","category-actualite"],"aioseo_notices":[],"yoast_head":"<!-- This site is optimized with the Yoast SEO plugin v27.5 - https:\/\/yoast.com\/product\/yoast-seo-wordpress\/ -->\n<title>Oran, capitale de la jeunesse africaine - La Sentinelle<\/title>\n<meta name=\"robots\" content=\"index, follow, max-snippet:-1, max-image-preview:large, max-video-preview:-1\" \/>\n<link rel=\"canonical\" href=\"https:\/\/lasentinelle.dz\/index.php\/2024\/10\/27\/oran-capitale-de-la-jeunesse-africaine\/\" \/>\n<meta property=\"og:locale\" content=\"fr_FR\" \/>\n<meta property=\"og:type\" content=\"article\" \/>\n<meta property=\"og:title\" content=\"Oran, capitale de la jeunesse africaine - La Sentinelle\" \/>\n<meta property=\"og:description\" content=\"L&rsquo;Alg\u00e9rie confirme une fois de plus son r\u00f4le de leader et de catalyseur pour la jeunesse africaine en s&rsquo;appr\u00eatant \u00e0\" \/>\n<meta property=\"og:url\" content=\"https:\/\/lasentinelle.dz\/index.php\/2024\/10\/27\/oran-capitale-de-la-jeunesse-africaine\/\" \/>\n<meta property=\"og:site_name\" content=\"La Sentinelle\" \/>\n<meta property=\"article:publisher\" content=\"https:\/\/www.facebook.com\/La-Sentinelle-104059864394773\" \/>\n<meta property=\"article:published_time\" content=\"2024-10-27T09:20:04+00:00\" \/>\n<meta property=\"article:modified_time\" content=\"2024-10-27T09:20:05+00:00\" \/>\n<meta property=\"og:image\" content=\"https:\/\/lasentinelle.dz\/wp-content\/uploads\/2023\/01\/Oran.jpeg\" \/>\n\t<meta property=\"og:image:width\" content=\"1400\" \/>\n\t<meta property=\"og:image:height\" content=\"933\" \/>\n\t<meta property=\"og:image:type\" content=\"image\/jpeg\" \/>\n<meta name=\"author\" content=\"admin\" \/>\n<meta name=\"twitter:card\" content=\"summary_large_image\" \/>\n<meta name=\"twitter:label1\" content=\"\u00c9crit par\" \/>\n\t<meta name=\"twitter:data1\" content=\"admin\" \/>\n\t<meta name=\"twitter:label2\" content=\"Dur\u00e9e de lecture estim\u00e9e\" \/>\n\t<meta name=\"twitter:data2\" content=\"3 minutes\" \/>\n<script type=\"application\/ld+json\" class=\"yoast-schema-graph\">{\"@context\":\"https:\\\/\\\/schema.org\",\"@graph\":[{\"@type\":\"Article\",\"@id\":\"https:\\\/\\\/lasentinelle.dz\\\/index.php\\\/2024\\\/10\\\/27\\\/oran-capitale-de-la-jeunesse-africaine\\\/#article\",\"isPartOf\":{\"@id\":\"https:\\\/\\\/lasentinelle.dz\\\/index.php\\\/2024\\\/10\\\/27\\\/oran-capitale-de-la-jeunesse-africaine\\\/\"},\"author\":{\"name\":\"admin\",\"@id\":\"https:\\\/\\\/lasentinelle.dz\\\/#\\\/schema\\\/person\\\/729ee0024f24e0b8c5ec17232f8e8b41\"},\"headline\":\"Oran, capitale de la jeunesse africaine\",\"datePublished\":\"2024-10-27T09:20:04+00:00\",\"dateModified\":\"2024-10-27T09:20:05+00:00\",\"mainEntityOfPage\":{\"@id\":\"https:\\\/\\\/lasentinelle.dz\\\/index.php\\\/2024\\\/10\\\/27\\\/oran-capitale-de-la-jeunesse-africaine\\\/\"},\"wordCount\":475,\"commentCount\":0,\"publisher\":{\"@id\":\"https:\\\/\\\/lasentinelle.dz\\\/#organization\"},\"image\":{\"@id\":\"https:\\\/\\\/lasentinelle.dz\\\/index.php\\\/2024\\\/10\\\/27\\\/oran-capitale-de-la-jeunesse-africaine\\\/#primaryimage\"},\"thumbnailUrl\":\"https:\\\/\\\/lasentinelle.dz\\\/wp-content\\\/uploads\\\/2023\\\/01\\\/Oran.jpeg\",\"articleSection\":[\"Actualit\u00e9\"],\"inLanguage\":\"fr-FR\",\"potentialAction\":[{\"@type\":\"CommentAction\",\"name\":\"Comment\",\"target\":[\"https:\\\/\\\/lasentinelle.dz\\\/index.php\\\/2024\\\/10\\\/27\\\/oran-capitale-de-la-jeunesse-africaine\\\/#respond\"]}]},{\"@type\":\"WebPage\",\"@id\":\"https:\\\/\\\/lasentinelle.dz\\\/index.php\\\/2024\\\/10\\\/27\\\/oran-capitale-de-la-jeunesse-africaine\\\/\",\"url\":\"https:\\\/\\\/lasentinelle.dz\\\/index.php\\\/2024\\\/10\\\/27\\\/oran-capitale-de-la-jeunesse-africaine\\\/\",\"name\":\"Oran, capitale de la jeunesse africaine - La Sentinelle\",\"isPartOf\":{\"@id\":\"https:\\\/\\\/lasentinelle.dz\\\/#website\"},\"primaryImageOfPage\":{\"@id\":\"https:\\\/\\\/lasentinelle.dz\\\/index.php\\\/2024\\\/10\\\/27\\\/oran-capitale-de-la-jeunesse-africaine\\\/#primaryimage\"},\"image\":{\"@id\":\"https:\\\/\\\/lasentinelle.dz\\\/index.php\\\/2024\\\/10\\\/27\\\/oran-capitale-de-la-jeunesse-africaine\\\/#primaryimage\"},\"thumbnailUrl\":\"https:\\\/\\\/lasentinelle.dz\\\/wp-content\\\/uploads\\\/2023\\\/01\\\/Oran.jpeg\",\"datePublished\":\"2024-10-27T09:20:04+00:00\",\"dateModified\":\"2024-10-27T09:20:05+00:00\",\"breadcrumb\":{\"@id\":\"https:\\\/\\\/lasentinelle.dz\\\/index.php\\\/2024\\\/10\\\/27\\\/oran-capitale-de-la-jeunesse-africaine\\\/#breadcrumb\"},\"inLanguage\":\"fr-FR\",\"potentialAction\":[{\"@type\":\"ReadAction\",\"target\":[\"https:\\\/\\\/lasentinelle.dz\\\/index.php\\\/2024\\\/10\\\/27\\\/oran-capitale-de-la-jeunesse-africaine\\\/\"]}]},{\"@type\":\"ImageObject\",\"inLanguage\":\"fr-FR\",\"@id\":\"https:\\\/\\\/lasentinelle.dz\\\/index.php\\\/2024\\\/10\\\/27\\\/oran-capitale-de-la-jeunesse-africaine\\\/#primaryimage\",\"url\":\"https:\\\/\\\/lasentinelle.dz\\\/wp-content\\\/uploads\\\/2023\\\/01\\\/Oran.jpeg\",\"contentUrl\":\"https:\\\/\\\/lasentinelle.dz\\\/wp-content\\\/uploads\\\/2023\\\/01\\\/Oran.jpeg\",\"width\":1400,\"height\":933},{\"@type\":\"BreadcrumbList\",\"@id\":\"https:\\\/\\\/lasentinelle.dz\\\/index.php\\\/2024\\\/10\\\/27\\\/oran-capitale-de-la-jeunesse-africaine\\\/#breadcrumb\",\"itemListElement\":[{\"@type\":\"ListItem\",\"position\":1,\"name\":\"Accueil\",\"item\":\"https:\\\/\\\/lasentinelle.dz\\\/\"},{\"@type\":\"ListItem\",\"position\":2,\"name\":\"Oran, capitale de la jeunesse africaine\"}]},{\"@type\":\"WebSite\",\"@id\":\"https:\\\/\\\/lasentinelle.dz\\\/#website\",\"url\":\"https:\\\/\\\/lasentinelle.dz\\\/\",\"name\":\"La Sentinelle\",\"description\":\"Quotidien national d&#039;information\",\"publisher\":{\"@id\":\"https:\\\/\\\/lasentinelle.dz\\\/#organization\"},\"potentialAction\":[{\"@type\":\"SearchAction\",\"target\":{\"@type\":\"EntryPoint\",\"urlTemplate\":\"https:\\\/\\\/lasentinelle.dz\\\/?s={search_term_string}\"},\"query-input\":{\"@type\":\"PropertyValueSpecification\",\"valueRequired\":true,\"valueName\":\"search_term_string\"}}],\"inLanguage\":\"fr-FR\"},{\"@type\":\"Organization\",\"@id\":\"https:\\\/\\\/lasentinelle.dz\\\/#organization\",\"name\":\"Quotidien La Sentinelle\",\"url\":\"https:\\\/\\\/lasentinelle.dz\\\/\",\"logo\":{\"@type\":\"ImageObject\",\"inLanguage\":\"fr-FR\",\"@id\":\"https:\\\/\\\/lasentinelle.dz\\\/#\\\/schema\\\/logo\\\/image\\\/\",\"url\":\"https:\\\/\\\/lasentinelle.dz\\\/wp-content\\\/uploads\\\/2021\\\/09\\\/logo-sentinelleSLOGAN-1.png\",\"contentUrl\":\"https:\\\/\\\/lasentinelle.dz\\\/wp-content\\\/uploads\\\/2021\\\/09\\\/logo-sentinelleSLOGAN-1.png\",\"width\":615,\"height\":142,\"caption\":\"Quotidien La Sentinelle\"},\"image\":{\"@id\":\"https:\\\/\\\/lasentinelle.dz\\\/#\\\/schema\\\/logo\\\/image\\\/\"},\"sameAs\":[\"https:\\\/\\\/www.facebook.com\\\/La-Sentinelle-104059864394773\"]},{\"@type\":\"Person\",\"@id\":\"https:\\\/\\\/lasentinelle.dz\\\/#\\\/schema\\\/person\\\/729ee0024f24e0b8c5ec17232f8e8b41\",\"name\":\"admin\",\"image\":{\"@type\":\"ImageObject\",\"inLanguage\":\"fr-FR\",\"@id\":\"https:\\\/\\\/secure.gravatar.com\\\/avatar\\\/4c81fed838786e9b53f540bf46533e750f5d292099ae3b66cfc6fb1982e29df7?s=96&d=mm&r=g\",\"url\":\"https:\\\/\\\/secure.gravatar.com\\\/avatar\\\/4c81fed838786e9b53f540bf46533e750f5d292099ae3b66cfc6fb1982e29df7?s=96&d=mm&r=g\",\"contentUrl\":\"https:\\\/\\\/secure.gravatar.com\\\/avatar\\\/4c81fed838786e9b53f540bf46533e750f5d292099ae3b66cfc6fb1982e29df7?s=96&d=mm&r=g\",\"caption\":\"admin\"},\"description\":\"admin\",\"url\":\"https:\\\/\\\/lasentinelle.dz\\\/author\\\/admin\\\/\"}]}<\/script>\n<!-- \/ Yoast SEO plugin. -->","yoast_head_json":{"title":"Oran, capitale de la jeunesse africaine - La Sentinelle","robots":{"index":"index","follow":"follow","max-snippet":"max-snippet:-1","max-image-preview":"max-image-preview:large","max-video-preview":"max-video-preview:-1"},"canonical":"https:\/\/lasentinelle.dz\/index.php\/2024\/10\/27\/oran-capitale-de-la-jeunesse-africaine\/","og_locale":"fr_FR","og_type":"article","og_title":"Oran, capitale de la jeunesse africaine - La Sentinelle","og_description":"L&rsquo;Alg\u00e9rie confirme une fois de plus son r\u00f4le de leader et de catalyseur pour la jeunesse africaine en s&rsquo;appr\u00eatant \u00e0","og_url":"https:\/\/lasentinelle.dz\/index.php\/2024\/10\/27\/oran-capitale-de-la-jeunesse-africaine\/","og_site_name":"La Sentinelle","article_publisher":"https:\/\/www.facebook.com\/La-Sentinelle-104059864394773","article_published_time":"2024-10-27T09:20:04+00:00","article_modified_time":"2024-10-27T09:20:05+00:00","og_image":[{"width":1400,"height":933,"url":"https:\/\/lasentinelle.dz\/wp-content\/uploads\/2023\/01\/Oran.jpeg","type":"image\/jpeg"}],"author":"admin","twitter_card":"summary_large_image","twitter_misc":{"\u00c9crit par":"admin","Dur\u00e9e de lecture estim\u00e9e":"3 minutes"},"schema":{"@context":"https:\/\/schema.org","@graph":[{"@type":"Article","@id":"https:\/\/lasentinelle.dz\/index.php\/2024\/10\/27\/oran-capitale-de-la-jeunesse-africaine\/#article","isPartOf":{"@id":"https:\/\/lasentinelle.dz\/index.php\/2024\/10\/27\/oran-capitale-de-la-jeunesse-africaine\/"},"author":{"name":"admin","@id":"https:\/\/lasentinelle.dz\/#\/schema\/person\/729ee0024f24e0b8c5ec17232f8e8b41"},"headline":"Oran, capitale de la jeunesse africaine","datePublished":"2024-10-27T09:20:04+00:00","dateModified":"2024-10-27T09:20:05+00:00","mainEntityOfPage":{"@id":"https:\/\/lasentinelle.dz\/index.php\/2024\/10\/27\/oran-capitale-de-la-jeunesse-africaine\/"},"wordCount":475,"commentCount":0,"publisher":{"@id":"https:\/\/lasentinelle.dz\/#organization"},"image":{"@id":"https:\/\/lasentinelle.dz\/index.php\/2024\/10\/27\/oran-capitale-de-la-jeunesse-africaine\/#primaryimage"},"thumbnailUrl":"https:\/\/lasentinelle.dz\/wp-content\/uploads\/2023\/01\/Oran.jpeg","articleSection":["Actualit\u00e9"],"inLanguage":"fr-FR","potentialAction":[{"@type":"CommentAction","name":"Comment","target":["https:\/\/lasentinelle.dz\/index.php\/2024\/10\/27\/oran-capitale-de-la-jeunesse-africaine\/#respond"]}]},{"@type":"WebPage","@id":"https:\/\/lasentinelle.dz\/index.php\/2024\/10\/27\/oran-capitale-de-la-jeunesse-africaine\/","url":"https:\/\/lasentinelle.dz\/index.php\/2024\/10\/27\/oran-capitale-de-la-jeunesse-africaine\/","name":"Oran, capitale de la jeunesse africaine - La Sentinelle","isPartOf":{"@id":"https:\/\/lasentinelle.dz\/#website"},"primaryImageOfPage":{"@id":"https:\/\/lasentinelle.dz\/index.php\/2024\/10\/27\/oran-capitale-de-la-jeunesse-africaine\/#primaryimage"},"image":{"@id":"https:\/\/lasentinelle.dz\/index.php\/2024\/10\/27\/oran-capitale-de-la-jeunesse-africaine\/#primaryimage"},"thumbnailUrl":"https:\/\/lasentinelle.dz\/wp-content\/uploads\/2023\/01\/Oran.jpeg","datePublished":"2024-10-27T09:20:04+00:00","dateModified":"2024-10-27T09:20:05+00:00","breadcrumb":{"@id":"https:\/\/lasentinelle.dz\/index.php\/2024\/10\/27\/oran-capitale-de-la-jeunesse-africaine\/#breadcrumb"},"inLanguage":"fr-FR","potentialAction":[{"@type":"ReadAction","target":["https:\/\/lasentinelle.dz\/index.php\/2024\/10\/27\/oran-capitale-de-la-jeunesse-africaine\/"]}]},{"@type":"ImageObject","inLanguage":"fr-FR","@id":"https:\/\/lasentinelle.dz\/index.php\/2024\/10\/27\/oran-capitale-de-la-jeunesse-africaine\/#primaryimage","url":"https:\/\/lasentinelle.dz\/wp-content\/uploads\/2023\/01\/Oran.jpeg","contentUrl":"https:\/\/lasentinelle.dz\/wp-content\/uploads\/2023\/01\/Oran.jpeg","width":1400,"height":933},{"@type":"BreadcrumbList","@id":"https:\/\/lasentinelle.dz\/index.php\/2024\/10\/27\/oran-capitale-de-la-jeunesse-africaine\/#breadcrumb","itemListElement":[{"@type":"ListItem","position":1,"name":"Accueil","item":"https:\/\/lasentinelle.dz\/"},{"@type":"ListItem","position":2,"name":"Oran, capitale de la jeunesse africaine"}]},{"@type":"WebSite","@id":"https:\/\/lasentinelle.dz\/#website","url":"https:\/\/lasentinelle.dz\/","name":"La Sentinelle","description":"Quotidien national d&#039;information","publisher":{"@id":"https:\/\/lasentinelle.dz\/#organization"},"potentialAction":[{"@type":"SearchAction","target":{"@type":"EntryPoint","urlTemplate":"https:\/\/lasentinelle.dz\/?s={search_term_string}"},"query-input":{"@type":"PropertyValueSpecification","valueRequired":true,"valueName":"search_term_string"}}],"inLanguage":"fr-FR"},{"@type":"Organization","@id":"https:\/\/lasentinelle.dz\/#organization","name":"Quotidien La Sentinelle","url":"https:\/\/lasentinelle.dz\/","logo":{"@type":"ImageObject","inLanguage":"fr-FR","@id":"https:\/\/lasentinelle.dz\/#\/schema\/logo\/image\/","url":"https:\/\/lasentinelle.dz\/wp-content\/uploads\/2021\/09\/logo-sentinelleSLOGAN-1.png","contentUrl":"https:\/\/lasentinelle.dz\/wp-content\/uploads\/2021\/09\/logo-sentinelleSLOGAN-1.png","width":615,"height":142,"caption":"Quotidien La Sentinelle"},"image":{"@id":"https:\/\/lasentinelle.dz\/#\/schema\/logo\/image\/"},"sameAs":["https:\/\/www.facebook.com\/La-Sentinelle-104059864394773"]},{"@type":"Person","@id":"https:\/\/lasentinelle.dz\/#\/schema\/person\/729ee0024f24e0b8c5ec17232f8e8b41","name":"admin","image":{"@type":"ImageObject","inLanguage":"fr-FR","@id":"https:\/\/secure.gravatar.com\/avatar\/4c81fed838786e9b53f540bf46533e750f5d292099ae3b66cfc6fb1982e29df7?s=96&d=mm&r=g","url":"https:\/\/secure.gravatar.com\/avatar\/4c81fed838786e9b53f540bf46533e750f5d292099ae3b66cfc6fb1982e29df7?s=96&d=mm&r=g","contentUrl":"https:\/\/secure.gravatar.com\/avatar\/4c81fed838786e9b53f540bf46533e750f5d292099ae3b66cfc6fb1982e29df7?s=96&d=mm&r=g","caption":"admin"},"description":"admin","url":"https:\/\/lasentinelle.dz\/author\/admin\/"}]}},"_links":{"self":[{"href":"https:\/\/lasentinelle.dz\/index.php\/wp-json\/wp\/v2\/posts\/58619","targetHints":{"allow":["GET"]}}],"collection":[{"href":"https:\/\/lasentinelle.dz\/index.php\/wp-json\/wp\/v2\/posts"}],"about":[{"href":"https:\/\/lasentinelle.dz\/index.php\/wp-json\/wp\/v2\/types\/post"}],"author":[{"embeddable":true,"href":"https:\/\/lasentinelle.dz\/index.php\/wp-json\/wp\/v2\/users\/6"}],"replies":[{"embeddable":true,"href":"https:\/\/lasentinelle.dz\/index.php\/wp-json\/wp\/v2\/comments?post=58619"}],"version-history":[{"count":1,"href":"https:\/\/lasentinelle.dz\/index.php\/wp-json\/wp\/v2\/posts\/58619\/revisions"}],"predecessor-version":[{"id":58620,"href":"https:\/\/lasentinelle.dz\/index.php\/wp-json\/wp\/v2\/posts\/58619\/revisions\/58620"}],"wp:featuredmedia":[{"embeddable":true,"href":"https:\/\/lasentinelle.dz\/index.php\/wp-json\/wp\/v2\/media\/33946"}],"wp:attachment":[{"href":"https:\/\/lasentinelle.dz\/index.php\/wp-json\/wp\/v2\/media?parent=58619"}],"wp:term":[{"taxonomy":"category","embeddable":true,"href":"https:\/\/lasentinelle.dz\/index.php\/wp-json\/wp\/v2\/categories?post=58619"},{"taxonomy":"post_tag","embeddable":true,"href":"https:\/\/lasentinelle.dz\/index.php\/wp-json\/wp\/v2\/tags?post=58619"}],"curies":[{"name":"wp","href":"https:\/\/api.w.org\/{rel}","templated":true}]}}