{"id":58646,"date":"2024-10-27T10:54:24","date_gmt":"2024-10-27T09:54:24","guid":{"rendered":"https:\/\/lasentinelle.dz\/?p=58646"},"modified":"2024-10-27T10:54:25","modified_gmt":"2024-10-27T09:54:25","slug":"letat-renforce-le-controle-des-depenses-publiques","status":"publish","type":"post","link":"https:\/\/lasentinelle.dz\/index.php\/2024\/10\/27\/letat-renforce-le-controle-des-depenses-publiques\/","title":{"rendered":"L\u2019Etat renforce le contr\u00f4le des d\u00e9penses publiques"},"content":{"rendered":"\n<p>Le Premier ministre Mohamed Nadir Larbaoui vient d&rsquo;apposer sa signature sur trois d\u00e9crets ex\u00e9cutifs majeurs instaurant de nouvelles dispositions r\u00e9glementaires, publi\u00e9es au Journal officiel, qui revoient a gestion des finances publiques en Alg\u00e9rie, en instaurant des m\u00e9canismes de contr\u00f4le plus stricts et des proc\u00e9dures plus rigoureuses pour la gestion des deniers publics.<\/p>\n\n\n\n<p>Le premier d\u00e9cret ex\u00e9cutif (n\u00b0 24-344), qui entrera en vigueur dans six mois, apporte des pr\u00e9cisions cruciales sur la proc\u00e9dure de r\u00e9quisition des comptables publics par les ordonnateurs. Cette mesure, loin d&rsquo;\u00eatre anodine, introduit un nouveau niveau de responsabilisation dans le processus de d\u00e9pense publique. D\u00e9sormais, lorsqu&rsquo;un ordonnateur souhaite passer outre le refus de paiement d&rsquo;un comptable public, il devra \u00e9tablir un acte formel comportant la mention explicite \u00ab\u00a0le comptable est requis de payer\u00a0\u00bb. Cette formalisation accrue s&rsquo;accompagne d&rsquo;une obligation de transparence : le comptable public qui se conforme \u00e0 une telle r\u00e9quisition devra en r\u00e9f\u00e9rer dans un d\u00e9lai de quinze jours au ministre des Finances ainsi qu&rsquo;\u00e0 la Cour des comptes, en fournissant un compte-rendu d\u00e9taill\u00e9 exposant les motifs initiaux du refus de paiement. Cette disposition permet ainsi un meilleur suivi des d\u00e9cisions de paiement contest\u00e9es et renforce la cha\u00eene de contr\u00f4le des d\u00e9penses publiques.<\/p>\n\n\n\n<p>Le deuxi\u00e8me d\u00e9cret (n\u00b0 24-345) s&rsquo;attaque \u00e0 un aspect tout aussi fondamental de la gestion financi\u00e8re publique en d\u00e9finissant pr\u00e9cis\u00e9ment les conditions de mise en jeu de la responsabilit\u00e9 p\u00e9cuniaire des comptables publics et les proc\u00e9dures d&rsquo;apurement des d\u00e9bets. Cette nouvelle r\u00e9glementation s&rsquo;inscrit dans le cadre de l&rsquo;article 112 de la loi n\u00b0 23-07 du 21 juin 2023 relative aux r\u00e8gles de comptabilit\u00e9 publique et de gestion financi\u00e8re. Le texte introduit une responsabilisation accrue des comptables publics en \u00e9tablissant qu&rsquo;ils devront d\u00e9sormais r\u00e9pondre sur leurs deniers personnels des irr\u00e9gularit\u00e9s constat\u00e9es dans leur gestion. Les cas de mise en cause de leur responsabilit\u00e9 sont clairement d\u00e9finis : d\u00e9ficit de caisse, \u00e9carts non justifi\u00e9s sur les comptes de disponibilit\u00e9, recettes non recouvr\u00e9es pour non-respect des proc\u00e9dures r\u00e9glementaires, paiements de d\u00e9penses non justifi\u00e9es ou encore manques constat\u00e9s en valeurs inactives.<\/p>\n\n\n\n<p>Cette responsabilisation s&rsquo;accompagne toutefois de garde-fous et de voies de recours. Les comptables publics disposent ainsi d&rsquo;un d\u00e9lai de deux mois pour contester un arr\u00eat\u00e9 de d\u00e9bet aupr\u00e8s du ministre des Finances. En cas de vol ou de perte r\u00e9sultant d&rsquo;un cas de force majeure, ils peuvent \u00e9galement solliciter une d\u00e9charge totale ou partielle de responsabilit\u00e9. Ces demandes sont examin\u00e9es par un comit\u00e9 consultatif institu\u00e9 aupr\u00e8s de l&rsquo;agence judiciaire du Tr\u00e9sor, permettant ainsi une \u00e9valuation \u00e9quitable des situations particuli\u00e8res. Dans les cas d&rsquo;insolvabilit\u00e9 ou d&rsquo;autres causes rendant le recouvrement impossible, le texte pr\u00e9voit la possibilit\u00e9 d&rsquo;une admission en non-valeurs des d\u00e9bets, conform\u00e9ment \u00e0 la l\u00e9gislation en vigueur.<\/p>\n\n\n\n<p>Le troisi\u00e8me d\u00e9cret (n\u00b0 24-346) vient compl\u00e9ter ce dispositif de contr\u00f4le en red\u00e9finissant les modalit\u00e9s de cr\u00e9ation, d&rsquo;organisation, de fonctionnement et de contr\u00f4le des r\u00e9gies de recettes et\/ou de d\u00e9penses. Ce texte concerne un large \u00e9ventail d&rsquo;institutions publiques : l&rsquo;\u00c9tat, les collectivit\u00e9s locales, les \u00e9tablissements publics administratifs, les \u00e9tablissements publics de sant\u00e9, ainsi que toutes les personnes morales charg\u00e9es de l&rsquo;ex\u00e9cution de programmes \u00e9tatiques. L&rsquo;innovation majeure r\u00e9side dans la caract\u00e9risation de ces r\u00e9gies comme proc\u00e9dure exceptionnelle, destin\u00e9e uniquement aux op\u00e9rations ne pouvant s&rsquo;accommoder des d\u00e9lais normaux d&rsquo;ex\u00e9cution en raison de leur urgence. La cr\u00e9ation de ces r\u00e9gies est d\u00e9sormais soumise \u00e0 un double contr\u00f4le : elle n\u00e9cessite non seulement une d\u00e9cision de l&rsquo;ordonnateur du budget, mais \u00e9galement l&rsquo;accord \u00e9crit pr\u00e9alable du comptable public assignataire. Le texte pr\u00e9cise \u00e9galement que l&rsquo;ex\u00e9cution des d\u00e9penses publiques par voie de r\u00e9gie doit se faire par d\u00e9pense unitaire, dont le montant maximum est fix\u00e9 p\u00e9riodiquement par arr\u00eat\u00e9 du ministre des Finances. Cette disposition permet un meilleur contr\u00f4le des flux financiers en imposant une granularit\u00e9 plus fine dans le suivi des d\u00e9penses.<\/p>\n\n\n\n<p>Le d\u00e9cret apporte \u00e9galement des pr\u00e9cisions importantes sur le statut et la nomination des r\u00e9gisseurs. Ceux-ci doivent \u00eatre choisis parmi le personnel titulaire et leur nomination, effectu\u00e9e par d\u00e9cision des ordonnateurs, requiert l&rsquo;accord \u00e9crit du comptable public assignataire. Cette proc\u00e9dure de nomination, qui implique plusieurs niveaux de validation, renforce le contr\u00f4le sur les personnes habilit\u00e9es \u00e0 manipuler les deniers publics.<\/p>\n\n\n\n<p>Des restrictions significatives sont \u00e9galement apport\u00e9es quant aux types de recettes pouvant \u00eatre encaiss\u00e9es par les r\u00e9gies. Notamment, les imp\u00f4ts, taxes et redevances pr\u00e9vus aux codes fiscaux, au code des douanes et au code du domaine national ne peuvent \u00eatre encaiss\u00e9s par ce biais, sauf disposition expresse de la loi de finances. Cette limitation vise \u00e0 maintenir un contr\u00f4le strict sur les recettes fiscales et douani\u00e8res, qui constituent des ressources strat\u00e9giques pour l&rsquo;\u00c9tat.<\/p>\n\n\n\n<p>L&rsquo;ensemble de ces mesures t\u00e9moigne d&rsquo;une volont\u00e9 politique forte de renforcer la gouvernance financi\u00e8re publique. En instaurant des m\u00e9canismes de contr\u00f4le plus stricts, en clarifiant les responsabilit\u00e9s des diff\u00e9rents acteurs et en encadrant plus strictement les proc\u00e9dures exceptionnelles, ces trois d\u00e9crets constituent une avanc\u00e9e significative vers une gestion plus rigoureuse et transparente des deniers publics. Cette r\u00e9forme s&rsquo;inscrit dans une d\u00e9marche plus large de modernisation de l&rsquo;administration publique et de renforcement de la bonne gouvernance financi\u00e8re, r\u00e9pondant ainsi aux exigences croissantes de transparence et d&rsquo;efficacit\u00e9 dans la gestion des ressources publiques.<\/p>\n\n\n\n<p>Hakim Aomar<\/p>\n","protected":false},"excerpt":{"rendered":"<p>Le Premier ministre Mohamed Nadir Larbaoui vient d&rsquo;apposer sa signature sur trois d\u00e9crets ex\u00e9cutifs majeurs instaurant de nouvelles dispositions r\u00e9glementaires,<\/p>\n","protected":false},"author":6,"featured_media":58647,"comment_status":"open","ping_status":"closed","sticky":false,"template":"","format":"standard","meta":{"colormag_page_container_layout":"default_layout","colormag_page_sidebar_layout":"default_layout","om_disable_all_campaigns":false,"_monsterinsights_skip_tracking":false,"_monsterinsights_sitenote_active":false,"_monsterinsights_sitenote_note":"","_monsterinsights_sitenote_category":0,"footnotes":"","_wpscppro_dont_share_socialmedia":false,"_wpscppro_custom_social_share_image":0,"_facebook_share_type":"default","_twitter_share_type":"default","_linkedin_share_type":"default","_pinterest_share_type":"default","_linkedin_share_type_page":"","_instagram_share_type":"default","_medium_share_type":"default","_threads_share_type":"","_google_business_share_type":"","_selected_social_profile":[],"_wpsp_enable_custom_social_template":false,"_wpsp_social_scheduling":{"enabled":false,"datetime":null,"platforms":[],"status":"template_only","dateOption":"today","timeOption":"now","customDays":"","customHours":"","customDate":"","customTime":"","schedulingType":"absolute"},"_wpsp_active_default_template":true},"categories":[52,29],"tags":[],"class_list":["post-58646","post","type-post","status-publish","format-standard","has-post-thumbnail","hentry","category-a-la-une","category-economie"],"aioseo_notices":[],"yoast_head":"<!-- This site is optimized with the Yoast SEO plugin v27.5 - https:\/\/yoast.com\/product\/yoast-seo-wordpress\/ -->\n<title>L\u2019Etat renforce le contr\u00f4le des d\u00e9penses publiques - La Sentinelle<\/title>\n<meta name=\"robots\" content=\"index, follow, max-snippet:-1, max-image-preview:large, max-video-preview:-1\" \/>\n<link rel=\"canonical\" href=\"https:\/\/lasentinelle.dz\/index.php\/2024\/10\/27\/letat-renforce-le-controle-des-depenses-publiques\/\" \/>\n<meta property=\"og:locale\" content=\"fr_FR\" \/>\n<meta property=\"og:type\" content=\"article\" \/>\n<meta property=\"og:title\" content=\"L\u2019Etat renforce le contr\u00f4le des d\u00e9penses publiques - La Sentinelle\" \/>\n<meta property=\"og:description\" content=\"Le Premier ministre Mohamed Nadir Larbaoui vient d&rsquo;apposer sa signature sur trois d\u00e9crets ex\u00e9cutifs majeurs instaurant de nouvelles dispositions r\u00e9glementaires,\" \/>\n<meta property=\"og:url\" content=\"https:\/\/lasentinelle.dz\/index.php\/2024\/10\/27\/letat-renforce-le-controle-des-depenses-publiques\/\" \/>\n<meta property=\"og:site_name\" content=\"La Sentinelle\" \/>\n<meta property=\"article:publisher\" content=\"https:\/\/www.facebook.com\/La-Sentinelle-104059864394773\" \/>\n<meta property=\"article:published_time\" content=\"2024-10-27T09:54:24+00:00\" \/>\n<meta property=\"article:modified_time\" content=\"2024-10-27T09:54:25+00:00\" \/>\n<meta property=\"og:image\" content=\"https:\/\/lasentinelle.dz\/wp-content\/uploads\/2024\/10\/depenses-publiques.jpg\" \/>\n\t<meta property=\"og:image:width\" content=\"1200\" \/>\n\t<meta property=\"og:image:height\" content=\"600\" \/>\n\t<meta property=\"og:image:type\" content=\"image\/jpeg\" \/>\n<meta name=\"author\" content=\"admin\" \/>\n<meta name=\"twitter:card\" content=\"summary_large_image\" \/>\n<meta name=\"twitter:label1\" content=\"\u00c9crit par\" \/>\n\t<meta name=\"twitter:data1\" content=\"admin\" \/>\n\t<meta name=\"twitter:label2\" content=\"Dur\u00e9e de lecture estim\u00e9e\" \/>\n\t<meta name=\"twitter:data2\" content=\"5 minutes\" \/>\n<script type=\"application\/ld+json\" class=\"yoast-schema-graph\">{\"@context\":\"https:\\\/\\\/schema.org\",\"@graph\":[{\"@type\":\"Article\",\"@id\":\"https:\\\/\\\/lasentinelle.dz\\\/index.php\\\/2024\\\/10\\\/27\\\/letat-renforce-le-controle-des-depenses-publiques\\\/#article\",\"isPartOf\":{\"@id\":\"https:\\\/\\\/lasentinelle.dz\\\/index.php\\\/2024\\\/10\\\/27\\\/letat-renforce-le-controle-des-depenses-publiques\\\/\"},\"author\":{\"name\":\"admin\",\"@id\":\"https:\\\/\\\/lasentinelle.dz\\\/#\\\/schema\\\/person\\\/729ee0024f24e0b8c5ec17232f8e8b41\"},\"headline\":\"L\u2019Etat renforce le contr\u00f4le des d\u00e9penses publiques\",\"datePublished\":\"2024-10-27T09:54:24+00:00\",\"dateModified\":\"2024-10-27T09:54:25+00:00\",\"mainEntityOfPage\":{\"@id\":\"https:\\\/\\\/lasentinelle.dz\\\/index.php\\\/2024\\\/10\\\/27\\\/letat-renforce-le-controle-des-depenses-publiques\\\/\"},\"wordCount\":1009,\"commentCount\":0,\"publisher\":{\"@id\":\"https:\\\/\\\/lasentinelle.dz\\\/#organization\"},\"image\":{\"@id\":\"https:\\\/\\\/lasentinelle.dz\\\/index.php\\\/2024\\\/10\\\/27\\\/letat-renforce-le-controle-des-depenses-publiques\\\/#primaryimage\"},\"thumbnailUrl\":\"https:\\\/\\\/lasentinelle.dz\\\/wp-content\\\/uploads\\\/2024\\\/10\\\/depenses-publiques.jpg\",\"articleSection\":[\"\u00c0 la Une\",\"\u00c9conomie\"],\"inLanguage\":\"fr-FR\",\"potentialAction\":[{\"@type\":\"CommentAction\",\"name\":\"Comment\",\"target\":[\"https:\\\/\\\/lasentinelle.dz\\\/index.php\\\/2024\\\/10\\\/27\\\/letat-renforce-le-controle-des-depenses-publiques\\\/#respond\"]}]},{\"@type\":\"WebPage\",\"@id\":\"https:\\\/\\\/lasentinelle.dz\\\/index.php\\\/2024\\\/10\\\/27\\\/letat-renforce-le-controle-des-depenses-publiques\\\/\",\"url\":\"https:\\\/\\\/lasentinelle.dz\\\/index.php\\\/2024\\\/10\\\/27\\\/letat-renforce-le-controle-des-depenses-publiques\\\/\",\"name\":\"L\u2019Etat renforce le contr\u00f4le des d\u00e9penses publiques - La Sentinelle\",\"isPartOf\":{\"@id\":\"https:\\\/\\\/lasentinelle.dz\\\/#website\"},\"primaryImageOfPage\":{\"@id\":\"https:\\\/\\\/lasentinelle.dz\\\/index.php\\\/2024\\\/10\\\/27\\\/letat-renforce-le-controle-des-depenses-publiques\\\/#primaryimage\"},\"image\":{\"@id\":\"https:\\\/\\\/lasentinelle.dz\\\/index.php\\\/2024\\\/10\\\/27\\\/letat-renforce-le-controle-des-depenses-publiques\\\/#primaryimage\"},\"thumbnailUrl\":\"https:\\\/\\\/lasentinelle.dz\\\/wp-content\\\/uploads\\\/2024\\\/10\\\/depenses-publiques.jpg\",\"datePublished\":\"2024-10-27T09:54:24+00:00\",\"dateModified\":\"2024-10-27T09:54:25+00:00\",\"breadcrumb\":{\"@id\":\"https:\\\/\\\/lasentinelle.dz\\\/index.php\\\/2024\\\/10\\\/27\\\/letat-renforce-le-controle-des-depenses-publiques\\\/#breadcrumb\"},\"inLanguage\":\"fr-FR\",\"potentialAction\":[{\"@type\":\"ReadAction\",\"target\":[\"https:\\\/\\\/lasentinelle.dz\\\/index.php\\\/2024\\\/10\\\/27\\\/letat-renforce-le-controle-des-depenses-publiques\\\/\"]}]},{\"@type\":\"ImageObject\",\"inLanguage\":\"fr-FR\",\"@id\":\"https:\\\/\\\/lasentinelle.dz\\\/index.php\\\/2024\\\/10\\\/27\\\/letat-renforce-le-controle-des-depenses-publiques\\\/#primaryimage\",\"url\":\"https:\\\/\\\/lasentinelle.dz\\\/wp-content\\\/uploads\\\/2024\\\/10\\\/depenses-publiques.jpg\",\"contentUrl\":\"https:\\\/\\\/lasentinelle.dz\\\/wp-content\\\/uploads\\\/2024\\\/10\\\/depenses-publiques.jpg\",\"width\":1200,\"height\":600},{\"@type\":\"BreadcrumbList\",\"@id\":\"https:\\\/\\\/lasentinelle.dz\\\/index.php\\\/2024\\\/10\\\/27\\\/letat-renforce-le-controle-des-depenses-publiques\\\/#breadcrumb\",\"itemListElement\":[{\"@type\":\"ListItem\",\"position\":1,\"name\":\"Accueil\",\"item\":\"https:\\\/\\\/lasentinelle.dz\\\/\"},{\"@type\":\"ListItem\",\"position\":2,\"name\":\"L\u2019Etat renforce le contr\u00f4le des d\u00e9penses publiques\"}]},{\"@type\":\"WebSite\",\"@id\":\"https:\\\/\\\/lasentinelle.dz\\\/#website\",\"url\":\"https:\\\/\\\/lasentinelle.dz\\\/\",\"name\":\"La Sentinelle\",\"description\":\"Quotidien national d&#039;information\",\"publisher\":{\"@id\":\"https:\\\/\\\/lasentinelle.dz\\\/#organization\"},\"potentialAction\":[{\"@type\":\"SearchAction\",\"target\":{\"@type\":\"EntryPoint\",\"urlTemplate\":\"https:\\\/\\\/lasentinelle.dz\\\/?s={search_term_string}\"},\"query-input\":{\"@type\":\"PropertyValueSpecification\",\"valueRequired\":true,\"valueName\":\"search_term_string\"}}],\"inLanguage\":\"fr-FR\"},{\"@type\":\"Organization\",\"@id\":\"https:\\\/\\\/lasentinelle.dz\\\/#organization\",\"name\":\"Quotidien La Sentinelle\",\"url\":\"https:\\\/\\\/lasentinelle.dz\\\/\",\"logo\":{\"@type\":\"ImageObject\",\"inLanguage\":\"fr-FR\",\"@id\":\"https:\\\/\\\/lasentinelle.dz\\\/#\\\/schema\\\/logo\\\/image\\\/\",\"url\":\"https:\\\/\\\/lasentinelle.dz\\\/wp-content\\\/uploads\\\/2021\\\/09\\\/logo-sentinelleSLOGAN-1.png\",\"contentUrl\":\"https:\\\/\\\/lasentinelle.dz\\\/wp-content\\\/uploads\\\/2021\\\/09\\\/logo-sentinelleSLOGAN-1.png\",\"width\":615,\"height\":142,\"caption\":\"Quotidien La Sentinelle\"},\"image\":{\"@id\":\"https:\\\/\\\/lasentinelle.dz\\\/#\\\/schema\\\/logo\\\/image\\\/\"},\"sameAs\":[\"https:\\\/\\\/www.facebook.com\\\/La-Sentinelle-104059864394773\"]},{\"@type\":\"Person\",\"@id\":\"https:\\\/\\\/lasentinelle.dz\\\/#\\\/schema\\\/person\\\/729ee0024f24e0b8c5ec17232f8e8b41\",\"name\":\"admin\",\"image\":{\"@type\":\"ImageObject\",\"inLanguage\":\"fr-FR\",\"@id\":\"https:\\\/\\\/secure.gravatar.com\\\/avatar\\\/4c81fed838786e9b53f540bf46533e750f5d292099ae3b66cfc6fb1982e29df7?s=96&d=mm&r=g\",\"url\":\"https:\\\/\\\/secure.gravatar.com\\\/avatar\\\/4c81fed838786e9b53f540bf46533e750f5d292099ae3b66cfc6fb1982e29df7?s=96&d=mm&r=g\",\"contentUrl\":\"https:\\\/\\\/secure.gravatar.com\\\/avatar\\\/4c81fed838786e9b53f540bf46533e750f5d292099ae3b66cfc6fb1982e29df7?s=96&d=mm&r=g\",\"caption\":\"admin\"},\"description\":\"admin\",\"url\":\"https:\\\/\\\/lasentinelle.dz\\\/author\\\/admin\\\/\"}]}<\/script>\n<!-- \/ Yoast SEO plugin. -->","yoast_head_json":{"title":"L\u2019Etat renforce le contr\u00f4le des d\u00e9penses publiques - La Sentinelle","robots":{"index":"index","follow":"follow","max-snippet":"max-snippet:-1","max-image-preview":"max-image-preview:large","max-video-preview":"max-video-preview:-1"},"canonical":"https:\/\/lasentinelle.dz\/index.php\/2024\/10\/27\/letat-renforce-le-controle-des-depenses-publiques\/","og_locale":"fr_FR","og_type":"article","og_title":"L\u2019Etat renforce le contr\u00f4le des d\u00e9penses publiques - La Sentinelle","og_description":"Le Premier ministre Mohamed Nadir Larbaoui vient d&rsquo;apposer sa signature sur trois d\u00e9crets ex\u00e9cutifs majeurs instaurant de nouvelles dispositions r\u00e9glementaires,","og_url":"https:\/\/lasentinelle.dz\/index.php\/2024\/10\/27\/letat-renforce-le-controle-des-depenses-publiques\/","og_site_name":"La Sentinelle","article_publisher":"https:\/\/www.facebook.com\/La-Sentinelle-104059864394773","article_published_time":"2024-10-27T09:54:24+00:00","article_modified_time":"2024-10-27T09:54:25+00:00","og_image":[{"width":1200,"height":600,"url":"https:\/\/lasentinelle.dz\/wp-content\/uploads\/2024\/10\/depenses-publiques.jpg","type":"image\/jpeg"}],"author":"admin","twitter_card":"summary_large_image","twitter_misc":{"\u00c9crit par":"admin","Dur\u00e9e de lecture estim\u00e9e":"5 minutes"},"schema":{"@context":"https:\/\/schema.org","@graph":[{"@type":"Article","@id":"https:\/\/lasentinelle.dz\/index.php\/2024\/10\/27\/letat-renforce-le-controle-des-depenses-publiques\/#article","isPartOf":{"@id":"https:\/\/lasentinelle.dz\/index.php\/2024\/10\/27\/letat-renforce-le-controle-des-depenses-publiques\/"},"author":{"name":"admin","@id":"https:\/\/lasentinelle.dz\/#\/schema\/person\/729ee0024f24e0b8c5ec17232f8e8b41"},"headline":"L\u2019Etat renforce le contr\u00f4le des d\u00e9penses publiques","datePublished":"2024-10-27T09:54:24+00:00","dateModified":"2024-10-27T09:54:25+00:00","mainEntityOfPage":{"@id":"https:\/\/lasentinelle.dz\/index.php\/2024\/10\/27\/letat-renforce-le-controle-des-depenses-publiques\/"},"wordCount":1009,"commentCount":0,"publisher":{"@id":"https:\/\/lasentinelle.dz\/#organization"},"image":{"@id":"https:\/\/lasentinelle.dz\/index.php\/2024\/10\/27\/letat-renforce-le-controle-des-depenses-publiques\/#primaryimage"},"thumbnailUrl":"https:\/\/lasentinelle.dz\/wp-content\/uploads\/2024\/10\/depenses-publiques.jpg","articleSection":["\u00c0 la Une","\u00c9conomie"],"inLanguage":"fr-FR","potentialAction":[{"@type":"CommentAction","name":"Comment","target":["https:\/\/lasentinelle.dz\/index.php\/2024\/10\/27\/letat-renforce-le-controle-des-depenses-publiques\/#respond"]}]},{"@type":"WebPage","@id":"https:\/\/lasentinelle.dz\/index.php\/2024\/10\/27\/letat-renforce-le-controle-des-depenses-publiques\/","url":"https:\/\/lasentinelle.dz\/index.php\/2024\/10\/27\/letat-renforce-le-controle-des-depenses-publiques\/","name":"L\u2019Etat renforce le contr\u00f4le des d\u00e9penses publiques - La Sentinelle","isPartOf":{"@id":"https:\/\/lasentinelle.dz\/#website"},"primaryImageOfPage":{"@id":"https:\/\/lasentinelle.dz\/index.php\/2024\/10\/27\/letat-renforce-le-controle-des-depenses-publiques\/#primaryimage"},"image":{"@id":"https:\/\/lasentinelle.dz\/index.php\/2024\/10\/27\/letat-renforce-le-controle-des-depenses-publiques\/#primaryimage"},"thumbnailUrl":"https:\/\/lasentinelle.dz\/wp-content\/uploads\/2024\/10\/depenses-publiques.jpg","datePublished":"2024-10-27T09:54:24+00:00","dateModified":"2024-10-27T09:54:25+00:00","breadcrumb":{"@id":"https:\/\/lasentinelle.dz\/index.php\/2024\/10\/27\/letat-renforce-le-controle-des-depenses-publiques\/#breadcrumb"},"inLanguage":"fr-FR","potentialAction":[{"@type":"ReadAction","target":["https:\/\/lasentinelle.dz\/index.php\/2024\/10\/27\/letat-renforce-le-controle-des-depenses-publiques\/"]}]},{"@type":"ImageObject","inLanguage":"fr-FR","@id":"https:\/\/lasentinelle.dz\/index.php\/2024\/10\/27\/letat-renforce-le-controle-des-depenses-publiques\/#primaryimage","url":"https:\/\/lasentinelle.dz\/wp-content\/uploads\/2024\/10\/depenses-publiques.jpg","contentUrl":"https:\/\/lasentinelle.dz\/wp-content\/uploads\/2024\/10\/depenses-publiques.jpg","width":1200,"height":600},{"@type":"BreadcrumbList","@id":"https:\/\/lasentinelle.dz\/index.php\/2024\/10\/27\/letat-renforce-le-controle-des-depenses-publiques\/#breadcrumb","itemListElement":[{"@type":"ListItem","position":1,"name":"Accueil","item":"https:\/\/lasentinelle.dz\/"},{"@type":"ListItem","position":2,"name":"L\u2019Etat renforce le contr\u00f4le des d\u00e9penses publiques"}]},{"@type":"WebSite","@id":"https:\/\/lasentinelle.dz\/#website","url":"https:\/\/lasentinelle.dz\/","name":"La Sentinelle","description":"Quotidien national d&#039;information","publisher":{"@id":"https:\/\/lasentinelle.dz\/#organization"},"potentialAction":[{"@type":"SearchAction","target":{"@type":"EntryPoint","urlTemplate":"https:\/\/lasentinelle.dz\/?s={search_term_string}"},"query-input":{"@type":"PropertyValueSpecification","valueRequired":true,"valueName":"search_term_string"}}],"inLanguage":"fr-FR"},{"@type":"Organization","@id":"https:\/\/lasentinelle.dz\/#organization","name":"Quotidien La Sentinelle","url":"https:\/\/lasentinelle.dz\/","logo":{"@type":"ImageObject","inLanguage":"fr-FR","@id":"https:\/\/lasentinelle.dz\/#\/schema\/logo\/image\/","url":"https:\/\/lasentinelle.dz\/wp-content\/uploads\/2021\/09\/logo-sentinelleSLOGAN-1.png","contentUrl":"https:\/\/lasentinelle.dz\/wp-content\/uploads\/2021\/09\/logo-sentinelleSLOGAN-1.png","width":615,"height":142,"caption":"Quotidien La Sentinelle"},"image":{"@id":"https:\/\/lasentinelle.dz\/#\/schema\/logo\/image\/"},"sameAs":["https:\/\/www.facebook.com\/La-Sentinelle-104059864394773"]},{"@type":"Person","@id":"https:\/\/lasentinelle.dz\/#\/schema\/person\/729ee0024f24e0b8c5ec17232f8e8b41","name":"admin","image":{"@type":"ImageObject","inLanguage":"fr-FR","@id":"https:\/\/secure.gravatar.com\/avatar\/4c81fed838786e9b53f540bf46533e750f5d292099ae3b66cfc6fb1982e29df7?s=96&d=mm&r=g","url":"https:\/\/secure.gravatar.com\/avatar\/4c81fed838786e9b53f540bf46533e750f5d292099ae3b66cfc6fb1982e29df7?s=96&d=mm&r=g","contentUrl":"https:\/\/secure.gravatar.com\/avatar\/4c81fed838786e9b53f540bf46533e750f5d292099ae3b66cfc6fb1982e29df7?s=96&d=mm&r=g","caption":"admin"},"description":"admin","url":"https:\/\/lasentinelle.dz\/author\/admin\/"}]}},"_links":{"self":[{"href":"https:\/\/lasentinelle.dz\/index.php\/wp-json\/wp\/v2\/posts\/58646","targetHints":{"allow":["GET"]}}],"collection":[{"href":"https:\/\/lasentinelle.dz\/index.php\/wp-json\/wp\/v2\/posts"}],"about":[{"href":"https:\/\/lasentinelle.dz\/index.php\/wp-json\/wp\/v2\/types\/post"}],"author":[{"embeddable":true,"href":"https:\/\/lasentinelle.dz\/index.php\/wp-json\/wp\/v2\/users\/6"}],"replies":[{"embeddable":true,"href":"https:\/\/lasentinelle.dz\/index.php\/wp-json\/wp\/v2\/comments?post=58646"}],"version-history":[{"count":1,"href":"https:\/\/lasentinelle.dz\/index.php\/wp-json\/wp\/v2\/posts\/58646\/revisions"}],"predecessor-version":[{"id":58648,"href":"https:\/\/lasentinelle.dz\/index.php\/wp-json\/wp\/v2\/posts\/58646\/revisions\/58648"}],"wp:featuredmedia":[{"embeddable":true,"href":"https:\/\/lasentinelle.dz\/index.php\/wp-json\/wp\/v2\/media\/58647"}],"wp:attachment":[{"href":"https:\/\/lasentinelle.dz\/index.php\/wp-json\/wp\/v2\/media?parent=58646"}],"wp:term":[{"taxonomy":"category","embeddable":true,"href":"https:\/\/lasentinelle.dz\/index.php\/wp-json\/wp\/v2\/categories?post=58646"},{"taxonomy":"post_tag","embeddable":true,"href":"https:\/\/lasentinelle.dz\/index.php\/wp-json\/wp\/v2\/tags?post=58646"}],"curies":[{"name":"wp","href":"https:\/\/api.w.org\/{rel}","templated":true}]}}