{"id":58688,"date":"2024-10-27T21:00:32","date_gmt":"2024-10-27T20:00:32","guid":{"rendered":"https:\/\/lasentinelle.dz\/?p=58688"},"modified":"2024-10-27T21:00:34","modified_gmt":"2024-10-27T20:00:34","slug":"ligue-1-mobilis-lusma-le-mca-et-le-csc-en-tete","status":"publish","type":"post","link":"https:\/\/lasentinelle.dz\/index.php\/2024\/10\/27\/ligue-1-mobilis-lusma-le-mca-et-le-csc-en-tete\/","title":{"rendered":"Ligue 1 Mobilis : L&rsquo;USMA, le MCA et le CSC en t\u00eate"},"content":{"rendered":"\n<p>Apr\u00e8s la sixi\u00e8me journ\u00e9e du championnat de Ligue 1 Mobilis, trois \u00e9quipes qui se partagent d\u00e9sormais la t\u00eate du classement.<\/p>\n\n\n\n<p>L&rsquo;USM Alger est venue compl\u00e9ter samedi un duo de t\u00eate d\u00e9j\u00e0 compos\u00e9 du MC Alger et du CS Constantine, tous trois comptabilisant d\u00e9sormais 11 points. Le match nul (0-0) obtenu par les Usmistes sur la pelouse de l&rsquo;ASO Chlef t\u00e9moigne cependant des difficult\u00e9s offensives de l&rsquo;\u00e9quipe, qui n&rsquo;a inscrit que quatre buts en six rencontres. Un bilan qui interroge, m\u00eame si l&rsquo;efficacit\u00e9 d\u00e9fensive reste au rendez-vous. Le MC Alger, de son c\u00f4t\u00e9, a marqu\u00e9 le pas en conc\u00e9dant le nul (0-0) face au promu l&rsquo;Olympique Akbou. Une contre-performance relative qui illustre la capacit\u00e9 des \u00ab\u00a0petits\u00a0\u00bb \u00e0 bousculer la hi\u00e9rarchie \u00e9tablie. Le CS Constantine compl\u00e8te ce trio de t\u00eate apr\u00e8s sa victoire pr\u00e9cieuse dans le derby de l&rsquo;Est face \u00e0 l&rsquo;ES S\u00e9tif (2-1), confirmant ses ambitions pour cette saison.<\/p>\n\n\n\n<p>La JS Kabylie a enfin retrouv\u00e9 le chemin de la victoire, et de quelle mani\u00e8re ! Face \u00e0 l&rsquo;USM Khenchela, les hommes de Benchikha ont d\u00e9montr\u00e9 qu&rsquo;ils n&rsquo;avaient pas dit leur dernier mot. Le but de Walter Bwalya (27e) a non seulement offert trois points pr\u00e9cieux \u00e0 son \u00e9quipe, mais a surtout permis aux Canaris de se hisser \u00e0 la cinqui\u00e8me place, \u00e0 seulement trois longueurs du trio de t\u00eate. Un succ\u00e8s qui pourrait bien marquer un tournant dans la saison des Jaune et Vert. A contrario, la situation du CR Belouizdad devient pr\u00e9occupante. Le champion en titre, toujours sans victoire apr\u00e8s six journ\u00e9es, occupe d\u00e9sormais la derni\u00e8re place du classement. Sa d\u00e9faite face au NC Magra (1-0) sonne comme un nouveau coup dur pour une \u00e9quipe qui peine \u00e0 retrouver son lustre d&rsquo;antan. Cette contre-performance pose question sur la capacit\u00e9 du Chabab \u00e0 d\u00e9fendre son titre.<\/p>\n\n\n\n<p>L&rsquo;ES Mostaganem a cr\u00e9\u00e9 la surprise en s&rsquo;imposant face \u00e0 l&rsquo;US Biskra (1-0), un succ\u00e8s qui lui permet de grimper \u00e0 la neuvi\u00e8me place. Cette performance d\u00e9montre que les promus ne sont pas l\u00e0 pour faire de la figuration et qu&rsquo;ils entendent bien jouer leur carte \u00e0 fond dans ce championnat. Un but sign\u00e9 Hitala \u00e0 la 26e minute a permis au promu de renouer avec la victoire et surtout de se hisser \u00e0 la 9e place avec la JSS (7points). En revanche, l&rsquo;USB sous la conduite de Mounir Zeghdoud marque le pas et occupe la sixi\u00e8me place avec 8 points en compagnie de l&rsquo;ESS et du MCO.Battue dans le derby du sud samedi dernier, en d\u00e9placement face \u00e0 l&rsquo;US Biskra (2-1), la JS Saoura a r\u00e9ussi \u00e0 r\u00e9agir devant son public en venant difficilement \u00e0 bout du MC El-Bayadh (1-0). En revanche, le MCEB retombe dans ses travers en s&rsquo;inclinant apr\u00e8s avoir r\u00e9alis\u00e9 deux victoires de suite, qui lui ont permis de quitter la zone rouge. Le dernier match disput\u00e9 vendredi soir, a mis aux prises le Paradou AC et le MC Oran, au stade du 5-juillet, et s&rsquo;est sold\u00e9 par un score de parit\u00e9 (2-2), qui n&rsquo;arrange pas les affaires du Paradou, qui aligne un cinqui\u00e8me match sans victoire (3 d\u00e9faites et 2 nuls, NDLR) et occupe la 14e position.<\/p>\n\n\n\n<p>Apr\u00e8s six journ\u00e9es, le championnat reste particuli\u00e8rement serr\u00e9 avec seulement quatre points d&rsquo;\u00e9cart entre le trio de t\u00eate et la dixi\u00e8me place. Cette situation promet une lutte intense tant pour le titre que pour le maintien. Les performances en dents de scie des \u00e9quipes traditionnellement dominantes ouvrent la porte \u00e0 un championnat plus ouvert que jamais. La prochaine journ\u00e9e s&rsquo;annonce d\u00e9j\u00e0 cruciale pour plusieurs \u00e9quipes, notamment pour le CR Belouizdad qui devra imp\u00e9rativement r\u00e9agir pour sortir de la zone rouge. Le trio de t\u00eate, quant \u00e0 lui, devra confirmer ses ambitions face \u00e0 des adversaires qui n&rsquo;ont plus rien \u00e0 perdre.<\/p>\n\n\n\n<p>Moncef Dahleb<\/p>\n","protected":false},"excerpt":{"rendered":"<p>Apr\u00e8s la sixi\u00e8me journ\u00e9e du championnat de Ligue 1 Mobilis, trois \u00e9quipes qui se partagent d\u00e9sormais la t\u00eate du classement.<\/p>\n","protected":false},"author":6,"featured_media":58689,"comment_status":"open","ping_status":"closed","sticky":false,"template":"","format":"standard","meta":{"colormag_page_container_layout":"default_layout","colormag_page_sidebar_layout":"default_layout","om_disable_all_campaigns":false,"_monsterinsights_skip_tracking":false,"_monsterinsights_sitenote_active":false,"_monsterinsights_sitenote_note":"","_monsterinsights_sitenote_category":0,"footnotes":"","_wpscppro_dont_share_socialmedia":false,"_wpscppro_custom_social_share_image":0,"_facebook_share_type":"default","_twitter_share_type":"default","_linkedin_share_type":"default","_pinterest_share_type":"default","_linkedin_share_type_page":"","_instagram_share_type":"default","_medium_share_type":"default","_threads_share_type":"","_google_business_share_type":"","_selected_social_profile":[],"_wpsp_enable_custom_social_template":false,"_wpsp_social_scheduling":{"enabled":false,"datetime":null,"platforms":[],"status":"template_only","dateOption":"today","timeOption":"now","customDays":"","customHours":"","customDate":"","customTime":"","schedulingType":"absolute"},"_wpsp_active_default_template":true},"categories":[52,33],"tags":[],"class_list":["post-58688","post","type-post","status-publish","format-standard","has-post-thumbnail","hentry","category-a-la-une","category-sports"],"aioseo_notices":[],"yoast_head":"<!-- This site is optimized with the Yoast SEO plugin v27.5 - https:\/\/yoast.com\/product\/yoast-seo-wordpress\/ -->\n<title>Ligue 1 Mobilis : L&rsquo;USMA, le MCA et le CSC en t\u00eate - La Sentinelle<\/title>\n<meta name=\"robots\" content=\"index, follow, max-snippet:-1, max-image-preview:large, max-video-preview:-1\" \/>\n<link rel=\"canonical\" href=\"https:\/\/lasentinelle.dz\/index.php\/2024\/10\/27\/ligue-1-mobilis-lusma-le-mca-et-le-csc-en-tete\/\" \/>\n<meta property=\"og:locale\" content=\"fr_FR\" \/>\n<meta property=\"og:type\" content=\"article\" \/>\n<meta property=\"og:title\" content=\"Ligue 1 Mobilis : L&rsquo;USMA, le MCA et le CSC en t\u00eate - La Sentinelle\" \/>\n<meta property=\"og:description\" content=\"Apr\u00e8s la sixi\u00e8me journ\u00e9e du championnat de Ligue 1 Mobilis, trois \u00e9quipes qui se partagent d\u00e9sormais la t\u00eate du classement.\" \/>\n<meta property=\"og:url\" content=\"https:\/\/lasentinelle.dz\/index.php\/2024\/10\/27\/ligue-1-mobilis-lusma-le-mca-et-le-csc-en-tete\/\" \/>\n<meta property=\"og:site_name\" content=\"La Sentinelle\" \/>\n<meta property=\"article:publisher\" content=\"https:\/\/www.facebook.com\/La-Sentinelle-104059864394773\" \/>\n<meta property=\"article:published_time\" content=\"2024-10-27T20:00:32+00:00\" \/>\n<meta property=\"article:modified_time\" content=\"2024-10-27T20:00:34+00:00\" \/>\n<meta property=\"og:image\" content=\"https:\/\/lasentinelle.dz\/wp-content\/uploads\/2024\/10\/USMA-2.jpg\" \/>\n\t<meta property=\"og:image:width\" content=\"1440\" \/>\n\t<meta property=\"og:image:height\" content=\"1152\" \/>\n\t<meta property=\"og:image:type\" content=\"image\/jpeg\" \/>\n<meta name=\"author\" content=\"admin\" \/>\n<meta name=\"twitter:card\" content=\"summary_large_image\" \/>\n<meta name=\"twitter:label1\" content=\"\u00c9crit par\" \/>\n\t<meta name=\"twitter:data1\" content=\"admin\" \/>\n\t<meta name=\"twitter:label2\" content=\"Dur\u00e9e de lecture estim\u00e9e\" \/>\n\t<meta name=\"twitter:data2\" content=\"4 minutes\" \/>\n<script type=\"application\/ld+json\" class=\"yoast-schema-graph\">{\"@context\":\"https:\\\/\\\/schema.org\",\"@graph\":[{\"@type\":\"Article\",\"@id\":\"https:\\\/\\\/lasentinelle.dz\\\/index.php\\\/2024\\\/10\\\/27\\\/ligue-1-mobilis-lusma-le-mca-et-le-csc-en-tete\\\/#article\",\"isPartOf\":{\"@id\":\"https:\\\/\\\/lasentinelle.dz\\\/index.php\\\/2024\\\/10\\\/27\\\/ligue-1-mobilis-lusma-le-mca-et-le-csc-en-tete\\\/\"},\"author\":{\"name\":\"admin\",\"@id\":\"https:\\\/\\\/lasentinelle.dz\\\/#\\\/schema\\\/person\\\/729ee0024f24e0b8c5ec17232f8e8b41\"},\"headline\":\"Ligue 1 Mobilis : L&rsquo;USMA, le MCA et le CSC en t\u00eate\",\"datePublished\":\"2024-10-27T20:00:32+00:00\",\"dateModified\":\"2024-10-27T20:00:34+00:00\",\"mainEntityOfPage\":{\"@id\":\"https:\\\/\\\/lasentinelle.dz\\\/index.php\\\/2024\\\/10\\\/27\\\/ligue-1-mobilis-lusma-le-mca-et-le-csc-en-tete\\\/\"},\"wordCount\":688,\"commentCount\":0,\"publisher\":{\"@id\":\"https:\\\/\\\/lasentinelle.dz\\\/#organization\"},\"image\":{\"@id\":\"https:\\\/\\\/lasentinelle.dz\\\/index.php\\\/2024\\\/10\\\/27\\\/ligue-1-mobilis-lusma-le-mca-et-le-csc-en-tete\\\/#primaryimage\"},\"thumbnailUrl\":\"https:\\\/\\\/lasentinelle.dz\\\/wp-content\\\/uploads\\\/2024\\\/10\\\/USMA-2.jpg\",\"articleSection\":[\"\u00c0 la Une\",\"Sports\"],\"inLanguage\":\"fr-FR\",\"potentialAction\":[{\"@type\":\"CommentAction\",\"name\":\"Comment\",\"target\":[\"https:\\\/\\\/lasentinelle.dz\\\/index.php\\\/2024\\\/10\\\/27\\\/ligue-1-mobilis-lusma-le-mca-et-le-csc-en-tete\\\/#respond\"]}]},{\"@type\":\"WebPage\",\"@id\":\"https:\\\/\\\/lasentinelle.dz\\\/index.php\\\/2024\\\/10\\\/27\\\/ligue-1-mobilis-lusma-le-mca-et-le-csc-en-tete\\\/\",\"url\":\"https:\\\/\\\/lasentinelle.dz\\\/index.php\\\/2024\\\/10\\\/27\\\/ligue-1-mobilis-lusma-le-mca-et-le-csc-en-tete\\\/\",\"name\":\"Ligue 1 Mobilis : L&rsquo;USMA, le MCA et le CSC en t\u00eate - La Sentinelle\",\"isPartOf\":{\"@id\":\"https:\\\/\\\/lasentinelle.dz\\\/#website\"},\"primaryImageOfPage\":{\"@id\":\"https:\\\/\\\/lasentinelle.dz\\\/index.php\\\/2024\\\/10\\\/27\\\/ligue-1-mobilis-lusma-le-mca-et-le-csc-en-tete\\\/#primaryimage\"},\"image\":{\"@id\":\"https:\\\/\\\/lasentinelle.dz\\\/index.php\\\/2024\\\/10\\\/27\\\/ligue-1-mobilis-lusma-le-mca-et-le-csc-en-tete\\\/#primaryimage\"},\"thumbnailUrl\":\"https:\\\/\\\/lasentinelle.dz\\\/wp-content\\\/uploads\\\/2024\\\/10\\\/USMA-2.jpg\",\"datePublished\":\"2024-10-27T20:00:32+00:00\",\"dateModified\":\"2024-10-27T20:00:34+00:00\",\"breadcrumb\":{\"@id\":\"https:\\\/\\\/lasentinelle.dz\\\/index.php\\\/2024\\\/10\\\/27\\\/ligue-1-mobilis-lusma-le-mca-et-le-csc-en-tete\\\/#breadcrumb\"},\"inLanguage\":\"fr-FR\",\"potentialAction\":[{\"@type\":\"ReadAction\",\"target\":[\"https:\\\/\\\/lasentinelle.dz\\\/index.php\\\/2024\\\/10\\\/27\\\/ligue-1-mobilis-lusma-le-mca-et-le-csc-en-tete\\\/\"]}]},{\"@type\":\"ImageObject\",\"inLanguage\":\"fr-FR\",\"@id\":\"https:\\\/\\\/lasentinelle.dz\\\/index.php\\\/2024\\\/10\\\/27\\\/ligue-1-mobilis-lusma-le-mca-et-le-csc-en-tete\\\/#primaryimage\",\"url\":\"https:\\\/\\\/lasentinelle.dz\\\/wp-content\\\/uploads\\\/2024\\\/10\\\/USMA-2.jpg\",\"contentUrl\":\"https:\\\/\\\/lasentinelle.dz\\\/wp-content\\\/uploads\\\/2024\\\/10\\\/USMA-2.jpg\",\"width\":1440,\"height\":1152},{\"@type\":\"BreadcrumbList\",\"@id\":\"https:\\\/\\\/lasentinelle.dz\\\/index.php\\\/2024\\\/10\\\/27\\\/ligue-1-mobilis-lusma-le-mca-et-le-csc-en-tete\\\/#breadcrumb\",\"itemListElement\":[{\"@type\":\"ListItem\",\"position\":1,\"name\":\"Accueil\",\"item\":\"https:\\\/\\\/lasentinelle.dz\\\/\"},{\"@type\":\"ListItem\",\"position\":2,\"name\":\"Ligue 1 Mobilis : L&rsquo;USMA, le MCA et le CSC en t\u00eate\"}]},{\"@type\":\"WebSite\",\"@id\":\"https:\\\/\\\/lasentinelle.dz\\\/#website\",\"url\":\"https:\\\/\\\/lasentinelle.dz\\\/\",\"name\":\"La Sentinelle\",\"description\":\"Quotidien national d&#039;information\",\"publisher\":{\"@id\":\"https:\\\/\\\/lasentinelle.dz\\\/#organization\"},\"potentialAction\":[{\"@type\":\"SearchAction\",\"target\":{\"@type\":\"EntryPoint\",\"urlTemplate\":\"https:\\\/\\\/lasentinelle.dz\\\/?s={search_term_string}\"},\"query-input\":{\"@type\":\"PropertyValueSpecification\",\"valueRequired\":true,\"valueName\":\"search_term_string\"}}],\"inLanguage\":\"fr-FR\"},{\"@type\":\"Organization\",\"@id\":\"https:\\\/\\\/lasentinelle.dz\\\/#organization\",\"name\":\"Quotidien La Sentinelle\",\"url\":\"https:\\\/\\\/lasentinelle.dz\\\/\",\"logo\":{\"@type\":\"ImageObject\",\"inLanguage\":\"fr-FR\",\"@id\":\"https:\\\/\\\/lasentinelle.dz\\\/#\\\/schema\\\/logo\\\/image\\\/\",\"url\":\"https:\\\/\\\/lasentinelle.dz\\\/wp-content\\\/uploads\\\/2021\\\/09\\\/logo-sentinelleSLOGAN-1.png\",\"contentUrl\":\"https:\\\/\\\/lasentinelle.dz\\\/wp-content\\\/uploads\\\/2021\\\/09\\\/logo-sentinelleSLOGAN-1.png\",\"width\":615,\"height\":142,\"caption\":\"Quotidien La Sentinelle\"},\"image\":{\"@id\":\"https:\\\/\\\/lasentinelle.dz\\\/#\\\/schema\\\/logo\\\/image\\\/\"},\"sameAs\":[\"https:\\\/\\\/www.facebook.com\\\/La-Sentinelle-104059864394773\"]},{\"@type\":\"Person\",\"@id\":\"https:\\\/\\\/lasentinelle.dz\\\/#\\\/schema\\\/person\\\/729ee0024f24e0b8c5ec17232f8e8b41\",\"name\":\"admin\",\"image\":{\"@type\":\"ImageObject\",\"inLanguage\":\"fr-FR\",\"@id\":\"https:\\\/\\\/secure.gravatar.com\\\/avatar\\\/4c81fed838786e9b53f540bf46533e750f5d292099ae3b66cfc6fb1982e29df7?s=96&d=mm&r=g\",\"url\":\"https:\\\/\\\/secure.gravatar.com\\\/avatar\\\/4c81fed838786e9b53f540bf46533e750f5d292099ae3b66cfc6fb1982e29df7?s=96&d=mm&r=g\",\"contentUrl\":\"https:\\\/\\\/secure.gravatar.com\\\/avatar\\\/4c81fed838786e9b53f540bf46533e750f5d292099ae3b66cfc6fb1982e29df7?s=96&d=mm&r=g\",\"caption\":\"admin\"},\"description\":\"admin\",\"url\":\"https:\\\/\\\/lasentinelle.dz\\\/author\\\/admin\\\/\"}]}<\/script>\n<!-- \/ Yoast SEO plugin. -->","yoast_head_json":{"title":"Ligue 1 Mobilis : L&rsquo;USMA, le MCA et le CSC en t\u00eate - La Sentinelle","robots":{"index":"index","follow":"follow","max-snippet":"max-snippet:-1","max-image-preview":"max-image-preview:large","max-video-preview":"max-video-preview:-1"},"canonical":"https:\/\/lasentinelle.dz\/index.php\/2024\/10\/27\/ligue-1-mobilis-lusma-le-mca-et-le-csc-en-tete\/","og_locale":"fr_FR","og_type":"article","og_title":"Ligue 1 Mobilis : L&rsquo;USMA, le MCA et le CSC en t\u00eate - La Sentinelle","og_description":"Apr\u00e8s la sixi\u00e8me journ\u00e9e du championnat de Ligue 1 Mobilis, trois \u00e9quipes qui se partagent d\u00e9sormais la t\u00eate du classement.","og_url":"https:\/\/lasentinelle.dz\/index.php\/2024\/10\/27\/ligue-1-mobilis-lusma-le-mca-et-le-csc-en-tete\/","og_site_name":"La Sentinelle","article_publisher":"https:\/\/www.facebook.com\/La-Sentinelle-104059864394773","article_published_time":"2024-10-27T20:00:32+00:00","article_modified_time":"2024-10-27T20:00:34+00:00","og_image":[{"width":1440,"height":1152,"url":"https:\/\/lasentinelle.dz\/wp-content\/uploads\/2024\/10\/USMA-2.jpg","type":"image\/jpeg"}],"author":"admin","twitter_card":"summary_large_image","twitter_misc":{"\u00c9crit par":"admin","Dur\u00e9e de lecture estim\u00e9e":"4 minutes"},"schema":{"@context":"https:\/\/schema.org","@graph":[{"@type":"Article","@id":"https:\/\/lasentinelle.dz\/index.php\/2024\/10\/27\/ligue-1-mobilis-lusma-le-mca-et-le-csc-en-tete\/#article","isPartOf":{"@id":"https:\/\/lasentinelle.dz\/index.php\/2024\/10\/27\/ligue-1-mobilis-lusma-le-mca-et-le-csc-en-tete\/"},"author":{"name":"admin","@id":"https:\/\/lasentinelle.dz\/#\/schema\/person\/729ee0024f24e0b8c5ec17232f8e8b41"},"headline":"Ligue 1 Mobilis : L&rsquo;USMA, le MCA et le CSC en t\u00eate","datePublished":"2024-10-27T20:00:32+00:00","dateModified":"2024-10-27T20:00:34+00:00","mainEntityOfPage":{"@id":"https:\/\/lasentinelle.dz\/index.php\/2024\/10\/27\/ligue-1-mobilis-lusma-le-mca-et-le-csc-en-tete\/"},"wordCount":688,"commentCount":0,"publisher":{"@id":"https:\/\/lasentinelle.dz\/#organization"},"image":{"@id":"https:\/\/lasentinelle.dz\/index.php\/2024\/10\/27\/ligue-1-mobilis-lusma-le-mca-et-le-csc-en-tete\/#primaryimage"},"thumbnailUrl":"https:\/\/lasentinelle.dz\/wp-content\/uploads\/2024\/10\/USMA-2.jpg","articleSection":["\u00c0 la Une","Sports"],"inLanguage":"fr-FR","potentialAction":[{"@type":"CommentAction","name":"Comment","target":["https:\/\/lasentinelle.dz\/index.php\/2024\/10\/27\/ligue-1-mobilis-lusma-le-mca-et-le-csc-en-tete\/#respond"]}]},{"@type":"WebPage","@id":"https:\/\/lasentinelle.dz\/index.php\/2024\/10\/27\/ligue-1-mobilis-lusma-le-mca-et-le-csc-en-tete\/","url":"https:\/\/lasentinelle.dz\/index.php\/2024\/10\/27\/ligue-1-mobilis-lusma-le-mca-et-le-csc-en-tete\/","name":"Ligue 1 Mobilis : L&rsquo;USMA, le MCA et le CSC en t\u00eate - La Sentinelle","isPartOf":{"@id":"https:\/\/lasentinelle.dz\/#website"},"primaryImageOfPage":{"@id":"https:\/\/lasentinelle.dz\/index.php\/2024\/10\/27\/ligue-1-mobilis-lusma-le-mca-et-le-csc-en-tete\/#primaryimage"},"image":{"@id":"https:\/\/lasentinelle.dz\/index.php\/2024\/10\/27\/ligue-1-mobilis-lusma-le-mca-et-le-csc-en-tete\/#primaryimage"},"thumbnailUrl":"https:\/\/lasentinelle.dz\/wp-content\/uploads\/2024\/10\/USMA-2.jpg","datePublished":"2024-10-27T20:00:32+00:00","dateModified":"2024-10-27T20:00:34+00:00","breadcrumb":{"@id":"https:\/\/lasentinelle.dz\/index.php\/2024\/10\/27\/ligue-1-mobilis-lusma-le-mca-et-le-csc-en-tete\/#breadcrumb"},"inLanguage":"fr-FR","potentialAction":[{"@type":"ReadAction","target":["https:\/\/lasentinelle.dz\/index.php\/2024\/10\/27\/ligue-1-mobilis-lusma-le-mca-et-le-csc-en-tete\/"]}]},{"@type":"ImageObject","inLanguage":"fr-FR","@id":"https:\/\/lasentinelle.dz\/index.php\/2024\/10\/27\/ligue-1-mobilis-lusma-le-mca-et-le-csc-en-tete\/#primaryimage","url":"https:\/\/lasentinelle.dz\/wp-content\/uploads\/2024\/10\/USMA-2.jpg","contentUrl":"https:\/\/lasentinelle.dz\/wp-content\/uploads\/2024\/10\/USMA-2.jpg","width":1440,"height":1152},{"@type":"BreadcrumbList","@id":"https:\/\/lasentinelle.dz\/index.php\/2024\/10\/27\/ligue-1-mobilis-lusma-le-mca-et-le-csc-en-tete\/#breadcrumb","itemListElement":[{"@type":"ListItem","position":1,"name":"Accueil","item":"https:\/\/lasentinelle.dz\/"},{"@type":"ListItem","position":2,"name":"Ligue 1 Mobilis : L&rsquo;USMA, le MCA et le CSC en t\u00eate"}]},{"@type":"WebSite","@id":"https:\/\/lasentinelle.dz\/#website","url":"https:\/\/lasentinelle.dz\/","name":"La Sentinelle","description":"Quotidien national d&#039;information","publisher":{"@id":"https:\/\/lasentinelle.dz\/#organization"},"potentialAction":[{"@type":"SearchAction","target":{"@type":"EntryPoint","urlTemplate":"https:\/\/lasentinelle.dz\/?s={search_term_string}"},"query-input":{"@type":"PropertyValueSpecification","valueRequired":true,"valueName":"search_term_string"}}],"inLanguage":"fr-FR"},{"@type":"Organization","@id":"https:\/\/lasentinelle.dz\/#organization","name":"Quotidien La Sentinelle","url":"https:\/\/lasentinelle.dz\/","logo":{"@type":"ImageObject","inLanguage":"fr-FR","@id":"https:\/\/lasentinelle.dz\/#\/schema\/logo\/image\/","url":"https:\/\/lasentinelle.dz\/wp-content\/uploads\/2021\/09\/logo-sentinelleSLOGAN-1.png","contentUrl":"https:\/\/lasentinelle.dz\/wp-content\/uploads\/2021\/09\/logo-sentinelleSLOGAN-1.png","width":615,"height":142,"caption":"Quotidien La Sentinelle"},"image":{"@id":"https:\/\/lasentinelle.dz\/#\/schema\/logo\/image\/"},"sameAs":["https:\/\/www.facebook.com\/La-Sentinelle-104059864394773"]},{"@type":"Person","@id":"https:\/\/lasentinelle.dz\/#\/schema\/person\/729ee0024f24e0b8c5ec17232f8e8b41","name":"admin","image":{"@type":"ImageObject","inLanguage":"fr-FR","@id":"https:\/\/secure.gravatar.com\/avatar\/4c81fed838786e9b53f540bf46533e750f5d292099ae3b66cfc6fb1982e29df7?s=96&d=mm&r=g","url":"https:\/\/secure.gravatar.com\/avatar\/4c81fed838786e9b53f540bf46533e750f5d292099ae3b66cfc6fb1982e29df7?s=96&d=mm&r=g","contentUrl":"https:\/\/secure.gravatar.com\/avatar\/4c81fed838786e9b53f540bf46533e750f5d292099ae3b66cfc6fb1982e29df7?s=96&d=mm&r=g","caption":"admin"},"description":"admin","url":"https:\/\/lasentinelle.dz\/author\/admin\/"}]}},"_links":{"self":[{"href":"https:\/\/lasentinelle.dz\/index.php\/wp-json\/wp\/v2\/posts\/58688","targetHints":{"allow":["GET"]}}],"collection":[{"href":"https:\/\/lasentinelle.dz\/index.php\/wp-json\/wp\/v2\/posts"}],"about":[{"href":"https:\/\/lasentinelle.dz\/index.php\/wp-json\/wp\/v2\/types\/post"}],"author":[{"embeddable":true,"href":"https:\/\/lasentinelle.dz\/index.php\/wp-json\/wp\/v2\/users\/6"}],"replies":[{"embeddable":true,"href":"https:\/\/lasentinelle.dz\/index.php\/wp-json\/wp\/v2\/comments?post=58688"}],"version-history":[{"count":2,"href":"https:\/\/lasentinelle.dz\/index.php\/wp-json\/wp\/v2\/posts\/58688\/revisions"}],"predecessor-version":[{"id":58691,"href":"https:\/\/lasentinelle.dz\/index.php\/wp-json\/wp\/v2\/posts\/58688\/revisions\/58691"}],"wp:featuredmedia":[{"embeddable":true,"href":"https:\/\/lasentinelle.dz\/index.php\/wp-json\/wp\/v2\/media\/58689"}],"wp:attachment":[{"href":"https:\/\/lasentinelle.dz\/index.php\/wp-json\/wp\/v2\/media?parent=58688"}],"wp:term":[{"taxonomy":"category","embeddable":true,"href":"https:\/\/lasentinelle.dz\/index.php\/wp-json\/wp\/v2\/categories?post=58688"},{"taxonomy":"post_tag","embeddable":true,"href":"https:\/\/lasentinelle.dz\/index.php\/wp-json\/wp\/v2\/tags?post=58688"}],"curies":[{"name":"wp","href":"https:\/\/api.w.org\/{rel}","templated":true}]}}