{"id":58700,"date":"2024-10-27T21:09:27","date_gmt":"2024-10-27T20:09:27","guid":{"rendered":"https:\/\/lasentinelle.dz\/?p=58700"},"modified":"2024-10-27T21:09:28","modified_gmt":"2024-10-27T20:09:28","slug":"commerce-exterieur-forte-baisse-des-prix-a-lexport","status":"publish","type":"post","link":"https:\/\/lasentinelle.dz\/index.php\/2024\/10\/27\/commerce-exterieur-forte-baisse-des-prix-a-lexport\/","title":{"rendered":"Commerce ext\u00e9rieur : Forte baisse des prix \u00e0 l\u2019export"},"content":{"rendered":"\n<p>Le premier semestre 2024 a \u00e9t\u00e9 marqu\u00e9 par une \u00e9volution contrast\u00e9e du commerce ext\u00e9rieur, caract\u00e9ris\u00e9e notamment par une baisse significative des prix \u00e0 l&rsquo;exportation des produits hors hydrocarbures. Selon les donn\u00e9es de l&rsquo;Office national des statistiques, les exportations hors hydrocarbures ont connu une diminution notable de leurs prix unitaires de 10,3%, s&rsquo;inscrivant dans une tendance baissi\u00e8re g\u00e9n\u00e9ralis\u00e9e qui a touch\u00e9 l&rsquo;ensemble des cat\u00e9gories de produits. Les baisses les plus prononc\u00e9es ont \u00e9t\u00e9 enregistr\u00e9es dans les secteurs des articles manufactur\u00e9s et articles manufactur\u00e9s divers (-16,6%), suivis par les mati\u00e8res brutes non comestibles et les huiles et graisses (-12,6%). Cette \u00e9volution des prix hors hydrocarbures s&rsquo;est inscrite dans un contexte global de repli des prix \u00e0 l&rsquo;exportation de 6,0%, influenc\u00e9 \u00e9galement par la baisse des cours internationaux des hydrocarbures (-5,5%). En termes de valeur globale, les exportations alg\u00e9riennes se sont \u00e9tablies \u00e0 3450,3 milliards de dinars, accusant une baisse de 5,2% par rapport au premier semestre 2023, et ce malgr\u00e9 une l\u00e9g\u00e8re augmentation des volumes export\u00e9s de 0,8%. Du c\u00f4t\u00e9 des importations, on observe une hausse significative de 6,6% en valeur, atteignant 2996,8 milliards de dinars, port\u00e9e par une augmentation encore plus marqu\u00e9e des volumes (+14,4%), malgr\u00e9 une baisse des prix \u00e0 l&rsquo;importation de 6,9%. Cette baisse des prix \u00e0 l&rsquo;importation a concern\u00e9 la majorit\u00e9 des cat\u00e9gories de produits, avec des replis particuli\u00e8rement prononc\u00e9s pour les boissons et tabacs (-55,9%), les huiles et graisses (-17,5%) et les articles manufactur\u00e9s divers (-15,8%). Seule la cat\u00e9gorie des machines et mat\u00e9riels de transport a enregistr\u00e9 une l\u00e9g\u00e8re hausse de prix de 0,7%. Cette configuration des \u00e9changes ext\u00e9rieurs a conduit \u00e0 une baisse sensible du solde commercial, qui s&rsquo;est contract\u00e9 de 45,1%. Le taux de couverture des importations par les exportations est ainsi pass\u00e9 de 129,4% au premier semestre 2023 \u00e0 115,1% \u00e0 la m\u00eame p\u00e9riode de 2024. N\u00e9anmoins, les termes de l&rsquo;\u00e9change ont connu une l\u00e9g\u00e8re am\u00e9lioration, progressant de 96,5% \u00e0 97,5%. Il convient de noter que si les donn\u00e9es de 2023 sont d\u00e9finitives, celles du premier semestre 2024, notamment concernant les exportations d&rsquo;hydrocarbures collect\u00e9es aupr\u00e8s du Minist\u00e8re de l&rsquo;\u00c9nergie et des Mines, conservent un caract\u00e8re provisoire et pourraient faire l&rsquo;objet d&rsquo;ajustements ult\u00e9rieurs.<\/p>\n\n\n\n<p><strong>Sabrina Aziouez<\/strong><\/p>\n","protected":false},"excerpt":{"rendered":"<p>Le premier semestre 2024 a \u00e9t\u00e9 marqu\u00e9 par une \u00e9volution contrast\u00e9e du commerce ext\u00e9rieur, caract\u00e9ris\u00e9e notamment par une baisse significative<\/p>\n","protected":false},"author":6,"featured_media":39803,"comment_status":"open","ping_status":"closed","sticky":false,"template":"","format":"standard","meta":{"colormag_page_container_layout":"default_layout","colormag_page_sidebar_layout":"default_layout","om_disable_all_campaigns":false,"_monsterinsights_skip_tracking":false,"_monsterinsights_sitenote_active":false,"_monsterinsights_sitenote_note":"","_monsterinsights_sitenote_category":0,"footnotes":"","_wpscppro_dont_share_socialmedia":false,"_wpscppro_custom_social_share_image":0,"_facebook_share_type":"default","_twitter_share_type":"default","_linkedin_share_type":"default","_pinterest_share_type":"default","_linkedin_share_type_page":"","_instagram_share_type":"default","_medium_share_type":"default","_threads_share_type":"","_google_business_share_type":"","_selected_social_profile":[],"_wpsp_enable_custom_social_template":false,"_wpsp_social_scheduling":{"enabled":false,"datetime":null,"platforms":[],"status":"template_only","dateOption":"today","timeOption":"now","customDays":"","customHours":"","customDate":"","customTime":"","schedulingType":"absolute"},"_wpsp_active_default_template":true},"categories":[29],"tags":[],"class_list":["post-58700","post","type-post","status-publish","format-standard","has-post-thumbnail","hentry","category-economie"],"aioseo_notices":[],"yoast_head":"<!-- This site is optimized with the Yoast SEO plugin v27.4 - https:\/\/yoast.com\/product\/yoast-seo-wordpress\/ -->\n<title>Commerce ext\u00e9rieur : Forte baisse des prix \u00e0 l\u2019export - La Sentinelle<\/title>\n<meta name=\"robots\" content=\"index, follow, max-snippet:-1, max-image-preview:large, max-video-preview:-1\" \/>\n<link rel=\"canonical\" href=\"https:\/\/lasentinelle.dz\/index.php\/2024\/10\/27\/commerce-exterieur-forte-baisse-des-prix-a-lexport\/\" \/>\n<meta property=\"og:locale\" content=\"fr_FR\" \/>\n<meta property=\"og:type\" content=\"article\" \/>\n<meta property=\"og:title\" content=\"Commerce ext\u00e9rieur : Forte baisse des prix \u00e0 l\u2019export - La Sentinelle\" \/>\n<meta property=\"og:description\" content=\"Le premier semestre 2024 a \u00e9t\u00e9 marqu\u00e9 par une \u00e9volution contrast\u00e9e du commerce ext\u00e9rieur, caract\u00e9ris\u00e9e notamment par une baisse significative\" \/>\n<meta property=\"og:url\" content=\"https:\/\/lasentinelle.dz\/index.php\/2024\/10\/27\/commerce-exterieur-forte-baisse-des-prix-a-lexport\/\" \/>\n<meta property=\"og:site_name\" content=\"La Sentinelle\" \/>\n<meta property=\"article:publisher\" content=\"https:\/\/www.facebook.com\/La-Sentinelle-104059864394773\" \/>\n<meta property=\"article:published_time\" content=\"2024-10-27T20:09:27+00:00\" \/>\n<meta property=\"article:modified_time\" content=\"2024-10-27T20:09:28+00:00\" \/>\n<meta property=\"og:image\" content=\"https:\/\/lasentinelle.dz\/wp-content\/uploads\/2023\/04\/conteneur.png\" \/>\n\t<meta property=\"og:image:width\" content=\"1353\" \/>\n\t<meta property=\"og:image:height\" content=\"900\" \/>\n\t<meta property=\"og:image:type\" content=\"image\/png\" \/>\n<meta name=\"author\" content=\"admin\" \/>\n<meta name=\"twitter:card\" content=\"summary_large_image\" \/>\n<meta name=\"twitter:label1\" content=\"\u00c9crit par\" \/>\n\t<meta name=\"twitter:data1\" content=\"admin\" \/>\n\t<meta name=\"twitter:label2\" content=\"Dur\u00e9e de lecture estim\u00e9e\" \/>\n\t<meta name=\"twitter:data2\" content=\"3 minutes\" \/>\n<script type=\"application\/ld+json\" class=\"yoast-schema-graph\">{\"@context\":\"https:\\\/\\\/schema.org\",\"@graph\":[{\"@type\":\"Article\",\"@id\":\"https:\\\/\\\/lasentinelle.dz\\\/index.php\\\/2024\\\/10\\\/27\\\/commerce-exterieur-forte-baisse-des-prix-a-lexport\\\/#article\",\"isPartOf\":{\"@id\":\"https:\\\/\\\/lasentinelle.dz\\\/index.php\\\/2024\\\/10\\\/27\\\/commerce-exterieur-forte-baisse-des-prix-a-lexport\\\/\"},\"author\":{\"name\":\"admin\",\"@id\":\"https:\\\/\\\/lasentinelle.dz\\\/#\\\/schema\\\/person\\\/729ee0024f24e0b8c5ec17232f8e8b41\"},\"headline\":\"Commerce ext\u00e9rieur : Forte baisse des prix \u00e0 l\u2019export\",\"datePublished\":\"2024-10-27T20:09:27+00:00\",\"dateModified\":\"2024-10-27T20:09:28+00:00\",\"mainEntityOfPage\":{\"@id\":\"https:\\\/\\\/lasentinelle.dz\\\/index.php\\\/2024\\\/10\\\/27\\\/commerce-exterieur-forte-baisse-des-prix-a-lexport\\\/\"},\"wordCount\":397,\"commentCount\":0,\"publisher\":{\"@id\":\"https:\\\/\\\/lasentinelle.dz\\\/#organization\"},\"image\":{\"@id\":\"https:\\\/\\\/lasentinelle.dz\\\/index.php\\\/2024\\\/10\\\/27\\\/commerce-exterieur-forte-baisse-des-prix-a-lexport\\\/#primaryimage\"},\"thumbnailUrl\":\"https:\\\/\\\/lasentinelle.dz\\\/wp-content\\\/uploads\\\/2023\\\/04\\\/conteneur.png\",\"articleSection\":[\"\u00c9conomie\"],\"inLanguage\":\"fr-FR\",\"potentialAction\":[{\"@type\":\"CommentAction\",\"name\":\"Comment\",\"target\":[\"https:\\\/\\\/lasentinelle.dz\\\/index.php\\\/2024\\\/10\\\/27\\\/commerce-exterieur-forte-baisse-des-prix-a-lexport\\\/#respond\"]}]},{\"@type\":\"WebPage\",\"@id\":\"https:\\\/\\\/lasentinelle.dz\\\/index.php\\\/2024\\\/10\\\/27\\\/commerce-exterieur-forte-baisse-des-prix-a-lexport\\\/\",\"url\":\"https:\\\/\\\/lasentinelle.dz\\\/index.php\\\/2024\\\/10\\\/27\\\/commerce-exterieur-forte-baisse-des-prix-a-lexport\\\/\",\"name\":\"Commerce ext\u00e9rieur : Forte baisse des prix \u00e0 l\u2019export - La Sentinelle\",\"isPartOf\":{\"@id\":\"https:\\\/\\\/lasentinelle.dz\\\/#website\"},\"primaryImageOfPage\":{\"@id\":\"https:\\\/\\\/lasentinelle.dz\\\/index.php\\\/2024\\\/10\\\/27\\\/commerce-exterieur-forte-baisse-des-prix-a-lexport\\\/#primaryimage\"},\"image\":{\"@id\":\"https:\\\/\\\/lasentinelle.dz\\\/index.php\\\/2024\\\/10\\\/27\\\/commerce-exterieur-forte-baisse-des-prix-a-lexport\\\/#primaryimage\"},\"thumbnailUrl\":\"https:\\\/\\\/lasentinelle.dz\\\/wp-content\\\/uploads\\\/2023\\\/04\\\/conteneur.png\",\"datePublished\":\"2024-10-27T20:09:27+00:00\",\"dateModified\":\"2024-10-27T20:09:28+00:00\",\"breadcrumb\":{\"@id\":\"https:\\\/\\\/lasentinelle.dz\\\/index.php\\\/2024\\\/10\\\/27\\\/commerce-exterieur-forte-baisse-des-prix-a-lexport\\\/#breadcrumb\"},\"inLanguage\":\"fr-FR\",\"potentialAction\":[{\"@type\":\"ReadAction\",\"target\":[\"https:\\\/\\\/lasentinelle.dz\\\/index.php\\\/2024\\\/10\\\/27\\\/commerce-exterieur-forte-baisse-des-prix-a-lexport\\\/\"]}]},{\"@type\":\"ImageObject\",\"inLanguage\":\"fr-FR\",\"@id\":\"https:\\\/\\\/lasentinelle.dz\\\/index.php\\\/2024\\\/10\\\/27\\\/commerce-exterieur-forte-baisse-des-prix-a-lexport\\\/#primaryimage\",\"url\":\"https:\\\/\\\/lasentinelle.dz\\\/wp-content\\\/uploads\\\/2023\\\/04\\\/conteneur.png\",\"contentUrl\":\"https:\\\/\\\/lasentinelle.dz\\\/wp-content\\\/uploads\\\/2023\\\/04\\\/conteneur.png\",\"width\":1353,\"height\":900},{\"@type\":\"BreadcrumbList\",\"@id\":\"https:\\\/\\\/lasentinelle.dz\\\/index.php\\\/2024\\\/10\\\/27\\\/commerce-exterieur-forte-baisse-des-prix-a-lexport\\\/#breadcrumb\",\"itemListElement\":[{\"@type\":\"ListItem\",\"position\":1,\"name\":\"Accueil\",\"item\":\"https:\\\/\\\/lasentinelle.dz\\\/\"},{\"@type\":\"ListItem\",\"position\":2,\"name\":\"Commerce ext\u00e9rieur : Forte baisse des prix \u00e0 l\u2019export\"}]},{\"@type\":\"WebSite\",\"@id\":\"https:\\\/\\\/lasentinelle.dz\\\/#website\",\"url\":\"https:\\\/\\\/lasentinelle.dz\\\/\",\"name\":\"La Sentinelle\",\"description\":\"Quotidien national d&#039;information\",\"publisher\":{\"@id\":\"https:\\\/\\\/lasentinelle.dz\\\/#organization\"},\"potentialAction\":[{\"@type\":\"SearchAction\",\"target\":{\"@type\":\"EntryPoint\",\"urlTemplate\":\"https:\\\/\\\/lasentinelle.dz\\\/?s={search_term_string}\"},\"query-input\":{\"@type\":\"PropertyValueSpecification\",\"valueRequired\":true,\"valueName\":\"search_term_string\"}}],\"inLanguage\":\"fr-FR\"},{\"@type\":\"Organization\",\"@id\":\"https:\\\/\\\/lasentinelle.dz\\\/#organization\",\"name\":\"Quotidien La Sentinelle\",\"url\":\"https:\\\/\\\/lasentinelle.dz\\\/\",\"logo\":{\"@type\":\"ImageObject\",\"inLanguage\":\"fr-FR\",\"@id\":\"https:\\\/\\\/lasentinelle.dz\\\/#\\\/schema\\\/logo\\\/image\\\/\",\"url\":\"https:\\\/\\\/lasentinelle.dz\\\/wp-content\\\/uploads\\\/2021\\\/09\\\/logo-sentinelleSLOGAN-1.png\",\"contentUrl\":\"https:\\\/\\\/lasentinelle.dz\\\/wp-content\\\/uploads\\\/2021\\\/09\\\/logo-sentinelleSLOGAN-1.png\",\"width\":615,\"height\":142,\"caption\":\"Quotidien La Sentinelle\"},\"image\":{\"@id\":\"https:\\\/\\\/lasentinelle.dz\\\/#\\\/schema\\\/logo\\\/image\\\/\"},\"sameAs\":[\"https:\\\/\\\/www.facebook.com\\\/La-Sentinelle-104059864394773\"]},{\"@type\":\"Person\",\"@id\":\"https:\\\/\\\/lasentinelle.dz\\\/#\\\/schema\\\/person\\\/729ee0024f24e0b8c5ec17232f8e8b41\",\"name\":\"admin\",\"image\":{\"@type\":\"ImageObject\",\"inLanguage\":\"fr-FR\",\"@id\":\"https:\\\/\\\/secure.gravatar.com\\\/avatar\\\/4c81fed838786e9b53f540bf46533e750f5d292099ae3b66cfc6fb1982e29df7?s=96&d=mm&r=g\",\"url\":\"https:\\\/\\\/secure.gravatar.com\\\/avatar\\\/4c81fed838786e9b53f540bf46533e750f5d292099ae3b66cfc6fb1982e29df7?s=96&d=mm&r=g\",\"contentUrl\":\"https:\\\/\\\/secure.gravatar.com\\\/avatar\\\/4c81fed838786e9b53f540bf46533e750f5d292099ae3b66cfc6fb1982e29df7?s=96&d=mm&r=g\",\"caption\":\"admin\"},\"description\":\"admin\",\"url\":\"https:\\\/\\\/lasentinelle.dz\\\/author\\\/admin\\\/\"}]}<\/script>\n<!-- \/ Yoast SEO plugin. -->","yoast_head_json":{"title":"Commerce ext\u00e9rieur : Forte baisse des prix \u00e0 l\u2019export - La Sentinelle","robots":{"index":"index","follow":"follow","max-snippet":"max-snippet:-1","max-image-preview":"max-image-preview:large","max-video-preview":"max-video-preview:-1"},"canonical":"https:\/\/lasentinelle.dz\/index.php\/2024\/10\/27\/commerce-exterieur-forte-baisse-des-prix-a-lexport\/","og_locale":"fr_FR","og_type":"article","og_title":"Commerce ext\u00e9rieur : Forte baisse des prix \u00e0 l\u2019export - La Sentinelle","og_description":"Le premier semestre 2024 a \u00e9t\u00e9 marqu\u00e9 par une \u00e9volution contrast\u00e9e du commerce ext\u00e9rieur, caract\u00e9ris\u00e9e notamment par une baisse significative","og_url":"https:\/\/lasentinelle.dz\/index.php\/2024\/10\/27\/commerce-exterieur-forte-baisse-des-prix-a-lexport\/","og_site_name":"La Sentinelle","article_publisher":"https:\/\/www.facebook.com\/La-Sentinelle-104059864394773","article_published_time":"2024-10-27T20:09:27+00:00","article_modified_time":"2024-10-27T20:09:28+00:00","og_image":[{"width":1353,"height":900,"url":"https:\/\/lasentinelle.dz\/wp-content\/uploads\/2023\/04\/conteneur.png","type":"image\/png"}],"author":"admin","twitter_card":"summary_large_image","twitter_misc":{"\u00c9crit par":"admin","Dur\u00e9e de lecture estim\u00e9e":"3 minutes"},"schema":{"@context":"https:\/\/schema.org","@graph":[{"@type":"Article","@id":"https:\/\/lasentinelle.dz\/index.php\/2024\/10\/27\/commerce-exterieur-forte-baisse-des-prix-a-lexport\/#article","isPartOf":{"@id":"https:\/\/lasentinelle.dz\/index.php\/2024\/10\/27\/commerce-exterieur-forte-baisse-des-prix-a-lexport\/"},"author":{"name":"admin","@id":"https:\/\/lasentinelle.dz\/#\/schema\/person\/729ee0024f24e0b8c5ec17232f8e8b41"},"headline":"Commerce ext\u00e9rieur : Forte baisse des prix \u00e0 l\u2019export","datePublished":"2024-10-27T20:09:27+00:00","dateModified":"2024-10-27T20:09:28+00:00","mainEntityOfPage":{"@id":"https:\/\/lasentinelle.dz\/index.php\/2024\/10\/27\/commerce-exterieur-forte-baisse-des-prix-a-lexport\/"},"wordCount":397,"commentCount":0,"publisher":{"@id":"https:\/\/lasentinelle.dz\/#organization"},"image":{"@id":"https:\/\/lasentinelle.dz\/index.php\/2024\/10\/27\/commerce-exterieur-forte-baisse-des-prix-a-lexport\/#primaryimage"},"thumbnailUrl":"https:\/\/lasentinelle.dz\/wp-content\/uploads\/2023\/04\/conteneur.png","articleSection":["\u00c9conomie"],"inLanguage":"fr-FR","potentialAction":[{"@type":"CommentAction","name":"Comment","target":["https:\/\/lasentinelle.dz\/index.php\/2024\/10\/27\/commerce-exterieur-forte-baisse-des-prix-a-lexport\/#respond"]}]},{"@type":"WebPage","@id":"https:\/\/lasentinelle.dz\/index.php\/2024\/10\/27\/commerce-exterieur-forte-baisse-des-prix-a-lexport\/","url":"https:\/\/lasentinelle.dz\/index.php\/2024\/10\/27\/commerce-exterieur-forte-baisse-des-prix-a-lexport\/","name":"Commerce ext\u00e9rieur : Forte baisse des prix \u00e0 l\u2019export - La Sentinelle","isPartOf":{"@id":"https:\/\/lasentinelle.dz\/#website"},"primaryImageOfPage":{"@id":"https:\/\/lasentinelle.dz\/index.php\/2024\/10\/27\/commerce-exterieur-forte-baisse-des-prix-a-lexport\/#primaryimage"},"image":{"@id":"https:\/\/lasentinelle.dz\/index.php\/2024\/10\/27\/commerce-exterieur-forte-baisse-des-prix-a-lexport\/#primaryimage"},"thumbnailUrl":"https:\/\/lasentinelle.dz\/wp-content\/uploads\/2023\/04\/conteneur.png","datePublished":"2024-10-27T20:09:27+00:00","dateModified":"2024-10-27T20:09:28+00:00","breadcrumb":{"@id":"https:\/\/lasentinelle.dz\/index.php\/2024\/10\/27\/commerce-exterieur-forte-baisse-des-prix-a-lexport\/#breadcrumb"},"inLanguage":"fr-FR","potentialAction":[{"@type":"ReadAction","target":["https:\/\/lasentinelle.dz\/index.php\/2024\/10\/27\/commerce-exterieur-forte-baisse-des-prix-a-lexport\/"]}]},{"@type":"ImageObject","inLanguage":"fr-FR","@id":"https:\/\/lasentinelle.dz\/index.php\/2024\/10\/27\/commerce-exterieur-forte-baisse-des-prix-a-lexport\/#primaryimage","url":"https:\/\/lasentinelle.dz\/wp-content\/uploads\/2023\/04\/conteneur.png","contentUrl":"https:\/\/lasentinelle.dz\/wp-content\/uploads\/2023\/04\/conteneur.png","width":1353,"height":900},{"@type":"BreadcrumbList","@id":"https:\/\/lasentinelle.dz\/index.php\/2024\/10\/27\/commerce-exterieur-forte-baisse-des-prix-a-lexport\/#breadcrumb","itemListElement":[{"@type":"ListItem","position":1,"name":"Accueil","item":"https:\/\/lasentinelle.dz\/"},{"@type":"ListItem","position":2,"name":"Commerce ext\u00e9rieur : Forte baisse des prix \u00e0 l\u2019export"}]},{"@type":"WebSite","@id":"https:\/\/lasentinelle.dz\/#website","url":"https:\/\/lasentinelle.dz\/","name":"La Sentinelle","description":"Quotidien national d&#039;information","publisher":{"@id":"https:\/\/lasentinelle.dz\/#organization"},"potentialAction":[{"@type":"SearchAction","target":{"@type":"EntryPoint","urlTemplate":"https:\/\/lasentinelle.dz\/?s={search_term_string}"},"query-input":{"@type":"PropertyValueSpecification","valueRequired":true,"valueName":"search_term_string"}}],"inLanguage":"fr-FR"},{"@type":"Organization","@id":"https:\/\/lasentinelle.dz\/#organization","name":"Quotidien La Sentinelle","url":"https:\/\/lasentinelle.dz\/","logo":{"@type":"ImageObject","inLanguage":"fr-FR","@id":"https:\/\/lasentinelle.dz\/#\/schema\/logo\/image\/","url":"https:\/\/lasentinelle.dz\/wp-content\/uploads\/2021\/09\/logo-sentinelleSLOGAN-1.png","contentUrl":"https:\/\/lasentinelle.dz\/wp-content\/uploads\/2021\/09\/logo-sentinelleSLOGAN-1.png","width":615,"height":142,"caption":"Quotidien La Sentinelle"},"image":{"@id":"https:\/\/lasentinelle.dz\/#\/schema\/logo\/image\/"},"sameAs":["https:\/\/www.facebook.com\/La-Sentinelle-104059864394773"]},{"@type":"Person","@id":"https:\/\/lasentinelle.dz\/#\/schema\/person\/729ee0024f24e0b8c5ec17232f8e8b41","name":"admin","image":{"@type":"ImageObject","inLanguage":"fr-FR","@id":"https:\/\/secure.gravatar.com\/avatar\/4c81fed838786e9b53f540bf46533e750f5d292099ae3b66cfc6fb1982e29df7?s=96&d=mm&r=g","url":"https:\/\/secure.gravatar.com\/avatar\/4c81fed838786e9b53f540bf46533e750f5d292099ae3b66cfc6fb1982e29df7?s=96&d=mm&r=g","contentUrl":"https:\/\/secure.gravatar.com\/avatar\/4c81fed838786e9b53f540bf46533e750f5d292099ae3b66cfc6fb1982e29df7?s=96&d=mm&r=g","caption":"admin"},"description":"admin","url":"https:\/\/lasentinelle.dz\/author\/admin\/"}]}},"_links":{"self":[{"href":"https:\/\/lasentinelle.dz\/index.php\/wp-json\/wp\/v2\/posts\/58700","targetHints":{"allow":["GET"]}}],"collection":[{"href":"https:\/\/lasentinelle.dz\/index.php\/wp-json\/wp\/v2\/posts"}],"about":[{"href":"https:\/\/lasentinelle.dz\/index.php\/wp-json\/wp\/v2\/types\/post"}],"author":[{"embeddable":true,"href":"https:\/\/lasentinelle.dz\/index.php\/wp-json\/wp\/v2\/users\/6"}],"replies":[{"embeddable":true,"href":"https:\/\/lasentinelle.dz\/index.php\/wp-json\/wp\/v2\/comments?post=58700"}],"version-history":[{"count":1,"href":"https:\/\/lasentinelle.dz\/index.php\/wp-json\/wp\/v2\/posts\/58700\/revisions"}],"predecessor-version":[{"id":58701,"href":"https:\/\/lasentinelle.dz\/index.php\/wp-json\/wp\/v2\/posts\/58700\/revisions\/58701"}],"wp:featuredmedia":[{"embeddable":true,"href":"https:\/\/lasentinelle.dz\/index.php\/wp-json\/wp\/v2\/media\/39803"}],"wp:attachment":[{"href":"https:\/\/lasentinelle.dz\/index.php\/wp-json\/wp\/v2\/media?parent=58700"}],"wp:term":[{"taxonomy":"category","embeddable":true,"href":"https:\/\/lasentinelle.dz\/index.php\/wp-json\/wp\/v2\/categories?post=58700"},{"taxonomy":"post_tag","embeddable":true,"href":"https:\/\/lasentinelle.dz\/index.php\/wp-json\/wp\/v2\/tags?post=58700"}],"curies":[{"name":"wp","href":"https:\/\/api.w.org\/{rel}","templated":true}]}}