{"id":58735,"date":"2024-10-28T19:21:00","date_gmt":"2024-10-28T18:21:00","guid":{"rendered":"https:\/\/lasentinelle.dz\/?p=58735"},"modified":"2024-10-28T19:21:01","modified_gmt":"2024-10-28T18:21:01","slug":"equipe-nationale-mitchell-weiser-en-renfort","status":"publish","type":"post","link":"https:\/\/lasentinelle.dz\/index.php\/2024\/10\/28\/equipe-nationale-mitchell-weiser-en-renfort\/","title":{"rendered":"\u00c9quipe nationale\u00a0: Mitchell Weiser en renfort"},"content":{"rendered":"\n<p>Le s\u00e9lectionneur national Vladimir Petkovic enrichit son effectif avec l&rsquo;arriv\u00e9e de Mitchell Weiser. Le lat\u00e9ral droit du Werder Br\u00eame, r\u00e9cemment naturalis\u00e9 alg\u00e9rien, vient d&rsquo;obtenir sa premi\u00e8re convocation en \u00e9quipe nationale, comme l&rsquo;a confirm\u00e9 Peter Niemeyer, directeur sportif du club allemand.<\/p>\n\n\n\n<p>La confirmation de cette s\u00e9lection intervient dans un moment opportun. L&rsquo;Alg\u00e9rie, d\u00e9j\u00e0 qualifi\u00e9e pour la CAN 2025 depuis sa victoire contre le Togo (0-1) lors de la quatri\u00e8me journ\u00e9e des \u00e9liminatoires, peut d\u00e9sormais se permettre d&rsquo;exp\u00e9rimenter de nouvelles options tactiques. Les deux derniers matches de l&rsquo;ann\u00e9e contre la Guin\u00e9e Equatoriale et le Liberia, pr\u00e9vus les 14 et 17 novembre, offriront un cadre id\u00e9al pour l&rsquo;int\u00e9gration de Weiser.<\/p>\n\n\n\n<p>Le joueur de 29 ans, ancien du Bayern Munich, arrive fort d&rsquo;excellentes performances avec le Werder Br\u00eame. Sa r\u00e9cente prestation contre Wolfsburg (2-4) le 20 octobre avait d&rsquo;ailleurs particuli\u00e8rement marqu\u00e9 les esprits, renfor\u00e7ant sa candidature pour une place chez les Fennecs.<\/p>\n\n\n\n<p>Cette arriv\u00e9e s&rsquo;inscrit dans une dynamique plus large de renouvellement de l&rsquo;effectif alg\u00e9rien qui a vu l\u2019arriv\u00e9e de jeunes joueurs lors du dernier regroupement des Verts. &nbsp;C\u2019est le cas du jeune Ibrahim Maza, autre binational r\u00e9cemment int\u00e9gr\u00e9 \u00e0 la s\u00e9lection, lequel poursuit son d\u00e9veloppement. Le milieu offensif de l&rsquo;Hertha Berlin, qui f\u00eatera ses 19 ans en novembre, a connu une petite alerte ce week-end lors du match contre Karlsruher en 2. Bundesliga. Sorti apr\u00e8s 14 minutes de jeu suite \u00e0 une douleur au genou, son cas n&rsquo;inspire finalement pas d&rsquo;inqui\u00e9tude majeure, comme l&rsquo;a confirm\u00e9 son club : il ne s&rsquo;agit que d&rsquo;une contusion au genou droit.<\/p>\n\n\n\n<p>L&rsquo;int\u00e9gration de Weiser repr\u00e9sente un atout consid\u00e9rable pour l&rsquo;EN. Double championne d&rsquo;Afrique, la s\u00e9lection renforce ainsi son couloir droit avec un joueur exp\u00e9riment\u00e9, form\u00e9 \u00e0 la rigueur du football allemand. Cette arriv\u00e9e, combin\u00e9e \u00e0 l&rsquo;\u00e9mergence de jeunes talents comme Maza, illustre la strat\u00e9gie de Petkovic : mixer exp\u00e9rience et jeunesse pour construire une \u00e9quipe comp\u00e9titive. Les prochaines rencontres contre la Guin\u00e9e Equatoriale \u00e0 Malabo et le Liberia \u00e0 Tizi-Ouzou permettront d&rsquo;observer les premi\u00e8res combinaisons incluant ces nouveaux \u00e9l\u00e9ments, dans l&rsquo;optique d&rsquo;une int\u00e9gration r\u00e9ussie pour la suite des comp\u00e9titions internationales.<\/p>\n\n\n\n<p>Moncef Dahleb<\/p>\n","protected":false},"excerpt":{"rendered":"<p>Le s\u00e9lectionneur national Vladimir Petkovic enrichit son effectif avec l&rsquo;arriv\u00e9e de Mitchell Weiser. Le lat\u00e9ral droit du Werder Br\u00eame, r\u00e9cemment<\/p>\n","protected":false},"author":6,"featured_media":58736,"comment_status":"open","ping_status":"closed","sticky":false,"template":"","format":"standard","meta":{"colormag_page_container_layout":"default_layout","colormag_page_sidebar_layout":"default_layout","om_disable_all_campaigns":false,"_monsterinsights_skip_tracking":false,"_monsterinsights_sitenote_active":false,"_monsterinsights_sitenote_note":"","_monsterinsights_sitenote_category":0,"footnotes":"","_wpscppro_dont_share_socialmedia":false,"_wpscppro_custom_social_share_image":0,"_facebook_share_type":"default","_twitter_share_type":"default","_linkedin_share_type":"default","_pinterest_share_type":"default","_linkedin_share_type_page":"","_instagram_share_type":"default","_medium_share_type":"default","_threads_share_type":"","_google_business_share_type":"","_selected_social_profile":[],"_wpsp_enable_custom_social_template":false,"_wpsp_social_scheduling":{"enabled":false,"datetime":null,"platforms":[],"status":"template_only","dateOption":"today","timeOption":"now","customDays":"","customHours":"","customDate":"","customTime":"","schedulingType":"absolute"},"_wpsp_active_default_template":true},"categories":[52,33],"tags":[],"class_list":["post-58735","post","type-post","status-publish","format-standard","has-post-thumbnail","hentry","category-a-la-une","category-sports"],"aioseo_notices":[],"yoast_head":"<!-- This site is optimized with the Yoast SEO plugin v27.5 - https:\/\/yoast.com\/product\/yoast-seo-wordpress\/ -->\n<title>\u00c9quipe nationale\u00a0: Mitchell Weiser en renfort - La Sentinelle<\/title>\n<meta name=\"robots\" content=\"index, follow, max-snippet:-1, max-image-preview:large, max-video-preview:-1\" \/>\n<link rel=\"canonical\" href=\"https:\/\/lasentinelle.dz\/index.php\/2024\/10\/28\/equipe-nationale-mitchell-weiser-en-renfort\/\" \/>\n<meta property=\"og:locale\" content=\"fr_FR\" \/>\n<meta property=\"og:type\" content=\"article\" \/>\n<meta property=\"og:title\" content=\"\u00c9quipe nationale\u00a0: Mitchell Weiser en renfort - La Sentinelle\" \/>\n<meta property=\"og:description\" content=\"Le s\u00e9lectionneur national Vladimir Petkovic enrichit son effectif avec l&rsquo;arriv\u00e9e de Mitchell Weiser. Le lat\u00e9ral droit du Werder Br\u00eame, r\u00e9cemment\" \/>\n<meta property=\"og:url\" content=\"https:\/\/lasentinelle.dz\/index.php\/2024\/10\/28\/equipe-nationale-mitchell-weiser-en-renfort\/\" \/>\n<meta property=\"og:site_name\" content=\"La Sentinelle\" \/>\n<meta property=\"article:publisher\" content=\"https:\/\/www.facebook.com\/La-Sentinelle-104059864394773\" \/>\n<meta property=\"article:published_time\" content=\"2024-10-28T18:21:00+00:00\" \/>\n<meta property=\"article:modified_time\" content=\"2024-10-28T18:21:01+00:00\" \/>\n<meta property=\"og:image\" content=\"https:\/\/lasentinelle.dz\/wp-content\/uploads\/2024\/10\/Mitchell-Weiser-.webp\" \/>\n\t<meta property=\"og:image:width\" content=\"1648\" \/>\n\t<meta property=\"og:image:height\" content=\"927\" \/>\n\t<meta property=\"og:image:type\" content=\"image\/webp\" \/>\n<meta name=\"author\" content=\"admin\" \/>\n<meta name=\"twitter:card\" content=\"summary_large_image\" \/>\n<meta name=\"twitter:label1\" content=\"\u00c9crit par\" \/>\n\t<meta name=\"twitter:data1\" content=\"admin\" \/>\n\t<meta name=\"twitter:label2\" content=\"Dur\u00e9e de lecture estim\u00e9e\" \/>\n\t<meta name=\"twitter:data2\" content=\"2 minutes\" \/>\n<script type=\"application\/ld+json\" class=\"yoast-schema-graph\">{\"@context\":\"https:\\\/\\\/schema.org\",\"@graph\":[{\"@type\":\"Article\",\"@id\":\"https:\\\/\\\/lasentinelle.dz\\\/index.php\\\/2024\\\/10\\\/28\\\/equipe-nationale-mitchell-weiser-en-renfort\\\/#article\",\"isPartOf\":{\"@id\":\"https:\\\/\\\/lasentinelle.dz\\\/index.php\\\/2024\\\/10\\\/28\\\/equipe-nationale-mitchell-weiser-en-renfort\\\/\"},\"author\":{\"name\":\"admin\",\"@id\":\"https:\\\/\\\/lasentinelle.dz\\\/#\\\/schema\\\/person\\\/729ee0024f24e0b8c5ec17232f8e8b41\"},\"headline\":\"\u00c9quipe nationale\u00a0: Mitchell Weiser en renfort\",\"datePublished\":\"2024-10-28T18:21:00+00:00\",\"dateModified\":\"2024-10-28T18:21:01+00:00\",\"mainEntityOfPage\":{\"@id\":\"https:\\\/\\\/lasentinelle.dz\\\/index.php\\\/2024\\\/10\\\/28\\\/equipe-nationale-mitchell-weiser-en-renfort\\\/\"},\"wordCount\":412,\"commentCount\":0,\"publisher\":{\"@id\":\"https:\\\/\\\/lasentinelle.dz\\\/#organization\"},\"image\":{\"@id\":\"https:\\\/\\\/lasentinelle.dz\\\/index.php\\\/2024\\\/10\\\/28\\\/equipe-nationale-mitchell-weiser-en-renfort\\\/#primaryimage\"},\"thumbnailUrl\":\"https:\\\/\\\/lasentinelle.dz\\\/wp-content\\\/uploads\\\/2024\\\/10\\\/Mitchell-Weiser-.webp\",\"articleSection\":[\"\u00c0 la Une\",\"Sports\"],\"inLanguage\":\"fr-FR\",\"potentialAction\":[{\"@type\":\"CommentAction\",\"name\":\"Comment\",\"target\":[\"https:\\\/\\\/lasentinelle.dz\\\/index.php\\\/2024\\\/10\\\/28\\\/equipe-nationale-mitchell-weiser-en-renfort\\\/#respond\"]}]},{\"@type\":\"WebPage\",\"@id\":\"https:\\\/\\\/lasentinelle.dz\\\/index.php\\\/2024\\\/10\\\/28\\\/equipe-nationale-mitchell-weiser-en-renfort\\\/\",\"url\":\"https:\\\/\\\/lasentinelle.dz\\\/index.php\\\/2024\\\/10\\\/28\\\/equipe-nationale-mitchell-weiser-en-renfort\\\/\",\"name\":\"\u00c9quipe nationale\u00a0: Mitchell Weiser en renfort - La Sentinelle\",\"isPartOf\":{\"@id\":\"https:\\\/\\\/lasentinelle.dz\\\/#website\"},\"primaryImageOfPage\":{\"@id\":\"https:\\\/\\\/lasentinelle.dz\\\/index.php\\\/2024\\\/10\\\/28\\\/equipe-nationale-mitchell-weiser-en-renfort\\\/#primaryimage\"},\"image\":{\"@id\":\"https:\\\/\\\/lasentinelle.dz\\\/index.php\\\/2024\\\/10\\\/28\\\/equipe-nationale-mitchell-weiser-en-renfort\\\/#primaryimage\"},\"thumbnailUrl\":\"https:\\\/\\\/lasentinelle.dz\\\/wp-content\\\/uploads\\\/2024\\\/10\\\/Mitchell-Weiser-.webp\",\"datePublished\":\"2024-10-28T18:21:00+00:00\",\"dateModified\":\"2024-10-28T18:21:01+00:00\",\"breadcrumb\":{\"@id\":\"https:\\\/\\\/lasentinelle.dz\\\/index.php\\\/2024\\\/10\\\/28\\\/equipe-nationale-mitchell-weiser-en-renfort\\\/#breadcrumb\"},\"inLanguage\":\"fr-FR\",\"potentialAction\":[{\"@type\":\"ReadAction\",\"target\":[\"https:\\\/\\\/lasentinelle.dz\\\/index.php\\\/2024\\\/10\\\/28\\\/equipe-nationale-mitchell-weiser-en-renfort\\\/\"]}]},{\"@type\":\"ImageObject\",\"inLanguage\":\"fr-FR\",\"@id\":\"https:\\\/\\\/lasentinelle.dz\\\/index.php\\\/2024\\\/10\\\/28\\\/equipe-nationale-mitchell-weiser-en-renfort\\\/#primaryimage\",\"url\":\"https:\\\/\\\/lasentinelle.dz\\\/wp-content\\\/uploads\\\/2024\\\/10\\\/Mitchell-Weiser-.webp\",\"contentUrl\":\"https:\\\/\\\/lasentinelle.dz\\\/wp-content\\\/uploads\\\/2024\\\/10\\\/Mitchell-Weiser-.webp\",\"width\":1648,\"height\":927},{\"@type\":\"BreadcrumbList\",\"@id\":\"https:\\\/\\\/lasentinelle.dz\\\/index.php\\\/2024\\\/10\\\/28\\\/equipe-nationale-mitchell-weiser-en-renfort\\\/#breadcrumb\",\"itemListElement\":[{\"@type\":\"ListItem\",\"position\":1,\"name\":\"Accueil\",\"item\":\"https:\\\/\\\/lasentinelle.dz\\\/\"},{\"@type\":\"ListItem\",\"position\":2,\"name\":\"\u00c9quipe nationale\u00a0: Mitchell Weiser en renfort\"}]},{\"@type\":\"WebSite\",\"@id\":\"https:\\\/\\\/lasentinelle.dz\\\/#website\",\"url\":\"https:\\\/\\\/lasentinelle.dz\\\/\",\"name\":\"La Sentinelle\",\"description\":\"Quotidien national d&#039;information\",\"publisher\":{\"@id\":\"https:\\\/\\\/lasentinelle.dz\\\/#organization\"},\"potentialAction\":[{\"@type\":\"SearchAction\",\"target\":{\"@type\":\"EntryPoint\",\"urlTemplate\":\"https:\\\/\\\/lasentinelle.dz\\\/?s={search_term_string}\"},\"query-input\":{\"@type\":\"PropertyValueSpecification\",\"valueRequired\":true,\"valueName\":\"search_term_string\"}}],\"inLanguage\":\"fr-FR\"},{\"@type\":\"Organization\",\"@id\":\"https:\\\/\\\/lasentinelle.dz\\\/#organization\",\"name\":\"Quotidien La Sentinelle\",\"url\":\"https:\\\/\\\/lasentinelle.dz\\\/\",\"logo\":{\"@type\":\"ImageObject\",\"inLanguage\":\"fr-FR\",\"@id\":\"https:\\\/\\\/lasentinelle.dz\\\/#\\\/schema\\\/logo\\\/image\\\/\",\"url\":\"https:\\\/\\\/lasentinelle.dz\\\/wp-content\\\/uploads\\\/2021\\\/09\\\/logo-sentinelleSLOGAN-1.png\",\"contentUrl\":\"https:\\\/\\\/lasentinelle.dz\\\/wp-content\\\/uploads\\\/2021\\\/09\\\/logo-sentinelleSLOGAN-1.png\",\"width\":615,\"height\":142,\"caption\":\"Quotidien La Sentinelle\"},\"image\":{\"@id\":\"https:\\\/\\\/lasentinelle.dz\\\/#\\\/schema\\\/logo\\\/image\\\/\"},\"sameAs\":[\"https:\\\/\\\/www.facebook.com\\\/La-Sentinelle-104059864394773\"]},{\"@type\":\"Person\",\"@id\":\"https:\\\/\\\/lasentinelle.dz\\\/#\\\/schema\\\/person\\\/729ee0024f24e0b8c5ec17232f8e8b41\",\"name\":\"admin\",\"image\":{\"@type\":\"ImageObject\",\"inLanguage\":\"fr-FR\",\"@id\":\"https:\\\/\\\/secure.gravatar.com\\\/avatar\\\/4c81fed838786e9b53f540bf46533e750f5d292099ae3b66cfc6fb1982e29df7?s=96&d=mm&r=g\",\"url\":\"https:\\\/\\\/secure.gravatar.com\\\/avatar\\\/4c81fed838786e9b53f540bf46533e750f5d292099ae3b66cfc6fb1982e29df7?s=96&d=mm&r=g\",\"contentUrl\":\"https:\\\/\\\/secure.gravatar.com\\\/avatar\\\/4c81fed838786e9b53f540bf46533e750f5d292099ae3b66cfc6fb1982e29df7?s=96&d=mm&r=g\",\"caption\":\"admin\"},\"description\":\"admin\",\"url\":\"https:\\\/\\\/lasentinelle.dz\\\/author\\\/admin\\\/\"}]}<\/script>\n<!-- \/ Yoast SEO plugin. -->","yoast_head_json":{"title":"\u00c9quipe nationale\u00a0: Mitchell Weiser en renfort - La Sentinelle","robots":{"index":"index","follow":"follow","max-snippet":"max-snippet:-1","max-image-preview":"max-image-preview:large","max-video-preview":"max-video-preview:-1"},"canonical":"https:\/\/lasentinelle.dz\/index.php\/2024\/10\/28\/equipe-nationale-mitchell-weiser-en-renfort\/","og_locale":"fr_FR","og_type":"article","og_title":"\u00c9quipe nationale\u00a0: Mitchell Weiser en renfort - La Sentinelle","og_description":"Le s\u00e9lectionneur national Vladimir Petkovic enrichit son effectif avec l&rsquo;arriv\u00e9e de Mitchell Weiser. Le lat\u00e9ral droit du Werder Br\u00eame, r\u00e9cemment","og_url":"https:\/\/lasentinelle.dz\/index.php\/2024\/10\/28\/equipe-nationale-mitchell-weiser-en-renfort\/","og_site_name":"La Sentinelle","article_publisher":"https:\/\/www.facebook.com\/La-Sentinelle-104059864394773","article_published_time":"2024-10-28T18:21:00+00:00","article_modified_time":"2024-10-28T18:21:01+00:00","og_image":[{"width":1648,"height":927,"url":"https:\/\/lasentinelle.dz\/wp-content\/uploads\/2024\/10\/Mitchell-Weiser-.webp","type":"image\/webp"}],"author":"admin","twitter_card":"summary_large_image","twitter_misc":{"\u00c9crit par":"admin","Dur\u00e9e de lecture estim\u00e9e":"2 minutes"},"schema":{"@context":"https:\/\/schema.org","@graph":[{"@type":"Article","@id":"https:\/\/lasentinelle.dz\/index.php\/2024\/10\/28\/equipe-nationale-mitchell-weiser-en-renfort\/#article","isPartOf":{"@id":"https:\/\/lasentinelle.dz\/index.php\/2024\/10\/28\/equipe-nationale-mitchell-weiser-en-renfort\/"},"author":{"name":"admin","@id":"https:\/\/lasentinelle.dz\/#\/schema\/person\/729ee0024f24e0b8c5ec17232f8e8b41"},"headline":"\u00c9quipe nationale\u00a0: Mitchell Weiser en renfort","datePublished":"2024-10-28T18:21:00+00:00","dateModified":"2024-10-28T18:21:01+00:00","mainEntityOfPage":{"@id":"https:\/\/lasentinelle.dz\/index.php\/2024\/10\/28\/equipe-nationale-mitchell-weiser-en-renfort\/"},"wordCount":412,"commentCount":0,"publisher":{"@id":"https:\/\/lasentinelle.dz\/#organization"},"image":{"@id":"https:\/\/lasentinelle.dz\/index.php\/2024\/10\/28\/equipe-nationale-mitchell-weiser-en-renfort\/#primaryimage"},"thumbnailUrl":"https:\/\/lasentinelle.dz\/wp-content\/uploads\/2024\/10\/Mitchell-Weiser-.webp","articleSection":["\u00c0 la Une","Sports"],"inLanguage":"fr-FR","potentialAction":[{"@type":"CommentAction","name":"Comment","target":["https:\/\/lasentinelle.dz\/index.php\/2024\/10\/28\/equipe-nationale-mitchell-weiser-en-renfort\/#respond"]}]},{"@type":"WebPage","@id":"https:\/\/lasentinelle.dz\/index.php\/2024\/10\/28\/equipe-nationale-mitchell-weiser-en-renfort\/","url":"https:\/\/lasentinelle.dz\/index.php\/2024\/10\/28\/equipe-nationale-mitchell-weiser-en-renfort\/","name":"\u00c9quipe nationale\u00a0: Mitchell Weiser en renfort - La Sentinelle","isPartOf":{"@id":"https:\/\/lasentinelle.dz\/#website"},"primaryImageOfPage":{"@id":"https:\/\/lasentinelle.dz\/index.php\/2024\/10\/28\/equipe-nationale-mitchell-weiser-en-renfort\/#primaryimage"},"image":{"@id":"https:\/\/lasentinelle.dz\/index.php\/2024\/10\/28\/equipe-nationale-mitchell-weiser-en-renfort\/#primaryimage"},"thumbnailUrl":"https:\/\/lasentinelle.dz\/wp-content\/uploads\/2024\/10\/Mitchell-Weiser-.webp","datePublished":"2024-10-28T18:21:00+00:00","dateModified":"2024-10-28T18:21:01+00:00","breadcrumb":{"@id":"https:\/\/lasentinelle.dz\/index.php\/2024\/10\/28\/equipe-nationale-mitchell-weiser-en-renfort\/#breadcrumb"},"inLanguage":"fr-FR","potentialAction":[{"@type":"ReadAction","target":["https:\/\/lasentinelle.dz\/index.php\/2024\/10\/28\/equipe-nationale-mitchell-weiser-en-renfort\/"]}]},{"@type":"ImageObject","inLanguage":"fr-FR","@id":"https:\/\/lasentinelle.dz\/index.php\/2024\/10\/28\/equipe-nationale-mitchell-weiser-en-renfort\/#primaryimage","url":"https:\/\/lasentinelle.dz\/wp-content\/uploads\/2024\/10\/Mitchell-Weiser-.webp","contentUrl":"https:\/\/lasentinelle.dz\/wp-content\/uploads\/2024\/10\/Mitchell-Weiser-.webp","width":1648,"height":927},{"@type":"BreadcrumbList","@id":"https:\/\/lasentinelle.dz\/index.php\/2024\/10\/28\/equipe-nationale-mitchell-weiser-en-renfort\/#breadcrumb","itemListElement":[{"@type":"ListItem","position":1,"name":"Accueil","item":"https:\/\/lasentinelle.dz\/"},{"@type":"ListItem","position":2,"name":"\u00c9quipe nationale\u00a0: Mitchell Weiser en renfort"}]},{"@type":"WebSite","@id":"https:\/\/lasentinelle.dz\/#website","url":"https:\/\/lasentinelle.dz\/","name":"La Sentinelle","description":"Quotidien national d&#039;information","publisher":{"@id":"https:\/\/lasentinelle.dz\/#organization"},"potentialAction":[{"@type":"SearchAction","target":{"@type":"EntryPoint","urlTemplate":"https:\/\/lasentinelle.dz\/?s={search_term_string}"},"query-input":{"@type":"PropertyValueSpecification","valueRequired":true,"valueName":"search_term_string"}}],"inLanguage":"fr-FR"},{"@type":"Organization","@id":"https:\/\/lasentinelle.dz\/#organization","name":"Quotidien La Sentinelle","url":"https:\/\/lasentinelle.dz\/","logo":{"@type":"ImageObject","inLanguage":"fr-FR","@id":"https:\/\/lasentinelle.dz\/#\/schema\/logo\/image\/","url":"https:\/\/lasentinelle.dz\/wp-content\/uploads\/2021\/09\/logo-sentinelleSLOGAN-1.png","contentUrl":"https:\/\/lasentinelle.dz\/wp-content\/uploads\/2021\/09\/logo-sentinelleSLOGAN-1.png","width":615,"height":142,"caption":"Quotidien La Sentinelle"},"image":{"@id":"https:\/\/lasentinelle.dz\/#\/schema\/logo\/image\/"},"sameAs":["https:\/\/www.facebook.com\/La-Sentinelle-104059864394773"]},{"@type":"Person","@id":"https:\/\/lasentinelle.dz\/#\/schema\/person\/729ee0024f24e0b8c5ec17232f8e8b41","name":"admin","image":{"@type":"ImageObject","inLanguage":"fr-FR","@id":"https:\/\/secure.gravatar.com\/avatar\/4c81fed838786e9b53f540bf46533e750f5d292099ae3b66cfc6fb1982e29df7?s=96&d=mm&r=g","url":"https:\/\/secure.gravatar.com\/avatar\/4c81fed838786e9b53f540bf46533e750f5d292099ae3b66cfc6fb1982e29df7?s=96&d=mm&r=g","contentUrl":"https:\/\/secure.gravatar.com\/avatar\/4c81fed838786e9b53f540bf46533e750f5d292099ae3b66cfc6fb1982e29df7?s=96&d=mm&r=g","caption":"admin"},"description":"admin","url":"https:\/\/lasentinelle.dz\/author\/admin\/"}]}},"_links":{"self":[{"href":"https:\/\/lasentinelle.dz\/index.php\/wp-json\/wp\/v2\/posts\/58735","targetHints":{"allow":["GET"]}}],"collection":[{"href":"https:\/\/lasentinelle.dz\/index.php\/wp-json\/wp\/v2\/posts"}],"about":[{"href":"https:\/\/lasentinelle.dz\/index.php\/wp-json\/wp\/v2\/types\/post"}],"author":[{"embeddable":true,"href":"https:\/\/lasentinelle.dz\/index.php\/wp-json\/wp\/v2\/users\/6"}],"replies":[{"embeddable":true,"href":"https:\/\/lasentinelle.dz\/index.php\/wp-json\/wp\/v2\/comments?post=58735"}],"version-history":[{"count":1,"href":"https:\/\/lasentinelle.dz\/index.php\/wp-json\/wp\/v2\/posts\/58735\/revisions"}],"predecessor-version":[{"id":58737,"href":"https:\/\/lasentinelle.dz\/index.php\/wp-json\/wp\/v2\/posts\/58735\/revisions\/58737"}],"wp:featuredmedia":[{"embeddable":true,"href":"https:\/\/lasentinelle.dz\/index.php\/wp-json\/wp\/v2\/media\/58736"}],"wp:attachment":[{"href":"https:\/\/lasentinelle.dz\/index.php\/wp-json\/wp\/v2\/media?parent=58735"}],"wp:term":[{"taxonomy":"category","embeddable":true,"href":"https:\/\/lasentinelle.dz\/index.php\/wp-json\/wp\/v2\/categories?post=58735"},{"taxonomy":"post_tag","embeddable":true,"href":"https:\/\/lasentinelle.dz\/index.php\/wp-json\/wp\/v2\/tags?post=58735"}],"curies":[{"name":"wp","href":"https:\/\/api.w.org\/{rel}","templated":true}]}}