{"id":58755,"date":"2024-10-29T10:23:01","date_gmt":"2024-10-29T09:23:01","guid":{"rendered":"https:\/\/lasentinelle.dz\/?p=58755"},"modified":"2024-10-29T10:23:02","modified_gmt":"2024-10-29T09:23:02","slug":"un-fonds-daide-pour-moderniser-et-renforcer-la-presse","status":"publish","type":"post","link":"https:\/\/lasentinelle.dz\/index.php\/2024\/10\/29\/un-fonds-daide-pour-moderniser-et-renforcer-la-presse\/","title":{"rendered":"Un fonds d&rsquo;aide pour moderniser et renforcer la presse"},"content":{"rendered":"\n<p>Le ministre de la Communication, Mohamed Laagab, a d\u00e9voil\u00e9 dimanche \u00e0 Alger un ambitieux projet de soutien au secteur m\u00e9diatique lors de la pr\u00e9sentation du budget sectoriel 2025 devant la Commission des finances de l&rsquo;APN. Au c\u0153ur de ce plan la cr\u00e9ation d&rsquo;un Fonds d&rsquo;aide \u00e0 la presse, conform\u00e9ment aux directives du Pr\u00e9sident Abdelmadjid Tebboune. Ce nouveau dispositif, qui s&rsquo;inscrit dans un budget global de 3,8 milliards de dinars pour le secteur, vise \u00e0 soutenir l&rsquo;ensemble du paysage m\u00e9diatique alg\u00e9rien : presse \u00e9crite, audiovisuelle et \u00e9lectronique. Son objectif principal est double : am\u00e9liorer la performance des m\u00e9dias nationaux et les aider \u00e0 affronter la concurrence internationale dans un contexte de r\u00e9volution num\u00e9rique. Le fonds interviendra sur plusieurs axes strat\u00e9giques. Il encouragera l&rsquo;\u00e9mergence d&rsquo;une presse sp\u00e9cialis\u00e9e et soutiendra l&rsquo;investissement priv\u00e9 dans le secteur audiovisuel. Une attention particuli\u00e8re sera port\u00e9e \u00e0 la formation des journalistes et des professionnels du secteur, avec un programme de renforcement des comp\u00e9tences adapt\u00e9 aux nouveaux d\u00e9fis du m\u00e9tier. Le ministre a \u00e9galement soulign\u00e9 que ce fonds servira de filet de s\u00e9curit\u00e9 pour les m\u00e9dias confront\u00e9s \u00e0 des difficult\u00e9s financi\u00e8res. Cette initiative s&rsquo;accompagne d&rsquo;un vaste plan de modernisation num\u00e9rique. Le minist\u00e8re pr\u00e9voit notamment la cr\u00e9ation de plateformes d\u00e9mat\u00e9rialis\u00e9es pour simplifier les proc\u00e9dures administratives, comme l&rsquo;octroi des licences et des accr\u00e9ditations. Un budget de 12024 millions de DA est notamment pr\u00e9vu pour la d\u00e9livrance de la carte nationale du journaliste professionnel et des accr\u00e9ditations des correspondants \u00e9trangers. Le plan comprend \u00e9galement le renforcement du maillage territorial de l&rsquo;agence de presse APS avec de nouveaux bureaux, ainsi qu&rsquo;un important volet consacr\u00e9 \u00e0 la num\u00e9risation des archives audiovisuelles. Ces mesures s&rsquo;inscrivent dans le cadre plus large des deux programmes du minist\u00e8re : l&rsquo;information et la communication institutionnelle (2,42 milliards de DA) et l&rsquo;administration g\u00e9n\u00e9rale (1,38 milliards de DA).<\/p>\n\n\n\n<p>Lyna Larbi<\/p>\n","protected":false},"excerpt":{"rendered":"<p>Le ministre de la Communication, Mohamed Laagab, a d\u00e9voil\u00e9 dimanche \u00e0 Alger un ambitieux projet de soutien au secteur m\u00e9diatique<\/p>\n","protected":false},"author":6,"featured_media":47664,"comment_status":"open","ping_status":"closed","sticky":false,"template":"","format":"standard","meta":{"colormag_page_container_layout":"default_layout","colormag_page_sidebar_layout":"default_layout","om_disable_all_campaigns":false,"_monsterinsights_skip_tracking":false,"_monsterinsights_sitenote_active":false,"_monsterinsights_sitenote_note":"","_monsterinsights_sitenote_category":0,"footnotes":"","_wpscppro_dont_share_socialmedia":false,"_wpscppro_custom_social_share_image":0,"_facebook_share_type":"default","_twitter_share_type":"default","_linkedin_share_type":"default","_pinterest_share_type":"default","_linkedin_share_type_page":"","_instagram_share_type":"default","_medium_share_type":"default","_threads_share_type":"","_google_business_share_type":"","_selected_social_profile":[],"_wpsp_enable_custom_social_template":false,"_wpsp_social_scheduling":{"enabled":false,"datetime":null,"platforms":[],"status":"template_only","dateOption":"today","timeOption":"now","customDays":"","customHours":"","customDate":"","customTime":"","schedulingType":"absolute"},"_wpsp_active_default_template":true},"categories":[27],"tags":[],"class_list":["post-58755","post","type-post","status-publish","format-standard","has-post-thumbnail","hentry","category-actualite"],"aioseo_notices":[],"yoast_head":"<!-- This site is optimized with the Yoast SEO plugin v27.5 - https:\/\/yoast.com\/product\/yoast-seo-wordpress\/ -->\n<title>Un fonds d&rsquo;aide pour moderniser et renforcer la presse - La Sentinelle<\/title>\n<meta name=\"robots\" content=\"index, follow, max-snippet:-1, max-image-preview:large, max-video-preview:-1\" \/>\n<link rel=\"canonical\" href=\"https:\/\/lasentinelle.dz\/index.php\/2024\/10\/29\/un-fonds-daide-pour-moderniser-et-renforcer-la-presse\/\" \/>\n<meta property=\"og:locale\" content=\"fr_FR\" \/>\n<meta property=\"og:type\" content=\"article\" \/>\n<meta property=\"og:title\" content=\"Un fonds d&rsquo;aide pour moderniser et renforcer la presse - La Sentinelle\" \/>\n<meta property=\"og:description\" content=\"Le ministre de la Communication, Mohamed Laagab, a d\u00e9voil\u00e9 dimanche \u00e0 Alger un ambitieux projet de soutien au secteur m\u00e9diatique\" \/>\n<meta property=\"og:url\" content=\"https:\/\/lasentinelle.dz\/index.php\/2024\/10\/29\/un-fonds-daide-pour-moderniser-et-renforcer-la-presse\/\" \/>\n<meta property=\"og:site_name\" content=\"La Sentinelle\" \/>\n<meta property=\"article:publisher\" content=\"https:\/\/www.facebook.com\/La-Sentinelle-104059864394773\" \/>\n<meta property=\"article:published_time\" content=\"2024-10-29T09:23:01+00:00\" \/>\n<meta property=\"article:modified_time\" content=\"2024-10-29T09:23:02+00:00\" \/>\n<meta property=\"og:image\" content=\"https:\/\/lasentinelle.dz\/wp-content\/uploads\/2023\/12\/presse.jpeg\" \/>\n\t<meta property=\"og:image:width\" content=\"750\" \/>\n\t<meta property=\"og:image:height\" content=\"500\" \/>\n\t<meta property=\"og:image:type\" content=\"image\/jpeg\" \/>\n<meta name=\"author\" content=\"admin\" \/>\n<meta name=\"twitter:card\" content=\"summary_large_image\" \/>\n<meta name=\"twitter:label1\" content=\"\u00c9crit par\" \/>\n\t<meta name=\"twitter:data1\" content=\"admin\" \/>\n\t<meta name=\"twitter:label2\" content=\"Dur\u00e9e de lecture estim\u00e9e\" \/>\n\t<meta name=\"twitter:data2\" content=\"2 minutes\" \/>\n<script type=\"application\/ld+json\" class=\"yoast-schema-graph\">{\"@context\":\"https:\\\/\\\/schema.org\",\"@graph\":[{\"@type\":\"Article\",\"@id\":\"https:\\\/\\\/lasentinelle.dz\\\/index.php\\\/2024\\\/10\\\/29\\\/un-fonds-daide-pour-moderniser-et-renforcer-la-presse\\\/#article\",\"isPartOf\":{\"@id\":\"https:\\\/\\\/lasentinelle.dz\\\/index.php\\\/2024\\\/10\\\/29\\\/un-fonds-daide-pour-moderniser-et-renforcer-la-presse\\\/\"},\"author\":{\"name\":\"admin\",\"@id\":\"https:\\\/\\\/lasentinelle.dz\\\/#\\\/schema\\\/person\\\/729ee0024f24e0b8c5ec17232f8e8b41\"},\"headline\":\"Un fonds d&rsquo;aide pour moderniser et renforcer la presse\",\"datePublished\":\"2024-10-29T09:23:01+00:00\",\"dateModified\":\"2024-10-29T09:23:02+00:00\",\"mainEntityOfPage\":{\"@id\":\"https:\\\/\\\/lasentinelle.dz\\\/index.php\\\/2024\\\/10\\\/29\\\/un-fonds-daide-pour-moderniser-et-renforcer-la-presse\\\/\"},\"wordCount\":353,\"commentCount\":0,\"publisher\":{\"@id\":\"https:\\\/\\\/lasentinelle.dz\\\/#organization\"},\"image\":{\"@id\":\"https:\\\/\\\/lasentinelle.dz\\\/index.php\\\/2024\\\/10\\\/29\\\/un-fonds-daide-pour-moderniser-et-renforcer-la-presse\\\/#primaryimage\"},\"thumbnailUrl\":\"https:\\\/\\\/lasentinelle.dz\\\/wp-content\\\/uploads\\\/2023\\\/12\\\/presse.jpeg\",\"articleSection\":[\"Actualit\u00e9\"],\"inLanguage\":\"fr-FR\",\"potentialAction\":[{\"@type\":\"CommentAction\",\"name\":\"Comment\",\"target\":[\"https:\\\/\\\/lasentinelle.dz\\\/index.php\\\/2024\\\/10\\\/29\\\/un-fonds-daide-pour-moderniser-et-renforcer-la-presse\\\/#respond\"]}]},{\"@type\":\"WebPage\",\"@id\":\"https:\\\/\\\/lasentinelle.dz\\\/index.php\\\/2024\\\/10\\\/29\\\/un-fonds-daide-pour-moderniser-et-renforcer-la-presse\\\/\",\"url\":\"https:\\\/\\\/lasentinelle.dz\\\/index.php\\\/2024\\\/10\\\/29\\\/un-fonds-daide-pour-moderniser-et-renforcer-la-presse\\\/\",\"name\":\"Un fonds d&rsquo;aide pour moderniser et renforcer la presse - La Sentinelle\",\"isPartOf\":{\"@id\":\"https:\\\/\\\/lasentinelle.dz\\\/#website\"},\"primaryImageOfPage\":{\"@id\":\"https:\\\/\\\/lasentinelle.dz\\\/index.php\\\/2024\\\/10\\\/29\\\/un-fonds-daide-pour-moderniser-et-renforcer-la-presse\\\/#primaryimage\"},\"image\":{\"@id\":\"https:\\\/\\\/lasentinelle.dz\\\/index.php\\\/2024\\\/10\\\/29\\\/un-fonds-daide-pour-moderniser-et-renforcer-la-presse\\\/#primaryimage\"},\"thumbnailUrl\":\"https:\\\/\\\/lasentinelle.dz\\\/wp-content\\\/uploads\\\/2023\\\/12\\\/presse.jpeg\",\"datePublished\":\"2024-10-29T09:23:01+00:00\",\"dateModified\":\"2024-10-29T09:23:02+00:00\",\"breadcrumb\":{\"@id\":\"https:\\\/\\\/lasentinelle.dz\\\/index.php\\\/2024\\\/10\\\/29\\\/un-fonds-daide-pour-moderniser-et-renforcer-la-presse\\\/#breadcrumb\"},\"inLanguage\":\"fr-FR\",\"potentialAction\":[{\"@type\":\"ReadAction\",\"target\":[\"https:\\\/\\\/lasentinelle.dz\\\/index.php\\\/2024\\\/10\\\/29\\\/un-fonds-daide-pour-moderniser-et-renforcer-la-presse\\\/\"]}]},{\"@type\":\"ImageObject\",\"inLanguage\":\"fr-FR\",\"@id\":\"https:\\\/\\\/lasentinelle.dz\\\/index.php\\\/2024\\\/10\\\/29\\\/un-fonds-daide-pour-moderniser-et-renforcer-la-presse\\\/#primaryimage\",\"url\":\"https:\\\/\\\/lasentinelle.dz\\\/wp-content\\\/uploads\\\/2023\\\/12\\\/presse.jpeg\",\"contentUrl\":\"https:\\\/\\\/lasentinelle.dz\\\/wp-content\\\/uploads\\\/2023\\\/12\\\/presse.jpeg\",\"width\":750,\"height\":500},{\"@type\":\"BreadcrumbList\",\"@id\":\"https:\\\/\\\/lasentinelle.dz\\\/index.php\\\/2024\\\/10\\\/29\\\/un-fonds-daide-pour-moderniser-et-renforcer-la-presse\\\/#breadcrumb\",\"itemListElement\":[{\"@type\":\"ListItem\",\"position\":1,\"name\":\"Accueil\",\"item\":\"https:\\\/\\\/lasentinelle.dz\\\/\"},{\"@type\":\"ListItem\",\"position\":2,\"name\":\"Un fonds d&rsquo;aide pour moderniser et renforcer la presse\"}]},{\"@type\":\"WebSite\",\"@id\":\"https:\\\/\\\/lasentinelle.dz\\\/#website\",\"url\":\"https:\\\/\\\/lasentinelle.dz\\\/\",\"name\":\"La Sentinelle\",\"description\":\"Quotidien national d&#039;information\",\"publisher\":{\"@id\":\"https:\\\/\\\/lasentinelle.dz\\\/#organization\"},\"potentialAction\":[{\"@type\":\"SearchAction\",\"target\":{\"@type\":\"EntryPoint\",\"urlTemplate\":\"https:\\\/\\\/lasentinelle.dz\\\/?s={search_term_string}\"},\"query-input\":{\"@type\":\"PropertyValueSpecification\",\"valueRequired\":true,\"valueName\":\"search_term_string\"}}],\"inLanguage\":\"fr-FR\"},{\"@type\":\"Organization\",\"@id\":\"https:\\\/\\\/lasentinelle.dz\\\/#organization\",\"name\":\"Quotidien La Sentinelle\",\"url\":\"https:\\\/\\\/lasentinelle.dz\\\/\",\"logo\":{\"@type\":\"ImageObject\",\"inLanguage\":\"fr-FR\",\"@id\":\"https:\\\/\\\/lasentinelle.dz\\\/#\\\/schema\\\/logo\\\/image\\\/\",\"url\":\"https:\\\/\\\/lasentinelle.dz\\\/wp-content\\\/uploads\\\/2021\\\/09\\\/logo-sentinelleSLOGAN-1.png\",\"contentUrl\":\"https:\\\/\\\/lasentinelle.dz\\\/wp-content\\\/uploads\\\/2021\\\/09\\\/logo-sentinelleSLOGAN-1.png\",\"width\":615,\"height\":142,\"caption\":\"Quotidien La Sentinelle\"},\"image\":{\"@id\":\"https:\\\/\\\/lasentinelle.dz\\\/#\\\/schema\\\/logo\\\/image\\\/\"},\"sameAs\":[\"https:\\\/\\\/www.facebook.com\\\/La-Sentinelle-104059864394773\"]},{\"@type\":\"Person\",\"@id\":\"https:\\\/\\\/lasentinelle.dz\\\/#\\\/schema\\\/person\\\/729ee0024f24e0b8c5ec17232f8e8b41\",\"name\":\"admin\",\"image\":{\"@type\":\"ImageObject\",\"inLanguage\":\"fr-FR\",\"@id\":\"https:\\\/\\\/secure.gravatar.com\\\/avatar\\\/4c81fed838786e9b53f540bf46533e750f5d292099ae3b66cfc6fb1982e29df7?s=96&d=mm&r=g\",\"url\":\"https:\\\/\\\/secure.gravatar.com\\\/avatar\\\/4c81fed838786e9b53f540bf46533e750f5d292099ae3b66cfc6fb1982e29df7?s=96&d=mm&r=g\",\"contentUrl\":\"https:\\\/\\\/secure.gravatar.com\\\/avatar\\\/4c81fed838786e9b53f540bf46533e750f5d292099ae3b66cfc6fb1982e29df7?s=96&d=mm&r=g\",\"caption\":\"admin\"},\"description\":\"admin\",\"url\":\"https:\\\/\\\/lasentinelle.dz\\\/author\\\/admin\\\/\"}]}<\/script>\n<!-- \/ Yoast SEO plugin. -->","yoast_head_json":{"title":"Un fonds d&rsquo;aide pour moderniser et renforcer la presse - La Sentinelle","robots":{"index":"index","follow":"follow","max-snippet":"max-snippet:-1","max-image-preview":"max-image-preview:large","max-video-preview":"max-video-preview:-1"},"canonical":"https:\/\/lasentinelle.dz\/index.php\/2024\/10\/29\/un-fonds-daide-pour-moderniser-et-renforcer-la-presse\/","og_locale":"fr_FR","og_type":"article","og_title":"Un fonds d&rsquo;aide pour moderniser et renforcer la presse - La Sentinelle","og_description":"Le ministre de la Communication, Mohamed Laagab, a d\u00e9voil\u00e9 dimanche \u00e0 Alger un ambitieux projet de soutien au secteur m\u00e9diatique","og_url":"https:\/\/lasentinelle.dz\/index.php\/2024\/10\/29\/un-fonds-daide-pour-moderniser-et-renforcer-la-presse\/","og_site_name":"La Sentinelle","article_publisher":"https:\/\/www.facebook.com\/La-Sentinelle-104059864394773","article_published_time":"2024-10-29T09:23:01+00:00","article_modified_time":"2024-10-29T09:23:02+00:00","og_image":[{"width":750,"height":500,"url":"https:\/\/lasentinelle.dz\/wp-content\/uploads\/2023\/12\/presse.jpeg","type":"image\/jpeg"}],"author":"admin","twitter_card":"summary_large_image","twitter_misc":{"\u00c9crit par":"admin","Dur\u00e9e de lecture estim\u00e9e":"2 minutes"},"schema":{"@context":"https:\/\/schema.org","@graph":[{"@type":"Article","@id":"https:\/\/lasentinelle.dz\/index.php\/2024\/10\/29\/un-fonds-daide-pour-moderniser-et-renforcer-la-presse\/#article","isPartOf":{"@id":"https:\/\/lasentinelle.dz\/index.php\/2024\/10\/29\/un-fonds-daide-pour-moderniser-et-renforcer-la-presse\/"},"author":{"name":"admin","@id":"https:\/\/lasentinelle.dz\/#\/schema\/person\/729ee0024f24e0b8c5ec17232f8e8b41"},"headline":"Un fonds d&rsquo;aide pour moderniser et renforcer la presse","datePublished":"2024-10-29T09:23:01+00:00","dateModified":"2024-10-29T09:23:02+00:00","mainEntityOfPage":{"@id":"https:\/\/lasentinelle.dz\/index.php\/2024\/10\/29\/un-fonds-daide-pour-moderniser-et-renforcer-la-presse\/"},"wordCount":353,"commentCount":0,"publisher":{"@id":"https:\/\/lasentinelle.dz\/#organization"},"image":{"@id":"https:\/\/lasentinelle.dz\/index.php\/2024\/10\/29\/un-fonds-daide-pour-moderniser-et-renforcer-la-presse\/#primaryimage"},"thumbnailUrl":"https:\/\/lasentinelle.dz\/wp-content\/uploads\/2023\/12\/presse.jpeg","articleSection":["Actualit\u00e9"],"inLanguage":"fr-FR","potentialAction":[{"@type":"CommentAction","name":"Comment","target":["https:\/\/lasentinelle.dz\/index.php\/2024\/10\/29\/un-fonds-daide-pour-moderniser-et-renforcer-la-presse\/#respond"]}]},{"@type":"WebPage","@id":"https:\/\/lasentinelle.dz\/index.php\/2024\/10\/29\/un-fonds-daide-pour-moderniser-et-renforcer-la-presse\/","url":"https:\/\/lasentinelle.dz\/index.php\/2024\/10\/29\/un-fonds-daide-pour-moderniser-et-renforcer-la-presse\/","name":"Un fonds d&rsquo;aide pour moderniser et renforcer la presse - La Sentinelle","isPartOf":{"@id":"https:\/\/lasentinelle.dz\/#website"},"primaryImageOfPage":{"@id":"https:\/\/lasentinelle.dz\/index.php\/2024\/10\/29\/un-fonds-daide-pour-moderniser-et-renforcer-la-presse\/#primaryimage"},"image":{"@id":"https:\/\/lasentinelle.dz\/index.php\/2024\/10\/29\/un-fonds-daide-pour-moderniser-et-renforcer-la-presse\/#primaryimage"},"thumbnailUrl":"https:\/\/lasentinelle.dz\/wp-content\/uploads\/2023\/12\/presse.jpeg","datePublished":"2024-10-29T09:23:01+00:00","dateModified":"2024-10-29T09:23:02+00:00","breadcrumb":{"@id":"https:\/\/lasentinelle.dz\/index.php\/2024\/10\/29\/un-fonds-daide-pour-moderniser-et-renforcer-la-presse\/#breadcrumb"},"inLanguage":"fr-FR","potentialAction":[{"@type":"ReadAction","target":["https:\/\/lasentinelle.dz\/index.php\/2024\/10\/29\/un-fonds-daide-pour-moderniser-et-renforcer-la-presse\/"]}]},{"@type":"ImageObject","inLanguage":"fr-FR","@id":"https:\/\/lasentinelle.dz\/index.php\/2024\/10\/29\/un-fonds-daide-pour-moderniser-et-renforcer-la-presse\/#primaryimage","url":"https:\/\/lasentinelle.dz\/wp-content\/uploads\/2023\/12\/presse.jpeg","contentUrl":"https:\/\/lasentinelle.dz\/wp-content\/uploads\/2023\/12\/presse.jpeg","width":750,"height":500},{"@type":"BreadcrumbList","@id":"https:\/\/lasentinelle.dz\/index.php\/2024\/10\/29\/un-fonds-daide-pour-moderniser-et-renforcer-la-presse\/#breadcrumb","itemListElement":[{"@type":"ListItem","position":1,"name":"Accueil","item":"https:\/\/lasentinelle.dz\/"},{"@type":"ListItem","position":2,"name":"Un fonds d&rsquo;aide pour moderniser et renforcer la presse"}]},{"@type":"WebSite","@id":"https:\/\/lasentinelle.dz\/#website","url":"https:\/\/lasentinelle.dz\/","name":"La Sentinelle","description":"Quotidien national d&#039;information","publisher":{"@id":"https:\/\/lasentinelle.dz\/#organization"},"potentialAction":[{"@type":"SearchAction","target":{"@type":"EntryPoint","urlTemplate":"https:\/\/lasentinelle.dz\/?s={search_term_string}"},"query-input":{"@type":"PropertyValueSpecification","valueRequired":true,"valueName":"search_term_string"}}],"inLanguage":"fr-FR"},{"@type":"Organization","@id":"https:\/\/lasentinelle.dz\/#organization","name":"Quotidien La Sentinelle","url":"https:\/\/lasentinelle.dz\/","logo":{"@type":"ImageObject","inLanguage":"fr-FR","@id":"https:\/\/lasentinelle.dz\/#\/schema\/logo\/image\/","url":"https:\/\/lasentinelle.dz\/wp-content\/uploads\/2021\/09\/logo-sentinelleSLOGAN-1.png","contentUrl":"https:\/\/lasentinelle.dz\/wp-content\/uploads\/2021\/09\/logo-sentinelleSLOGAN-1.png","width":615,"height":142,"caption":"Quotidien La Sentinelle"},"image":{"@id":"https:\/\/lasentinelle.dz\/#\/schema\/logo\/image\/"},"sameAs":["https:\/\/www.facebook.com\/La-Sentinelle-104059864394773"]},{"@type":"Person","@id":"https:\/\/lasentinelle.dz\/#\/schema\/person\/729ee0024f24e0b8c5ec17232f8e8b41","name":"admin","image":{"@type":"ImageObject","inLanguage":"fr-FR","@id":"https:\/\/secure.gravatar.com\/avatar\/4c81fed838786e9b53f540bf46533e750f5d292099ae3b66cfc6fb1982e29df7?s=96&d=mm&r=g","url":"https:\/\/secure.gravatar.com\/avatar\/4c81fed838786e9b53f540bf46533e750f5d292099ae3b66cfc6fb1982e29df7?s=96&d=mm&r=g","contentUrl":"https:\/\/secure.gravatar.com\/avatar\/4c81fed838786e9b53f540bf46533e750f5d292099ae3b66cfc6fb1982e29df7?s=96&d=mm&r=g","caption":"admin"},"description":"admin","url":"https:\/\/lasentinelle.dz\/author\/admin\/"}]}},"_links":{"self":[{"href":"https:\/\/lasentinelle.dz\/index.php\/wp-json\/wp\/v2\/posts\/58755","targetHints":{"allow":["GET"]}}],"collection":[{"href":"https:\/\/lasentinelle.dz\/index.php\/wp-json\/wp\/v2\/posts"}],"about":[{"href":"https:\/\/lasentinelle.dz\/index.php\/wp-json\/wp\/v2\/types\/post"}],"author":[{"embeddable":true,"href":"https:\/\/lasentinelle.dz\/index.php\/wp-json\/wp\/v2\/users\/6"}],"replies":[{"embeddable":true,"href":"https:\/\/lasentinelle.dz\/index.php\/wp-json\/wp\/v2\/comments?post=58755"}],"version-history":[{"count":2,"href":"https:\/\/lasentinelle.dz\/index.php\/wp-json\/wp\/v2\/posts\/58755\/revisions"}],"predecessor-version":[{"id":58757,"href":"https:\/\/lasentinelle.dz\/index.php\/wp-json\/wp\/v2\/posts\/58755\/revisions\/58757"}],"wp:featuredmedia":[{"embeddable":true,"href":"https:\/\/lasentinelle.dz\/index.php\/wp-json\/wp\/v2\/media\/47664"}],"wp:attachment":[{"href":"https:\/\/lasentinelle.dz\/index.php\/wp-json\/wp\/v2\/media?parent=58755"}],"wp:term":[{"taxonomy":"category","embeddable":true,"href":"https:\/\/lasentinelle.dz\/index.php\/wp-json\/wp\/v2\/categories?post=58755"},{"taxonomy":"post_tag","embeddable":true,"href":"https:\/\/lasentinelle.dz\/index.php\/wp-json\/wp\/v2\/tags?post=58755"}],"curies":[{"name":"wp","href":"https:\/\/api.w.org\/{rel}","templated":true}]}}