{"id":58770,"date":"2024-10-29T10:29:12","date_gmt":"2024-10-29T09:29:12","guid":{"rendered":"https:\/\/lasentinelle.dz\/?p=58770"},"modified":"2024-10-29T10:29:14","modified_gmt":"2024-10-29T09:29:14","slug":"escalade-de-la-violence-sioniste-en-palestine-occupee-et-au-liban-le-moyen-orient-au-bord-du-gouffre","status":"publish","type":"post","link":"https:\/\/lasentinelle.dz\/index.php\/2024\/10\/29\/escalade-de-la-violence-sioniste-en-palestine-occupee-et-au-liban-le-moyen-orient-au-bord-du-gouffre\/","title":{"rendered":"Escalade de la violence sioniste en Palestine occup\u00e9e et au Liban: Le Moyen-Orient \u00ab\u00a0au bord du gouffre\u00a0\u00bb\u00a0!"},"content":{"rendered":"\n<p>La situation au Moyen-Orient continue de s&rsquo;aggraver, avec une extension du conflit bien au-del\u00e0 de Ghaza, touchant d\u00e9sormais le Liban, la Cisjordanie, et menace de s\u2019\u00e9tendre encore \u00e0 l&rsquo;Iran, tandis que la communaut\u00e9 internationale peine \u00e0 faire entendre sa voix pour un cessez-le-feu imm\u00e9diat.<\/p>\n\n\n\n<p>Le bilan de l&rsquo;agression g\u00e9nocidaire sioniste dans la bande de Ghaza ne cesse de s&rsquo;alourdir, atteignant d\u00e9sormais 43.020 martyrs et plus de 101.110 bless\u00e9s depuis le 7 octobre 2023, selon les autorit\u00e9s palestiniennes de sant\u00e9. La majorit\u00e9 des victimes sont des femmes et des enfants. Plus de 10.000 personnes sont toujours port\u00e9es disparues sous les d\u00e9combres.<\/p>\n\n\n\n<p>La situation est particuli\u00e8rement critique dans le nord de Ghaza, o\u00f9 une agression sioniste d&rsquo;envergure est en cours depuis le 6 octobre. La D\u00e9fense civile de Ghaza rapporte que plus de 1.000 Palestiniens sont tomb\u00e9s en martyrs dans cette zone ces trois derni\u00e8res semaines. Plus de 100.000 Palestiniens dans les r\u00e9gions de Jabalia, Beit Hanoun et Beit Lahia souffrent d&rsquo;un si\u00e8ge strict qui emp\u00eache l&rsquo;entr\u00e9e de nourriture, d&rsquo;eau, de m\u00e9dicaments et de carburant. Le secr\u00e9taire g\u00e9n\u00e9ral de l&rsquo;ONU, Antonio Guterres, s&rsquo;est dit \u00ab\u00a0choqu\u00e9\u00a0\u00bb par l&rsquo;ampleur des destructions et le nombre de victimes dans le nord de Ghaza. Il a soulign\u00e9 que les conditions de vie y sont devenues \u00ab\u00a0intenables\u00a0\u00bb pour la population palestinienne, d\u00e9non\u00e7ant des op\u00e9rations militaires qui \u00ab\u00a0pi\u00e9tinent les exigences du droit international humanitaire\u00a0\u00bb. Le Comit\u00e9 international de la Croix-Rouge (CICR) a \u00e9galement tir\u00e9 la sonnette d&rsquo;alarme, qualifiant la situation de \u00ab\u00a0extr\u00eamement tragique\u00a0\u00bb. Sa cheffe adjointe \u00e0 Ghaza, Stephanie Eller, a particuli\u00e8rement mis en garde contre les ordres d&rsquo;\u00e9vacuation des h\u00f4pitaux qui \u00ab\u00a0menacent de cr\u00e9er un vide critique dans les services m\u00e9dicaux\u00a0\u00bb.<\/p>\n\n\n\n<p>L&rsquo;escalade de la violence touche \u00e9galement le Liban, o\u00f9 la situation se d\u00e9grade rapidement depuis le 23 septembre. Le bilan des agressions sionistes contre le pays s&rsquo;\u00e9l\u00e8ve d\u00e9sormais \u00e0 2.672 martyrs et 12.468 bless\u00e9s depuis octobre 2023, selon le minist\u00e8re libanais de la Sant\u00e9. La derni\u00e8re escalade a provoqu\u00e9 le d\u00e9placement de 1,3 million de personnes. La journ\u00e9e du dimanche a \u00e9t\u00e9 particuli\u00e8rement meurtri\u00e8re avec au moins 21 martyrs dans plusieurs frappes, dont neuf dans un bombardement sur les environs de Sa\u00efda et sept dans la localit\u00e9 d&rsquo;A\u00efn Baal. Parmi les victimes figurent des secouristes et du personnel m\u00e9dical, portant \u00e0 167 le nombre total de secouristes tomb\u00e9s en martyrs depuis le d\u00e9but de l&rsquo;agression. Face \u00e0 cette situation, le Liban a d\u00e9pos\u00e9 une nouvelle plainte aupr\u00e8s du Conseil de s\u00e9curit\u00e9 de l&rsquo;ONU pour d\u00e9noncer les attaques sionistes sur son territoire, notamment le ciblage des civils, des ambulanciers, des journalistes et des forces de la FINUL.<\/p>\n\n\n\n<p>Les journalistes paient un lourd tribut. \u00c0 Ghaza, le bureau des m\u00e9dias annonce que 180 journalistes palestiniens sont tomb\u00e9s en martyrs depuis le d\u00e9but de l&rsquo;agression, dont trois rien que dimanche : Saed Radwan de la t\u00e9l\u00e9vision Al-Aqsa, Hamza Abu Salmiya de l&rsquo;agence Sanad et Haneen Baroud de la Fondation Al-Quds. Au Liban, les attaques contre les m\u00e9dias se multiplient \u00e9galement, poussant le pays \u00e0 d\u00e9poser une plainte sp\u00e9cifique aupr\u00e8s de l&rsquo;ONU concernant le ciblage des journalistes et des installations m\u00e9diatiques.<\/p>\n\n\n\n<p><strong>Tensions croissantes avec l&rsquo;Iran<\/strong><\/p>\n\n\n\n<p>La situation r\u00e9gionale se complique davantage avec l&rsquo;escalade des tensions entre l&rsquo;Iran et l&rsquo;entit\u00e9 sioniste. Suite \u00e0 l\u2019attaque isra\u00e9lienne du week-end contre des cibles militaires en Iran, T\u00e9h\u00e9ran a annonc\u00e9 qu&rsquo;il \u00ab\u00a0utilisera tous les outils disponibles\u00a0\u00bb pour apporter une r\u00e9ponse. Le guide supr\u00eame iranien, l&rsquo;ayatollah Ali Khamenei, a appel\u00e9 les responsables iraniens \u00e0 d\u00e9terminer la meilleure fa\u00e7on de d\u00e9montrer la puissance de l&rsquo;Iran, tout en pr\u00e9cisant que l&rsquo;attaque ne devait \u00ab\u00a0\u00eatre ni minimis\u00e9e ni exag\u00e9r\u00e9e\u00a0\u00bb.<\/p>\n\n\n\n<p>Le pr\u00e9sident iranien Masoud Pezeshkian a pour sa part indiqu\u00e9 son pays ne cherchait pas la guerre, mais qu&rsquo;il d\u00e9fendrait son peuple et r\u00e9pondrait de mani\u00e8re \u00ab proportionn\u00e9e \u00bb. \u00ab Nous ne cherchons pas la guerre, mais nous d\u00e9fendrons notre pays et les droits de notre peuple. Nous donnerons une r\u00e9ponse proportionn\u00e9e \u00e0 l&rsquo;agression du r\u00e9gime sioniste \u00bb, a d\u00e9clar\u00e9 Pezeshkian lors d&rsquo;une r\u00e9union du conseil des ministres \u00e0 T\u00e9h\u00e9ran, selon l&rsquo;agence de presse officielle IRNA. \u00ab Tous les peuples du monde constatent que les soutiens du r\u00e9gime isra\u00e9lien, au premier rang desquels les Etats-Unis, pr\u00e9tendent d\u00e9fendre la libert\u00e9 et les droits de l&rsquo;homme, mais restent silencieux sur le meurtre de dizaines de milliers de femmes et d&rsquo;enfants \u00bb, a-t-il ajout\u00e9.<\/p>\n\n\n\n<p>Le chef de la politique \u00e9trang\u00e8re de l&rsquo;UE, Josep Borrell, a exprim\u00e9 de vives inqui\u00e9tudes lors du forum minist\u00e9riel de l&rsquo;Union pour la M\u00e9diterran\u00e9e, d\u00e9crivant la situation comme \u00e9tant \u00ab\u00a0au bord du gouffre\u00a0\u00bb. Il a particuli\u00e8rement condamn\u00e9 les \u00ab\u00a0violations r\u00e9p\u00e9t\u00e9es du statu quo\u00a0\u00bb sur les sites religieux d&rsquo;El Qods et mis en garde contre l&rsquo;extension de la guerre au Liban. Borrell a qualifi\u00e9 la crise humanitaire \u00e0 Ghaza de \u00ab\u00a0plus grave depuis la Seconde Guerre mondiale\u00a0\u00bb et appel\u00e9 \u00e0 des actions plus d\u00e9cisives de la communaut\u00e9 internationale. Il a notamment critiqu\u00e9 le gouvernement de Netanyahu pour avoir \u00ab\u00a0d\u00e9pass\u00e9 les lignes rouges\u00a0\u00bb en raison des r\u00e9percussions de son offensive sur la vie et les infrastructures civiles.<\/p>\n\n\n\n<p><strong>Mobilisation internationale<\/strong><\/p>\n\n\n\n<p>Face \u00e0 cette situation, les initiatives diplomatiques se multiplient. Plus de 120 organisations fran\u00e7aises exigent l&rsquo;arr\u00eat \u00ab\u00a0total et imm\u00e9diat\u00a0\u00bb de tout commerce d&rsquo;armement avec l&rsquo;entit\u00e9 sioniste. Elles appellent notamment \u00e0 l&rsquo;interdiction de participation des entreprises d&rsquo;armement sionistes au prochain Salon mondial du naval de d\u00e9fense (Euronaval) pr\u00e9vu \u00e0 Paris. La pr\u00e9sidence palestinienne, quant \u00e0 elle, met en garde contre le projet sioniste visant \u00e0 interdire l&rsquo;UNRWA (Office de secours et de travaux des Nations Unies pour les r\u00e9fugi\u00e9s de Palestine), soulignant que cette l\u00e9gislation constituerait une \u00ab\u00a0violation du droit international\u00a0\u00bb. Dans ce contexte de tension extr\u00eame, la communaut\u00e9 internationale peine \u00e0 faire entendre sa voix pour un cessez-le-feu imm\u00e9diat, tandis que la situation humanitaire continue de se d\u00e9grader et que le risque d&rsquo;une extension r\u00e9gionale du conflit se fait chaque jour plus pressant.<\/p>\n\n\n\n<p>Lyes Sa\u00efdi<\/p>\n","protected":false},"excerpt":{"rendered":"<p>La situation au Moyen-Orient continue de s&rsquo;aggraver, avec une extension du conflit bien au-del\u00e0 de Ghaza, touchant d\u00e9sormais le Liban,<\/p>\n","protected":false},"author":6,"featured_media":58771,"comment_status":"open","ping_status":"closed","sticky":false,"template":"","format":"standard","meta":{"colormag_page_container_layout":"default_layout","colormag_page_sidebar_layout":"default_layout","om_disable_all_campaigns":false,"_monsterinsights_skip_tracking":false,"_monsterinsights_sitenote_active":false,"_monsterinsights_sitenote_note":"","_monsterinsights_sitenote_category":0,"footnotes":"","_wpscppro_dont_share_socialmedia":false,"_wpscppro_custom_social_share_image":0,"_facebook_share_type":"default","_twitter_share_type":"default","_linkedin_share_type":"default","_pinterest_share_type":"default","_linkedin_share_type_page":"","_instagram_share_type":"default","_medium_share_type":"default","_threads_share_type":"","_google_business_share_type":"","_selected_social_profile":[],"_wpsp_enable_custom_social_template":false,"_wpsp_social_scheduling":{"enabled":false,"datetime":null,"platforms":[],"status":"template_only","dateOption":"today","timeOption":"now","customDays":"","customHours":"","customDate":"","customTime":"","schedulingType":"absolute"},"_wpsp_active_default_template":true},"categories":[52,27],"tags":[],"class_list":["post-58770","post","type-post","status-publish","format-standard","has-post-thumbnail","hentry","category-a-la-une","category-actualite"],"aioseo_notices":[],"yoast_head":"<!-- This site is optimized with the Yoast SEO plugin v27.5 - https:\/\/yoast.com\/product\/yoast-seo-wordpress\/ -->\n<title>Escalade de la violence sioniste en Palestine occup\u00e9e et au Liban: Le Moyen-Orient \u00ab\u00a0au bord du gouffre\u00a0\u00bb\u00a0! - La Sentinelle<\/title>\n<meta name=\"robots\" content=\"index, follow, max-snippet:-1, max-image-preview:large, max-video-preview:-1\" \/>\n<link rel=\"canonical\" href=\"https:\/\/lasentinelle.dz\/index.php\/2024\/10\/29\/escalade-de-la-violence-sioniste-en-palestine-occupee-et-au-liban-le-moyen-orient-au-bord-du-gouffre\/\" \/>\n<meta property=\"og:locale\" content=\"fr_FR\" \/>\n<meta property=\"og:type\" content=\"article\" \/>\n<meta property=\"og:title\" content=\"Escalade de la violence sioniste en Palestine occup\u00e9e et au Liban: Le Moyen-Orient \u00ab\u00a0au bord du gouffre\u00a0\u00bb\u00a0! - La Sentinelle\" \/>\n<meta property=\"og:description\" content=\"La situation au Moyen-Orient continue de s&rsquo;aggraver, avec une extension du conflit bien au-del\u00e0 de Ghaza, touchant d\u00e9sormais le Liban,\" \/>\n<meta property=\"og:url\" content=\"https:\/\/lasentinelle.dz\/index.php\/2024\/10\/29\/escalade-de-la-violence-sioniste-en-palestine-occupee-et-au-liban-le-moyen-orient-au-bord-du-gouffre\/\" \/>\n<meta property=\"og:site_name\" content=\"La Sentinelle\" \/>\n<meta property=\"article:publisher\" content=\"https:\/\/www.facebook.com\/La-Sentinelle-104059864394773\" \/>\n<meta property=\"article:published_time\" content=\"2024-10-29T09:29:12+00:00\" \/>\n<meta property=\"article:modified_time\" content=\"2024-10-29T09:29:14+00:00\" \/>\n<meta property=\"og:image\" content=\"https:\/\/lasentinelle.dz\/wp-content\/uploads\/2024\/10\/Ghaza.webp\" \/>\n\t<meta property=\"og:image:width\" content=\"760\" \/>\n\t<meta property=\"og:image:height\" content=\"507\" \/>\n\t<meta property=\"og:image:type\" content=\"image\/webp\" \/>\n<meta name=\"author\" content=\"admin\" \/>\n<meta name=\"twitter:card\" content=\"summary_large_image\" \/>\n<meta name=\"twitter:label1\" content=\"\u00c9crit par\" \/>\n\t<meta name=\"twitter:data1\" content=\"admin\" \/>\n\t<meta name=\"twitter:label2\" content=\"Dur\u00e9e de lecture estim\u00e9e\" \/>\n\t<meta name=\"twitter:data2\" content=\"6 minutes\" \/>\n<script type=\"application\/ld+json\" class=\"yoast-schema-graph\">{\"@context\":\"https:\\\/\\\/schema.org\",\"@graph\":[{\"@type\":\"Article\",\"@id\":\"https:\\\/\\\/lasentinelle.dz\\\/index.php\\\/2024\\\/10\\\/29\\\/escalade-de-la-violence-sioniste-en-palestine-occupee-et-au-liban-le-moyen-orient-au-bord-du-gouffre\\\/#article\",\"isPartOf\":{\"@id\":\"https:\\\/\\\/lasentinelle.dz\\\/index.php\\\/2024\\\/10\\\/29\\\/escalade-de-la-violence-sioniste-en-palestine-occupee-et-au-liban-le-moyen-orient-au-bord-du-gouffre\\\/\"},\"author\":{\"name\":\"admin\",\"@id\":\"https:\\\/\\\/lasentinelle.dz\\\/#\\\/schema\\\/person\\\/729ee0024f24e0b8c5ec17232f8e8b41\"},\"headline\":\"Escalade de la violence sioniste en Palestine occup\u00e9e et au Liban: Le Moyen-Orient \u00ab\u00a0au bord du gouffre\u00a0\u00bb\u00a0!\",\"datePublished\":\"2024-10-29T09:29:12+00:00\",\"dateModified\":\"2024-10-29T09:29:14+00:00\",\"mainEntityOfPage\":{\"@id\":\"https:\\\/\\\/lasentinelle.dz\\\/index.php\\\/2024\\\/10\\\/29\\\/escalade-de-la-violence-sioniste-en-palestine-occupee-et-au-liban-le-moyen-orient-au-bord-du-gouffre\\\/\"},\"wordCount\":1099,\"commentCount\":0,\"publisher\":{\"@id\":\"https:\\\/\\\/lasentinelle.dz\\\/#organization\"},\"image\":{\"@id\":\"https:\\\/\\\/lasentinelle.dz\\\/index.php\\\/2024\\\/10\\\/29\\\/escalade-de-la-violence-sioniste-en-palestine-occupee-et-au-liban-le-moyen-orient-au-bord-du-gouffre\\\/#primaryimage\"},\"thumbnailUrl\":\"https:\\\/\\\/lasentinelle.dz\\\/wp-content\\\/uploads\\\/2024\\\/10\\\/Ghaza.webp\",\"articleSection\":[\"\u00c0 la Une\",\"Actualit\u00e9\"],\"inLanguage\":\"fr-FR\",\"potentialAction\":[{\"@type\":\"CommentAction\",\"name\":\"Comment\",\"target\":[\"https:\\\/\\\/lasentinelle.dz\\\/index.php\\\/2024\\\/10\\\/29\\\/escalade-de-la-violence-sioniste-en-palestine-occupee-et-au-liban-le-moyen-orient-au-bord-du-gouffre\\\/#respond\"]}]},{\"@type\":\"WebPage\",\"@id\":\"https:\\\/\\\/lasentinelle.dz\\\/index.php\\\/2024\\\/10\\\/29\\\/escalade-de-la-violence-sioniste-en-palestine-occupee-et-au-liban-le-moyen-orient-au-bord-du-gouffre\\\/\",\"url\":\"https:\\\/\\\/lasentinelle.dz\\\/index.php\\\/2024\\\/10\\\/29\\\/escalade-de-la-violence-sioniste-en-palestine-occupee-et-au-liban-le-moyen-orient-au-bord-du-gouffre\\\/\",\"name\":\"Escalade de la violence sioniste en Palestine occup\u00e9e et au Liban: Le Moyen-Orient \u00ab\u00a0au bord du gouffre\u00a0\u00bb\u00a0! - La Sentinelle\",\"isPartOf\":{\"@id\":\"https:\\\/\\\/lasentinelle.dz\\\/#website\"},\"primaryImageOfPage\":{\"@id\":\"https:\\\/\\\/lasentinelle.dz\\\/index.php\\\/2024\\\/10\\\/29\\\/escalade-de-la-violence-sioniste-en-palestine-occupee-et-au-liban-le-moyen-orient-au-bord-du-gouffre\\\/#primaryimage\"},\"image\":{\"@id\":\"https:\\\/\\\/lasentinelle.dz\\\/index.php\\\/2024\\\/10\\\/29\\\/escalade-de-la-violence-sioniste-en-palestine-occupee-et-au-liban-le-moyen-orient-au-bord-du-gouffre\\\/#primaryimage\"},\"thumbnailUrl\":\"https:\\\/\\\/lasentinelle.dz\\\/wp-content\\\/uploads\\\/2024\\\/10\\\/Ghaza.webp\",\"datePublished\":\"2024-10-29T09:29:12+00:00\",\"dateModified\":\"2024-10-29T09:29:14+00:00\",\"breadcrumb\":{\"@id\":\"https:\\\/\\\/lasentinelle.dz\\\/index.php\\\/2024\\\/10\\\/29\\\/escalade-de-la-violence-sioniste-en-palestine-occupee-et-au-liban-le-moyen-orient-au-bord-du-gouffre\\\/#breadcrumb\"},\"inLanguage\":\"fr-FR\",\"potentialAction\":[{\"@type\":\"ReadAction\",\"target\":[\"https:\\\/\\\/lasentinelle.dz\\\/index.php\\\/2024\\\/10\\\/29\\\/escalade-de-la-violence-sioniste-en-palestine-occupee-et-au-liban-le-moyen-orient-au-bord-du-gouffre\\\/\"]}]},{\"@type\":\"ImageObject\",\"inLanguage\":\"fr-FR\",\"@id\":\"https:\\\/\\\/lasentinelle.dz\\\/index.php\\\/2024\\\/10\\\/29\\\/escalade-de-la-violence-sioniste-en-palestine-occupee-et-au-liban-le-moyen-orient-au-bord-du-gouffre\\\/#primaryimage\",\"url\":\"https:\\\/\\\/lasentinelle.dz\\\/wp-content\\\/uploads\\\/2024\\\/10\\\/Ghaza.webp\",\"contentUrl\":\"https:\\\/\\\/lasentinelle.dz\\\/wp-content\\\/uploads\\\/2024\\\/10\\\/Ghaza.webp\",\"width\":760,\"height\":507},{\"@type\":\"BreadcrumbList\",\"@id\":\"https:\\\/\\\/lasentinelle.dz\\\/index.php\\\/2024\\\/10\\\/29\\\/escalade-de-la-violence-sioniste-en-palestine-occupee-et-au-liban-le-moyen-orient-au-bord-du-gouffre\\\/#breadcrumb\",\"itemListElement\":[{\"@type\":\"ListItem\",\"position\":1,\"name\":\"Accueil\",\"item\":\"https:\\\/\\\/lasentinelle.dz\\\/\"},{\"@type\":\"ListItem\",\"position\":2,\"name\":\"Escalade de la violence sioniste en Palestine occup\u00e9e et au Liban: Le Moyen-Orient \u00ab\u00a0au bord du gouffre\u00a0\u00bb\u00a0!\"}]},{\"@type\":\"WebSite\",\"@id\":\"https:\\\/\\\/lasentinelle.dz\\\/#website\",\"url\":\"https:\\\/\\\/lasentinelle.dz\\\/\",\"name\":\"La Sentinelle\",\"description\":\"Quotidien national d&#039;information\",\"publisher\":{\"@id\":\"https:\\\/\\\/lasentinelle.dz\\\/#organization\"},\"potentialAction\":[{\"@type\":\"SearchAction\",\"target\":{\"@type\":\"EntryPoint\",\"urlTemplate\":\"https:\\\/\\\/lasentinelle.dz\\\/?s={search_term_string}\"},\"query-input\":{\"@type\":\"PropertyValueSpecification\",\"valueRequired\":true,\"valueName\":\"search_term_string\"}}],\"inLanguage\":\"fr-FR\"},{\"@type\":\"Organization\",\"@id\":\"https:\\\/\\\/lasentinelle.dz\\\/#organization\",\"name\":\"Quotidien La Sentinelle\",\"url\":\"https:\\\/\\\/lasentinelle.dz\\\/\",\"logo\":{\"@type\":\"ImageObject\",\"inLanguage\":\"fr-FR\",\"@id\":\"https:\\\/\\\/lasentinelle.dz\\\/#\\\/schema\\\/logo\\\/image\\\/\",\"url\":\"https:\\\/\\\/lasentinelle.dz\\\/wp-content\\\/uploads\\\/2021\\\/09\\\/logo-sentinelleSLOGAN-1.png\",\"contentUrl\":\"https:\\\/\\\/lasentinelle.dz\\\/wp-content\\\/uploads\\\/2021\\\/09\\\/logo-sentinelleSLOGAN-1.png\",\"width\":615,\"height\":142,\"caption\":\"Quotidien La Sentinelle\"},\"image\":{\"@id\":\"https:\\\/\\\/lasentinelle.dz\\\/#\\\/schema\\\/logo\\\/image\\\/\"},\"sameAs\":[\"https:\\\/\\\/www.facebook.com\\\/La-Sentinelle-104059864394773\"]},{\"@type\":\"Person\",\"@id\":\"https:\\\/\\\/lasentinelle.dz\\\/#\\\/schema\\\/person\\\/729ee0024f24e0b8c5ec17232f8e8b41\",\"name\":\"admin\",\"image\":{\"@type\":\"ImageObject\",\"inLanguage\":\"fr-FR\",\"@id\":\"https:\\\/\\\/secure.gravatar.com\\\/avatar\\\/4c81fed838786e9b53f540bf46533e750f5d292099ae3b66cfc6fb1982e29df7?s=96&d=mm&r=g\",\"url\":\"https:\\\/\\\/secure.gravatar.com\\\/avatar\\\/4c81fed838786e9b53f540bf46533e750f5d292099ae3b66cfc6fb1982e29df7?s=96&d=mm&r=g\",\"contentUrl\":\"https:\\\/\\\/secure.gravatar.com\\\/avatar\\\/4c81fed838786e9b53f540bf46533e750f5d292099ae3b66cfc6fb1982e29df7?s=96&d=mm&r=g\",\"caption\":\"admin\"},\"description\":\"admin\",\"url\":\"https:\\\/\\\/lasentinelle.dz\\\/author\\\/admin\\\/\"}]}<\/script>\n<!-- \/ Yoast SEO plugin. -->","yoast_head_json":{"title":"Escalade de la violence sioniste en Palestine occup\u00e9e et au Liban: Le Moyen-Orient \u00ab\u00a0au bord du gouffre\u00a0\u00bb\u00a0! - La Sentinelle","robots":{"index":"index","follow":"follow","max-snippet":"max-snippet:-1","max-image-preview":"max-image-preview:large","max-video-preview":"max-video-preview:-1"},"canonical":"https:\/\/lasentinelle.dz\/index.php\/2024\/10\/29\/escalade-de-la-violence-sioniste-en-palestine-occupee-et-au-liban-le-moyen-orient-au-bord-du-gouffre\/","og_locale":"fr_FR","og_type":"article","og_title":"Escalade de la violence sioniste en Palestine occup\u00e9e et au Liban: Le Moyen-Orient \u00ab\u00a0au bord du gouffre\u00a0\u00bb\u00a0! - La Sentinelle","og_description":"La situation au Moyen-Orient continue de s&rsquo;aggraver, avec une extension du conflit bien au-del\u00e0 de Ghaza, touchant d\u00e9sormais le Liban,","og_url":"https:\/\/lasentinelle.dz\/index.php\/2024\/10\/29\/escalade-de-la-violence-sioniste-en-palestine-occupee-et-au-liban-le-moyen-orient-au-bord-du-gouffre\/","og_site_name":"La Sentinelle","article_publisher":"https:\/\/www.facebook.com\/La-Sentinelle-104059864394773","article_published_time":"2024-10-29T09:29:12+00:00","article_modified_time":"2024-10-29T09:29:14+00:00","og_image":[{"width":760,"height":507,"url":"https:\/\/lasentinelle.dz\/wp-content\/uploads\/2024\/10\/Ghaza.webp","type":"image\/webp"}],"author":"admin","twitter_card":"summary_large_image","twitter_misc":{"\u00c9crit par":"admin","Dur\u00e9e de lecture estim\u00e9e":"6 minutes"},"schema":{"@context":"https:\/\/schema.org","@graph":[{"@type":"Article","@id":"https:\/\/lasentinelle.dz\/index.php\/2024\/10\/29\/escalade-de-la-violence-sioniste-en-palestine-occupee-et-au-liban-le-moyen-orient-au-bord-du-gouffre\/#article","isPartOf":{"@id":"https:\/\/lasentinelle.dz\/index.php\/2024\/10\/29\/escalade-de-la-violence-sioniste-en-palestine-occupee-et-au-liban-le-moyen-orient-au-bord-du-gouffre\/"},"author":{"name":"admin","@id":"https:\/\/lasentinelle.dz\/#\/schema\/person\/729ee0024f24e0b8c5ec17232f8e8b41"},"headline":"Escalade de la violence sioniste en Palestine occup\u00e9e et au Liban: Le Moyen-Orient \u00ab\u00a0au bord du gouffre\u00a0\u00bb\u00a0!","datePublished":"2024-10-29T09:29:12+00:00","dateModified":"2024-10-29T09:29:14+00:00","mainEntityOfPage":{"@id":"https:\/\/lasentinelle.dz\/index.php\/2024\/10\/29\/escalade-de-la-violence-sioniste-en-palestine-occupee-et-au-liban-le-moyen-orient-au-bord-du-gouffre\/"},"wordCount":1099,"commentCount":0,"publisher":{"@id":"https:\/\/lasentinelle.dz\/#organization"},"image":{"@id":"https:\/\/lasentinelle.dz\/index.php\/2024\/10\/29\/escalade-de-la-violence-sioniste-en-palestine-occupee-et-au-liban-le-moyen-orient-au-bord-du-gouffre\/#primaryimage"},"thumbnailUrl":"https:\/\/lasentinelle.dz\/wp-content\/uploads\/2024\/10\/Ghaza.webp","articleSection":["\u00c0 la Une","Actualit\u00e9"],"inLanguage":"fr-FR","potentialAction":[{"@type":"CommentAction","name":"Comment","target":["https:\/\/lasentinelle.dz\/index.php\/2024\/10\/29\/escalade-de-la-violence-sioniste-en-palestine-occupee-et-au-liban-le-moyen-orient-au-bord-du-gouffre\/#respond"]}]},{"@type":"WebPage","@id":"https:\/\/lasentinelle.dz\/index.php\/2024\/10\/29\/escalade-de-la-violence-sioniste-en-palestine-occupee-et-au-liban-le-moyen-orient-au-bord-du-gouffre\/","url":"https:\/\/lasentinelle.dz\/index.php\/2024\/10\/29\/escalade-de-la-violence-sioniste-en-palestine-occupee-et-au-liban-le-moyen-orient-au-bord-du-gouffre\/","name":"Escalade de la violence sioniste en Palestine occup\u00e9e et au Liban: Le Moyen-Orient \u00ab\u00a0au bord du gouffre\u00a0\u00bb\u00a0! - La Sentinelle","isPartOf":{"@id":"https:\/\/lasentinelle.dz\/#website"},"primaryImageOfPage":{"@id":"https:\/\/lasentinelle.dz\/index.php\/2024\/10\/29\/escalade-de-la-violence-sioniste-en-palestine-occupee-et-au-liban-le-moyen-orient-au-bord-du-gouffre\/#primaryimage"},"image":{"@id":"https:\/\/lasentinelle.dz\/index.php\/2024\/10\/29\/escalade-de-la-violence-sioniste-en-palestine-occupee-et-au-liban-le-moyen-orient-au-bord-du-gouffre\/#primaryimage"},"thumbnailUrl":"https:\/\/lasentinelle.dz\/wp-content\/uploads\/2024\/10\/Ghaza.webp","datePublished":"2024-10-29T09:29:12+00:00","dateModified":"2024-10-29T09:29:14+00:00","breadcrumb":{"@id":"https:\/\/lasentinelle.dz\/index.php\/2024\/10\/29\/escalade-de-la-violence-sioniste-en-palestine-occupee-et-au-liban-le-moyen-orient-au-bord-du-gouffre\/#breadcrumb"},"inLanguage":"fr-FR","potentialAction":[{"@type":"ReadAction","target":["https:\/\/lasentinelle.dz\/index.php\/2024\/10\/29\/escalade-de-la-violence-sioniste-en-palestine-occupee-et-au-liban-le-moyen-orient-au-bord-du-gouffre\/"]}]},{"@type":"ImageObject","inLanguage":"fr-FR","@id":"https:\/\/lasentinelle.dz\/index.php\/2024\/10\/29\/escalade-de-la-violence-sioniste-en-palestine-occupee-et-au-liban-le-moyen-orient-au-bord-du-gouffre\/#primaryimage","url":"https:\/\/lasentinelle.dz\/wp-content\/uploads\/2024\/10\/Ghaza.webp","contentUrl":"https:\/\/lasentinelle.dz\/wp-content\/uploads\/2024\/10\/Ghaza.webp","width":760,"height":507},{"@type":"BreadcrumbList","@id":"https:\/\/lasentinelle.dz\/index.php\/2024\/10\/29\/escalade-de-la-violence-sioniste-en-palestine-occupee-et-au-liban-le-moyen-orient-au-bord-du-gouffre\/#breadcrumb","itemListElement":[{"@type":"ListItem","position":1,"name":"Accueil","item":"https:\/\/lasentinelle.dz\/"},{"@type":"ListItem","position":2,"name":"Escalade de la violence sioniste en Palestine occup\u00e9e et au Liban: Le Moyen-Orient \u00ab\u00a0au bord du gouffre\u00a0\u00bb\u00a0!"}]},{"@type":"WebSite","@id":"https:\/\/lasentinelle.dz\/#website","url":"https:\/\/lasentinelle.dz\/","name":"La Sentinelle","description":"Quotidien national d&#039;information","publisher":{"@id":"https:\/\/lasentinelle.dz\/#organization"},"potentialAction":[{"@type":"SearchAction","target":{"@type":"EntryPoint","urlTemplate":"https:\/\/lasentinelle.dz\/?s={search_term_string}"},"query-input":{"@type":"PropertyValueSpecification","valueRequired":true,"valueName":"search_term_string"}}],"inLanguage":"fr-FR"},{"@type":"Organization","@id":"https:\/\/lasentinelle.dz\/#organization","name":"Quotidien La Sentinelle","url":"https:\/\/lasentinelle.dz\/","logo":{"@type":"ImageObject","inLanguage":"fr-FR","@id":"https:\/\/lasentinelle.dz\/#\/schema\/logo\/image\/","url":"https:\/\/lasentinelle.dz\/wp-content\/uploads\/2021\/09\/logo-sentinelleSLOGAN-1.png","contentUrl":"https:\/\/lasentinelle.dz\/wp-content\/uploads\/2021\/09\/logo-sentinelleSLOGAN-1.png","width":615,"height":142,"caption":"Quotidien La Sentinelle"},"image":{"@id":"https:\/\/lasentinelle.dz\/#\/schema\/logo\/image\/"},"sameAs":["https:\/\/www.facebook.com\/La-Sentinelle-104059864394773"]},{"@type":"Person","@id":"https:\/\/lasentinelle.dz\/#\/schema\/person\/729ee0024f24e0b8c5ec17232f8e8b41","name":"admin","image":{"@type":"ImageObject","inLanguage":"fr-FR","@id":"https:\/\/secure.gravatar.com\/avatar\/4c81fed838786e9b53f540bf46533e750f5d292099ae3b66cfc6fb1982e29df7?s=96&d=mm&r=g","url":"https:\/\/secure.gravatar.com\/avatar\/4c81fed838786e9b53f540bf46533e750f5d292099ae3b66cfc6fb1982e29df7?s=96&d=mm&r=g","contentUrl":"https:\/\/secure.gravatar.com\/avatar\/4c81fed838786e9b53f540bf46533e750f5d292099ae3b66cfc6fb1982e29df7?s=96&d=mm&r=g","caption":"admin"},"description":"admin","url":"https:\/\/lasentinelle.dz\/author\/admin\/"}]}},"_links":{"self":[{"href":"https:\/\/lasentinelle.dz\/index.php\/wp-json\/wp\/v2\/posts\/58770","targetHints":{"allow":["GET"]}}],"collection":[{"href":"https:\/\/lasentinelle.dz\/index.php\/wp-json\/wp\/v2\/posts"}],"about":[{"href":"https:\/\/lasentinelle.dz\/index.php\/wp-json\/wp\/v2\/types\/post"}],"author":[{"embeddable":true,"href":"https:\/\/lasentinelle.dz\/index.php\/wp-json\/wp\/v2\/users\/6"}],"replies":[{"embeddable":true,"href":"https:\/\/lasentinelle.dz\/index.php\/wp-json\/wp\/v2\/comments?post=58770"}],"version-history":[{"count":1,"href":"https:\/\/lasentinelle.dz\/index.php\/wp-json\/wp\/v2\/posts\/58770\/revisions"}],"predecessor-version":[{"id":58772,"href":"https:\/\/lasentinelle.dz\/index.php\/wp-json\/wp\/v2\/posts\/58770\/revisions\/58772"}],"wp:featuredmedia":[{"embeddable":true,"href":"https:\/\/lasentinelle.dz\/index.php\/wp-json\/wp\/v2\/media\/58771"}],"wp:attachment":[{"href":"https:\/\/lasentinelle.dz\/index.php\/wp-json\/wp\/v2\/media?parent=58770"}],"wp:term":[{"taxonomy":"category","embeddable":true,"href":"https:\/\/lasentinelle.dz\/index.php\/wp-json\/wp\/v2\/categories?post=58770"},{"taxonomy":"post_tag","embeddable":true,"href":"https:\/\/lasentinelle.dz\/index.php\/wp-json\/wp\/v2\/tags?post=58770"}],"curies":[{"name":"wp","href":"https:\/\/api.w.org\/{rel}","templated":true}]}}