{"id":58792,"date":"2024-10-29T22:20:47","date_gmt":"2024-10-29T21:20:47","guid":{"rendered":"https:\/\/lasentinelle.dz\/?p=58792"},"modified":"2024-10-29T22:20:47","modified_gmt":"2024-10-29T21:20:47","slug":"festival-du-film-amazigh-un-certain-regard-sur-linclusion-sociale","status":"publish","type":"post","link":"https:\/\/lasentinelle.dz\/index.php\/2024\/10\/29\/festival-du-film-amazigh-un-certain-regard-sur-linclusion-sociale\/","title":{"rendered":"Festival du Film Amazigh : Un certain regard sur l\u2019inclusion sociale"},"content":{"rendered":"\n<p>Le Festival du Film Amazigh de Tizi-Ouzou a offert lundi une exp\u00e9rience cin\u00e9matographique touchante avec la projection de \u00ab\u00a0The Green Path\u00a0\u00bb, un documentaire poignant sign\u00e9 Oussama Rai. \u00c0 travers les \u00e9crans de la salle Djurdjura, ce film de 35 minutes, tourn\u00e9 en langue mozabite dans la r\u00e9gion de Gharda\u00efa, bouscule les perspectives sur l&rsquo;insertion professionnelle des personnes en situation de handicap mental.<\/p>\n\n\n\n<p>Dans cette \u0153uvre en comp\u00e9tition pour l&rsquo;Olivier d&rsquo;or, le r\u00e9alisateur pose un regard lucide sur une probl\u00e9matique soci\u00e9tale souvent n\u00e9glig\u00e9e : le devenir professionnel des jeunes handicap\u00e9s mentaux apr\u00e8s leur formation. Face \u00e0 ce d\u00e9fi, une association locale a d\u00e9velopp\u00e9 une approche novatrice en confiant \u00e0 ces personnes la gestion d&rsquo;un terrain aride. Ce qui aurait pu n&rsquo;\u00eatre qu&rsquo;une exp\u00e9rience sociale s&rsquo;est transform\u00e9 en une v\u00e9ritable renaissance : sous leurs mains patientes, la terre rocailleuse s&rsquo;est m\u00e9tamorphos\u00e9e en une oasis verdoyante. Le documentaire capture avec sensibilit\u00e9 les multiples dimensions de cette initiative. Au-del\u00e0 de l&rsquo;aspect \u00e9conomique &#8211; les participants re\u00e7oivent un salaire pour leur travail \u00e0 temps partiel &#8211; c&rsquo;est toute une dynamique de r\u00e9insertion sociale qui se d\u00e9ploie. Entre les rang\u00e9es de palmiers dattiers et d&rsquo;oliviers qu&rsquo;ils cultivent avec soin, ces jardiniers d&rsquo;exception tissent des liens, d\u00e9veloppent des amiti\u00e9s et retrouvent progressivement leur place dans la soci\u00e9t\u00e9. Le travail agricole devient ainsi un vecteur th\u00e9rapeutique, chaque nouvelle pousse symbolisant leur propre \u00e9panouissement.<\/p>\n\n\n\n<p>Sous-titr\u00e9 en arabe, le film a suscit\u00e9 des r\u00e9actions enthousiastes lors de sa projection. Le public a particuli\u00e8rement appr\u00e9ci\u00e9 l&rsquo;\u00e9quilibre entre la profondeur du propos et la ma\u00eetrise technique, comme en t\u00e9moignent les \u00e9changes anim\u00e9s durant le d\u00e9bat qui a suivi. La deuxi\u00e8me journ\u00e9e du festival a \u00e9galement mis en lumi\u00e8re l&rsquo;innovation technique avec deux productions en animation 3D. \u00ab\u00a0Atmathen\u00a0\u00bb, r\u00e9alis\u00e9 par la jeune Thiziri Sarahoui, propose une adaptation audacieuse en kabyle du c\u00e9l\u00e8bre conte des fr\u00e8res Grimm \u00ab\u00a0Hansel et Gretel\u00a0\u00bb. Cette relecture culturelle de 31 minutes d\u00e9montre la vivacit\u00e9 de la cr\u00e9ation amazighe contemporaine. Dans un registre diff\u00e9rent, \u00ab\u00a0Mazigh\u00a0\u00bb (19 minutes), \u0153uvre des fr\u00e8res Anis et Samir Chalal, aborde la question sensible de l&rsquo;\u00e9migration \u00e0 travers le portrait d&rsquo;un jeune dipl\u00f4m\u00e9 obnubil\u00e9 par les d\u00e9parts \u00e0 l&rsquo;\u00e9tranger, malgr\u00e9 quinze refus de visa. La programmation s&rsquo;est conclue sur une note historique avec \u00ab\u00a0Souvenirs sanglants\u00a0\u00bb, un court-m\u00e9trage de 37 minutes r\u00e9alis\u00e9 par Mourad Bouamrane. Cette \u0153uvre saisissante ravive la m\u00e9moire de la guerre de lib\u00e9ration nationale en Kabylie, rappelant les exactions du colonialisme fran\u00e7ais \u00e0 travers le destin tragique d&rsquo;un village.<\/p>\n\n\n\n<p>La diversit\u00e9 des \u0153uvres pr\u00e9sent\u00e9es confirme la vitalit\u00e9 du Festival du Film Amazigh comme espace de dialogue entre tradition et modernit\u00e9, o\u00f9 les questionnements soci\u00e9taux c\u00f4toient la pr\u00e9servation de la m\u00e9moire collective. Les cin\u00e9astes amazighs d\u00e9montrent leur capacit\u00e9 \u00e0 conjuguer engagement social, innovation artistique et transmission culturelle, contribuant ainsi au rayonnement d&rsquo;un cin\u00e9ma ancr\u00e9 dans son temps tout en restant fid\u00e8le \u00e0 ses racines.<\/p>\n\n\n\n<p><strong>Mohamed Seghir<\/strong><\/p>\n","protected":false},"excerpt":{"rendered":"<p>Le Festival du Film Amazigh de Tizi-Ouzou a offert lundi une exp\u00e9rience cin\u00e9matographique touchante avec la projection de \u00ab\u00a0The Green<\/p>\n","protected":false},"author":2,"featured_media":58793,"comment_status":"open","ping_status":"closed","sticky":false,"template":"","format":"standard","meta":{"colormag_page_container_layout":"default_layout","colormag_page_sidebar_layout":"default_layout","om_disable_all_campaigns":false,"_monsterinsights_skip_tracking":false,"_monsterinsights_sitenote_active":false,"_monsterinsights_sitenote_note":"","_monsterinsights_sitenote_category":0,"footnotes":"","_wpscppro_dont_share_socialmedia":false,"_wpscppro_custom_social_share_image":0,"_facebook_share_type":"default","_twitter_share_type":"default","_linkedin_share_type":"default","_pinterest_share_type":"default","_linkedin_share_type_page":"","_instagram_share_type":"default","_medium_share_type":"default","_threads_share_type":"","_google_business_share_type":"","_selected_social_profile":[],"_wpsp_enable_custom_social_template":false,"_wpsp_social_scheduling":{"enabled":false,"datetime":null,"platforms":[],"status":"template_only","dateOption":"today","timeOption":"now","customDays":"","customHours":"","customDate":"","customTime":"","schedulingType":"absolute"},"_wpsp_active_default_template":true},"categories":[36],"tags":[],"class_list":["post-58792","post","type-post","status-publish","format-standard","has-post-thumbnail","hentry","category-culture"],"aioseo_notices":[],"yoast_head":"<!-- This site is optimized with the Yoast SEO plugin v27.5 - https:\/\/yoast.com\/product\/yoast-seo-wordpress\/ -->\n<title>Festival du Film Amazigh : Un certain regard sur l\u2019inclusion sociale - La Sentinelle<\/title>\n<meta name=\"robots\" content=\"index, follow, max-snippet:-1, max-image-preview:large, max-video-preview:-1\" \/>\n<link rel=\"canonical\" href=\"https:\/\/lasentinelle.dz\/index.php\/2024\/10\/29\/festival-du-film-amazigh-un-certain-regard-sur-linclusion-sociale\/\" \/>\n<meta property=\"og:locale\" content=\"fr_FR\" \/>\n<meta property=\"og:type\" content=\"article\" \/>\n<meta property=\"og:title\" content=\"Festival du Film Amazigh : Un certain regard sur l\u2019inclusion sociale - La Sentinelle\" \/>\n<meta property=\"og:description\" content=\"Le Festival du Film Amazigh de Tizi-Ouzou a offert lundi une exp\u00e9rience cin\u00e9matographique touchante avec la projection de \u00ab\u00a0The Green\" \/>\n<meta property=\"og:url\" content=\"https:\/\/lasentinelle.dz\/index.php\/2024\/10\/29\/festival-du-film-amazigh-un-certain-regard-sur-linclusion-sociale\/\" \/>\n<meta property=\"og:site_name\" content=\"La Sentinelle\" \/>\n<meta property=\"article:publisher\" content=\"https:\/\/www.facebook.com\/La-Sentinelle-104059864394773\" \/>\n<meta property=\"article:published_time\" content=\"2024-10-29T21:20:47+00:00\" \/>\n<meta property=\"og:image\" content=\"https:\/\/lasentinelle.dz\/wp-content\/uploads\/2024\/10\/affiche-3.jpg\" \/>\n\t<meta property=\"og:image:width\" content=\"1200\" \/>\n\t<meta property=\"og:image:height\" content=\"816\" \/>\n\t<meta property=\"og:image:type\" content=\"image\/jpeg\" \/>\n<meta name=\"author\" content=\"Azzedine Belferag\" \/>\n<meta name=\"twitter:card\" content=\"summary_large_image\" \/>\n<meta name=\"twitter:label1\" content=\"\u00c9crit par\" \/>\n\t<meta name=\"twitter:data1\" content=\"Azzedine Belferag\" \/>\n\t<meta name=\"twitter:label2\" content=\"Dur\u00e9e de lecture estim\u00e9e\" \/>\n\t<meta name=\"twitter:data2\" content=\"3 minutes\" \/>\n<script type=\"application\/ld+json\" class=\"yoast-schema-graph\">{\"@context\":\"https:\\\/\\\/schema.org\",\"@graph\":[{\"@type\":\"Article\",\"@id\":\"https:\\\/\\\/lasentinelle.dz\\\/index.php\\\/2024\\\/10\\\/29\\\/festival-du-film-amazigh-un-certain-regard-sur-linclusion-sociale\\\/#article\",\"isPartOf\":{\"@id\":\"https:\\\/\\\/lasentinelle.dz\\\/index.php\\\/2024\\\/10\\\/29\\\/festival-du-film-amazigh-un-certain-regard-sur-linclusion-sociale\\\/\"},\"author\":{\"name\":\"Azzedine Belferag\",\"@id\":\"https:\\\/\\\/lasentinelle.dz\\\/#\\\/schema\\\/person\\\/e22c868643946ece5f328ac9d185b29f\"},\"headline\":\"Festival du Film Amazigh : Un certain regard sur l\u2019inclusion sociale\",\"datePublished\":\"2024-10-29T21:20:47+00:00\",\"mainEntityOfPage\":{\"@id\":\"https:\\\/\\\/lasentinelle.dz\\\/index.php\\\/2024\\\/10\\\/29\\\/festival-du-film-amazigh-un-certain-regard-sur-linclusion-sociale\\\/\"},\"wordCount\":549,\"commentCount\":0,\"publisher\":{\"@id\":\"https:\\\/\\\/lasentinelle.dz\\\/#organization\"},\"image\":{\"@id\":\"https:\\\/\\\/lasentinelle.dz\\\/index.php\\\/2024\\\/10\\\/29\\\/festival-du-film-amazigh-un-certain-regard-sur-linclusion-sociale\\\/#primaryimage\"},\"thumbnailUrl\":\"https:\\\/\\\/lasentinelle.dz\\\/wp-content\\\/uploads\\\/2024\\\/10\\\/affiche-3.jpg\",\"articleSection\":[\"Culture\"],\"inLanguage\":\"fr-FR\",\"potentialAction\":[{\"@type\":\"CommentAction\",\"name\":\"Comment\",\"target\":[\"https:\\\/\\\/lasentinelle.dz\\\/index.php\\\/2024\\\/10\\\/29\\\/festival-du-film-amazigh-un-certain-regard-sur-linclusion-sociale\\\/#respond\"]}]},{\"@type\":\"WebPage\",\"@id\":\"https:\\\/\\\/lasentinelle.dz\\\/index.php\\\/2024\\\/10\\\/29\\\/festival-du-film-amazigh-un-certain-regard-sur-linclusion-sociale\\\/\",\"url\":\"https:\\\/\\\/lasentinelle.dz\\\/index.php\\\/2024\\\/10\\\/29\\\/festival-du-film-amazigh-un-certain-regard-sur-linclusion-sociale\\\/\",\"name\":\"Festival du Film Amazigh : Un certain regard sur l\u2019inclusion sociale - La Sentinelle\",\"isPartOf\":{\"@id\":\"https:\\\/\\\/lasentinelle.dz\\\/#website\"},\"primaryImageOfPage\":{\"@id\":\"https:\\\/\\\/lasentinelle.dz\\\/index.php\\\/2024\\\/10\\\/29\\\/festival-du-film-amazigh-un-certain-regard-sur-linclusion-sociale\\\/#primaryimage\"},\"image\":{\"@id\":\"https:\\\/\\\/lasentinelle.dz\\\/index.php\\\/2024\\\/10\\\/29\\\/festival-du-film-amazigh-un-certain-regard-sur-linclusion-sociale\\\/#primaryimage\"},\"thumbnailUrl\":\"https:\\\/\\\/lasentinelle.dz\\\/wp-content\\\/uploads\\\/2024\\\/10\\\/affiche-3.jpg\",\"datePublished\":\"2024-10-29T21:20:47+00:00\",\"breadcrumb\":{\"@id\":\"https:\\\/\\\/lasentinelle.dz\\\/index.php\\\/2024\\\/10\\\/29\\\/festival-du-film-amazigh-un-certain-regard-sur-linclusion-sociale\\\/#breadcrumb\"},\"inLanguage\":\"fr-FR\",\"potentialAction\":[{\"@type\":\"ReadAction\",\"target\":[\"https:\\\/\\\/lasentinelle.dz\\\/index.php\\\/2024\\\/10\\\/29\\\/festival-du-film-amazigh-un-certain-regard-sur-linclusion-sociale\\\/\"]}]},{\"@type\":\"ImageObject\",\"inLanguage\":\"fr-FR\",\"@id\":\"https:\\\/\\\/lasentinelle.dz\\\/index.php\\\/2024\\\/10\\\/29\\\/festival-du-film-amazigh-un-certain-regard-sur-linclusion-sociale\\\/#primaryimage\",\"url\":\"https:\\\/\\\/lasentinelle.dz\\\/wp-content\\\/uploads\\\/2024\\\/10\\\/affiche-3.jpg\",\"contentUrl\":\"https:\\\/\\\/lasentinelle.dz\\\/wp-content\\\/uploads\\\/2024\\\/10\\\/affiche-3.jpg\",\"width\":1200,\"height\":816},{\"@type\":\"BreadcrumbList\",\"@id\":\"https:\\\/\\\/lasentinelle.dz\\\/index.php\\\/2024\\\/10\\\/29\\\/festival-du-film-amazigh-un-certain-regard-sur-linclusion-sociale\\\/#breadcrumb\",\"itemListElement\":[{\"@type\":\"ListItem\",\"position\":1,\"name\":\"Accueil\",\"item\":\"https:\\\/\\\/lasentinelle.dz\\\/\"},{\"@type\":\"ListItem\",\"position\":2,\"name\":\"Festival du Film Amazigh : Un certain regard sur l\u2019inclusion sociale\"}]},{\"@type\":\"WebSite\",\"@id\":\"https:\\\/\\\/lasentinelle.dz\\\/#website\",\"url\":\"https:\\\/\\\/lasentinelle.dz\\\/\",\"name\":\"La Sentinelle\",\"description\":\"Quotidien national d&#039;information\",\"publisher\":{\"@id\":\"https:\\\/\\\/lasentinelle.dz\\\/#organization\"},\"potentialAction\":[{\"@type\":\"SearchAction\",\"target\":{\"@type\":\"EntryPoint\",\"urlTemplate\":\"https:\\\/\\\/lasentinelle.dz\\\/?s={search_term_string}\"},\"query-input\":{\"@type\":\"PropertyValueSpecification\",\"valueRequired\":true,\"valueName\":\"search_term_string\"}}],\"inLanguage\":\"fr-FR\"},{\"@type\":\"Organization\",\"@id\":\"https:\\\/\\\/lasentinelle.dz\\\/#organization\",\"name\":\"Quotidien La Sentinelle\",\"url\":\"https:\\\/\\\/lasentinelle.dz\\\/\",\"logo\":{\"@type\":\"ImageObject\",\"inLanguage\":\"fr-FR\",\"@id\":\"https:\\\/\\\/lasentinelle.dz\\\/#\\\/schema\\\/logo\\\/image\\\/\",\"url\":\"https:\\\/\\\/lasentinelle.dz\\\/wp-content\\\/uploads\\\/2021\\\/09\\\/logo-sentinelleSLOGAN-1.png\",\"contentUrl\":\"https:\\\/\\\/lasentinelle.dz\\\/wp-content\\\/uploads\\\/2021\\\/09\\\/logo-sentinelleSLOGAN-1.png\",\"width\":615,\"height\":142,\"caption\":\"Quotidien La Sentinelle\"},\"image\":{\"@id\":\"https:\\\/\\\/lasentinelle.dz\\\/#\\\/schema\\\/logo\\\/image\\\/\"},\"sameAs\":[\"https:\\\/\\\/www.facebook.com\\\/La-Sentinelle-104059864394773\"]},{\"@type\":\"Person\",\"@id\":\"https:\\\/\\\/lasentinelle.dz\\\/#\\\/schema\\\/person\\\/e22c868643946ece5f328ac9d185b29f\",\"name\":\"Azzedine Belferag\",\"image\":{\"@type\":\"ImageObject\",\"inLanguage\":\"fr-FR\",\"@id\":\"https:\\\/\\\/secure.gravatar.com\\\/avatar\\\/767ecc3bfcf23cd6d0dae1705f124feb13a88fded1daa56498e4fb3aa3fc36a1?s=96&d=mm&r=g\",\"url\":\"https:\\\/\\\/secure.gravatar.com\\\/avatar\\\/767ecc3bfcf23cd6d0dae1705f124feb13a88fded1daa56498e4fb3aa3fc36a1?s=96&d=mm&r=g\",\"contentUrl\":\"https:\\\/\\\/secure.gravatar.com\\\/avatar\\\/767ecc3bfcf23cd6d0dae1705f124feb13a88fded1daa56498e4fb3aa3fc36a1?s=96&d=mm&r=g\",\"caption\":\"Azzedine Belferag\"},\"sameAs\":[\"http:\\\/\\\/www.lasentinelle.dz\"],\"url\":\"https:\\\/\\\/lasentinelle.dz\\\/author\\\/belferag\\\/\"}]}<\/script>\n<!-- \/ Yoast SEO plugin. -->","yoast_head_json":{"title":"Festival du Film Amazigh : Un certain regard sur l\u2019inclusion sociale - La Sentinelle","robots":{"index":"index","follow":"follow","max-snippet":"max-snippet:-1","max-image-preview":"max-image-preview:large","max-video-preview":"max-video-preview:-1"},"canonical":"https:\/\/lasentinelle.dz\/index.php\/2024\/10\/29\/festival-du-film-amazigh-un-certain-regard-sur-linclusion-sociale\/","og_locale":"fr_FR","og_type":"article","og_title":"Festival du Film Amazigh : Un certain regard sur l\u2019inclusion sociale - La Sentinelle","og_description":"Le Festival du Film Amazigh de Tizi-Ouzou a offert lundi une exp\u00e9rience cin\u00e9matographique touchante avec la projection de \u00ab\u00a0The Green","og_url":"https:\/\/lasentinelle.dz\/index.php\/2024\/10\/29\/festival-du-film-amazigh-un-certain-regard-sur-linclusion-sociale\/","og_site_name":"La Sentinelle","article_publisher":"https:\/\/www.facebook.com\/La-Sentinelle-104059864394773","article_published_time":"2024-10-29T21:20:47+00:00","og_image":[{"width":1200,"height":816,"url":"https:\/\/lasentinelle.dz\/wp-content\/uploads\/2024\/10\/affiche-3.jpg","type":"image\/jpeg"}],"author":"Azzedine Belferag","twitter_card":"summary_large_image","twitter_misc":{"\u00c9crit par":"Azzedine Belferag","Dur\u00e9e de lecture estim\u00e9e":"3 minutes"},"schema":{"@context":"https:\/\/schema.org","@graph":[{"@type":"Article","@id":"https:\/\/lasentinelle.dz\/index.php\/2024\/10\/29\/festival-du-film-amazigh-un-certain-regard-sur-linclusion-sociale\/#article","isPartOf":{"@id":"https:\/\/lasentinelle.dz\/index.php\/2024\/10\/29\/festival-du-film-amazigh-un-certain-regard-sur-linclusion-sociale\/"},"author":{"name":"Azzedine Belferag","@id":"https:\/\/lasentinelle.dz\/#\/schema\/person\/e22c868643946ece5f328ac9d185b29f"},"headline":"Festival du Film Amazigh : Un certain regard sur l\u2019inclusion sociale","datePublished":"2024-10-29T21:20:47+00:00","mainEntityOfPage":{"@id":"https:\/\/lasentinelle.dz\/index.php\/2024\/10\/29\/festival-du-film-amazigh-un-certain-regard-sur-linclusion-sociale\/"},"wordCount":549,"commentCount":0,"publisher":{"@id":"https:\/\/lasentinelle.dz\/#organization"},"image":{"@id":"https:\/\/lasentinelle.dz\/index.php\/2024\/10\/29\/festival-du-film-amazigh-un-certain-regard-sur-linclusion-sociale\/#primaryimage"},"thumbnailUrl":"https:\/\/lasentinelle.dz\/wp-content\/uploads\/2024\/10\/affiche-3.jpg","articleSection":["Culture"],"inLanguage":"fr-FR","potentialAction":[{"@type":"CommentAction","name":"Comment","target":["https:\/\/lasentinelle.dz\/index.php\/2024\/10\/29\/festival-du-film-amazigh-un-certain-regard-sur-linclusion-sociale\/#respond"]}]},{"@type":"WebPage","@id":"https:\/\/lasentinelle.dz\/index.php\/2024\/10\/29\/festival-du-film-amazigh-un-certain-regard-sur-linclusion-sociale\/","url":"https:\/\/lasentinelle.dz\/index.php\/2024\/10\/29\/festival-du-film-amazigh-un-certain-regard-sur-linclusion-sociale\/","name":"Festival du Film Amazigh : Un certain regard sur l\u2019inclusion sociale - La Sentinelle","isPartOf":{"@id":"https:\/\/lasentinelle.dz\/#website"},"primaryImageOfPage":{"@id":"https:\/\/lasentinelle.dz\/index.php\/2024\/10\/29\/festival-du-film-amazigh-un-certain-regard-sur-linclusion-sociale\/#primaryimage"},"image":{"@id":"https:\/\/lasentinelle.dz\/index.php\/2024\/10\/29\/festival-du-film-amazigh-un-certain-regard-sur-linclusion-sociale\/#primaryimage"},"thumbnailUrl":"https:\/\/lasentinelle.dz\/wp-content\/uploads\/2024\/10\/affiche-3.jpg","datePublished":"2024-10-29T21:20:47+00:00","breadcrumb":{"@id":"https:\/\/lasentinelle.dz\/index.php\/2024\/10\/29\/festival-du-film-amazigh-un-certain-regard-sur-linclusion-sociale\/#breadcrumb"},"inLanguage":"fr-FR","potentialAction":[{"@type":"ReadAction","target":["https:\/\/lasentinelle.dz\/index.php\/2024\/10\/29\/festival-du-film-amazigh-un-certain-regard-sur-linclusion-sociale\/"]}]},{"@type":"ImageObject","inLanguage":"fr-FR","@id":"https:\/\/lasentinelle.dz\/index.php\/2024\/10\/29\/festival-du-film-amazigh-un-certain-regard-sur-linclusion-sociale\/#primaryimage","url":"https:\/\/lasentinelle.dz\/wp-content\/uploads\/2024\/10\/affiche-3.jpg","contentUrl":"https:\/\/lasentinelle.dz\/wp-content\/uploads\/2024\/10\/affiche-3.jpg","width":1200,"height":816},{"@type":"BreadcrumbList","@id":"https:\/\/lasentinelle.dz\/index.php\/2024\/10\/29\/festival-du-film-amazigh-un-certain-regard-sur-linclusion-sociale\/#breadcrumb","itemListElement":[{"@type":"ListItem","position":1,"name":"Accueil","item":"https:\/\/lasentinelle.dz\/"},{"@type":"ListItem","position":2,"name":"Festival du Film Amazigh : Un certain regard sur l\u2019inclusion sociale"}]},{"@type":"WebSite","@id":"https:\/\/lasentinelle.dz\/#website","url":"https:\/\/lasentinelle.dz\/","name":"La Sentinelle","description":"Quotidien national d&#039;information","publisher":{"@id":"https:\/\/lasentinelle.dz\/#organization"},"potentialAction":[{"@type":"SearchAction","target":{"@type":"EntryPoint","urlTemplate":"https:\/\/lasentinelle.dz\/?s={search_term_string}"},"query-input":{"@type":"PropertyValueSpecification","valueRequired":true,"valueName":"search_term_string"}}],"inLanguage":"fr-FR"},{"@type":"Organization","@id":"https:\/\/lasentinelle.dz\/#organization","name":"Quotidien La Sentinelle","url":"https:\/\/lasentinelle.dz\/","logo":{"@type":"ImageObject","inLanguage":"fr-FR","@id":"https:\/\/lasentinelle.dz\/#\/schema\/logo\/image\/","url":"https:\/\/lasentinelle.dz\/wp-content\/uploads\/2021\/09\/logo-sentinelleSLOGAN-1.png","contentUrl":"https:\/\/lasentinelle.dz\/wp-content\/uploads\/2021\/09\/logo-sentinelleSLOGAN-1.png","width":615,"height":142,"caption":"Quotidien La Sentinelle"},"image":{"@id":"https:\/\/lasentinelle.dz\/#\/schema\/logo\/image\/"},"sameAs":["https:\/\/www.facebook.com\/La-Sentinelle-104059864394773"]},{"@type":"Person","@id":"https:\/\/lasentinelle.dz\/#\/schema\/person\/e22c868643946ece5f328ac9d185b29f","name":"Azzedine Belferag","image":{"@type":"ImageObject","inLanguage":"fr-FR","@id":"https:\/\/secure.gravatar.com\/avatar\/767ecc3bfcf23cd6d0dae1705f124feb13a88fded1daa56498e4fb3aa3fc36a1?s=96&d=mm&r=g","url":"https:\/\/secure.gravatar.com\/avatar\/767ecc3bfcf23cd6d0dae1705f124feb13a88fded1daa56498e4fb3aa3fc36a1?s=96&d=mm&r=g","contentUrl":"https:\/\/secure.gravatar.com\/avatar\/767ecc3bfcf23cd6d0dae1705f124feb13a88fded1daa56498e4fb3aa3fc36a1?s=96&d=mm&r=g","caption":"Azzedine Belferag"},"sameAs":["http:\/\/www.lasentinelle.dz"],"url":"https:\/\/lasentinelle.dz\/author\/belferag\/"}]}},"_links":{"self":[{"href":"https:\/\/lasentinelle.dz\/index.php\/wp-json\/wp\/v2\/posts\/58792","targetHints":{"allow":["GET"]}}],"collection":[{"href":"https:\/\/lasentinelle.dz\/index.php\/wp-json\/wp\/v2\/posts"}],"about":[{"href":"https:\/\/lasentinelle.dz\/index.php\/wp-json\/wp\/v2\/types\/post"}],"author":[{"embeddable":true,"href":"https:\/\/lasentinelle.dz\/index.php\/wp-json\/wp\/v2\/users\/2"}],"replies":[{"embeddable":true,"href":"https:\/\/lasentinelle.dz\/index.php\/wp-json\/wp\/v2\/comments?post=58792"}],"version-history":[{"count":1,"href":"https:\/\/lasentinelle.dz\/index.php\/wp-json\/wp\/v2\/posts\/58792\/revisions"}],"predecessor-version":[{"id":58794,"href":"https:\/\/lasentinelle.dz\/index.php\/wp-json\/wp\/v2\/posts\/58792\/revisions\/58794"}],"wp:featuredmedia":[{"embeddable":true,"href":"https:\/\/lasentinelle.dz\/index.php\/wp-json\/wp\/v2\/media\/58793"}],"wp:attachment":[{"href":"https:\/\/lasentinelle.dz\/index.php\/wp-json\/wp\/v2\/media?parent=58792"}],"wp:term":[{"taxonomy":"category","embeddable":true,"href":"https:\/\/lasentinelle.dz\/index.php\/wp-json\/wp\/v2\/categories?post=58792"},{"taxonomy":"post_tag","embeddable":true,"href":"https:\/\/lasentinelle.dz\/index.php\/wp-json\/wp\/v2\/tags?post=58792"}],"curies":[{"name":"wp","href":"https:\/\/api.w.org\/{rel}","templated":true}]}}