{"id":58842,"date":"2024-11-03T11:24:31","date_gmt":"2024-11-03T10:24:31","guid":{"rendered":"https:\/\/lasentinelle.dz\/?p=58842"},"modified":"2024-11-03T11:24:32","modified_gmt":"2024-11-03T10:24:32","slug":"ligue-1-francaise-aissa-mandi-le-taulier-qui-fait-lunanimite-a-lille","status":"publish","type":"post","link":"https:\/\/lasentinelle.dz\/index.php\/2024\/11\/03\/ligue-1-francaise-aissa-mandi-le-taulier-qui-fait-lunanimite-a-lille\/","title":{"rendered":"Ligue 1 fran\u00e7aise\u00a0: A\u00efssa Mandi, le taulier qui fait l&rsquo;unanimit\u00e9 \u00e0 Lille"},"content":{"rendered":"\n<p>Avec 8 apparitions depuis le d\u00e9but de la saison, toutes comp\u00e9titions confondues, Mandi d\u00e9montre qu&rsquo;il reste un joueur de tr\u00e8s haut niveau.<\/p>\n\n\n\n<p>Dans le football moderne o\u00f9 les ego surdimensionn\u00e9s font souvent la une des journaux, il existe encore des joueurs qui incarnent des valeurs plus traditionnelles, m\u00ealant excellence sportive et humilit\u00e9. A\u00efssa Mandi en est le parfait exemple, comme en t\u00e9moignent les \u00e9loges appuy\u00e9s de son entra\u00eeneur Bruno Genesio au LOSC. Le technicien lillois, r\u00e9put\u00e9 pour sa franchise, n&rsquo;a pas cach\u00e9 son admiration pour l&rsquo;international alg\u00e9rien lors de sa derni\u00e8re conf\u00e9rence de presse, dressant le portrait d&rsquo;un professionnel exemplaire qui a su rapidement s&rsquo;imposer comme une figure respect\u00e9e du vestiaire nordiste. \u00a0\u00bb A\u00efssa s&rsquo;est tr\u00e8s vite int\u00e9gr\u00e9 au groupe. C&rsquo;est un gar\u00e7on qui conna\u00eet tr\u00e8s bien le championnat fran\u00e7ais et qui est arriv\u00e9 ici en se fondant compl\u00e8tement dans le collectif. Il a d\u00e9j\u00e0 une influence tr\u00e8s importante sur le groupe parce que c\u2019est un gar\u00e7on qui a de l\u2019exp\u00e9rience\u00a0\u00bb, a-t-il d\u00e9clar\u00e9 lors d&rsquo;une conf\u00e9rence de presse tenue jeudi. \u00c0 33 ans, le retour de Mandi en Ligue 1 ressemble \u00e0 un choix m\u00fbrement r\u00e9fl\u00e9chi. Apr\u00e8s avoir brill\u00e9 pendant huit ans en Liga espagnole, d&rsquo;abord sous les couleurs du B\u00e9tis S\u00e9ville puis avec Villarreal, le d\u00e9fenseur polyvalent a choisi de mettre son exp\u00e9rience au service du projet lillois. Un pari qui s&rsquo;av\u00e8re d\u00e9j\u00e0 gagnant, tant sur le plan sportif qu\u2019humain. Sa capacit\u00e9 \u00e0 s&rsquo;int\u00e9grer instantan\u00e9ment dans le collectif lillois n&rsquo;a d&rsquo;\u00e9gale que son influence grandissante sur ses co\u00e9quipiers, particuli\u00e8rement les plus jeunes qui trouvent en lui un mentor naturel.<\/p>\n\n\n\n<p>Ce que souligne particuli\u00e8rement Genesio, c&rsquo;est cette rare combinaison entre leadership sur le terrain et humilit\u00e9 dans l&rsquo;attitude quotidienne. Il parle \u00e9norm\u00e9ment sur le terrain, guide notamment les plus jeunes, et est tr\u00e8s respect\u00e9 par tout le monde. A chaque fois que j\u2019ai fait appel \u00e0 lui, il a r\u00e9pondu pr\u00e9sent. C\u2019est un gar\u00e7on qui travaille bien. Il reste concern\u00e9 et conserve la m\u00eame attitude \u00e0 l\u2019entra\u00eenement m\u00eame s\u2019il ne joue pas, ou moins. Il fait partie des joueurs qui, peu importe leur situation personnelle, m\u00eame si c\u2019est difficile \u00e0 vivre lorsqu\u2019il ne joue pas ou ne rentre pas en jeu, n\u2019ont pas d\u2019\u00e9tat d\u2019\u00e2me. Il a toujours r\u00e9pondu pr\u00e9sent\u00a0\u00bb, a-t-il ajout\u00e9.M\u00eame lorsqu&rsquo;il ne figure pas dans le onze de d\u00e9part, Mandi conserve le m\u00eame professionnalisme, la m\u00eame implication \u00e0 l&rsquo;entra\u00eenement, d\u00e9montrant une force de caract\u00e8re qui force le respect. \u00ab\u00a0Il n&rsquo;a pas d&rsquo;\u00e9tat d&rsquo;\u00e2me\u00a0\u00bb, r\u00e9sume son entra\u00eeneur, une qualit\u00e9 pr\u00e9cieuse dans un vestiaire de haut niveau o\u00f9 la gestion des ego peut parfois s&rsquo;av\u00e9rer d\u00e9licate.<\/p>\n\n\n\n<p>Les performances de l&rsquo;ancien R\u00e9mois ne se limitent pas \u00e0 son influence dans le vestiaire. Avec 8 apparitions depuis le d\u00e9but de la saison, toutes comp\u00e9titions confondues, Mandi d\u00e9montre qu&rsquo;il reste un joueur de tr\u00e8s haut niveau. Son exploit r\u00e9cent en Ligue des Champions face \u00e0 l&rsquo;Atl\u00e9tico Madrid en est la preuve \u00e9clatante. Titulaire lors de la victoire retentissante des Dogues sur la pelouse des Colchoneros (3-1), il a livr\u00e9 une prestation magistrale qui lui a valu une place dans l&rsquo;\u00e9quipe type de la 3e journ\u00e9e \u00e9tablie par L&rsquo;\u00c9quipe, avec une note prestigieuse de 8\/10, la deuxi\u00e8me meilleure de cette soir\u00e9e europ\u00e9enne.<\/p>\n\n\n\n<p>Cette performance exceptionnelle en terre madril\u00e8ne n&rsquo;est que la confirmation de ce que Bruno Genesio observe au quotidien : un joueur d&rsquo;exp\u00e9rience qui allie excellence technique et leadership naturel, un v\u00e9ritable cadre qui contribue activement \u00e0 la progression collective du LOSC. Pour le club nordiste, qui alterne entre championnat et comp\u00e9titions europ\u00e9ennes, disposer d&rsquo;un tel \u00e9l\u00e9ment dans son effectif est un atout majeur.<\/p>\n\n\n\n<p>Deuxi\u00e8me capitaine des Verts, Mandi apporte \u00e0 Lille cette exp\u00e9rience internationale pr\u00e9cieuse, fruit de ses ann\u00e9es en Liga et de ses nombreuses campagnes avec les Fennecs. Son adaptation r\u00e9ussie et son influence positive sur le groupe d\u00e9montrent que le LOSC a r\u00e9alis\u00e9 un coup de ma\u00eetre en s&rsquo;attachant ses services pour deux saisons. Une recrue qui prouve que dans le football moderne, les qualit\u00e9s humaines restent un facteur d\u00e9terminant de r\u00e9ussite.<\/p>\n\n\n\n<p><strong>Moncef Dahleb<\/strong><\/p>\n\n\n\n<p><strong>Transferts: L&rsquo;Alg\u00e9rien Adam Ounas signe \u00e0 Al Sadd<\/strong><\/p>\n\n\n\n<p>L&rsquo;attaquant international alg\u00e9rien Adam Ouans, libre de tout engagement depuis la fin de son contrat avec Lille OSC, s&rsquo;est engag\u00e9 avec Al Sadd jusqu&rsquo;\u00e0 la fin de la saison en cours, a annonc\u00e9 samedi, le club qatari de premi\u00e8re division sur ses r\u00e9seaux sociaux. L&rsquo;ailier droit alg\u00e9rien de 27 ans, rejoint ainsi son compatriote Youcef Attal, qui avait sign\u00e9 en septembre dernier, en faveur d&rsquo;Al Sadd pour deux saisons en provenance du club Turque l&rsquo;Adana Demirspor. Ounas, qui compte 28 s\u00e9lections avec les Verts, a d\u00e9j\u00e0 port\u00e9 les couleurs de plusieurs clubs europ\u00e9ens entre autres, les Girondins de Bordeaux et l&rsquo;OGC Nice en France, Naples, Crotone et Cagliari en Italie.APS<\/p>\n","protected":false},"excerpt":{"rendered":"<p>Avec 8 apparitions depuis le d\u00e9but de la saison, toutes comp\u00e9titions confondues, Mandi d\u00e9montre qu&rsquo;il reste un joueur de tr\u00e8s<\/p>\n","protected":false},"author":6,"featured_media":58843,"comment_status":"open","ping_status":"closed","sticky":false,"template":"","format":"standard","meta":{"colormag_page_container_layout":"default_layout","colormag_page_sidebar_layout":"default_layout","om_disable_all_campaigns":false,"_monsterinsights_skip_tracking":false,"_monsterinsights_sitenote_active":false,"_monsterinsights_sitenote_note":"","_monsterinsights_sitenote_category":0,"footnotes":"","_wpscppro_dont_share_socialmedia":false,"_wpscppro_custom_social_share_image":0,"_facebook_share_type":"default","_twitter_share_type":"default","_linkedin_share_type":"default","_pinterest_share_type":"default","_linkedin_share_type_page":"","_instagram_share_type":"default","_medium_share_type":"default","_threads_share_type":"","_google_business_share_type":"","_selected_social_profile":[],"_wpsp_enable_custom_social_template":false,"_wpsp_social_scheduling":{"enabled":false,"datetime":null,"platforms":[],"status":"template_only","dateOption":"today","timeOption":"now","customDays":"","customHours":"","customDate":"","customTime":"","schedulingType":"absolute"},"_wpsp_active_default_template":true},"categories":[33],"tags":[],"class_list":["post-58842","post","type-post","status-publish","format-standard","has-post-thumbnail","hentry","category-sports"],"aioseo_notices":[],"yoast_head":"<!-- This site is optimized with the Yoast SEO plugin v27.5 - https:\/\/yoast.com\/product\/yoast-seo-wordpress\/ -->\n<title>Ligue 1 fran\u00e7aise\u00a0: A\u00efssa Mandi, le taulier qui fait l&rsquo;unanimit\u00e9 \u00e0 Lille - La Sentinelle<\/title>\n<meta name=\"robots\" content=\"index, follow, max-snippet:-1, max-image-preview:large, max-video-preview:-1\" \/>\n<link rel=\"canonical\" href=\"https:\/\/lasentinelle.dz\/index.php\/2024\/11\/03\/ligue-1-francaise-aissa-mandi-le-taulier-qui-fait-lunanimite-a-lille\/\" \/>\n<meta property=\"og:locale\" content=\"fr_FR\" \/>\n<meta property=\"og:type\" content=\"article\" \/>\n<meta property=\"og:title\" content=\"Ligue 1 fran\u00e7aise\u00a0: A\u00efssa Mandi, le taulier qui fait l&rsquo;unanimit\u00e9 \u00e0 Lille - La Sentinelle\" \/>\n<meta property=\"og:description\" content=\"Avec 8 apparitions depuis le d\u00e9but de la saison, toutes comp\u00e9titions confondues, Mandi d\u00e9montre qu&rsquo;il reste un joueur de tr\u00e8s\" \/>\n<meta property=\"og:url\" content=\"https:\/\/lasentinelle.dz\/index.php\/2024\/11\/03\/ligue-1-francaise-aissa-mandi-le-taulier-qui-fait-lunanimite-a-lille\/\" \/>\n<meta property=\"og:site_name\" content=\"La Sentinelle\" \/>\n<meta property=\"article:publisher\" content=\"https:\/\/www.facebook.com\/La-Sentinelle-104059864394773\" \/>\n<meta property=\"article:published_time\" content=\"2024-11-03T10:24:31+00:00\" \/>\n<meta property=\"article:modified_time\" content=\"2024-11-03T10:24:32+00:00\" \/>\n<meta property=\"og:image\" content=\"https:\/\/lasentinelle.dz\/wp-content\/uploads\/2024\/11\/mandi.jpg\" \/>\n\t<meta property=\"og:image:width\" content=\"620\" \/>\n\t<meta property=\"og:image:height\" content=\"413\" \/>\n\t<meta property=\"og:image:type\" content=\"image\/jpeg\" \/>\n<meta name=\"author\" content=\"admin\" \/>\n<meta name=\"twitter:card\" content=\"summary_large_image\" \/>\n<meta name=\"twitter:label1\" content=\"\u00c9crit par\" \/>\n\t<meta name=\"twitter:data1\" content=\"admin\" \/>\n\t<meta name=\"twitter:label2\" content=\"Dur\u00e9e de lecture estim\u00e9e\" \/>\n\t<meta name=\"twitter:data2\" content=\"5 minutes\" \/>\n<script type=\"application\/ld+json\" class=\"yoast-schema-graph\">{\"@context\":\"https:\\\/\\\/schema.org\",\"@graph\":[{\"@type\":\"Article\",\"@id\":\"https:\\\/\\\/lasentinelle.dz\\\/index.php\\\/2024\\\/11\\\/03\\\/ligue-1-francaise-aissa-mandi-le-taulier-qui-fait-lunanimite-a-lille\\\/#article\",\"isPartOf\":{\"@id\":\"https:\\\/\\\/lasentinelle.dz\\\/index.php\\\/2024\\\/11\\\/03\\\/ligue-1-francaise-aissa-mandi-le-taulier-qui-fait-lunanimite-a-lille\\\/\"},\"author\":{\"name\":\"admin\",\"@id\":\"https:\\\/\\\/lasentinelle.dz\\\/#\\\/schema\\\/person\\\/729ee0024f24e0b8c5ec17232f8e8b41\"},\"headline\":\"Ligue 1 fran\u00e7aise\u00a0: A\u00efssa Mandi, le taulier qui fait l&rsquo;unanimit\u00e9 \u00e0 Lille\",\"datePublished\":\"2024-11-03T10:24:31+00:00\",\"dateModified\":\"2024-11-03T10:24:32+00:00\",\"mainEntityOfPage\":{\"@id\":\"https:\\\/\\\/lasentinelle.dz\\\/index.php\\\/2024\\\/11\\\/03\\\/ligue-1-francaise-aissa-mandi-le-taulier-qui-fait-lunanimite-a-lille\\\/\"},\"wordCount\":929,\"commentCount\":0,\"publisher\":{\"@id\":\"https:\\\/\\\/lasentinelle.dz\\\/#organization\"},\"image\":{\"@id\":\"https:\\\/\\\/lasentinelle.dz\\\/index.php\\\/2024\\\/11\\\/03\\\/ligue-1-francaise-aissa-mandi-le-taulier-qui-fait-lunanimite-a-lille\\\/#primaryimage\"},\"thumbnailUrl\":\"https:\\\/\\\/lasentinelle.dz\\\/wp-content\\\/uploads\\\/2024\\\/11\\\/mandi.jpg\",\"articleSection\":[\"Sports\"],\"inLanguage\":\"fr-FR\",\"potentialAction\":[{\"@type\":\"CommentAction\",\"name\":\"Comment\",\"target\":[\"https:\\\/\\\/lasentinelle.dz\\\/index.php\\\/2024\\\/11\\\/03\\\/ligue-1-francaise-aissa-mandi-le-taulier-qui-fait-lunanimite-a-lille\\\/#respond\"]}]},{\"@type\":\"WebPage\",\"@id\":\"https:\\\/\\\/lasentinelle.dz\\\/index.php\\\/2024\\\/11\\\/03\\\/ligue-1-francaise-aissa-mandi-le-taulier-qui-fait-lunanimite-a-lille\\\/\",\"url\":\"https:\\\/\\\/lasentinelle.dz\\\/index.php\\\/2024\\\/11\\\/03\\\/ligue-1-francaise-aissa-mandi-le-taulier-qui-fait-lunanimite-a-lille\\\/\",\"name\":\"Ligue 1 fran\u00e7aise\u00a0: A\u00efssa Mandi, le taulier qui fait l&rsquo;unanimit\u00e9 \u00e0 Lille - La Sentinelle\",\"isPartOf\":{\"@id\":\"https:\\\/\\\/lasentinelle.dz\\\/#website\"},\"primaryImageOfPage\":{\"@id\":\"https:\\\/\\\/lasentinelle.dz\\\/index.php\\\/2024\\\/11\\\/03\\\/ligue-1-francaise-aissa-mandi-le-taulier-qui-fait-lunanimite-a-lille\\\/#primaryimage\"},\"image\":{\"@id\":\"https:\\\/\\\/lasentinelle.dz\\\/index.php\\\/2024\\\/11\\\/03\\\/ligue-1-francaise-aissa-mandi-le-taulier-qui-fait-lunanimite-a-lille\\\/#primaryimage\"},\"thumbnailUrl\":\"https:\\\/\\\/lasentinelle.dz\\\/wp-content\\\/uploads\\\/2024\\\/11\\\/mandi.jpg\",\"datePublished\":\"2024-11-03T10:24:31+00:00\",\"dateModified\":\"2024-11-03T10:24:32+00:00\",\"breadcrumb\":{\"@id\":\"https:\\\/\\\/lasentinelle.dz\\\/index.php\\\/2024\\\/11\\\/03\\\/ligue-1-francaise-aissa-mandi-le-taulier-qui-fait-lunanimite-a-lille\\\/#breadcrumb\"},\"inLanguage\":\"fr-FR\",\"potentialAction\":[{\"@type\":\"ReadAction\",\"target\":[\"https:\\\/\\\/lasentinelle.dz\\\/index.php\\\/2024\\\/11\\\/03\\\/ligue-1-francaise-aissa-mandi-le-taulier-qui-fait-lunanimite-a-lille\\\/\"]}]},{\"@type\":\"ImageObject\",\"inLanguage\":\"fr-FR\",\"@id\":\"https:\\\/\\\/lasentinelle.dz\\\/index.php\\\/2024\\\/11\\\/03\\\/ligue-1-francaise-aissa-mandi-le-taulier-qui-fait-lunanimite-a-lille\\\/#primaryimage\",\"url\":\"https:\\\/\\\/lasentinelle.dz\\\/wp-content\\\/uploads\\\/2024\\\/11\\\/mandi.jpg\",\"contentUrl\":\"https:\\\/\\\/lasentinelle.dz\\\/wp-content\\\/uploads\\\/2024\\\/11\\\/mandi.jpg\",\"width\":620,\"height\":413},{\"@type\":\"BreadcrumbList\",\"@id\":\"https:\\\/\\\/lasentinelle.dz\\\/index.php\\\/2024\\\/11\\\/03\\\/ligue-1-francaise-aissa-mandi-le-taulier-qui-fait-lunanimite-a-lille\\\/#breadcrumb\",\"itemListElement\":[{\"@type\":\"ListItem\",\"position\":1,\"name\":\"Accueil\",\"item\":\"https:\\\/\\\/lasentinelle.dz\\\/\"},{\"@type\":\"ListItem\",\"position\":2,\"name\":\"Ligue 1 fran\u00e7aise\u00a0: A\u00efssa Mandi, le taulier qui fait l&rsquo;unanimit\u00e9 \u00e0 Lille\"}]},{\"@type\":\"WebSite\",\"@id\":\"https:\\\/\\\/lasentinelle.dz\\\/#website\",\"url\":\"https:\\\/\\\/lasentinelle.dz\\\/\",\"name\":\"La Sentinelle\",\"description\":\"Quotidien national d&#039;information\",\"publisher\":{\"@id\":\"https:\\\/\\\/lasentinelle.dz\\\/#organization\"},\"potentialAction\":[{\"@type\":\"SearchAction\",\"target\":{\"@type\":\"EntryPoint\",\"urlTemplate\":\"https:\\\/\\\/lasentinelle.dz\\\/?s={search_term_string}\"},\"query-input\":{\"@type\":\"PropertyValueSpecification\",\"valueRequired\":true,\"valueName\":\"search_term_string\"}}],\"inLanguage\":\"fr-FR\"},{\"@type\":\"Organization\",\"@id\":\"https:\\\/\\\/lasentinelle.dz\\\/#organization\",\"name\":\"Quotidien La Sentinelle\",\"url\":\"https:\\\/\\\/lasentinelle.dz\\\/\",\"logo\":{\"@type\":\"ImageObject\",\"inLanguage\":\"fr-FR\",\"@id\":\"https:\\\/\\\/lasentinelle.dz\\\/#\\\/schema\\\/logo\\\/image\\\/\",\"url\":\"https:\\\/\\\/lasentinelle.dz\\\/wp-content\\\/uploads\\\/2021\\\/09\\\/logo-sentinelleSLOGAN-1.png\",\"contentUrl\":\"https:\\\/\\\/lasentinelle.dz\\\/wp-content\\\/uploads\\\/2021\\\/09\\\/logo-sentinelleSLOGAN-1.png\",\"width\":615,\"height\":142,\"caption\":\"Quotidien La Sentinelle\"},\"image\":{\"@id\":\"https:\\\/\\\/lasentinelle.dz\\\/#\\\/schema\\\/logo\\\/image\\\/\"},\"sameAs\":[\"https:\\\/\\\/www.facebook.com\\\/La-Sentinelle-104059864394773\"]},{\"@type\":\"Person\",\"@id\":\"https:\\\/\\\/lasentinelle.dz\\\/#\\\/schema\\\/person\\\/729ee0024f24e0b8c5ec17232f8e8b41\",\"name\":\"admin\",\"image\":{\"@type\":\"ImageObject\",\"inLanguage\":\"fr-FR\",\"@id\":\"https:\\\/\\\/secure.gravatar.com\\\/avatar\\\/4c81fed838786e9b53f540bf46533e750f5d292099ae3b66cfc6fb1982e29df7?s=96&d=mm&r=g\",\"url\":\"https:\\\/\\\/secure.gravatar.com\\\/avatar\\\/4c81fed838786e9b53f540bf46533e750f5d292099ae3b66cfc6fb1982e29df7?s=96&d=mm&r=g\",\"contentUrl\":\"https:\\\/\\\/secure.gravatar.com\\\/avatar\\\/4c81fed838786e9b53f540bf46533e750f5d292099ae3b66cfc6fb1982e29df7?s=96&d=mm&r=g\",\"caption\":\"admin\"},\"description\":\"admin\",\"url\":\"https:\\\/\\\/lasentinelle.dz\\\/author\\\/admin\\\/\"}]}<\/script>\n<!-- \/ Yoast SEO plugin. -->","yoast_head_json":{"title":"Ligue 1 fran\u00e7aise\u00a0: A\u00efssa Mandi, le taulier qui fait l&rsquo;unanimit\u00e9 \u00e0 Lille - La Sentinelle","robots":{"index":"index","follow":"follow","max-snippet":"max-snippet:-1","max-image-preview":"max-image-preview:large","max-video-preview":"max-video-preview:-1"},"canonical":"https:\/\/lasentinelle.dz\/index.php\/2024\/11\/03\/ligue-1-francaise-aissa-mandi-le-taulier-qui-fait-lunanimite-a-lille\/","og_locale":"fr_FR","og_type":"article","og_title":"Ligue 1 fran\u00e7aise\u00a0: A\u00efssa Mandi, le taulier qui fait l&rsquo;unanimit\u00e9 \u00e0 Lille - La Sentinelle","og_description":"Avec 8 apparitions depuis le d\u00e9but de la saison, toutes comp\u00e9titions confondues, Mandi d\u00e9montre qu&rsquo;il reste un joueur de tr\u00e8s","og_url":"https:\/\/lasentinelle.dz\/index.php\/2024\/11\/03\/ligue-1-francaise-aissa-mandi-le-taulier-qui-fait-lunanimite-a-lille\/","og_site_name":"La Sentinelle","article_publisher":"https:\/\/www.facebook.com\/La-Sentinelle-104059864394773","article_published_time":"2024-11-03T10:24:31+00:00","article_modified_time":"2024-11-03T10:24:32+00:00","og_image":[{"width":620,"height":413,"url":"https:\/\/lasentinelle.dz\/wp-content\/uploads\/2024\/11\/mandi.jpg","type":"image\/jpeg"}],"author":"admin","twitter_card":"summary_large_image","twitter_misc":{"\u00c9crit par":"admin","Dur\u00e9e de lecture estim\u00e9e":"5 minutes"},"schema":{"@context":"https:\/\/schema.org","@graph":[{"@type":"Article","@id":"https:\/\/lasentinelle.dz\/index.php\/2024\/11\/03\/ligue-1-francaise-aissa-mandi-le-taulier-qui-fait-lunanimite-a-lille\/#article","isPartOf":{"@id":"https:\/\/lasentinelle.dz\/index.php\/2024\/11\/03\/ligue-1-francaise-aissa-mandi-le-taulier-qui-fait-lunanimite-a-lille\/"},"author":{"name":"admin","@id":"https:\/\/lasentinelle.dz\/#\/schema\/person\/729ee0024f24e0b8c5ec17232f8e8b41"},"headline":"Ligue 1 fran\u00e7aise\u00a0: A\u00efssa Mandi, le taulier qui fait l&rsquo;unanimit\u00e9 \u00e0 Lille","datePublished":"2024-11-03T10:24:31+00:00","dateModified":"2024-11-03T10:24:32+00:00","mainEntityOfPage":{"@id":"https:\/\/lasentinelle.dz\/index.php\/2024\/11\/03\/ligue-1-francaise-aissa-mandi-le-taulier-qui-fait-lunanimite-a-lille\/"},"wordCount":929,"commentCount":0,"publisher":{"@id":"https:\/\/lasentinelle.dz\/#organization"},"image":{"@id":"https:\/\/lasentinelle.dz\/index.php\/2024\/11\/03\/ligue-1-francaise-aissa-mandi-le-taulier-qui-fait-lunanimite-a-lille\/#primaryimage"},"thumbnailUrl":"https:\/\/lasentinelle.dz\/wp-content\/uploads\/2024\/11\/mandi.jpg","articleSection":["Sports"],"inLanguage":"fr-FR","potentialAction":[{"@type":"CommentAction","name":"Comment","target":["https:\/\/lasentinelle.dz\/index.php\/2024\/11\/03\/ligue-1-francaise-aissa-mandi-le-taulier-qui-fait-lunanimite-a-lille\/#respond"]}]},{"@type":"WebPage","@id":"https:\/\/lasentinelle.dz\/index.php\/2024\/11\/03\/ligue-1-francaise-aissa-mandi-le-taulier-qui-fait-lunanimite-a-lille\/","url":"https:\/\/lasentinelle.dz\/index.php\/2024\/11\/03\/ligue-1-francaise-aissa-mandi-le-taulier-qui-fait-lunanimite-a-lille\/","name":"Ligue 1 fran\u00e7aise\u00a0: A\u00efssa Mandi, le taulier qui fait l&rsquo;unanimit\u00e9 \u00e0 Lille - La Sentinelle","isPartOf":{"@id":"https:\/\/lasentinelle.dz\/#website"},"primaryImageOfPage":{"@id":"https:\/\/lasentinelle.dz\/index.php\/2024\/11\/03\/ligue-1-francaise-aissa-mandi-le-taulier-qui-fait-lunanimite-a-lille\/#primaryimage"},"image":{"@id":"https:\/\/lasentinelle.dz\/index.php\/2024\/11\/03\/ligue-1-francaise-aissa-mandi-le-taulier-qui-fait-lunanimite-a-lille\/#primaryimage"},"thumbnailUrl":"https:\/\/lasentinelle.dz\/wp-content\/uploads\/2024\/11\/mandi.jpg","datePublished":"2024-11-03T10:24:31+00:00","dateModified":"2024-11-03T10:24:32+00:00","breadcrumb":{"@id":"https:\/\/lasentinelle.dz\/index.php\/2024\/11\/03\/ligue-1-francaise-aissa-mandi-le-taulier-qui-fait-lunanimite-a-lille\/#breadcrumb"},"inLanguage":"fr-FR","potentialAction":[{"@type":"ReadAction","target":["https:\/\/lasentinelle.dz\/index.php\/2024\/11\/03\/ligue-1-francaise-aissa-mandi-le-taulier-qui-fait-lunanimite-a-lille\/"]}]},{"@type":"ImageObject","inLanguage":"fr-FR","@id":"https:\/\/lasentinelle.dz\/index.php\/2024\/11\/03\/ligue-1-francaise-aissa-mandi-le-taulier-qui-fait-lunanimite-a-lille\/#primaryimage","url":"https:\/\/lasentinelle.dz\/wp-content\/uploads\/2024\/11\/mandi.jpg","contentUrl":"https:\/\/lasentinelle.dz\/wp-content\/uploads\/2024\/11\/mandi.jpg","width":620,"height":413},{"@type":"BreadcrumbList","@id":"https:\/\/lasentinelle.dz\/index.php\/2024\/11\/03\/ligue-1-francaise-aissa-mandi-le-taulier-qui-fait-lunanimite-a-lille\/#breadcrumb","itemListElement":[{"@type":"ListItem","position":1,"name":"Accueil","item":"https:\/\/lasentinelle.dz\/"},{"@type":"ListItem","position":2,"name":"Ligue 1 fran\u00e7aise\u00a0: A\u00efssa Mandi, le taulier qui fait l&rsquo;unanimit\u00e9 \u00e0 Lille"}]},{"@type":"WebSite","@id":"https:\/\/lasentinelle.dz\/#website","url":"https:\/\/lasentinelle.dz\/","name":"La Sentinelle","description":"Quotidien national d&#039;information","publisher":{"@id":"https:\/\/lasentinelle.dz\/#organization"},"potentialAction":[{"@type":"SearchAction","target":{"@type":"EntryPoint","urlTemplate":"https:\/\/lasentinelle.dz\/?s={search_term_string}"},"query-input":{"@type":"PropertyValueSpecification","valueRequired":true,"valueName":"search_term_string"}}],"inLanguage":"fr-FR"},{"@type":"Organization","@id":"https:\/\/lasentinelle.dz\/#organization","name":"Quotidien La Sentinelle","url":"https:\/\/lasentinelle.dz\/","logo":{"@type":"ImageObject","inLanguage":"fr-FR","@id":"https:\/\/lasentinelle.dz\/#\/schema\/logo\/image\/","url":"https:\/\/lasentinelle.dz\/wp-content\/uploads\/2021\/09\/logo-sentinelleSLOGAN-1.png","contentUrl":"https:\/\/lasentinelle.dz\/wp-content\/uploads\/2021\/09\/logo-sentinelleSLOGAN-1.png","width":615,"height":142,"caption":"Quotidien La Sentinelle"},"image":{"@id":"https:\/\/lasentinelle.dz\/#\/schema\/logo\/image\/"},"sameAs":["https:\/\/www.facebook.com\/La-Sentinelle-104059864394773"]},{"@type":"Person","@id":"https:\/\/lasentinelle.dz\/#\/schema\/person\/729ee0024f24e0b8c5ec17232f8e8b41","name":"admin","image":{"@type":"ImageObject","inLanguage":"fr-FR","@id":"https:\/\/secure.gravatar.com\/avatar\/4c81fed838786e9b53f540bf46533e750f5d292099ae3b66cfc6fb1982e29df7?s=96&d=mm&r=g","url":"https:\/\/secure.gravatar.com\/avatar\/4c81fed838786e9b53f540bf46533e750f5d292099ae3b66cfc6fb1982e29df7?s=96&d=mm&r=g","contentUrl":"https:\/\/secure.gravatar.com\/avatar\/4c81fed838786e9b53f540bf46533e750f5d292099ae3b66cfc6fb1982e29df7?s=96&d=mm&r=g","caption":"admin"},"description":"admin","url":"https:\/\/lasentinelle.dz\/author\/admin\/"}]}},"_links":{"self":[{"href":"https:\/\/lasentinelle.dz\/index.php\/wp-json\/wp\/v2\/posts\/58842","targetHints":{"allow":["GET"]}}],"collection":[{"href":"https:\/\/lasentinelle.dz\/index.php\/wp-json\/wp\/v2\/posts"}],"about":[{"href":"https:\/\/lasentinelle.dz\/index.php\/wp-json\/wp\/v2\/types\/post"}],"author":[{"embeddable":true,"href":"https:\/\/lasentinelle.dz\/index.php\/wp-json\/wp\/v2\/users\/6"}],"replies":[{"embeddable":true,"href":"https:\/\/lasentinelle.dz\/index.php\/wp-json\/wp\/v2\/comments?post=58842"}],"version-history":[{"count":2,"href":"https:\/\/lasentinelle.dz\/index.php\/wp-json\/wp\/v2\/posts\/58842\/revisions"}],"predecessor-version":[{"id":58845,"href":"https:\/\/lasentinelle.dz\/index.php\/wp-json\/wp\/v2\/posts\/58842\/revisions\/58845"}],"wp:featuredmedia":[{"embeddable":true,"href":"https:\/\/lasentinelle.dz\/index.php\/wp-json\/wp\/v2\/media\/58843"}],"wp:attachment":[{"href":"https:\/\/lasentinelle.dz\/index.php\/wp-json\/wp\/v2\/media?parent=58842"}],"wp:term":[{"taxonomy":"category","embeddable":true,"href":"https:\/\/lasentinelle.dz\/index.php\/wp-json\/wp\/v2\/categories?post=58842"},{"taxonomy":"post_tag","embeddable":true,"href":"https:\/\/lasentinelle.dz\/index.php\/wp-json\/wp\/v2\/tags?post=58842"}],"curies":[{"name":"wp","href":"https:\/\/api.w.org\/{rel}","templated":true}]}}