{"id":58859,"date":"2024-11-03T11:31:58","date_gmt":"2024-11-03T10:31:58","guid":{"rendered":"https:\/\/lasentinelle.dz\/?p=58859"},"modified":"2024-11-03T11:31:58","modified_gmt":"2024-11-03T10:31:58","slug":"exploitation-de-la-mine-de-zinc-de-tala-hamza-oued-amizour-le-projet-avance-au-pas-de-charge","status":"publish","type":"post","link":"https:\/\/lasentinelle.dz\/index.php\/2024\/11\/03\/exploitation-de-la-mine-de-zinc-de-tala-hamza-oued-amizour-le-projet-avance-au-pas-de-charge\/","title":{"rendered":"Exploitation de la mine de zinc de Tala Hamza-Oued Amizour\u00a0: Le projet avance au pas de charge"},"content":{"rendered":"\n<p>L&rsquo;Alg\u00e9rie acc\u00e9l\u00e8re le d\u00e9veloppement de ses richesses mini\u00e8res avec l&rsquo;avancement significatif du projet de la mine de zinc et de plomb de Tala Hamza-Oued Amizour, dont la mise en exploitation est d\u00e9sormais fermement programm\u00e9e pour juillet 2026. Dans ce sens, le ministre de l&rsquo;\u00c9nergie et des Mines, Mohamed Arkab, a re\u00e7u hier des responsables des soci\u00e9t\u00e9s australienne Terramin et chinoise Sinosteel, partenaires cl\u00e9s de ce projet structurant.<\/p>\n\n\n\n<p>La signature du contrat de r\u00e9alisation entre la joint-venture alg\u00e9ro-australienne WMZ et Sinosteel marque une acc\u00e9l\u00e9ration notable du projet. Les travaux ont d&rsquo;ailleurs d\u00e9j\u00e0 d\u00e9but\u00e9 sur le site, comme en t\u00e9moigne le lancement des premiers ouvrages jeudi dernier \u00e0 B\u00e9ja\u00efa, en pr\u00e9sence des autorit\u00e9s locales. Le ministre Arkab a particuli\u00e8rement soulign\u00e9 \u00ab\u00a0l&rsquo;importance \u00e9conomique de ce projet en insistant sur le respect des d\u00e9lais de r\u00e9alisation et l&rsquo;acc\u00e9l\u00e9ration de sa mise en service, pr\u00e9vue pour juillet 2026\u00a0\u00bb, tout en rappelant l&rsquo;imp\u00e9ratif du \u00ab\u00a0respect des conclusions de l&rsquo;\u00e9tude de faisabilit\u00e9, notamment sur les aspects techniques et environnementaux, en particulier en mati\u00e8re de s\u00e9curit\u00e9\u00a0\u00bb. Ce projet s&rsquo;inscrit dans une vision plus large de diversification \u00e9conomique port\u00e9e par le pr\u00e9sident de la R\u00e9publique Abdelmadjid Tebboune, qui fait du d\u00e9veloppement du secteur minier l&rsquo;un des piliers de la transformation \u00e9conomique du pays. Comme l&rsquo;a soulign\u00e9 le ministre, le projet \u00ab\u00a0s&rsquo;inscrit dans le cadre du d\u00e9veloppement du secteur des mines et de la relance des activit\u00e9s mini\u00e8res\u00a0\u00bb et \u00ab\u00a0devrait g\u00e9n\u00e9rer de nombreux b\u00e9n\u00e9fices pour l&rsquo;\u00e9conomie nationale et le d\u00e9veloppement \u00e9conomique de la r\u00e9gion, et ce \u00e0 travers la cr\u00e9ation d&#8217;emplois, la formation, le d\u00e9veloppement de l&rsquo;industrie mini\u00e8re de transformation, ainsi que le transfert du savoir-faire et de technologies\u00a0\u00bb. Une approche qui s&rsquo;aligne, selon Arkab, avec \u00ab\u00a0le programme du gouvernement, conform\u00e9ment aux instructions de Monsieur le pr\u00e9sident de la R\u00e9publique, pour le d\u00e9veloppement de l&rsquo;investissement minier et l&rsquo;am\u00e9lioration du climat d&rsquo;investissement en Alg\u00e9rie\u00a0\u00bb.<\/p>\n\n\n\n<p>Les PDG de Terramin et de Sinosteel ont fait \u00e9cho \u00e0 cette vision en exprimant \u00ab\u00a0leur satisfaction totale\u00a0\u00bb quant aux avanc\u00e9es r\u00e9alis\u00e9es, saluant particuli\u00e8rement \u00ab\u00a0le soutien continu du minist\u00e8re et des autorit\u00e9s locales\u00a0\u00bb. Plus important encore, ils ont r\u00e9affirm\u00e9 \u00ab\u00a0leur engagement \u00e0 r\u00e9aliser ce projet selon les normes internationales, en faisant de ce projet un mod\u00e8le de r\u00e9f\u00e9rence dans le domaine, conform\u00e9ment \u00e0 l&rsquo;\u00e9tude de faisabilit\u00e9 y aff\u00e9rente, approuv\u00e9e suivant les r\u00e8gles pr\u00e9vues dans les exigences de protection de l&rsquo;environnement, de s\u00e9curit\u00e9, et de d\u00e9veloppement \u00e9conomique et social, notamment \u00e0 travers la cr\u00e9ation d&#8217;emplois et la formation continue\u00a0\u00bb. Les proc\u00e9dures d&rsquo;expropriation des terrains concern\u00e9s avancent parall\u00e8lement de mani\u00e8re significative, t\u00e9moignant de la d\u00e9termination des autorit\u00e9s \u00e0 tenir le calendrier fix\u00e9 pour ce projet qui doit servir de r\u00e9f\u00e9rence pour l&rsquo;avenir du secteur minier national.<\/p>\n\n\n\n<p>Aux c\u00f4t\u00e9s de la mine d&rsquo;Oued Amizour, deux autres m\u00e9ga-projets miniers constituent les fers de lance de cette strat\u00e9gie : le gisement de fer de Gara Djebilet et le Projet phosphate int\u00e9gr\u00e9. Cette triade de projets structurants repr\u00e9sente la colonne vert\u00e9brale du plan national de d\u00e9veloppement minier, visant \u00e0 r\u00e9duire la d\u00e9pendance aux hydrocarbures. Le projet ouvre d&rsquo;ailleurs la voie, selon le ministre, au \u00ab\u00a0d\u00e9but de nouvelles opportunit\u00e9s de coop\u00e9ration en vue de r\u00e9aliser d&rsquo;autres projets miniers communs avec les partenaires australiens et chinois, \u00e0 travers le pays\u00a0\u00bb.<\/p>\n\n\n\n<p><strong>Sabrina Aziouez<\/strong><\/p>\n","protected":false},"excerpt":{"rendered":"<p>L&rsquo;Alg\u00e9rie acc\u00e9l\u00e8re le d\u00e9veloppement de ses richesses mini\u00e8res avec l&rsquo;avancement significatif du projet de la mine de zinc et de<\/p>\n","protected":false},"author":6,"featured_media":58860,"comment_status":"open","ping_status":"closed","sticky":false,"template":"","format":"standard","meta":{"colormag_page_container_layout":"default_layout","colormag_page_sidebar_layout":"default_layout","om_disable_all_campaigns":false,"_monsterinsights_skip_tracking":false,"_monsterinsights_sitenote_active":false,"_monsterinsights_sitenote_note":"","_monsterinsights_sitenote_category":0,"footnotes":"","_wpscppro_dont_share_socialmedia":false,"_wpscppro_custom_social_share_image":0,"_facebook_share_type":"default","_twitter_share_type":"default","_linkedin_share_type":"default","_pinterest_share_type":"default","_linkedin_share_type_page":"","_instagram_share_type":"default","_medium_share_type":"default","_threads_share_type":"","_google_business_share_type":"","_selected_social_profile":[],"_wpsp_enable_custom_social_template":false,"_wpsp_social_scheduling":{"enabled":false,"datetime":null,"platforms":[],"status":"template_only","dateOption":"today","timeOption":"now","customDays":"","customHours":"","customDate":"","customTime":"","schedulingType":"absolute"},"_wpsp_active_default_template":true},"categories":[52,29],"tags":[],"class_list":["post-58859","post","type-post","status-publish","format-standard","has-post-thumbnail","hentry","category-a-la-une","category-economie"],"aioseo_notices":[],"yoast_head":"<!-- This site is optimized with the Yoast SEO plugin v27.5 - https:\/\/yoast.com\/product\/yoast-seo-wordpress\/ -->\n<title>Exploitation de la mine de zinc de Tala Hamza-Oued Amizour\u00a0: Le projet avance au pas de charge - La Sentinelle<\/title>\n<meta name=\"robots\" content=\"index, follow, max-snippet:-1, max-image-preview:large, max-video-preview:-1\" \/>\n<link rel=\"canonical\" href=\"https:\/\/lasentinelle.dz\/index.php\/2024\/11\/03\/exploitation-de-la-mine-de-zinc-de-tala-hamza-oued-amizour-le-projet-avance-au-pas-de-charge\/\" \/>\n<meta property=\"og:locale\" content=\"fr_FR\" \/>\n<meta property=\"og:type\" content=\"article\" \/>\n<meta property=\"og:title\" content=\"Exploitation de la mine de zinc de Tala Hamza-Oued Amizour\u00a0: Le projet avance au pas de charge - La Sentinelle\" \/>\n<meta property=\"og:description\" content=\"L&rsquo;Alg\u00e9rie acc\u00e9l\u00e8re le d\u00e9veloppement de ses richesses mini\u00e8res avec l&rsquo;avancement significatif du projet de la mine de zinc et de\" \/>\n<meta property=\"og:url\" content=\"https:\/\/lasentinelle.dz\/index.php\/2024\/11\/03\/exploitation-de-la-mine-de-zinc-de-tala-hamza-oued-amizour-le-projet-avance-au-pas-de-charge\/\" \/>\n<meta property=\"og:site_name\" content=\"La Sentinelle\" \/>\n<meta property=\"article:publisher\" content=\"https:\/\/www.facebook.com\/La-Sentinelle-104059864394773\" \/>\n<meta property=\"article:published_time\" content=\"2024-11-03T10:31:58+00:00\" \/>\n<meta property=\"og:image\" content=\"https:\/\/lasentinelle.dz\/wp-content\/uploads\/2024\/11\/Mine-bejaia.jpg\" \/>\n\t<meta property=\"og:image:width\" content=\"1000\" \/>\n\t<meta property=\"og:image:height\" content=\"467\" \/>\n\t<meta property=\"og:image:type\" content=\"image\/jpeg\" \/>\n<meta name=\"author\" content=\"admin\" \/>\n<meta name=\"twitter:card\" content=\"summary_large_image\" \/>\n<meta name=\"twitter:label1\" content=\"\u00c9crit par\" \/>\n\t<meta name=\"twitter:data1\" content=\"admin\" \/>\n\t<meta name=\"twitter:label2\" content=\"Dur\u00e9e de lecture estim\u00e9e\" \/>\n\t<meta name=\"twitter:data2\" content=\"3 minutes\" \/>\n<script type=\"application\/ld+json\" class=\"yoast-schema-graph\">{\"@context\":\"https:\\\/\\\/schema.org\",\"@graph\":[{\"@type\":\"Article\",\"@id\":\"https:\\\/\\\/lasentinelle.dz\\\/index.php\\\/2024\\\/11\\\/03\\\/exploitation-de-la-mine-de-zinc-de-tala-hamza-oued-amizour-le-projet-avance-au-pas-de-charge\\\/#article\",\"isPartOf\":{\"@id\":\"https:\\\/\\\/lasentinelle.dz\\\/index.php\\\/2024\\\/11\\\/03\\\/exploitation-de-la-mine-de-zinc-de-tala-hamza-oued-amizour-le-projet-avance-au-pas-de-charge\\\/\"},\"author\":{\"name\":\"admin\",\"@id\":\"https:\\\/\\\/lasentinelle.dz\\\/#\\\/schema\\\/person\\\/729ee0024f24e0b8c5ec17232f8e8b41\"},\"headline\":\"Exploitation de la mine de zinc de Tala Hamza-Oued Amizour\u00a0: Le projet avance au pas de charge\",\"datePublished\":\"2024-11-03T10:31:58+00:00\",\"mainEntityOfPage\":{\"@id\":\"https:\\\/\\\/lasentinelle.dz\\\/index.php\\\/2024\\\/11\\\/03\\\/exploitation-de-la-mine-de-zinc-de-tala-hamza-oued-amizour-le-projet-avance-au-pas-de-charge\\\/\"},\"wordCount\":654,\"commentCount\":0,\"publisher\":{\"@id\":\"https:\\\/\\\/lasentinelle.dz\\\/#organization\"},\"image\":{\"@id\":\"https:\\\/\\\/lasentinelle.dz\\\/index.php\\\/2024\\\/11\\\/03\\\/exploitation-de-la-mine-de-zinc-de-tala-hamza-oued-amizour-le-projet-avance-au-pas-de-charge\\\/#primaryimage\"},\"thumbnailUrl\":\"https:\\\/\\\/lasentinelle.dz\\\/wp-content\\\/uploads\\\/2024\\\/11\\\/Mine-bejaia.jpg\",\"articleSection\":[\"\u00c0 la Une\",\"\u00c9conomie\"],\"inLanguage\":\"fr-FR\",\"potentialAction\":[{\"@type\":\"CommentAction\",\"name\":\"Comment\",\"target\":[\"https:\\\/\\\/lasentinelle.dz\\\/index.php\\\/2024\\\/11\\\/03\\\/exploitation-de-la-mine-de-zinc-de-tala-hamza-oued-amizour-le-projet-avance-au-pas-de-charge\\\/#respond\"]}]},{\"@type\":\"WebPage\",\"@id\":\"https:\\\/\\\/lasentinelle.dz\\\/index.php\\\/2024\\\/11\\\/03\\\/exploitation-de-la-mine-de-zinc-de-tala-hamza-oued-amizour-le-projet-avance-au-pas-de-charge\\\/\",\"url\":\"https:\\\/\\\/lasentinelle.dz\\\/index.php\\\/2024\\\/11\\\/03\\\/exploitation-de-la-mine-de-zinc-de-tala-hamza-oued-amizour-le-projet-avance-au-pas-de-charge\\\/\",\"name\":\"Exploitation de la mine de zinc de Tala Hamza-Oued Amizour\u00a0: Le projet avance au pas de charge - La Sentinelle\",\"isPartOf\":{\"@id\":\"https:\\\/\\\/lasentinelle.dz\\\/#website\"},\"primaryImageOfPage\":{\"@id\":\"https:\\\/\\\/lasentinelle.dz\\\/index.php\\\/2024\\\/11\\\/03\\\/exploitation-de-la-mine-de-zinc-de-tala-hamza-oued-amizour-le-projet-avance-au-pas-de-charge\\\/#primaryimage\"},\"image\":{\"@id\":\"https:\\\/\\\/lasentinelle.dz\\\/index.php\\\/2024\\\/11\\\/03\\\/exploitation-de-la-mine-de-zinc-de-tala-hamza-oued-amizour-le-projet-avance-au-pas-de-charge\\\/#primaryimage\"},\"thumbnailUrl\":\"https:\\\/\\\/lasentinelle.dz\\\/wp-content\\\/uploads\\\/2024\\\/11\\\/Mine-bejaia.jpg\",\"datePublished\":\"2024-11-03T10:31:58+00:00\",\"breadcrumb\":{\"@id\":\"https:\\\/\\\/lasentinelle.dz\\\/index.php\\\/2024\\\/11\\\/03\\\/exploitation-de-la-mine-de-zinc-de-tala-hamza-oued-amizour-le-projet-avance-au-pas-de-charge\\\/#breadcrumb\"},\"inLanguage\":\"fr-FR\",\"potentialAction\":[{\"@type\":\"ReadAction\",\"target\":[\"https:\\\/\\\/lasentinelle.dz\\\/index.php\\\/2024\\\/11\\\/03\\\/exploitation-de-la-mine-de-zinc-de-tala-hamza-oued-amizour-le-projet-avance-au-pas-de-charge\\\/\"]}]},{\"@type\":\"ImageObject\",\"inLanguage\":\"fr-FR\",\"@id\":\"https:\\\/\\\/lasentinelle.dz\\\/index.php\\\/2024\\\/11\\\/03\\\/exploitation-de-la-mine-de-zinc-de-tala-hamza-oued-amizour-le-projet-avance-au-pas-de-charge\\\/#primaryimage\",\"url\":\"https:\\\/\\\/lasentinelle.dz\\\/wp-content\\\/uploads\\\/2024\\\/11\\\/Mine-bejaia.jpg\",\"contentUrl\":\"https:\\\/\\\/lasentinelle.dz\\\/wp-content\\\/uploads\\\/2024\\\/11\\\/Mine-bejaia.jpg\",\"width\":1000,\"height\":467},{\"@type\":\"BreadcrumbList\",\"@id\":\"https:\\\/\\\/lasentinelle.dz\\\/index.php\\\/2024\\\/11\\\/03\\\/exploitation-de-la-mine-de-zinc-de-tala-hamza-oued-amizour-le-projet-avance-au-pas-de-charge\\\/#breadcrumb\",\"itemListElement\":[{\"@type\":\"ListItem\",\"position\":1,\"name\":\"Accueil\",\"item\":\"https:\\\/\\\/lasentinelle.dz\\\/\"},{\"@type\":\"ListItem\",\"position\":2,\"name\":\"Exploitation de la mine de zinc de Tala Hamza-Oued Amizour\u00a0: Le projet avance au pas de charge\"}]},{\"@type\":\"WebSite\",\"@id\":\"https:\\\/\\\/lasentinelle.dz\\\/#website\",\"url\":\"https:\\\/\\\/lasentinelle.dz\\\/\",\"name\":\"La Sentinelle\",\"description\":\"Quotidien national d&#039;information\",\"publisher\":{\"@id\":\"https:\\\/\\\/lasentinelle.dz\\\/#organization\"},\"potentialAction\":[{\"@type\":\"SearchAction\",\"target\":{\"@type\":\"EntryPoint\",\"urlTemplate\":\"https:\\\/\\\/lasentinelle.dz\\\/?s={search_term_string}\"},\"query-input\":{\"@type\":\"PropertyValueSpecification\",\"valueRequired\":true,\"valueName\":\"search_term_string\"}}],\"inLanguage\":\"fr-FR\"},{\"@type\":\"Organization\",\"@id\":\"https:\\\/\\\/lasentinelle.dz\\\/#organization\",\"name\":\"Quotidien La Sentinelle\",\"url\":\"https:\\\/\\\/lasentinelle.dz\\\/\",\"logo\":{\"@type\":\"ImageObject\",\"inLanguage\":\"fr-FR\",\"@id\":\"https:\\\/\\\/lasentinelle.dz\\\/#\\\/schema\\\/logo\\\/image\\\/\",\"url\":\"https:\\\/\\\/lasentinelle.dz\\\/wp-content\\\/uploads\\\/2021\\\/09\\\/logo-sentinelleSLOGAN-1.png\",\"contentUrl\":\"https:\\\/\\\/lasentinelle.dz\\\/wp-content\\\/uploads\\\/2021\\\/09\\\/logo-sentinelleSLOGAN-1.png\",\"width\":615,\"height\":142,\"caption\":\"Quotidien La Sentinelle\"},\"image\":{\"@id\":\"https:\\\/\\\/lasentinelle.dz\\\/#\\\/schema\\\/logo\\\/image\\\/\"},\"sameAs\":[\"https:\\\/\\\/www.facebook.com\\\/La-Sentinelle-104059864394773\"]},{\"@type\":\"Person\",\"@id\":\"https:\\\/\\\/lasentinelle.dz\\\/#\\\/schema\\\/person\\\/729ee0024f24e0b8c5ec17232f8e8b41\",\"name\":\"admin\",\"image\":{\"@type\":\"ImageObject\",\"inLanguage\":\"fr-FR\",\"@id\":\"https:\\\/\\\/secure.gravatar.com\\\/avatar\\\/4c81fed838786e9b53f540bf46533e750f5d292099ae3b66cfc6fb1982e29df7?s=96&d=mm&r=g\",\"url\":\"https:\\\/\\\/secure.gravatar.com\\\/avatar\\\/4c81fed838786e9b53f540bf46533e750f5d292099ae3b66cfc6fb1982e29df7?s=96&d=mm&r=g\",\"contentUrl\":\"https:\\\/\\\/secure.gravatar.com\\\/avatar\\\/4c81fed838786e9b53f540bf46533e750f5d292099ae3b66cfc6fb1982e29df7?s=96&d=mm&r=g\",\"caption\":\"admin\"},\"description\":\"admin\",\"url\":\"https:\\\/\\\/lasentinelle.dz\\\/author\\\/admin\\\/\"}]}<\/script>\n<!-- \/ Yoast SEO plugin. -->","yoast_head_json":{"title":"Exploitation de la mine de zinc de Tala Hamza-Oued Amizour\u00a0: Le projet avance au pas de charge - La Sentinelle","robots":{"index":"index","follow":"follow","max-snippet":"max-snippet:-1","max-image-preview":"max-image-preview:large","max-video-preview":"max-video-preview:-1"},"canonical":"https:\/\/lasentinelle.dz\/index.php\/2024\/11\/03\/exploitation-de-la-mine-de-zinc-de-tala-hamza-oued-amizour-le-projet-avance-au-pas-de-charge\/","og_locale":"fr_FR","og_type":"article","og_title":"Exploitation de la mine de zinc de Tala Hamza-Oued Amizour\u00a0: Le projet avance au pas de charge - La Sentinelle","og_description":"L&rsquo;Alg\u00e9rie acc\u00e9l\u00e8re le d\u00e9veloppement de ses richesses mini\u00e8res avec l&rsquo;avancement significatif du projet de la mine de zinc et de","og_url":"https:\/\/lasentinelle.dz\/index.php\/2024\/11\/03\/exploitation-de-la-mine-de-zinc-de-tala-hamza-oued-amizour-le-projet-avance-au-pas-de-charge\/","og_site_name":"La Sentinelle","article_publisher":"https:\/\/www.facebook.com\/La-Sentinelle-104059864394773","article_published_time":"2024-11-03T10:31:58+00:00","og_image":[{"width":1000,"height":467,"url":"https:\/\/lasentinelle.dz\/wp-content\/uploads\/2024\/11\/Mine-bejaia.jpg","type":"image\/jpeg"}],"author":"admin","twitter_card":"summary_large_image","twitter_misc":{"\u00c9crit par":"admin","Dur\u00e9e de lecture estim\u00e9e":"3 minutes"},"schema":{"@context":"https:\/\/schema.org","@graph":[{"@type":"Article","@id":"https:\/\/lasentinelle.dz\/index.php\/2024\/11\/03\/exploitation-de-la-mine-de-zinc-de-tala-hamza-oued-amizour-le-projet-avance-au-pas-de-charge\/#article","isPartOf":{"@id":"https:\/\/lasentinelle.dz\/index.php\/2024\/11\/03\/exploitation-de-la-mine-de-zinc-de-tala-hamza-oued-amizour-le-projet-avance-au-pas-de-charge\/"},"author":{"name":"admin","@id":"https:\/\/lasentinelle.dz\/#\/schema\/person\/729ee0024f24e0b8c5ec17232f8e8b41"},"headline":"Exploitation de la mine de zinc de Tala Hamza-Oued Amizour\u00a0: Le projet avance au pas de charge","datePublished":"2024-11-03T10:31:58+00:00","mainEntityOfPage":{"@id":"https:\/\/lasentinelle.dz\/index.php\/2024\/11\/03\/exploitation-de-la-mine-de-zinc-de-tala-hamza-oued-amizour-le-projet-avance-au-pas-de-charge\/"},"wordCount":654,"commentCount":0,"publisher":{"@id":"https:\/\/lasentinelle.dz\/#organization"},"image":{"@id":"https:\/\/lasentinelle.dz\/index.php\/2024\/11\/03\/exploitation-de-la-mine-de-zinc-de-tala-hamza-oued-amizour-le-projet-avance-au-pas-de-charge\/#primaryimage"},"thumbnailUrl":"https:\/\/lasentinelle.dz\/wp-content\/uploads\/2024\/11\/Mine-bejaia.jpg","articleSection":["\u00c0 la Une","\u00c9conomie"],"inLanguage":"fr-FR","potentialAction":[{"@type":"CommentAction","name":"Comment","target":["https:\/\/lasentinelle.dz\/index.php\/2024\/11\/03\/exploitation-de-la-mine-de-zinc-de-tala-hamza-oued-amizour-le-projet-avance-au-pas-de-charge\/#respond"]}]},{"@type":"WebPage","@id":"https:\/\/lasentinelle.dz\/index.php\/2024\/11\/03\/exploitation-de-la-mine-de-zinc-de-tala-hamza-oued-amizour-le-projet-avance-au-pas-de-charge\/","url":"https:\/\/lasentinelle.dz\/index.php\/2024\/11\/03\/exploitation-de-la-mine-de-zinc-de-tala-hamza-oued-amizour-le-projet-avance-au-pas-de-charge\/","name":"Exploitation de la mine de zinc de Tala Hamza-Oued Amizour\u00a0: Le projet avance au pas de charge - La Sentinelle","isPartOf":{"@id":"https:\/\/lasentinelle.dz\/#website"},"primaryImageOfPage":{"@id":"https:\/\/lasentinelle.dz\/index.php\/2024\/11\/03\/exploitation-de-la-mine-de-zinc-de-tala-hamza-oued-amizour-le-projet-avance-au-pas-de-charge\/#primaryimage"},"image":{"@id":"https:\/\/lasentinelle.dz\/index.php\/2024\/11\/03\/exploitation-de-la-mine-de-zinc-de-tala-hamza-oued-amizour-le-projet-avance-au-pas-de-charge\/#primaryimage"},"thumbnailUrl":"https:\/\/lasentinelle.dz\/wp-content\/uploads\/2024\/11\/Mine-bejaia.jpg","datePublished":"2024-11-03T10:31:58+00:00","breadcrumb":{"@id":"https:\/\/lasentinelle.dz\/index.php\/2024\/11\/03\/exploitation-de-la-mine-de-zinc-de-tala-hamza-oued-amizour-le-projet-avance-au-pas-de-charge\/#breadcrumb"},"inLanguage":"fr-FR","potentialAction":[{"@type":"ReadAction","target":["https:\/\/lasentinelle.dz\/index.php\/2024\/11\/03\/exploitation-de-la-mine-de-zinc-de-tala-hamza-oued-amizour-le-projet-avance-au-pas-de-charge\/"]}]},{"@type":"ImageObject","inLanguage":"fr-FR","@id":"https:\/\/lasentinelle.dz\/index.php\/2024\/11\/03\/exploitation-de-la-mine-de-zinc-de-tala-hamza-oued-amizour-le-projet-avance-au-pas-de-charge\/#primaryimage","url":"https:\/\/lasentinelle.dz\/wp-content\/uploads\/2024\/11\/Mine-bejaia.jpg","contentUrl":"https:\/\/lasentinelle.dz\/wp-content\/uploads\/2024\/11\/Mine-bejaia.jpg","width":1000,"height":467},{"@type":"BreadcrumbList","@id":"https:\/\/lasentinelle.dz\/index.php\/2024\/11\/03\/exploitation-de-la-mine-de-zinc-de-tala-hamza-oued-amizour-le-projet-avance-au-pas-de-charge\/#breadcrumb","itemListElement":[{"@type":"ListItem","position":1,"name":"Accueil","item":"https:\/\/lasentinelle.dz\/"},{"@type":"ListItem","position":2,"name":"Exploitation de la mine de zinc de Tala Hamza-Oued Amizour\u00a0: Le projet avance au pas de charge"}]},{"@type":"WebSite","@id":"https:\/\/lasentinelle.dz\/#website","url":"https:\/\/lasentinelle.dz\/","name":"La Sentinelle","description":"Quotidien national d&#039;information","publisher":{"@id":"https:\/\/lasentinelle.dz\/#organization"},"potentialAction":[{"@type":"SearchAction","target":{"@type":"EntryPoint","urlTemplate":"https:\/\/lasentinelle.dz\/?s={search_term_string}"},"query-input":{"@type":"PropertyValueSpecification","valueRequired":true,"valueName":"search_term_string"}}],"inLanguage":"fr-FR"},{"@type":"Organization","@id":"https:\/\/lasentinelle.dz\/#organization","name":"Quotidien La Sentinelle","url":"https:\/\/lasentinelle.dz\/","logo":{"@type":"ImageObject","inLanguage":"fr-FR","@id":"https:\/\/lasentinelle.dz\/#\/schema\/logo\/image\/","url":"https:\/\/lasentinelle.dz\/wp-content\/uploads\/2021\/09\/logo-sentinelleSLOGAN-1.png","contentUrl":"https:\/\/lasentinelle.dz\/wp-content\/uploads\/2021\/09\/logo-sentinelleSLOGAN-1.png","width":615,"height":142,"caption":"Quotidien La Sentinelle"},"image":{"@id":"https:\/\/lasentinelle.dz\/#\/schema\/logo\/image\/"},"sameAs":["https:\/\/www.facebook.com\/La-Sentinelle-104059864394773"]},{"@type":"Person","@id":"https:\/\/lasentinelle.dz\/#\/schema\/person\/729ee0024f24e0b8c5ec17232f8e8b41","name":"admin","image":{"@type":"ImageObject","inLanguage":"fr-FR","@id":"https:\/\/secure.gravatar.com\/avatar\/4c81fed838786e9b53f540bf46533e750f5d292099ae3b66cfc6fb1982e29df7?s=96&d=mm&r=g","url":"https:\/\/secure.gravatar.com\/avatar\/4c81fed838786e9b53f540bf46533e750f5d292099ae3b66cfc6fb1982e29df7?s=96&d=mm&r=g","contentUrl":"https:\/\/secure.gravatar.com\/avatar\/4c81fed838786e9b53f540bf46533e750f5d292099ae3b66cfc6fb1982e29df7?s=96&d=mm&r=g","caption":"admin"},"description":"admin","url":"https:\/\/lasentinelle.dz\/author\/admin\/"}]}},"_links":{"self":[{"href":"https:\/\/lasentinelle.dz\/index.php\/wp-json\/wp\/v2\/posts\/58859","targetHints":{"allow":["GET"]}}],"collection":[{"href":"https:\/\/lasentinelle.dz\/index.php\/wp-json\/wp\/v2\/posts"}],"about":[{"href":"https:\/\/lasentinelle.dz\/index.php\/wp-json\/wp\/v2\/types\/post"}],"author":[{"embeddable":true,"href":"https:\/\/lasentinelle.dz\/index.php\/wp-json\/wp\/v2\/users\/6"}],"replies":[{"embeddable":true,"href":"https:\/\/lasentinelle.dz\/index.php\/wp-json\/wp\/v2\/comments?post=58859"}],"version-history":[{"count":1,"href":"https:\/\/lasentinelle.dz\/index.php\/wp-json\/wp\/v2\/posts\/58859\/revisions"}],"predecessor-version":[{"id":58861,"href":"https:\/\/lasentinelle.dz\/index.php\/wp-json\/wp\/v2\/posts\/58859\/revisions\/58861"}],"wp:featuredmedia":[{"embeddable":true,"href":"https:\/\/lasentinelle.dz\/index.php\/wp-json\/wp\/v2\/media\/58860"}],"wp:attachment":[{"href":"https:\/\/lasentinelle.dz\/index.php\/wp-json\/wp\/v2\/media?parent=58859"}],"wp:term":[{"taxonomy":"category","embeddable":true,"href":"https:\/\/lasentinelle.dz\/index.php\/wp-json\/wp\/v2\/categories?post=58859"},{"taxonomy":"post_tag","embeddable":true,"href":"https:\/\/lasentinelle.dz\/index.php\/wp-json\/wp\/v2\/tags?post=58859"}],"curies":[{"name":"wp","href":"https:\/\/api.w.org\/{rel}","templated":true}]}}