{"id":58862,"date":"2024-11-03T11:32:40","date_gmt":"2024-11-03T10:32:40","guid":{"rendered":"https:\/\/lasentinelle.dz\/?p=58862"},"modified":"2024-11-03T11:32:41","modified_gmt":"2024-11-03T10:32:41","slug":"transport-aerien-louverture-au-prive-se-concretise","status":"publish","type":"post","link":"https:\/\/lasentinelle.dz\/index.php\/2024\/11\/03\/transport-aerien-louverture-au-prive-se-concretise\/","title":{"rendered":"Transport a\u00e9rien\u00a0: L\u2019ouverture au priv\u00e9 se concr\u00e9tise\u00a0!"},"content":{"rendered":"\n<p>L&rsquo;Alg\u00e9rie ouvre une nouvelle page dans son histoire a\u00e9ronautique avec une double annonce majeure : la modernisation de la flotte d&rsquo;Air Alg\u00e9rie et l&rsquo;ouverture historique du secteur a\u00e9rien aux op\u00e9rateurs priv\u00e9s. Lors d&rsquo;une conf\u00e9rence sur la s\u00e9curit\u00e9 a\u00e9rienne organis\u00e9e par Air Alg\u00e9rie, le Pr\u00e9sident-Directeur G\u00e9n\u00e9ral de la compagnie a\u00e9rienne Hamza Benhamouda, a d\u00e9taill\u00e9 une strat\u00e9gie d&rsquo;int\u00e9gration progressive de nouveaux appareils \u00e0 la flotte qui est en cours de modernisation.&nbsp; Une modernisation qui se concr\u00e9tise par un programme ambitieux d&rsquo;acquisition de 15 nouveaux appareils, dont la premi\u00e8re livraison est pr\u00e9vue pour juin 2025, pour une moyenne d\u2019int\u00e9gration de \u00a0\u00bb deux avions par an jusqu&rsquo;\u00e0 ce que le nombre total soit atteint\u00a0\u00bb. Cette approche mesur\u00e9e vise \u00e0 assurer une incorporation harmonieuse des nouveaux appareils dans la flotte existante. Le PDG a \u00e9galement soulign\u00e9 que ce renforcement de la flotte s&rsquo;accompagnera d&rsquo;une expansion des activit\u00e9s, promettant \u00ab\u00a0l&rsquo;augmentation de son programme de vols et le lancement de nouvelles lignes internationales et domestiques\u00a0\u00bb.<\/p>\n\n\n\n<p>Parall\u00e8lement \u00e0 cette modernisation, le ministre des Transports, Mohamed El-Habib Zahana, a annonc\u00e9 une \u00e9volution structurelle majeure du secteur avec l&rsquo;examen de trois dossiers d&rsquo;op\u00e9rateurs priv\u00e9s souhaitant investir dans le transport a\u00e9rien. \u00ab\u00a0Il s&rsquo;agit d&rsquo;entreprises alg\u00e9riennes ayant d\u00e9j\u00e0 investi dans d&rsquo;autres secteurs\u00a0\u00bb, a pr\u00e9cis\u00e9 le ministre, ajoutant que \u00ab\u00a0ces dossiers doivent remplir les conditions n\u00e9cessaires et obtenir un financement suffisant\u00a0\u00bb. Le minist\u00e8re s&rsquo;est engag\u00e9 \u00e0 \u00ab\u00a0\u0153uvrer sans rel\u00e2che pour accompagner ces op\u00e9rateurs \u00e0 compl\u00e9ter leurs dossiers et concr\u00e9tiser leurs projets\u00a0\u00bb. Cette double dynamique de modernisation et d&rsquo;ouverture s&rsquo;inscrit dans un cadre plus large de renforcement de la s\u00e9curit\u00e9 a\u00e9rienne, th\u00e8me central de la conf\u00e9rence baptis\u00e9e \u00ab\u00a0Esprit de S\u00e9curit\u00e9\u00a0\u00bb (Safety Mindset). L&rsquo;\u00e9v\u00e9nement a rassembl\u00e9 un panel prestigieux d&rsquo;experts, incluant des repr\u00e9sentants de l&rsquo;Organisation de l&rsquo;Aviation Civile Internationale (OACI), de l&rsquo;Association Internationale du Transport A\u00e9rien (IATA), et des cadres de l&rsquo;Agence Nationale de l&rsquo;Aviation Civile (ANAC). Le ministre Zahana a particuli\u00e8rement insist\u00e9 sur la dimension strat\u00e9gique de la s\u00e9curit\u00e9 a\u00e9rienne, appelant \u00ab\u00a0tous les acteurs \u00e0 investir dans tous les moyens disponibles, allant des infrastructures au d\u00e9veloppement de la flotte, en passant par la formation et la qualification des ressources humaines\u00a0\u00bb. Son ambition est claire : \u00ab\u00a0faire de l&rsquo;Alg\u00e9rie un pays pionnier en mati\u00e8re de s\u00e9curit\u00e9 de l&rsquo;aviation civile et un mod\u00e8le \u00e0 suivre aux niveaux r\u00e9gional et international\u00a0\u00bb. Cette pr\u00e9occupation s\u00e9curitaire est partag\u00e9e par Hassan Boufelfel, directeur g\u00e9n\u00e9ral de l&rsquo;ANAC, qui a soulign\u00e9 que \u00ab\u00a0le concept de s\u00e9curit\u00e9 constitue, au-del\u00e0 des r\u00e8glements et proc\u00e9dures, une conviction ferme dans le secteur national du transport\u00a0\u00bb. Il a particuli\u00e8rement mis l&rsquo;accent sur l&rsquo;importance du facteur humain, rappelant qu&rsquo;il est \u00ab\u00a0\u00e0 l&rsquo;origine de 70% des accidents\u00a0\u00bb, d&rsquo;o\u00f9 la n\u00e9cessit\u00e9 d&rsquo;un \u00ab\u00a0contr\u00f4le proactif et de formation continue des staffs\u00a0\u00bb. La modernisation du secteur des transports ne se limite pas au domaine a\u00e9rien. Le ministre a \u00e9galement annonc\u00e9 l&rsquo;arriv\u00e9e d&rsquo;un op\u00e9rateur priv\u00e9 dans le transport maritime de passagers, qui exercera aux c\u00f4t\u00e9s de l&rsquo;Entreprise nationale de transport maritime de voyageurs (ENTMV), marquant ainsi une ouverture g\u00e9n\u00e9rale du secteur des transports au priv\u00e9.<\/p>\n\n\n\n<p>Lyna Larbi<\/p>\n","protected":false},"excerpt":{"rendered":"<p>L&rsquo;Alg\u00e9rie ouvre une nouvelle page dans son histoire a\u00e9ronautique avec une double annonce majeure : la modernisation de la flotte<\/p>\n","protected":false},"author":6,"featured_media":40893,"comment_status":"open","ping_status":"closed","sticky":false,"template":"","format":"standard","meta":{"colormag_page_container_layout":"default_layout","colormag_page_sidebar_layout":"default_layout","om_disable_all_campaigns":false,"_monsterinsights_skip_tracking":false,"_monsterinsights_sitenote_active":false,"_monsterinsights_sitenote_note":"","_monsterinsights_sitenote_category":0,"footnotes":"","_wpscppro_dont_share_socialmedia":false,"_wpscppro_custom_social_share_image":0,"_facebook_share_type":"default","_twitter_share_type":"default","_linkedin_share_type":"default","_pinterest_share_type":"default","_linkedin_share_type_page":"","_instagram_share_type":"default","_medium_share_type":"default","_threads_share_type":"","_google_business_share_type":"","_selected_social_profile":[],"_wpsp_enable_custom_social_template":false,"_wpsp_social_scheduling":{"enabled":false,"datetime":null,"platforms":[],"status":"template_only","dateOption":"today","timeOption":"now","customDays":"","customHours":"","customDate":"","customTime":"","schedulingType":"absolute"},"_wpsp_active_default_template":true},"categories":[52,29],"tags":[],"class_list":["post-58862","post","type-post","status-publish","format-standard","has-post-thumbnail","hentry","category-a-la-une","category-economie"],"aioseo_notices":[],"yoast_head":"<!-- This site is optimized with the Yoast SEO plugin v27.5 - https:\/\/yoast.com\/product\/yoast-seo-wordpress\/ -->\n<title>Transport a\u00e9rien\u00a0: L\u2019ouverture au priv\u00e9 se concr\u00e9tise\u00a0! - La Sentinelle<\/title>\n<meta name=\"robots\" content=\"index, follow, max-snippet:-1, max-image-preview:large, max-video-preview:-1\" \/>\n<link rel=\"canonical\" href=\"https:\/\/lasentinelle.dz\/index.php\/2024\/11\/03\/transport-aerien-louverture-au-prive-se-concretise\/\" \/>\n<meta property=\"og:locale\" content=\"fr_FR\" \/>\n<meta property=\"og:type\" content=\"article\" \/>\n<meta property=\"og:title\" content=\"Transport a\u00e9rien\u00a0: L\u2019ouverture au priv\u00e9 se concr\u00e9tise\u00a0! - La Sentinelle\" \/>\n<meta property=\"og:description\" content=\"L&rsquo;Alg\u00e9rie ouvre une nouvelle page dans son histoire a\u00e9ronautique avec une double annonce majeure : la modernisation de la flotte\" \/>\n<meta property=\"og:url\" content=\"https:\/\/lasentinelle.dz\/index.php\/2024\/11\/03\/transport-aerien-louverture-au-prive-se-concretise\/\" \/>\n<meta property=\"og:site_name\" content=\"La Sentinelle\" \/>\n<meta property=\"article:publisher\" content=\"https:\/\/www.facebook.com\/La-Sentinelle-104059864394773\" \/>\n<meta property=\"article:published_time\" content=\"2024-11-03T10:32:40+00:00\" \/>\n<meta property=\"article:modified_time\" content=\"2024-11-03T10:32:41+00:00\" \/>\n<meta property=\"og:image\" content=\"https:\/\/lasentinelle.dz\/wp-content\/uploads\/2023\/05\/air-algerie.png\" \/>\n\t<meta property=\"og:image:width\" content=\"1800\" \/>\n\t<meta property=\"og:image:height\" content=\"900\" \/>\n\t<meta property=\"og:image:type\" content=\"image\/png\" \/>\n<meta name=\"author\" content=\"admin\" \/>\n<meta name=\"twitter:card\" content=\"summary_large_image\" \/>\n<meta name=\"twitter:label1\" content=\"\u00c9crit par\" \/>\n\t<meta name=\"twitter:data1\" content=\"admin\" \/>\n\t<meta name=\"twitter:label2\" content=\"Dur\u00e9e de lecture estim\u00e9e\" \/>\n\t<meta name=\"twitter:data2\" content=\"3 minutes\" \/>\n<script type=\"application\/ld+json\" class=\"yoast-schema-graph\">{\"@context\":\"https:\\\/\\\/schema.org\",\"@graph\":[{\"@type\":\"Article\",\"@id\":\"https:\\\/\\\/lasentinelle.dz\\\/index.php\\\/2024\\\/11\\\/03\\\/transport-aerien-louverture-au-prive-se-concretise\\\/#article\",\"isPartOf\":{\"@id\":\"https:\\\/\\\/lasentinelle.dz\\\/index.php\\\/2024\\\/11\\\/03\\\/transport-aerien-louverture-au-prive-se-concretise\\\/\"},\"author\":{\"name\":\"admin\",\"@id\":\"https:\\\/\\\/lasentinelle.dz\\\/#\\\/schema\\\/person\\\/729ee0024f24e0b8c5ec17232f8e8b41\"},\"headline\":\"Transport a\u00e9rien\u00a0: L\u2019ouverture au priv\u00e9 se concr\u00e9tise\u00a0!\",\"datePublished\":\"2024-11-03T10:32:40+00:00\",\"dateModified\":\"2024-11-03T10:32:41+00:00\",\"mainEntityOfPage\":{\"@id\":\"https:\\\/\\\/lasentinelle.dz\\\/index.php\\\/2024\\\/11\\\/03\\\/transport-aerien-louverture-au-prive-se-concretise\\\/\"},\"wordCount\":602,\"commentCount\":0,\"publisher\":{\"@id\":\"https:\\\/\\\/lasentinelle.dz\\\/#organization\"},\"image\":{\"@id\":\"https:\\\/\\\/lasentinelle.dz\\\/index.php\\\/2024\\\/11\\\/03\\\/transport-aerien-louverture-au-prive-se-concretise\\\/#primaryimage\"},\"thumbnailUrl\":\"https:\\\/\\\/lasentinelle.dz\\\/wp-content\\\/uploads\\\/2023\\\/05\\\/air-algerie.png\",\"articleSection\":[\"\u00c0 la Une\",\"\u00c9conomie\"],\"inLanguage\":\"fr-FR\",\"potentialAction\":[{\"@type\":\"CommentAction\",\"name\":\"Comment\",\"target\":[\"https:\\\/\\\/lasentinelle.dz\\\/index.php\\\/2024\\\/11\\\/03\\\/transport-aerien-louverture-au-prive-se-concretise\\\/#respond\"]}]},{\"@type\":\"WebPage\",\"@id\":\"https:\\\/\\\/lasentinelle.dz\\\/index.php\\\/2024\\\/11\\\/03\\\/transport-aerien-louverture-au-prive-se-concretise\\\/\",\"url\":\"https:\\\/\\\/lasentinelle.dz\\\/index.php\\\/2024\\\/11\\\/03\\\/transport-aerien-louverture-au-prive-se-concretise\\\/\",\"name\":\"Transport a\u00e9rien\u00a0: L\u2019ouverture au priv\u00e9 se concr\u00e9tise\u00a0! - La Sentinelle\",\"isPartOf\":{\"@id\":\"https:\\\/\\\/lasentinelle.dz\\\/#website\"},\"primaryImageOfPage\":{\"@id\":\"https:\\\/\\\/lasentinelle.dz\\\/index.php\\\/2024\\\/11\\\/03\\\/transport-aerien-louverture-au-prive-se-concretise\\\/#primaryimage\"},\"image\":{\"@id\":\"https:\\\/\\\/lasentinelle.dz\\\/index.php\\\/2024\\\/11\\\/03\\\/transport-aerien-louverture-au-prive-se-concretise\\\/#primaryimage\"},\"thumbnailUrl\":\"https:\\\/\\\/lasentinelle.dz\\\/wp-content\\\/uploads\\\/2023\\\/05\\\/air-algerie.png\",\"datePublished\":\"2024-11-03T10:32:40+00:00\",\"dateModified\":\"2024-11-03T10:32:41+00:00\",\"breadcrumb\":{\"@id\":\"https:\\\/\\\/lasentinelle.dz\\\/index.php\\\/2024\\\/11\\\/03\\\/transport-aerien-louverture-au-prive-se-concretise\\\/#breadcrumb\"},\"inLanguage\":\"fr-FR\",\"potentialAction\":[{\"@type\":\"ReadAction\",\"target\":[\"https:\\\/\\\/lasentinelle.dz\\\/index.php\\\/2024\\\/11\\\/03\\\/transport-aerien-louverture-au-prive-se-concretise\\\/\"]}]},{\"@type\":\"ImageObject\",\"inLanguage\":\"fr-FR\",\"@id\":\"https:\\\/\\\/lasentinelle.dz\\\/index.php\\\/2024\\\/11\\\/03\\\/transport-aerien-louverture-au-prive-se-concretise\\\/#primaryimage\",\"url\":\"https:\\\/\\\/lasentinelle.dz\\\/wp-content\\\/uploads\\\/2023\\\/05\\\/air-algerie.png\",\"contentUrl\":\"https:\\\/\\\/lasentinelle.dz\\\/wp-content\\\/uploads\\\/2023\\\/05\\\/air-algerie.png\",\"width\":1800,\"height\":900},{\"@type\":\"BreadcrumbList\",\"@id\":\"https:\\\/\\\/lasentinelle.dz\\\/index.php\\\/2024\\\/11\\\/03\\\/transport-aerien-louverture-au-prive-se-concretise\\\/#breadcrumb\",\"itemListElement\":[{\"@type\":\"ListItem\",\"position\":1,\"name\":\"Accueil\",\"item\":\"https:\\\/\\\/lasentinelle.dz\\\/\"},{\"@type\":\"ListItem\",\"position\":2,\"name\":\"Transport a\u00e9rien\u00a0: L\u2019ouverture au priv\u00e9 se concr\u00e9tise\u00a0!\"}]},{\"@type\":\"WebSite\",\"@id\":\"https:\\\/\\\/lasentinelle.dz\\\/#website\",\"url\":\"https:\\\/\\\/lasentinelle.dz\\\/\",\"name\":\"La Sentinelle\",\"description\":\"Quotidien national d&#039;information\",\"publisher\":{\"@id\":\"https:\\\/\\\/lasentinelle.dz\\\/#organization\"},\"potentialAction\":[{\"@type\":\"SearchAction\",\"target\":{\"@type\":\"EntryPoint\",\"urlTemplate\":\"https:\\\/\\\/lasentinelle.dz\\\/?s={search_term_string}\"},\"query-input\":{\"@type\":\"PropertyValueSpecification\",\"valueRequired\":true,\"valueName\":\"search_term_string\"}}],\"inLanguage\":\"fr-FR\"},{\"@type\":\"Organization\",\"@id\":\"https:\\\/\\\/lasentinelle.dz\\\/#organization\",\"name\":\"Quotidien La Sentinelle\",\"url\":\"https:\\\/\\\/lasentinelle.dz\\\/\",\"logo\":{\"@type\":\"ImageObject\",\"inLanguage\":\"fr-FR\",\"@id\":\"https:\\\/\\\/lasentinelle.dz\\\/#\\\/schema\\\/logo\\\/image\\\/\",\"url\":\"https:\\\/\\\/lasentinelle.dz\\\/wp-content\\\/uploads\\\/2021\\\/09\\\/logo-sentinelleSLOGAN-1.png\",\"contentUrl\":\"https:\\\/\\\/lasentinelle.dz\\\/wp-content\\\/uploads\\\/2021\\\/09\\\/logo-sentinelleSLOGAN-1.png\",\"width\":615,\"height\":142,\"caption\":\"Quotidien La Sentinelle\"},\"image\":{\"@id\":\"https:\\\/\\\/lasentinelle.dz\\\/#\\\/schema\\\/logo\\\/image\\\/\"},\"sameAs\":[\"https:\\\/\\\/www.facebook.com\\\/La-Sentinelle-104059864394773\"]},{\"@type\":\"Person\",\"@id\":\"https:\\\/\\\/lasentinelle.dz\\\/#\\\/schema\\\/person\\\/729ee0024f24e0b8c5ec17232f8e8b41\",\"name\":\"admin\",\"image\":{\"@type\":\"ImageObject\",\"inLanguage\":\"fr-FR\",\"@id\":\"https:\\\/\\\/secure.gravatar.com\\\/avatar\\\/4c81fed838786e9b53f540bf46533e750f5d292099ae3b66cfc6fb1982e29df7?s=96&d=mm&r=g\",\"url\":\"https:\\\/\\\/secure.gravatar.com\\\/avatar\\\/4c81fed838786e9b53f540bf46533e750f5d292099ae3b66cfc6fb1982e29df7?s=96&d=mm&r=g\",\"contentUrl\":\"https:\\\/\\\/secure.gravatar.com\\\/avatar\\\/4c81fed838786e9b53f540bf46533e750f5d292099ae3b66cfc6fb1982e29df7?s=96&d=mm&r=g\",\"caption\":\"admin\"},\"description\":\"admin\",\"url\":\"https:\\\/\\\/lasentinelle.dz\\\/author\\\/admin\\\/\"}]}<\/script>\n<!-- \/ Yoast SEO plugin. -->","yoast_head_json":{"title":"Transport a\u00e9rien\u00a0: L\u2019ouverture au priv\u00e9 se concr\u00e9tise\u00a0! - La Sentinelle","robots":{"index":"index","follow":"follow","max-snippet":"max-snippet:-1","max-image-preview":"max-image-preview:large","max-video-preview":"max-video-preview:-1"},"canonical":"https:\/\/lasentinelle.dz\/index.php\/2024\/11\/03\/transport-aerien-louverture-au-prive-se-concretise\/","og_locale":"fr_FR","og_type":"article","og_title":"Transport a\u00e9rien\u00a0: L\u2019ouverture au priv\u00e9 se concr\u00e9tise\u00a0! - La Sentinelle","og_description":"L&rsquo;Alg\u00e9rie ouvre une nouvelle page dans son histoire a\u00e9ronautique avec une double annonce majeure : la modernisation de la flotte","og_url":"https:\/\/lasentinelle.dz\/index.php\/2024\/11\/03\/transport-aerien-louverture-au-prive-se-concretise\/","og_site_name":"La Sentinelle","article_publisher":"https:\/\/www.facebook.com\/La-Sentinelle-104059864394773","article_published_time":"2024-11-03T10:32:40+00:00","article_modified_time":"2024-11-03T10:32:41+00:00","og_image":[{"width":1800,"height":900,"url":"https:\/\/lasentinelle.dz\/wp-content\/uploads\/2023\/05\/air-algerie.png","type":"image\/png"}],"author":"admin","twitter_card":"summary_large_image","twitter_misc":{"\u00c9crit par":"admin","Dur\u00e9e de lecture estim\u00e9e":"3 minutes"},"schema":{"@context":"https:\/\/schema.org","@graph":[{"@type":"Article","@id":"https:\/\/lasentinelle.dz\/index.php\/2024\/11\/03\/transport-aerien-louverture-au-prive-se-concretise\/#article","isPartOf":{"@id":"https:\/\/lasentinelle.dz\/index.php\/2024\/11\/03\/transport-aerien-louverture-au-prive-se-concretise\/"},"author":{"name":"admin","@id":"https:\/\/lasentinelle.dz\/#\/schema\/person\/729ee0024f24e0b8c5ec17232f8e8b41"},"headline":"Transport a\u00e9rien\u00a0: L\u2019ouverture au priv\u00e9 se concr\u00e9tise\u00a0!","datePublished":"2024-11-03T10:32:40+00:00","dateModified":"2024-11-03T10:32:41+00:00","mainEntityOfPage":{"@id":"https:\/\/lasentinelle.dz\/index.php\/2024\/11\/03\/transport-aerien-louverture-au-prive-se-concretise\/"},"wordCount":602,"commentCount":0,"publisher":{"@id":"https:\/\/lasentinelle.dz\/#organization"},"image":{"@id":"https:\/\/lasentinelle.dz\/index.php\/2024\/11\/03\/transport-aerien-louverture-au-prive-se-concretise\/#primaryimage"},"thumbnailUrl":"https:\/\/lasentinelle.dz\/wp-content\/uploads\/2023\/05\/air-algerie.png","articleSection":["\u00c0 la Une","\u00c9conomie"],"inLanguage":"fr-FR","potentialAction":[{"@type":"CommentAction","name":"Comment","target":["https:\/\/lasentinelle.dz\/index.php\/2024\/11\/03\/transport-aerien-louverture-au-prive-se-concretise\/#respond"]}]},{"@type":"WebPage","@id":"https:\/\/lasentinelle.dz\/index.php\/2024\/11\/03\/transport-aerien-louverture-au-prive-se-concretise\/","url":"https:\/\/lasentinelle.dz\/index.php\/2024\/11\/03\/transport-aerien-louverture-au-prive-se-concretise\/","name":"Transport a\u00e9rien\u00a0: L\u2019ouverture au priv\u00e9 se concr\u00e9tise\u00a0! - La Sentinelle","isPartOf":{"@id":"https:\/\/lasentinelle.dz\/#website"},"primaryImageOfPage":{"@id":"https:\/\/lasentinelle.dz\/index.php\/2024\/11\/03\/transport-aerien-louverture-au-prive-se-concretise\/#primaryimage"},"image":{"@id":"https:\/\/lasentinelle.dz\/index.php\/2024\/11\/03\/transport-aerien-louverture-au-prive-se-concretise\/#primaryimage"},"thumbnailUrl":"https:\/\/lasentinelle.dz\/wp-content\/uploads\/2023\/05\/air-algerie.png","datePublished":"2024-11-03T10:32:40+00:00","dateModified":"2024-11-03T10:32:41+00:00","breadcrumb":{"@id":"https:\/\/lasentinelle.dz\/index.php\/2024\/11\/03\/transport-aerien-louverture-au-prive-se-concretise\/#breadcrumb"},"inLanguage":"fr-FR","potentialAction":[{"@type":"ReadAction","target":["https:\/\/lasentinelle.dz\/index.php\/2024\/11\/03\/transport-aerien-louverture-au-prive-se-concretise\/"]}]},{"@type":"ImageObject","inLanguage":"fr-FR","@id":"https:\/\/lasentinelle.dz\/index.php\/2024\/11\/03\/transport-aerien-louverture-au-prive-se-concretise\/#primaryimage","url":"https:\/\/lasentinelle.dz\/wp-content\/uploads\/2023\/05\/air-algerie.png","contentUrl":"https:\/\/lasentinelle.dz\/wp-content\/uploads\/2023\/05\/air-algerie.png","width":1800,"height":900},{"@type":"BreadcrumbList","@id":"https:\/\/lasentinelle.dz\/index.php\/2024\/11\/03\/transport-aerien-louverture-au-prive-se-concretise\/#breadcrumb","itemListElement":[{"@type":"ListItem","position":1,"name":"Accueil","item":"https:\/\/lasentinelle.dz\/"},{"@type":"ListItem","position":2,"name":"Transport a\u00e9rien\u00a0: L\u2019ouverture au priv\u00e9 se concr\u00e9tise\u00a0!"}]},{"@type":"WebSite","@id":"https:\/\/lasentinelle.dz\/#website","url":"https:\/\/lasentinelle.dz\/","name":"La Sentinelle","description":"Quotidien national d&#039;information","publisher":{"@id":"https:\/\/lasentinelle.dz\/#organization"},"potentialAction":[{"@type":"SearchAction","target":{"@type":"EntryPoint","urlTemplate":"https:\/\/lasentinelle.dz\/?s={search_term_string}"},"query-input":{"@type":"PropertyValueSpecification","valueRequired":true,"valueName":"search_term_string"}}],"inLanguage":"fr-FR"},{"@type":"Organization","@id":"https:\/\/lasentinelle.dz\/#organization","name":"Quotidien La Sentinelle","url":"https:\/\/lasentinelle.dz\/","logo":{"@type":"ImageObject","inLanguage":"fr-FR","@id":"https:\/\/lasentinelle.dz\/#\/schema\/logo\/image\/","url":"https:\/\/lasentinelle.dz\/wp-content\/uploads\/2021\/09\/logo-sentinelleSLOGAN-1.png","contentUrl":"https:\/\/lasentinelle.dz\/wp-content\/uploads\/2021\/09\/logo-sentinelleSLOGAN-1.png","width":615,"height":142,"caption":"Quotidien La Sentinelle"},"image":{"@id":"https:\/\/lasentinelle.dz\/#\/schema\/logo\/image\/"},"sameAs":["https:\/\/www.facebook.com\/La-Sentinelle-104059864394773"]},{"@type":"Person","@id":"https:\/\/lasentinelle.dz\/#\/schema\/person\/729ee0024f24e0b8c5ec17232f8e8b41","name":"admin","image":{"@type":"ImageObject","inLanguage":"fr-FR","@id":"https:\/\/secure.gravatar.com\/avatar\/4c81fed838786e9b53f540bf46533e750f5d292099ae3b66cfc6fb1982e29df7?s=96&d=mm&r=g","url":"https:\/\/secure.gravatar.com\/avatar\/4c81fed838786e9b53f540bf46533e750f5d292099ae3b66cfc6fb1982e29df7?s=96&d=mm&r=g","contentUrl":"https:\/\/secure.gravatar.com\/avatar\/4c81fed838786e9b53f540bf46533e750f5d292099ae3b66cfc6fb1982e29df7?s=96&d=mm&r=g","caption":"admin"},"description":"admin","url":"https:\/\/lasentinelle.dz\/author\/admin\/"}]}},"_links":{"self":[{"href":"https:\/\/lasentinelle.dz\/index.php\/wp-json\/wp\/v2\/posts\/58862","targetHints":{"allow":["GET"]}}],"collection":[{"href":"https:\/\/lasentinelle.dz\/index.php\/wp-json\/wp\/v2\/posts"}],"about":[{"href":"https:\/\/lasentinelle.dz\/index.php\/wp-json\/wp\/v2\/types\/post"}],"author":[{"embeddable":true,"href":"https:\/\/lasentinelle.dz\/index.php\/wp-json\/wp\/v2\/users\/6"}],"replies":[{"embeddable":true,"href":"https:\/\/lasentinelle.dz\/index.php\/wp-json\/wp\/v2\/comments?post=58862"}],"version-history":[{"count":1,"href":"https:\/\/lasentinelle.dz\/index.php\/wp-json\/wp\/v2\/posts\/58862\/revisions"}],"predecessor-version":[{"id":58863,"href":"https:\/\/lasentinelle.dz\/index.php\/wp-json\/wp\/v2\/posts\/58862\/revisions\/58863"}],"wp:featuredmedia":[{"embeddable":true,"href":"https:\/\/lasentinelle.dz\/index.php\/wp-json\/wp\/v2\/media\/40893"}],"wp:attachment":[{"href":"https:\/\/lasentinelle.dz\/index.php\/wp-json\/wp\/v2\/media?parent=58862"}],"wp:term":[{"taxonomy":"category","embeddable":true,"href":"https:\/\/lasentinelle.dz\/index.php\/wp-json\/wp\/v2\/categories?post=58862"},{"taxonomy":"post_tag","embeddable":true,"href":"https:\/\/lasentinelle.dz\/index.php\/wp-json\/wp\/v2\/tags?post=58862"}],"curies":[{"name":"wp","href":"https:\/\/api.w.org\/{rel}","templated":true}]}}