{"id":58868,"date":"2024-11-03T11:35:11","date_gmt":"2024-11-03T10:35:11","guid":{"rendered":"https:\/\/lasentinelle.dz\/?p=58868"},"modified":"2024-11-03T11:35:12","modified_gmt":"2024-11-03T10:35:12","slug":"nouveau-scandale-au-sein-du-groupe-imetal-six-personnes-placees-sous-controle-judiciaire","status":"publish","type":"post","link":"https:\/\/lasentinelle.dz\/index.php\/2024\/11\/03\/nouveau-scandale-au-sein-du-groupe-imetal-six-personnes-placees-sous-controle-judiciaire\/","title":{"rendered":"Nouveau scandale au sein du groupe Imetal\u00a0: Six personnes plac\u00e9es sous contr\u00f4le judiciaire\u00a0"},"content":{"rendered":"\n<p>Les enqu\u00eates qui se poursuivent dans ce lourd dossier, ont d\u00e9voil\u00e9 l&rsquo;implication d&rsquo;autres personnes.<\/p>\n\n\n\n<p>Selon les informations confi\u00e9es par une source judiciaire, le juge d&rsquo;instruction de la 3e chambre au p\u00f4le p\u00e9nal, financier \u00e9conomique, de Sidi M&rsquo;Hamed, a plac\u00e9 six personnes sous contr\u00f4le judiciaire. Selon la m\u00eame source, pas moins de dix individus ont \u00e9t\u00e9 d\u00e9f\u00e9r\u00e9s devant le magistrat instructeur de la m\u00eame chambre o\u00f9, les auditions se sont poursuivies jusque tard dans la soir\u00e9e du mardi, nous dit-on. Bien que l&rsquo;identit\u00e9 des 10 mis en cause dans cette affaire n&rsquo;ont pas \u00e9t\u00e9 r\u00e9v\u00e9l\u00e9s pour des raisons li\u00e9es au secret de l&rsquo;enqu\u00eate, il s&rsquo;agirait, selon nos sources de personnes dont les noms ont \u00e9t\u00e9 \u00e9voqu\u00e9s dans les rapports d&rsquo;enqu\u00eates des services de s\u00e9curit\u00e9. Par ailleurs, selon les informations apport\u00e9es par nos sources sur cette affaire, l&rsquo;homme d&rsquo;affaire r\u00e9pondant au surnom de Nounou Manita, a avou\u00e9 devant le magistrat instructeur, avoir donn\u00e9 une somme d&rsquo;argent au fils d&rsquo;un ministre du gouvernement actuel et au pr\u00e9sident directeur g\u00e9n\u00e9ral (PDG) du complexe Sider El Hadjar, (K.B) et le pr\u00e9sident directeur g\u00e9n\u00e9ral -PDG) de Fondal (S.N), ainsi que d&rsquo;autres accus\u00e9s. Ces derniers, dont l&rsquo;ex-pr\u00e9sident de la F\u00e9d\u00e9ration alg\u00e9rienne de football (FAF) (CH A)., tous impliqu\u00e9s dans une affaire de corruption, relative \u00e0 la conclusion de transactions suspectes, a expliqu\u00e9 notre m\u00eame source qui a pr\u00e9cis\u00e9 que l&rsquo;ex-pr\u00e9sident de la FAF a \u00e9t\u00e9 \u00e9galement plac\u00e9 sous contr\u00f4le judiciaire, dans le cadre de cette m\u00eame affaire. On rappelle que le juge d&rsquo;instruction de la 8e chambre au p\u00f4le p\u00e9nal financier et \u00e9conomique de Sidi M&rsquo;Hamed a plac\u00e9, la semaine derni\u00e8re quatre principaux mis en cause dans cette affaire \u00e0 sous mandat de d\u00e9p\u00f4t. Il s&rsquo;agit, rappelle-on encore, de Karim Boulaioun, ex pr\u00e9sident directeur g\u00e9n\u00e9ral (PDG) de l&rsquo;usine Sider El Hadjar-Annaba, Noureddine Salhi, ex pr\u00e9sident directeur g\u00e9n\u00e9ral de FONDAL et le fils d&rsquo;un ministre ainsi que l&rsquo;homme d&rsquo;affaire Nounou Manita. &nbsp;Le scandale se rapporte \u00e0 une affaire de corruption, relative \u00e0 la conclusion de transactions suspectes impliquant plusieurs filiales du groupe Imetal. Outre cela, on rappelle que l&rsquo;enqu\u00eate engag\u00e9e conjointement entre les services de s\u00e9curit\u00e9 a mis \u00e0 nu des agissements ill\u00e9gaux. Il s&rsquo;agit de la d\u00e9tention d&rsquo;un ordre de mission par un homme d&rsquo;affaires originaire de la r\u00e9gion ouest du pays (Oran) qui lui a permis \u00e0 d&rsquo;accompagner la d\u00e9l\u00e9gation alg\u00e9rienne, dans son d\u00e9placement, pour assister aux activit\u00e9s de l&rsquo;Union arabe des mines et de l&rsquo;acier, organis\u00e9es en Mauritanie. La d\u00e9l\u00e9gation \u00e9tait compos\u00e9e du PDG de Sider El Hadjar, le PDG de Fondal, et le PDG de l&rsquo;entreprise nationale de r\u00e9cup\u00e9ration (ENR). Des accords ont \u00e9t\u00e9 conclus et auxquels l&rsquo;homme d&rsquo;affaire a assist\u00e9. Sur ce point pr\u00e9cis, et selon certaines indiscr\u00e9tions, certains contrats auraient \u00e9t\u00e9 conclus pour le compte du sulfureux homme d&rsquo;affaires Oranais. Un volet sur lequel enqu\u00eate la 3e chambre du tribunal p\u00e9nal \u00e9conomique et financier de Sidi M\u2019hamed, nous dit-on. Compte tenu du caract\u00e8re confidentiel de l&rsquo;enqu\u00eate, seules ces informations ont fuit\u00e9, dans l&rsquo;attente d&rsquo;autres d\u00e9tails qui, nous dit-on, pourraient \u00eatre choquants.<\/p>\n\n\n\n<p><strong>Sofia Chahine<\/strong><\/p>\n","protected":false},"excerpt":{"rendered":"<p>Les enqu\u00eates qui se poursuivent dans ce lourd dossier, ont d\u00e9voil\u00e9 l&rsquo;implication d&rsquo;autres personnes. Selon les informations confi\u00e9es par une<\/p>\n","protected":false},"author":6,"featured_media":39241,"comment_status":"open","ping_status":"closed","sticky":false,"template":"","format":"standard","meta":{"colormag_page_container_layout":"default_layout","colormag_page_sidebar_layout":"default_layout","om_disable_all_campaigns":false,"_monsterinsights_skip_tracking":false,"_monsterinsights_sitenote_active":false,"_monsterinsights_sitenote_note":"","_monsterinsights_sitenote_category":0,"footnotes":"","_wpscppro_dont_share_socialmedia":false,"_wpscppro_custom_social_share_image":0,"_facebook_share_type":"default","_twitter_share_type":"default","_linkedin_share_type":"default","_pinterest_share_type":"default","_linkedin_share_type_page":"","_instagram_share_type":"default","_medium_share_type":"default","_threads_share_type":"","_google_business_share_type":"","_selected_social_profile":[],"_wpsp_enable_custom_social_template":false,"_wpsp_social_scheduling":{"enabled":false,"datetime":null,"platforms":[],"status":"template_only","dateOption":"today","timeOption":"now","customDays":"","customHours":"","customDate":"","customTime":"","schedulingType":"absolute"},"_wpsp_active_default_template":true},"categories":[27],"tags":[],"class_list":["post-58868","post","type-post","status-publish","format-standard","has-post-thumbnail","hentry","category-actualite"],"aioseo_notices":[],"yoast_head":"<!-- This site is optimized with the Yoast SEO plugin v27.5 - https:\/\/yoast.com\/product\/yoast-seo-wordpress\/ -->\n<title>Nouveau scandale au sein du groupe Imetal\u00a0: Six personnes plac\u00e9es sous contr\u00f4le judiciaire\u00a0 - La Sentinelle<\/title>\n<meta name=\"robots\" content=\"index, follow, max-snippet:-1, max-image-preview:large, max-video-preview:-1\" \/>\n<link rel=\"canonical\" href=\"https:\/\/lasentinelle.dz\/index.php\/2024\/11\/03\/nouveau-scandale-au-sein-du-groupe-imetal-six-personnes-placees-sous-controle-judiciaire\/\" \/>\n<meta property=\"og:locale\" content=\"fr_FR\" \/>\n<meta property=\"og:type\" content=\"article\" \/>\n<meta property=\"og:title\" content=\"Nouveau scandale au sein du groupe Imetal\u00a0: Six personnes plac\u00e9es sous contr\u00f4le judiciaire\u00a0 - La Sentinelle\" \/>\n<meta property=\"og:description\" content=\"Les enqu\u00eates qui se poursuivent dans ce lourd dossier, ont d\u00e9voil\u00e9 l&rsquo;implication d&rsquo;autres personnes. Selon les informations confi\u00e9es par une\" \/>\n<meta property=\"og:url\" content=\"https:\/\/lasentinelle.dz\/index.php\/2024\/11\/03\/nouveau-scandale-au-sein-du-groupe-imetal-six-personnes-placees-sous-controle-judiciaire\/\" \/>\n<meta property=\"og:site_name\" content=\"La Sentinelle\" \/>\n<meta property=\"article:publisher\" content=\"https:\/\/www.facebook.com\/La-Sentinelle-104059864394773\" \/>\n<meta property=\"article:published_time\" content=\"2024-11-03T10:35:11+00:00\" \/>\n<meta property=\"article:modified_time\" content=\"2024-11-03T10:35:12+00:00\" \/>\n<meta property=\"og:image\" content=\"https:\/\/lasentinelle.dz\/wp-content\/uploads\/2023\/04\/justice-1.png\" \/>\n\t<meta property=\"og:image:width\" content=\"1349\" \/>\n\t<meta property=\"og:image:height\" content=\"900\" \/>\n\t<meta property=\"og:image:type\" content=\"image\/png\" \/>\n<meta name=\"author\" content=\"admin\" \/>\n<meta name=\"twitter:card\" content=\"summary_large_image\" \/>\n<meta name=\"twitter:label1\" content=\"\u00c9crit par\" \/>\n\t<meta name=\"twitter:data1\" content=\"admin\" \/>\n\t<meta name=\"twitter:label2\" content=\"Dur\u00e9e de lecture estim\u00e9e\" \/>\n\t<meta name=\"twitter:data2\" content=\"3 minutes\" \/>\n<script type=\"application\/ld+json\" class=\"yoast-schema-graph\">{\"@context\":\"https:\\\/\\\/schema.org\",\"@graph\":[{\"@type\":\"Article\",\"@id\":\"https:\\\/\\\/lasentinelle.dz\\\/index.php\\\/2024\\\/11\\\/03\\\/nouveau-scandale-au-sein-du-groupe-imetal-six-personnes-placees-sous-controle-judiciaire\\\/#article\",\"isPartOf\":{\"@id\":\"https:\\\/\\\/lasentinelle.dz\\\/index.php\\\/2024\\\/11\\\/03\\\/nouveau-scandale-au-sein-du-groupe-imetal-six-personnes-placees-sous-controle-judiciaire\\\/\"},\"author\":{\"name\":\"admin\",\"@id\":\"https:\\\/\\\/lasentinelle.dz\\\/#\\\/schema\\\/person\\\/729ee0024f24e0b8c5ec17232f8e8b41\"},\"headline\":\"Nouveau scandale au sein du groupe Imetal\u00a0: Six personnes plac\u00e9es sous contr\u00f4le judiciaire\u00a0\",\"datePublished\":\"2024-11-03T10:35:11+00:00\",\"dateModified\":\"2024-11-03T10:35:12+00:00\",\"mainEntityOfPage\":{\"@id\":\"https:\\\/\\\/lasentinelle.dz\\\/index.php\\\/2024\\\/11\\\/03\\\/nouveau-scandale-au-sein-du-groupe-imetal-six-personnes-placees-sous-controle-judiciaire\\\/\"},\"wordCount\":624,\"commentCount\":0,\"publisher\":{\"@id\":\"https:\\\/\\\/lasentinelle.dz\\\/#organization\"},\"image\":{\"@id\":\"https:\\\/\\\/lasentinelle.dz\\\/index.php\\\/2024\\\/11\\\/03\\\/nouveau-scandale-au-sein-du-groupe-imetal-six-personnes-placees-sous-controle-judiciaire\\\/#primaryimage\"},\"thumbnailUrl\":\"https:\\\/\\\/lasentinelle.dz\\\/wp-content\\\/uploads\\\/2023\\\/04\\\/justice-1.png\",\"articleSection\":[\"Actualit\u00e9\"],\"inLanguage\":\"fr-FR\",\"potentialAction\":[{\"@type\":\"CommentAction\",\"name\":\"Comment\",\"target\":[\"https:\\\/\\\/lasentinelle.dz\\\/index.php\\\/2024\\\/11\\\/03\\\/nouveau-scandale-au-sein-du-groupe-imetal-six-personnes-placees-sous-controle-judiciaire\\\/#respond\"]}]},{\"@type\":\"WebPage\",\"@id\":\"https:\\\/\\\/lasentinelle.dz\\\/index.php\\\/2024\\\/11\\\/03\\\/nouveau-scandale-au-sein-du-groupe-imetal-six-personnes-placees-sous-controle-judiciaire\\\/\",\"url\":\"https:\\\/\\\/lasentinelle.dz\\\/index.php\\\/2024\\\/11\\\/03\\\/nouveau-scandale-au-sein-du-groupe-imetal-six-personnes-placees-sous-controle-judiciaire\\\/\",\"name\":\"Nouveau scandale au sein du groupe Imetal\u00a0: Six personnes plac\u00e9es sous contr\u00f4le judiciaire\u00a0 - La Sentinelle\",\"isPartOf\":{\"@id\":\"https:\\\/\\\/lasentinelle.dz\\\/#website\"},\"primaryImageOfPage\":{\"@id\":\"https:\\\/\\\/lasentinelle.dz\\\/index.php\\\/2024\\\/11\\\/03\\\/nouveau-scandale-au-sein-du-groupe-imetal-six-personnes-placees-sous-controle-judiciaire\\\/#primaryimage\"},\"image\":{\"@id\":\"https:\\\/\\\/lasentinelle.dz\\\/index.php\\\/2024\\\/11\\\/03\\\/nouveau-scandale-au-sein-du-groupe-imetal-six-personnes-placees-sous-controle-judiciaire\\\/#primaryimage\"},\"thumbnailUrl\":\"https:\\\/\\\/lasentinelle.dz\\\/wp-content\\\/uploads\\\/2023\\\/04\\\/justice-1.png\",\"datePublished\":\"2024-11-03T10:35:11+00:00\",\"dateModified\":\"2024-11-03T10:35:12+00:00\",\"breadcrumb\":{\"@id\":\"https:\\\/\\\/lasentinelle.dz\\\/index.php\\\/2024\\\/11\\\/03\\\/nouveau-scandale-au-sein-du-groupe-imetal-six-personnes-placees-sous-controle-judiciaire\\\/#breadcrumb\"},\"inLanguage\":\"fr-FR\",\"potentialAction\":[{\"@type\":\"ReadAction\",\"target\":[\"https:\\\/\\\/lasentinelle.dz\\\/index.php\\\/2024\\\/11\\\/03\\\/nouveau-scandale-au-sein-du-groupe-imetal-six-personnes-placees-sous-controle-judiciaire\\\/\"]}]},{\"@type\":\"ImageObject\",\"inLanguage\":\"fr-FR\",\"@id\":\"https:\\\/\\\/lasentinelle.dz\\\/index.php\\\/2024\\\/11\\\/03\\\/nouveau-scandale-au-sein-du-groupe-imetal-six-personnes-placees-sous-controle-judiciaire\\\/#primaryimage\",\"url\":\"https:\\\/\\\/lasentinelle.dz\\\/wp-content\\\/uploads\\\/2023\\\/04\\\/justice-1.png\",\"contentUrl\":\"https:\\\/\\\/lasentinelle.dz\\\/wp-content\\\/uploads\\\/2023\\\/04\\\/justice-1.png\",\"width\":1349,\"height\":900},{\"@type\":\"BreadcrumbList\",\"@id\":\"https:\\\/\\\/lasentinelle.dz\\\/index.php\\\/2024\\\/11\\\/03\\\/nouveau-scandale-au-sein-du-groupe-imetal-six-personnes-placees-sous-controle-judiciaire\\\/#breadcrumb\",\"itemListElement\":[{\"@type\":\"ListItem\",\"position\":1,\"name\":\"Accueil\",\"item\":\"https:\\\/\\\/lasentinelle.dz\\\/\"},{\"@type\":\"ListItem\",\"position\":2,\"name\":\"Nouveau scandale au sein du groupe Imetal\u00a0: Six personnes plac\u00e9es sous contr\u00f4le judiciaire\u00a0\"}]},{\"@type\":\"WebSite\",\"@id\":\"https:\\\/\\\/lasentinelle.dz\\\/#website\",\"url\":\"https:\\\/\\\/lasentinelle.dz\\\/\",\"name\":\"La Sentinelle\",\"description\":\"Quotidien national d&#039;information\",\"publisher\":{\"@id\":\"https:\\\/\\\/lasentinelle.dz\\\/#organization\"},\"potentialAction\":[{\"@type\":\"SearchAction\",\"target\":{\"@type\":\"EntryPoint\",\"urlTemplate\":\"https:\\\/\\\/lasentinelle.dz\\\/?s={search_term_string}\"},\"query-input\":{\"@type\":\"PropertyValueSpecification\",\"valueRequired\":true,\"valueName\":\"search_term_string\"}}],\"inLanguage\":\"fr-FR\"},{\"@type\":\"Organization\",\"@id\":\"https:\\\/\\\/lasentinelle.dz\\\/#organization\",\"name\":\"Quotidien La Sentinelle\",\"url\":\"https:\\\/\\\/lasentinelle.dz\\\/\",\"logo\":{\"@type\":\"ImageObject\",\"inLanguage\":\"fr-FR\",\"@id\":\"https:\\\/\\\/lasentinelle.dz\\\/#\\\/schema\\\/logo\\\/image\\\/\",\"url\":\"https:\\\/\\\/lasentinelle.dz\\\/wp-content\\\/uploads\\\/2021\\\/09\\\/logo-sentinelleSLOGAN-1.png\",\"contentUrl\":\"https:\\\/\\\/lasentinelle.dz\\\/wp-content\\\/uploads\\\/2021\\\/09\\\/logo-sentinelleSLOGAN-1.png\",\"width\":615,\"height\":142,\"caption\":\"Quotidien La Sentinelle\"},\"image\":{\"@id\":\"https:\\\/\\\/lasentinelle.dz\\\/#\\\/schema\\\/logo\\\/image\\\/\"},\"sameAs\":[\"https:\\\/\\\/www.facebook.com\\\/La-Sentinelle-104059864394773\"]},{\"@type\":\"Person\",\"@id\":\"https:\\\/\\\/lasentinelle.dz\\\/#\\\/schema\\\/person\\\/729ee0024f24e0b8c5ec17232f8e8b41\",\"name\":\"admin\",\"image\":{\"@type\":\"ImageObject\",\"inLanguage\":\"fr-FR\",\"@id\":\"https:\\\/\\\/secure.gravatar.com\\\/avatar\\\/4c81fed838786e9b53f540bf46533e750f5d292099ae3b66cfc6fb1982e29df7?s=96&d=mm&r=g\",\"url\":\"https:\\\/\\\/secure.gravatar.com\\\/avatar\\\/4c81fed838786e9b53f540bf46533e750f5d292099ae3b66cfc6fb1982e29df7?s=96&d=mm&r=g\",\"contentUrl\":\"https:\\\/\\\/secure.gravatar.com\\\/avatar\\\/4c81fed838786e9b53f540bf46533e750f5d292099ae3b66cfc6fb1982e29df7?s=96&d=mm&r=g\",\"caption\":\"admin\"},\"description\":\"admin\",\"url\":\"https:\\\/\\\/lasentinelle.dz\\\/author\\\/admin\\\/\"}]}<\/script>\n<!-- \/ Yoast SEO plugin. -->","yoast_head_json":{"title":"Nouveau scandale au sein du groupe Imetal\u00a0: Six personnes plac\u00e9es sous contr\u00f4le judiciaire\u00a0 - La Sentinelle","robots":{"index":"index","follow":"follow","max-snippet":"max-snippet:-1","max-image-preview":"max-image-preview:large","max-video-preview":"max-video-preview:-1"},"canonical":"https:\/\/lasentinelle.dz\/index.php\/2024\/11\/03\/nouveau-scandale-au-sein-du-groupe-imetal-six-personnes-placees-sous-controle-judiciaire\/","og_locale":"fr_FR","og_type":"article","og_title":"Nouveau scandale au sein du groupe Imetal\u00a0: Six personnes plac\u00e9es sous contr\u00f4le judiciaire\u00a0 - La Sentinelle","og_description":"Les enqu\u00eates qui se poursuivent dans ce lourd dossier, ont d\u00e9voil\u00e9 l&rsquo;implication d&rsquo;autres personnes. Selon les informations confi\u00e9es par une","og_url":"https:\/\/lasentinelle.dz\/index.php\/2024\/11\/03\/nouveau-scandale-au-sein-du-groupe-imetal-six-personnes-placees-sous-controle-judiciaire\/","og_site_name":"La Sentinelle","article_publisher":"https:\/\/www.facebook.com\/La-Sentinelle-104059864394773","article_published_time":"2024-11-03T10:35:11+00:00","article_modified_time":"2024-11-03T10:35:12+00:00","og_image":[{"width":1349,"height":900,"url":"https:\/\/lasentinelle.dz\/wp-content\/uploads\/2023\/04\/justice-1.png","type":"image\/png"}],"author":"admin","twitter_card":"summary_large_image","twitter_misc":{"\u00c9crit par":"admin","Dur\u00e9e de lecture estim\u00e9e":"3 minutes"},"schema":{"@context":"https:\/\/schema.org","@graph":[{"@type":"Article","@id":"https:\/\/lasentinelle.dz\/index.php\/2024\/11\/03\/nouveau-scandale-au-sein-du-groupe-imetal-six-personnes-placees-sous-controle-judiciaire\/#article","isPartOf":{"@id":"https:\/\/lasentinelle.dz\/index.php\/2024\/11\/03\/nouveau-scandale-au-sein-du-groupe-imetal-six-personnes-placees-sous-controle-judiciaire\/"},"author":{"name":"admin","@id":"https:\/\/lasentinelle.dz\/#\/schema\/person\/729ee0024f24e0b8c5ec17232f8e8b41"},"headline":"Nouveau scandale au sein du groupe Imetal\u00a0: Six personnes plac\u00e9es sous contr\u00f4le judiciaire\u00a0","datePublished":"2024-11-03T10:35:11+00:00","dateModified":"2024-11-03T10:35:12+00:00","mainEntityOfPage":{"@id":"https:\/\/lasentinelle.dz\/index.php\/2024\/11\/03\/nouveau-scandale-au-sein-du-groupe-imetal-six-personnes-placees-sous-controle-judiciaire\/"},"wordCount":624,"commentCount":0,"publisher":{"@id":"https:\/\/lasentinelle.dz\/#organization"},"image":{"@id":"https:\/\/lasentinelle.dz\/index.php\/2024\/11\/03\/nouveau-scandale-au-sein-du-groupe-imetal-six-personnes-placees-sous-controle-judiciaire\/#primaryimage"},"thumbnailUrl":"https:\/\/lasentinelle.dz\/wp-content\/uploads\/2023\/04\/justice-1.png","articleSection":["Actualit\u00e9"],"inLanguage":"fr-FR","potentialAction":[{"@type":"CommentAction","name":"Comment","target":["https:\/\/lasentinelle.dz\/index.php\/2024\/11\/03\/nouveau-scandale-au-sein-du-groupe-imetal-six-personnes-placees-sous-controle-judiciaire\/#respond"]}]},{"@type":"WebPage","@id":"https:\/\/lasentinelle.dz\/index.php\/2024\/11\/03\/nouveau-scandale-au-sein-du-groupe-imetal-six-personnes-placees-sous-controle-judiciaire\/","url":"https:\/\/lasentinelle.dz\/index.php\/2024\/11\/03\/nouveau-scandale-au-sein-du-groupe-imetal-six-personnes-placees-sous-controle-judiciaire\/","name":"Nouveau scandale au sein du groupe Imetal\u00a0: Six personnes plac\u00e9es sous contr\u00f4le judiciaire\u00a0 - La Sentinelle","isPartOf":{"@id":"https:\/\/lasentinelle.dz\/#website"},"primaryImageOfPage":{"@id":"https:\/\/lasentinelle.dz\/index.php\/2024\/11\/03\/nouveau-scandale-au-sein-du-groupe-imetal-six-personnes-placees-sous-controle-judiciaire\/#primaryimage"},"image":{"@id":"https:\/\/lasentinelle.dz\/index.php\/2024\/11\/03\/nouveau-scandale-au-sein-du-groupe-imetal-six-personnes-placees-sous-controle-judiciaire\/#primaryimage"},"thumbnailUrl":"https:\/\/lasentinelle.dz\/wp-content\/uploads\/2023\/04\/justice-1.png","datePublished":"2024-11-03T10:35:11+00:00","dateModified":"2024-11-03T10:35:12+00:00","breadcrumb":{"@id":"https:\/\/lasentinelle.dz\/index.php\/2024\/11\/03\/nouveau-scandale-au-sein-du-groupe-imetal-six-personnes-placees-sous-controle-judiciaire\/#breadcrumb"},"inLanguage":"fr-FR","potentialAction":[{"@type":"ReadAction","target":["https:\/\/lasentinelle.dz\/index.php\/2024\/11\/03\/nouveau-scandale-au-sein-du-groupe-imetal-six-personnes-placees-sous-controle-judiciaire\/"]}]},{"@type":"ImageObject","inLanguage":"fr-FR","@id":"https:\/\/lasentinelle.dz\/index.php\/2024\/11\/03\/nouveau-scandale-au-sein-du-groupe-imetal-six-personnes-placees-sous-controle-judiciaire\/#primaryimage","url":"https:\/\/lasentinelle.dz\/wp-content\/uploads\/2023\/04\/justice-1.png","contentUrl":"https:\/\/lasentinelle.dz\/wp-content\/uploads\/2023\/04\/justice-1.png","width":1349,"height":900},{"@type":"BreadcrumbList","@id":"https:\/\/lasentinelle.dz\/index.php\/2024\/11\/03\/nouveau-scandale-au-sein-du-groupe-imetal-six-personnes-placees-sous-controle-judiciaire\/#breadcrumb","itemListElement":[{"@type":"ListItem","position":1,"name":"Accueil","item":"https:\/\/lasentinelle.dz\/"},{"@type":"ListItem","position":2,"name":"Nouveau scandale au sein du groupe Imetal\u00a0: Six personnes plac\u00e9es sous contr\u00f4le judiciaire\u00a0"}]},{"@type":"WebSite","@id":"https:\/\/lasentinelle.dz\/#website","url":"https:\/\/lasentinelle.dz\/","name":"La Sentinelle","description":"Quotidien national d&#039;information","publisher":{"@id":"https:\/\/lasentinelle.dz\/#organization"},"potentialAction":[{"@type":"SearchAction","target":{"@type":"EntryPoint","urlTemplate":"https:\/\/lasentinelle.dz\/?s={search_term_string}"},"query-input":{"@type":"PropertyValueSpecification","valueRequired":true,"valueName":"search_term_string"}}],"inLanguage":"fr-FR"},{"@type":"Organization","@id":"https:\/\/lasentinelle.dz\/#organization","name":"Quotidien La Sentinelle","url":"https:\/\/lasentinelle.dz\/","logo":{"@type":"ImageObject","inLanguage":"fr-FR","@id":"https:\/\/lasentinelle.dz\/#\/schema\/logo\/image\/","url":"https:\/\/lasentinelle.dz\/wp-content\/uploads\/2021\/09\/logo-sentinelleSLOGAN-1.png","contentUrl":"https:\/\/lasentinelle.dz\/wp-content\/uploads\/2021\/09\/logo-sentinelleSLOGAN-1.png","width":615,"height":142,"caption":"Quotidien La Sentinelle"},"image":{"@id":"https:\/\/lasentinelle.dz\/#\/schema\/logo\/image\/"},"sameAs":["https:\/\/www.facebook.com\/La-Sentinelle-104059864394773"]},{"@type":"Person","@id":"https:\/\/lasentinelle.dz\/#\/schema\/person\/729ee0024f24e0b8c5ec17232f8e8b41","name":"admin","image":{"@type":"ImageObject","inLanguage":"fr-FR","@id":"https:\/\/secure.gravatar.com\/avatar\/4c81fed838786e9b53f540bf46533e750f5d292099ae3b66cfc6fb1982e29df7?s=96&d=mm&r=g","url":"https:\/\/secure.gravatar.com\/avatar\/4c81fed838786e9b53f540bf46533e750f5d292099ae3b66cfc6fb1982e29df7?s=96&d=mm&r=g","contentUrl":"https:\/\/secure.gravatar.com\/avatar\/4c81fed838786e9b53f540bf46533e750f5d292099ae3b66cfc6fb1982e29df7?s=96&d=mm&r=g","caption":"admin"},"description":"admin","url":"https:\/\/lasentinelle.dz\/author\/admin\/"}]}},"_links":{"self":[{"href":"https:\/\/lasentinelle.dz\/index.php\/wp-json\/wp\/v2\/posts\/58868","targetHints":{"allow":["GET"]}}],"collection":[{"href":"https:\/\/lasentinelle.dz\/index.php\/wp-json\/wp\/v2\/posts"}],"about":[{"href":"https:\/\/lasentinelle.dz\/index.php\/wp-json\/wp\/v2\/types\/post"}],"author":[{"embeddable":true,"href":"https:\/\/lasentinelle.dz\/index.php\/wp-json\/wp\/v2\/users\/6"}],"replies":[{"embeddable":true,"href":"https:\/\/lasentinelle.dz\/index.php\/wp-json\/wp\/v2\/comments?post=58868"}],"version-history":[{"count":1,"href":"https:\/\/lasentinelle.dz\/index.php\/wp-json\/wp\/v2\/posts\/58868\/revisions"}],"predecessor-version":[{"id":58869,"href":"https:\/\/lasentinelle.dz\/index.php\/wp-json\/wp\/v2\/posts\/58868\/revisions\/58869"}],"wp:featuredmedia":[{"embeddable":true,"href":"https:\/\/lasentinelle.dz\/index.php\/wp-json\/wp\/v2\/media\/39241"}],"wp:attachment":[{"href":"https:\/\/lasentinelle.dz\/index.php\/wp-json\/wp\/v2\/media?parent=58868"}],"wp:term":[{"taxonomy":"category","embeddable":true,"href":"https:\/\/lasentinelle.dz\/index.php\/wp-json\/wp\/v2\/categories?post=58868"},{"taxonomy":"post_tag","embeddable":true,"href":"https:\/\/lasentinelle.dz\/index.php\/wp-json\/wp\/v2\/tags?post=58868"}],"curies":[{"name":"wp","href":"https:\/\/api.w.org\/{rel}","templated":true}]}}