{"id":58880,"date":"2024-11-03T11:41:05","date_gmt":"2024-11-03T10:41:05","guid":{"rendered":"https:\/\/lasentinelle.dz\/?p=58880"},"modified":"2024-11-03T11:41:05","modified_gmt":"2024-11-03T10:41:05","slug":"sur-les-pas-des-heros-el-djeich-celebre-les-70-ans-de-la-revolution","status":"publish","type":"post","link":"https:\/\/lasentinelle.dz\/index.php\/2024\/11\/03\/sur-les-pas-des-heros-el-djeich-celebre-les-70-ans-de-la-revolution\/","title":{"rendered":"\u00ab\u00a0Sur les pas des h\u00e9ros\u00a0\u00bb\u00a0: El-Dje\u00efch c\u00e9l\u00e8bre les 70 ans de la R\u00e9volution"},"content":{"rendered":"\n<p>Dans un num\u00e9ro sp\u00e9cial d\u00e9di\u00e9 au 70e anniversaire du d\u00e9clenchement de la R\u00e9volution du 1er novembre 1954, la revue El-Dje\u00efch publie un \u00e9ditorial marquant qui dresse un panorama des accomplissements de l&rsquo;Alg\u00e9rie et de ses perspectives d&rsquo;avenir. Intitul\u00e9 \u00ab\u00a0Sur les pas des h\u00e9ros\u00a0\u00bb, ce texte souligne l&rsquo;importance de \u00ab\u00a0valoriser les r\u00e9alisations accomplies par notre pays, qui poursuit, \u00e0 pas s\u00fbrs, son parcours parsem\u00e9 de triomphes\u00a0\u00bb.<\/p>\n\n\n\n<p>L&rsquo;\u00e9ditorial met particuli\u00e8rement en lumi\u00e8re le r\u00f4le de la jeunesse alg\u00e9rienne, d\u00e9crite comme \u00ab\u00a0attach\u00e9e \u00e0 sa glorieuse histoire, fi\u00e8re de ses braves a\u00efeux et inspir\u00e9e de leur h\u00e9ro\u00efsme\u00a0\u00bb. Cette nouvelle g\u00e9n\u00e9ration est pr\u00e9sent\u00e9e comme le fer de lance pour \u00ab\u00a0relever tous les d\u00e9fis et faire face \u00e0 toute menace, afin que l&rsquo;Alg\u00e9rie demeure \u00e0 jamais forte, s\u00fbre, prosp\u00e8re et grande\u00a0\u00bb. La revue rappelle les origines de la R\u00e9volution, \u00ab\u00a0l&rsquo;\u0153uvre d&rsquo;un groupe de jeunes alg\u00e9riens fid\u00e8les, profond\u00e9ment convaincus\u00a0\u00bb de leur victoire future. Elle souligne la dimension historique de cette lutte qui a dur\u00e9 plus de sept ans \u00ab\u00a0contre une des plus grandes puissances coloniales de l&rsquo;\u00e9poque\u00a0\u00bb, r\u00e9sistant \u00e0 \u00ab\u00a0la r\u00e9pression barbare et la torture m\u00e9thodique\u00a0\u00bb ainsi qu&rsquo;\u00e0 \u00ab\u00a0la politique de la terre br\u00fbl\u00e9e\u00a0\u00bb.<\/p>\n\n\n\n<p>Sur le plan international, l&rsquo;\u00e9ditorial r\u00e9affirme l&rsquo;engagement constant de l&rsquo;Alg\u00e9rie en faveur des causes justes, notamment son soutien au peuple palestinien face \u00e0 \u00ab\u00a0une agression sauvage ainsi qu&rsquo;une entreprise d&rsquo;extermination sans pareille des mains de l&rsquo;occupant sioniste\u00a0\u00bb. Le magazine rappelle \u00e9galement le soutien de l&rsquo;Alg\u00e9rie au droit du peuple sahraoui \u00e0 l&rsquo;autod\u00e9termination.<\/p>\n\n\n\n<p>Concernant le d\u00e9veloppement national, El-Dje\u00efch souligne les progr\u00e8s accomplis dans divers secteurs strat\u00e9giques. La revue met en avant les projets visant l&rsquo;autosuffisance alimentaire, la promotion des exportations hors hydrocarbures, et l&rsquo;attention particuli\u00e8re accord\u00e9e au logement. L&rsquo;industrie militaire est \u00e9galement cit\u00e9e comme un secteur cl\u00e9, avec l&rsquo;ambition de \u00ab\u00a0satisfaire nos besoins nationaux et se tourner vers l&rsquo;exportation\u00a0\u00bb.<\/p>\n\n\n\n<p>L&rsquo;\u00e9ditorial accorde une place importante \u00e0 l&rsquo;Arm\u00e9e nationale populaire (ANP), \u00ab\u00a0digne h\u00e9riti\u00e8re\u00a0\u00bb de l&rsquo;ALN, en soulignant ses progr\u00e8s en termes de \u00ab\u00a0d\u00e9veloppement et de professionnalisme\u00a0\u00bb. Citant le G\u00e9n\u00e9ral d&rsquo;Arm\u00e9e Sa\u00efd Chanegriha, la revue met en exergue la \u00ab\u00a0qu\u00eate incessante de poss\u00e9der tous les facteurs de force\u00a0\u00bb permettant de faire face aux d\u00e9fis contemporains.<\/p>\n\n\n\n<p>La conclusion de l&rsquo;\u00e9ditorial fait \u00e9cho aux paroles du Pr\u00e9sident Abdelmadjid Tebboune, \u00e9voquant une \u00ab\u00a0Alg\u00e9rie fi\u00e8re de son vaillant peuple et de sa jeunesse ambitieuse porteuse du flambeau du parach\u00e8vement de la marche nationale vers une Alg\u00e9rie nouvelle\u00a0\u00bb. Cette vision s&rsquo;inscrit dans la continuit\u00e9 des aspirations des Chouhada et des Moudjahidine, \u00ab\u00a0forte de ses potentialit\u00e9s et du g\u00e9nie de ses filles et fils, par fid\u00e9lit\u00e9 \u00e0 son Histoire nationale\u00a0\u00bb.<\/p>\n\n\n\n<p>R.N.<\/p>\n","protected":false},"excerpt":{"rendered":"<p>Dans un num\u00e9ro sp\u00e9cial d\u00e9di\u00e9 au 70e anniversaire du d\u00e9clenchement de la R\u00e9volution du 1er novembre 1954, la revue El-Dje\u00efch<\/p>\n","protected":false},"author":6,"featured_media":58881,"comment_status":"open","ping_status":"closed","sticky":false,"template":"","format":"standard","meta":{"colormag_page_container_layout":"default_layout","colormag_page_sidebar_layout":"default_layout","om_disable_all_campaigns":false,"_monsterinsights_skip_tracking":false,"_monsterinsights_sitenote_active":false,"_monsterinsights_sitenote_note":"","_monsterinsights_sitenote_category":0,"footnotes":"","_wpscppro_dont_share_socialmedia":false,"_wpscppro_custom_social_share_image":0,"_facebook_share_type":"default","_twitter_share_type":"default","_linkedin_share_type":"default","_pinterest_share_type":"default","_linkedin_share_type_page":"","_instagram_share_type":"default","_medium_share_type":"default","_threads_share_type":"","_google_business_share_type":"","_selected_social_profile":[],"_wpsp_enable_custom_social_template":false,"_wpsp_social_scheduling":{"enabled":false,"datetime":null,"platforms":[],"status":"template_only","dateOption":"today","timeOption":"now","customDays":"","customHours":"","customDate":"","customTime":"","schedulingType":"absolute"},"_wpsp_active_default_template":true},"categories":[27],"tags":[],"class_list":["post-58880","post","type-post","status-publish","format-standard","has-post-thumbnail","hentry","category-actualite"],"aioseo_notices":[],"yoast_head":"<!-- This site is optimized with the Yoast SEO plugin v27.5 - https:\/\/yoast.com\/product\/yoast-seo-wordpress\/ -->\n<title>\u00ab\u00a0Sur les pas des h\u00e9ros\u00a0\u00bb\u00a0: El-Dje\u00efch c\u00e9l\u00e8bre les 70 ans de la R\u00e9volution - La Sentinelle<\/title>\n<meta name=\"robots\" content=\"index, follow, max-snippet:-1, max-image-preview:large, max-video-preview:-1\" \/>\n<link rel=\"canonical\" href=\"https:\/\/lasentinelle.dz\/index.php\/2024\/11\/03\/sur-les-pas-des-heros-el-djeich-celebre-les-70-ans-de-la-revolution\/\" \/>\n<meta property=\"og:locale\" content=\"fr_FR\" \/>\n<meta property=\"og:type\" content=\"article\" \/>\n<meta property=\"og:title\" content=\"\u00ab\u00a0Sur les pas des h\u00e9ros\u00a0\u00bb\u00a0: El-Dje\u00efch c\u00e9l\u00e8bre les 70 ans de la R\u00e9volution - La Sentinelle\" \/>\n<meta property=\"og:description\" content=\"Dans un num\u00e9ro sp\u00e9cial d\u00e9di\u00e9 au 70e anniversaire du d\u00e9clenchement de la R\u00e9volution du 1er novembre 1954, la revue El-Dje\u00efch\" \/>\n<meta property=\"og:url\" content=\"https:\/\/lasentinelle.dz\/index.php\/2024\/11\/03\/sur-les-pas-des-heros-el-djeich-celebre-les-70-ans-de-la-revolution\/\" \/>\n<meta property=\"og:site_name\" content=\"La Sentinelle\" \/>\n<meta property=\"article:publisher\" content=\"https:\/\/www.facebook.com\/La-Sentinelle-104059864394773\" \/>\n<meta property=\"article:published_time\" content=\"2024-11-03T10:41:05+00:00\" \/>\n<meta property=\"og:image\" content=\"https:\/\/lasentinelle.dz\/wp-content\/uploads\/2024\/11\/revue-el-djeich-novemvre-2024.jpg\" \/>\n\t<meta property=\"og:image:width\" content=\"1060\" \/>\n\t<meta property=\"og:image:height\" content=\"800\" \/>\n\t<meta property=\"og:image:type\" content=\"image\/jpeg\" \/>\n<meta name=\"author\" content=\"admin\" \/>\n<meta name=\"twitter:card\" content=\"summary_large_image\" \/>\n<meta name=\"twitter:label1\" content=\"\u00c9crit par\" \/>\n\t<meta name=\"twitter:data1\" content=\"admin\" \/>\n\t<meta name=\"twitter:label2\" content=\"Dur\u00e9e de lecture estim\u00e9e\" \/>\n\t<meta name=\"twitter:data2\" content=\"3 minutes\" \/>\n<script type=\"application\/ld+json\" class=\"yoast-schema-graph\">{\"@context\":\"https:\\\/\\\/schema.org\",\"@graph\":[{\"@type\":\"Article\",\"@id\":\"https:\\\/\\\/lasentinelle.dz\\\/index.php\\\/2024\\\/11\\\/03\\\/sur-les-pas-des-heros-el-djeich-celebre-les-70-ans-de-la-revolution\\\/#article\",\"isPartOf\":{\"@id\":\"https:\\\/\\\/lasentinelle.dz\\\/index.php\\\/2024\\\/11\\\/03\\\/sur-les-pas-des-heros-el-djeich-celebre-les-70-ans-de-la-revolution\\\/\"},\"author\":{\"name\":\"admin\",\"@id\":\"https:\\\/\\\/lasentinelle.dz\\\/#\\\/schema\\\/person\\\/729ee0024f24e0b8c5ec17232f8e8b41\"},\"headline\":\"\u00ab\u00a0Sur les pas des h\u00e9ros\u00a0\u00bb\u00a0: El-Dje\u00efch c\u00e9l\u00e8bre les 70 ans de la R\u00e9volution\",\"datePublished\":\"2024-11-03T10:41:05+00:00\",\"mainEntityOfPage\":{\"@id\":\"https:\\\/\\\/lasentinelle.dz\\\/index.php\\\/2024\\\/11\\\/03\\\/sur-les-pas-des-heros-el-djeich-celebre-les-70-ans-de-la-revolution\\\/\"},\"wordCount\":522,\"commentCount\":0,\"publisher\":{\"@id\":\"https:\\\/\\\/lasentinelle.dz\\\/#organization\"},\"image\":{\"@id\":\"https:\\\/\\\/lasentinelle.dz\\\/index.php\\\/2024\\\/11\\\/03\\\/sur-les-pas-des-heros-el-djeich-celebre-les-70-ans-de-la-revolution\\\/#primaryimage\"},\"thumbnailUrl\":\"https:\\\/\\\/lasentinelle.dz\\\/wp-content\\\/uploads\\\/2024\\\/11\\\/revue-el-djeich-novemvre-2024.jpg\",\"articleSection\":[\"Actualit\u00e9\"],\"inLanguage\":\"fr-FR\",\"potentialAction\":[{\"@type\":\"CommentAction\",\"name\":\"Comment\",\"target\":[\"https:\\\/\\\/lasentinelle.dz\\\/index.php\\\/2024\\\/11\\\/03\\\/sur-les-pas-des-heros-el-djeich-celebre-les-70-ans-de-la-revolution\\\/#respond\"]}]},{\"@type\":\"WebPage\",\"@id\":\"https:\\\/\\\/lasentinelle.dz\\\/index.php\\\/2024\\\/11\\\/03\\\/sur-les-pas-des-heros-el-djeich-celebre-les-70-ans-de-la-revolution\\\/\",\"url\":\"https:\\\/\\\/lasentinelle.dz\\\/index.php\\\/2024\\\/11\\\/03\\\/sur-les-pas-des-heros-el-djeich-celebre-les-70-ans-de-la-revolution\\\/\",\"name\":\"\u00ab\u00a0Sur les pas des h\u00e9ros\u00a0\u00bb\u00a0: El-Dje\u00efch c\u00e9l\u00e8bre les 70 ans de la R\u00e9volution - La Sentinelle\",\"isPartOf\":{\"@id\":\"https:\\\/\\\/lasentinelle.dz\\\/#website\"},\"primaryImageOfPage\":{\"@id\":\"https:\\\/\\\/lasentinelle.dz\\\/index.php\\\/2024\\\/11\\\/03\\\/sur-les-pas-des-heros-el-djeich-celebre-les-70-ans-de-la-revolution\\\/#primaryimage\"},\"image\":{\"@id\":\"https:\\\/\\\/lasentinelle.dz\\\/index.php\\\/2024\\\/11\\\/03\\\/sur-les-pas-des-heros-el-djeich-celebre-les-70-ans-de-la-revolution\\\/#primaryimage\"},\"thumbnailUrl\":\"https:\\\/\\\/lasentinelle.dz\\\/wp-content\\\/uploads\\\/2024\\\/11\\\/revue-el-djeich-novemvre-2024.jpg\",\"datePublished\":\"2024-11-03T10:41:05+00:00\",\"breadcrumb\":{\"@id\":\"https:\\\/\\\/lasentinelle.dz\\\/index.php\\\/2024\\\/11\\\/03\\\/sur-les-pas-des-heros-el-djeich-celebre-les-70-ans-de-la-revolution\\\/#breadcrumb\"},\"inLanguage\":\"fr-FR\",\"potentialAction\":[{\"@type\":\"ReadAction\",\"target\":[\"https:\\\/\\\/lasentinelle.dz\\\/index.php\\\/2024\\\/11\\\/03\\\/sur-les-pas-des-heros-el-djeich-celebre-les-70-ans-de-la-revolution\\\/\"]}]},{\"@type\":\"ImageObject\",\"inLanguage\":\"fr-FR\",\"@id\":\"https:\\\/\\\/lasentinelle.dz\\\/index.php\\\/2024\\\/11\\\/03\\\/sur-les-pas-des-heros-el-djeich-celebre-les-70-ans-de-la-revolution\\\/#primaryimage\",\"url\":\"https:\\\/\\\/lasentinelle.dz\\\/wp-content\\\/uploads\\\/2024\\\/11\\\/revue-el-djeich-novemvre-2024.jpg\",\"contentUrl\":\"https:\\\/\\\/lasentinelle.dz\\\/wp-content\\\/uploads\\\/2024\\\/11\\\/revue-el-djeich-novemvre-2024.jpg\",\"width\":1060,\"height\":800},{\"@type\":\"BreadcrumbList\",\"@id\":\"https:\\\/\\\/lasentinelle.dz\\\/index.php\\\/2024\\\/11\\\/03\\\/sur-les-pas-des-heros-el-djeich-celebre-les-70-ans-de-la-revolution\\\/#breadcrumb\",\"itemListElement\":[{\"@type\":\"ListItem\",\"position\":1,\"name\":\"Accueil\",\"item\":\"https:\\\/\\\/lasentinelle.dz\\\/\"},{\"@type\":\"ListItem\",\"position\":2,\"name\":\"\u00ab\u00a0Sur les pas des h\u00e9ros\u00a0\u00bb\u00a0: El-Dje\u00efch c\u00e9l\u00e8bre les 70 ans de la R\u00e9volution\"}]},{\"@type\":\"WebSite\",\"@id\":\"https:\\\/\\\/lasentinelle.dz\\\/#website\",\"url\":\"https:\\\/\\\/lasentinelle.dz\\\/\",\"name\":\"La Sentinelle\",\"description\":\"Quotidien national d&#039;information\",\"publisher\":{\"@id\":\"https:\\\/\\\/lasentinelle.dz\\\/#organization\"},\"potentialAction\":[{\"@type\":\"SearchAction\",\"target\":{\"@type\":\"EntryPoint\",\"urlTemplate\":\"https:\\\/\\\/lasentinelle.dz\\\/?s={search_term_string}\"},\"query-input\":{\"@type\":\"PropertyValueSpecification\",\"valueRequired\":true,\"valueName\":\"search_term_string\"}}],\"inLanguage\":\"fr-FR\"},{\"@type\":\"Organization\",\"@id\":\"https:\\\/\\\/lasentinelle.dz\\\/#organization\",\"name\":\"Quotidien La Sentinelle\",\"url\":\"https:\\\/\\\/lasentinelle.dz\\\/\",\"logo\":{\"@type\":\"ImageObject\",\"inLanguage\":\"fr-FR\",\"@id\":\"https:\\\/\\\/lasentinelle.dz\\\/#\\\/schema\\\/logo\\\/image\\\/\",\"url\":\"https:\\\/\\\/lasentinelle.dz\\\/wp-content\\\/uploads\\\/2021\\\/09\\\/logo-sentinelleSLOGAN-1.png\",\"contentUrl\":\"https:\\\/\\\/lasentinelle.dz\\\/wp-content\\\/uploads\\\/2021\\\/09\\\/logo-sentinelleSLOGAN-1.png\",\"width\":615,\"height\":142,\"caption\":\"Quotidien La Sentinelle\"},\"image\":{\"@id\":\"https:\\\/\\\/lasentinelle.dz\\\/#\\\/schema\\\/logo\\\/image\\\/\"},\"sameAs\":[\"https:\\\/\\\/www.facebook.com\\\/La-Sentinelle-104059864394773\"]},{\"@type\":\"Person\",\"@id\":\"https:\\\/\\\/lasentinelle.dz\\\/#\\\/schema\\\/person\\\/729ee0024f24e0b8c5ec17232f8e8b41\",\"name\":\"admin\",\"image\":{\"@type\":\"ImageObject\",\"inLanguage\":\"fr-FR\",\"@id\":\"https:\\\/\\\/secure.gravatar.com\\\/avatar\\\/4c81fed838786e9b53f540bf46533e750f5d292099ae3b66cfc6fb1982e29df7?s=96&d=mm&r=g\",\"url\":\"https:\\\/\\\/secure.gravatar.com\\\/avatar\\\/4c81fed838786e9b53f540bf46533e750f5d292099ae3b66cfc6fb1982e29df7?s=96&d=mm&r=g\",\"contentUrl\":\"https:\\\/\\\/secure.gravatar.com\\\/avatar\\\/4c81fed838786e9b53f540bf46533e750f5d292099ae3b66cfc6fb1982e29df7?s=96&d=mm&r=g\",\"caption\":\"admin\"},\"description\":\"admin\",\"url\":\"https:\\\/\\\/lasentinelle.dz\\\/author\\\/admin\\\/\"}]}<\/script>\n<!-- \/ Yoast SEO plugin. -->","yoast_head_json":{"title":"\u00ab\u00a0Sur les pas des h\u00e9ros\u00a0\u00bb\u00a0: El-Dje\u00efch c\u00e9l\u00e8bre les 70 ans de la R\u00e9volution - La Sentinelle","robots":{"index":"index","follow":"follow","max-snippet":"max-snippet:-1","max-image-preview":"max-image-preview:large","max-video-preview":"max-video-preview:-1"},"canonical":"https:\/\/lasentinelle.dz\/index.php\/2024\/11\/03\/sur-les-pas-des-heros-el-djeich-celebre-les-70-ans-de-la-revolution\/","og_locale":"fr_FR","og_type":"article","og_title":"\u00ab\u00a0Sur les pas des h\u00e9ros\u00a0\u00bb\u00a0: El-Dje\u00efch c\u00e9l\u00e8bre les 70 ans de la R\u00e9volution - La Sentinelle","og_description":"Dans un num\u00e9ro sp\u00e9cial d\u00e9di\u00e9 au 70e anniversaire du d\u00e9clenchement de la R\u00e9volution du 1er novembre 1954, la revue El-Dje\u00efch","og_url":"https:\/\/lasentinelle.dz\/index.php\/2024\/11\/03\/sur-les-pas-des-heros-el-djeich-celebre-les-70-ans-de-la-revolution\/","og_site_name":"La Sentinelle","article_publisher":"https:\/\/www.facebook.com\/La-Sentinelle-104059864394773","article_published_time":"2024-11-03T10:41:05+00:00","og_image":[{"width":1060,"height":800,"url":"https:\/\/lasentinelle.dz\/wp-content\/uploads\/2024\/11\/revue-el-djeich-novemvre-2024.jpg","type":"image\/jpeg"}],"author":"admin","twitter_card":"summary_large_image","twitter_misc":{"\u00c9crit par":"admin","Dur\u00e9e de lecture estim\u00e9e":"3 minutes"},"schema":{"@context":"https:\/\/schema.org","@graph":[{"@type":"Article","@id":"https:\/\/lasentinelle.dz\/index.php\/2024\/11\/03\/sur-les-pas-des-heros-el-djeich-celebre-les-70-ans-de-la-revolution\/#article","isPartOf":{"@id":"https:\/\/lasentinelle.dz\/index.php\/2024\/11\/03\/sur-les-pas-des-heros-el-djeich-celebre-les-70-ans-de-la-revolution\/"},"author":{"name":"admin","@id":"https:\/\/lasentinelle.dz\/#\/schema\/person\/729ee0024f24e0b8c5ec17232f8e8b41"},"headline":"\u00ab\u00a0Sur les pas des h\u00e9ros\u00a0\u00bb\u00a0: El-Dje\u00efch c\u00e9l\u00e8bre les 70 ans de la R\u00e9volution","datePublished":"2024-11-03T10:41:05+00:00","mainEntityOfPage":{"@id":"https:\/\/lasentinelle.dz\/index.php\/2024\/11\/03\/sur-les-pas-des-heros-el-djeich-celebre-les-70-ans-de-la-revolution\/"},"wordCount":522,"commentCount":0,"publisher":{"@id":"https:\/\/lasentinelle.dz\/#organization"},"image":{"@id":"https:\/\/lasentinelle.dz\/index.php\/2024\/11\/03\/sur-les-pas-des-heros-el-djeich-celebre-les-70-ans-de-la-revolution\/#primaryimage"},"thumbnailUrl":"https:\/\/lasentinelle.dz\/wp-content\/uploads\/2024\/11\/revue-el-djeich-novemvre-2024.jpg","articleSection":["Actualit\u00e9"],"inLanguage":"fr-FR","potentialAction":[{"@type":"CommentAction","name":"Comment","target":["https:\/\/lasentinelle.dz\/index.php\/2024\/11\/03\/sur-les-pas-des-heros-el-djeich-celebre-les-70-ans-de-la-revolution\/#respond"]}]},{"@type":"WebPage","@id":"https:\/\/lasentinelle.dz\/index.php\/2024\/11\/03\/sur-les-pas-des-heros-el-djeich-celebre-les-70-ans-de-la-revolution\/","url":"https:\/\/lasentinelle.dz\/index.php\/2024\/11\/03\/sur-les-pas-des-heros-el-djeich-celebre-les-70-ans-de-la-revolution\/","name":"\u00ab\u00a0Sur les pas des h\u00e9ros\u00a0\u00bb\u00a0: El-Dje\u00efch c\u00e9l\u00e8bre les 70 ans de la R\u00e9volution - La Sentinelle","isPartOf":{"@id":"https:\/\/lasentinelle.dz\/#website"},"primaryImageOfPage":{"@id":"https:\/\/lasentinelle.dz\/index.php\/2024\/11\/03\/sur-les-pas-des-heros-el-djeich-celebre-les-70-ans-de-la-revolution\/#primaryimage"},"image":{"@id":"https:\/\/lasentinelle.dz\/index.php\/2024\/11\/03\/sur-les-pas-des-heros-el-djeich-celebre-les-70-ans-de-la-revolution\/#primaryimage"},"thumbnailUrl":"https:\/\/lasentinelle.dz\/wp-content\/uploads\/2024\/11\/revue-el-djeich-novemvre-2024.jpg","datePublished":"2024-11-03T10:41:05+00:00","breadcrumb":{"@id":"https:\/\/lasentinelle.dz\/index.php\/2024\/11\/03\/sur-les-pas-des-heros-el-djeich-celebre-les-70-ans-de-la-revolution\/#breadcrumb"},"inLanguage":"fr-FR","potentialAction":[{"@type":"ReadAction","target":["https:\/\/lasentinelle.dz\/index.php\/2024\/11\/03\/sur-les-pas-des-heros-el-djeich-celebre-les-70-ans-de-la-revolution\/"]}]},{"@type":"ImageObject","inLanguage":"fr-FR","@id":"https:\/\/lasentinelle.dz\/index.php\/2024\/11\/03\/sur-les-pas-des-heros-el-djeich-celebre-les-70-ans-de-la-revolution\/#primaryimage","url":"https:\/\/lasentinelle.dz\/wp-content\/uploads\/2024\/11\/revue-el-djeich-novemvre-2024.jpg","contentUrl":"https:\/\/lasentinelle.dz\/wp-content\/uploads\/2024\/11\/revue-el-djeich-novemvre-2024.jpg","width":1060,"height":800},{"@type":"BreadcrumbList","@id":"https:\/\/lasentinelle.dz\/index.php\/2024\/11\/03\/sur-les-pas-des-heros-el-djeich-celebre-les-70-ans-de-la-revolution\/#breadcrumb","itemListElement":[{"@type":"ListItem","position":1,"name":"Accueil","item":"https:\/\/lasentinelle.dz\/"},{"@type":"ListItem","position":2,"name":"\u00ab\u00a0Sur les pas des h\u00e9ros\u00a0\u00bb\u00a0: El-Dje\u00efch c\u00e9l\u00e8bre les 70 ans de la R\u00e9volution"}]},{"@type":"WebSite","@id":"https:\/\/lasentinelle.dz\/#website","url":"https:\/\/lasentinelle.dz\/","name":"La Sentinelle","description":"Quotidien national d&#039;information","publisher":{"@id":"https:\/\/lasentinelle.dz\/#organization"},"potentialAction":[{"@type":"SearchAction","target":{"@type":"EntryPoint","urlTemplate":"https:\/\/lasentinelle.dz\/?s={search_term_string}"},"query-input":{"@type":"PropertyValueSpecification","valueRequired":true,"valueName":"search_term_string"}}],"inLanguage":"fr-FR"},{"@type":"Organization","@id":"https:\/\/lasentinelle.dz\/#organization","name":"Quotidien La Sentinelle","url":"https:\/\/lasentinelle.dz\/","logo":{"@type":"ImageObject","inLanguage":"fr-FR","@id":"https:\/\/lasentinelle.dz\/#\/schema\/logo\/image\/","url":"https:\/\/lasentinelle.dz\/wp-content\/uploads\/2021\/09\/logo-sentinelleSLOGAN-1.png","contentUrl":"https:\/\/lasentinelle.dz\/wp-content\/uploads\/2021\/09\/logo-sentinelleSLOGAN-1.png","width":615,"height":142,"caption":"Quotidien La Sentinelle"},"image":{"@id":"https:\/\/lasentinelle.dz\/#\/schema\/logo\/image\/"},"sameAs":["https:\/\/www.facebook.com\/La-Sentinelle-104059864394773"]},{"@type":"Person","@id":"https:\/\/lasentinelle.dz\/#\/schema\/person\/729ee0024f24e0b8c5ec17232f8e8b41","name":"admin","image":{"@type":"ImageObject","inLanguage":"fr-FR","@id":"https:\/\/secure.gravatar.com\/avatar\/4c81fed838786e9b53f540bf46533e750f5d292099ae3b66cfc6fb1982e29df7?s=96&d=mm&r=g","url":"https:\/\/secure.gravatar.com\/avatar\/4c81fed838786e9b53f540bf46533e750f5d292099ae3b66cfc6fb1982e29df7?s=96&d=mm&r=g","contentUrl":"https:\/\/secure.gravatar.com\/avatar\/4c81fed838786e9b53f540bf46533e750f5d292099ae3b66cfc6fb1982e29df7?s=96&d=mm&r=g","caption":"admin"},"description":"admin","url":"https:\/\/lasentinelle.dz\/author\/admin\/"}]}},"_links":{"self":[{"href":"https:\/\/lasentinelle.dz\/index.php\/wp-json\/wp\/v2\/posts\/58880","targetHints":{"allow":["GET"]}}],"collection":[{"href":"https:\/\/lasentinelle.dz\/index.php\/wp-json\/wp\/v2\/posts"}],"about":[{"href":"https:\/\/lasentinelle.dz\/index.php\/wp-json\/wp\/v2\/types\/post"}],"author":[{"embeddable":true,"href":"https:\/\/lasentinelle.dz\/index.php\/wp-json\/wp\/v2\/users\/6"}],"replies":[{"embeddable":true,"href":"https:\/\/lasentinelle.dz\/index.php\/wp-json\/wp\/v2\/comments?post=58880"}],"version-history":[{"count":2,"href":"https:\/\/lasentinelle.dz\/index.php\/wp-json\/wp\/v2\/posts\/58880\/revisions"}],"predecessor-version":[{"id":58883,"href":"https:\/\/lasentinelle.dz\/index.php\/wp-json\/wp\/v2\/posts\/58880\/revisions\/58883"}],"wp:featuredmedia":[{"embeddable":true,"href":"https:\/\/lasentinelle.dz\/index.php\/wp-json\/wp\/v2\/media\/58881"}],"wp:attachment":[{"href":"https:\/\/lasentinelle.dz\/index.php\/wp-json\/wp\/v2\/media?parent=58880"}],"wp:term":[{"taxonomy":"category","embeddable":true,"href":"https:\/\/lasentinelle.dz\/index.php\/wp-json\/wp\/v2\/categories?post=58880"},{"taxonomy":"post_tag","embeddable":true,"href":"https:\/\/lasentinelle.dz\/index.php\/wp-json\/wp\/v2\/tags?post=58880"}],"curies":[{"name":"wp","href":"https:\/\/api.w.org\/{rel}","templated":true}]}}