{"id":58935,"date":"2024-10-31T12:14:00","date_gmt":"2024-10-31T11:14:00","guid":{"rendered":"https:\/\/lasentinelle.dz\/?p=58935"},"modified":"2024-11-03T12:15:07","modified_gmt":"2024-11-03T11:15:07","slug":"il-y-70-ans-la-declaration-du-1er-novembre-etait-diffusee-depuis-ighil-imoula-le-point-de-depart-de-la-plus-grande-guerre-de-liberation-de-lhistoire","status":"publish","type":"post","link":"https:\/\/lasentinelle.dz\/index.php\/2024\/10\/31\/il-y-70-ans-la-declaration-du-1er-novembre-etait-diffusee-depuis-ighil-imoula-le-point-de-depart-de-la-plus-grande-guerre-de-liberation-de-lhistoire\/","title":{"rendered":"Il y 70 ans, la D\u00e9claration du 1er Novembre \u00e9tait diffus\u00e9e depuis Ighil Imoula\u00a0: Le point de d\u00e9part de la plus grande guerre de lib\u00e9ration de l\u2019Histoire"},"content":{"rendered":"\n<p>Il y a 70 ans, dans les hauteurs de la Kabylie, un petit village allait entrer dans l&rsquo;Histoire en jouant un r\u00f4le d\u00e9terminant dans le d\u00e9clenchement de la Guerre de lib\u00e9ration nationale. Ighil Imoula, perch\u00e9 sur une colline de l&rsquo;actuelle wilaya de Tizi-Ouzou, fut le th\u00e9\u00e2tre d&rsquo;une op\u00e9ration secr\u00e8te qui allait changer le destin de l&rsquo;Alg\u00e9rie : la reproduction et la diffusion de la Proclamation du 1er novembre 1954.<\/p>\n\n\n\n<p>Le choix de ce village n&rsquo;\u00e9tait pas le fruit du hasard, comme le souligne Ouali Ait Ahmed, ancien officier de l&rsquo;Arm\u00e9e de lib\u00e9ration nationale (ALN) et actuel responsable du bureau de wilaya de Tizi-Ouzou de l&rsquo;Organisation nationale des Moudjahidine (ONM). Deux crit\u00e8res essentiels ont guid\u00e9 cette d\u00e9cision strat\u00e9gique : d&rsquo;une part, l&rsquo;engagement patriotique remarquable de ses habitants &#8211; pas moins de 19 villageois rejoindront le maquis d\u00e8s le d\u00e9but de la r\u00e9volution &#8211; et d&rsquo;autre part, un atout technique crucial : le village \u00e9tait l&rsquo;un des rares \u00e0 disposer de l&rsquo;\u00e9lectricit\u00e9, indispensable au fonctionnement de la ron\u00e9o qui devait dupliquer le document historique. L&rsquo;histoire de cette proclamation commence \u00e0 Alger, o\u00f9 le Comit\u00e9 des six &#8211; compos\u00e9 de Mustapha Benboulaid, Didouche Mourad, Krim Belkacem, Larbi Ben M&rsquo;hidi, Mohamed Boudiaf et Rabah Bitat &#8211; se r\u00e9unit le 10 octobre 1954. Didouche Mourad et Mohamed Boudiaf sont alors charg\u00e9s de la r\u00e9daction du texte. Le 23 octobre, apr\u00e8s validation du document par les six chefs historiques, Krim Belkacem se voit confier la mission de sa reproduction. Il transmet le manuscrit \u00e0 son adjoint Ali Zamoum, originaire d&rsquo;Ighil Imoula, avec une consigne stricte : ne modifier aucun \u00e9l\u00e9ment du texte, \u00ab\u00a0pas m\u00eame une virgule\u00a0\u00bb. L&rsquo;op\u00e9ration de reproduction mobilise un r\u00e9seau minutieusement orchestr\u00e9. La ron\u00e9o est d&rsquo;abord transport\u00e9e depuis le domicile d&rsquo;Abane Ramdane \u00e0 Larbaa n&rsquo;Ath Irathen par Fernane Hanafi. \u00c0 Oued Aissi, elle est confi\u00e9e \u00e0 trois militants d&rsquo;Ait Abdelmoumen qui la transmettent ensuite \u00e0 trois r\u00e9sistants d&rsquo;Ighil Imoula : Ali Zamoum, Mohamedi Saad et Ben Ramdani. Pour la dactylographie du document, on fait appel au journaliste et militant Mohamed Laichaoui, conduit au village les yeux band\u00e9s. Le travail s&rsquo;effectue dans la maison du militant Ben Ramdani Ramdane, pr\u00e8s de la placette du village. Pour couvrir le bruit suspect de la machine \u00e0 \u00e9crire, les militants organisent ing\u00e9nieusement une tombola improvis\u00e9e, les cris des participants masquant le cliquetis r\u00e9v\u00e9lateur. L&rsquo;op\u00e9ration, d\u00e9but\u00e9e le 25 octobre, s&rsquo;ach\u00e8ve le 27. Le dernier jour est consacr\u00e9 au conditionnement des documents pour leur distribution \u00e0 travers toutes les zones du pays, ainsi qu&rsquo;au Caire, en \u00c9gypte. Cette proclamation historique, qui marque l&rsquo;acte de naissance du Front de lib\u00e9ration nationale (FLN), d\u00e9finit les objectifs de la R\u00e9volution, ses moyens de lutte et les conditions d&rsquo;un \u00e9ventuel cessez-le-feu. La nuit du 31 octobre au 1er novembre, des attaques coordonn\u00e9es \u00e9clatent simultan\u00e9ment dans toute l&rsquo;Alg\u00e9rie. En Kabylie, Ali Mellah et ses hommes frappent \u00e0 Azazga, visant le si\u00e8ge de l&rsquo;administrateur de la commune mixte et la gendarmerie. Au Camp du Mar\u00e9chal (aujourd&rsquo;hui Tadmait), Ali Benour dirige la destruction des d\u00e9p\u00f4ts de li\u00e8ge et de tabac. D&rsquo;autres actions sont men\u00e9es \u00e0 Tigzirt et Dra\u00e2 El Mizan, cr\u00e9ant une onde de choc qui se propage dans l&rsquo;Oranie, l&rsquo;Alg\u00e9rois, les Aur\u00e8s et le Constantinois.<\/p>\n\n\n\n<p>Face \u00e0 cette offensive surprise, l&rsquo;administration coloniale riposte le lendemain par des arrestations massives de militants nationalistes. Mais il est d\u00e9j\u00e0 trop tard : la plus grande r\u00e9volution de lib\u00e9ration du XXe si\u00e8cle est en marche. Comme le souligne Si Ouali, le succ\u00e8s de ce soul\u00e8vement repose sur trois piliers fondamentaux : l&rsquo;union autour d&rsquo;un objectif commun &#8211; l&rsquo;ind\u00e9pendance -, une volont\u00e9 in\u00e9branlable et la conviction profonde de la victoire finale, qui interviendra le 5 juillet 1962. Aujourd&rsquo;hui, Ighil Imoula reste un symbole de cette p\u00e9riode h\u00e9ro\u00efque, t\u00e9moignant de la fa\u00e7on dont un modeste village de montagne est devenu le point de d\u00e9part d&rsquo;une r\u00e9volution qui allait changer le cours de l&rsquo;Histoire.<\/p>\n\n\n\n<p>Samir Benisid<\/p>\n","protected":false},"excerpt":{"rendered":"<p>Il y a 70 ans, dans les hauteurs de la Kabylie, un petit village allait entrer dans l&rsquo;Histoire en jouant<\/p>\n","protected":false},"author":2,"featured_media":58936,"comment_status":"open","ping_status":"closed","sticky":false,"template":"","format":"standard","meta":{"colormag_page_container_layout":"default_layout","colormag_page_sidebar_layout":"default_layout","om_disable_all_campaigns":false,"_monsterinsights_skip_tracking":false,"_monsterinsights_sitenote_active":false,"_monsterinsights_sitenote_note":"","_monsterinsights_sitenote_category":0,"footnotes":"","_wpscppro_dont_share_socialmedia":false,"_wpscppro_custom_social_share_image":0,"_facebook_share_type":"default","_twitter_share_type":"default","_linkedin_share_type":"default","_pinterest_share_type":"default","_linkedin_share_type_page":"","_instagram_share_type":"default","_medium_share_type":"default","_threads_share_type":"","_google_business_share_type":"","_selected_social_profile":[],"_wpsp_enable_custom_social_template":false,"_wpsp_social_scheduling":{"enabled":false,"datetime":null,"platforms":[],"status":"template_only","dateOption":"today","timeOption":"now","customDays":"","customHours":"","customDate":"","customTime":"","schedulingType":"absolute"},"_wpsp_active_default_template":true},"categories":[27],"tags":[],"class_list":["post-58935","post","type-post","status-publish","format-standard","has-post-thumbnail","hentry","category-actualite"],"aioseo_notices":[],"yoast_head":"<!-- This site is optimized with the Yoast SEO plugin v27.5 - https:\/\/yoast.com\/product\/yoast-seo-wordpress\/ -->\n<title>Il y 70 ans, la D\u00e9claration du 1er Novembre \u00e9tait diffus\u00e9e depuis Ighil Imoula\u00a0: Le point de d\u00e9part de la plus grande guerre de lib\u00e9ration de l\u2019Histoire - La Sentinelle<\/title>\n<meta name=\"robots\" content=\"index, follow, max-snippet:-1, max-image-preview:large, max-video-preview:-1\" \/>\n<link rel=\"canonical\" href=\"https:\/\/lasentinelle.dz\/index.php\/2024\/10\/31\/il-y-70-ans-la-declaration-du-1er-novembre-etait-diffusee-depuis-ighil-imoula-le-point-de-depart-de-la-plus-grande-guerre-de-liberation-de-lhistoire\/\" \/>\n<meta property=\"og:locale\" content=\"fr_FR\" \/>\n<meta property=\"og:type\" content=\"article\" \/>\n<meta property=\"og:title\" content=\"Il y 70 ans, la D\u00e9claration du 1er Novembre \u00e9tait diffus\u00e9e depuis Ighil Imoula\u00a0: Le point de d\u00e9part de la plus grande guerre de lib\u00e9ration de l\u2019Histoire - La Sentinelle\" \/>\n<meta property=\"og:description\" content=\"Il y a 70 ans, dans les hauteurs de la Kabylie, un petit village allait entrer dans l&rsquo;Histoire en jouant\" \/>\n<meta property=\"og:url\" content=\"https:\/\/lasentinelle.dz\/index.php\/2024\/10\/31\/il-y-70-ans-la-declaration-du-1er-novembre-etait-diffusee-depuis-ighil-imoula-le-point-de-depart-de-la-plus-grande-guerre-de-liberation-de-lhistoire\/\" \/>\n<meta property=\"og:site_name\" content=\"La Sentinelle\" \/>\n<meta property=\"article:publisher\" content=\"https:\/\/www.facebook.com\/La-Sentinelle-104059864394773\" \/>\n<meta property=\"article:published_time\" content=\"2024-10-31T11:14:00+00:00\" \/>\n<meta property=\"article:modified_time\" content=\"2024-11-03T11:15:07+00:00\" \/>\n<meta property=\"og:image\" content=\"https:\/\/lasentinelle.dz\/wp-content\/uploads\/2024\/11\/guerre-de-liberation-nationale.jpg\" \/>\n\t<meta property=\"og:image:width\" content=\"620\" \/>\n\t<meta property=\"og:image:height\" content=\"400\" \/>\n\t<meta property=\"og:image:type\" content=\"image\/jpeg\" \/>\n<meta name=\"author\" content=\"Azzedine Belferag\" \/>\n<meta name=\"twitter:card\" content=\"summary_large_image\" \/>\n<meta name=\"twitter:label1\" content=\"\u00c9crit par\" \/>\n\t<meta name=\"twitter:data1\" content=\"Azzedine Belferag\" \/>\n\t<meta name=\"twitter:label2\" content=\"Dur\u00e9e de lecture estim\u00e9e\" \/>\n\t<meta name=\"twitter:data2\" content=\"4 minutes\" \/>\n<script type=\"application\/ld+json\" class=\"yoast-schema-graph\">{\"@context\":\"https:\\\/\\\/schema.org\",\"@graph\":[{\"@type\":\"Article\",\"@id\":\"https:\\\/\\\/lasentinelle.dz\\\/index.php\\\/2024\\\/10\\\/31\\\/il-y-70-ans-la-declaration-du-1er-novembre-etait-diffusee-depuis-ighil-imoula-le-point-de-depart-de-la-plus-grande-guerre-de-liberation-de-lhistoire\\\/#article\",\"isPartOf\":{\"@id\":\"https:\\\/\\\/lasentinelle.dz\\\/index.php\\\/2024\\\/10\\\/31\\\/il-y-70-ans-la-declaration-du-1er-novembre-etait-diffusee-depuis-ighil-imoula-le-point-de-depart-de-la-plus-grande-guerre-de-liberation-de-lhistoire\\\/\"},\"author\":{\"name\":\"Azzedine Belferag\",\"@id\":\"https:\\\/\\\/lasentinelle.dz\\\/#\\\/schema\\\/person\\\/e22c868643946ece5f328ac9d185b29f\"},\"headline\":\"Il y 70 ans, la D\u00e9claration du 1er Novembre \u00e9tait diffus\u00e9e depuis Ighil Imoula\u00a0: Le point de d\u00e9part de la plus grande guerre de lib\u00e9ration de l\u2019Histoire\",\"datePublished\":\"2024-10-31T11:14:00+00:00\",\"dateModified\":\"2024-11-03T11:15:07+00:00\",\"mainEntityOfPage\":{\"@id\":\"https:\\\/\\\/lasentinelle.dz\\\/index.php\\\/2024\\\/10\\\/31\\\/il-y-70-ans-la-declaration-du-1er-novembre-etait-diffusee-depuis-ighil-imoula-le-point-de-depart-de-la-plus-grande-guerre-de-liberation-de-lhistoire\\\/\"},\"wordCount\":753,\"commentCount\":0,\"publisher\":{\"@id\":\"https:\\\/\\\/lasentinelle.dz\\\/#organization\"},\"image\":{\"@id\":\"https:\\\/\\\/lasentinelle.dz\\\/index.php\\\/2024\\\/10\\\/31\\\/il-y-70-ans-la-declaration-du-1er-novembre-etait-diffusee-depuis-ighil-imoula-le-point-de-depart-de-la-plus-grande-guerre-de-liberation-de-lhistoire\\\/#primaryimage\"},\"thumbnailUrl\":\"https:\\\/\\\/lasentinelle.dz\\\/wp-content\\\/uploads\\\/2024\\\/11\\\/guerre-de-liberation-nationale.jpg\",\"articleSection\":[\"Actualit\u00e9\"],\"inLanguage\":\"fr-FR\",\"potentialAction\":[{\"@type\":\"CommentAction\",\"name\":\"Comment\",\"target\":[\"https:\\\/\\\/lasentinelle.dz\\\/index.php\\\/2024\\\/10\\\/31\\\/il-y-70-ans-la-declaration-du-1er-novembre-etait-diffusee-depuis-ighil-imoula-le-point-de-depart-de-la-plus-grande-guerre-de-liberation-de-lhistoire\\\/#respond\"]}]},{\"@type\":\"WebPage\",\"@id\":\"https:\\\/\\\/lasentinelle.dz\\\/index.php\\\/2024\\\/10\\\/31\\\/il-y-70-ans-la-declaration-du-1er-novembre-etait-diffusee-depuis-ighil-imoula-le-point-de-depart-de-la-plus-grande-guerre-de-liberation-de-lhistoire\\\/\",\"url\":\"https:\\\/\\\/lasentinelle.dz\\\/index.php\\\/2024\\\/10\\\/31\\\/il-y-70-ans-la-declaration-du-1er-novembre-etait-diffusee-depuis-ighil-imoula-le-point-de-depart-de-la-plus-grande-guerre-de-liberation-de-lhistoire\\\/\",\"name\":\"Il y 70 ans, la D\u00e9claration du 1er Novembre \u00e9tait diffus\u00e9e depuis Ighil Imoula\u00a0: Le point de d\u00e9part de la plus grande guerre de lib\u00e9ration de l\u2019Histoire - La Sentinelle\",\"isPartOf\":{\"@id\":\"https:\\\/\\\/lasentinelle.dz\\\/#website\"},\"primaryImageOfPage\":{\"@id\":\"https:\\\/\\\/lasentinelle.dz\\\/index.php\\\/2024\\\/10\\\/31\\\/il-y-70-ans-la-declaration-du-1er-novembre-etait-diffusee-depuis-ighil-imoula-le-point-de-depart-de-la-plus-grande-guerre-de-liberation-de-lhistoire\\\/#primaryimage\"},\"image\":{\"@id\":\"https:\\\/\\\/lasentinelle.dz\\\/index.php\\\/2024\\\/10\\\/31\\\/il-y-70-ans-la-declaration-du-1er-novembre-etait-diffusee-depuis-ighil-imoula-le-point-de-depart-de-la-plus-grande-guerre-de-liberation-de-lhistoire\\\/#primaryimage\"},\"thumbnailUrl\":\"https:\\\/\\\/lasentinelle.dz\\\/wp-content\\\/uploads\\\/2024\\\/11\\\/guerre-de-liberation-nationale.jpg\",\"datePublished\":\"2024-10-31T11:14:00+00:00\",\"dateModified\":\"2024-11-03T11:15:07+00:00\",\"breadcrumb\":{\"@id\":\"https:\\\/\\\/lasentinelle.dz\\\/index.php\\\/2024\\\/10\\\/31\\\/il-y-70-ans-la-declaration-du-1er-novembre-etait-diffusee-depuis-ighil-imoula-le-point-de-depart-de-la-plus-grande-guerre-de-liberation-de-lhistoire\\\/#breadcrumb\"},\"inLanguage\":\"fr-FR\",\"potentialAction\":[{\"@type\":\"ReadAction\",\"target\":[\"https:\\\/\\\/lasentinelle.dz\\\/index.php\\\/2024\\\/10\\\/31\\\/il-y-70-ans-la-declaration-du-1er-novembre-etait-diffusee-depuis-ighil-imoula-le-point-de-depart-de-la-plus-grande-guerre-de-liberation-de-lhistoire\\\/\"]}]},{\"@type\":\"ImageObject\",\"inLanguage\":\"fr-FR\",\"@id\":\"https:\\\/\\\/lasentinelle.dz\\\/index.php\\\/2024\\\/10\\\/31\\\/il-y-70-ans-la-declaration-du-1er-novembre-etait-diffusee-depuis-ighil-imoula-le-point-de-depart-de-la-plus-grande-guerre-de-liberation-de-lhistoire\\\/#primaryimage\",\"url\":\"https:\\\/\\\/lasentinelle.dz\\\/wp-content\\\/uploads\\\/2024\\\/11\\\/guerre-de-liberation-nationale.jpg\",\"contentUrl\":\"https:\\\/\\\/lasentinelle.dz\\\/wp-content\\\/uploads\\\/2024\\\/11\\\/guerre-de-liberation-nationale.jpg\",\"width\":620,\"height\":400},{\"@type\":\"BreadcrumbList\",\"@id\":\"https:\\\/\\\/lasentinelle.dz\\\/index.php\\\/2024\\\/10\\\/31\\\/il-y-70-ans-la-declaration-du-1er-novembre-etait-diffusee-depuis-ighil-imoula-le-point-de-depart-de-la-plus-grande-guerre-de-liberation-de-lhistoire\\\/#breadcrumb\",\"itemListElement\":[{\"@type\":\"ListItem\",\"position\":1,\"name\":\"Accueil\",\"item\":\"https:\\\/\\\/lasentinelle.dz\\\/\"},{\"@type\":\"ListItem\",\"position\":2,\"name\":\"Il y 70 ans, la D\u00e9claration du 1er Novembre \u00e9tait diffus\u00e9e depuis Ighil Imoula\u00a0: Le point de d\u00e9part de la plus grande guerre de lib\u00e9ration de l\u2019Histoire\"}]},{\"@type\":\"WebSite\",\"@id\":\"https:\\\/\\\/lasentinelle.dz\\\/#website\",\"url\":\"https:\\\/\\\/lasentinelle.dz\\\/\",\"name\":\"La Sentinelle\",\"description\":\"Quotidien national d&#039;information\",\"publisher\":{\"@id\":\"https:\\\/\\\/lasentinelle.dz\\\/#organization\"},\"potentialAction\":[{\"@type\":\"SearchAction\",\"target\":{\"@type\":\"EntryPoint\",\"urlTemplate\":\"https:\\\/\\\/lasentinelle.dz\\\/?s={search_term_string}\"},\"query-input\":{\"@type\":\"PropertyValueSpecification\",\"valueRequired\":true,\"valueName\":\"search_term_string\"}}],\"inLanguage\":\"fr-FR\"},{\"@type\":\"Organization\",\"@id\":\"https:\\\/\\\/lasentinelle.dz\\\/#organization\",\"name\":\"Quotidien La Sentinelle\",\"url\":\"https:\\\/\\\/lasentinelle.dz\\\/\",\"logo\":{\"@type\":\"ImageObject\",\"inLanguage\":\"fr-FR\",\"@id\":\"https:\\\/\\\/lasentinelle.dz\\\/#\\\/schema\\\/logo\\\/image\\\/\",\"url\":\"https:\\\/\\\/lasentinelle.dz\\\/wp-content\\\/uploads\\\/2021\\\/09\\\/logo-sentinelleSLOGAN-1.png\",\"contentUrl\":\"https:\\\/\\\/lasentinelle.dz\\\/wp-content\\\/uploads\\\/2021\\\/09\\\/logo-sentinelleSLOGAN-1.png\",\"width\":615,\"height\":142,\"caption\":\"Quotidien La Sentinelle\"},\"image\":{\"@id\":\"https:\\\/\\\/lasentinelle.dz\\\/#\\\/schema\\\/logo\\\/image\\\/\"},\"sameAs\":[\"https:\\\/\\\/www.facebook.com\\\/La-Sentinelle-104059864394773\"]},{\"@type\":\"Person\",\"@id\":\"https:\\\/\\\/lasentinelle.dz\\\/#\\\/schema\\\/person\\\/e22c868643946ece5f328ac9d185b29f\",\"name\":\"Azzedine Belferag\",\"image\":{\"@type\":\"ImageObject\",\"inLanguage\":\"fr-FR\",\"@id\":\"https:\\\/\\\/secure.gravatar.com\\\/avatar\\\/767ecc3bfcf23cd6d0dae1705f124feb13a88fded1daa56498e4fb3aa3fc36a1?s=96&d=mm&r=g\",\"url\":\"https:\\\/\\\/secure.gravatar.com\\\/avatar\\\/767ecc3bfcf23cd6d0dae1705f124feb13a88fded1daa56498e4fb3aa3fc36a1?s=96&d=mm&r=g\",\"contentUrl\":\"https:\\\/\\\/secure.gravatar.com\\\/avatar\\\/767ecc3bfcf23cd6d0dae1705f124feb13a88fded1daa56498e4fb3aa3fc36a1?s=96&d=mm&r=g\",\"caption\":\"Azzedine Belferag\"},\"sameAs\":[\"http:\\\/\\\/www.lasentinelle.dz\"],\"url\":\"https:\\\/\\\/lasentinelle.dz\\\/author\\\/belferag\\\/\"}]}<\/script>\n<!-- \/ Yoast SEO plugin. -->","yoast_head_json":{"title":"Il y 70 ans, la D\u00e9claration du 1er Novembre \u00e9tait diffus\u00e9e depuis Ighil Imoula\u00a0: Le point de d\u00e9part de la plus grande guerre de lib\u00e9ration de l\u2019Histoire - La Sentinelle","robots":{"index":"index","follow":"follow","max-snippet":"max-snippet:-1","max-image-preview":"max-image-preview:large","max-video-preview":"max-video-preview:-1"},"canonical":"https:\/\/lasentinelle.dz\/index.php\/2024\/10\/31\/il-y-70-ans-la-declaration-du-1er-novembre-etait-diffusee-depuis-ighil-imoula-le-point-de-depart-de-la-plus-grande-guerre-de-liberation-de-lhistoire\/","og_locale":"fr_FR","og_type":"article","og_title":"Il y 70 ans, la D\u00e9claration du 1er Novembre \u00e9tait diffus\u00e9e depuis Ighil Imoula\u00a0: Le point de d\u00e9part de la plus grande guerre de lib\u00e9ration de l\u2019Histoire - La Sentinelle","og_description":"Il y a 70 ans, dans les hauteurs de la Kabylie, un petit village allait entrer dans l&rsquo;Histoire en jouant","og_url":"https:\/\/lasentinelle.dz\/index.php\/2024\/10\/31\/il-y-70-ans-la-declaration-du-1er-novembre-etait-diffusee-depuis-ighil-imoula-le-point-de-depart-de-la-plus-grande-guerre-de-liberation-de-lhistoire\/","og_site_name":"La Sentinelle","article_publisher":"https:\/\/www.facebook.com\/La-Sentinelle-104059864394773","article_published_time":"2024-10-31T11:14:00+00:00","article_modified_time":"2024-11-03T11:15:07+00:00","og_image":[{"width":620,"height":400,"url":"https:\/\/lasentinelle.dz\/wp-content\/uploads\/2024\/11\/guerre-de-liberation-nationale.jpg","type":"image\/jpeg"}],"author":"Azzedine Belferag","twitter_card":"summary_large_image","twitter_misc":{"\u00c9crit par":"Azzedine Belferag","Dur\u00e9e de lecture estim\u00e9e":"4 minutes"},"schema":{"@context":"https:\/\/schema.org","@graph":[{"@type":"Article","@id":"https:\/\/lasentinelle.dz\/index.php\/2024\/10\/31\/il-y-70-ans-la-declaration-du-1er-novembre-etait-diffusee-depuis-ighil-imoula-le-point-de-depart-de-la-plus-grande-guerre-de-liberation-de-lhistoire\/#article","isPartOf":{"@id":"https:\/\/lasentinelle.dz\/index.php\/2024\/10\/31\/il-y-70-ans-la-declaration-du-1er-novembre-etait-diffusee-depuis-ighil-imoula-le-point-de-depart-de-la-plus-grande-guerre-de-liberation-de-lhistoire\/"},"author":{"name":"Azzedine Belferag","@id":"https:\/\/lasentinelle.dz\/#\/schema\/person\/e22c868643946ece5f328ac9d185b29f"},"headline":"Il y 70 ans, la D\u00e9claration du 1er Novembre \u00e9tait diffus\u00e9e depuis Ighil Imoula\u00a0: Le point de d\u00e9part de la plus grande guerre de lib\u00e9ration de l\u2019Histoire","datePublished":"2024-10-31T11:14:00+00:00","dateModified":"2024-11-03T11:15:07+00:00","mainEntityOfPage":{"@id":"https:\/\/lasentinelle.dz\/index.php\/2024\/10\/31\/il-y-70-ans-la-declaration-du-1er-novembre-etait-diffusee-depuis-ighil-imoula-le-point-de-depart-de-la-plus-grande-guerre-de-liberation-de-lhistoire\/"},"wordCount":753,"commentCount":0,"publisher":{"@id":"https:\/\/lasentinelle.dz\/#organization"},"image":{"@id":"https:\/\/lasentinelle.dz\/index.php\/2024\/10\/31\/il-y-70-ans-la-declaration-du-1er-novembre-etait-diffusee-depuis-ighil-imoula-le-point-de-depart-de-la-plus-grande-guerre-de-liberation-de-lhistoire\/#primaryimage"},"thumbnailUrl":"https:\/\/lasentinelle.dz\/wp-content\/uploads\/2024\/11\/guerre-de-liberation-nationale.jpg","articleSection":["Actualit\u00e9"],"inLanguage":"fr-FR","potentialAction":[{"@type":"CommentAction","name":"Comment","target":["https:\/\/lasentinelle.dz\/index.php\/2024\/10\/31\/il-y-70-ans-la-declaration-du-1er-novembre-etait-diffusee-depuis-ighil-imoula-le-point-de-depart-de-la-plus-grande-guerre-de-liberation-de-lhistoire\/#respond"]}]},{"@type":"WebPage","@id":"https:\/\/lasentinelle.dz\/index.php\/2024\/10\/31\/il-y-70-ans-la-declaration-du-1er-novembre-etait-diffusee-depuis-ighil-imoula-le-point-de-depart-de-la-plus-grande-guerre-de-liberation-de-lhistoire\/","url":"https:\/\/lasentinelle.dz\/index.php\/2024\/10\/31\/il-y-70-ans-la-declaration-du-1er-novembre-etait-diffusee-depuis-ighil-imoula-le-point-de-depart-de-la-plus-grande-guerre-de-liberation-de-lhistoire\/","name":"Il y 70 ans, la D\u00e9claration du 1er Novembre \u00e9tait diffus\u00e9e depuis Ighil Imoula\u00a0: Le point de d\u00e9part de la plus grande guerre de lib\u00e9ration de l\u2019Histoire - La Sentinelle","isPartOf":{"@id":"https:\/\/lasentinelle.dz\/#website"},"primaryImageOfPage":{"@id":"https:\/\/lasentinelle.dz\/index.php\/2024\/10\/31\/il-y-70-ans-la-declaration-du-1er-novembre-etait-diffusee-depuis-ighil-imoula-le-point-de-depart-de-la-plus-grande-guerre-de-liberation-de-lhistoire\/#primaryimage"},"image":{"@id":"https:\/\/lasentinelle.dz\/index.php\/2024\/10\/31\/il-y-70-ans-la-declaration-du-1er-novembre-etait-diffusee-depuis-ighil-imoula-le-point-de-depart-de-la-plus-grande-guerre-de-liberation-de-lhistoire\/#primaryimage"},"thumbnailUrl":"https:\/\/lasentinelle.dz\/wp-content\/uploads\/2024\/11\/guerre-de-liberation-nationale.jpg","datePublished":"2024-10-31T11:14:00+00:00","dateModified":"2024-11-03T11:15:07+00:00","breadcrumb":{"@id":"https:\/\/lasentinelle.dz\/index.php\/2024\/10\/31\/il-y-70-ans-la-declaration-du-1er-novembre-etait-diffusee-depuis-ighil-imoula-le-point-de-depart-de-la-plus-grande-guerre-de-liberation-de-lhistoire\/#breadcrumb"},"inLanguage":"fr-FR","potentialAction":[{"@type":"ReadAction","target":["https:\/\/lasentinelle.dz\/index.php\/2024\/10\/31\/il-y-70-ans-la-declaration-du-1er-novembre-etait-diffusee-depuis-ighil-imoula-le-point-de-depart-de-la-plus-grande-guerre-de-liberation-de-lhistoire\/"]}]},{"@type":"ImageObject","inLanguage":"fr-FR","@id":"https:\/\/lasentinelle.dz\/index.php\/2024\/10\/31\/il-y-70-ans-la-declaration-du-1er-novembre-etait-diffusee-depuis-ighil-imoula-le-point-de-depart-de-la-plus-grande-guerre-de-liberation-de-lhistoire\/#primaryimage","url":"https:\/\/lasentinelle.dz\/wp-content\/uploads\/2024\/11\/guerre-de-liberation-nationale.jpg","contentUrl":"https:\/\/lasentinelle.dz\/wp-content\/uploads\/2024\/11\/guerre-de-liberation-nationale.jpg","width":620,"height":400},{"@type":"BreadcrumbList","@id":"https:\/\/lasentinelle.dz\/index.php\/2024\/10\/31\/il-y-70-ans-la-declaration-du-1er-novembre-etait-diffusee-depuis-ighil-imoula-le-point-de-depart-de-la-plus-grande-guerre-de-liberation-de-lhistoire\/#breadcrumb","itemListElement":[{"@type":"ListItem","position":1,"name":"Accueil","item":"https:\/\/lasentinelle.dz\/"},{"@type":"ListItem","position":2,"name":"Il y 70 ans, la D\u00e9claration du 1er Novembre \u00e9tait diffus\u00e9e depuis Ighil Imoula\u00a0: Le point de d\u00e9part de la plus grande guerre de lib\u00e9ration de l\u2019Histoire"}]},{"@type":"WebSite","@id":"https:\/\/lasentinelle.dz\/#website","url":"https:\/\/lasentinelle.dz\/","name":"La Sentinelle","description":"Quotidien national d&#039;information","publisher":{"@id":"https:\/\/lasentinelle.dz\/#organization"},"potentialAction":[{"@type":"SearchAction","target":{"@type":"EntryPoint","urlTemplate":"https:\/\/lasentinelle.dz\/?s={search_term_string}"},"query-input":{"@type":"PropertyValueSpecification","valueRequired":true,"valueName":"search_term_string"}}],"inLanguage":"fr-FR"},{"@type":"Organization","@id":"https:\/\/lasentinelle.dz\/#organization","name":"Quotidien La Sentinelle","url":"https:\/\/lasentinelle.dz\/","logo":{"@type":"ImageObject","inLanguage":"fr-FR","@id":"https:\/\/lasentinelle.dz\/#\/schema\/logo\/image\/","url":"https:\/\/lasentinelle.dz\/wp-content\/uploads\/2021\/09\/logo-sentinelleSLOGAN-1.png","contentUrl":"https:\/\/lasentinelle.dz\/wp-content\/uploads\/2021\/09\/logo-sentinelleSLOGAN-1.png","width":615,"height":142,"caption":"Quotidien La Sentinelle"},"image":{"@id":"https:\/\/lasentinelle.dz\/#\/schema\/logo\/image\/"},"sameAs":["https:\/\/www.facebook.com\/La-Sentinelle-104059864394773"]},{"@type":"Person","@id":"https:\/\/lasentinelle.dz\/#\/schema\/person\/e22c868643946ece5f328ac9d185b29f","name":"Azzedine Belferag","image":{"@type":"ImageObject","inLanguage":"fr-FR","@id":"https:\/\/secure.gravatar.com\/avatar\/767ecc3bfcf23cd6d0dae1705f124feb13a88fded1daa56498e4fb3aa3fc36a1?s=96&d=mm&r=g","url":"https:\/\/secure.gravatar.com\/avatar\/767ecc3bfcf23cd6d0dae1705f124feb13a88fded1daa56498e4fb3aa3fc36a1?s=96&d=mm&r=g","contentUrl":"https:\/\/secure.gravatar.com\/avatar\/767ecc3bfcf23cd6d0dae1705f124feb13a88fded1daa56498e4fb3aa3fc36a1?s=96&d=mm&r=g","caption":"Azzedine Belferag"},"sameAs":["http:\/\/www.lasentinelle.dz"],"url":"https:\/\/lasentinelle.dz\/author\/belferag\/"}]}},"_links":{"self":[{"href":"https:\/\/lasentinelle.dz\/index.php\/wp-json\/wp\/v2\/posts\/58935","targetHints":{"allow":["GET"]}}],"collection":[{"href":"https:\/\/lasentinelle.dz\/index.php\/wp-json\/wp\/v2\/posts"}],"about":[{"href":"https:\/\/lasentinelle.dz\/index.php\/wp-json\/wp\/v2\/types\/post"}],"author":[{"embeddable":true,"href":"https:\/\/lasentinelle.dz\/index.php\/wp-json\/wp\/v2\/users\/2"}],"replies":[{"embeddable":true,"href":"https:\/\/lasentinelle.dz\/index.php\/wp-json\/wp\/v2\/comments?post=58935"}],"version-history":[{"count":1,"href":"https:\/\/lasentinelle.dz\/index.php\/wp-json\/wp\/v2\/posts\/58935\/revisions"}],"predecessor-version":[{"id":58937,"href":"https:\/\/lasentinelle.dz\/index.php\/wp-json\/wp\/v2\/posts\/58935\/revisions\/58937"}],"wp:featuredmedia":[{"embeddable":true,"href":"https:\/\/lasentinelle.dz\/index.php\/wp-json\/wp\/v2\/media\/58936"}],"wp:attachment":[{"href":"https:\/\/lasentinelle.dz\/index.php\/wp-json\/wp\/v2\/media?parent=58935"}],"wp:term":[{"taxonomy":"category","embeddable":true,"href":"https:\/\/lasentinelle.dz\/index.php\/wp-json\/wp\/v2\/categories?post=58935"},{"taxonomy":"post_tag","embeddable":true,"href":"https:\/\/lasentinelle.dz\/index.php\/wp-json\/wp\/v2\/tags?post=58935"}],"curies":[{"name":"wp","href":"https:\/\/api.w.org\/{rel}","templated":true}]}}