{"id":58938,"date":"2024-10-31T12:15:00","date_gmt":"2024-10-31T11:15:00","guid":{"rendered":"https:\/\/lasentinelle.dz\/?p=58938"},"modified":"2024-11-03T12:16:00","modified_gmt":"2024-11-03T11:16:00","slug":"le-symbole-de-lattachement-a-la-memoire-nationale","status":"publish","type":"post","link":"https:\/\/lasentinelle.dz\/index.php\/2024\/10\/31\/le-symbole-de-lattachement-a-la-memoire-nationale\/","title":{"rendered":"\u00ab\u00a0Le symbole de l\u2019attachement \u00e0 la m\u00e9moire nationale\u00a0\u00bb"},"content":{"rendered":"\n<p>La c\u00e9l\u00e9bration du 70e anniversaire du d\u00e9clenchement de la R\u00e9volution du 1er Novembre 1954 repr\u00e9sente bien plus qu&rsquo;une simple comm\u00e9moration historique. Comme l&rsquo;a soulign\u00e9 le ministre des Moudjahidine et des Ayants-droit, Laid Rebiga, dans un entretien accord\u00e9 \u00e0 l&rsquo;APS, cet \u00e9v\u00e9nement rev\u00eat une symbolique particuli\u00e8rement riche d&rsquo;enseignements qui t\u00e9moigne de l&rsquo;attachement profond du pays \u00e0 son identit\u00e9 et \u00e0 sa m\u00e9moire nationale. Cette c\u00e9l\u00e9bration s&rsquo;inscrit dans une dynamique plus large de construction de l&rsquo;Alg\u00e9rie nouvelle, un pays qui puise dans son glorieux pass\u00e9 les principes fondamentaux d&rsquo;un \u00c9tat souverain dot\u00e9 d&rsquo;institutions fortes, d&rsquo;une \u00e9conomie prometteuse, d&rsquo;une diplomatie influente et d&rsquo;un front int\u00e9rieur solidement unifi\u00e9. Le ministre a particuli\u00e8rement insist\u00e9 sur le caract\u00e8re fondamental de la R\u00e9volution du Premier Novembre 1954, \u00e9rig\u00e9e en r\u00e9f\u00e9rent constitutionnel, soulignant qu&rsquo;il s&rsquo;agit d&rsquo;un h\u00e9ritage auquel on ne peut d\u00e9roger, par fid\u00e9lit\u00e9 au legs des martyrs et des Moudjahidine. Cette vision s&rsquo;aligne parfaitement avec la d\u00e9claration du Pr\u00e9sident Abdelmadjid Tebboune, qui refuse de limiter le 1er Novembre \u00e0 de simples \u00ab\u00a0manifestations monotones\u00a0\u00bb. Pour M. Rebiga, l&rsquo;Alg\u00e9rie poursuit aujourd&rsquo;hui sa marche vers l&rsquo;avant, port\u00e9e par des r\u00e9formes profondes, l&rsquo;\u00e9dification d&rsquo;un \u00c9tat d&rsquo;institutions, une dynamique \u00e9conomique r\u00e9elle, et un retour remarqu\u00e9 sur la sc\u00e8ne diplomatique internationale. Cette progression s&rsquo;appuie sur une forte coh\u00e9sion entre le peuple, la direction du pays et son arm\u00e9e, permettant de relever les multiples d\u00e9fis qui se pr\u00e9sentent. En ce qui concerne la pr\u00e9servation de la m\u00e9moire nationale, le minist\u00e8re des Moudjahidine a fait de ce dossier une priorit\u00e9 absolue, conform\u00e9ment aux directives pr\u00e9sidentielles. L&rsquo;effort de documentation et d&rsquo;\u00e9criture de l&rsquo;histoire nationale s&rsquo;inscrit dans une perspective de long terme, d\u00e9passant le cadre des simples comm\u00e9morations. Les r\u00e9sultats sont d\u00e9j\u00e0 tangibles : plus de 1.200 ouvrages historiques ont \u00e9t\u00e9 publi\u00e9s ces derni\u00e8res ann\u00e9es, couvrant la p\u00e9riode de la R\u00e9sistance populaire, le Mouvement national et la R\u00e9volution du 1er novembre 1954. Une avanc\u00e9e qualitative significative a \u00e9t\u00e9 marqu\u00e9e par la publication de 150 nouveaux titres lors du 60e anniversaire de l&rsquo;ind\u00e9pendance, et le minist\u00e8re pr\u00e9voit la publication de centaines d&rsquo;autres ouvrages dans le cadre du 70e anniversaire du d\u00e9clenchement de la R\u00e9volution. La modernisation de la pr\u00e9servation de la m\u00e9moire passe \u00e9galement par un ambitieux projet de num\u00e9risation, notamment la collecte et la conservation de t\u00e9moignages vivants dans un centre de donn\u00e9es sp\u00e9cialis\u00e9. Ces archives constituent une ressource pr\u00e9cieuse pour les enseignants, chercheurs et acad\u00e9miciens. Le minist\u00e8re accorde \u00e9galement une importance particuli\u00e8re \u00e0 la souverainet\u00e9 num\u00e9rique sur la M\u00e9moire nationale, d\u00e9veloppant des supports audiovisuels qui participent \u00e0 la pr\u00e9servation du patrimoine historique et culturel. Dans cette optique, douze longs m\u00e9trages historiques ont d\u00e9j\u00e0 \u00e9t\u00e9 produits, principalement consacr\u00e9s aux biographies des martyrs et des dirigeants embl\u00e9matiques de la R\u00e9volution. Des dizaines de films documentaires ont \u00e9galement \u00e9t\u00e9 distribu\u00e9s aux institutions m\u00e9diatiques nationales et \u00e9trang\u00e8res. Trois nouveaux longs m\u00e9trages sont actuellement en production, d\u00e9di\u00e9s aux figures historiques de Zighoud Youcef, Si M&rsquo;hamed Bouguerra et Si El Haoues, t\u00e9moignant de la volont\u00e9 continue de transmettre aux nouvelles g\u00e9n\u00e9rations les valeurs et les id\u00e9aux de la glorieuse R\u00e9volution de Novembre.<\/p>\n\n\n\n<p>Chokri Hafed<\/p>\n","protected":false},"excerpt":{"rendered":"<p>La c\u00e9l\u00e9bration du 70e anniversaire du d\u00e9clenchement de la R\u00e9volution du 1er Novembre 1954 repr\u00e9sente bien plus qu&rsquo;une simple comm\u00e9moration<\/p>\n","protected":false},"author":6,"featured_media":23349,"comment_status":"open","ping_status":"closed","sticky":false,"template":"","format":"standard","meta":{"colormag_page_container_layout":"default_layout","colormag_page_sidebar_layout":"default_layout","om_disable_all_campaigns":false,"_monsterinsights_skip_tracking":false,"_monsterinsights_sitenote_active":false,"_monsterinsights_sitenote_note":"","_monsterinsights_sitenote_category":0,"footnotes":"","_wpscppro_dont_share_socialmedia":false,"_wpscppro_custom_social_share_image":0,"_facebook_share_type":"default","_twitter_share_type":"default","_linkedin_share_type":"default","_pinterest_share_type":"default","_linkedin_share_type_page":"","_instagram_share_type":"default","_medium_share_type":"default","_threads_share_type":"","_google_business_share_type":"","_selected_social_profile":[],"_wpsp_enable_custom_social_template":false,"_wpsp_social_scheduling":{"enabled":false,"datetime":null,"platforms":[],"status":"template_only","dateOption":"today","timeOption":"now","customDays":"","customHours":"","customDate":"","customTime":"","schedulingType":"absolute"},"_wpsp_active_default_template":true},"categories":[27],"tags":[],"class_list":["post-58938","post","type-post","status-publish","format-standard","has-post-thumbnail","hentry","category-actualite"],"aioseo_notices":[],"yoast_head":"<!-- This site is optimized with the Yoast SEO plugin v27.5 - https:\/\/yoast.com\/product\/yoast-seo-wordpress\/ -->\n<title>\u00ab\u00a0Le symbole de l\u2019attachement \u00e0 la m\u00e9moire nationale\u00a0\u00bb - La Sentinelle<\/title>\n<meta name=\"robots\" content=\"index, follow, max-snippet:-1, max-image-preview:large, max-video-preview:-1\" \/>\n<link rel=\"canonical\" href=\"https:\/\/lasentinelle.dz\/index.php\/2024\/10\/31\/le-symbole-de-lattachement-a-la-memoire-nationale\/\" \/>\n<meta property=\"og:locale\" content=\"fr_FR\" \/>\n<meta property=\"og:type\" content=\"article\" \/>\n<meta property=\"og:title\" content=\"\u00ab\u00a0Le symbole de l\u2019attachement \u00e0 la m\u00e9moire nationale\u00a0\u00bb - La Sentinelle\" \/>\n<meta property=\"og:description\" content=\"La c\u00e9l\u00e9bration du 70e anniversaire du d\u00e9clenchement de la R\u00e9volution du 1er Novembre 1954 repr\u00e9sente bien plus qu&rsquo;une simple comm\u00e9moration\" \/>\n<meta property=\"og:url\" content=\"https:\/\/lasentinelle.dz\/index.php\/2024\/10\/31\/le-symbole-de-lattachement-a-la-memoire-nationale\/\" \/>\n<meta property=\"og:site_name\" content=\"La Sentinelle\" \/>\n<meta property=\"article:publisher\" content=\"https:\/\/www.facebook.com\/La-Sentinelle-104059864394773\" \/>\n<meta property=\"article:published_time\" content=\"2024-10-31T11:15:00+00:00\" \/>\n<meta property=\"article:modified_time\" content=\"2024-11-03T11:16:00+00:00\" \/>\n<meta property=\"og:image\" content=\"https:\/\/lasentinelle.dz\/wp-content\/uploads\/2022\/06\/Rebiga-1.jpg\" \/>\n\t<meta property=\"og:image:width\" content=\"580\" \/>\n\t<meta property=\"og:image:height\" content=\"387\" \/>\n\t<meta property=\"og:image:type\" content=\"image\/jpeg\" \/>\n<meta name=\"author\" content=\"admin\" \/>\n<meta name=\"twitter:card\" content=\"summary_large_image\" \/>\n<meta name=\"twitter:label1\" content=\"\u00c9crit par\" \/>\n\t<meta name=\"twitter:data1\" content=\"admin\" \/>\n\t<meta name=\"twitter:label2\" content=\"Dur\u00e9e de lecture estim\u00e9e\" \/>\n\t<meta name=\"twitter:data2\" content=\"3 minutes\" \/>\n<script type=\"application\/ld+json\" class=\"yoast-schema-graph\">{\"@context\":\"https:\\\/\\\/schema.org\",\"@graph\":[{\"@type\":\"Article\",\"@id\":\"https:\\\/\\\/lasentinelle.dz\\\/index.php\\\/2024\\\/10\\\/31\\\/le-symbole-de-lattachement-a-la-memoire-nationale\\\/#article\",\"isPartOf\":{\"@id\":\"https:\\\/\\\/lasentinelle.dz\\\/index.php\\\/2024\\\/10\\\/31\\\/le-symbole-de-lattachement-a-la-memoire-nationale\\\/\"},\"author\":{\"name\":\"admin\",\"@id\":\"https:\\\/\\\/lasentinelle.dz\\\/#\\\/schema\\\/person\\\/729ee0024f24e0b8c5ec17232f8e8b41\"},\"headline\":\"\u00ab\u00a0Le symbole de l\u2019attachement \u00e0 la m\u00e9moire nationale\u00a0\u00bb\",\"datePublished\":\"2024-10-31T11:15:00+00:00\",\"dateModified\":\"2024-11-03T11:16:00+00:00\",\"mainEntityOfPage\":{\"@id\":\"https:\\\/\\\/lasentinelle.dz\\\/index.php\\\/2024\\\/10\\\/31\\\/le-symbole-de-lattachement-a-la-memoire-nationale\\\/\"},\"wordCount\":616,\"commentCount\":0,\"publisher\":{\"@id\":\"https:\\\/\\\/lasentinelle.dz\\\/#organization\"},\"image\":{\"@id\":\"https:\\\/\\\/lasentinelle.dz\\\/index.php\\\/2024\\\/10\\\/31\\\/le-symbole-de-lattachement-a-la-memoire-nationale\\\/#primaryimage\"},\"thumbnailUrl\":\"https:\\\/\\\/lasentinelle.dz\\\/wp-content\\\/uploads\\\/2022\\\/06\\\/Rebiga-1.jpg\",\"articleSection\":[\"Actualit\u00e9\"],\"inLanguage\":\"fr-FR\",\"potentialAction\":[{\"@type\":\"CommentAction\",\"name\":\"Comment\",\"target\":[\"https:\\\/\\\/lasentinelle.dz\\\/index.php\\\/2024\\\/10\\\/31\\\/le-symbole-de-lattachement-a-la-memoire-nationale\\\/#respond\"]}]},{\"@type\":\"WebPage\",\"@id\":\"https:\\\/\\\/lasentinelle.dz\\\/index.php\\\/2024\\\/10\\\/31\\\/le-symbole-de-lattachement-a-la-memoire-nationale\\\/\",\"url\":\"https:\\\/\\\/lasentinelle.dz\\\/index.php\\\/2024\\\/10\\\/31\\\/le-symbole-de-lattachement-a-la-memoire-nationale\\\/\",\"name\":\"\u00ab\u00a0Le symbole de l\u2019attachement \u00e0 la m\u00e9moire nationale\u00a0\u00bb - La Sentinelle\",\"isPartOf\":{\"@id\":\"https:\\\/\\\/lasentinelle.dz\\\/#website\"},\"primaryImageOfPage\":{\"@id\":\"https:\\\/\\\/lasentinelle.dz\\\/index.php\\\/2024\\\/10\\\/31\\\/le-symbole-de-lattachement-a-la-memoire-nationale\\\/#primaryimage\"},\"image\":{\"@id\":\"https:\\\/\\\/lasentinelle.dz\\\/index.php\\\/2024\\\/10\\\/31\\\/le-symbole-de-lattachement-a-la-memoire-nationale\\\/#primaryimage\"},\"thumbnailUrl\":\"https:\\\/\\\/lasentinelle.dz\\\/wp-content\\\/uploads\\\/2022\\\/06\\\/Rebiga-1.jpg\",\"datePublished\":\"2024-10-31T11:15:00+00:00\",\"dateModified\":\"2024-11-03T11:16:00+00:00\",\"breadcrumb\":{\"@id\":\"https:\\\/\\\/lasentinelle.dz\\\/index.php\\\/2024\\\/10\\\/31\\\/le-symbole-de-lattachement-a-la-memoire-nationale\\\/#breadcrumb\"},\"inLanguage\":\"fr-FR\",\"potentialAction\":[{\"@type\":\"ReadAction\",\"target\":[\"https:\\\/\\\/lasentinelle.dz\\\/index.php\\\/2024\\\/10\\\/31\\\/le-symbole-de-lattachement-a-la-memoire-nationale\\\/\"]}]},{\"@type\":\"ImageObject\",\"inLanguage\":\"fr-FR\",\"@id\":\"https:\\\/\\\/lasentinelle.dz\\\/index.php\\\/2024\\\/10\\\/31\\\/le-symbole-de-lattachement-a-la-memoire-nationale\\\/#primaryimage\",\"url\":\"https:\\\/\\\/lasentinelle.dz\\\/wp-content\\\/uploads\\\/2022\\\/06\\\/Rebiga-1.jpg\",\"contentUrl\":\"https:\\\/\\\/lasentinelle.dz\\\/wp-content\\\/uploads\\\/2022\\\/06\\\/Rebiga-1.jpg\",\"width\":580,\"height\":387},{\"@type\":\"BreadcrumbList\",\"@id\":\"https:\\\/\\\/lasentinelle.dz\\\/index.php\\\/2024\\\/10\\\/31\\\/le-symbole-de-lattachement-a-la-memoire-nationale\\\/#breadcrumb\",\"itemListElement\":[{\"@type\":\"ListItem\",\"position\":1,\"name\":\"Accueil\",\"item\":\"https:\\\/\\\/lasentinelle.dz\\\/\"},{\"@type\":\"ListItem\",\"position\":2,\"name\":\"\u00ab\u00a0Le symbole de l\u2019attachement \u00e0 la m\u00e9moire nationale\u00a0\u00bb\"}]},{\"@type\":\"WebSite\",\"@id\":\"https:\\\/\\\/lasentinelle.dz\\\/#website\",\"url\":\"https:\\\/\\\/lasentinelle.dz\\\/\",\"name\":\"La Sentinelle\",\"description\":\"Quotidien national d&#039;information\",\"publisher\":{\"@id\":\"https:\\\/\\\/lasentinelle.dz\\\/#organization\"},\"potentialAction\":[{\"@type\":\"SearchAction\",\"target\":{\"@type\":\"EntryPoint\",\"urlTemplate\":\"https:\\\/\\\/lasentinelle.dz\\\/?s={search_term_string}\"},\"query-input\":{\"@type\":\"PropertyValueSpecification\",\"valueRequired\":true,\"valueName\":\"search_term_string\"}}],\"inLanguage\":\"fr-FR\"},{\"@type\":\"Organization\",\"@id\":\"https:\\\/\\\/lasentinelle.dz\\\/#organization\",\"name\":\"Quotidien La Sentinelle\",\"url\":\"https:\\\/\\\/lasentinelle.dz\\\/\",\"logo\":{\"@type\":\"ImageObject\",\"inLanguage\":\"fr-FR\",\"@id\":\"https:\\\/\\\/lasentinelle.dz\\\/#\\\/schema\\\/logo\\\/image\\\/\",\"url\":\"https:\\\/\\\/lasentinelle.dz\\\/wp-content\\\/uploads\\\/2021\\\/09\\\/logo-sentinelleSLOGAN-1.png\",\"contentUrl\":\"https:\\\/\\\/lasentinelle.dz\\\/wp-content\\\/uploads\\\/2021\\\/09\\\/logo-sentinelleSLOGAN-1.png\",\"width\":615,\"height\":142,\"caption\":\"Quotidien La Sentinelle\"},\"image\":{\"@id\":\"https:\\\/\\\/lasentinelle.dz\\\/#\\\/schema\\\/logo\\\/image\\\/\"},\"sameAs\":[\"https:\\\/\\\/www.facebook.com\\\/La-Sentinelle-104059864394773\"]},{\"@type\":\"Person\",\"@id\":\"https:\\\/\\\/lasentinelle.dz\\\/#\\\/schema\\\/person\\\/729ee0024f24e0b8c5ec17232f8e8b41\",\"name\":\"admin\",\"image\":{\"@type\":\"ImageObject\",\"inLanguage\":\"fr-FR\",\"@id\":\"https:\\\/\\\/secure.gravatar.com\\\/avatar\\\/4c81fed838786e9b53f540bf46533e750f5d292099ae3b66cfc6fb1982e29df7?s=96&d=mm&r=g\",\"url\":\"https:\\\/\\\/secure.gravatar.com\\\/avatar\\\/4c81fed838786e9b53f540bf46533e750f5d292099ae3b66cfc6fb1982e29df7?s=96&d=mm&r=g\",\"contentUrl\":\"https:\\\/\\\/secure.gravatar.com\\\/avatar\\\/4c81fed838786e9b53f540bf46533e750f5d292099ae3b66cfc6fb1982e29df7?s=96&d=mm&r=g\",\"caption\":\"admin\"},\"description\":\"admin\",\"url\":\"https:\\\/\\\/lasentinelle.dz\\\/author\\\/admin\\\/\"}]}<\/script>\n<!-- \/ Yoast SEO plugin. -->","yoast_head_json":{"title":"\u00ab\u00a0Le symbole de l\u2019attachement \u00e0 la m\u00e9moire nationale\u00a0\u00bb - La Sentinelle","robots":{"index":"index","follow":"follow","max-snippet":"max-snippet:-1","max-image-preview":"max-image-preview:large","max-video-preview":"max-video-preview:-1"},"canonical":"https:\/\/lasentinelle.dz\/index.php\/2024\/10\/31\/le-symbole-de-lattachement-a-la-memoire-nationale\/","og_locale":"fr_FR","og_type":"article","og_title":"\u00ab\u00a0Le symbole de l\u2019attachement \u00e0 la m\u00e9moire nationale\u00a0\u00bb - La Sentinelle","og_description":"La c\u00e9l\u00e9bration du 70e anniversaire du d\u00e9clenchement de la R\u00e9volution du 1er Novembre 1954 repr\u00e9sente bien plus qu&rsquo;une simple comm\u00e9moration","og_url":"https:\/\/lasentinelle.dz\/index.php\/2024\/10\/31\/le-symbole-de-lattachement-a-la-memoire-nationale\/","og_site_name":"La Sentinelle","article_publisher":"https:\/\/www.facebook.com\/La-Sentinelle-104059864394773","article_published_time":"2024-10-31T11:15:00+00:00","article_modified_time":"2024-11-03T11:16:00+00:00","og_image":[{"width":580,"height":387,"url":"https:\/\/lasentinelle.dz\/wp-content\/uploads\/2022\/06\/Rebiga-1.jpg","type":"image\/jpeg"}],"author":"admin","twitter_card":"summary_large_image","twitter_misc":{"\u00c9crit par":"admin","Dur\u00e9e de lecture estim\u00e9e":"3 minutes"},"schema":{"@context":"https:\/\/schema.org","@graph":[{"@type":"Article","@id":"https:\/\/lasentinelle.dz\/index.php\/2024\/10\/31\/le-symbole-de-lattachement-a-la-memoire-nationale\/#article","isPartOf":{"@id":"https:\/\/lasentinelle.dz\/index.php\/2024\/10\/31\/le-symbole-de-lattachement-a-la-memoire-nationale\/"},"author":{"name":"admin","@id":"https:\/\/lasentinelle.dz\/#\/schema\/person\/729ee0024f24e0b8c5ec17232f8e8b41"},"headline":"\u00ab\u00a0Le symbole de l\u2019attachement \u00e0 la m\u00e9moire nationale\u00a0\u00bb","datePublished":"2024-10-31T11:15:00+00:00","dateModified":"2024-11-03T11:16:00+00:00","mainEntityOfPage":{"@id":"https:\/\/lasentinelle.dz\/index.php\/2024\/10\/31\/le-symbole-de-lattachement-a-la-memoire-nationale\/"},"wordCount":616,"commentCount":0,"publisher":{"@id":"https:\/\/lasentinelle.dz\/#organization"},"image":{"@id":"https:\/\/lasentinelle.dz\/index.php\/2024\/10\/31\/le-symbole-de-lattachement-a-la-memoire-nationale\/#primaryimage"},"thumbnailUrl":"https:\/\/lasentinelle.dz\/wp-content\/uploads\/2022\/06\/Rebiga-1.jpg","articleSection":["Actualit\u00e9"],"inLanguage":"fr-FR","potentialAction":[{"@type":"CommentAction","name":"Comment","target":["https:\/\/lasentinelle.dz\/index.php\/2024\/10\/31\/le-symbole-de-lattachement-a-la-memoire-nationale\/#respond"]}]},{"@type":"WebPage","@id":"https:\/\/lasentinelle.dz\/index.php\/2024\/10\/31\/le-symbole-de-lattachement-a-la-memoire-nationale\/","url":"https:\/\/lasentinelle.dz\/index.php\/2024\/10\/31\/le-symbole-de-lattachement-a-la-memoire-nationale\/","name":"\u00ab\u00a0Le symbole de l\u2019attachement \u00e0 la m\u00e9moire nationale\u00a0\u00bb - La Sentinelle","isPartOf":{"@id":"https:\/\/lasentinelle.dz\/#website"},"primaryImageOfPage":{"@id":"https:\/\/lasentinelle.dz\/index.php\/2024\/10\/31\/le-symbole-de-lattachement-a-la-memoire-nationale\/#primaryimage"},"image":{"@id":"https:\/\/lasentinelle.dz\/index.php\/2024\/10\/31\/le-symbole-de-lattachement-a-la-memoire-nationale\/#primaryimage"},"thumbnailUrl":"https:\/\/lasentinelle.dz\/wp-content\/uploads\/2022\/06\/Rebiga-1.jpg","datePublished":"2024-10-31T11:15:00+00:00","dateModified":"2024-11-03T11:16:00+00:00","breadcrumb":{"@id":"https:\/\/lasentinelle.dz\/index.php\/2024\/10\/31\/le-symbole-de-lattachement-a-la-memoire-nationale\/#breadcrumb"},"inLanguage":"fr-FR","potentialAction":[{"@type":"ReadAction","target":["https:\/\/lasentinelle.dz\/index.php\/2024\/10\/31\/le-symbole-de-lattachement-a-la-memoire-nationale\/"]}]},{"@type":"ImageObject","inLanguage":"fr-FR","@id":"https:\/\/lasentinelle.dz\/index.php\/2024\/10\/31\/le-symbole-de-lattachement-a-la-memoire-nationale\/#primaryimage","url":"https:\/\/lasentinelle.dz\/wp-content\/uploads\/2022\/06\/Rebiga-1.jpg","contentUrl":"https:\/\/lasentinelle.dz\/wp-content\/uploads\/2022\/06\/Rebiga-1.jpg","width":580,"height":387},{"@type":"BreadcrumbList","@id":"https:\/\/lasentinelle.dz\/index.php\/2024\/10\/31\/le-symbole-de-lattachement-a-la-memoire-nationale\/#breadcrumb","itemListElement":[{"@type":"ListItem","position":1,"name":"Accueil","item":"https:\/\/lasentinelle.dz\/"},{"@type":"ListItem","position":2,"name":"\u00ab\u00a0Le symbole de l\u2019attachement \u00e0 la m\u00e9moire nationale\u00a0\u00bb"}]},{"@type":"WebSite","@id":"https:\/\/lasentinelle.dz\/#website","url":"https:\/\/lasentinelle.dz\/","name":"La Sentinelle","description":"Quotidien national d&#039;information","publisher":{"@id":"https:\/\/lasentinelle.dz\/#organization"},"potentialAction":[{"@type":"SearchAction","target":{"@type":"EntryPoint","urlTemplate":"https:\/\/lasentinelle.dz\/?s={search_term_string}"},"query-input":{"@type":"PropertyValueSpecification","valueRequired":true,"valueName":"search_term_string"}}],"inLanguage":"fr-FR"},{"@type":"Organization","@id":"https:\/\/lasentinelle.dz\/#organization","name":"Quotidien La Sentinelle","url":"https:\/\/lasentinelle.dz\/","logo":{"@type":"ImageObject","inLanguage":"fr-FR","@id":"https:\/\/lasentinelle.dz\/#\/schema\/logo\/image\/","url":"https:\/\/lasentinelle.dz\/wp-content\/uploads\/2021\/09\/logo-sentinelleSLOGAN-1.png","contentUrl":"https:\/\/lasentinelle.dz\/wp-content\/uploads\/2021\/09\/logo-sentinelleSLOGAN-1.png","width":615,"height":142,"caption":"Quotidien La Sentinelle"},"image":{"@id":"https:\/\/lasentinelle.dz\/#\/schema\/logo\/image\/"},"sameAs":["https:\/\/www.facebook.com\/La-Sentinelle-104059864394773"]},{"@type":"Person","@id":"https:\/\/lasentinelle.dz\/#\/schema\/person\/729ee0024f24e0b8c5ec17232f8e8b41","name":"admin","image":{"@type":"ImageObject","inLanguage":"fr-FR","@id":"https:\/\/secure.gravatar.com\/avatar\/4c81fed838786e9b53f540bf46533e750f5d292099ae3b66cfc6fb1982e29df7?s=96&d=mm&r=g","url":"https:\/\/secure.gravatar.com\/avatar\/4c81fed838786e9b53f540bf46533e750f5d292099ae3b66cfc6fb1982e29df7?s=96&d=mm&r=g","contentUrl":"https:\/\/secure.gravatar.com\/avatar\/4c81fed838786e9b53f540bf46533e750f5d292099ae3b66cfc6fb1982e29df7?s=96&d=mm&r=g","caption":"admin"},"description":"admin","url":"https:\/\/lasentinelle.dz\/author\/admin\/"}]}},"_links":{"self":[{"href":"https:\/\/lasentinelle.dz\/index.php\/wp-json\/wp\/v2\/posts\/58938","targetHints":{"allow":["GET"]}}],"collection":[{"href":"https:\/\/lasentinelle.dz\/index.php\/wp-json\/wp\/v2\/posts"}],"about":[{"href":"https:\/\/lasentinelle.dz\/index.php\/wp-json\/wp\/v2\/types\/post"}],"author":[{"embeddable":true,"href":"https:\/\/lasentinelle.dz\/index.php\/wp-json\/wp\/v2\/users\/6"}],"replies":[{"embeddable":true,"href":"https:\/\/lasentinelle.dz\/index.php\/wp-json\/wp\/v2\/comments?post=58938"}],"version-history":[{"count":2,"href":"https:\/\/lasentinelle.dz\/index.php\/wp-json\/wp\/v2\/posts\/58938\/revisions"}],"predecessor-version":[{"id":58940,"href":"https:\/\/lasentinelle.dz\/index.php\/wp-json\/wp\/v2\/posts\/58938\/revisions\/58940"}],"wp:featuredmedia":[{"embeddable":true,"href":"https:\/\/lasentinelle.dz\/index.php\/wp-json\/wp\/v2\/media\/23349"}],"wp:attachment":[{"href":"https:\/\/lasentinelle.dz\/index.php\/wp-json\/wp\/v2\/media?parent=58938"}],"wp:term":[{"taxonomy":"category","embeddable":true,"href":"https:\/\/lasentinelle.dz\/index.php\/wp-json\/wp\/v2\/categories?post=58938"},{"taxonomy":"post_tag","embeddable":true,"href":"https:\/\/lasentinelle.dz\/index.php\/wp-json\/wp\/v2\/tags?post=58938"}],"curies":[{"name":"wp","href":"https:\/\/api.w.org\/{rel}","templated":true}]}}