{"id":58971,"date":"2024-11-03T21:22:34","date_gmt":"2024-11-03T20:22:34","guid":{"rendered":"https:\/\/lasentinelle.dz\/?p=58971"},"modified":"2024-11-03T21:22:35","modified_gmt":"2024-11-03T20:22:35","slug":"62-nouveaux-cadres-installes-hier-le-departement-de-lagriculture-fait-sa-mue","status":"publish","type":"post","link":"https:\/\/lasentinelle.dz\/index.php\/2024\/11\/03\/62-nouveaux-cadres-installes-hier-le-departement-de-lagriculture-fait-sa-mue\/","title":{"rendered":"62 nouveaux cadres install\u00e9s hier: Le d\u00e9partement de l\u2019Agriculture fait sa mue"},"content":{"rendered":"\n<p>La transformation profonde du d\u00e9partement de l&rsquo;Agriculture en Alg\u00e9rie s&rsquo;inscrit dans une dynamique nationale visant \u00e0 consolider la s\u00e9curit\u00e9 alimentaire du pays, comme en t\u00e9moigne l\u2019installation hier &nbsp;de 62 cadres aux niveaux central et local pr\u00e9sid\u00e9e par le ministre de l\u2019Agriculture et du D\u00e9veloppement rural Youcef Cherfa. Cette restructuration administrative, touchant 11 cadres de l&rsquo;administration centrale et 51 cadres locaux, r\u00e9v\u00e8le une volont\u00e9 claire de moderniser l&rsquo;approche du secteur agricole. \u00ab\u00a0L&rsquo;agriculture est un travail de terrain et non administratif\u00a0\u00bb, a soulign\u00e9 le ministre, marquant ainsi une rupture avec les anciennes m\u00e9thodes bureaucratiques au profit d&rsquo;une d\u00e9marche plus pragmatique et proactive. Le ministre Cherfa a particuli\u00e8rement insist\u00e9 sur l&rsquo;importance du \u00ab\u00a0travail de terrain et de proximit\u00e9\u00a0\u00bb avec les agriculteurs et les producteurs, pr\u00e9conisant \u00ab\u00a0le recours aux meilleures comp\u00e9tences nationales pour d\u00e9velopper le secteur de mani\u00e8re \u00e0 r\u00e9pondre aux attentes du citoyen alg\u00e9rien\u00a0\u00bb. Des objectifs ambitieux ont \u00e9t\u00e9 fix\u00e9s, notamment l&rsquo;extension des surfaces irrigu\u00e9es dans le sud jusqu&rsquo;\u00e0 300 hectares, destin\u00e9s principalement aux c\u00e9r\u00e9ales et aux cultures strat\u00e9giques. Le plan d&rsquo;action comprend \u00e9galement le d\u00e9veloppement de la production de l\u00e9gumineuses, de pommes de terre primeur et de garde, ainsi que des plantes ol\u00e9agineuses.<\/p>\n\n\n\n<p><strong>Une production qui d\u00e9passe les 35 milliards de dollars<\/strong><\/p>\n\n\n\n<p>La contribution significative de l&rsquo;agriculture au PIB national, atteignant 18% pour l&rsquo;ann\u00e9e agricole 2023-2024 avec une production d\u00e9passant les 35 milliards de dollars USD, souligne l&rsquo;importance \u00e9conomique croissante du secteur,, comme l\u2019a d\u2019ailleurs soulign\u00e9 le ministre. Cette performance remarquable s&rsquo;inscrit dans la strat\u00e9gie nationale de d\u00e9veloppement des cultures strat\u00e9giques, notamment ax\u00e9e sur la r\u00e9duction des importations de bl\u00e9 dur et d&rsquo;orge, conform\u00e9ment aux orientations du pr\u00e9sident Abdelmadjid Tebboune. &nbsp;Cette transformation s&rsquo;accompagne du d\u00e9ploiement de projets strat\u00e9giques d&rsquo;envergure, illustrant l&rsquo;ambition de l&rsquo;Alg\u00e9rie de d\u00e9velopper son autonomie alimentaire. Parmi les initiatives phares, on compte le projet alg\u00e9ro-qatari de ferme laiti\u00e8re Baldana \u00e0 Adrar, le projet alg\u00e9ro-italien de production de c\u00e9r\u00e9ales et de semences \u00e0 Timimoun, et plus r\u00e9cemment, le m\u00e9ga-projet c\u00e9r\u00e9alier alg\u00e9ro-saoudien \u00e0 El M\u00e9nea. Ces partenariats internationaux t\u00e9moignent de la capacit\u00e9 du pays \u00e0 attirer des investissements \u00e9trangers majeurs dans le secteur agricole. &nbsp;Une attention particuli\u00e8re est port\u00e9e \u00e0 la commercialisation des produits agricoles, avec l&rsquo;accent mis sur \u00ab\u00a0l&rsquo;ouverture d&rsquo;espaces commerciaux\u00a0\u00bb pour garantir la disponibilit\u00e9 des produits \u00e0 des prix accessibles, tout en assurant une coordination efficace entre les directions locales pour la commercialisation et la transformation des produits. Cette approche globale de transformation du secteur agricole d\u00e9montre la volont\u00e9 de l&rsquo;Alg\u00e9rie de moderniser son agriculture tout en renfor\u00e7ant sa s\u00e9curit\u00e9 alimentaire, cr\u00e9ant ainsi un mod\u00e8le de d\u00e9veloppement agricole int\u00e9gr\u00e9 qui pourrait servir d&rsquo;exemple pour d&rsquo;autres pays en d\u00e9veloppement.<\/p>\n\n\n\n<p>Samir Benisid<\/p>\n","protected":false},"excerpt":{"rendered":"<p>La transformation profonde du d\u00e9partement de l&rsquo;Agriculture en Alg\u00e9rie s&rsquo;inscrit dans une dynamique nationale visant \u00e0 consolider la s\u00e9curit\u00e9 alimentaire<\/p>\n","protected":false},"author":6,"featured_media":58972,"comment_status":"open","ping_status":"closed","sticky":false,"template":"","format":"standard","meta":{"colormag_page_container_layout":"default_layout","colormag_page_sidebar_layout":"default_layout","om_disable_all_campaigns":false,"_monsterinsights_skip_tracking":false,"_monsterinsights_sitenote_active":false,"_monsterinsights_sitenote_note":"","_monsterinsights_sitenote_category":0,"footnotes":"","_wpscppro_dont_share_socialmedia":false,"_wpscppro_custom_social_share_image":0,"_facebook_share_type":"default","_twitter_share_type":"default","_linkedin_share_type":"default","_pinterest_share_type":"default","_linkedin_share_type_page":"","_instagram_share_type":"default","_medium_share_type":"default","_threads_share_type":"","_google_business_share_type":"","_selected_social_profile":[],"_wpsp_enable_custom_social_template":false,"_wpsp_social_scheduling":{"enabled":false,"datetime":null,"platforms":[],"status":"template_only","dateOption":"today","timeOption":"now","customDays":"","customHours":"","customDate":"","customTime":"","schedulingType":"absolute"},"_wpsp_active_default_template":true},"categories":[29],"tags":[],"class_list":["post-58971","post","type-post","status-publish","format-standard","has-post-thumbnail","hentry","category-economie"],"aioseo_notices":[],"yoast_head":"<!-- This site is optimized with the Yoast SEO plugin v27.5 - https:\/\/yoast.com\/product\/yoast-seo-wordpress\/ -->\n<title>62 nouveaux cadres install\u00e9s hier: Le d\u00e9partement de l\u2019Agriculture fait sa mue - La Sentinelle<\/title>\n<meta name=\"robots\" content=\"index, follow, max-snippet:-1, max-image-preview:large, max-video-preview:-1\" \/>\n<link rel=\"canonical\" href=\"https:\/\/lasentinelle.dz\/index.php\/2024\/11\/03\/62-nouveaux-cadres-installes-hier-le-departement-de-lagriculture-fait-sa-mue\/\" \/>\n<meta property=\"og:locale\" content=\"fr_FR\" \/>\n<meta property=\"og:type\" content=\"article\" \/>\n<meta property=\"og:title\" content=\"62 nouveaux cadres install\u00e9s hier: Le d\u00e9partement de l\u2019Agriculture fait sa mue - La Sentinelle\" \/>\n<meta property=\"og:description\" content=\"La transformation profonde du d\u00e9partement de l&rsquo;Agriculture en Alg\u00e9rie s&rsquo;inscrit dans une dynamique nationale visant \u00e0 consolider la s\u00e9curit\u00e9 alimentaire\" \/>\n<meta property=\"og:url\" content=\"https:\/\/lasentinelle.dz\/index.php\/2024\/11\/03\/62-nouveaux-cadres-installes-hier-le-departement-de-lagriculture-fait-sa-mue\/\" \/>\n<meta property=\"og:site_name\" content=\"La Sentinelle\" \/>\n<meta property=\"article:publisher\" content=\"https:\/\/www.facebook.com\/La-Sentinelle-104059864394773\" \/>\n<meta property=\"article:published_time\" content=\"2024-11-03T20:22:34+00:00\" \/>\n<meta property=\"article:modified_time\" content=\"2024-11-03T20:22:35+00:00\" \/>\n<meta property=\"og:image\" content=\"https:\/\/lasentinelle.dz\/wp-content\/uploads\/2024\/11\/cherfa.webp\" \/>\n\t<meta property=\"og:image:width\" content=\"900\" \/>\n\t<meta property=\"og:image:height\" content=\"675\" \/>\n\t<meta property=\"og:image:type\" content=\"image\/webp\" \/>\n<meta name=\"author\" content=\"admin\" \/>\n<meta name=\"twitter:card\" content=\"summary_large_image\" \/>\n<meta name=\"twitter:label1\" content=\"\u00c9crit par\" \/>\n\t<meta name=\"twitter:data1\" content=\"admin\" \/>\n\t<meta name=\"twitter:label2\" content=\"Dur\u00e9e de lecture estim\u00e9e\" \/>\n\t<meta name=\"twitter:data2\" content=\"3 minutes\" \/>\n<script type=\"application\/ld+json\" class=\"yoast-schema-graph\">{\"@context\":\"https:\\\/\\\/schema.org\",\"@graph\":[{\"@type\":\"Article\",\"@id\":\"https:\\\/\\\/lasentinelle.dz\\\/index.php\\\/2024\\\/11\\\/03\\\/62-nouveaux-cadres-installes-hier-le-departement-de-lagriculture-fait-sa-mue\\\/#article\",\"isPartOf\":{\"@id\":\"https:\\\/\\\/lasentinelle.dz\\\/index.php\\\/2024\\\/11\\\/03\\\/62-nouveaux-cadres-installes-hier-le-departement-de-lagriculture-fait-sa-mue\\\/\"},\"author\":{\"name\":\"admin\",\"@id\":\"https:\\\/\\\/lasentinelle.dz\\\/#\\\/schema\\\/person\\\/729ee0024f24e0b8c5ec17232f8e8b41\"},\"headline\":\"62 nouveaux cadres install\u00e9s hier: Le d\u00e9partement de l\u2019Agriculture fait sa mue\",\"datePublished\":\"2024-11-03T20:22:34+00:00\",\"dateModified\":\"2024-11-03T20:22:35+00:00\",\"mainEntityOfPage\":{\"@id\":\"https:\\\/\\\/lasentinelle.dz\\\/index.php\\\/2024\\\/11\\\/03\\\/62-nouveaux-cadres-installes-hier-le-departement-de-lagriculture-fait-sa-mue\\\/\"},\"wordCount\":524,\"commentCount\":0,\"publisher\":{\"@id\":\"https:\\\/\\\/lasentinelle.dz\\\/#organization\"},\"image\":{\"@id\":\"https:\\\/\\\/lasentinelle.dz\\\/index.php\\\/2024\\\/11\\\/03\\\/62-nouveaux-cadres-installes-hier-le-departement-de-lagriculture-fait-sa-mue\\\/#primaryimage\"},\"thumbnailUrl\":\"https:\\\/\\\/lasentinelle.dz\\\/wp-content\\\/uploads\\\/2024\\\/11\\\/cherfa.webp\",\"articleSection\":[\"\u00c9conomie\"],\"inLanguage\":\"fr-FR\",\"potentialAction\":[{\"@type\":\"CommentAction\",\"name\":\"Comment\",\"target\":[\"https:\\\/\\\/lasentinelle.dz\\\/index.php\\\/2024\\\/11\\\/03\\\/62-nouveaux-cadres-installes-hier-le-departement-de-lagriculture-fait-sa-mue\\\/#respond\"]}]},{\"@type\":\"WebPage\",\"@id\":\"https:\\\/\\\/lasentinelle.dz\\\/index.php\\\/2024\\\/11\\\/03\\\/62-nouveaux-cadres-installes-hier-le-departement-de-lagriculture-fait-sa-mue\\\/\",\"url\":\"https:\\\/\\\/lasentinelle.dz\\\/index.php\\\/2024\\\/11\\\/03\\\/62-nouveaux-cadres-installes-hier-le-departement-de-lagriculture-fait-sa-mue\\\/\",\"name\":\"62 nouveaux cadres install\u00e9s hier: Le d\u00e9partement de l\u2019Agriculture fait sa mue - La Sentinelle\",\"isPartOf\":{\"@id\":\"https:\\\/\\\/lasentinelle.dz\\\/#website\"},\"primaryImageOfPage\":{\"@id\":\"https:\\\/\\\/lasentinelle.dz\\\/index.php\\\/2024\\\/11\\\/03\\\/62-nouveaux-cadres-installes-hier-le-departement-de-lagriculture-fait-sa-mue\\\/#primaryimage\"},\"image\":{\"@id\":\"https:\\\/\\\/lasentinelle.dz\\\/index.php\\\/2024\\\/11\\\/03\\\/62-nouveaux-cadres-installes-hier-le-departement-de-lagriculture-fait-sa-mue\\\/#primaryimage\"},\"thumbnailUrl\":\"https:\\\/\\\/lasentinelle.dz\\\/wp-content\\\/uploads\\\/2024\\\/11\\\/cherfa.webp\",\"datePublished\":\"2024-11-03T20:22:34+00:00\",\"dateModified\":\"2024-11-03T20:22:35+00:00\",\"breadcrumb\":{\"@id\":\"https:\\\/\\\/lasentinelle.dz\\\/index.php\\\/2024\\\/11\\\/03\\\/62-nouveaux-cadres-installes-hier-le-departement-de-lagriculture-fait-sa-mue\\\/#breadcrumb\"},\"inLanguage\":\"fr-FR\",\"potentialAction\":[{\"@type\":\"ReadAction\",\"target\":[\"https:\\\/\\\/lasentinelle.dz\\\/index.php\\\/2024\\\/11\\\/03\\\/62-nouveaux-cadres-installes-hier-le-departement-de-lagriculture-fait-sa-mue\\\/\"]}]},{\"@type\":\"ImageObject\",\"inLanguage\":\"fr-FR\",\"@id\":\"https:\\\/\\\/lasentinelle.dz\\\/index.php\\\/2024\\\/11\\\/03\\\/62-nouveaux-cadres-installes-hier-le-departement-de-lagriculture-fait-sa-mue\\\/#primaryimage\",\"url\":\"https:\\\/\\\/lasentinelle.dz\\\/wp-content\\\/uploads\\\/2024\\\/11\\\/cherfa.webp\",\"contentUrl\":\"https:\\\/\\\/lasentinelle.dz\\\/wp-content\\\/uploads\\\/2024\\\/11\\\/cherfa.webp\",\"width\":900,\"height\":675},{\"@type\":\"BreadcrumbList\",\"@id\":\"https:\\\/\\\/lasentinelle.dz\\\/index.php\\\/2024\\\/11\\\/03\\\/62-nouveaux-cadres-installes-hier-le-departement-de-lagriculture-fait-sa-mue\\\/#breadcrumb\",\"itemListElement\":[{\"@type\":\"ListItem\",\"position\":1,\"name\":\"Accueil\",\"item\":\"https:\\\/\\\/lasentinelle.dz\\\/\"},{\"@type\":\"ListItem\",\"position\":2,\"name\":\"62 nouveaux cadres install\u00e9s hier: Le d\u00e9partement de l\u2019Agriculture fait sa mue\"}]},{\"@type\":\"WebSite\",\"@id\":\"https:\\\/\\\/lasentinelle.dz\\\/#website\",\"url\":\"https:\\\/\\\/lasentinelle.dz\\\/\",\"name\":\"La Sentinelle\",\"description\":\"Quotidien national d&#039;information\",\"publisher\":{\"@id\":\"https:\\\/\\\/lasentinelle.dz\\\/#organization\"},\"potentialAction\":[{\"@type\":\"SearchAction\",\"target\":{\"@type\":\"EntryPoint\",\"urlTemplate\":\"https:\\\/\\\/lasentinelle.dz\\\/?s={search_term_string}\"},\"query-input\":{\"@type\":\"PropertyValueSpecification\",\"valueRequired\":true,\"valueName\":\"search_term_string\"}}],\"inLanguage\":\"fr-FR\"},{\"@type\":\"Organization\",\"@id\":\"https:\\\/\\\/lasentinelle.dz\\\/#organization\",\"name\":\"Quotidien La Sentinelle\",\"url\":\"https:\\\/\\\/lasentinelle.dz\\\/\",\"logo\":{\"@type\":\"ImageObject\",\"inLanguage\":\"fr-FR\",\"@id\":\"https:\\\/\\\/lasentinelle.dz\\\/#\\\/schema\\\/logo\\\/image\\\/\",\"url\":\"https:\\\/\\\/lasentinelle.dz\\\/wp-content\\\/uploads\\\/2021\\\/09\\\/logo-sentinelleSLOGAN-1.png\",\"contentUrl\":\"https:\\\/\\\/lasentinelle.dz\\\/wp-content\\\/uploads\\\/2021\\\/09\\\/logo-sentinelleSLOGAN-1.png\",\"width\":615,\"height\":142,\"caption\":\"Quotidien La Sentinelle\"},\"image\":{\"@id\":\"https:\\\/\\\/lasentinelle.dz\\\/#\\\/schema\\\/logo\\\/image\\\/\"},\"sameAs\":[\"https:\\\/\\\/www.facebook.com\\\/La-Sentinelle-104059864394773\"]},{\"@type\":\"Person\",\"@id\":\"https:\\\/\\\/lasentinelle.dz\\\/#\\\/schema\\\/person\\\/729ee0024f24e0b8c5ec17232f8e8b41\",\"name\":\"admin\",\"image\":{\"@type\":\"ImageObject\",\"inLanguage\":\"fr-FR\",\"@id\":\"https:\\\/\\\/secure.gravatar.com\\\/avatar\\\/4c81fed838786e9b53f540bf46533e750f5d292099ae3b66cfc6fb1982e29df7?s=96&d=mm&r=g\",\"url\":\"https:\\\/\\\/secure.gravatar.com\\\/avatar\\\/4c81fed838786e9b53f540bf46533e750f5d292099ae3b66cfc6fb1982e29df7?s=96&d=mm&r=g\",\"contentUrl\":\"https:\\\/\\\/secure.gravatar.com\\\/avatar\\\/4c81fed838786e9b53f540bf46533e750f5d292099ae3b66cfc6fb1982e29df7?s=96&d=mm&r=g\",\"caption\":\"admin\"},\"description\":\"admin\",\"url\":\"https:\\\/\\\/lasentinelle.dz\\\/author\\\/admin\\\/\"}]}<\/script>\n<!-- \/ Yoast SEO plugin. -->","yoast_head_json":{"title":"62 nouveaux cadres install\u00e9s hier: Le d\u00e9partement de l\u2019Agriculture fait sa mue - La Sentinelle","robots":{"index":"index","follow":"follow","max-snippet":"max-snippet:-1","max-image-preview":"max-image-preview:large","max-video-preview":"max-video-preview:-1"},"canonical":"https:\/\/lasentinelle.dz\/index.php\/2024\/11\/03\/62-nouveaux-cadres-installes-hier-le-departement-de-lagriculture-fait-sa-mue\/","og_locale":"fr_FR","og_type":"article","og_title":"62 nouveaux cadres install\u00e9s hier: Le d\u00e9partement de l\u2019Agriculture fait sa mue - La Sentinelle","og_description":"La transformation profonde du d\u00e9partement de l&rsquo;Agriculture en Alg\u00e9rie s&rsquo;inscrit dans une dynamique nationale visant \u00e0 consolider la s\u00e9curit\u00e9 alimentaire","og_url":"https:\/\/lasentinelle.dz\/index.php\/2024\/11\/03\/62-nouveaux-cadres-installes-hier-le-departement-de-lagriculture-fait-sa-mue\/","og_site_name":"La Sentinelle","article_publisher":"https:\/\/www.facebook.com\/La-Sentinelle-104059864394773","article_published_time":"2024-11-03T20:22:34+00:00","article_modified_time":"2024-11-03T20:22:35+00:00","og_image":[{"width":900,"height":675,"url":"https:\/\/lasentinelle.dz\/wp-content\/uploads\/2024\/11\/cherfa.webp","type":"image\/webp"}],"author":"admin","twitter_card":"summary_large_image","twitter_misc":{"\u00c9crit par":"admin","Dur\u00e9e de lecture estim\u00e9e":"3 minutes"},"schema":{"@context":"https:\/\/schema.org","@graph":[{"@type":"Article","@id":"https:\/\/lasentinelle.dz\/index.php\/2024\/11\/03\/62-nouveaux-cadres-installes-hier-le-departement-de-lagriculture-fait-sa-mue\/#article","isPartOf":{"@id":"https:\/\/lasentinelle.dz\/index.php\/2024\/11\/03\/62-nouveaux-cadres-installes-hier-le-departement-de-lagriculture-fait-sa-mue\/"},"author":{"name":"admin","@id":"https:\/\/lasentinelle.dz\/#\/schema\/person\/729ee0024f24e0b8c5ec17232f8e8b41"},"headline":"62 nouveaux cadres install\u00e9s hier: Le d\u00e9partement de l\u2019Agriculture fait sa mue","datePublished":"2024-11-03T20:22:34+00:00","dateModified":"2024-11-03T20:22:35+00:00","mainEntityOfPage":{"@id":"https:\/\/lasentinelle.dz\/index.php\/2024\/11\/03\/62-nouveaux-cadres-installes-hier-le-departement-de-lagriculture-fait-sa-mue\/"},"wordCount":524,"commentCount":0,"publisher":{"@id":"https:\/\/lasentinelle.dz\/#organization"},"image":{"@id":"https:\/\/lasentinelle.dz\/index.php\/2024\/11\/03\/62-nouveaux-cadres-installes-hier-le-departement-de-lagriculture-fait-sa-mue\/#primaryimage"},"thumbnailUrl":"https:\/\/lasentinelle.dz\/wp-content\/uploads\/2024\/11\/cherfa.webp","articleSection":["\u00c9conomie"],"inLanguage":"fr-FR","potentialAction":[{"@type":"CommentAction","name":"Comment","target":["https:\/\/lasentinelle.dz\/index.php\/2024\/11\/03\/62-nouveaux-cadres-installes-hier-le-departement-de-lagriculture-fait-sa-mue\/#respond"]}]},{"@type":"WebPage","@id":"https:\/\/lasentinelle.dz\/index.php\/2024\/11\/03\/62-nouveaux-cadres-installes-hier-le-departement-de-lagriculture-fait-sa-mue\/","url":"https:\/\/lasentinelle.dz\/index.php\/2024\/11\/03\/62-nouveaux-cadres-installes-hier-le-departement-de-lagriculture-fait-sa-mue\/","name":"62 nouveaux cadres install\u00e9s hier: Le d\u00e9partement de l\u2019Agriculture fait sa mue - La Sentinelle","isPartOf":{"@id":"https:\/\/lasentinelle.dz\/#website"},"primaryImageOfPage":{"@id":"https:\/\/lasentinelle.dz\/index.php\/2024\/11\/03\/62-nouveaux-cadres-installes-hier-le-departement-de-lagriculture-fait-sa-mue\/#primaryimage"},"image":{"@id":"https:\/\/lasentinelle.dz\/index.php\/2024\/11\/03\/62-nouveaux-cadres-installes-hier-le-departement-de-lagriculture-fait-sa-mue\/#primaryimage"},"thumbnailUrl":"https:\/\/lasentinelle.dz\/wp-content\/uploads\/2024\/11\/cherfa.webp","datePublished":"2024-11-03T20:22:34+00:00","dateModified":"2024-11-03T20:22:35+00:00","breadcrumb":{"@id":"https:\/\/lasentinelle.dz\/index.php\/2024\/11\/03\/62-nouveaux-cadres-installes-hier-le-departement-de-lagriculture-fait-sa-mue\/#breadcrumb"},"inLanguage":"fr-FR","potentialAction":[{"@type":"ReadAction","target":["https:\/\/lasentinelle.dz\/index.php\/2024\/11\/03\/62-nouveaux-cadres-installes-hier-le-departement-de-lagriculture-fait-sa-mue\/"]}]},{"@type":"ImageObject","inLanguage":"fr-FR","@id":"https:\/\/lasentinelle.dz\/index.php\/2024\/11\/03\/62-nouveaux-cadres-installes-hier-le-departement-de-lagriculture-fait-sa-mue\/#primaryimage","url":"https:\/\/lasentinelle.dz\/wp-content\/uploads\/2024\/11\/cherfa.webp","contentUrl":"https:\/\/lasentinelle.dz\/wp-content\/uploads\/2024\/11\/cherfa.webp","width":900,"height":675},{"@type":"BreadcrumbList","@id":"https:\/\/lasentinelle.dz\/index.php\/2024\/11\/03\/62-nouveaux-cadres-installes-hier-le-departement-de-lagriculture-fait-sa-mue\/#breadcrumb","itemListElement":[{"@type":"ListItem","position":1,"name":"Accueil","item":"https:\/\/lasentinelle.dz\/"},{"@type":"ListItem","position":2,"name":"62 nouveaux cadres install\u00e9s hier: Le d\u00e9partement de l\u2019Agriculture fait sa mue"}]},{"@type":"WebSite","@id":"https:\/\/lasentinelle.dz\/#website","url":"https:\/\/lasentinelle.dz\/","name":"La Sentinelle","description":"Quotidien national d&#039;information","publisher":{"@id":"https:\/\/lasentinelle.dz\/#organization"},"potentialAction":[{"@type":"SearchAction","target":{"@type":"EntryPoint","urlTemplate":"https:\/\/lasentinelle.dz\/?s={search_term_string}"},"query-input":{"@type":"PropertyValueSpecification","valueRequired":true,"valueName":"search_term_string"}}],"inLanguage":"fr-FR"},{"@type":"Organization","@id":"https:\/\/lasentinelle.dz\/#organization","name":"Quotidien La Sentinelle","url":"https:\/\/lasentinelle.dz\/","logo":{"@type":"ImageObject","inLanguage":"fr-FR","@id":"https:\/\/lasentinelle.dz\/#\/schema\/logo\/image\/","url":"https:\/\/lasentinelle.dz\/wp-content\/uploads\/2021\/09\/logo-sentinelleSLOGAN-1.png","contentUrl":"https:\/\/lasentinelle.dz\/wp-content\/uploads\/2021\/09\/logo-sentinelleSLOGAN-1.png","width":615,"height":142,"caption":"Quotidien La Sentinelle"},"image":{"@id":"https:\/\/lasentinelle.dz\/#\/schema\/logo\/image\/"},"sameAs":["https:\/\/www.facebook.com\/La-Sentinelle-104059864394773"]},{"@type":"Person","@id":"https:\/\/lasentinelle.dz\/#\/schema\/person\/729ee0024f24e0b8c5ec17232f8e8b41","name":"admin","image":{"@type":"ImageObject","inLanguage":"fr-FR","@id":"https:\/\/secure.gravatar.com\/avatar\/4c81fed838786e9b53f540bf46533e750f5d292099ae3b66cfc6fb1982e29df7?s=96&d=mm&r=g","url":"https:\/\/secure.gravatar.com\/avatar\/4c81fed838786e9b53f540bf46533e750f5d292099ae3b66cfc6fb1982e29df7?s=96&d=mm&r=g","contentUrl":"https:\/\/secure.gravatar.com\/avatar\/4c81fed838786e9b53f540bf46533e750f5d292099ae3b66cfc6fb1982e29df7?s=96&d=mm&r=g","caption":"admin"},"description":"admin","url":"https:\/\/lasentinelle.dz\/author\/admin\/"}]}},"_links":{"self":[{"href":"https:\/\/lasentinelle.dz\/index.php\/wp-json\/wp\/v2\/posts\/58971","targetHints":{"allow":["GET"]}}],"collection":[{"href":"https:\/\/lasentinelle.dz\/index.php\/wp-json\/wp\/v2\/posts"}],"about":[{"href":"https:\/\/lasentinelle.dz\/index.php\/wp-json\/wp\/v2\/types\/post"}],"author":[{"embeddable":true,"href":"https:\/\/lasentinelle.dz\/index.php\/wp-json\/wp\/v2\/users\/6"}],"replies":[{"embeddable":true,"href":"https:\/\/lasentinelle.dz\/index.php\/wp-json\/wp\/v2\/comments?post=58971"}],"version-history":[{"count":1,"href":"https:\/\/lasentinelle.dz\/index.php\/wp-json\/wp\/v2\/posts\/58971\/revisions"}],"predecessor-version":[{"id":58973,"href":"https:\/\/lasentinelle.dz\/index.php\/wp-json\/wp\/v2\/posts\/58971\/revisions\/58973"}],"wp:featuredmedia":[{"embeddable":true,"href":"https:\/\/lasentinelle.dz\/index.php\/wp-json\/wp\/v2\/media\/58972"}],"wp:attachment":[{"href":"https:\/\/lasentinelle.dz\/index.php\/wp-json\/wp\/v2\/media?parent=58971"}],"wp:term":[{"taxonomy":"category","embeddable":true,"href":"https:\/\/lasentinelle.dz\/index.php\/wp-json\/wp\/v2\/categories?post=58971"},{"taxonomy":"post_tag","embeddable":true,"href":"https:\/\/lasentinelle.dz\/index.php\/wp-json\/wp\/v2\/tags?post=58971"}],"curies":[{"name":"wp","href":"https:\/\/api.w.org\/{rel}","templated":true}]}}