{"id":58980,"date":"2024-11-03T21:26:14","date_gmt":"2024-11-03T20:26:14","guid":{"rendered":"https:\/\/lasentinelle.dz\/?p=58980"},"modified":"2024-11-03T21:26:15","modified_gmt":"2024-11-03T20:26:15","slug":"chantage-espionnage-pressions-diplomatiques-et-repression-le-makhzen-au-banc-des-accuses","status":"publish","type":"post","link":"https:\/\/lasentinelle.dz\/index.php\/2024\/11\/03\/chantage-espionnage-pressions-diplomatiques-et-repression-le-makhzen-au-banc-des-accuses\/","title":{"rendered":"Chantage, espionnage, pressions diplomatiques et r\u00e9pression: Le Makhzen au banc des accus\u00e9s"},"content":{"rendered":"\n<p>L&rsquo;arrestation r\u00e9cente d&rsquo;un \u00e9minent activiste marocain des droits de l&rsquo;homme met en lumi\u00e8re les m\u00e9thodes controvers\u00e9es qu&rsquo;utilise le Maroc pour obtenir des concessions diplomatiques sur le dossier du Sahara occidental. Cette affaire s&rsquo;inscrit dans un contexte plus large o\u00f9 s&rsquo;accumulent les indices de man\u0153uvres ill\u00e9gales combinant espionnage, chantage et pressions pour influencer les positions europ\u00e9ennes sur ce dossier qui reste celui de la d\u00e9colonisation de la derni\u00e8re colonie d\u2019Afrique. L&rsquo;interpellation de l&rsquo;\u00e9conomiste et militant Abdelmoumni intervient dans un timing particuli\u00e8rement significatif : durant la visite officielle d&rsquo;Emmanuel Macron au Maroc. Son \u00ab\u00a0crime\u00a0\u00bb ? Avoir d\u00e9nonc\u00e9 publiquement le \u00ab\u00a0chantage\u00a0\u00bb exerc\u00e9 par le Makhzen sur Paris. Dans ses publications sur les r\u00e9seaux sociaux, l&rsquo;activiste pointait notamment l&rsquo;utilisation par le Maroc de leviers comme l&rsquo;espionnage et le contr\u00f4le des flux migratoires pour faire pression sur la France.<\/p>\n\n\n\n<p>L&rsquo;affaire Pegasus de 2021 reste centrale dans la compr\u00e9hension des relations franco-marocaines actuelles. Les r\u00e9v\u00e9lations d&rsquo;Amnesty International et Forbidden Stories avaient \u00e9tabli que les services marocains ont utilis\u00e9 ce logiciel espion isra\u00e9lien pour surveiller de nombreuses personnalit\u00e9s, dont le pr\u00e9sident Macron lui-m\u00eame. Selon plusieurs m\u00e9dias, l&rsquo;impact psychologique de cette r\u00e9v\u00e9lation sur le pr\u00e9sident fran\u00e7ais aurait \u00e9t\u00e9 consid\u00e9rable, le d\u00e9crivant comme \u00ab\u00a0profond\u00e9ment touch\u00e9\u00a0\u00bb par cette violation de sa vie priv\u00e9e. Cette surveillance ne se limitait pas \u00e0 Macron : son Premier ministre de l&rsquo;\u00e9poque, \u00c9douard Philippe, ainsi que quatorze autres membres du gouvernement figuraient parmi les cibles potentielles. L&rsquo;ampleur de cette op\u00e9ration d&rsquo;espionnage soul\u00e8ve des questions sur la nature des informations qui auraient pu \u00eatre obtenues. Le cas fran\u00e7ais n&rsquo;est pas isol\u00e9. Un sc\u00e9nario similaire s&rsquo;\u00e9tait d\u00e9roul\u00e9 en Espagne, o\u00f9 l&rsquo;\u00e9pouse du Premier ministre Pedro Sanchez aurait \u00e9galement \u00e9t\u00e9 cibl\u00e9e par Pegasus. Le revirement spectaculaire de Madrid sur la question du Sahara occidental, abandonnant sa position historique de neutralit\u00e9 pour soutenir le \u00ab\u00a0plan d&rsquo;autonomie\u00a0\u00bb marocain, avait alors suscit\u00e9 de vives critiques internes, certains parlant de \u00ab\u00a0catastrophe diplomatique\u00a0\u00bb. Trois ans apr\u00e8s le scandale Pegasus, les tensions franco-marocaines semblent myst\u00e9rieusement s&rsquo;\u00eatre apais\u00e9es, au prix d&rsquo;importantes concessions diplomatiques et \u00e9conomiques. Le soutien r\u00e9cent de Macron \u00e0 la pr\u00e9tendue \u00ab\u00a0souverainet\u00e9\u00a0\u00bb marocaine sur le Sahara occidental marque une rupture historique avec la traditionnelle neutralit\u00e9 fran\u00e7aise sur ce dossier. Ce revirement s&rsquo;accompagne d&rsquo;un rapprochement \u00e9conomique massif, impliquant des investissements de plusieurs milliards d&rsquo;euros. L&rsquo;arsenal de pression marocain ne se limite pas \u00e0 l&rsquo;espionnage. L&rsquo;utilisation strat\u00e9gique de la question migratoire, la coop\u00e9ration s\u00e9curitaire, et les leviers \u00e9conomiques font partie d&rsquo;une approche globale visant \u00e0 obtenir des soutiens diplomatiques sur la question du Sahara occidental. L&rsquo;arrestation d&rsquo;Abdelmoumni illustre \u00e9galement l&rsquo;utilisation de la r\u00e9pression interne comme moyen de faire taire les voix critiques qui pourraient exposer ces pratiques.<\/p>\n\n\n\n<p>Ce positionnement fran\u00e7ais suscite des interrogations croissantes. Comme le souligne Le Monde, Paris n&rsquo;aurait aucun int\u00e9r\u00eat strat\u00e9gique \u00e0 \u00ab\u00a0tout miser sur le Maroc, un pays \u00e0 la gouvernance parfois erratique, \u00e0 l&rsquo;oligarchie pr\u00e9datrice, fragilis\u00e9 par ses in\u00e9galit\u00e9s sociales abyssales\u00a0\u00bb. Le risque d&rsquo;isolement diplomatique se profile pour la France, dont l&rsquo;attachement aux principes de souverainet\u00e9 des peuples et du droit international est d\u00e9sormais questionn\u00e9.<\/p>\n\n\n\n<p>L&rsquo;arrestation d&rsquo;Abdelmoumni s&rsquo;inscrit aussi dans une tendance plus large de r\u00e9pression des voix critiques au Maroc. Ancien prisonnier politique devenu coordinateur de l&rsquo;Association marocaine de soutien aux prisonniers politiques, il avait d\u00e9j\u00e0 fait l&rsquo;objet de diverses formes d&rsquo;intimidation, notamment la diffusion d&rsquo;une vid\u00e9o priv\u00e9e film\u00e9e secr\u00e8tement dans sa maison. L&rsquo;accumulation des preuves d\u00e9montre la nature criminelle du r\u00e9gime marocain qui combine espionnage technologique, pressions diplomatiques et r\u00e9pression int\u00e9rieure pour tenter de faire avancer ses int\u00e9r\u00eats sur le dossier du Sahara occidental.<\/p>\n\n\n\n<p>Hocine Fadheli<\/p>\n","protected":false},"excerpt":{"rendered":"<p>L&rsquo;arrestation r\u00e9cente d&rsquo;un \u00e9minent activiste marocain des droits de l&rsquo;homme met en lumi\u00e8re les m\u00e9thodes controvers\u00e9es qu&rsquo;utilise le Maroc pour<\/p>\n","protected":false},"author":6,"featured_media":58981,"comment_status":"open","ping_status":"closed","sticky":false,"template":"","format":"standard","meta":{"colormag_page_container_layout":"default_layout","colormag_page_sidebar_layout":"default_layout","om_disable_all_campaigns":false,"_monsterinsights_skip_tracking":false,"_monsterinsights_sitenote_active":false,"_monsterinsights_sitenote_note":"","_monsterinsights_sitenote_category":0,"footnotes":"","_wpscppro_dont_share_socialmedia":false,"_wpscppro_custom_social_share_image":0,"_facebook_share_type":"default","_twitter_share_type":"default","_linkedin_share_type":"default","_pinterest_share_type":"default","_linkedin_share_type_page":"","_instagram_share_type":"default","_medium_share_type":"default","_threads_share_type":"","_google_business_share_type":"","_selected_social_profile":[],"_wpsp_enable_custom_social_template":false,"_wpsp_social_scheduling":{"enabled":false,"datetime":null,"platforms":[],"status":"template_only","dateOption":"today","timeOption":"now","customDays":"","customHours":"","customDate":"","customTime":"","schedulingType":"absolute"},"_wpsp_active_default_template":true},"categories":[52,27],"tags":[],"class_list":["post-58980","post","type-post","status-publish","format-standard","has-post-thumbnail","hentry","category-a-la-une","category-actualite"],"aioseo_notices":[],"yoast_head":"<!-- This site is optimized with the Yoast SEO plugin v27.5 - https:\/\/yoast.com\/product\/yoast-seo-wordpress\/ -->\n<title>Chantage, espionnage, pressions diplomatiques et r\u00e9pression: Le Makhzen au banc des accus\u00e9s - La Sentinelle<\/title>\n<meta name=\"robots\" content=\"index, follow, max-snippet:-1, max-image-preview:large, max-video-preview:-1\" \/>\n<link rel=\"canonical\" href=\"https:\/\/lasentinelle.dz\/index.php\/2024\/11\/03\/chantage-espionnage-pressions-diplomatiques-et-repression-le-makhzen-au-banc-des-accuses\/\" \/>\n<meta property=\"og:locale\" content=\"fr_FR\" \/>\n<meta property=\"og:type\" content=\"article\" \/>\n<meta property=\"og:title\" content=\"Chantage, espionnage, pressions diplomatiques et r\u00e9pression: Le Makhzen au banc des accus\u00e9s - La Sentinelle\" \/>\n<meta property=\"og:description\" content=\"L&rsquo;arrestation r\u00e9cente d&rsquo;un \u00e9minent activiste marocain des droits de l&rsquo;homme met en lumi\u00e8re les m\u00e9thodes controvers\u00e9es qu&rsquo;utilise le Maroc pour\" \/>\n<meta property=\"og:url\" content=\"https:\/\/lasentinelle.dz\/index.php\/2024\/11\/03\/chantage-espionnage-pressions-diplomatiques-et-repression-le-makhzen-au-banc-des-accuses\/\" \/>\n<meta property=\"og:site_name\" content=\"La Sentinelle\" \/>\n<meta property=\"article:publisher\" content=\"https:\/\/www.facebook.com\/La-Sentinelle-104059864394773\" \/>\n<meta property=\"article:published_time\" content=\"2024-11-03T20:26:14+00:00\" \/>\n<meta property=\"article:modified_time\" content=\"2024-11-03T20:26:15+00:00\" \/>\n<meta property=\"og:image\" content=\"https:\/\/lasentinelle.dz\/wp-content\/uploads\/2024\/11\/macron-M6.jpg\" \/>\n\t<meta property=\"og:image:width\" content=\"850\" \/>\n\t<meta property=\"og:image:height\" content=\"560\" \/>\n\t<meta property=\"og:image:type\" content=\"image\/jpeg\" \/>\n<meta name=\"author\" content=\"admin\" \/>\n<meta name=\"twitter:card\" content=\"summary_large_image\" \/>\n<meta name=\"twitter:label1\" content=\"\u00c9crit par\" \/>\n\t<meta name=\"twitter:data1\" content=\"admin\" \/>\n\t<meta name=\"twitter:label2\" content=\"Dur\u00e9e de lecture estim\u00e9e\" \/>\n\t<meta name=\"twitter:data2\" content=\"4 minutes\" \/>\n<script type=\"application\/ld+json\" class=\"yoast-schema-graph\">{\"@context\":\"https:\\\/\\\/schema.org\",\"@graph\":[{\"@type\":\"Article\",\"@id\":\"https:\\\/\\\/lasentinelle.dz\\\/index.php\\\/2024\\\/11\\\/03\\\/chantage-espionnage-pressions-diplomatiques-et-repression-le-makhzen-au-banc-des-accuses\\\/#article\",\"isPartOf\":{\"@id\":\"https:\\\/\\\/lasentinelle.dz\\\/index.php\\\/2024\\\/11\\\/03\\\/chantage-espionnage-pressions-diplomatiques-et-repression-le-makhzen-au-banc-des-accuses\\\/\"},\"author\":{\"name\":\"admin\",\"@id\":\"https:\\\/\\\/lasentinelle.dz\\\/#\\\/schema\\\/person\\\/729ee0024f24e0b8c5ec17232f8e8b41\"},\"headline\":\"Chantage, espionnage, pressions diplomatiques et r\u00e9pression: Le Makhzen au banc des accus\u00e9s\",\"datePublished\":\"2024-11-03T20:26:14+00:00\",\"dateModified\":\"2024-11-03T20:26:15+00:00\",\"mainEntityOfPage\":{\"@id\":\"https:\\\/\\\/lasentinelle.dz\\\/index.php\\\/2024\\\/11\\\/03\\\/chantage-espionnage-pressions-diplomatiques-et-repression-le-makhzen-au-banc-des-accuses\\\/\"},\"wordCount\":693,\"commentCount\":0,\"publisher\":{\"@id\":\"https:\\\/\\\/lasentinelle.dz\\\/#organization\"},\"image\":{\"@id\":\"https:\\\/\\\/lasentinelle.dz\\\/index.php\\\/2024\\\/11\\\/03\\\/chantage-espionnage-pressions-diplomatiques-et-repression-le-makhzen-au-banc-des-accuses\\\/#primaryimage\"},\"thumbnailUrl\":\"https:\\\/\\\/lasentinelle.dz\\\/wp-content\\\/uploads\\\/2024\\\/11\\\/macron-M6.jpg\",\"articleSection\":[\"\u00c0 la Une\",\"Actualit\u00e9\"],\"inLanguage\":\"fr-FR\",\"potentialAction\":[{\"@type\":\"CommentAction\",\"name\":\"Comment\",\"target\":[\"https:\\\/\\\/lasentinelle.dz\\\/index.php\\\/2024\\\/11\\\/03\\\/chantage-espionnage-pressions-diplomatiques-et-repression-le-makhzen-au-banc-des-accuses\\\/#respond\"]}]},{\"@type\":\"WebPage\",\"@id\":\"https:\\\/\\\/lasentinelle.dz\\\/index.php\\\/2024\\\/11\\\/03\\\/chantage-espionnage-pressions-diplomatiques-et-repression-le-makhzen-au-banc-des-accuses\\\/\",\"url\":\"https:\\\/\\\/lasentinelle.dz\\\/index.php\\\/2024\\\/11\\\/03\\\/chantage-espionnage-pressions-diplomatiques-et-repression-le-makhzen-au-banc-des-accuses\\\/\",\"name\":\"Chantage, espionnage, pressions diplomatiques et r\u00e9pression: Le Makhzen au banc des accus\u00e9s - La Sentinelle\",\"isPartOf\":{\"@id\":\"https:\\\/\\\/lasentinelle.dz\\\/#website\"},\"primaryImageOfPage\":{\"@id\":\"https:\\\/\\\/lasentinelle.dz\\\/index.php\\\/2024\\\/11\\\/03\\\/chantage-espionnage-pressions-diplomatiques-et-repression-le-makhzen-au-banc-des-accuses\\\/#primaryimage\"},\"image\":{\"@id\":\"https:\\\/\\\/lasentinelle.dz\\\/index.php\\\/2024\\\/11\\\/03\\\/chantage-espionnage-pressions-diplomatiques-et-repression-le-makhzen-au-banc-des-accuses\\\/#primaryimage\"},\"thumbnailUrl\":\"https:\\\/\\\/lasentinelle.dz\\\/wp-content\\\/uploads\\\/2024\\\/11\\\/macron-M6.jpg\",\"datePublished\":\"2024-11-03T20:26:14+00:00\",\"dateModified\":\"2024-11-03T20:26:15+00:00\",\"breadcrumb\":{\"@id\":\"https:\\\/\\\/lasentinelle.dz\\\/index.php\\\/2024\\\/11\\\/03\\\/chantage-espionnage-pressions-diplomatiques-et-repression-le-makhzen-au-banc-des-accuses\\\/#breadcrumb\"},\"inLanguage\":\"fr-FR\",\"potentialAction\":[{\"@type\":\"ReadAction\",\"target\":[\"https:\\\/\\\/lasentinelle.dz\\\/index.php\\\/2024\\\/11\\\/03\\\/chantage-espionnage-pressions-diplomatiques-et-repression-le-makhzen-au-banc-des-accuses\\\/\"]}]},{\"@type\":\"ImageObject\",\"inLanguage\":\"fr-FR\",\"@id\":\"https:\\\/\\\/lasentinelle.dz\\\/index.php\\\/2024\\\/11\\\/03\\\/chantage-espionnage-pressions-diplomatiques-et-repression-le-makhzen-au-banc-des-accuses\\\/#primaryimage\",\"url\":\"https:\\\/\\\/lasentinelle.dz\\\/wp-content\\\/uploads\\\/2024\\\/11\\\/macron-M6.jpg\",\"contentUrl\":\"https:\\\/\\\/lasentinelle.dz\\\/wp-content\\\/uploads\\\/2024\\\/11\\\/macron-M6.jpg\",\"width\":850,\"height\":560},{\"@type\":\"BreadcrumbList\",\"@id\":\"https:\\\/\\\/lasentinelle.dz\\\/index.php\\\/2024\\\/11\\\/03\\\/chantage-espionnage-pressions-diplomatiques-et-repression-le-makhzen-au-banc-des-accuses\\\/#breadcrumb\",\"itemListElement\":[{\"@type\":\"ListItem\",\"position\":1,\"name\":\"Accueil\",\"item\":\"https:\\\/\\\/lasentinelle.dz\\\/\"},{\"@type\":\"ListItem\",\"position\":2,\"name\":\"Chantage, espionnage, pressions diplomatiques et r\u00e9pression: Le Makhzen au banc des accus\u00e9s\"}]},{\"@type\":\"WebSite\",\"@id\":\"https:\\\/\\\/lasentinelle.dz\\\/#website\",\"url\":\"https:\\\/\\\/lasentinelle.dz\\\/\",\"name\":\"La Sentinelle\",\"description\":\"Quotidien national d&#039;information\",\"publisher\":{\"@id\":\"https:\\\/\\\/lasentinelle.dz\\\/#organization\"},\"potentialAction\":[{\"@type\":\"SearchAction\",\"target\":{\"@type\":\"EntryPoint\",\"urlTemplate\":\"https:\\\/\\\/lasentinelle.dz\\\/?s={search_term_string}\"},\"query-input\":{\"@type\":\"PropertyValueSpecification\",\"valueRequired\":true,\"valueName\":\"search_term_string\"}}],\"inLanguage\":\"fr-FR\"},{\"@type\":\"Organization\",\"@id\":\"https:\\\/\\\/lasentinelle.dz\\\/#organization\",\"name\":\"Quotidien La Sentinelle\",\"url\":\"https:\\\/\\\/lasentinelle.dz\\\/\",\"logo\":{\"@type\":\"ImageObject\",\"inLanguage\":\"fr-FR\",\"@id\":\"https:\\\/\\\/lasentinelle.dz\\\/#\\\/schema\\\/logo\\\/image\\\/\",\"url\":\"https:\\\/\\\/lasentinelle.dz\\\/wp-content\\\/uploads\\\/2021\\\/09\\\/logo-sentinelleSLOGAN-1.png\",\"contentUrl\":\"https:\\\/\\\/lasentinelle.dz\\\/wp-content\\\/uploads\\\/2021\\\/09\\\/logo-sentinelleSLOGAN-1.png\",\"width\":615,\"height\":142,\"caption\":\"Quotidien La Sentinelle\"},\"image\":{\"@id\":\"https:\\\/\\\/lasentinelle.dz\\\/#\\\/schema\\\/logo\\\/image\\\/\"},\"sameAs\":[\"https:\\\/\\\/www.facebook.com\\\/La-Sentinelle-104059864394773\"]},{\"@type\":\"Person\",\"@id\":\"https:\\\/\\\/lasentinelle.dz\\\/#\\\/schema\\\/person\\\/729ee0024f24e0b8c5ec17232f8e8b41\",\"name\":\"admin\",\"image\":{\"@type\":\"ImageObject\",\"inLanguage\":\"fr-FR\",\"@id\":\"https:\\\/\\\/secure.gravatar.com\\\/avatar\\\/4c81fed838786e9b53f540bf46533e750f5d292099ae3b66cfc6fb1982e29df7?s=96&d=mm&r=g\",\"url\":\"https:\\\/\\\/secure.gravatar.com\\\/avatar\\\/4c81fed838786e9b53f540bf46533e750f5d292099ae3b66cfc6fb1982e29df7?s=96&d=mm&r=g\",\"contentUrl\":\"https:\\\/\\\/secure.gravatar.com\\\/avatar\\\/4c81fed838786e9b53f540bf46533e750f5d292099ae3b66cfc6fb1982e29df7?s=96&d=mm&r=g\",\"caption\":\"admin\"},\"description\":\"admin\",\"url\":\"https:\\\/\\\/lasentinelle.dz\\\/author\\\/admin\\\/\"}]}<\/script>\n<!-- \/ Yoast SEO plugin. -->","yoast_head_json":{"title":"Chantage, espionnage, pressions diplomatiques et r\u00e9pression: Le Makhzen au banc des accus\u00e9s - La Sentinelle","robots":{"index":"index","follow":"follow","max-snippet":"max-snippet:-1","max-image-preview":"max-image-preview:large","max-video-preview":"max-video-preview:-1"},"canonical":"https:\/\/lasentinelle.dz\/index.php\/2024\/11\/03\/chantage-espionnage-pressions-diplomatiques-et-repression-le-makhzen-au-banc-des-accuses\/","og_locale":"fr_FR","og_type":"article","og_title":"Chantage, espionnage, pressions diplomatiques et r\u00e9pression: Le Makhzen au banc des accus\u00e9s - La Sentinelle","og_description":"L&rsquo;arrestation r\u00e9cente d&rsquo;un \u00e9minent activiste marocain des droits de l&rsquo;homme met en lumi\u00e8re les m\u00e9thodes controvers\u00e9es qu&rsquo;utilise le Maroc pour","og_url":"https:\/\/lasentinelle.dz\/index.php\/2024\/11\/03\/chantage-espionnage-pressions-diplomatiques-et-repression-le-makhzen-au-banc-des-accuses\/","og_site_name":"La Sentinelle","article_publisher":"https:\/\/www.facebook.com\/La-Sentinelle-104059864394773","article_published_time":"2024-11-03T20:26:14+00:00","article_modified_time":"2024-11-03T20:26:15+00:00","og_image":[{"width":850,"height":560,"url":"https:\/\/lasentinelle.dz\/wp-content\/uploads\/2024\/11\/macron-M6.jpg","type":"image\/jpeg"}],"author":"admin","twitter_card":"summary_large_image","twitter_misc":{"\u00c9crit par":"admin","Dur\u00e9e de lecture estim\u00e9e":"4 minutes"},"schema":{"@context":"https:\/\/schema.org","@graph":[{"@type":"Article","@id":"https:\/\/lasentinelle.dz\/index.php\/2024\/11\/03\/chantage-espionnage-pressions-diplomatiques-et-repression-le-makhzen-au-banc-des-accuses\/#article","isPartOf":{"@id":"https:\/\/lasentinelle.dz\/index.php\/2024\/11\/03\/chantage-espionnage-pressions-diplomatiques-et-repression-le-makhzen-au-banc-des-accuses\/"},"author":{"name":"admin","@id":"https:\/\/lasentinelle.dz\/#\/schema\/person\/729ee0024f24e0b8c5ec17232f8e8b41"},"headline":"Chantage, espionnage, pressions diplomatiques et r\u00e9pression: Le Makhzen au banc des accus\u00e9s","datePublished":"2024-11-03T20:26:14+00:00","dateModified":"2024-11-03T20:26:15+00:00","mainEntityOfPage":{"@id":"https:\/\/lasentinelle.dz\/index.php\/2024\/11\/03\/chantage-espionnage-pressions-diplomatiques-et-repression-le-makhzen-au-banc-des-accuses\/"},"wordCount":693,"commentCount":0,"publisher":{"@id":"https:\/\/lasentinelle.dz\/#organization"},"image":{"@id":"https:\/\/lasentinelle.dz\/index.php\/2024\/11\/03\/chantage-espionnage-pressions-diplomatiques-et-repression-le-makhzen-au-banc-des-accuses\/#primaryimage"},"thumbnailUrl":"https:\/\/lasentinelle.dz\/wp-content\/uploads\/2024\/11\/macron-M6.jpg","articleSection":["\u00c0 la Une","Actualit\u00e9"],"inLanguage":"fr-FR","potentialAction":[{"@type":"CommentAction","name":"Comment","target":["https:\/\/lasentinelle.dz\/index.php\/2024\/11\/03\/chantage-espionnage-pressions-diplomatiques-et-repression-le-makhzen-au-banc-des-accuses\/#respond"]}]},{"@type":"WebPage","@id":"https:\/\/lasentinelle.dz\/index.php\/2024\/11\/03\/chantage-espionnage-pressions-diplomatiques-et-repression-le-makhzen-au-banc-des-accuses\/","url":"https:\/\/lasentinelle.dz\/index.php\/2024\/11\/03\/chantage-espionnage-pressions-diplomatiques-et-repression-le-makhzen-au-banc-des-accuses\/","name":"Chantage, espionnage, pressions diplomatiques et r\u00e9pression: Le Makhzen au banc des accus\u00e9s - La Sentinelle","isPartOf":{"@id":"https:\/\/lasentinelle.dz\/#website"},"primaryImageOfPage":{"@id":"https:\/\/lasentinelle.dz\/index.php\/2024\/11\/03\/chantage-espionnage-pressions-diplomatiques-et-repression-le-makhzen-au-banc-des-accuses\/#primaryimage"},"image":{"@id":"https:\/\/lasentinelle.dz\/index.php\/2024\/11\/03\/chantage-espionnage-pressions-diplomatiques-et-repression-le-makhzen-au-banc-des-accuses\/#primaryimage"},"thumbnailUrl":"https:\/\/lasentinelle.dz\/wp-content\/uploads\/2024\/11\/macron-M6.jpg","datePublished":"2024-11-03T20:26:14+00:00","dateModified":"2024-11-03T20:26:15+00:00","breadcrumb":{"@id":"https:\/\/lasentinelle.dz\/index.php\/2024\/11\/03\/chantage-espionnage-pressions-diplomatiques-et-repression-le-makhzen-au-banc-des-accuses\/#breadcrumb"},"inLanguage":"fr-FR","potentialAction":[{"@type":"ReadAction","target":["https:\/\/lasentinelle.dz\/index.php\/2024\/11\/03\/chantage-espionnage-pressions-diplomatiques-et-repression-le-makhzen-au-banc-des-accuses\/"]}]},{"@type":"ImageObject","inLanguage":"fr-FR","@id":"https:\/\/lasentinelle.dz\/index.php\/2024\/11\/03\/chantage-espionnage-pressions-diplomatiques-et-repression-le-makhzen-au-banc-des-accuses\/#primaryimage","url":"https:\/\/lasentinelle.dz\/wp-content\/uploads\/2024\/11\/macron-M6.jpg","contentUrl":"https:\/\/lasentinelle.dz\/wp-content\/uploads\/2024\/11\/macron-M6.jpg","width":850,"height":560},{"@type":"BreadcrumbList","@id":"https:\/\/lasentinelle.dz\/index.php\/2024\/11\/03\/chantage-espionnage-pressions-diplomatiques-et-repression-le-makhzen-au-banc-des-accuses\/#breadcrumb","itemListElement":[{"@type":"ListItem","position":1,"name":"Accueil","item":"https:\/\/lasentinelle.dz\/"},{"@type":"ListItem","position":2,"name":"Chantage, espionnage, pressions diplomatiques et r\u00e9pression: Le Makhzen au banc des accus\u00e9s"}]},{"@type":"WebSite","@id":"https:\/\/lasentinelle.dz\/#website","url":"https:\/\/lasentinelle.dz\/","name":"La Sentinelle","description":"Quotidien national d&#039;information","publisher":{"@id":"https:\/\/lasentinelle.dz\/#organization"},"potentialAction":[{"@type":"SearchAction","target":{"@type":"EntryPoint","urlTemplate":"https:\/\/lasentinelle.dz\/?s={search_term_string}"},"query-input":{"@type":"PropertyValueSpecification","valueRequired":true,"valueName":"search_term_string"}}],"inLanguage":"fr-FR"},{"@type":"Organization","@id":"https:\/\/lasentinelle.dz\/#organization","name":"Quotidien La Sentinelle","url":"https:\/\/lasentinelle.dz\/","logo":{"@type":"ImageObject","inLanguage":"fr-FR","@id":"https:\/\/lasentinelle.dz\/#\/schema\/logo\/image\/","url":"https:\/\/lasentinelle.dz\/wp-content\/uploads\/2021\/09\/logo-sentinelleSLOGAN-1.png","contentUrl":"https:\/\/lasentinelle.dz\/wp-content\/uploads\/2021\/09\/logo-sentinelleSLOGAN-1.png","width":615,"height":142,"caption":"Quotidien La Sentinelle"},"image":{"@id":"https:\/\/lasentinelle.dz\/#\/schema\/logo\/image\/"},"sameAs":["https:\/\/www.facebook.com\/La-Sentinelle-104059864394773"]},{"@type":"Person","@id":"https:\/\/lasentinelle.dz\/#\/schema\/person\/729ee0024f24e0b8c5ec17232f8e8b41","name":"admin","image":{"@type":"ImageObject","inLanguage":"fr-FR","@id":"https:\/\/secure.gravatar.com\/avatar\/4c81fed838786e9b53f540bf46533e750f5d292099ae3b66cfc6fb1982e29df7?s=96&d=mm&r=g","url":"https:\/\/secure.gravatar.com\/avatar\/4c81fed838786e9b53f540bf46533e750f5d292099ae3b66cfc6fb1982e29df7?s=96&d=mm&r=g","contentUrl":"https:\/\/secure.gravatar.com\/avatar\/4c81fed838786e9b53f540bf46533e750f5d292099ae3b66cfc6fb1982e29df7?s=96&d=mm&r=g","caption":"admin"},"description":"admin","url":"https:\/\/lasentinelle.dz\/author\/admin\/"}]}},"_links":{"self":[{"href":"https:\/\/lasentinelle.dz\/index.php\/wp-json\/wp\/v2\/posts\/58980","targetHints":{"allow":["GET"]}}],"collection":[{"href":"https:\/\/lasentinelle.dz\/index.php\/wp-json\/wp\/v2\/posts"}],"about":[{"href":"https:\/\/lasentinelle.dz\/index.php\/wp-json\/wp\/v2\/types\/post"}],"author":[{"embeddable":true,"href":"https:\/\/lasentinelle.dz\/index.php\/wp-json\/wp\/v2\/users\/6"}],"replies":[{"embeddable":true,"href":"https:\/\/lasentinelle.dz\/index.php\/wp-json\/wp\/v2\/comments?post=58980"}],"version-history":[{"count":1,"href":"https:\/\/lasentinelle.dz\/index.php\/wp-json\/wp\/v2\/posts\/58980\/revisions"}],"predecessor-version":[{"id":58982,"href":"https:\/\/lasentinelle.dz\/index.php\/wp-json\/wp\/v2\/posts\/58980\/revisions\/58982"}],"wp:featuredmedia":[{"embeddable":true,"href":"https:\/\/lasentinelle.dz\/index.php\/wp-json\/wp\/v2\/media\/58981"}],"wp:attachment":[{"href":"https:\/\/lasentinelle.dz\/index.php\/wp-json\/wp\/v2\/media?parent=58980"}],"wp:term":[{"taxonomy":"category","embeddable":true,"href":"https:\/\/lasentinelle.dz\/index.php\/wp-json\/wp\/v2\/categories?post=58980"},{"taxonomy":"post_tag","embeddable":true,"href":"https:\/\/lasentinelle.dz\/index.php\/wp-json\/wp\/v2\/tags?post=58980"}],"curies":[{"name":"wp","href":"https:\/\/api.w.org\/{rel}","templated":true}]}}