{"id":58999,"date":"2024-11-05T10:15:38","date_gmt":"2024-11-05T09:15:38","guid":{"rendered":"https:\/\/lasentinelle.dz\/?p=58999"},"modified":"2024-11-05T10:15:38","modified_gmt":"2024-11-05T09:15:38","slug":"soudan-12-civils-tues-au-nord-darfour-a-la-suite-dattaques","status":"publish","type":"post","link":"https:\/\/lasentinelle.dz\/index.php\/2024\/11\/05\/soudan-12-civils-tues-au-nord-darfour-a-la-suite-dattaques\/","title":{"rendered":"Soudan\u00a0: 12 civils tu\u00e9s au Nord Darfour \u00e0 la suite d&rsquo;attaques"},"content":{"rendered":"\n<p>Douze civils ont \u00e9t\u00e9 tu\u00e9s dans des attaques dans la r\u00e9gion de Burdik, dans l&rsquo;Etat du Nord Darfour, \u00e0 l&rsquo;ouest du Soudan, ont rapport\u00e9 dimanche des m\u00e9dias citant des sources. Dans un communiqu\u00e9 relay\u00e9 par des m\u00e9dias, les Comit\u00e9s de r\u00e9sistance d&rsquo;El Fasher (militants) ont d\u00e9clar\u00e9 que \u00ab\u00a0les Forces de soutien rapide (FSR) ont commis un massacre \u00e0 Burdik et dans les villages adjacents \u00e0 la ville de Kutum, dans l&rsquo;Etat du Nord-Darfour\u00a0\u00bb. Le communiqu\u00e9 a pr\u00e9cis\u00e9 que \u00ab\u00a0cela a conduit \u00e0 la mort de 12 personnes, \u00e0 la blessure de 5 autres et \u00e0 l&rsquo;arrestation de 3 personnes\u00a0\u00bb. Pour sa part, le gouverneur de la r\u00e9gion du Darfour, Minni Arko Minawi, a fait savoir que \u00ab\u00a0ce qui se passe \u00e0 Buredik est un crime qui s&rsquo;ajoute au bilan des crimes humanitaires, car les citoyens sans d\u00e9fense sont expos\u00e9s aux attaques f\u00e9roces\u00a0\u00bb. Minawi a indiqu\u00e9 que \u00ab\u00a0la r\u00e9gion enti\u00e8re a \u00e9t\u00e9 envahie, avec plus de 20 villages incendi\u00e9s et des propri\u00e9t\u00e9s pill\u00e9es\u00a0\u00bb.<\/p>\n\n\n\n<p>Depuis la mi-avril 2023, le conflit entre l\u2019arm\u00e9e soudanaise et les Forces de soutien rapide (FSR) a fait plus de 20 000 morts et plus de 11 millions de d\u00e9plac\u00e9s et r\u00e9fugi\u00e9s, selon l\u2019ONU. En outre, 3,1 millions de personnes se sont r\u00e9fugi\u00e9es dans les pays voisins. Au total, pr\u00e8s de 30 % de la population soudanaise a \u00e9t\u00e9 d\u00e9plac\u00e9e, d&rsquo;apr\u00e8s les Nations Unies. Le Fonds des Nations Unies pour l&rsquo;enfance (UNICEF) a indiqu\u00e9 que 5 millions d&rsquo;enfants ont \u00e9t\u00e9 d\u00e9plac\u00e9s au Soudan en raison du conflit entre l&rsquo;arm\u00e9e r\u00e9guli\u00e8re et les Forces de soutien rapide (FSR) qui se poursuit depuis la mi-avril 2023. Dans un message publi\u00e9 dimanche sur les r\u00e9seaux sociaux, l&rsquo;UNICEF a d\u00e9clar\u00e9 que \u00ab\u00a0le Soudan est confront\u00e9 \u00e0 la plus grande crise de d\u00e9placement d&rsquo;enfants au monde. Beaucoup d&rsquo;entre eux ont \u00e9t\u00e9 d\u00e9plac\u00e9s au moins deux fois depuis le d\u00e9but de la guerre l&rsquo;ann\u00e9e derni\u00e8re\u00a0\u00bb. Le pays compte d\u00e9sormais, selon l&rsquo;agence onusienne, \u00ab\u00a05 millions d&rsquo;enfants d\u00e9plac\u00e9s\u00a0\u00bb. \u00ab\u00a0L&rsquo;UNICEF et ses partenaires sont sur le terrain pour les aider, mais ils ont besoin que cette violence brutale cesse\u00a0\u00bb, souligne l&rsquo;agence.<\/p>\n\n\n\n<p>R.I.<\/p>\n","protected":false},"excerpt":{"rendered":"<p>Douze civils ont \u00e9t\u00e9 tu\u00e9s dans des attaques dans la r\u00e9gion de Burdik, dans l&rsquo;Etat du Nord Darfour, \u00e0 l&rsquo;ouest<\/p>\n","protected":false},"author":6,"featured_media":42535,"comment_status":"open","ping_status":"closed","sticky":false,"template":"","format":"standard","meta":{"colormag_page_container_layout":"default_layout","colormag_page_sidebar_layout":"default_layout","om_disable_all_campaigns":false,"_monsterinsights_skip_tracking":false,"_monsterinsights_sitenote_active":false,"_monsterinsights_sitenote_note":"","_monsterinsights_sitenote_category":0,"footnotes":"","_wpscppro_dont_share_socialmedia":false,"_wpscppro_custom_social_share_image":0,"_facebook_share_type":"default","_twitter_share_type":"default","_linkedin_share_type":"default","_pinterest_share_type":"default","_linkedin_share_type_page":"","_instagram_share_type":"default","_medium_share_type":"default","_threads_share_type":"","_google_business_share_type":"","_selected_social_profile":[],"_wpsp_enable_custom_social_template":false,"_wpsp_social_scheduling":{"enabled":false,"datetime":null,"platforms":[],"status":"template_only","dateOption":"today","timeOption":"now","customDays":"","customHours":"","customDate":"","customTime":"","schedulingType":"absolute"},"_wpsp_active_default_template":true},"categories":[37],"tags":[],"class_list":["post-58999","post","type-post","status-publish","format-standard","has-post-thumbnail","hentry","category-monde"],"aioseo_notices":[],"yoast_head":"<!-- This site is optimized with the Yoast SEO plugin v27.5 - https:\/\/yoast.com\/product\/yoast-seo-wordpress\/ -->\n<title>Soudan\u00a0: 12 civils tu\u00e9s au Nord Darfour \u00e0 la suite d&rsquo;attaques - La Sentinelle<\/title>\n<meta name=\"robots\" content=\"index, follow, max-snippet:-1, max-image-preview:large, max-video-preview:-1\" \/>\n<link rel=\"canonical\" href=\"https:\/\/lasentinelle.dz\/index.php\/2024\/11\/05\/soudan-12-civils-tues-au-nord-darfour-a-la-suite-dattaques\/\" \/>\n<meta property=\"og:locale\" content=\"fr_FR\" \/>\n<meta property=\"og:type\" content=\"article\" \/>\n<meta property=\"og:title\" content=\"Soudan\u00a0: 12 civils tu\u00e9s au Nord Darfour \u00e0 la suite d&rsquo;attaques - La Sentinelle\" \/>\n<meta property=\"og:description\" content=\"Douze civils ont \u00e9t\u00e9 tu\u00e9s dans des attaques dans la r\u00e9gion de Burdik, dans l&rsquo;Etat du Nord Darfour, \u00e0 l&rsquo;ouest\" \/>\n<meta property=\"og:url\" content=\"https:\/\/lasentinelle.dz\/index.php\/2024\/11\/05\/soudan-12-civils-tues-au-nord-darfour-a-la-suite-dattaques\/\" \/>\n<meta property=\"og:site_name\" content=\"La Sentinelle\" \/>\n<meta property=\"article:publisher\" content=\"https:\/\/www.facebook.com\/La-Sentinelle-104059864394773\" \/>\n<meta property=\"article:published_time\" content=\"2024-11-05T09:15:38+00:00\" \/>\n<meta property=\"og:image\" content=\"https:\/\/lasentinelle.dz\/wp-content\/uploads\/2023\/06\/soudan.webp\" \/>\n\t<meta property=\"og:image:width\" content=\"1920\" \/>\n\t<meta property=\"og:image:height\" content=\"1080\" \/>\n\t<meta property=\"og:image:type\" content=\"image\/webp\" \/>\n<meta name=\"author\" content=\"admin\" \/>\n<meta name=\"twitter:card\" content=\"summary_large_image\" \/>\n<meta name=\"twitter:label1\" content=\"\u00c9crit par\" \/>\n\t<meta name=\"twitter:data1\" content=\"admin\" \/>\n\t<meta name=\"twitter:label2\" content=\"Dur\u00e9e de lecture estim\u00e9e\" \/>\n\t<meta name=\"twitter:data2\" content=\"2 minutes\" \/>\n<script type=\"application\/ld+json\" class=\"yoast-schema-graph\">{\"@context\":\"https:\\\/\\\/schema.org\",\"@graph\":[{\"@type\":\"Article\",\"@id\":\"https:\\\/\\\/lasentinelle.dz\\\/index.php\\\/2024\\\/11\\\/05\\\/soudan-12-civils-tues-au-nord-darfour-a-la-suite-dattaques\\\/#article\",\"isPartOf\":{\"@id\":\"https:\\\/\\\/lasentinelle.dz\\\/index.php\\\/2024\\\/11\\\/05\\\/soudan-12-civils-tues-au-nord-darfour-a-la-suite-dattaques\\\/\"},\"author\":{\"name\":\"admin\",\"@id\":\"https:\\\/\\\/lasentinelle.dz\\\/#\\\/schema\\\/person\\\/729ee0024f24e0b8c5ec17232f8e8b41\"},\"headline\":\"Soudan\u00a0: 12 civils tu\u00e9s au Nord Darfour \u00e0 la suite d&rsquo;attaques\",\"datePublished\":\"2024-11-05T09:15:38+00:00\",\"mainEntityOfPage\":{\"@id\":\"https:\\\/\\\/lasentinelle.dz\\\/index.php\\\/2024\\\/11\\\/05\\\/soudan-12-civils-tues-au-nord-darfour-a-la-suite-dattaques\\\/\"},\"wordCount\":401,\"commentCount\":0,\"publisher\":{\"@id\":\"https:\\\/\\\/lasentinelle.dz\\\/#organization\"},\"image\":{\"@id\":\"https:\\\/\\\/lasentinelle.dz\\\/index.php\\\/2024\\\/11\\\/05\\\/soudan-12-civils-tues-au-nord-darfour-a-la-suite-dattaques\\\/#primaryimage\"},\"thumbnailUrl\":\"https:\\\/\\\/lasentinelle.dz\\\/wp-content\\\/uploads\\\/2023\\\/06\\\/soudan.webp\",\"articleSection\":[\"Monde\"],\"inLanguage\":\"fr-FR\",\"potentialAction\":[{\"@type\":\"CommentAction\",\"name\":\"Comment\",\"target\":[\"https:\\\/\\\/lasentinelle.dz\\\/index.php\\\/2024\\\/11\\\/05\\\/soudan-12-civils-tues-au-nord-darfour-a-la-suite-dattaques\\\/#respond\"]}]},{\"@type\":\"WebPage\",\"@id\":\"https:\\\/\\\/lasentinelle.dz\\\/index.php\\\/2024\\\/11\\\/05\\\/soudan-12-civils-tues-au-nord-darfour-a-la-suite-dattaques\\\/\",\"url\":\"https:\\\/\\\/lasentinelle.dz\\\/index.php\\\/2024\\\/11\\\/05\\\/soudan-12-civils-tues-au-nord-darfour-a-la-suite-dattaques\\\/\",\"name\":\"Soudan\u00a0: 12 civils tu\u00e9s au Nord Darfour \u00e0 la suite d&rsquo;attaques - La Sentinelle\",\"isPartOf\":{\"@id\":\"https:\\\/\\\/lasentinelle.dz\\\/#website\"},\"primaryImageOfPage\":{\"@id\":\"https:\\\/\\\/lasentinelle.dz\\\/index.php\\\/2024\\\/11\\\/05\\\/soudan-12-civils-tues-au-nord-darfour-a-la-suite-dattaques\\\/#primaryimage\"},\"image\":{\"@id\":\"https:\\\/\\\/lasentinelle.dz\\\/index.php\\\/2024\\\/11\\\/05\\\/soudan-12-civils-tues-au-nord-darfour-a-la-suite-dattaques\\\/#primaryimage\"},\"thumbnailUrl\":\"https:\\\/\\\/lasentinelle.dz\\\/wp-content\\\/uploads\\\/2023\\\/06\\\/soudan.webp\",\"datePublished\":\"2024-11-05T09:15:38+00:00\",\"breadcrumb\":{\"@id\":\"https:\\\/\\\/lasentinelle.dz\\\/index.php\\\/2024\\\/11\\\/05\\\/soudan-12-civils-tues-au-nord-darfour-a-la-suite-dattaques\\\/#breadcrumb\"},\"inLanguage\":\"fr-FR\",\"potentialAction\":[{\"@type\":\"ReadAction\",\"target\":[\"https:\\\/\\\/lasentinelle.dz\\\/index.php\\\/2024\\\/11\\\/05\\\/soudan-12-civils-tues-au-nord-darfour-a-la-suite-dattaques\\\/\"]}]},{\"@type\":\"ImageObject\",\"inLanguage\":\"fr-FR\",\"@id\":\"https:\\\/\\\/lasentinelle.dz\\\/index.php\\\/2024\\\/11\\\/05\\\/soudan-12-civils-tues-au-nord-darfour-a-la-suite-dattaques\\\/#primaryimage\",\"url\":\"https:\\\/\\\/lasentinelle.dz\\\/wp-content\\\/uploads\\\/2023\\\/06\\\/soudan.webp\",\"contentUrl\":\"https:\\\/\\\/lasentinelle.dz\\\/wp-content\\\/uploads\\\/2023\\\/06\\\/soudan.webp\",\"width\":1920,\"height\":1080},{\"@type\":\"BreadcrumbList\",\"@id\":\"https:\\\/\\\/lasentinelle.dz\\\/index.php\\\/2024\\\/11\\\/05\\\/soudan-12-civils-tues-au-nord-darfour-a-la-suite-dattaques\\\/#breadcrumb\",\"itemListElement\":[{\"@type\":\"ListItem\",\"position\":1,\"name\":\"Accueil\",\"item\":\"https:\\\/\\\/lasentinelle.dz\\\/\"},{\"@type\":\"ListItem\",\"position\":2,\"name\":\"Soudan\u00a0: 12 civils tu\u00e9s au Nord Darfour \u00e0 la suite d&rsquo;attaques\"}]},{\"@type\":\"WebSite\",\"@id\":\"https:\\\/\\\/lasentinelle.dz\\\/#website\",\"url\":\"https:\\\/\\\/lasentinelle.dz\\\/\",\"name\":\"La Sentinelle\",\"description\":\"Quotidien national d&#039;information\",\"publisher\":{\"@id\":\"https:\\\/\\\/lasentinelle.dz\\\/#organization\"},\"potentialAction\":[{\"@type\":\"SearchAction\",\"target\":{\"@type\":\"EntryPoint\",\"urlTemplate\":\"https:\\\/\\\/lasentinelle.dz\\\/?s={search_term_string}\"},\"query-input\":{\"@type\":\"PropertyValueSpecification\",\"valueRequired\":true,\"valueName\":\"search_term_string\"}}],\"inLanguage\":\"fr-FR\"},{\"@type\":\"Organization\",\"@id\":\"https:\\\/\\\/lasentinelle.dz\\\/#organization\",\"name\":\"Quotidien La Sentinelle\",\"url\":\"https:\\\/\\\/lasentinelle.dz\\\/\",\"logo\":{\"@type\":\"ImageObject\",\"inLanguage\":\"fr-FR\",\"@id\":\"https:\\\/\\\/lasentinelle.dz\\\/#\\\/schema\\\/logo\\\/image\\\/\",\"url\":\"https:\\\/\\\/lasentinelle.dz\\\/wp-content\\\/uploads\\\/2021\\\/09\\\/logo-sentinelleSLOGAN-1.png\",\"contentUrl\":\"https:\\\/\\\/lasentinelle.dz\\\/wp-content\\\/uploads\\\/2021\\\/09\\\/logo-sentinelleSLOGAN-1.png\",\"width\":615,\"height\":142,\"caption\":\"Quotidien La Sentinelle\"},\"image\":{\"@id\":\"https:\\\/\\\/lasentinelle.dz\\\/#\\\/schema\\\/logo\\\/image\\\/\"},\"sameAs\":[\"https:\\\/\\\/www.facebook.com\\\/La-Sentinelle-104059864394773\"]},{\"@type\":\"Person\",\"@id\":\"https:\\\/\\\/lasentinelle.dz\\\/#\\\/schema\\\/person\\\/729ee0024f24e0b8c5ec17232f8e8b41\",\"name\":\"admin\",\"image\":{\"@type\":\"ImageObject\",\"inLanguage\":\"fr-FR\",\"@id\":\"https:\\\/\\\/secure.gravatar.com\\\/avatar\\\/4c81fed838786e9b53f540bf46533e750f5d292099ae3b66cfc6fb1982e29df7?s=96&d=mm&r=g\",\"url\":\"https:\\\/\\\/secure.gravatar.com\\\/avatar\\\/4c81fed838786e9b53f540bf46533e750f5d292099ae3b66cfc6fb1982e29df7?s=96&d=mm&r=g\",\"contentUrl\":\"https:\\\/\\\/secure.gravatar.com\\\/avatar\\\/4c81fed838786e9b53f540bf46533e750f5d292099ae3b66cfc6fb1982e29df7?s=96&d=mm&r=g\",\"caption\":\"admin\"},\"description\":\"admin\",\"url\":\"https:\\\/\\\/lasentinelle.dz\\\/author\\\/admin\\\/\"}]}<\/script>\n<!-- \/ Yoast SEO plugin. -->","yoast_head_json":{"title":"Soudan\u00a0: 12 civils tu\u00e9s au Nord Darfour \u00e0 la suite d&rsquo;attaques - La Sentinelle","robots":{"index":"index","follow":"follow","max-snippet":"max-snippet:-1","max-image-preview":"max-image-preview:large","max-video-preview":"max-video-preview:-1"},"canonical":"https:\/\/lasentinelle.dz\/index.php\/2024\/11\/05\/soudan-12-civils-tues-au-nord-darfour-a-la-suite-dattaques\/","og_locale":"fr_FR","og_type":"article","og_title":"Soudan\u00a0: 12 civils tu\u00e9s au Nord Darfour \u00e0 la suite d&rsquo;attaques - La Sentinelle","og_description":"Douze civils ont \u00e9t\u00e9 tu\u00e9s dans des attaques dans la r\u00e9gion de Burdik, dans l&rsquo;Etat du Nord Darfour, \u00e0 l&rsquo;ouest","og_url":"https:\/\/lasentinelle.dz\/index.php\/2024\/11\/05\/soudan-12-civils-tues-au-nord-darfour-a-la-suite-dattaques\/","og_site_name":"La Sentinelle","article_publisher":"https:\/\/www.facebook.com\/La-Sentinelle-104059864394773","article_published_time":"2024-11-05T09:15:38+00:00","og_image":[{"width":1920,"height":1080,"url":"https:\/\/lasentinelle.dz\/wp-content\/uploads\/2023\/06\/soudan.webp","type":"image\/webp"}],"author":"admin","twitter_card":"summary_large_image","twitter_misc":{"\u00c9crit par":"admin","Dur\u00e9e de lecture estim\u00e9e":"2 minutes"},"schema":{"@context":"https:\/\/schema.org","@graph":[{"@type":"Article","@id":"https:\/\/lasentinelle.dz\/index.php\/2024\/11\/05\/soudan-12-civils-tues-au-nord-darfour-a-la-suite-dattaques\/#article","isPartOf":{"@id":"https:\/\/lasentinelle.dz\/index.php\/2024\/11\/05\/soudan-12-civils-tues-au-nord-darfour-a-la-suite-dattaques\/"},"author":{"name":"admin","@id":"https:\/\/lasentinelle.dz\/#\/schema\/person\/729ee0024f24e0b8c5ec17232f8e8b41"},"headline":"Soudan\u00a0: 12 civils tu\u00e9s au Nord Darfour \u00e0 la suite d&rsquo;attaques","datePublished":"2024-11-05T09:15:38+00:00","mainEntityOfPage":{"@id":"https:\/\/lasentinelle.dz\/index.php\/2024\/11\/05\/soudan-12-civils-tues-au-nord-darfour-a-la-suite-dattaques\/"},"wordCount":401,"commentCount":0,"publisher":{"@id":"https:\/\/lasentinelle.dz\/#organization"},"image":{"@id":"https:\/\/lasentinelle.dz\/index.php\/2024\/11\/05\/soudan-12-civils-tues-au-nord-darfour-a-la-suite-dattaques\/#primaryimage"},"thumbnailUrl":"https:\/\/lasentinelle.dz\/wp-content\/uploads\/2023\/06\/soudan.webp","articleSection":["Monde"],"inLanguage":"fr-FR","potentialAction":[{"@type":"CommentAction","name":"Comment","target":["https:\/\/lasentinelle.dz\/index.php\/2024\/11\/05\/soudan-12-civils-tues-au-nord-darfour-a-la-suite-dattaques\/#respond"]}]},{"@type":"WebPage","@id":"https:\/\/lasentinelle.dz\/index.php\/2024\/11\/05\/soudan-12-civils-tues-au-nord-darfour-a-la-suite-dattaques\/","url":"https:\/\/lasentinelle.dz\/index.php\/2024\/11\/05\/soudan-12-civils-tues-au-nord-darfour-a-la-suite-dattaques\/","name":"Soudan\u00a0: 12 civils tu\u00e9s au Nord Darfour \u00e0 la suite d&rsquo;attaques - La Sentinelle","isPartOf":{"@id":"https:\/\/lasentinelle.dz\/#website"},"primaryImageOfPage":{"@id":"https:\/\/lasentinelle.dz\/index.php\/2024\/11\/05\/soudan-12-civils-tues-au-nord-darfour-a-la-suite-dattaques\/#primaryimage"},"image":{"@id":"https:\/\/lasentinelle.dz\/index.php\/2024\/11\/05\/soudan-12-civils-tues-au-nord-darfour-a-la-suite-dattaques\/#primaryimage"},"thumbnailUrl":"https:\/\/lasentinelle.dz\/wp-content\/uploads\/2023\/06\/soudan.webp","datePublished":"2024-11-05T09:15:38+00:00","breadcrumb":{"@id":"https:\/\/lasentinelle.dz\/index.php\/2024\/11\/05\/soudan-12-civils-tues-au-nord-darfour-a-la-suite-dattaques\/#breadcrumb"},"inLanguage":"fr-FR","potentialAction":[{"@type":"ReadAction","target":["https:\/\/lasentinelle.dz\/index.php\/2024\/11\/05\/soudan-12-civils-tues-au-nord-darfour-a-la-suite-dattaques\/"]}]},{"@type":"ImageObject","inLanguage":"fr-FR","@id":"https:\/\/lasentinelle.dz\/index.php\/2024\/11\/05\/soudan-12-civils-tues-au-nord-darfour-a-la-suite-dattaques\/#primaryimage","url":"https:\/\/lasentinelle.dz\/wp-content\/uploads\/2023\/06\/soudan.webp","contentUrl":"https:\/\/lasentinelle.dz\/wp-content\/uploads\/2023\/06\/soudan.webp","width":1920,"height":1080},{"@type":"BreadcrumbList","@id":"https:\/\/lasentinelle.dz\/index.php\/2024\/11\/05\/soudan-12-civils-tues-au-nord-darfour-a-la-suite-dattaques\/#breadcrumb","itemListElement":[{"@type":"ListItem","position":1,"name":"Accueil","item":"https:\/\/lasentinelle.dz\/"},{"@type":"ListItem","position":2,"name":"Soudan\u00a0: 12 civils tu\u00e9s au Nord Darfour \u00e0 la suite d&rsquo;attaques"}]},{"@type":"WebSite","@id":"https:\/\/lasentinelle.dz\/#website","url":"https:\/\/lasentinelle.dz\/","name":"La Sentinelle","description":"Quotidien national d&#039;information","publisher":{"@id":"https:\/\/lasentinelle.dz\/#organization"},"potentialAction":[{"@type":"SearchAction","target":{"@type":"EntryPoint","urlTemplate":"https:\/\/lasentinelle.dz\/?s={search_term_string}"},"query-input":{"@type":"PropertyValueSpecification","valueRequired":true,"valueName":"search_term_string"}}],"inLanguage":"fr-FR"},{"@type":"Organization","@id":"https:\/\/lasentinelle.dz\/#organization","name":"Quotidien La Sentinelle","url":"https:\/\/lasentinelle.dz\/","logo":{"@type":"ImageObject","inLanguage":"fr-FR","@id":"https:\/\/lasentinelle.dz\/#\/schema\/logo\/image\/","url":"https:\/\/lasentinelle.dz\/wp-content\/uploads\/2021\/09\/logo-sentinelleSLOGAN-1.png","contentUrl":"https:\/\/lasentinelle.dz\/wp-content\/uploads\/2021\/09\/logo-sentinelleSLOGAN-1.png","width":615,"height":142,"caption":"Quotidien La Sentinelle"},"image":{"@id":"https:\/\/lasentinelle.dz\/#\/schema\/logo\/image\/"},"sameAs":["https:\/\/www.facebook.com\/La-Sentinelle-104059864394773"]},{"@type":"Person","@id":"https:\/\/lasentinelle.dz\/#\/schema\/person\/729ee0024f24e0b8c5ec17232f8e8b41","name":"admin","image":{"@type":"ImageObject","inLanguage":"fr-FR","@id":"https:\/\/secure.gravatar.com\/avatar\/4c81fed838786e9b53f540bf46533e750f5d292099ae3b66cfc6fb1982e29df7?s=96&d=mm&r=g","url":"https:\/\/secure.gravatar.com\/avatar\/4c81fed838786e9b53f540bf46533e750f5d292099ae3b66cfc6fb1982e29df7?s=96&d=mm&r=g","contentUrl":"https:\/\/secure.gravatar.com\/avatar\/4c81fed838786e9b53f540bf46533e750f5d292099ae3b66cfc6fb1982e29df7?s=96&d=mm&r=g","caption":"admin"},"description":"admin","url":"https:\/\/lasentinelle.dz\/author\/admin\/"}]}},"_links":{"self":[{"href":"https:\/\/lasentinelle.dz\/index.php\/wp-json\/wp\/v2\/posts\/58999","targetHints":{"allow":["GET"]}}],"collection":[{"href":"https:\/\/lasentinelle.dz\/index.php\/wp-json\/wp\/v2\/posts"}],"about":[{"href":"https:\/\/lasentinelle.dz\/index.php\/wp-json\/wp\/v2\/types\/post"}],"author":[{"embeddable":true,"href":"https:\/\/lasentinelle.dz\/index.php\/wp-json\/wp\/v2\/users\/6"}],"replies":[{"embeddable":true,"href":"https:\/\/lasentinelle.dz\/index.php\/wp-json\/wp\/v2\/comments?post=58999"}],"version-history":[{"count":2,"href":"https:\/\/lasentinelle.dz\/index.php\/wp-json\/wp\/v2\/posts\/58999\/revisions"}],"predecessor-version":[{"id":59001,"href":"https:\/\/lasentinelle.dz\/index.php\/wp-json\/wp\/v2\/posts\/58999\/revisions\/59001"}],"wp:featuredmedia":[{"embeddable":true,"href":"https:\/\/lasentinelle.dz\/index.php\/wp-json\/wp\/v2\/media\/42535"}],"wp:attachment":[{"href":"https:\/\/lasentinelle.dz\/index.php\/wp-json\/wp\/v2\/media?parent=58999"}],"wp:term":[{"taxonomy":"category","embeddable":true,"href":"https:\/\/lasentinelle.dz\/index.php\/wp-json\/wp\/v2\/categories?post=58999"},{"taxonomy":"post_tag","embeddable":true,"href":"https:\/\/lasentinelle.dz\/index.php\/wp-json\/wp\/v2\/tags?post=58999"}],"curies":[{"name":"wp","href":"https:\/\/api.w.org\/{rel}","templated":true}]}}