{"id":59015,"date":"2024-11-05T10:21:59","date_gmt":"2024-11-05T09:21:59","guid":{"rendered":"https:\/\/lasentinelle.dz\/?p=59015"},"modified":"2024-11-05T10:22:00","modified_gmt":"2024-11-05T09:22:00","slug":"sila-2024-un-rendez-vous-avec-le-livre-le-savoir-et-lhistoire","status":"publish","type":"post","link":"https:\/\/lasentinelle.dz\/index.php\/2024\/11\/05\/sila-2024-un-rendez-vous-avec-le-livre-le-savoir-et-lhistoire\/","title":{"rendered":"Sila 2024 : Un rendez-vous avec le livre, le savoir et l&rsquo;histoire"},"content":{"rendered":"\n<p>L&rsquo;\u00e9dition 2024 du Salon international du livre d&rsquo;Alger (Sila) s&rsquo;annonce comme un \u00e9v\u00e9nement culturel incontournable, avec plus de 1 000 maisons d&rsquo;\u00e9dition repr\u00e9sentant 40 pays et plus de 300 000 titres expos\u00e9s. Selon Noureddine Azzouz, membre du commissariat du Salon, le Sila est un \u00ab\u00a0indicateur socioculturel\u00a0\u00bb qui t\u00e9moigne de la relation exceptionnelle que les Alg\u00e9riens entretiennent avec le livre.<\/p>\n\n\n\n<p>Alors que le march\u00e9 du livre conna\u00eet une crise mondiale, les Alg\u00e9riens continuent d&rsquo;affluer en masse vers ce rendez-vous annuel, faisant du Sila un \u00e9v\u00e9nement d&rsquo;une importance capitale. \u00ab\u00a0C&rsquo;est pourquoi l&rsquo;int\u00e9r\u00eat des maisons d&rsquo;\u00e9dition pour cet \u00e9v\u00e9nement grandissant ne cesse d&rsquo;augmenter\u00a0\u00bb, a soulign\u00e9 hier Noureddine Azzouz lors d\u2019une intervention sur les ondes de la Radio alg\u00e9rienne. Outre la profusion de titres r\u00e9cents et de best-sellers, le public pourra profiter d&rsquo;un riche programme culturel. Des espaces pour enfants, des ateliers, des concours et des conf\u00e9rences seront propos\u00e9s, abordant des th\u00e8mes aussi vari\u00e9s que le m\u00e9tier du livre, son \u00e9dition et ses mutations, la m\u00e9moire nationale, la cause palestinienne, la production intellectuelle africaine ou encore la num\u00e9risation.<\/p>\n\n\n\n<p>Des historiens et des essayistes de renom tels que Fouad Soufi, Malika Rahal et Jim House seront pr\u00e9sents pour discuter du \u00ab\u00a0mouvement national, de ses origines et de ses diff\u00e9rentes \u00e9tapes\u00a0\u00bb explique l\u2019invit\u00e9 de la Radio. La lutte intellectuelle et litt\u00e9raire du peuple palestinien face au g\u00e9nocide de Ghaza sera \u00e9galement au c\u0153ur des d\u00e9bats, ajoute-il, t\u00e9moignant de l&rsquo;interaction profonde entre les Alg\u00e9riens et la cause palestinienne \u00e0 travers la litt\u00e9rature et le cin\u00e9ma.<\/p>\n\n\n\n<p>Pour cette 27e \u00e9dition, le Qatar a \u00e9t\u00e9 choisi comme invit\u00e9 d&rsquo;honneur. Noureddine Azzouz explique que ce choix vise \u00e0 faire d\u00e9couvrir au public alg\u00e9rien le roman qatari, mais aussi \u00e0 partager l&rsquo;exp\u00e9rience de ce pays dans les domaines de la num\u00e9risation, de l&rsquo;esth\u00e9tique litt\u00e9raire et de la po\u00e9sie. Sur le plan organisationnel, le Sila met tout en \u0153uvre pour offrir une exp\u00e9rience fluide et informative aux visiteurs, ajoute-il, soulignant que le Salon est d\u00e9sormais \u00ab\u00a0presque enti\u00e8rement num\u00e9ris\u00e9\u00a0\u00bb, permettant aux visiteurs de s&rsquo;orienter et de s&rsquo;informer rapidement sur les espaces et les activit\u00e9s programm\u00e9es gr\u00e2ce \u00e0 son site internet, ses r\u00e9seaux sociaux et ses applications d\u00e9di\u00e9es. Avec son riche programme culturel, sa diversit\u00e9 \u00e9ditoriale et sa dimension internationale, le Sila 2024 s&rsquo;annonce comme un rendez-vous incontournable pour tous les amateurs de livres, de savoir et d&rsquo;histoire. Un \u00e9v\u00e9nement qui t\u00e9moigne de la vitalit\u00e9 de la sc\u00e8ne culturelle alg\u00e9rienne et de l&rsquo;importance cruciale du livre dans la soci\u00e9t\u00e9.<\/p>\n\n\n\n<p>Mohamed Seghir<\/p>\n","protected":false},"excerpt":{"rendered":"<p>L&rsquo;\u00e9dition 2024 du Salon international du livre d&rsquo;Alger (Sila) s&rsquo;annonce comme un \u00e9v\u00e9nement culturel incontournable, avec plus de 1 000<\/p>\n","protected":false},"author":6,"featured_media":18680,"comment_status":"open","ping_status":"closed","sticky":false,"template":"","format":"standard","meta":{"colormag_page_container_layout":"default_layout","colormag_page_sidebar_layout":"default_layout","om_disable_all_campaigns":false,"_monsterinsights_skip_tracking":false,"_monsterinsights_sitenote_active":false,"_monsterinsights_sitenote_note":"","_monsterinsights_sitenote_category":0,"footnotes":"","_wpscppro_dont_share_socialmedia":false,"_wpscppro_custom_social_share_image":0,"_facebook_share_type":"default","_twitter_share_type":"default","_linkedin_share_type":"default","_pinterest_share_type":"default","_linkedin_share_type_page":"","_instagram_share_type":"default","_medium_share_type":"default","_threads_share_type":"","_google_business_share_type":"","_selected_social_profile":[],"_wpsp_enable_custom_social_template":false,"_wpsp_social_scheduling":{"enabled":false,"datetime":null,"platforms":[],"status":"template_only","dateOption":"today","timeOption":"now","customDays":"","customHours":"","customDate":"","customTime":"","schedulingType":"absolute"},"_wpsp_active_default_template":true},"categories":[36],"tags":[],"class_list":["post-59015","post","type-post","status-publish","format-standard","has-post-thumbnail","hentry","category-culture"],"aioseo_notices":[],"yoast_head":"<!-- This site is optimized with the Yoast SEO plugin v27.5 - https:\/\/yoast.com\/product\/yoast-seo-wordpress\/ -->\n<title>Sila 2024 : Un rendez-vous avec le livre, le savoir et l&rsquo;histoire - La Sentinelle<\/title>\n<meta name=\"robots\" content=\"index, follow, max-snippet:-1, max-image-preview:large, max-video-preview:-1\" \/>\n<link rel=\"canonical\" href=\"https:\/\/lasentinelle.dz\/index.php\/2024\/11\/05\/sila-2024-un-rendez-vous-avec-le-livre-le-savoir-et-lhistoire\/\" \/>\n<meta property=\"og:locale\" content=\"fr_FR\" \/>\n<meta property=\"og:type\" content=\"article\" \/>\n<meta property=\"og:title\" content=\"Sila 2024 : Un rendez-vous avec le livre, le savoir et l&rsquo;histoire - La Sentinelle\" \/>\n<meta property=\"og:description\" content=\"L&rsquo;\u00e9dition 2024 du Salon international du livre d&rsquo;Alger (Sila) s&rsquo;annonce comme un \u00e9v\u00e9nement culturel incontournable, avec plus de 1 000\" \/>\n<meta property=\"og:url\" content=\"https:\/\/lasentinelle.dz\/index.php\/2024\/11\/05\/sila-2024-un-rendez-vous-avec-le-livre-le-savoir-et-lhistoire\/\" \/>\n<meta property=\"og:site_name\" content=\"La Sentinelle\" \/>\n<meta property=\"article:publisher\" content=\"https:\/\/www.facebook.com\/La-Sentinelle-104059864394773\" \/>\n<meta property=\"article:published_time\" content=\"2024-11-05T09:21:59+00:00\" \/>\n<meta property=\"article:modified_time\" content=\"2024-11-05T09:22:00+00:00\" \/>\n<meta property=\"og:image\" content=\"https:\/\/lasentinelle.dz\/wp-content\/uploads\/2022\/03\/sila-1024x677.png\" \/>\n\t<meta property=\"og:image:width\" content=\"1024\" \/>\n\t<meta property=\"og:image:height\" content=\"677\" \/>\n\t<meta property=\"og:image:type\" content=\"image\/png\" \/>\n<meta name=\"author\" content=\"admin\" \/>\n<meta name=\"twitter:card\" content=\"summary_large_image\" \/>\n<meta name=\"twitter:label1\" content=\"\u00c9crit par\" \/>\n\t<meta name=\"twitter:data1\" content=\"admin\" \/>\n\t<meta name=\"twitter:label2\" content=\"Dur\u00e9e de lecture estim\u00e9e\" \/>\n\t<meta name=\"twitter:data2\" content=\"3 minutes\" \/>\n<script type=\"application\/ld+json\" class=\"yoast-schema-graph\">{\"@context\":\"https:\\\/\\\/schema.org\",\"@graph\":[{\"@type\":\"Article\",\"@id\":\"https:\\\/\\\/lasentinelle.dz\\\/index.php\\\/2024\\\/11\\\/05\\\/sila-2024-un-rendez-vous-avec-le-livre-le-savoir-et-lhistoire\\\/#article\",\"isPartOf\":{\"@id\":\"https:\\\/\\\/lasentinelle.dz\\\/index.php\\\/2024\\\/11\\\/05\\\/sila-2024-un-rendez-vous-avec-le-livre-le-savoir-et-lhistoire\\\/\"},\"author\":{\"name\":\"admin\",\"@id\":\"https:\\\/\\\/lasentinelle.dz\\\/#\\\/schema\\\/person\\\/729ee0024f24e0b8c5ec17232f8e8b41\"},\"headline\":\"Sila 2024 : Un rendez-vous avec le livre, le savoir et l&rsquo;histoire\",\"datePublished\":\"2024-11-05T09:21:59+00:00\",\"dateModified\":\"2024-11-05T09:22:00+00:00\",\"mainEntityOfPage\":{\"@id\":\"https:\\\/\\\/lasentinelle.dz\\\/index.php\\\/2024\\\/11\\\/05\\\/sila-2024-un-rendez-vous-avec-le-livre-le-savoir-et-lhistoire\\\/\"},\"wordCount\":482,\"commentCount\":0,\"publisher\":{\"@id\":\"https:\\\/\\\/lasentinelle.dz\\\/#organization\"},\"image\":{\"@id\":\"https:\\\/\\\/lasentinelle.dz\\\/index.php\\\/2024\\\/11\\\/05\\\/sila-2024-un-rendez-vous-avec-le-livre-le-savoir-et-lhistoire\\\/#primaryimage\"},\"thumbnailUrl\":\"https:\\\/\\\/lasentinelle.dz\\\/wp-content\\\/uploads\\\/2022\\\/03\\\/sila.png\",\"articleSection\":[\"Culture\"],\"inLanguage\":\"fr-FR\",\"potentialAction\":[{\"@type\":\"CommentAction\",\"name\":\"Comment\",\"target\":[\"https:\\\/\\\/lasentinelle.dz\\\/index.php\\\/2024\\\/11\\\/05\\\/sila-2024-un-rendez-vous-avec-le-livre-le-savoir-et-lhistoire\\\/#respond\"]}]},{\"@type\":\"WebPage\",\"@id\":\"https:\\\/\\\/lasentinelle.dz\\\/index.php\\\/2024\\\/11\\\/05\\\/sila-2024-un-rendez-vous-avec-le-livre-le-savoir-et-lhistoire\\\/\",\"url\":\"https:\\\/\\\/lasentinelle.dz\\\/index.php\\\/2024\\\/11\\\/05\\\/sila-2024-un-rendez-vous-avec-le-livre-le-savoir-et-lhistoire\\\/\",\"name\":\"Sila 2024 : Un rendez-vous avec le livre, le savoir et l&rsquo;histoire - La Sentinelle\",\"isPartOf\":{\"@id\":\"https:\\\/\\\/lasentinelle.dz\\\/#website\"},\"primaryImageOfPage\":{\"@id\":\"https:\\\/\\\/lasentinelle.dz\\\/index.php\\\/2024\\\/11\\\/05\\\/sila-2024-un-rendez-vous-avec-le-livre-le-savoir-et-lhistoire\\\/#primaryimage\"},\"image\":{\"@id\":\"https:\\\/\\\/lasentinelle.dz\\\/index.php\\\/2024\\\/11\\\/05\\\/sila-2024-un-rendez-vous-avec-le-livre-le-savoir-et-lhistoire\\\/#primaryimage\"},\"thumbnailUrl\":\"https:\\\/\\\/lasentinelle.dz\\\/wp-content\\\/uploads\\\/2022\\\/03\\\/sila.png\",\"datePublished\":\"2024-11-05T09:21:59+00:00\",\"dateModified\":\"2024-11-05T09:22:00+00:00\",\"breadcrumb\":{\"@id\":\"https:\\\/\\\/lasentinelle.dz\\\/index.php\\\/2024\\\/11\\\/05\\\/sila-2024-un-rendez-vous-avec-le-livre-le-savoir-et-lhistoire\\\/#breadcrumb\"},\"inLanguage\":\"fr-FR\",\"potentialAction\":[{\"@type\":\"ReadAction\",\"target\":[\"https:\\\/\\\/lasentinelle.dz\\\/index.php\\\/2024\\\/11\\\/05\\\/sila-2024-un-rendez-vous-avec-le-livre-le-savoir-et-lhistoire\\\/\"]}]},{\"@type\":\"ImageObject\",\"inLanguage\":\"fr-FR\",\"@id\":\"https:\\\/\\\/lasentinelle.dz\\\/index.php\\\/2024\\\/11\\\/05\\\/sila-2024-un-rendez-vous-avec-le-livre-le-savoir-et-lhistoire\\\/#primaryimage\",\"url\":\"https:\\\/\\\/lasentinelle.dz\\\/wp-content\\\/uploads\\\/2022\\\/03\\\/sila.png\",\"contentUrl\":\"https:\\\/\\\/lasentinelle.dz\\\/wp-content\\\/uploads\\\/2022\\\/03\\\/sila.png\",\"width\":1361,\"height\":900},{\"@type\":\"BreadcrumbList\",\"@id\":\"https:\\\/\\\/lasentinelle.dz\\\/index.php\\\/2024\\\/11\\\/05\\\/sila-2024-un-rendez-vous-avec-le-livre-le-savoir-et-lhistoire\\\/#breadcrumb\",\"itemListElement\":[{\"@type\":\"ListItem\",\"position\":1,\"name\":\"Accueil\",\"item\":\"https:\\\/\\\/lasentinelle.dz\\\/\"},{\"@type\":\"ListItem\",\"position\":2,\"name\":\"Sila 2024 : Un rendez-vous avec le livre, le savoir et l&rsquo;histoire\"}]},{\"@type\":\"WebSite\",\"@id\":\"https:\\\/\\\/lasentinelle.dz\\\/#website\",\"url\":\"https:\\\/\\\/lasentinelle.dz\\\/\",\"name\":\"La Sentinelle\",\"description\":\"Quotidien national d&#039;information\",\"publisher\":{\"@id\":\"https:\\\/\\\/lasentinelle.dz\\\/#organization\"},\"potentialAction\":[{\"@type\":\"SearchAction\",\"target\":{\"@type\":\"EntryPoint\",\"urlTemplate\":\"https:\\\/\\\/lasentinelle.dz\\\/?s={search_term_string}\"},\"query-input\":{\"@type\":\"PropertyValueSpecification\",\"valueRequired\":true,\"valueName\":\"search_term_string\"}}],\"inLanguage\":\"fr-FR\"},{\"@type\":\"Organization\",\"@id\":\"https:\\\/\\\/lasentinelle.dz\\\/#organization\",\"name\":\"Quotidien La Sentinelle\",\"url\":\"https:\\\/\\\/lasentinelle.dz\\\/\",\"logo\":{\"@type\":\"ImageObject\",\"inLanguage\":\"fr-FR\",\"@id\":\"https:\\\/\\\/lasentinelle.dz\\\/#\\\/schema\\\/logo\\\/image\\\/\",\"url\":\"https:\\\/\\\/lasentinelle.dz\\\/wp-content\\\/uploads\\\/2021\\\/09\\\/logo-sentinelleSLOGAN-1.png\",\"contentUrl\":\"https:\\\/\\\/lasentinelle.dz\\\/wp-content\\\/uploads\\\/2021\\\/09\\\/logo-sentinelleSLOGAN-1.png\",\"width\":615,\"height\":142,\"caption\":\"Quotidien La Sentinelle\"},\"image\":{\"@id\":\"https:\\\/\\\/lasentinelle.dz\\\/#\\\/schema\\\/logo\\\/image\\\/\"},\"sameAs\":[\"https:\\\/\\\/www.facebook.com\\\/La-Sentinelle-104059864394773\"]},{\"@type\":\"Person\",\"@id\":\"https:\\\/\\\/lasentinelle.dz\\\/#\\\/schema\\\/person\\\/729ee0024f24e0b8c5ec17232f8e8b41\",\"name\":\"admin\",\"image\":{\"@type\":\"ImageObject\",\"inLanguage\":\"fr-FR\",\"@id\":\"https:\\\/\\\/secure.gravatar.com\\\/avatar\\\/4c81fed838786e9b53f540bf46533e750f5d292099ae3b66cfc6fb1982e29df7?s=96&d=mm&r=g\",\"url\":\"https:\\\/\\\/secure.gravatar.com\\\/avatar\\\/4c81fed838786e9b53f540bf46533e750f5d292099ae3b66cfc6fb1982e29df7?s=96&d=mm&r=g\",\"contentUrl\":\"https:\\\/\\\/secure.gravatar.com\\\/avatar\\\/4c81fed838786e9b53f540bf46533e750f5d292099ae3b66cfc6fb1982e29df7?s=96&d=mm&r=g\",\"caption\":\"admin\"},\"description\":\"admin\",\"url\":\"https:\\\/\\\/lasentinelle.dz\\\/author\\\/admin\\\/\"}]}<\/script>\n<!-- \/ Yoast SEO plugin. -->","yoast_head_json":{"title":"Sila 2024 : Un rendez-vous avec le livre, le savoir et l&rsquo;histoire - La Sentinelle","robots":{"index":"index","follow":"follow","max-snippet":"max-snippet:-1","max-image-preview":"max-image-preview:large","max-video-preview":"max-video-preview:-1"},"canonical":"https:\/\/lasentinelle.dz\/index.php\/2024\/11\/05\/sila-2024-un-rendez-vous-avec-le-livre-le-savoir-et-lhistoire\/","og_locale":"fr_FR","og_type":"article","og_title":"Sila 2024 : Un rendez-vous avec le livre, le savoir et l&rsquo;histoire - La Sentinelle","og_description":"L&rsquo;\u00e9dition 2024 du Salon international du livre d&rsquo;Alger (Sila) s&rsquo;annonce comme un \u00e9v\u00e9nement culturel incontournable, avec plus de 1 000","og_url":"https:\/\/lasentinelle.dz\/index.php\/2024\/11\/05\/sila-2024-un-rendez-vous-avec-le-livre-le-savoir-et-lhistoire\/","og_site_name":"La Sentinelle","article_publisher":"https:\/\/www.facebook.com\/La-Sentinelle-104059864394773","article_published_time":"2024-11-05T09:21:59+00:00","article_modified_time":"2024-11-05T09:22:00+00:00","og_image":[{"width":1024,"height":677,"url":"https:\/\/lasentinelle.dz\/wp-content\/uploads\/2022\/03\/sila-1024x677.png","type":"image\/png"}],"author":"admin","twitter_card":"summary_large_image","twitter_misc":{"\u00c9crit par":"admin","Dur\u00e9e de lecture estim\u00e9e":"3 minutes"},"schema":{"@context":"https:\/\/schema.org","@graph":[{"@type":"Article","@id":"https:\/\/lasentinelle.dz\/index.php\/2024\/11\/05\/sila-2024-un-rendez-vous-avec-le-livre-le-savoir-et-lhistoire\/#article","isPartOf":{"@id":"https:\/\/lasentinelle.dz\/index.php\/2024\/11\/05\/sila-2024-un-rendez-vous-avec-le-livre-le-savoir-et-lhistoire\/"},"author":{"name":"admin","@id":"https:\/\/lasentinelle.dz\/#\/schema\/person\/729ee0024f24e0b8c5ec17232f8e8b41"},"headline":"Sila 2024 : Un rendez-vous avec le livre, le savoir et l&rsquo;histoire","datePublished":"2024-11-05T09:21:59+00:00","dateModified":"2024-11-05T09:22:00+00:00","mainEntityOfPage":{"@id":"https:\/\/lasentinelle.dz\/index.php\/2024\/11\/05\/sila-2024-un-rendez-vous-avec-le-livre-le-savoir-et-lhistoire\/"},"wordCount":482,"commentCount":0,"publisher":{"@id":"https:\/\/lasentinelle.dz\/#organization"},"image":{"@id":"https:\/\/lasentinelle.dz\/index.php\/2024\/11\/05\/sila-2024-un-rendez-vous-avec-le-livre-le-savoir-et-lhistoire\/#primaryimage"},"thumbnailUrl":"https:\/\/lasentinelle.dz\/wp-content\/uploads\/2022\/03\/sila.png","articleSection":["Culture"],"inLanguage":"fr-FR","potentialAction":[{"@type":"CommentAction","name":"Comment","target":["https:\/\/lasentinelle.dz\/index.php\/2024\/11\/05\/sila-2024-un-rendez-vous-avec-le-livre-le-savoir-et-lhistoire\/#respond"]}]},{"@type":"WebPage","@id":"https:\/\/lasentinelle.dz\/index.php\/2024\/11\/05\/sila-2024-un-rendez-vous-avec-le-livre-le-savoir-et-lhistoire\/","url":"https:\/\/lasentinelle.dz\/index.php\/2024\/11\/05\/sila-2024-un-rendez-vous-avec-le-livre-le-savoir-et-lhistoire\/","name":"Sila 2024 : Un rendez-vous avec le livre, le savoir et l&rsquo;histoire - La Sentinelle","isPartOf":{"@id":"https:\/\/lasentinelle.dz\/#website"},"primaryImageOfPage":{"@id":"https:\/\/lasentinelle.dz\/index.php\/2024\/11\/05\/sila-2024-un-rendez-vous-avec-le-livre-le-savoir-et-lhistoire\/#primaryimage"},"image":{"@id":"https:\/\/lasentinelle.dz\/index.php\/2024\/11\/05\/sila-2024-un-rendez-vous-avec-le-livre-le-savoir-et-lhistoire\/#primaryimage"},"thumbnailUrl":"https:\/\/lasentinelle.dz\/wp-content\/uploads\/2022\/03\/sila.png","datePublished":"2024-11-05T09:21:59+00:00","dateModified":"2024-11-05T09:22:00+00:00","breadcrumb":{"@id":"https:\/\/lasentinelle.dz\/index.php\/2024\/11\/05\/sila-2024-un-rendez-vous-avec-le-livre-le-savoir-et-lhistoire\/#breadcrumb"},"inLanguage":"fr-FR","potentialAction":[{"@type":"ReadAction","target":["https:\/\/lasentinelle.dz\/index.php\/2024\/11\/05\/sila-2024-un-rendez-vous-avec-le-livre-le-savoir-et-lhistoire\/"]}]},{"@type":"ImageObject","inLanguage":"fr-FR","@id":"https:\/\/lasentinelle.dz\/index.php\/2024\/11\/05\/sila-2024-un-rendez-vous-avec-le-livre-le-savoir-et-lhistoire\/#primaryimage","url":"https:\/\/lasentinelle.dz\/wp-content\/uploads\/2022\/03\/sila.png","contentUrl":"https:\/\/lasentinelle.dz\/wp-content\/uploads\/2022\/03\/sila.png","width":1361,"height":900},{"@type":"BreadcrumbList","@id":"https:\/\/lasentinelle.dz\/index.php\/2024\/11\/05\/sila-2024-un-rendez-vous-avec-le-livre-le-savoir-et-lhistoire\/#breadcrumb","itemListElement":[{"@type":"ListItem","position":1,"name":"Accueil","item":"https:\/\/lasentinelle.dz\/"},{"@type":"ListItem","position":2,"name":"Sila 2024 : Un rendez-vous avec le livre, le savoir et l&rsquo;histoire"}]},{"@type":"WebSite","@id":"https:\/\/lasentinelle.dz\/#website","url":"https:\/\/lasentinelle.dz\/","name":"La Sentinelle","description":"Quotidien national d&#039;information","publisher":{"@id":"https:\/\/lasentinelle.dz\/#organization"},"potentialAction":[{"@type":"SearchAction","target":{"@type":"EntryPoint","urlTemplate":"https:\/\/lasentinelle.dz\/?s={search_term_string}"},"query-input":{"@type":"PropertyValueSpecification","valueRequired":true,"valueName":"search_term_string"}}],"inLanguage":"fr-FR"},{"@type":"Organization","@id":"https:\/\/lasentinelle.dz\/#organization","name":"Quotidien La Sentinelle","url":"https:\/\/lasentinelle.dz\/","logo":{"@type":"ImageObject","inLanguage":"fr-FR","@id":"https:\/\/lasentinelle.dz\/#\/schema\/logo\/image\/","url":"https:\/\/lasentinelle.dz\/wp-content\/uploads\/2021\/09\/logo-sentinelleSLOGAN-1.png","contentUrl":"https:\/\/lasentinelle.dz\/wp-content\/uploads\/2021\/09\/logo-sentinelleSLOGAN-1.png","width":615,"height":142,"caption":"Quotidien La Sentinelle"},"image":{"@id":"https:\/\/lasentinelle.dz\/#\/schema\/logo\/image\/"},"sameAs":["https:\/\/www.facebook.com\/La-Sentinelle-104059864394773"]},{"@type":"Person","@id":"https:\/\/lasentinelle.dz\/#\/schema\/person\/729ee0024f24e0b8c5ec17232f8e8b41","name":"admin","image":{"@type":"ImageObject","inLanguage":"fr-FR","@id":"https:\/\/secure.gravatar.com\/avatar\/4c81fed838786e9b53f540bf46533e750f5d292099ae3b66cfc6fb1982e29df7?s=96&d=mm&r=g","url":"https:\/\/secure.gravatar.com\/avatar\/4c81fed838786e9b53f540bf46533e750f5d292099ae3b66cfc6fb1982e29df7?s=96&d=mm&r=g","contentUrl":"https:\/\/secure.gravatar.com\/avatar\/4c81fed838786e9b53f540bf46533e750f5d292099ae3b66cfc6fb1982e29df7?s=96&d=mm&r=g","caption":"admin"},"description":"admin","url":"https:\/\/lasentinelle.dz\/author\/admin\/"}]}},"_links":{"self":[{"href":"https:\/\/lasentinelle.dz\/index.php\/wp-json\/wp\/v2\/posts\/59015","targetHints":{"allow":["GET"]}}],"collection":[{"href":"https:\/\/lasentinelle.dz\/index.php\/wp-json\/wp\/v2\/posts"}],"about":[{"href":"https:\/\/lasentinelle.dz\/index.php\/wp-json\/wp\/v2\/types\/post"}],"author":[{"embeddable":true,"href":"https:\/\/lasentinelle.dz\/index.php\/wp-json\/wp\/v2\/users\/6"}],"replies":[{"embeddable":true,"href":"https:\/\/lasentinelle.dz\/index.php\/wp-json\/wp\/v2\/comments?post=59015"}],"version-history":[{"count":2,"href":"https:\/\/lasentinelle.dz\/index.php\/wp-json\/wp\/v2\/posts\/59015\/revisions"}],"predecessor-version":[{"id":59017,"href":"https:\/\/lasentinelle.dz\/index.php\/wp-json\/wp\/v2\/posts\/59015\/revisions\/59017"}],"wp:featuredmedia":[{"embeddable":true,"href":"https:\/\/lasentinelle.dz\/index.php\/wp-json\/wp\/v2\/media\/18680"}],"wp:attachment":[{"href":"https:\/\/lasentinelle.dz\/index.php\/wp-json\/wp\/v2\/media?parent=59015"}],"wp:term":[{"taxonomy":"category","embeddable":true,"href":"https:\/\/lasentinelle.dz\/index.php\/wp-json\/wp\/v2\/categories?post=59015"},{"taxonomy":"post_tag","embeddable":true,"href":"https:\/\/lasentinelle.dz\/index.php\/wp-json\/wp\/v2\/tags?post=59015"}],"curies":[{"name":"wp","href":"https:\/\/api.w.org\/{rel}","templated":true}]}}