{"id":59029,"date":"2024-11-05T10:43:02","date_gmt":"2024-11-05T09:43:02","guid":{"rendered":"https:\/\/lasentinelle.dz\/?p=59029"},"modified":"2024-11-05T10:43:03","modified_gmt":"2024-11-05T09:43:03","slug":"madar-maritime-company-acquisition-des-deux-premiers-navires-des-2025","status":"publish","type":"post","link":"https:\/\/lasentinelle.dz\/index.php\/2024\/11\/05\/madar-maritime-company-acquisition-des-deux-premiers-navires-des-2025\/","title":{"rendered":"Madar Maritime Company: Acquisition des deux premiers navires d\u00e8s 2025"},"content":{"rendered":"\n<p>Le groupe public Madar Holding SPA a r\u00e9cemment franchi une nouvelle \u00e9tape ambitieuse en contribuant au d\u00e9veloppement du secteur maritime en Alg\u00e9rie avec la cr\u00e9ation de sa filiale Madar Maritime Company (MMC). Sp\u00e9cialis\u00e9e dans le transport et la logistique maritime, cette nouvelle entreprise ambitionne de devenir la premi\u00e8re compagnie maritime en Alg\u00e9rie et de jouer un r\u00f4le cl\u00e9 dans la dynamique et la croissance \u00e9conomique du pays en assurant des services de transport maritime de qualit\u00e9 pour soutenir les \u00e9changes commerciaux. Selon les d\u00e9clarations du PDG de MMC, Ali Ourak, rapport\u00e9es hier par l\u2019APS, la nouvelle compagnie a entam\u00e9 les d\u00e9marches pour acqu\u00e9rir ses deux premiers navires d\u00e8s l&rsquo;ann\u00e9e prochaine, en 2025. Cette acquisition vise \u00e0 combler le d\u00e9ficit criant en mati\u00e8re de navires vraquiers destin\u00e9s au transport du clinker, du phosphate et des c\u00e9r\u00e9ales notamment. \u00ab\u00a0Compte tenu du d\u00e9ficit en mati\u00e8re de navires vraquiers destin\u00e9s au transport du clinker, du phosphate et des c\u00e9r\u00e9ales notamment, MMC compte acqu\u00e9rir deux navires pour notre premi\u00e8re ann\u00e9e d&rsquo;activit\u00e9 et nous avons entam\u00e9 pour cela les d\u00e9marches n\u00e9cessaires\u00a0\u00bb, a soulign\u00e9 M. Ourak. Ces deux premiers navires serviront d&rsquo;abord \u00e0 transporter les marchandises produites par les usines relevant du groupe Madar, destin\u00e9es \u00e0 l&rsquo;exportation, avant de couvrir une partie de la demande pour l&rsquo;importation de marchandises sur le march\u00e9 alg\u00e9rien, largement domin\u00e9 par les armateurs internationaux jusqu&rsquo;\u00e0 pr\u00e9sent. \u00ab\u00a0Nous allons commencer par couvrir une part de la demande du march\u00e9 national, qui a besoin au moins de six navires vraquiers, avant d&rsquo;acqu\u00e9rir des porte-conteneurs dans une seconde phase\u00a0\u00bb, a poursuivi le PDG. Au-del\u00e0 de cette premi\u00e8re \u00e9tape, MMC ambitionne \u00e9galement de mettre ses navires \u00e0 la disposition des exportateurs nationaux pour leur faciliter l&rsquo;acc\u00e8s aux march\u00e9s internationaux, tout en assurant la r\u00e9gularit\u00e9 des travers\u00e9es depuis les ports alg\u00e9riens. Un r\u00f4le essentiel dans le cadre du d\u00e9veloppement des exportations hors hydrocarbures, qui ont d\u00e9pass\u00e9 la barre des 7 milliards de dollars en 2023 et que le gouvernement souhaite porter \u00e0 13 milliards de dollars d&rsquo;ici 2030. Dot\u00e9e d&rsquo;un capital social de 4 milliards de dinars, la nouvelle filiale Madar Maritime Company (MMC) a \u00e9t\u00e9 cr\u00e9\u00e9e en ao\u00fbt dernier et s&rsquo;inscrit dans une dynamique de refonte totale du secteur du transport maritime en Alg\u00e9rie. En effet, les pouvoirs publics misent sur cette restructuration afin de d\u00e9passer les difficult\u00e9s que le secteur a connues, notamment les probl\u00e8mes et crises qu&rsquo;a travers\u00e9s la Compagnie Nationale de Navigation (CNAN) au cours des 20 derni\u00e8res ann\u00e9es. Cette situation ne rimait pas, selon les observateurs, avec le d\u00e9veloppement croissant des exportations hors hydrocarbures ni avec l&rsquo;augmentation du volume du trafic maritime. C&rsquo;est dans ce contexte que la cr\u00e9ation de MMC, filiale de Madar Holding, rev\u00eat une importance strat\u00e9gique pour le renforcement du pavillon national et le soutien au commerce ext\u00e9rieur. Parall\u00e8lement \u00e0 cette cr\u00e9ation, le Groupe de transport maritime (GATMA), sous la houlette du minist\u00e8re des Transports, s&rsquo;est \u00e9galement engag\u00e9 dans une transformation en profondeur de ses activit\u00e9s maritimes. La premi\u00e8re \u00e9tape de cette refonte a \u00e9t\u00e9 la cr\u00e9ation de la nouvelle compagnie \u00ab\u00a0CNAN El Djazair\u00a0\u00bb, qui rassemble d\u00e9sormais \u00ab\u00a0CNAN Nord\u00a0\u00bb et \u00ab\u00a0CNAN Med\u00a0\u00bb afin de consolider ses capacit\u00e9s. Mais la r\u00e9forme ne s&rsquo;est pas arr\u00eat\u00e9e l\u00e0. La compagnie a entrepris la r\u00e9habilitation de sa flotte, compos\u00e9e de 13 navires, en lan\u00e7ant des op\u00e9rations de maintenance et de r\u00e9paration. Ces travaux sont confi\u00e9s \u00e0 l&rsquo;Entreprise nationale de r\u00e9paration navale (ERENAV). Pour rappel, le groupe public Madar Holding SPA avait annonc\u00e9 au mois d&rsquo;ao\u00fbt dernier la cr\u00e9ation d&rsquo;une nouvelle filiale d\u00e9nomm\u00e9e \u00ab\u00a0Madar Maritime Company (MMC)\u00a0\u00bb, sp\u00e9cialis\u00e9e dans le transport maritime et la logistique. Cette nouvelle soci\u00e9t\u00e9 ambitionne de devenir la premi\u00e8re compagnie maritime en Alg\u00e9rie et s&rsquo;engage \u00e0 jouer un r\u00f4le cl\u00e9 dans la dynamique et la croissance \u00e9conomique du pays, en assurant des services de transports maritimes de qualit\u00e9 pour soutenir les \u00e9changes commerciaux. La nouvelle soci\u00e9t\u00e9 Madar Maritime Compagny a b\u00e9n\u00e9fici\u00e9 de moyens financiers cons\u00e9quents, lui permettant l&rsquo;achat de nouveaux navires de diff\u00e9rents usages et de capacit\u00e9s pour renforcer sa flotte. Ceci assure au passage que le secteur du transport maritime et de la logistique commerciale conna\u00eetra d\u00e9sormais la pr\u00e9sence d&rsquo;un nouvel op\u00e9rateur public, dont les ambitions de croissance et d&rsquo;investissements dans les domaines strat\u00e9giques ne cessent de cro\u00eetre.<\/p>\n\n\n\n<p>Salim Amokrane<\/p>\n","protected":false},"excerpt":{"rendered":"<p>Le groupe public Madar Holding SPA a r\u00e9cemment franchi une nouvelle \u00e9tape ambitieuse en contribuant au d\u00e9veloppement du secteur maritime<\/p>\n","protected":false},"author":6,"featured_media":42327,"comment_status":"open","ping_status":"closed","sticky":false,"template":"","format":"standard","meta":{"colormag_page_container_layout":"default_layout","colormag_page_sidebar_layout":"default_layout","om_disable_all_campaigns":false,"_monsterinsights_skip_tracking":false,"_monsterinsights_sitenote_active":false,"_monsterinsights_sitenote_note":"","_monsterinsights_sitenote_category":0,"footnotes":"","_wpscppro_dont_share_socialmedia":false,"_wpscppro_custom_social_share_image":0,"_facebook_share_type":"default","_twitter_share_type":"default","_linkedin_share_type":"default","_pinterest_share_type":"default","_linkedin_share_type_page":"","_instagram_share_type":"default","_medium_share_type":"default","_threads_share_type":"","_google_business_share_type":"","_selected_social_profile":[],"_wpsp_enable_custom_social_template":false,"_wpsp_social_scheduling":{"enabled":false,"datetime":null,"platforms":[],"status":"template_only","dateOption":"today","timeOption":"now","customDays":"","customHours":"","customDate":"","customTime":"","schedulingType":"absolute"},"_wpsp_active_default_template":true},"categories":[29],"tags":[],"class_list":["post-59029","post","type-post","status-publish","format-standard","has-post-thumbnail","hentry","category-economie"],"aioseo_notices":[],"yoast_head":"<!-- This site is optimized with the Yoast SEO plugin v27.4 - https:\/\/yoast.com\/product\/yoast-seo-wordpress\/ -->\n<title>Madar Maritime Company: Acquisition des deux premiers navires d\u00e8s 2025 - La Sentinelle<\/title>\n<meta name=\"robots\" content=\"index, follow, max-snippet:-1, max-image-preview:large, max-video-preview:-1\" \/>\n<link rel=\"canonical\" href=\"https:\/\/lasentinelle.dz\/index.php\/2024\/11\/05\/madar-maritime-company-acquisition-des-deux-premiers-navires-des-2025\/\" \/>\n<meta property=\"og:locale\" content=\"fr_FR\" \/>\n<meta property=\"og:type\" content=\"article\" \/>\n<meta property=\"og:title\" content=\"Madar Maritime Company: Acquisition des deux premiers navires d\u00e8s 2025 - La Sentinelle\" \/>\n<meta property=\"og:description\" content=\"Le groupe public Madar Holding SPA a r\u00e9cemment franchi une nouvelle \u00e9tape ambitieuse en contribuant au d\u00e9veloppement du secteur maritime\" \/>\n<meta property=\"og:url\" content=\"https:\/\/lasentinelle.dz\/index.php\/2024\/11\/05\/madar-maritime-company-acquisition-des-deux-premiers-navires-des-2025\/\" \/>\n<meta property=\"og:site_name\" content=\"La Sentinelle\" \/>\n<meta property=\"article:publisher\" content=\"https:\/\/www.facebook.com\/La-Sentinelle-104059864394773\" \/>\n<meta property=\"article:published_time\" content=\"2024-11-05T09:43:02+00:00\" \/>\n<meta property=\"article:modified_time\" content=\"2024-11-05T09:43:03+00:00\" \/>\n<meta property=\"og:image\" content=\"https:\/\/lasentinelle.dz\/wp-content\/uploads\/2023\/06\/port-dAlger.png\" \/>\n\t<meta property=\"og:image:width\" content=\"1352\" \/>\n\t<meta property=\"og:image:height\" content=\"900\" \/>\n\t<meta property=\"og:image:type\" content=\"image\/png\" \/>\n<meta name=\"author\" content=\"admin\" \/>\n<meta name=\"twitter:card\" content=\"summary_large_image\" \/>\n<meta name=\"twitter:label1\" content=\"\u00c9crit par\" \/>\n\t<meta name=\"twitter:data1\" content=\"admin\" \/>\n\t<meta name=\"twitter:label2\" content=\"Dur\u00e9e de lecture estim\u00e9e\" \/>\n\t<meta name=\"twitter:data2\" content=\"4 minutes\" \/>\n<script type=\"application\/ld+json\" class=\"yoast-schema-graph\">{\"@context\":\"https:\\\/\\\/schema.org\",\"@graph\":[{\"@type\":\"Article\",\"@id\":\"https:\\\/\\\/lasentinelle.dz\\\/index.php\\\/2024\\\/11\\\/05\\\/madar-maritime-company-acquisition-des-deux-premiers-navires-des-2025\\\/#article\",\"isPartOf\":{\"@id\":\"https:\\\/\\\/lasentinelle.dz\\\/index.php\\\/2024\\\/11\\\/05\\\/madar-maritime-company-acquisition-des-deux-premiers-navires-des-2025\\\/\"},\"author\":{\"name\":\"admin\",\"@id\":\"https:\\\/\\\/lasentinelle.dz\\\/#\\\/schema\\\/person\\\/729ee0024f24e0b8c5ec17232f8e8b41\"},\"headline\":\"Madar Maritime Company: Acquisition des deux premiers navires d\u00e8s 2025\",\"datePublished\":\"2024-11-05T09:43:02+00:00\",\"dateModified\":\"2024-11-05T09:43:03+00:00\",\"mainEntityOfPage\":{\"@id\":\"https:\\\/\\\/lasentinelle.dz\\\/index.php\\\/2024\\\/11\\\/05\\\/madar-maritime-company-acquisition-des-deux-premiers-navires-des-2025\\\/\"},\"wordCount\":816,\"commentCount\":0,\"publisher\":{\"@id\":\"https:\\\/\\\/lasentinelle.dz\\\/#organization\"},\"image\":{\"@id\":\"https:\\\/\\\/lasentinelle.dz\\\/index.php\\\/2024\\\/11\\\/05\\\/madar-maritime-company-acquisition-des-deux-premiers-navires-des-2025\\\/#primaryimage\"},\"thumbnailUrl\":\"https:\\\/\\\/lasentinelle.dz\\\/wp-content\\\/uploads\\\/2023\\\/06\\\/port-dAlger.png\",\"articleSection\":[\"\u00c9conomie\"],\"inLanguage\":\"fr-FR\",\"potentialAction\":[{\"@type\":\"CommentAction\",\"name\":\"Comment\",\"target\":[\"https:\\\/\\\/lasentinelle.dz\\\/index.php\\\/2024\\\/11\\\/05\\\/madar-maritime-company-acquisition-des-deux-premiers-navires-des-2025\\\/#respond\"]}]},{\"@type\":\"WebPage\",\"@id\":\"https:\\\/\\\/lasentinelle.dz\\\/index.php\\\/2024\\\/11\\\/05\\\/madar-maritime-company-acquisition-des-deux-premiers-navires-des-2025\\\/\",\"url\":\"https:\\\/\\\/lasentinelle.dz\\\/index.php\\\/2024\\\/11\\\/05\\\/madar-maritime-company-acquisition-des-deux-premiers-navires-des-2025\\\/\",\"name\":\"Madar Maritime Company: Acquisition des deux premiers navires d\u00e8s 2025 - La Sentinelle\",\"isPartOf\":{\"@id\":\"https:\\\/\\\/lasentinelle.dz\\\/#website\"},\"primaryImageOfPage\":{\"@id\":\"https:\\\/\\\/lasentinelle.dz\\\/index.php\\\/2024\\\/11\\\/05\\\/madar-maritime-company-acquisition-des-deux-premiers-navires-des-2025\\\/#primaryimage\"},\"image\":{\"@id\":\"https:\\\/\\\/lasentinelle.dz\\\/index.php\\\/2024\\\/11\\\/05\\\/madar-maritime-company-acquisition-des-deux-premiers-navires-des-2025\\\/#primaryimage\"},\"thumbnailUrl\":\"https:\\\/\\\/lasentinelle.dz\\\/wp-content\\\/uploads\\\/2023\\\/06\\\/port-dAlger.png\",\"datePublished\":\"2024-11-05T09:43:02+00:00\",\"dateModified\":\"2024-11-05T09:43:03+00:00\",\"breadcrumb\":{\"@id\":\"https:\\\/\\\/lasentinelle.dz\\\/index.php\\\/2024\\\/11\\\/05\\\/madar-maritime-company-acquisition-des-deux-premiers-navires-des-2025\\\/#breadcrumb\"},\"inLanguage\":\"fr-FR\",\"potentialAction\":[{\"@type\":\"ReadAction\",\"target\":[\"https:\\\/\\\/lasentinelle.dz\\\/index.php\\\/2024\\\/11\\\/05\\\/madar-maritime-company-acquisition-des-deux-premiers-navires-des-2025\\\/\"]}]},{\"@type\":\"ImageObject\",\"inLanguage\":\"fr-FR\",\"@id\":\"https:\\\/\\\/lasentinelle.dz\\\/index.php\\\/2024\\\/11\\\/05\\\/madar-maritime-company-acquisition-des-deux-premiers-navires-des-2025\\\/#primaryimage\",\"url\":\"https:\\\/\\\/lasentinelle.dz\\\/wp-content\\\/uploads\\\/2023\\\/06\\\/port-dAlger.png\",\"contentUrl\":\"https:\\\/\\\/lasentinelle.dz\\\/wp-content\\\/uploads\\\/2023\\\/06\\\/port-dAlger.png\",\"width\":1352,\"height\":900},{\"@type\":\"BreadcrumbList\",\"@id\":\"https:\\\/\\\/lasentinelle.dz\\\/index.php\\\/2024\\\/11\\\/05\\\/madar-maritime-company-acquisition-des-deux-premiers-navires-des-2025\\\/#breadcrumb\",\"itemListElement\":[{\"@type\":\"ListItem\",\"position\":1,\"name\":\"Accueil\",\"item\":\"https:\\\/\\\/lasentinelle.dz\\\/\"},{\"@type\":\"ListItem\",\"position\":2,\"name\":\"Madar Maritime Company: Acquisition des deux premiers navires d\u00e8s 2025\"}]},{\"@type\":\"WebSite\",\"@id\":\"https:\\\/\\\/lasentinelle.dz\\\/#website\",\"url\":\"https:\\\/\\\/lasentinelle.dz\\\/\",\"name\":\"La Sentinelle\",\"description\":\"Quotidien national d&#039;information\",\"publisher\":{\"@id\":\"https:\\\/\\\/lasentinelle.dz\\\/#organization\"},\"potentialAction\":[{\"@type\":\"SearchAction\",\"target\":{\"@type\":\"EntryPoint\",\"urlTemplate\":\"https:\\\/\\\/lasentinelle.dz\\\/?s={search_term_string}\"},\"query-input\":{\"@type\":\"PropertyValueSpecification\",\"valueRequired\":true,\"valueName\":\"search_term_string\"}}],\"inLanguage\":\"fr-FR\"},{\"@type\":\"Organization\",\"@id\":\"https:\\\/\\\/lasentinelle.dz\\\/#organization\",\"name\":\"Quotidien La Sentinelle\",\"url\":\"https:\\\/\\\/lasentinelle.dz\\\/\",\"logo\":{\"@type\":\"ImageObject\",\"inLanguage\":\"fr-FR\",\"@id\":\"https:\\\/\\\/lasentinelle.dz\\\/#\\\/schema\\\/logo\\\/image\\\/\",\"url\":\"https:\\\/\\\/lasentinelle.dz\\\/wp-content\\\/uploads\\\/2021\\\/09\\\/logo-sentinelleSLOGAN-1.png\",\"contentUrl\":\"https:\\\/\\\/lasentinelle.dz\\\/wp-content\\\/uploads\\\/2021\\\/09\\\/logo-sentinelleSLOGAN-1.png\",\"width\":615,\"height\":142,\"caption\":\"Quotidien La Sentinelle\"},\"image\":{\"@id\":\"https:\\\/\\\/lasentinelle.dz\\\/#\\\/schema\\\/logo\\\/image\\\/\"},\"sameAs\":[\"https:\\\/\\\/www.facebook.com\\\/La-Sentinelle-104059864394773\"]},{\"@type\":\"Person\",\"@id\":\"https:\\\/\\\/lasentinelle.dz\\\/#\\\/schema\\\/person\\\/729ee0024f24e0b8c5ec17232f8e8b41\",\"name\":\"admin\",\"image\":{\"@type\":\"ImageObject\",\"inLanguage\":\"fr-FR\",\"@id\":\"https:\\\/\\\/secure.gravatar.com\\\/avatar\\\/4c81fed838786e9b53f540bf46533e750f5d292099ae3b66cfc6fb1982e29df7?s=96&d=mm&r=g\",\"url\":\"https:\\\/\\\/secure.gravatar.com\\\/avatar\\\/4c81fed838786e9b53f540bf46533e750f5d292099ae3b66cfc6fb1982e29df7?s=96&d=mm&r=g\",\"contentUrl\":\"https:\\\/\\\/secure.gravatar.com\\\/avatar\\\/4c81fed838786e9b53f540bf46533e750f5d292099ae3b66cfc6fb1982e29df7?s=96&d=mm&r=g\",\"caption\":\"admin\"},\"description\":\"admin\",\"url\":\"https:\\\/\\\/lasentinelle.dz\\\/author\\\/admin\\\/\"}]}<\/script>\n<!-- \/ Yoast SEO plugin. -->","yoast_head_json":{"title":"Madar Maritime Company: Acquisition des deux premiers navires d\u00e8s 2025 - La Sentinelle","robots":{"index":"index","follow":"follow","max-snippet":"max-snippet:-1","max-image-preview":"max-image-preview:large","max-video-preview":"max-video-preview:-1"},"canonical":"https:\/\/lasentinelle.dz\/index.php\/2024\/11\/05\/madar-maritime-company-acquisition-des-deux-premiers-navires-des-2025\/","og_locale":"fr_FR","og_type":"article","og_title":"Madar Maritime Company: Acquisition des deux premiers navires d\u00e8s 2025 - La Sentinelle","og_description":"Le groupe public Madar Holding SPA a r\u00e9cemment franchi une nouvelle \u00e9tape ambitieuse en contribuant au d\u00e9veloppement du secteur maritime","og_url":"https:\/\/lasentinelle.dz\/index.php\/2024\/11\/05\/madar-maritime-company-acquisition-des-deux-premiers-navires-des-2025\/","og_site_name":"La Sentinelle","article_publisher":"https:\/\/www.facebook.com\/La-Sentinelle-104059864394773","article_published_time":"2024-11-05T09:43:02+00:00","article_modified_time":"2024-11-05T09:43:03+00:00","og_image":[{"width":1352,"height":900,"url":"https:\/\/lasentinelle.dz\/wp-content\/uploads\/2023\/06\/port-dAlger.png","type":"image\/png"}],"author":"admin","twitter_card":"summary_large_image","twitter_misc":{"\u00c9crit par":"admin","Dur\u00e9e de lecture estim\u00e9e":"4 minutes"},"schema":{"@context":"https:\/\/schema.org","@graph":[{"@type":"Article","@id":"https:\/\/lasentinelle.dz\/index.php\/2024\/11\/05\/madar-maritime-company-acquisition-des-deux-premiers-navires-des-2025\/#article","isPartOf":{"@id":"https:\/\/lasentinelle.dz\/index.php\/2024\/11\/05\/madar-maritime-company-acquisition-des-deux-premiers-navires-des-2025\/"},"author":{"name":"admin","@id":"https:\/\/lasentinelle.dz\/#\/schema\/person\/729ee0024f24e0b8c5ec17232f8e8b41"},"headline":"Madar Maritime Company: Acquisition des deux premiers navires d\u00e8s 2025","datePublished":"2024-11-05T09:43:02+00:00","dateModified":"2024-11-05T09:43:03+00:00","mainEntityOfPage":{"@id":"https:\/\/lasentinelle.dz\/index.php\/2024\/11\/05\/madar-maritime-company-acquisition-des-deux-premiers-navires-des-2025\/"},"wordCount":816,"commentCount":0,"publisher":{"@id":"https:\/\/lasentinelle.dz\/#organization"},"image":{"@id":"https:\/\/lasentinelle.dz\/index.php\/2024\/11\/05\/madar-maritime-company-acquisition-des-deux-premiers-navires-des-2025\/#primaryimage"},"thumbnailUrl":"https:\/\/lasentinelle.dz\/wp-content\/uploads\/2023\/06\/port-dAlger.png","articleSection":["\u00c9conomie"],"inLanguage":"fr-FR","potentialAction":[{"@type":"CommentAction","name":"Comment","target":["https:\/\/lasentinelle.dz\/index.php\/2024\/11\/05\/madar-maritime-company-acquisition-des-deux-premiers-navires-des-2025\/#respond"]}]},{"@type":"WebPage","@id":"https:\/\/lasentinelle.dz\/index.php\/2024\/11\/05\/madar-maritime-company-acquisition-des-deux-premiers-navires-des-2025\/","url":"https:\/\/lasentinelle.dz\/index.php\/2024\/11\/05\/madar-maritime-company-acquisition-des-deux-premiers-navires-des-2025\/","name":"Madar Maritime Company: Acquisition des deux premiers navires d\u00e8s 2025 - La Sentinelle","isPartOf":{"@id":"https:\/\/lasentinelle.dz\/#website"},"primaryImageOfPage":{"@id":"https:\/\/lasentinelle.dz\/index.php\/2024\/11\/05\/madar-maritime-company-acquisition-des-deux-premiers-navires-des-2025\/#primaryimage"},"image":{"@id":"https:\/\/lasentinelle.dz\/index.php\/2024\/11\/05\/madar-maritime-company-acquisition-des-deux-premiers-navires-des-2025\/#primaryimage"},"thumbnailUrl":"https:\/\/lasentinelle.dz\/wp-content\/uploads\/2023\/06\/port-dAlger.png","datePublished":"2024-11-05T09:43:02+00:00","dateModified":"2024-11-05T09:43:03+00:00","breadcrumb":{"@id":"https:\/\/lasentinelle.dz\/index.php\/2024\/11\/05\/madar-maritime-company-acquisition-des-deux-premiers-navires-des-2025\/#breadcrumb"},"inLanguage":"fr-FR","potentialAction":[{"@type":"ReadAction","target":["https:\/\/lasentinelle.dz\/index.php\/2024\/11\/05\/madar-maritime-company-acquisition-des-deux-premiers-navires-des-2025\/"]}]},{"@type":"ImageObject","inLanguage":"fr-FR","@id":"https:\/\/lasentinelle.dz\/index.php\/2024\/11\/05\/madar-maritime-company-acquisition-des-deux-premiers-navires-des-2025\/#primaryimage","url":"https:\/\/lasentinelle.dz\/wp-content\/uploads\/2023\/06\/port-dAlger.png","contentUrl":"https:\/\/lasentinelle.dz\/wp-content\/uploads\/2023\/06\/port-dAlger.png","width":1352,"height":900},{"@type":"BreadcrumbList","@id":"https:\/\/lasentinelle.dz\/index.php\/2024\/11\/05\/madar-maritime-company-acquisition-des-deux-premiers-navires-des-2025\/#breadcrumb","itemListElement":[{"@type":"ListItem","position":1,"name":"Accueil","item":"https:\/\/lasentinelle.dz\/"},{"@type":"ListItem","position":2,"name":"Madar Maritime Company: Acquisition des deux premiers navires d\u00e8s 2025"}]},{"@type":"WebSite","@id":"https:\/\/lasentinelle.dz\/#website","url":"https:\/\/lasentinelle.dz\/","name":"La Sentinelle","description":"Quotidien national d&#039;information","publisher":{"@id":"https:\/\/lasentinelle.dz\/#organization"},"potentialAction":[{"@type":"SearchAction","target":{"@type":"EntryPoint","urlTemplate":"https:\/\/lasentinelle.dz\/?s={search_term_string}"},"query-input":{"@type":"PropertyValueSpecification","valueRequired":true,"valueName":"search_term_string"}}],"inLanguage":"fr-FR"},{"@type":"Organization","@id":"https:\/\/lasentinelle.dz\/#organization","name":"Quotidien La Sentinelle","url":"https:\/\/lasentinelle.dz\/","logo":{"@type":"ImageObject","inLanguage":"fr-FR","@id":"https:\/\/lasentinelle.dz\/#\/schema\/logo\/image\/","url":"https:\/\/lasentinelle.dz\/wp-content\/uploads\/2021\/09\/logo-sentinelleSLOGAN-1.png","contentUrl":"https:\/\/lasentinelle.dz\/wp-content\/uploads\/2021\/09\/logo-sentinelleSLOGAN-1.png","width":615,"height":142,"caption":"Quotidien La Sentinelle"},"image":{"@id":"https:\/\/lasentinelle.dz\/#\/schema\/logo\/image\/"},"sameAs":["https:\/\/www.facebook.com\/La-Sentinelle-104059864394773"]},{"@type":"Person","@id":"https:\/\/lasentinelle.dz\/#\/schema\/person\/729ee0024f24e0b8c5ec17232f8e8b41","name":"admin","image":{"@type":"ImageObject","inLanguage":"fr-FR","@id":"https:\/\/secure.gravatar.com\/avatar\/4c81fed838786e9b53f540bf46533e750f5d292099ae3b66cfc6fb1982e29df7?s=96&d=mm&r=g","url":"https:\/\/secure.gravatar.com\/avatar\/4c81fed838786e9b53f540bf46533e750f5d292099ae3b66cfc6fb1982e29df7?s=96&d=mm&r=g","contentUrl":"https:\/\/secure.gravatar.com\/avatar\/4c81fed838786e9b53f540bf46533e750f5d292099ae3b66cfc6fb1982e29df7?s=96&d=mm&r=g","caption":"admin"},"description":"admin","url":"https:\/\/lasentinelle.dz\/author\/admin\/"}]}},"_links":{"self":[{"href":"https:\/\/lasentinelle.dz\/index.php\/wp-json\/wp\/v2\/posts\/59029","targetHints":{"allow":["GET"]}}],"collection":[{"href":"https:\/\/lasentinelle.dz\/index.php\/wp-json\/wp\/v2\/posts"}],"about":[{"href":"https:\/\/lasentinelle.dz\/index.php\/wp-json\/wp\/v2\/types\/post"}],"author":[{"embeddable":true,"href":"https:\/\/lasentinelle.dz\/index.php\/wp-json\/wp\/v2\/users\/6"}],"replies":[{"embeddable":true,"href":"https:\/\/lasentinelle.dz\/index.php\/wp-json\/wp\/v2\/comments?post=59029"}],"version-history":[{"count":1,"href":"https:\/\/lasentinelle.dz\/index.php\/wp-json\/wp\/v2\/posts\/59029\/revisions"}],"predecessor-version":[{"id":59030,"href":"https:\/\/lasentinelle.dz\/index.php\/wp-json\/wp\/v2\/posts\/59029\/revisions\/59030"}],"wp:featuredmedia":[{"embeddable":true,"href":"https:\/\/lasentinelle.dz\/index.php\/wp-json\/wp\/v2\/media\/42327"}],"wp:attachment":[{"href":"https:\/\/lasentinelle.dz\/index.php\/wp-json\/wp\/v2\/media?parent=59029"}],"wp:term":[{"taxonomy":"category","embeddable":true,"href":"https:\/\/lasentinelle.dz\/index.php\/wp-json\/wp\/v2\/categories?post=59029"},{"taxonomy":"post_tag","embeddable":true,"href":"https:\/\/lasentinelle.dz\/index.php\/wp-json\/wp\/v2\/tags?post=59029"}],"curies":[{"name":"wp","href":"https:\/\/api.w.org\/{rel}","templated":true}]}}