{"id":59061,"date":"2024-11-06T10:11:26","date_gmt":"2024-11-06T09:11:26","guid":{"rendered":"https:\/\/lasentinelle.dz\/?p=59061"},"modified":"2024-11-06T10:11:27","modified_gmt":"2024-11-06T09:11:27","slug":"ouverture-aujourdhui-du-27e-salon-international-du-livre-dalger","status":"publish","type":"post","link":"https:\/\/lasentinelle.dz\/index.php\/2024\/11\/06\/ouverture-aujourdhui-du-27e-salon-international-du-livre-dalger\/","title":{"rendered":"Ouverture aujourd\u2019hui du 27e Salon international du livre d&rsquo;Alger"},"content":{"rendered":"\n<p><strong>Une programmation culturelle et intellectuelle foisonnante<\/strong><\/p>\n\n\n\n<p>Alger s&rsquo;appr\u00eate \u00e0 vibrer au rythme de la 27e \u00e9dition du Salon international du livre (SILA), qui ouvrira officiellement ses portes aujourd\u2019hui mercredi. Cet \u00e9v\u00e9nement majeur de la sc\u00e8ne culturelle, plac\u00e9 sous le haut patronage du Pr\u00e9sident de la R\u00e9publique, Abdelmadjid Tebboune, s&rsquo;annonce particuli\u00e8rement riche et diversifi\u00e9.<\/p>\n\n\n\n<p>Le SILA accueillera cette ann\u00e9e pas moins de 1007 exposants venus de 40 pays diff\u00e9rents, un chiffre record qui t\u00e9moigne de l&rsquo;attrait exerc\u00e9 par ce rendez-vous incontournable des passionn\u00e9s du livre. Parmi eux, on comptera 290 \u00e9diteurs alg\u00e9riens, qui auront l&rsquo;occasion de pr\u00e9senter leurs derni\u00e8res publications sur une surface totale d\u00e9passant les 23 000 m\u00b2. Au total, ce sont plus de 300 000 titres qui seront expos\u00e9s, offrant ainsi aux visiteurs un choix exceptionnel d&rsquo;ouvrages, \u00e0 la crois\u00e9e des genres et des origines. Une diversit\u00e9 qui refl\u00e8te la vitalit\u00e9 du secteur du livre en Alg\u00e9rie et dans le monde. L&rsquo;\u00c9tat du Qatar sera l&rsquo;invit\u00e9 d&rsquo;honneur de cette 27e \u00e9dition, une pr\u00e9sence qui se traduira par la participation de nombreux intellectuels qataris animant une s\u00e9rie de s\u00e9minaires aux th\u00e9matiques vari\u00e9es. Ce choix souligne les liens forts qui unissent l&rsquo;Alg\u00e9rie et le Qatar, deux pays fr\u00e8res partageant une histoire et des valeurs communes. Au-del\u00e0 de la simple vitrine \u00e9ditoriale, le SILA se veut \u00e9galement un espace de r\u00e9flexion et de d\u00e9bat. C&rsquo;est pourquoi de nombreuses conf\u00e9rences et colloques sont au programme, offrant aux visiteurs l&rsquo;opportunit\u00e9 d&rsquo;\u00e9changer avec des figures intellectuelles alg\u00e9riennes, africaines et arabes de premier plan. L&rsquo;\u00e9dition 2024 du SILA mettra tout particuli\u00e8rement \u00e0 l&rsquo;honneur le 70e anniversaire du d\u00e9clenchement de la R\u00e9volution du 1er Novembre 1954. Cet \u00e9v\u00e9nement historique majeur, qui a marqu\u00e9 le d\u00e9but de la Guerre de Lib\u00e9ration nationale, sera au c\u0153ur de nombreuses activit\u00e9s culturelles et intellectuelles. Parmi les temps forts, on notera l&rsquo;organisation d&rsquo;un colloque inaugural intitul\u00e9 \u00ab\u00a0L&rsquo;esprit de la Glorieuse R\u00e9volution du 1er novembre 1954 : Un h\u00e9ritage pour les g\u00e9n\u00e9rations futures\u00a0\u00bb. Cette rencontre r\u00e9unira des personnalit\u00e9s embl\u00e9matiques telles que le pr\u00e9sident du Conseil de la Nation, le Moudjahid Salah Goudjil, la Moudjahida Djamila Boupacha, ainsi que la Moudjahida-autrice Z&rsquo;hour Ounissi. D&rsquo;autres conf\u00e9rences-d\u00e9bats viendront compl\u00e9ter ce riche programme, abordant des th\u00e9matiques aussi diverses que \u00ab\u00a0Les historiens et la r\u00e9v\u00e9lation des crimes coloniaux\u00a0\u00bb, \u00ab\u00a0Nos \u00e9crits sur Novembre\u00a0\u00bb ou encore \u00ab\u00a0Les textes fondateurs de la r\u00e9volution alg\u00e9rienne\u00a0\u00bb.Outre l&rsquo;hommage rendu \u00e0 la R\u00e9volution de Novembre 54, le SILA r\u00e9servera une place de choix \u00e0 deux autres sujets majeurs : la Palestine et l&rsquo;Afrique. Dans \u00ab\u00a0l&rsquo;Espace Palestine\u00a0\u00bb, le public pourra assister \u00e0 de nombreuses activit\u00e9s culturelles et litt\u00e9raires, ainsi qu&rsquo;\u00e0 des s\u00e9minaires aux th\u00e9matiques vari\u00e9es telles que \u00ab\u00a0Alg\u00e9rie et Palestine, engagement permanent\u00a0\u00bb, \u00ab\u00a0G\u00e9nocide \u00e0 Ghaza\u00a0\u00bb ou encore \u00ab\u00a0Litt\u00e9rature et r\u00e9sistance en Palestine\u00a0\u00bb. Des soir\u00e9es de po\u00e9sie d\u00e9di\u00e9es \u00e0 la cause palestinienne viendront \u00e9galement ponctuer ce programme. Quant \u00e0 \u00ab\u00a0l&rsquo;Espace Afrique\u00a0\u00bb, il mettra en lumi\u00e8re la richesse de la production litt\u00e9raire et culturelle du continent, avec des s\u00e9minaires sur des sujets comme \u00ab\u00a0Litt\u00e9rature africaine, pr\u00e9sence et conscience nouvelle\u00a0\u00bb, \u00ab\u00a0Le rayonnement de la Guerre de lib\u00e9ration en Afrique\u00a0\u00bb ou \u00ab\u00a0L&rsquo;h\u00e9ritage arabe dans la litt\u00e9rature africaine\u00a0\u00bb.<\/p>\n\n\n\n<p>Au-del\u00e0 de ces temps forts th\u00e9matiques, le 27e SILA proposera une programmation culturelle et intellectuelle extr\u00eamement riche et diversifi\u00e9e. De nombreuses figures litt\u00e9raires et universitaires, issues d&rsquo;Alg\u00e9rie mais aussi d&rsquo;Afrique, du monde arabe et d&rsquo;Europe, seront pr\u00e9sentes pour partager leurs r\u00e9flexions et leurs cr\u00e9ations. On pourra notamment citer les noms de Wassiny Laredj, Mohamed Lamine Camara (S\u00e9n\u00e9gal), Almaha Al Ali, Maryam Yassin Al-Hammadi et Mohamed Al-Balushi (Qatar), Armon Goz (C\u00f4te d&rsquo;Ivoire), Konyi Allam (Togo) ou encore Sansi Kaba Diakite (Guin\u00e9e). Des \u00e9crivains, des historiens, des cin\u00e9astes et bien d&rsquo;autres personnalit\u00e9s viendront ainsi enrichir les d\u00e9bats, les conf\u00e9rences et les rencontres pr\u00e9vues tout au long de ces 11 jours de salon.<\/p>\n\n\n\n<p>Avec cette programmation ambitieuse et \u00e9clectique, le 27e SILA s&rsquo;impose une nouvelle fois comme un rendez-vous incontournable pour tous les amateurs de litt\u00e9rature, d&rsquo;histoire et de cr\u00e9ation artistique.&nbsp; Que ce soit pour d\u00e9couvrir les derni\u00e8res publications, assister \u00e0 des \u00e9changes passionnants ou simplement fl\u00e2ner dans les all\u00e9es du Palais des Expositions, les visiteurs auront l&#8217;embarras du choix pour vivre une exp\u00e9rience culturelle et intellectuelle unique. Rendez-vous donc du 6 au 16 novembre prochains pour cette 27e \u00e9dition du Salon international du livre d&rsquo;Alger, qui s&rsquo;annonce une fois de plus comme l&rsquo;un des temps forts de la saison culturelle.<\/p>\n\n\n\n<p><strong>Mohamed Seghir<\/strong><\/p>\n","protected":false},"excerpt":{"rendered":"<p>Une programmation culturelle et intellectuelle foisonnante Alger s&rsquo;appr\u00eate \u00e0 vibrer au rythme de la 27e \u00e9dition du Salon international du<\/p>\n","protected":false},"author":6,"featured_media":59062,"comment_status":"open","ping_status":"closed","sticky":false,"template":"","format":"standard","meta":{"colormag_page_container_layout":"default_layout","colormag_page_sidebar_layout":"default_layout","om_disable_all_campaigns":false,"_monsterinsights_skip_tracking":false,"_monsterinsights_sitenote_active":false,"_monsterinsights_sitenote_note":"","_monsterinsights_sitenote_category":0,"footnotes":"","_wpscppro_dont_share_socialmedia":false,"_wpscppro_custom_social_share_image":0,"_facebook_share_type":"default","_twitter_share_type":"default","_linkedin_share_type":"default","_pinterest_share_type":"default","_linkedin_share_type_page":"","_instagram_share_type":"default","_medium_share_type":"default","_threads_share_type":"","_google_business_share_type":"","_selected_social_profile":[],"_wpsp_enable_custom_social_template":false,"_wpsp_social_scheduling":{"enabled":false,"datetime":null,"platforms":[],"status":"template_only","dateOption":"today","timeOption":"now","customDays":"","customHours":"","customDate":"","customTime":"","schedulingType":"absolute"},"_wpsp_active_default_template":true},"categories":[36],"tags":[],"class_list":["post-59061","post","type-post","status-publish","format-standard","has-post-thumbnail","hentry","category-culture"],"aioseo_notices":[],"yoast_head":"<!-- This site is optimized with the Yoast SEO plugin v27.5 - https:\/\/yoast.com\/product\/yoast-seo-wordpress\/ -->\n<title>Ouverture aujourd\u2019hui du 27e Salon international du livre d&rsquo;Alger - La Sentinelle<\/title>\n<meta name=\"robots\" content=\"index, follow, max-snippet:-1, max-image-preview:large, max-video-preview:-1\" \/>\n<link rel=\"canonical\" href=\"https:\/\/lasentinelle.dz\/index.php\/2024\/11\/06\/ouverture-aujourdhui-du-27e-salon-international-du-livre-dalger\/\" \/>\n<meta property=\"og:locale\" content=\"fr_FR\" \/>\n<meta property=\"og:type\" content=\"article\" \/>\n<meta property=\"og:title\" content=\"Ouverture aujourd\u2019hui du 27e Salon international du livre d&rsquo;Alger - La Sentinelle\" \/>\n<meta property=\"og:description\" content=\"Une programmation culturelle et intellectuelle foisonnante Alger s&rsquo;appr\u00eate \u00e0 vibrer au rythme de la 27e \u00e9dition du Salon international du\" \/>\n<meta property=\"og:url\" content=\"https:\/\/lasentinelle.dz\/index.php\/2024\/11\/06\/ouverture-aujourdhui-du-27e-salon-international-du-livre-dalger\/\" \/>\n<meta property=\"og:site_name\" content=\"La Sentinelle\" \/>\n<meta property=\"article:publisher\" content=\"https:\/\/www.facebook.com\/La-Sentinelle-104059864394773\" \/>\n<meta property=\"article:published_time\" content=\"2024-11-06T09:11:26+00:00\" \/>\n<meta property=\"article:modified_time\" content=\"2024-11-06T09:11:27+00:00\" \/>\n<meta property=\"og:image\" content=\"https:\/\/lasentinelle.dz\/wp-content\/uploads\/2024\/11\/sila-1.jpg\" \/>\n\t<meta property=\"og:image:width\" content=\"400\" \/>\n\t<meta property=\"og:image:height\" content=\"600\" \/>\n\t<meta property=\"og:image:type\" content=\"image\/jpeg\" \/>\n<meta name=\"author\" content=\"admin\" \/>\n<meta name=\"twitter:card\" content=\"summary_large_image\" \/>\n<meta name=\"twitter:label1\" content=\"\u00c9crit par\" \/>\n\t<meta name=\"twitter:data1\" content=\"admin\" \/>\n\t<meta name=\"twitter:label2\" content=\"Dur\u00e9e de lecture estim\u00e9e\" \/>\n\t<meta name=\"twitter:data2\" content=\"4 minutes\" \/>\n<script type=\"application\/ld+json\" class=\"yoast-schema-graph\">{\"@context\":\"https:\\\/\\\/schema.org\",\"@graph\":[{\"@type\":\"Article\",\"@id\":\"https:\\\/\\\/lasentinelle.dz\\\/index.php\\\/2024\\\/11\\\/06\\\/ouverture-aujourdhui-du-27e-salon-international-du-livre-dalger\\\/#article\",\"isPartOf\":{\"@id\":\"https:\\\/\\\/lasentinelle.dz\\\/index.php\\\/2024\\\/11\\\/06\\\/ouverture-aujourdhui-du-27e-salon-international-du-livre-dalger\\\/\"},\"author\":{\"name\":\"admin\",\"@id\":\"https:\\\/\\\/lasentinelle.dz\\\/#\\\/schema\\\/person\\\/729ee0024f24e0b8c5ec17232f8e8b41\"},\"headline\":\"Ouverture aujourd\u2019hui du 27e Salon international du livre d&rsquo;Alger\",\"datePublished\":\"2024-11-06T09:11:26+00:00\",\"dateModified\":\"2024-11-06T09:11:27+00:00\",\"mainEntityOfPage\":{\"@id\":\"https:\\\/\\\/lasentinelle.dz\\\/index.php\\\/2024\\\/11\\\/06\\\/ouverture-aujourdhui-du-27e-salon-international-du-livre-dalger\\\/\"},\"wordCount\":841,\"commentCount\":0,\"publisher\":{\"@id\":\"https:\\\/\\\/lasentinelle.dz\\\/#organization\"},\"image\":{\"@id\":\"https:\\\/\\\/lasentinelle.dz\\\/index.php\\\/2024\\\/11\\\/06\\\/ouverture-aujourdhui-du-27e-salon-international-du-livre-dalger\\\/#primaryimage\"},\"thumbnailUrl\":\"https:\\\/\\\/lasentinelle.dz\\\/wp-content\\\/uploads\\\/2024\\\/11\\\/sila-1.jpg\",\"articleSection\":[\"Culture\"],\"inLanguage\":\"fr-FR\",\"potentialAction\":[{\"@type\":\"CommentAction\",\"name\":\"Comment\",\"target\":[\"https:\\\/\\\/lasentinelle.dz\\\/index.php\\\/2024\\\/11\\\/06\\\/ouverture-aujourdhui-du-27e-salon-international-du-livre-dalger\\\/#respond\"]}]},{\"@type\":\"WebPage\",\"@id\":\"https:\\\/\\\/lasentinelle.dz\\\/index.php\\\/2024\\\/11\\\/06\\\/ouverture-aujourdhui-du-27e-salon-international-du-livre-dalger\\\/\",\"url\":\"https:\\\/\\\/lasentinelle.dz\\\/index.php\\\/2024\\\/11\\\/06\\\/ouverture-aujourdhui-du-27e-salon-international-du-livre-dalger\\\/\",\"name\":\"Ouverture aujourd\u2019hui du 27e Salon international du livre d&rsquo;Alger - La Sentinelle\",\"isPartOf\":{\"@id\":\"https:\\\/\\\/lasentinelle.dz\\\/#website\"},\"primaryImageOfPage\":{\"@id\":\"https:\\\/\\\/lasentinelle.dz\\\/index.php\\\/2024\\\/11\\\/06\\\/ouverture-aujourdhui-du-27e-salon-international-du-livre-dalger\\\/#primaryimage\"},\"image\":{\"@id\":\"https:\\\/\\\/lasentinelle.dz\\\/index.php\\\/2024\\\/11\\\/06\\\/ouverture-aujourdhui-du-27e-salon-international-du-livre-dalger\\\/#primaryimage\"},\"thumbnailUrl\":\"https:\\\/\\\/lasentinelle.dz\\\/wp-content\\\/uploads\\\/2024\\\/11\\\/sila-1.jpg\",\"datePublished\":\"2024-11-06T09:11:26+00:00\",\"dateModified\":\"2024-11-06T09:11:27+00:00\",\"breadcrumb\":{\"@id\":\"https:\\\/\\\/lasentinelle.dz\\\/index.php\\\/2024\\\/11\\\/06\\\/ouverture-aujourdhui-du-27e-salon-international-du-livre-dalger\\\/#breadcrumb\"},\"inLanguage\":\"fr-FR\",\"potentialAction\":[{\"@type\":\"ReadAction\",\"target\":[\"https:\\\/\\\/lasentinelle.dz\\\/index.php\\\/2024\\\/11\\\/06\\\/ouverture-aujourdhui-du-27e-salon-international-du-livre-dalger\\\/\"]}]},{\"@type\":\"ImageObject\",\"inLanguage\":\"fr-FR\",\"@id\":\"https:\\\/\\\/lasentinelle.dz\\\/index.php\\\/2024\\\/11\\\/06\\\/ouverture-aujourdhui-du-27e-salon-international-du-livre-dalger\\\/#primaryimage\",\"url\":\"https:\\\/\\\/lasentinelle.dz\\\/wp-content\\\/uploads\\\/2024\\\/11\\\/sila-1.jpg\",\"contentUrl\":\"https:\\\/\\\/lasentinelle.dz\\\/wp-content\\\/uploads\\\/2024\\\/11\\\/sila-1.jpg\",\"width\":400,\"height\":600},{\"@type\":\"BreadcrumbList\",\"@id\":\"https:\\\/\\\/lasentinelle.dz\\\/index.php\\\/2024\\\/11\\\/06\\\/ouverture-aujourdhui-du-27e-salon-international-du-livre-dalger\\\/#breadcrumb\",\"itemListElement\":[{\"@type\":\"ListItem\",\"position\":1,\"name\":\"Accueil\",\"item\":\"https:\\\/\\\/lasentinelle.dz\\\/\"},{\"@type\":\"ListItem\",\"position\":2,\"name\":\"Ouverture aujourd\u2019hui du 27e Salon international du livre d&rsquo;Alger\"}]},{\"@type\":\"WebSite\",\"@id\":\"https:\\\/\\\/lasentinelle.dz\\\/#website\",\"url\":\"https:\\\/\\\/lasentinelle.dz\\\/\",\"name\":\"La Sentinelle\",\"description\":\"Quotidien national d&#039;information\",\"publisher\":{\"@id\":\"https:\\\/\\\/lasentinelle.dz\\\/#organization\"},\"potentialAction\":[{\"@type\":\"SearchAction\",\"target\":{\"@type\":\"EntryPoint\",\"urlTemplate\":\"https:\\\/\\\/lasentinelle.dz\\\/?s={search_term_string}\"},\"query-input\":{\"@type\":\"PropertyValueSpecification\",\"valueRequired\":true,\"valueName\":\"search_term_string\"}}],\"inLanguage\":\"fr-FR\"},{\"@type\":\"Organization\",\"@id\":\"https:\\\/\\\/lasentinelle.dz\\\/#organization\",\"name\":\"Quotidien La Sentinelle\",\"url\":\"https:\\\/\\\/lasentinelle.dz\\\/\",\"logo\":{\"@type\":\"ImageObject\",\"inLanguage\":\"fr-FR\",\"@id\":\"https:\\\/\\\/lasentinelle.dz\\\/#\\\/schema\\\/logo\\\/image\\\/\",\"url\":\"https:\\\/\\\/lasentinelle.dz\\\/wp-content\\\/uploads\\\/2021\\\/09\\\/logo-sentinelleSLOGAN-1.png\",\"contentUrl\":\"https:\\\/\\\/lasentinelle.dz\\\/wp-content\\\/uploads\\\/2021\\\/09\\\/logo-sentinelleSLOGAN-1.png\",\"width\":615,\"height\":142,\"caption\":\"Quotidien La Sentinelle\"},\"image\":{\"@id\":\"https:\\\/\\\/lasentinelle.dz\\\/#\\\/schema\\\/logo\\\/image\\\/\"},\"sameAs\":[\"https:\\\/\\\/www.facebook.com\\\/La-Sentinelle-104059864394773\"]},{\"@type\":\"Person\",\"@id\":\"https:\\\/\\\/lasentinelle.dz\\\/#\\\/schema\\\/person\\\/729ee0024f24e0b8c5ec17232f8e8b41\",\"name\":\"admin\",\"image\":{\"@type\":\"ImageObject\",\"inLanguage\":\"fr-FR\",\"@id\":\"https:\\\/\\\/secure.gravatar.com\\\/avatar\\\/4c81fed838786e9b53f540bf46533e750f5d292099ae3b66cfc6fb1982e29df7?s=96&d=mm&r=g\",\"url\":\"https:\\\/\\\/secure.gravatar.com\\\/avatar\\\/4c81fed838786e9b53f540bf46533e750f5d292099ae3b66cfc6fb1982e29df7?s=96&d=mm&r=g\",\"contentUrl\":\"https:\\\/\\\/secure.gravatar.com\\\/avatar\\\/4c81fed838786e9b53f540bf46533e750f5d292099ae3b66cfc6fb1982e29df7?s=96&d=mm&r=g\",\"caption\":\"admin\"},\"description\":\"admin\",\"url\":\"https:\\\/\\\/lasentinelle.dz\\\/author\\\/admin\\\/\"}]}<\/script>\n<!-- \/ Yoast SEO plugin. -->","yoast_head_json":{"title":"Ouverture aujourd\u2019hui du 27e Salon international du livre d&rsquo;Alger - La Sentinelle","robots":{"index":"index","follow":"follow","max-snippet":"max-snippet:-1","max-image-preview":"max-image-preview:large","max-video-preview":"max-video-preview:-1"},"canonical":"https:\/\/lasentinelle.dz\/index.php\/2024\/11\/06\/ouverture-aujourdhui-du-27e-salon-international-du-livre-dalger\/","og_locale":"fr_FR","og_type":"article","og_title":"Ouverture aujourd\u2019hui du 27e Salon international du livre d&rsquo;Alger - La Sentinelle","og_description":"Une programmation culturelle et intellectuelle foisonnante Alger s&rsquo;appr\u00eate \u00e0 vibrer au rythme de la 27e \u00e9dition du Salon international du","og_url":"https:\/\/lasentinelle.dz\/index.php\/2024\/11\/06\/ouverture-aujourdhui-du-27e-salon-international-du-livre-dalger\/","og_site_name":"La Sentinelle","article_publisher":"https:\/\/www.facebook.com\/La-Sentinelle-104059864394773","article_published_time":"2024-11-06T09:11:26+00:00","article_modified_time":"2024-11-06T09:11:27+00:00","og_image":[{"width":400,"height":600,"url":"https:\/\/lasentinelle.dz\/wp-content\/uploads\/2024\/11\/sila-1.jpg","type":"image\/jpeg"}],"author":"admin","twitter_card":"summary_large_image","twitter_misc":{"\u00c9crit par":"admin","Dur\u00e9e de lecture estim\u00e9e":"4 minutes"},"schema":{"@context":"https:\/\/schema.org","@graph":[{"@type":"Article","@id":"https:\/\/lasentinelle.dz\/index.php\/2024\/11\/06\/ouverture-aujourdhui-du-27e-salon-international-du-livre-dalger\/#article","isPartOf":{"@id":"https:\/\/lasentinelle.dz\/index.php\/2024\/11\/06\/ouverture-aujourdhui-du-27e-salon-international-du-livre-dalger\/"},"author":{"name":"admin","@id":"https:\/\/lasentinelle.dz\/#\/schema\/person\/729ee0024f24e0b8c5ec17232f8e8b41"},"headline":"Ouverture aujourd\u2019hui du 27e Salon international du livre d&rsquo;Alger","datePublished":"2024-11-06T09:11:26+00:00","dateModified":"2024-11-06T09:11:27+00:00","mainEntityOfPage":{"@id":"https:\/\/lasentinelle.dz\/index.php\/2024\/11\/06\/ouverture-aujourdhui-du-27e-salon-international-du-livre-dalger\/"},"wordCount":841,"commentCount":0,"publisher":{"@id":"https:\/\/lasentinelle.dz\/#organization"},"image":{"@id":"https:\/\/lasentinelle.dz\/index.php\/2024\/11\/06\/ouverture-aujourdhui-du-27e-salon-international-du-livre-dalger\/#primaryimage"},"thumbnailUrl":"https:\/\/lasentinelle.dz\/wp-content\/uploads\/2024\/11\/sila-1.jpg","articleSection":["Culture"],"inLanguage":"fr-FR","potentialAction":[{"@type":"CommentAction","name":"Comment","target":["https:\/\/lasentinelle.dz\/index.php\/2024\/11\/06\/ouverture-aujourdhui-du-27e-salon-international-du-livre-dalger\/#respond"]}]},{"@type":"WebPage","@id":"https:\/\/lasentinelle.dz\/index.php\/2024\/11\/06\/ouverture-aujourdhui-du-27e-salon-international-du-livre-dalger\/","url":"https:\/\/lasentinelle.dz\/index.php\/2024\/11\/06\/ouverture-aujourdhui-du-27e-salon-international-du-livre-dalger\/","name":"Ouverture aujourd\u2019hui du 27e Salon international du livre d&rsquo;Alger - La Sentinelle","isPartOf":{"@id":"https:\/\/lasentinelle.dz\/#website"},"primaryImageOfPage":{"@id":"https:\/\/lasentinelle.dz\/index.php\/2024\/11\/06\/ouverture-aujourdhui-du-27e-salon-international-du-livre-dalger\/#primaryimage"},"image":{"@id":"https:\/\/lasentinelle.dz\/index.php\/2024\/11\/06\/ouverture-aujourdhui-du-27e-salon-international-du-livre-dalger\/#primaryimage"},"thumbnailUrl":"https:\/\/lasentinelle.dz\/wp-content\/uploads\/2024\/11\/sila-1.jpg","datePublished":"2024-11-06T09:11:26+00:00","dateModified":"2024-11-06T09:11:27+00:00","breadcrumb":{"@id":"https:\/\/lasentinelle.dz\/index.php\/2024\/11\/06\/ouverture-aujourdhui-du-27e-salon-international-du-livre-dalger\/#breadcrumb"},"inLanguage":"fr-FR","potentialAction":[{"@type":"ReadAction","target":["https:\/\/lasentinelle.dz\/index.php\/2024\/11\/06\/ouverture-aujourdhui-du-27e-salon-international-du-livre-dalger\/"]}]},{"@type":"ImageObject","inLanguage":"fr-FR","@id":"https:\/\/lasentinelle.dz\/index.php\/2024\/11\/06\/ouverture-aujourdhui-du-27e-salon-international-du-livre-dalger\/#primaryimage","url":"https:\/\/lasentinelle.dz\/wp-content\/uploads\/2024\/11\/sila-1.jpg","contentUrl":"https:\/\/lasentinelle.dz\/wp-content\/uploads\/2024\/11\/sila-1.jpg","width":400,"height":600},{"@type":"BreadcrumbList","@id":"https:\/\/lasentinelle.dz\/index.php\/2024\/11\/06\/ouverture-aujourdhui-du-27e-salon-international-du-livre-dalger\/#breadcrumb","itemListElement":[{"@type":"ListItem","position":1,"name":"Accueil","item":"https:\/\/lasentinelle.dz\/"},{"@type":"ListItem","position":2,"name":"Ouverture aujourd\u2019hui du 27e Salon international du livre d&rsquo;Alger"}]},{"@type":"WebSite","@id":"https:\/\/lasentinelle.dz\/#website","url":"https:\/\/lasentinelle.dz\/","name":"La Sentinelle","description":"Quotidien national d&#039;information","publisher":{"@id":"https:\/\/lasentinelle.dz\/#organization"},"potentialAction":[{"@type":"SearchAction","target":{"@type":"EntryPoint","urlTemplate":"https:\/\/lasentinelle.dz\/?s={search_term_string}"},"query-input":{"@type":"PropertyValueSpecification","valueRequired":true,"valueName":"search_term_string"}}],"inLanguage":"fr-FR"},{"@type":"Organization","@id":"https:\/\/lasentinelle.dz\/#organization","name":"Quotidien La Sentinelle","url":"https:\/\/lasentinelle.dz\/","logo":{"@type":"ImageObject","inLanguage":"fr-FR","@id":"https:\/\/lasentinelle.dz\/#\/schema\/logo\/image\/","url":"https:\/\/lasentinelle.dz\/wp-content\/uploads\/2021\/09\/logo-sentinelleSLOGAN-1.png","contentUrl":"https:\/\/lasentinelle.dz\/wp-content\/uploads\/2021\/09\/logo-sentinelleSLOGAN-1.png","width":615,"height":142,"caption":"Quotidien La Sentinelle"},"image":{"@id":"https:\/\/lasentinelle.dz\/#\/schema\/logo\/image\/"},"sameAs":["https:\/\/www.facebook.com\/La-Sentinelle-104059864394773"]},{"@type":"Person","@id":"https:\/\/lasentinelle.dz\/#\/schema\/person\/729ee0024f24e0b8c5ec17232f8e8b41","name":"admin","image":{"@type":"ImageObject","inLanguage":"fr-FR","@id":"https:\/\/secure.gravatar.com\/avatar\/4c81fed838786e9b53f540bf46533e750f5d292099ae3b66cfc6fb1982e29df7?s=96&d=mm&r=g","url":"https:\/\/secure.gravatar.com\/avatar\/4c81fed838786e9b53f540bf46533e750f5d292099ae3b66cfc6fb1982e29df7?s=96&d=mm&r=g","contentUrl":"https:\/\/secure.gravatar.com\/avatar\/4c81fed838786e9b53f540bf46533e750f5d292099ae3b66cfc6fb1982e29df7?s=96&d=mm&r=g","caption":"admin"},"description":"admin","url":"https:\/\/lasentinelle.dz\/author\/admin\/"}]}},"_links":{"self":[{"href":"https:\/\/lasentinelle.dz\/index.php\/wp-json\/wp\/v2\/posts\/59061","targetHints":{"allow":["GET"]}}],"collection":[{"href":"https:\/\/lasentinelle.dz\/index.php\/wp-json\/wp\/v2\/posts"}],"about":[{"href":"https:\/\/lasentinelle.dz\/index.php\/wp-json\/wp\/v2\/types\/post"}],"author":[{"embeddable":true,"href":"https:\/\/lasentinelle.dz\/index.php\/wp-json\/wp\/v2\/users\/6"}],"replies":[{"embeddable":true,"href":"https:\/\/lasentinelle.dz\/index.php\/wp-json\/wp\/v2\/comments?post=59061"}],"version-history":[{"count":2,"href":"https:\/\/lasentinelle.dz\/index.php\/wp-json\/wp\/v2\/posts\/59061\/revisions"}],"predecessor-version":[{"id":59064,"href":"https:\/\/lasentinelle.dz\/index.php\/wp-json\/wp\/v2\/posts\/59061\/revisions\/59064"}],"wp:featuredmedia":[{"embeddable":true,"href":"https:\/\/lasentinelle.dz\/index.php\/wp-json\/wp\/v2\/media\/59062"}],"wp:attachment":[{"href":"https:\/\/lasentinelle.dz\/index.php\/wp-json\/wp\/v2\/media?parent=59061"}],"wp:term":[{"taxonomy":"category","embeddable":true,"href":"https:\/\/lasentinelle.dz\/index.php\/wp-json\/wp\/v2\/categories?post=59061"},{"taxonomy":"post_tag","embeddable":true,"href":"https:\/\/lasentinelle.dz\/index.php\/wp-json\/wp\/v2\/tags?post=59061"}],"curies":[{"name":"wp","href":"https:\/\/api.w.org\/{rel}","templated":true}]}}