{"id":59097,"date":"2024-11-10T11:26:39","date_gmt":"2024-11-10T10:26:39","guid":{"rendered":"https:\/\/lasentinelle.dz\/?p=59097"},"modified":"2024-11-10T11:26:40","modified_gmt":"2024-11-10T10:26:40","slug":"usto-mb-les-villes-intelligentes-au-coeur-des-debats","status":"publish","type":"post","link":"https:\/\/lasentinelle.dz\/index.php\/2024\/11\/10\/usto-mb-les-villes-intelligentes-au-coeur-des-debats\/","title":{"rendered":"USTO-MB\u00a0: Les villes intelligentes au c\u0153ur des d\u00e9bats"},"content":{"rendered":"\n<p>Dans un monde o\u00f9 l&rsquo;urbanisation s&rsquo;acc\u00e9l\u00e8re \u00e0 un rythme sans pr\u00e9c\u00e9dent, l&rsquo;Universit\u00e9 des sciences et de la technologie \u00ab\u00a0Mohamed Boudiaf\u00a0\u00bb (USTO-MB) d&rsquo;Oran s&rsquo;appr\u00eate \u00e0 accueillir un \u00e9v\u00e9nement d&rsquo;envergure internationale. La Conf\u00e9rence Internationale sur les villes intelligentes (ISCC 24), qui se tiendra les 12 et 13 novembre, arrive \u00e0 point nomm\u00e9 pour aborder les d\u00e9fis cruciaux de la ville de demain. Cette rencontre, orchestr\u00e9e par le Laboratoire des microsyst\u00e8mes et des syst\u00e8mes embarqu\u00e9s (LMSE) en collaboration avec la Direction g\u00e9n\u00e9rale de la recherche et du d\u00e9veloppement scientifique et technologique (DGRSDT), rev\u00eat une importance particuli\u00e8re dans le contexte actuel. Elle offre une plateforme unique o\u00f9 convergent les expertises du monde acad\u00e9mique, des autorit\u00e9s publiques et du secteur priv\u00e9, notamment les start-ups innovantes. L&rsquo;originalit\u00e9 de cette conf\u00e9rence r\u00e9side dans son approche holistique des enjeux urbains. Elle s&rsquo;articule autour de trois axes strat\u00e9giques qui constituent les piliers fondamentaux d&rsquo;une ville intelligente. Le premier axe, consacr\u00e9 aux syst\u00e8mes \u00e9nerg\u00e9tiques et environnementaux intelligents, explore les solutions d&rsquo;avenir pour une gestion optimis\u00e9e de l&rsquo;\u00e9nergie en milieu urbain. L&rsquo;accent mis sur l&rsquo;\u00e9nergie solaire et les r\u00e9seaux de distribution \u00e9lectrique intelligents t\u00e9moigne d&rsquo;une vision r\u00e9solument tourn\u00e9e vers la durabilit\u00e9. Le volet e-Sant\u00e9, deuxi\u00e8me axe majeur, prend une r\u00e9sonance particuli\u00e8re \u00e0 l&rsquo;\u00e8re post-Covid. La t\u00e9l\u00e9m\u00e9decine, la t\u00e9l\u00e9sant\u00e9 et les applications num\u00e9riques mobiles constituent d\u00e9sormais des outils incontournables pour am\u00e9liorer l&rsquo;acc\u00e8s aux soins et la qualit\u00e9 des services de sant\u00e9 en milieu urbain. Les discussions promettent d&rsquo;\u00eatre riches en enseignements sur l&rsquo;\u00e9volution de la relation patient-m\u00e9decin et les nouvelles modalit\u00e9s de suivi m\u00e9dical. Le troisi\u00e8me axe, d\u00e9di\u00e9 aux syst\u00e8mes de transport intelligents, aborde une probl\u00e9matique cruciale pour les villes contemporaines. L&rsquo;int\u00e9gration de l&rsquo;intelligence artificielle et de l&rsquo;apprentissage automatique dans la gestion du trafic urbain ouvre des perspectives prometteuses pour fluidifier la circulation et r\u00e9duire l&#8217;empreinte environnementale des d\u00e9placements.<\/p>\n\n\n\n<p>Cette conf\u00e9rence s&rsquo;inscrit dans une dynamique d&rsquo;innovation collaborative, o\u00f9 la convergence des expertises devient le moteur du d\u00e9veloppement urbain intelligent. Elle illustre parfaitement la volont\u00e9 de l&rsquo;Alg\u00e9rie de se positionner comme un acteur majeur dans la r\u00e9flexion sur les villes de demain.&nbsp; L&rsquo;enjeu est de taille : il s&rsquo;agit non seulement de repenser nos mod\u00e8les urbains, mais aussi de proposer des solutions concr\u00e8tes aux d\u00e9fis de la ville intelligente.<\/p>\n\n\n\n<p><strong>Lyna Larbi<\/strong><\/p>\n","protected":false},"excerpt":{"rendered":"<p>Dans un monde o\u00f9 l&rsquo;urbanisation s&rsquo;acc\u00e9l\u00e8re \u00e0 un rythme sans pr\u00e9c\u00e9dent, l&rsquo;Universit\u00e9 des sciences et de la technologie \u00ab\u00a0Mohamed Boudiaf\u00a0\u00bb<\/p>\n","protected":false},"author":6,"featured_media":59098,"comment_status":"open","ping_status":"closed","sticky":false,"template":"","format":"standard","meta":{"colormag_page_container_layout":"default_layout","colormag_page_sidebar_layout":"default_layout","om_disable_all_campaigns":false,"_monsterinsights_skip_tracking":false,"_monsterinsights_sitenote_active":false,"_monsterinsights_sitenote_note":"","_monsterinsights_sitenote_category":0,"footnotes":"","_wpscppro_dont_share_socialmedia":false,"_wpscppro_custom_social_share_image":0,"_facebook_share_type":"default","_twitter_share_type":"default","_linkedin_share_type":"default","_pinterest_share_type":"default","_linkedin_share_type_page":"","_instagram_share_type":"default","_medium_share_type":"default","_threads_share_type":"","_google_business_share_type":"","_selected_social_profile":[],"_wpsp_enable_custom_social_template":false,"_wpsp_social_scheduling":{"enabled":false,"datetime":null,"platforms":[],"status":"template_only","dateOption":"today","timeOption":"now","customDays":"","customHours":"","customDate":"","customTime":"","schedulingType":"absolute"},"_wpsp_active_default_template":true},"categories":[27],"tags":[],"class_list":["post-59097","post","type-post","status-publish","format-standard","has-post-thumbnail","hentry","category-actualite"],"aioseo_notices":[],"yoast_head":"<!-- This site is optimized with the Yoast SEO plugin v27.5 - https:\/\/yoast.com\/product\/yoast-seo-wordpress\/ -->\n<title>USTO-MB\u00a0: Les villes intelligentes au c\u0153ur des d\u00e9bats - La Sentinelle<\/title>\n<meta name=\"robots\" content=\"index, follow, max-snippet:-1, max-image-preview:large, max-video-preview:-1\" \/>\n<link rel=\"canonical\" href=\"https:\/\/lasentinelle.dz\/index.php\/2024\/11\/10\/usto-mb-les-villes-intelligentes-au-coeur-des-debats\/\" \/>\n<meta property=\"og:locale\" content=\"fr_FR\" \/>\n<meta property=\"og:type\" content=\"article\" \/>\n<meta property=\"og:title\" content=\"USTO-MB\u00a0: Les villes intelligentes au c\u0153ur des d\u00e9bats - La Sentinelle\" \/>\n<meta property=\"og:description\" content=\"Dans un monde o\u00f9 l&rsquo;urbanisation s&rsquo;acc\u00e9l\u00e8re \u00e0 un rythme sans pr\u00e9c\u00e9dent, l&rsquo;Universit\u00e9 des sciences et de la technologie \u00ab\u00a0Mohamed Boudiaf\u00a0\u00bb\" \/>\n<meta property=\"og:url\" content=\"https:\/\/lasentinelle.dz\/index.php\/2024\/11\/10\/usto-mb-les-villes-intelligentes-au-coeur-des-debats\/\" \/>\n<meta property=\"og:site_name\" content=\"La Sentinelle\" \/>\n<meta property=\"article:publisher\" content=\"https:\/\/www.facebook.com\/La-Sentinelle-104059864394773\" \/>\n<meta property=\"article:published_time\" content=\"2024-11-10T10:26:39+00:00\" \/>\n<meta property=\"article:modified_time\" content=\"2024-11-10T10:26:40+00:00\" \/>\n<meta property=\"og:image\" content=\"https:\/\/lasentinelle.dz\/wp-content\/uploads\/2024\/11\/smart-city.jpg\" \/>\n\t<meta property=\"og:image:width\" content=\"600\" \/>\n\t<meta property=\"og:image:height\" content=\"400\" \/>\n\t<meta property=\"og:image:type\" content=\"image\/jpeg\" \/>\n<meta name=\"author\" content=\"admin\" \/>\n<meta name=\"twitter:card\" content=\"summary_large_image\" \/>\n<meta name=\"twitter:label1\" content=\"\u00c9crit par\" \/>\n\t<meta name=\"twitter:data1\" content=\"admin\" \/>\n\t<meta name=\"twitter:label2\" content=\"Dur\u00e9e de lecture estim\u00e9e\" \/>\n\t<meta name=\"twitter:data2\" content=\"3 minutes\" \/>\n<script type=\"application\/ld+json\" class=\"yoast-schema-graph\">{\"@context\":\"https:\\\/\\\/schema.org\",\"@graph\":[{\"@type\":\"Article\",\"@id\":\"https:\\\/\\\/lasentinelle.dz\\\/index.php\\\/2024\\\/11\\\/10\\\/usto-mb-les-villes-intelligentes-au-coeur-des-debats\\\/#article\",\"isPartOf\":{\"@id\":\"https:\\\/\\\/lasentinelle.dz\\\/index.php\\\/2024\\\/11\\\/10\\\/usto-mb-les-villes-intelligentes-au-coeur-des-debats\\\/\"},\"author\":{\"name\":\"admin\",\"@id\":\"https:\\\/\\\/lasentinelle.dz\\\/#\\\/schema\\\/person\\\/729ee0024f24e0b8c5ec17232f8e8b41\"},\"headline\":\"USTO-MB\u00a0: Les villes intelligentes au c\u0153ur des d\u00e9bats\",\"datePublished\":\"2024-11-10T10:26:39+00:00\",\"dateModified\":\"2024-11-10T10:26:40+00:00\",\"mainEntityOfPage\":{\"@id\":\"https:\\\/\\\/lasentinelle.dz\\\/index.php\\\/2024\\\/11\\\/10\\\/usto-mb-les-villes-intelligentes-au-coeur-des-debats\\\/\"},\"wordCount\":456,\"commentCount\":0,\"publisher\":{\"@id\":\"https:\\\/\\\/lasentinelle.dz\\\/#organization\"},\"image\":{\"@id\":\"https:\\\/\\\/lasentinelle.dz\\\/index.php\\\/2024\\\/11\\\/10\\\/usto-mb-les-villes-intelligentes-au-coeur-des-debats\\\/#primaryimage\"},\"thumbnailUrl\":\"https:\\\/\\\/lasentinelle.dz\\\/wp-content\\\/uploads\\\/2024\\\/11\\\/smart-city.jpg\",\"articleSection\":[\"Actualit\u00e9\"],\"inLanguage\":\"fr-FR\",\"potentialAction\":[{\"@type\":\"CommentAction\",\"name\":\"Comment\",\"target\":[\"https:\\\/\\\/lasentinelle.dz\\\/index.php\\\/2024\\\/11\\\/10\\\/usto-mb-les-villes-intelligentes-au-coeur-des-debats\\\/#respond\"]}]},{\"@type\":\"WebPage\",\"@id\":\"https:\\\/\\\/lasentinelle.dz\\\/index.php\\\/2024\\\/11\\\/10\\\/usto-mb-les-villes-intelligentes-au-coeur-des-debats\\\/\",\"url\":\"https:\\\/\\\/lasentinelle.dz\\\/index.php\\\/2024\\\/11\\\/10\\\/usto-mb-les-villes-intelligentes-au-coeur-des-debats\\\/\",\"name\":\"USTO-MB\u00a0: Les villes intelligentes au c\u0153ur des d\u00e9bats - La Sentinelle\",\"isPartOf\":{\"@id\":\"https:\\\/\\\/lasentinelle.dz\\\/#website\"},\"primaryImageOfPage\":{\"@id\":\"https:\\\/\\\/lasentinelle.dz\\\/index.php\\\/2024\\\/11\\\/10\\\/usto-mb-les-villes-intelligentes-au-coeur-des-debats\\\/#primaryimage\"},\"image\":{\"@id\":\"https:\\\/\\\/lasentinelle.dz\\\/index.php\\\/2024\\\/11\\\/10\\\/usto-mb-les-villes-intelligentes-au-coeur-des-debats\\\/#primaryimage\"},\"thumbnailUrl\":\"https:\\\/\\\/lasentinelle.dz\\\/wp-content\\\/uploads\\\/2024\\\/11\\\/smart-city.jpg\",\"datePublished\":\"2024-11-10T10:26:39+00:00\",\"dateModified\":\"2024-11-10T10:26:40+00:00\",\"breadcrumb\":{\"@id\":\"https:\\\/\\\/lasentinelle.dz\\\/index.php\\\/2024\\\/11\\\/10\\\/usto-mb-les-villes-intelligentes-au-coeur-des-debats\\\/#breadcrumb\"},\"inLanguage\":\"fr-FR\",\"potentialAction\":[{\"@type\":\"ReadAction\",\"target\":[\"https:\\\/\\\/lasentinelle.dz\\\/index.php\\\/2024\\\/11\\\/10\\\/usto-mb-les-villes-intelligentes-au-coeur-des-debats\\\/\"]}]},{\"@type\":\"ImageObject\",\"inLanguage\":\"fr-FR\",\"@id\":\"https:\\\/\\\/lasentinelle.dz\\\/index.php\\\/2024\\\/11\\\/10\\\/usto-mb-les-villes-intelligentes-au-coeur-des-debats\\\/#primaryimage\",\"url\":\"https:\\\/\\\/lasentinelle.dz\\\/wp-content\\\/uploads\\\/2024\\\/11\\\/smart-city.jpg\",\"contentUrl\":\"https:\\\/\\\/lasentinelle.dz\\\/wp-content\\\/uploads\\\/2024\\\/11\\\/smart-city.jpg\",\"width\":600,\"height\":400,\"caption\":\"Waiter hand holding an empty digital tablet with Smart city with smart services and icons, internet of things, networks and augmented reality concept , night scene .\"},{\"@type\":\"BreadcrumbList\",\"@id\":\"https:\\\/\\\/lasentinelle.dz\\\/index.php\\\/2024\\\/11\\\/10\\\/usto-mb-les-villes-intelligentes-au-coeur-des-debats\\\/#breadcrumb\",\"itemListElement\":[{\"@type\":\"ListItem\",\"position\":1,\"name\":\"Accueil\",\"item\":\"https:\\\/\\\/lasentinelle.dz\\\/\"},{\"@type\":\"ListItem\",\"position\":2,\"name\":\"USTO-MB\u00a0: Les villes intelligentes au c\u0153ur des d\u00e9bats\"}]},{\"@type\":\"WebSite\",\"@id\":\"https:\\\/\\\/lasentinelle.dz\\\/#website\",\"url\":\"https:\\\/\\\/lasentinelle.dz\\\/\",\"name\":\"La Sentinelle\",\"description\":\"Quotidien national d&#039;information\",\"publisher\":{\"@id\":\"https:\\\/\\\/lasentinelle.dz\\\/#organization\"},\"potentialAction\":[{\"@type\":\"SearchAction\",\"target\":{\"@type\":\"EntryPoint\",\"urlTemplate\":\"https:\\\/\\\/lasentinelle.dz\\\/?s={search_term_string}\"},\"query-input\":{\"@type\":\"PropertyValueSpecification\",\"valueRequired\":true,\"valueName\":\"search_term_string\"}}],\"inLanguage\":\"fr-FR\"},{\"@type\":\"Organization\",\"@id\":\"https:\\\/\\\/lasentinelle.dz\\\/#organization\",\"name\":\"Quotidien La Sentinelle\",\"url\":\"https:\\\/\\\/lasentinelle.dz\\\/\",\"logo\":{\"@type\":\"ImageObject\",\"inLanguage\":\"fr-FR\",\"@id\":\"https:\\\/\\\/lasentinelle.dz\\\/#\\\/schema\\\/logo\\\/image\\\/\",\"url\":\"https:\\\/\\\/lasentinelle.dz\\\/wp-content\\\/uploads\\\/2021\\\/09\\\/logo-sentinelleSLOGAN-1.png\",\"contentUrl\":\"https:\\\/\\\/lasentinelle.dz\\\/wp-content\\\/uploads\\\/2021\\\/09\\\/logo-sentinelleSLOGAN-1.png\",\"width\":615,\"height\":142,\"caption\":\"Quotidien La Sentinelle\"},\"image\":{\"@id\":\"https:\\\/\\\/lasentinelle.dz\\\/#\\\/schema\\\/logo\\\/image\\\/\"},\"sameAs\":[\"https:\\\/\\\/www.facebook.com\\\/La-Sentinelle-104059864394773\"]},{\"@type\":\"Person\",\"@id\":\"https:\\\/\\\/lasentinelle.dz\\\/#\\\/schema\\\/person\\\/729ee0024f24e0b8c5ec17232f8e8b41\",\"name\":\"admin\",\"image\":{\"@type\":\"ImageObject\",\"inLanguage\":\"fr-FR\",\"@id\":\"https:\\\/\\\/secure.gravatar.com\\\/avatar\\\/4c81fed838786e9b53f540bf46533e750f5d292099ae3b66cfc6fb1982e29df7?s=96&d=mm&r=g\",\"url\":\"https:\\\/\\\/secure.gravatar.com\\\/avatar\\\/4c81fed838786e9b53f540bf46533e750f5d292099ae3b66cfc6fb1982e29df7?s=96&d=mm&r=g\",\"contentUrl\":\"https:\\\/\\\/secure.gravatar.com\\\/avatar\\\/4c81fed838786e9b53f540bf46533e750f5d292099ae3b66cfc6fb1982e29df7?s=96&d=mm&r=g\",\"caption\":\"admin\"},\"description\":\"admin\",\"url\":\"https:\\\/\\\/lasentinelle.dz\\\/author\\\/admin\\\/\"}]}<\/script>\n<!-- \/ Yoast SEO plugin. -->","yoast_head_json":{"title":"USTO-MB\u00a0: Les villes intelligentes au c\u0153ur des d\u00e9bats - La Sentinelle","robots":{"index":"index","follow":"follow","max-snippet":"max-snippet:-1","max-image-preview":"max-image-preview:large","max-video-preview":"max-video-preview:-1"},"canonical":"https:\/\/lasentinelle.dz\/index.php\/2024\/11\/10\/usto-mb-les-villes-intelligentes-au-coeur-des-debats\/","og_locale":"fr_FR","og_type":"article","og_title":"USTO-MB\u00a0: Les villes intelligentes au c\u0153ur des d\u00e9bats - La Sentinelle","og_description":"Dans un monde o\u00f9 l&rsquo;urbanisation s&rsquo;acc\u00e9l\u00e8re \u00e0 un rythme sans pr\u00e9c\u00e9dent, l&rsquo;Universit\u00e9 des sciences et de la technologie \u00ab\u00a0Mohamed Boudiaf\u00a0\u00bb","og_url":"https:\/\/lasentinelle.dz\/index.php\/2024\/11\/10\/usto-mb-les-villes-intelligentes-au-coeur-des-debats\/","og_site_name":"La Sentinelle","article_publisher":"https:\/\/www.facebook.com\/La-Sentinelle-104059864394773","article_published_time":"2024-11-10T10:26:39+00:00","article_modified_time":"2024-11-10T10:26:40+00:00","og_image":[{"width":600,"height":400,"url":"https:\/\/lasentinelle.dz\/wp-content\/uploads\/2024\/11\/smart-city.jpg","type":"image\/jpeg"}],"author":"admin","twitter_card":"summary_large_image","twitter_misc":{"\u00c9crit par":"admin","Dur\u00e9e de lecture estim\u00e9e":"3 minutes"},"schema":{"@context":"https:\/\/schema.org","@graph":[{"@type":"Article","@id":"https:\/\/lasentinelle.dz\/index.php\/2024\/11\/10\/usto-mb-les-villes-intelligentes-au-coeur-des-debats\/#article","isPartOf":{"@id":"https:\/\/lasentinelle.dz\/index.php\/2024\/11\/10\/usto-mb-les-villes-intelligentes-au-coeur-des-debats\/"},"author":{"name":"admin","@id":"https:\/\/lasentinelle.dz\/#\/schema\/person\/729ee0024f24e0b8c5ec17232f8e8b41"},"headline":"USTO-MB\u00a0: Les villes intelligentes au c\u0153ur des d\u00e9bats","datePublished":"2024-11-10T10:26:39+00:00","dateModified":"2024-11-10T10:26:40+00:00","mainEntityOfPage":{"@id":"https:\/\/lasentinelle.dz\/index.php\/2024\/11\/10\/usto-mb-les-villes-intelligentes-au-coeur-des-debats\/"},"wordCount":456,"commentCount":0,"publisher":{"@id":"https:\/\/lasentinelle.dz\/#organization"},"image":{"@id":"https:\/\/lasentinelle.dz\/index.php\/2024\/11\/10\/usto-mb-les-villes-intelligentes-au-coeur-des-debats\/#primaryimage"},"thumbnailUrl":"https:\/\/lasentinelle.dz\/wp-content\/uploads\/2024\/11\/smart-city.jpg","articleSection":["Actualit\u00e9"],"inLanguage":"fr-FR","potentialAction":[{"@type":"CommentAction","name":"Comment","target":["https:\/\/lasentinelle.dz\/index.php\/2024\/11\/10\/usto-mb-les-villes-intelligentes-au-coeur-des-debats\/#respond"]}]},{"@type":"WebPage","@id":"https:\/\/lasentinelle.dz\/index.php\/2024\/11\/10\/usto-mb-les-villes-intelligentes-au-coeur-des-debats\/","url":"https:\/\/lasentinelle.dz\/index.php\/2024\/11\/10\/usto-mb-les-villes-intelligentes-au-coeur-des-debats\/","name":"USTO-MB\u00a0: Les villes intelligentes au c\u0153ur des d\u00e9bats - La Sentinelle","isPartOf":{"@id":"https:\/\/lasentinelle.dz\/#website"},"primaryImageOfPage":{"@id":"https:\/\/lasentinelle.dz\/index.php\/2024\/11\/10\/usto-mb-les-villes-intelligentes-au-coeur-des-debats\/#primaryimage"},"image":{"@id":"https:\/\/lasentinelle.dz\/index.php\/2024\/11\/10\/usto-mb-les-villes-intelligentes-au-coeur-des-debats\/#primaryimage"},"thumbnailUrl":"https:\/\/lasentinelle.dz\/wp-content\/uploads\/2024\/11\/smart-city.jpg","datePublished":"2024-11-10T10:26:39+00:00","dateModified":"2024-11-10T10:26:40+00:00","breadcrumb":{"@id":"https:\/\/lasentinelle.dz\/index.php\/2024\/11\/10\/usto-mb-les-villes-intelligentes-au-coeur-des-debats\/#breadcrumb"},"inLanguage":"fr-FR","potentialAction":[{"@type":"ReadAction","target":["https:\/\/lasentinelle.dz\/index.php\/2024\/11\/10\/usto-mb-les-villes-intelligentes-au-coeur-des-debats\/"]}]},{"@type":"ImageObject","inLanguage":"fr-FR","@id":"https:\/\/lasentinelle.dz\/index.php\/2024\/11\/10\/usto-mb-les-villes-intelligentes-au-coeur-des-debats\/#primaryimage","url":"https:\/\/lasentinelle.dz\/wp-content\/uploads\/2024\/11\/smart-city.jpg","contentUrl":"https:\/\/lasentinelle.dz\/wp-content\/uploads\/2024\/11\/smart-city.jpg","width":600,"height":400,"caption":"Waiter hand holding an empty digital tablet with Smart city with smart services and icons, internet of things, networks and augmented reality concept , night scene ."},{"@type":"BreadcrumbList","@id":"https:\/\/lasentinelle.dz\/index.php\/2024\/11\/10\/usto-mb-les-villes-intelligentes-au-coeur-des-debats\/#breadcrumb","itemListElement":[{"@type":"ListItem","position":1,"name":"Accueil","item":"https:\/\/lasentinelle.dz\/"},{"@type":"ListItem","position":2,"name":"USTO-MB\u00a0: Les villes intelligentes au c\u0153ur des d\u00e9bats"}]},{"@type":"WebSite","@id":"https:\/\/lasentinelle.dz\/#website","url":"https:\/\/lasentinelle.dz\/","name":"La Sentinelle","description":"Quotidien national d&#039;information","publisher":{"@id":"https:\/\/lasentinelle.dz\/#organization"},"potentialAction":[{"@type":"SearchAction","target":{"@type":"EntryPoint","urlTemplate":"https:\/\/lasentinelle.dz\/?s={search_term_string}"},"query-input":{"@type":"PropertyValueSpecification","valueRequired":true,"valueName":"search_term_string"}}],"inLanguage":"fr-FR"},{"@type":"Organization","@id":"https:\/\/lasentinelle.dz\/#organization","name":"Quotidien La Sentinelle","url":"https:\/\/lasentinelle.dz\/","logo":{"@type":"ImageObject","inLanguage":"fr-FR","@id":"https:\/\/lasentinelle.dz\/#\/schema\/logo\/image\/","url":"https:\/\/lasentinelle.dz\/wp-content\/uploads\/2021\/09\/logo-sentinelleSLOGAN-1.png","contentUrl":"https:\/\/lasentinelle.dz\/wp-content\/uploads\/2021\/09\/logo-sentinelleSLOGAN-1.png","width":615,"height":142,"caption":"Quotidien La Sentinelle"},"image":{"@id":"https:\/\/lasentinelle.dz\/#\/schema\/logo\/image\/"},"sameAs":["https:\/\/www.facebook.com\/La-Sentinelle-104059864394773"]},{"@type":"Person","@id":"https:\/\/lasentinelle.dz\/#\/schema\/person\/729ee0024f24e0b8c5ec17232f8e8b41","name":"admin","image":{"@type":"ImageObject","inLanguage":"fr-FR","@id":"https:\/\/secure.gravatar.com\/avatar\/4c81fed838786e9b53f540bf46533e750f5d292099ae3b66cfc6fb1982e29df7?s=96&d=mm&r=g","url":"https:\/\/secure.gravatar.com\/avatar\/4c81fed838786e9b53f540bf46533e750f5d292099ae3b66cfc6fb1982e29df7?s=96&d=mm&r=g","contentUrl":"https:\/\/secure.gravatar.com\/avatar\/4c81fed838786e9b53f540bf46533e750f5d292099ae3b66cfc6fb1982e29df7?s=96&d=mm&r=g","caption":"admin"},"description":"admin","url":"https:\/\/lasentinelle.dz\/author\/admin\/"}]}},"_links":{"self":[{"href":"https:\/\/lasentinelle.dz\/index.php\/wp-json\/wp\/v2\/posts\/59097","targetHints":{"allow":["GET"]}}],"collection":[{"href":"https:\/\/lasentinelle.dz\/index.php\/wp-json\/wp\/v2\/posts"}],"about":[{"href":"https:\/\/lasentinelle.dz\/index.php\/wp-json\/wp\/v2\/types\/post"}],"author":[{"embeddable":true,"href":"https:\/\/lasentinelle.dz\/index.php\/wp-json\/wp\/v2\/users\/6"}],"replies":[{"embeddable":true,"href":"https:\/\/lasentinelle.dz\/index.php\/wp-json\/wp\/v2\/comments?post=59097"}],"version-history":[{"count":1,"href":"https:\/\/lasentinelle.dz\/index.php\/wp-json\/wp\/v2\/posts\/59097\/revisions"}],"predecessor-version":[{"id":59099,"href":"https:\/\/lasentinelle.dz\/index.php\/wp-json\/wp\/v2\/posts\/59097\/revisions\/59099"}],"wp:featuredmedia":[{"embeddable":true,"href":"https:\/\/lasentinelle.dz\/index.php\/wp-json\/wp\/v2\/media\/59098"}],"wp:attachment":[{"href":"https:\/\/lasentinelle.dz\/index.php\/wp-json\/wp\/v2\/media?parent=59097"}],"wp:term":[{"taxonomy":"category","embeddable":true,"href":"https:\/\/lasentinelle.dz\/index.php\/wp-json\/wp\/v2\/categories?post=59097"},{"taxonomy":"post_tag","embeddable":true,"href":"https:\/\/lasentinelle.dz\/index.php\/wp-json\/wp\/v2\/tags?post=59097"}],"curies":[{"name":"wp","href":"https:\/\/api.w.org\/{rel}","templated":true}]}}