{"id":59110,"date":"2024-11-10T11:45:55","date_gmt":"2024-11-10T10:45:55","guid":{"rendered":"https:\/\/lasentinelle.dz\/?p=59110"},"modified":"2024-11-10T11:45:56","modified_gmt":"2024-11-10T10:45:56","slug":"qatar-invite-dhonneur-du-salon-une-presence-rayonnante-sous-le-signe-de-la-fraternite","status":"publish","type":"post","link":"https:\/\/lasentinelle.dz\/index.php\/2024\/11\/10\/qatar-invite-dhonneur-du-salon-une-presence-rayonnante-sous-le-signe-de-la-fraternite\/","title":{"rendered":"Qatar invit\u00e9 d\u2019honneur du salon\u00a0: Une pr\u00e9sence rayonnante sous le signe de la fraternit\u00e9"},"content":{"rendered":"\n<p>Un vent de culture qatarie souffle sur le Salon International du Livre d&rsquo;Alger. Invit\u00e9 d&rsquo;honneur de cette 27e \u00e9dition, l&rsquo;\u00e9mirat du Golfe d\u00e9ploie un programme culturel ambitieux qui s\u00e9duit les visiteurs depuis l&rsquo;ouverture du salon, rapporte l&rsquo;Agence Presse Service. Dans le vaste espace des Pins Maritimes, le pavillon qatari s&rsquo;impose comme l&rsquo;une des attractions majeures de ce mill\u00e9sime 2024. Son architecture, inspir\u00e9e des codes traditionnels qataris, attire imm\u00e9diatement l&rsquo;\u0153il du visiteur. Mais c&rsquo;est surtout la richesse de sa programmation qui retient l&rsquo;attention du public alg\u00e9rois, toutes g\u00e9n\u00e9rations confondues. Plus qu&rsquo;une simple vitrine \u00e9ditoriale, le pavillon se veut une v\u00e9ritable fen\u00eatre ouverte sur la culture qatarie contemporaine. Une centaine d&rsquo;ouvrages en langue arabe y sont pr\u00e9sent\u00e9s, couvrant un large spectre de la production intellectuelle du pays : romans, recueils de po\u00e9sie, essais politiques, ouvrages historiques et livres d&rsquo;art. Cette s\u00e9lection t\u00e9moigne du dynamisme de la sc\u00e8ne culturelle qatarie actuelle.<\/p>\n\n\n\n<p>Les organisateurs ont con\u00e7u une programmation ambitieuse, alternant conf\u00e9rences de haut niveau et moments de partage plus informels. Parmi les temps forts, une conf\u00e9rence sur \u00ab\u00a0les efforts du Qatar dans la pr\u00e9servation du patrimoine\u00a0\u00bb a permis d&rsquo;entendre l&rsquo;expertise de Mohamed El Belouchi et du chercheur Abderrahmane Salama des archives nationales qataries. La question de \u00ab\u00a0la durabilit\u00e9 dans le secteur de la culture\u00a0\u00bb a \u00e9galement fait l&rsquo;objet d&rsquo;une passionnante table ronde anim\u00e9e par les chercheuses Mariam Al-Hammadi et Maha Al Ali, mettant en lumi\u00e8re l&rsquo;approche novatrice du Qatar en mati\u00e8re de diversit\u00e9 culturelle. Un moment particuli\u00e8rement appr\u00e9ci\u00e9 a \u00e9t\u00e9 la pr\u00e9sentation du Prix \u00ab\u00a0Katara\u00a0\u00bb pour le roman, prestigieuse distinction litt\u00e9raire qatarie. Le Dr Khaled Abderrahim, superviseur du prix, a pu dialoguer avec des laur\u00e9ats alg\u00e9riens comme Lahbib Sayeh et Nasser Salmi, illustrant la vivacit\u00e9 des \u00e9changes culturels entre les deux nations. Le th\u00e9\u00e2tre n&rsquo;est pas en reste avec une conf\u00e9rence sur \u00ab\u00a0le mouvement sc\u00e9nique au Qatar\u00a0\u00bb pr\u00e9sent\u00e9e par l&rsquo;expert Sa\u00e2d Bourachid. La r\u00e9flexion intellectuelle atteint des sommets lors de la conf\u00e9rence \u00ab\u00a0Identit\u00e9 expressive et identit\u00e9 silencieuse&#8230;\u00a0\u00bb anim\u00e9e par Nayef Nahar, directeur du Centre Ibn Khaldoun \u00e0 l&rsquo;universit\u00e9 du Qatar. Le roman qatari contemporain fait \u00e9galement l&rsquo;objet d&rsquo;une attention particuli\u00e8re \u00e0 travers les interventions d&rsquo;Ahmed Abdelmalek et Abdelhak Belaabed. La po\u00e9sie, art majeur dans la tradition arabe, trouve sa place lors d&rsquo;une soir\u00e9e m\u00e9morable r\u00e9unissant des voix d&rsquo;Alg\u00e9rie et du Qatar. Abderrahmane Delimi, Ahmed El Kouari, Amina Hazmoune et El Azhar Adjiri ont ainsi tiss\u00e9 des ponts po\u00e9tiques entre les deux rives de la M\u00e9diterran\u00e9e. Mais le pavillon qatari ne se contente pas d&rsquo;offrir des moments de r\u00e9flexion et d&rsquo;\u00e9change intellectuel. Il propose \u00e9galement une immersion vivante dans la culture traditionnelle du pays. Des artisans d\u00e9montrent en direct leur savoir-faire ancestral, tandis qu&rsquo;une troupe folklorique fait vibrer l&rsquo;espace de ses chants et danses populaires, cr\u00e9ant des moments de communion culturelle particuli\u00e8rement appr\u00e9ci\u00e9s du public. La pr\u00e9sence qatarie au SILA s&rsquo;inscrit dans le cadre d&rsquo;une relation bilat\u00e9rale particuli\u00e8rement chaleureuse. La participation \u00e0 la c\u00e9r\u00e9monie d&rsquo;ouverture du ministre qatari de la Culture, Cheikh Abdulrahman bin Hamad Al Thani, aux c\u00f4t\u00e9s du Premier ministre Nadir Larbaoui, en t\u00e9moigne. L&rsquo;ambassadeur du Qatar \u00e0 Alger, Abdulaziz Ali Al-Naama, a \u00e9galement marqu\u00e9 de sa pr\u00e9sence l&rsquo;inauguration du programme culturel, accompagnant la ministre de la Culture et des Arts, Soraya Mouloudji. Jassim Ahmed Al Buainain, directeur de l&rsquo;administration des biblioth\u00e8ques au minist\u00e8re qatari de la Culture, souligne avec enthousiasme la port\u00e9e symbolique de cette invitation : \u00ab\u00a0Elle t\u00e9moigne de la profondeur des relations fraternelles entre nos deux pays et de la solidit\u00e9 de nos liens culturels\u00a0\u00bb, confie-t-il \u00e0 l&rsquo;APS. Le pavillon r\u00e9serve \u00e9galement une place de choix au jeune public avec un espace d\u00e9di\u00e9 proposant livres et activit\u00e9s interactives. Les amateurs d&rsquo;histoire peuvent quant \u00e0 eux admirer des pi\u00e8ces rares issues des archives de Dar El Kutub du Qatar, t\u00e9moignant de la richesse du patrimoine \u00e9crit de l&rsquo;\u00e9mirat. Cette pr\u00e9sence qatarie au SILA 2024, qui se poursuit jusqu&rsquo;au 16 novembre, s&rsquo;inscrit dans le cadre plus large d&rsquo;un salon particuli\u00e8rement ambitieux. Avec 1007 \u00e9diteurs venus de 40 pays, dont 290 alg\u00e9riens, pr\u00e9sentant plus de 300 000 titres, le SILA confirme son statut de rendez-vous culturel majeur du monde arabe. Le choix du Qatar comme invit\u00e9 d&rsquo;honneur illustre parfaitement cette volont\u00e9 d&rsquo;ouverture et d&rsquo;\u00e9change qui caract\u00e9rise le salon depuis sa cr\u00e9ation. Les spectacles quotidiens du groupe des arts populaires qatari, qui se produisent face au pavillon central, constituent la touche finale de cette pr\u00e9sence culturelle marquante. Ces performances offrent aux visiteurs une exp\u00e9rience vivante et color\u00e9e du patrimoine artistique qatari, cr\u00e9ant des moments de partage qui transcendent les fronti\u00e8res g\u00e9ographiques et culturelles.<\/p>\n\n\n\n<p>M.S.<\/p>\n","protected":false},"excerpt":{"rendered":"<p>Un vent de culture qatarie souffle sur le Salon International du Livre d&rsquo;Alger. Invit\u00e9 d&rsquo;honneur de cette 27e \u00e9dition, l&rsquo;\u00e9mirat<\/p>\n","protected":false},"author":6,"featured_media":59111,"comment_status":"open","ping_status":"closed","sticky":false,"template":"","format":"standard","meta":{"colormag_page_container_layout":"default_layout","colormag_page_sidebar_layout":"default_layout","om_disable_all_campaigns":false,"_monsterinsights_skip_tracking":false,"_monsterinsights_sitenote_active":false,"_monsterinsights_sitenote_note":"","_monsterinsights_sitenote_category":0,"footnotes":"","_wpscppro_dont_share_socialmedia":false,"_wpscppro_custom_social_share_image":0,"_facebook_share_type":"default","_twitter_share_type":"default","_linkedin_share_type":"default","_pinterest_share_type":"default","_linkedin_share_type_page":"","_instagram_share_type":"default","_medium_share_type":"default","_threads_share_type":"","_google_business_share_type":"","_selected_social_profile":[],"_wpsp_enable_custom_social_template":false,"_wpsp_social_scheduling":{"enabled":false,"datetime":null,"platforms":[],"status":"template_only","dateOption":"today","timeOption":"now","customDays":"","customHours":"","customDate":"","customTime":"","schedulingType":"absolute"},"_wpsp_active_default_template":true},"categories":[36],"tags":[],"class_list":["post-59110","post","type-post","status-publish","format-standard","has-post-thumbnail","hentry","category-culture"],"aioseo_notices":[],"yoast_head":"<!-- This site is optimized with the Yoast SEO plugin v27.5 - https:\/\/yoast.com\/product\/yoast-seo-wordpress\/ -->\n<title>Qatar invit\u00e9 d\u2019honneur du salon\u00a0: Une pr\u00e9sence rayonnante sous le signe de la fraternit\u00e9 - La Sentinelle<\/title>\n<meta name=\"robots\" content=\"index, follow, max-snippet:-1, max-image-preview:large, max-video-preview:-1\" \/>\n<link rel=\"canonical\" href=\"https:\/\/lasentinelle.dz\/index.php\/2024\/11\/10\/qatar-invite-dhonneur-du-salon-une-presence-rayonnante-sous-le-signe-de-la-fraternite\/\" \/>\n<meta property=\"og:locale\" content=\"fr_FR\" \/>\n<meta property=\"og:type\" content=\"article\" \/>\n<meta property=\"og:title\" content=\"Qatar invit\u00e9 d\u2019honneur du salon\u00a0: Une pr\u00e9sence rayonnante sous le signe de la fraternit\u00e9 - La Sentinelle\" \/>\n<meta property=\"og:description\" content=\"Un vent de culture qatarie souffle sur le Salon International du Livre d&rsquo;Alger. Invit\u00e9 d&rsquo;honneur de cette 27e \u00e9dition, l&rsquo;\u00e9mirat\" \/>\n<meta property=\"og:url\" content=\"https:\/\/lasentinelle.dz\/index.php\/2024\/11\/10\/qatar-invite-dhonneur-du-salon-une-presence-rayonnante-sous-le-signe-de-la-fraternite\/\" \/>\n<meta property=\"og:site_name\" content=\"La Sentinelle\" \/>\n<meta property=\"article:publisher\" content=\"https:\/\/www.facebook.com\/La-Sentinelle-104059864394773\" \/>\n<meta property=\"article:published_time\" content=\"2024-11-10T10:45:55+00:00\" \/>\n<meta property=\"article:modified_time\" content=\"2024-11-10T10:45:56+00:00\" \/>\n<meta property=\"og:image\" content=\"https:\/\/lasentinelle.dz\/wp-content\/uploads\/2024\/11\/sila-qatar.jpeg\" \/>\n\t<meta property=\"og:image:width\" content=\"1200\" \/>\n\t<meta property=\"og:image:height\" content=\"695\" \/>\n\t<meta property=\"og:image:type\" content=\"image\/jpeg\" \/>\n<meta name=\"author\" content=\"admin\" \/>\n<meta name=\"twitter:card\" content=\"summary_large_image\" \/>\n<meta name=\"twitter:label1\" content=\"\u00c9crit par\" \/>\n\t<meta name=\"twitter:data1\" content=\"admin\" \/>\n\t<meta name=\"twitter:label2\" content=\"Dur\u00e9e de lecture estim\u00e9e\" \/>\n\t<meta name=\"twitter:data2\" content=\"5 minutes\" \/>\n<script type=\"application\/ld+json\" class=\"yoast-schema-graph\">{\"@context\":\"https:\\\/\\\/schema.org\",\"@graph\":[{\"@type\":\"Article\",\"@id\":\"https:\\\/\\\/lasentinelle.dz\\\/index.php\\\/2024\\\/11\\\/10\\\/qatar-invite-dhonneur-du-salon-une-presence-rayonnante-sous-le-signe-de-la-fraternite\\\/#article\",\"isPartOf\":{\"@id\":\"https:\\\/\\\/lasentinelle.dz\\\/index.php\\\/2024\\\/11\\\/10\\\/qatar-invite-dhonneur-du-salon-une-presence-rayonnante-sous-le-signe-de-la-fraternite\\\/\"},\"author\":{\"name\":\"admin\",\"@id\":\"https:\\\/\\\/lasentinelle.dz\\\/#\\\/schema\\\/person\\\/729ee0024f24e0b8c5ec17232f8e8b41\"},\"headline\":\"Qatar invit\u00e9 d\u2019honneur du salon\u00a0: Une pr\u00e9sence rayonnante sous le signe de la fraternit\u00e9\",\"datePublished\":\"2024-11-10T10:45:55+00:00\",\"dateModified\":\"2024-11-10T10:45:56+00:00\",\"mainEntityOfPage\":{\"@id\":\"https:\\\/\\\/lasentinelle.dz\\\/index.php\\\/2024\\\/11\\\/10\\\/qatar-invite-dhonneur-du-salon-une-presence-rayonnante-sous-le-signe-de-la-fraternite\\\/\"},\"wordCount\":879,\"commentCount\":0,\"publisher\":{\"@id\":\"https:\\\/\\\/lasentinelle.dz\\\/#organization\"},\"image\":{\"@id\":\"https:\\\/\\\/lasentinelle.dz\\\/index.php\\\/2024\\\/11\\\/10\\\/qatar-invite-dhonneur-du-salon-une-presence-rayonnante-sous-le-signe-de-la-fraternite\\\/#primaryimage\"},\"thumbnailUrl\":\"https:\\\/\\\/lasentinelle.dz\\\/wp-content\\\/uploads\\\/2024\\\/11\\\/sila-qatar.jpeg\",\"articleSection\":[\"Culture\"],\"inLanguage\":\"fr-FR\",\"potentialAction\":[{\"@type\":\"CommentAction\",\"name\":\"Comment\",\"target\":[\"https:\\\/\\\/lasentinelle.dz\\\/index.php\\\/2024\\\/11\\\/10\\\/qatar-invite-dhonneur-du-salon-une-presence-rayonnante-sous-le-signe-de-la-fraternite\\\/#respond\"]}]},{\"@type\":\"WebPage\",\"@id\":\"https:\\\/\\\/lasentinelle.dz\\\/index.php\\\/2024\\\/11\\\/10\\\/qatar-invite-dhonneur-du-salon-une-presence-rayonnante-sous-le-signe-de-la-fraternite\\\/\",\"url\":\"https:\\\/\\\/lasentinelle.dz\\\/index.php\\\/2024\\\/11\\\/10\\\/qatar-invite-dhonneur-du-salon-une-presence-rayonnante-sous-le-signe-de-la-fraternite\\\/\",\"name\":\"Qatar invit\u00e9 d\u2019honneur du salon\u00a0: Une pr\u00e9sence rayonnante sous le signe de la fraternit\u00e9 - La Sentinelle\",\"isPartOf\":{\"@id\":\"https:\\\/\\\/lasentinelle.dz\\\/#website\"},\"primaryImageOfPage\":{\"@id\":\"https:\\\/\\\/lasentinelle.dz\\\/index.php\\\/2024\\\/11\\\/10\\\/qatar-invite-dhonneur-du-salon-une-presence-rayonnante-sous-le-signe-de-la-fraternite\\\/#primaryimage\"},\"image\":{\"@id\":\"https:\\\/\\\/lasentinelle.dz\\\/index.php\\\/2024\\\/11\\\/10\\\/qatar-invite-dhonneur-du-salon-une-presence-rayonnante-sous-le-signe-de-la-fraternite\\\/#primaryimage\"},\"thumbnailUrl\":\"https:\\\/\\\/lasentinelle.dz\\\/wp-content\\\/uploads\\\/2024\\\/11\\\/sila-qatar.jpeg\",\"datePublished\":\"2024-11-10T10:45:55+00:00\",\"dateModified\":\"2024-11-10T10:45:56+00:00\",\"breadcrumb\":{\"@id\":\"https:\\\/\\\/lasentinelle.dz\\\/index.php\\\/2024\\\/11\\\/10\\\/qatar-invite-dhonneur-du-salon-une-presence-rayonnante-sous-le-signe-de-la-fraternite\\\/#breadcrumb\"},\"inLanguage\":\"fr-FR\",\"potentialAction\":[{\"@type\":\"ReadAction\",\"target\":[\"https:\\\/\\\/lasentinelle.dz\\\/index.php\\\/2024\\\/11\\\/10\\\/qatar-invite-dhonneur-du-salon-une-presence-rayonnante-sous-le-signe-de-la-fraternite\\\/\"]}]},{\"@type\":\"ImageObject\",\"inLanguage\":\"fr-FR\",\"@id\":\"https:\\\/\\\/lasentinelle.dz\\\/index.php\\\/2024\\\/11\\\/10\\\/qatar-invite-dhonneur-du-salon-une-presence-rayonnante-sous-le-signe-de-la-fraternite\\\/#primaryimage\",\"url\":\"https:\\\/\\\/lasentinelle.dz\\\/wp-content\\\/uploads\\\/2024\\\/11\\\/sila-qatar.jpeg\",\"contentUrl\":\"https:\\\/\\\/lasentinelle.dz\\\/wp-content\\\/uploads\\\/2024\\\/11\\\/sila-qatar.jpeg\",\"width\":1200,\"height\":695},{\"@type\":\"BreadcrumbList\",\"@id\":\"https:\\\/\\\/lasentinelle.dz\\\/index.php\\\/2024\\\/11\\\/10\\\/qatar-invite-dhonneur-du-salon-une-presence-rayonnante-sous-le-signe-de-la-fraternite\\\/#breadcrumb\",\"itemListElement\":[{\"@type\":\"ListItem\",\"position\":1,\"name\":\"Accueil\",\"item\":\"https:\\\/\\\/lasentinelle.dz\\\/\"},{\"@type\":\"ListItem\",\"position\":2,\"name\":\"Qatar invit\u00e9 d\u2019honneur du salon\u00a0: Une pr\u00e9sence rayonnante sous le signe de la fraternit\u00e9\"}]},{\"@type\":\"WebSite\",\"@id\":\"https:\\\/\\\/lasentinelle.dz\\\/#website\",\"url\":\"https:\\\/\\\/lasentinelle.dz\\\/\",\"name\":\"La Sentinelle\",\"description\":\"Quotidien national d&#039;information\",\"publisher\":{\"@id\":\"https:\\\/\\\/lasentinelle.dz\\\/#organization\"},\"potentialAction\":[{\"@type\":\"SearchAction\",\"target\":{\"@type\":\"EntryPoint\",\"urlTemplate\":\"https:\\\/\\\/lasentinelle.dz\\\/?s={search_term_string}\"},\"query-input\":{\"@type\":\"PropertyValueSpecification\",\"valueRequired\":true,\"valueName\":\"search_term_string\"}}],\"inLanguage\":\"fr-FR\"},{\"@type\":\"Organization\",\"@id\":\"https:\\\/\\\/lasentinelle.dz\\\/#organization\",\"name\":\"Quotidien La Sentinelle\",\"url\":\"https:\\\/\\\/lasentinelle.dz\\\/\",\"logo\":{\"@type\":\"ImageObject\",\"inLanguage\":\"fr-FR\",\"@id\":\"https:\\\/\\\/lasentinelle.dz\\\/#\\\/schema\\\/logo\\\/image\\\/\",\"url\":\"https:\\\/\\\/lasentinelle.dz\\\/wp-content\\\/uploads\\\/2021\\\/09\\\/logo-sentinelleSLOGAN-1.png\",\"contentUrl\":\"https:\\\/\\\/lasentinelle.dz\\\/wp-content\\\/uploads\\\/2021\\\/09\\\/logo-sentinelleSLOGAN-1.png\",\"width\":615,\"height\":142,\"caption\":\"Quotidien La Sentinelle\"},\"image\":{\"@id\":\"https:\\\/\\\/lasentinelle.dz\\\/#\\\/schema\\\/logo\\\/image\\\/\"},\"sameAs\":[\"https:\\\/\\\/www.facebook.com\\\/La-Sentinelle-104059864394773\"]},{\"@type\":\"Person\",\"@id\":\"https:\\\/\\\/lasentinelle.dz\\\/#\\\/schema\\\/person\\\/729ee0024f24e0b8c5ec17232f8e8b41\",\"name\":\"admin\",\"image\":{\"@type\":\"ImageObject\",\"inLanguage\":\"fr-FR\",\"@id\":\"https:\\\/\\\/secure.gravatar.com\\\/avatar\\\/4c81fed838786e9b53f540bf46533e750f5d292099ae3b66cfc6fb1982e29df7?s=96&d=mm&r=g\",\"url\":\"https:\\\/\\\/secure.gravatar.com\\\/avatar\\\/4c81fed838786e9b53f540bf46533e750f5d292099ae3b66cfc6fb1982e29df7?s=96&d=mm&r=g\",\"contentUrl\":\"https:\\\/\\\/secure.gravatar.com\\\/avatar\\\/4c81fed838786e9b53f540bf46533e750f5d292099ae3b66cfc6fb1982e29df7?s=96&d=mm&r=g\",\"caption\":\"admin\"},\"description\":\"admin\",\"url\":\"https:\\\/\\\/lasentinelle.dz\\\/author\\\/admin\\\/\"}]}<\/script>\n<!-- \/ Yoast SEO plugin. -->","yoast_head_json":{"title":"Qatar invit\u00e9 d\u2019honneur du salon\u00a0: Une pr\u00e9sence rayonnante sous le signe de la fraternit\u00e9 - La Sentinelle","robots":{"index":"index","follow":"follow","max-snippet":"max-snippet:-1","max-image-preview":"max-image-preview:large","max-video-preview":"max-video-preview:-1"},"canonical":"https:\/\/lasentinelle.dz\/index.php\/2024\/11\/10\/qatar-invite-dhonneur-du-salon-une-presence-rayonnante-sous-le-signe-de-la-fraternite\/","og_locale":"fr_FR","og_type":"article","og_title":"Qatar invit\u00e9 d\u2019honneur du salon\u00a0: Une pr\u00e9sence rayonnante sous le signe de la fraternit\u00e9 - La Sentinelle","og_description":"Un vent de culture qatarie souffle sur le Salon International du Livre d&rsquo;Alger. Invit\u00e9 d&rsquo;honneur de cette 27e \u00e9dition, l&rsquo;\u00e9mirat","og_url":"https:\/\/lasentinelle.dz\/index.php\/2024\/11\/10\/qatar-invite-dhonneur-du-salon-une-presence-rayonnante-sous-le-signe-de-la-fraternite\/","og_site_name":"La Sentinelle","article_publisher":"https:\/\/www.facebook.com\/La-Sentinelle-104059864394773","article_published_time":"2024-11-10T10:45:55+00:00","article_modified_time":"2024-11-10T10:45:56+00:00","og_image":[{"width":1200,"height":695,"url":"https:\/\/lasentinelle.dz\/wp-content\/uploads\/2024\/11\/sila-qatar.jpeg","type":"image\/jpeg"}],"author":"admin","twitter_card":"summary_large_image","twitter_misc":{"\u00c9crit par":"admin","Dur\u00e9e de lecture estim\u00e9e":"5 minutes"},"schema":{"@context":"https:\/\/schema.org","@graph":[{"@type":"Article","@id":"https:\/\/lasentinelle.dz\/index.php\/2024\/11\/10\/qatar-invite-dhonneur-du-salon-une-presence-rayonnante-sous-le-signe-de-la-fraternite\/#article","isPartOf":{"@id":"https:\/\/lasentinelle.dz\/index.php\/2024\/11\/10\/qatar-invite-dhonneur-du-salon-une-presence-rayonnante-sous-le-signe-de-la-fraternite\/"},"author":{"name":"admin","@id":"https:\/\/lasentinelle.dz\/#\/schema\/person\/729ee0024f24e0b8c5ec17232f8e8b41"},"headline":"Qatar invit\u00e9 d\u2019honneur du salon\u00a0: Une pr\u00e9sence rayonnante sous le signe de la fraternit\u00e9","datePublished":"2024-11-10T10:45:55+00:00","dateModified":"2024-11-10T10:45:56+00:00","mainEntityOfPage":{"@id":"https:\/\/lasentinelle.dz\/index.php\/2024\/11\/10\/qatar-invite-dhonneur-du-salon-une-presence-rayonnante-sous-le-signe-de-la-fraternite\/"},"wordCount":879,"commentCount":0,"publisher":{"@id":"https:\/\/lasentinelle.dz\/#organization"},"image":{"@id":"https:\/\/lasentinelle.dz\/index.php\/2024\/11\/10\/qatar-invite-dhonneur-du-salon-une-presence-rayonnante-sous-le-signe-de-la-fraternite\/#primaryimage"},"thumbnailUrl":"https:\/\/lasentinelle.dz\/wp-content\/uploads\/2024\/11\/sila-qatar.jpeg","articleSection":["Culture"],"inLanguage":"fr-FR","potentialAction":[{"@type":"CommentAction","name":"Comment","target":["https:\/\/lasentinelle.dz\/index.php\/2024\/11\/10\/qatar-invite-dhonneur-du-salon-une-presence-rayonnante-sous-le-signe-de-la-fraternite\/#respond"]}]},{"@type":"WebPage","@id":"https:\/\/lasentinelle.dz\/index.php\/2024\/11\/10\/qatar-invite-dhonneur-du-salon-une-presence-rayonnante-sous-le-signe-de-la-fraternite\/","url":"https:\/\/lasentinelle.dz\/index.php\/2024\/11\/10\/qatar-invite-dhonneur-du-salon-une-presence-rayonnante-sous-le-signe-de-la-fraternite\/","name":"Qatar invit\u00e9 d\u2019honneur du salon\u00a0: Une pr\u00e9sence rayonnante sous le signe de la fraternit\u00e9 - La Sentinelle","isPartOf":{"@id":"https:\/\/lasentinelle.dz\/#website"},"primaryImageOfPage":{"@id":"https:\/\/lasentinelle.dz\/index.php\/2024\/11\/10\/qatar-invite-dhonneur-du-salon-une-presence-rayonnante-sous-le-signe-de-la-fraternite\/#primaryimage"},"image":{"@id":"https:\/\/lasentinelle.dz\/index.php\/2024\/11\/10\/qatar-invite-dhonneur-du-salon-une-presence-rayonnante-sous-le-signe-de-la-fraternite\/#primaryimage"},"thumbnailUrl":"https:\/\/lasentinelle.dz\/wp-content\/uploads\/2024\/11\/sila-qatar.jpeg","datePublished":"2024-11-10T10:45:55+00:00","dateModified":"2024-11-10T10:45:56+00:00","breadcrumb":{"@id":"https:\/\/lasentinelle.dz\/index.php\/2024\/11\/10\/qatar-invite-dhonneur-du-salon-une-presence-rayonnante-sous-le-signe-de-la-fraternite\/#breadcrumb"},"inLanguage":"fr-FR","potentialAction":[{"@type":"ReadAction","target":["https:\/\/lasentinelle.dz\/index.php\/2024\/11\/10\/qatar-invite-dhonneur-du-salon-une-presence-rayonnante-sous-le-signe-de-la-fraternite\/"]}]},{"@type":"ImageObject","inLanguage":"fr-FR","@id":"https:\/\/lasentinelle.dz\/index.php\/2024\/11\/10\/qatar-invite-dhonneur-du-salon-une-presence-rayonnante-sous-le-signe-de-la-fraternite\/#primaryimage","url":"https:\/\/lasentinelle.dz\/wp-content\/uploads\/2024\/11\/sila-qatar.jpeg","contentUrl":"https:\/\/lasentinelle.dz\/wp-content\/uploads\/2024\/11\/sila-qatar.jpeg","width":1200,"height":695},{"@type":"BreadcrumbList","@id":"https:\/\/lasentinelle.dz\/index.php\/2024\/11\/10\/qatar-invite-dhonneur-du-salon-une-presence-rayonnante-sous-le-signe-de-la-fraternite\/#breadcrumb","itemListElement":[{"@type":"ListItem","position":1,"name":"Accueil","item":"https:\/\/lasentinelle.dz\/"},{"@type":"ListItem","position":2,"name":"Qatar invit\u00e9 d\u2019honneur du salon\u00a0: Une pr\u00e9sence rayonnante sous le signe de la fraternit\u00e9"}]},{"@type":"WebSite","@id":"https:\/\/lasentinelle.dz\/#website","url":"https:\/\/lasentinelle.dz\/","name":"La Sentinelle","description":"Quotidien national d&#039;information","publisher":{"@id":"https:\/\/lasentinelle.dz\/#organization"},"potentialAction":[{"@type":"SearchAction","target":{"@type":"EntryPoint","urlTemplate":"https:\/\/lasentinelle.dz\/?s={search_term_string}"},"query-input":{"@type":"PropertyValueSpecification","valueRequired":true,"valueName":"search_term_string"}}],"inLanguage":"fr-FR"},{"@type":"Organization","@id":"https:\/\/lasentinelle.dz\/#organization","name":"Quotidien La Sentinelle","url":"https:\/\/lasentinelle.dz\/","logo":{"@type":"ImageObject","inLanguage":"fr-FR","@id":"https:\/\/lasentinelle.dz\/#\/schema\/logo\/image\/","url":"https:\/\/lasentinelle.dz\/wp-content\/uploads\/2021\/09\/logo-sentinelleSLOGAN-1.png","contentUrl":"https:\/\/lasentinelle.dz\/wp-content\/uploads\/2021\/09\/logo-sentinelleSLOGAN-1.png","width":615,"height":142,"caption":"Quotidien La Sentinelle"},"image":{"@id":"https:\/\/lasentinelle.dz\/#\/schema\/logo\/image\/"},"sameAs":["https:\/\/www.facebook.com\/La-Sentinelle-104059864394773"]},{"@type":"Person","@id":"https:\/\/lasentinelle.dz\/#\/schema\/person\/729ee0024f24e0b8c5ec17232f8e8b41","name":"admin","image":{"@type":"ImageObject","inLanguage":"fr-FR","@id":"https:\/\/secure.gravatar.com\/avatar\/4c81fed838786e9b53f540bf46533e750f5d292099ae3b66cfc6fb1982e29df7?s=96&d=mm&r=g","url":"https:\/\/secure.gravatar.com\/avatar\/4c81fed838786e9b53f540bf46533e750f5d292099ae3b66cfc6fb1982e29df7?s=96&d=mm&r=g","contentUrl":"https:\/\/secure.gravatar.com\/avatar\/4c81fed838786e9b53f540bf46533e750f5d292099ae3b66cfc6fb1982e29df7?s=96&d=mm&r=g","caption":"admin"},"description":"admin","url":"https:\/\/lasentinelle.dz\/author\/admin\/"}]}},"_links":{"self":[{"href":"https:\/\/lasentinelle.dz\/index.php\/wp-json\/wp\/v2\/posts\/59110","targetHints":{"allow":["GET"]}}],"collection":[{"href":"https:\/\/lasentinelle.dz\/index.php\/wp-json\/wp\/v2\/posts"}],"about":[{"href":"https:\/\/lasentinelle.dz\/index.php\/wp-json\/wp\/v2\/types\/post"}],"author":[{"embeddable":true,"href":"https:\/\/lasentinelle.dz\/index.php\/wp-json\/wp\/v2\/users\/6"}],"replies":[{"embeddable":true,"href":"https:\/\/lasentinelle.dz\/index.php\/wp-json\/wp\/v2\/comments?post=59110"}],"version-history":[{"count":1,"href":"https:\/\/lasentinelle.dz\/index.php\/wp-json\/wp\/v2\/posts\/59110\/revisions"}],"predecessor-version":[{"id":59112,"href":"https:\/\/lasentinelle.dz\/index.php\/wp-json\/wp\/v2\/posts\/59110\/revisions\/59112"}],"wp:featuredmedia":[{"embeddable":true,"href":"https:\/\/lasentinelle.dz\/index.php\/wp-json\/wp\/v2\/media\/59111"}],"wp:attachment":[{"href":"https:\/\/lasentinelle.dz\/index.php\/wp-json\/wp\/v2\/media?parent=59110"}],"wp:term":[{"taxonomy":"category","embeddable":true,"href":"https:\/\/lasentinelle.dz\/index.php\/wp-json\/wp\/v2\/categories?post=59110"},{"taxonomy":"post_tag","embeddable":true,"href":"https:\/\/lasentinelle.dz\/index.php\/wp-json\/wp\/v2\/tags?post=59110"}],"curies":[{"name":"wp","href":"https:\/\/api.w.org\/{rel}","templated":true}]}}