{"id":59140,"date":"2024-11-10T12:02:16","date_gmt":"2024-11-10T11:02:16","guid":{"rendered":"https:\/\/lasentinelle.dz\/?p=59140"},"modified":"2024-11-10T12:02:17","modified_gmt":"2024-11-10T11:02:17","slug":"importation-frauduleuse-de-vehicules-de-luxe-huit-douaniers-places-en-detention","status":"publish","type":"post","link":"https:\/\/lasentinelle.dz\/index.php\/2024\/11\/10\/importation-frauduleuse-de-vehicules-de-luxe-huit-douaniers-places-en-detention\/","title":{"rendered":"Importation frauduleuse de v\u00e9hicules de luxe\u00a0: Huit douaniers plac\u00e9s en d\u00e9tention"},"content":{"rendered":"\n<p>Ce nouveau scandale et li\u00e9 \u00e0 des op\u00e9rations suspectes, en rapport avec le d\u00e9douanement au port de Jijel, mais aussi au port d&rsquo;Oran et celui de Mostaganem, en violation de la l\u00e9gislation douani\u00e8re, en plus des soup\u00e7ons de surfacturation, d\u2019\u00e9vasion fiscale et d\u2019abus de fonction.<\/p>\n\n\n\n<p>Le juge d&rsquo;instruction pr\u00e8s la 8e chambre du p\u00f4le p\u00e9nal sp\u00e9cialis\u00e9 \u00e9conomique et financier du Tribunal de Sidi M&rsquo;hamed, a ordonn\u00e9 le placement en d\u00e9tention provisoire de 8 douaniers op\u00e9rant dans le port de Jijel, alors que le chef d&rsquo;inspection des services des douanes du m\u00eame port a \u00e9t\u00e9 plac\u00e9 sous contr\u00f4le judiciaire, apprend-on de source judiciaire. Selon les pr\u00e9cisions apport\u00e9es par nos sources, le dossier a \u00e9t\u00e9 ouvert par la police judiciaire de la Gendarmerie Nationale, sur ordre du parquet du m\u00eame&nbsp;p\u00f4le p\u00e9nale et ce, dans le cadre de l&rsquo;extension des enqu\u00eates sur le scandale des op\u00e9rations de d\u00e9douanement suspectes de voitures import\u00e9es et de falsification de factures et d&rsquo;\u00e9vasion fiscale au niveau du port d&rsquo;Alger et les ports d&rsquo;Oran, Mostaganem puis le port de Jijel. Cette enqu\u00eate intervient apr\u00e8s celle qui a \u00e9t\u00e9 ouverte au niveau du port d&rsquo;Alger en juin 2023, dans laquelle sont poursuivis 64 pr\u00e9venus, dont 14 douaniers, des employ\u00e9s du port, parmi lesquels figurent des femmes et 12 transitaires, nous dit-on. Apr\u00e8s leur audition par le juge d&rsquo;instruction de la 8e chambre au p\u00f4le \u00e9conomique, et apr\u00e8s une instruction qui a dur\u00e9 tr\u00e8s tard dans la nuit du mercredi, le magistrat a ordonn\u00e9 la mise sous mandat de d\u00e9p\u00f4t de 5 anciens inspecteurs de liquidation au port de Jijel r\u00e9pondant aux initiales \u00a0\u00bb M.K.M\u00a0\u00bb, \u00a0\u00bbB.B\u00a0\u00bb, \u00a0\u00bb&nbsp;A. F\u00a0\u00bb,\u00a0\u00bb H. AB\u00a0\u00bb et \u00a0\u00bbN.AH. Le juge d&rsquo;instruction a \u00e9galement ordonn\u00e9 le placement en d\u00e9tention l&rsquo;ancien chef d&rsquo;inspection de contr\u00f4le des op\u00e9rations commerciales \u00a0\u00bbB.K\u00a0\u00bb, l&rsquo;ancien chef d&rsquo;inspection principal des op\u00e9rations commerciales \u00a0\u00bbD.F\u00a0\u00bb, alors que l&rsquo;actuel chef d&rsquo;inspection des services douaniers \u00a0\u00bbZ.S\u00a0\u00bb et un d\u00e9clarant en douane \u00a0\u00bbB.M\u00a0\u00bb, ont \u00e9t\u00e9 plac\u00e9s sous contr\u00f4le judiciaire. Par ailleurs, et selon les indiscr\u00e9tions rapport\u00e9es par les m\u00eames sources, plus de 100 personnes ont \u00e9t\u00e9 convoqu\u00e9es, dans le cadre de cette affaire, pour instruction au niveau de la 8<sup>e<\/sup> chambre relevant du p\u00f4le p\u00e9nal sp\u00e9cialis\u00e9 \u00e9conomique et financier du Tribunal de Sidi M&rsquo;hamed. Il s&rsquo;agit entre autres d&rsquo;anciens et actuels cadres douaniers, \u00e0 l&rsquo;image, nous pr\u00e9cise-on, d&rsquo;inspecteurs de liquidation, chefs de services douaniers, chefs d&rsquo;inspection et de contr\u00f4le d&rsquo;op\u00e9rations commerciales et d&rsquo;anciens inspecteurs principaux d&rsquo;op\u00e9rations commerciales ainsi que des d\u00e9clarants en douane, relevant des ports d&rsquo;Oran et Mostaganem. Ces personnes et bien d&rsquo;autres seront auditionn\u00e9es pour des faits li\u00e9s \u00e0 des op\u00e9rations suspectes, en rapport avec le d\u00e9douanement au port d&rsquo;Oran et de Mostaganem, de voitures de luxe import\u00e9es telles que Lamborghini, Porsche et Mercedes. Des agissements qui ne diff\u00e8rent en rien des agissements enregistr\u00e9s dans le port d&rsquo;Alger, nous dit-on. Ainsi, le port de Jijel vient allonger la liste des ports d&rsquo;Alg\u00e9rie \u00e9clabouss\u00e9s depuis 2023 par ce scandale. Le 2\u00e8me volet de cette grosse affaire, li\u00e9e \u00e0 la corruption et \u00e0 la falsification des proc\u00e9dures de d\u00e9douanement des v\u00e9hicules import\u00e9s, devrait, croit-on savoir, mettre \u00e0 nu, apr\u00e8s l&rsquo;audition de plus de 100 personnes convoqu\u00e9es, des r\u00e9v\u00e9lations pouvant s&rsquo;\u00e9tendre \u00e0 un plus haut niveau tant le pr\u00e9judice financier caus\u00e9 au Tr\u00e9sor public semble, \u00e0 tout point de vue, \u00e9norme. Ce qui explique l&rsquo;interdiction, depuis le 2 octobre dernier, de&nbsp;l&rsquo;importation des v\u00e9hicules de moins de 3 ans. \u00c0 priori le d\u00e9cret du minist\u00e8re de l&rsquo;Int\u00e9rieur, interdisant la d\u00e9livrance de nouvelles cartes d&rsquo;immatriculation aux v\u00e9hicules import\u00e9s, sp\u00e9cialement les v\u00e9hicules de moins de 3 ans d&rsquo;\u00e2ge destin\u00e9s aux particuliers, intervient dans le cadre du prolongement des enqu\u00eates sur les v\u00e9hicules import\u00e9s. Ce d\u00e9cret, convient-il de rappeler, r\u00e9git les conditions ainsi que les proc\u00e9dures de d\u00e9douanement et de contr\u00f4le de ces v\u00e9hicules. Les douaniers mis en cause dans ce scandale auraient manipul\u00e9 les proc\u00e9dures de calcul de valeur douani\u00e8re, en exploitant des failles de la l\u00e9gislation, notamment l\u2019article 16 du Code des Douanes. En somme, les douaniers impliqu\u00e9s auraient ignor\u00e9 d\u00e9lib\u00e9r\u00e9ment, le guide de r\u00e9f\u00e9rence international des prix des v\u00e9hicules, l\u2019Argus qui fixe la valeur marchande de la voiture selon son mod\u00e8le, sa puissance et son type. Ces actes ont occasionn\u00e9 un manque \u00e0 gagner pour le Tr\u00e9sor public estim\u00e9 \u00e0 coup de milliards de dinars, noux explique-t-on.<\/p>\n\n\n\n<p>Sofia Chahine&nbsp;<\/p>\n","protected":false},"excerpt":{"rendered":"<p>Ce nouveau scandale et li\u00e9 \u00e0 des op\u00e9rations suspectes, en rapport avec le d\u00e9douanement au port de Jijel, mais aussi<\/p>\n","protected":false},"author":6,"featured_media":26094,"comment_status":"open","ping_status":"closed","sticky":false,"template":"","format":"standard","meta":{"colormag_page_container_layout":"default_layout","colormag_page_sidebar_layout":"default_layout","om_disable_all_campaigns":false,"_monsterinsights_skip_tracking":false,"_monsterinsights_sitenote_active":false,"_monsterinsights_sitenote_note":"","_monsterinsights_sitenote_category":0,"footnotes":"","_wpscppro_dont_share_socialmedia":false,"_wpscppro_custom_social_share_image":0,"_facebook_share_type":"default","_twitter_share_type":"default","_linkedin_share_type":"default","_pinterest_share_type":"default","_linkedin_share_type_page":"","_instagram_share_type":"default","_medium_share_type":"default","_threads_share_type":"","_google_business_share_type":"","_selected_social_profile":[],"_wpsp_enable_custom_social_template":false,"_wpsp_social_scheduling":{"enabled":false,"datetime":null,"platforms":[],"status":"template_only","dateOption":"today","timeOption":"now","customDays":"","customHours":"","customDate":"","customTime":"","schedulingType":"absolute"},"_wpsp_active_default_template":true},"categories":[52,27],"tags":[],"class_list":["post-59140","post","type-post","status-publish","format-standard","has-post-thumbnail","hentry","category-a-la-une","category-actualite"],"aioseo_notices":[],"yoast_head":"<!-- This site is optimized with the Yoast SEO plugin v27.5 - https:\/\/yoast.com\/product\/yoast-seo-wordpress\/ -->\n<title>Importation frauduleuse de v\u00e9hicules de luxe\u00a0: Huit douaniers plac\u00e9s en d\u00e9tention - La Sentinelle<\/title>\n<meta name=\"robots\" content=\"index, follow, max-snippet:-1, max-image-preview:large, max-video-preview:-1\" \/>\n<link rel=\"canonical\" href=\"https:\/\/lasentinelle.dz\/index.php\/2024\/11\/10\/importation-frauduleuse-de-vehicules-de-luxe-huit-douaniers-places-en-detention\/\" \/>\n<meta property=\"og:locale\" content=\"fr_FR\" \/>\n<meta property=\"og:type\" content=\"article\" \/>\n<meta property=\"og:title\" content=\"Importation frauduleuse de v\u00e9hicules de luxe\u00a0: Huit douaniers plac\u00e9s en d\u00e9tention - La Sentinelle\" \/>\n<meta property=\"og:description\" content=\"Ce nouveau scandale et li\u00e9 \u00e0 des op\u00e9rations suspectes, en rapport avec le d\u00e9douanement au port de Jijel, mais aussi\" \/>\n<meta property=\"og:url\" content=\"https:\/\/lasentinelle.dz\/index.php\/2024\/11\/10\/importation-frauduleuse-de-vehicules-de-luxe-huit-douaniers-places-en-detention\/\" \/>\n<meta property=\"og:site_name\" content=\"La Sentinelle\" \/>\n<meta property=\"article:publisher\" content=\"https:\/\/www.facebook.com\/La-Sentinelle-104059864394773\" \/>\n<meta property=\"article:published_time\" content=\"2024-11-10T11:02:16+00:00\" \/>\n<meta property=\"article:modified_time\" content=\"2024-11-10T11:02:17+00:00\" \/>\n<meta property=\"og:image\" content=\"https:\/\/lasentinelle.dz\/wp-content\/uploads\/2022\/08\/tribunale.png\" \/>\n\t<meta property=\"og:image:width\" content=\"1491\" \/>\n\t<meta property=\"og:image:height\" content=\"900\" \/>\n\t<meta property=\"og:image:type\" content=\"image\/png\" \/>\n<meta name=\"author\" content=\"admin\" \/>\n<meta name=\"twitter:card\" content=\"summary_large_image\" \/>\n<meta name=\"twitter:label1\" content=\"\u00c9crit par\" \/>\n\t<meta name=\"twitter:data1\" content=\"admin\" \/>\n\t<meta name=\"twitter:label2\" content=\"Dur\u00e9e de lecture estim\u00e9e\" \/>\n\t<meta name=\"twitter:data2\" content=\"4 minutes\" \/>\n<script type=\"application\/ld+json\" class=\"yoast-schema-graph\">{\"@context\":\"https:\\\/\\\/schema.org\",\"@graph\":[{\"@type\":\"Article\",\"@id\":\"https:\\\/\\\/lasentinelle.dz\\\/index.php\\\/2024\\\/11\\\/10\\\/importation-frauduleuse-de-vehicules-de-luxe-huit-douaniers-places-en-detention\\\/#article\",\"isPartOf\":{\"@id\":\"https:\\\/\\\/lasentinelle.dz\\\/index.php\\\/2024\\\/11\\\/10\\\/importation-frauduleuse-de-vehicules-de-luxe-huit-douaniers-places-en-detention\\\/\"},\"author\":{\"name\":\"admin\",\"@id\":\"https:\\\/\\\/lasentinelle.dz\\\/#\\\/schema\\\/person\\\/729ee0024f24e0b8c5ec17232f8e8b41\"},\"headline\":\"Importation frauduleuse de v\u00e9hicules de luxe\u00a0: Huit douaniers plac\u00e9s en d\u00e9tention\",\"datePublished\":\"2024-11-10T11:02:16+00:00\",\"dateModified\":\"2024-11-10T11:02:17+00:00\",\"mainEntityOfPage\":{\"@id\":\"https:\\\/\\\/lasentinelle.dz\\\/index.php\\\/2024\\\/11\\\/10\\\/importation-frauduleuse-de-vehicules-de-luxe-huit-douaniers-places-en-detention\\\/\"},\"wordCount\":856,\"commentCount\":0,\"publisher\":{\"@id\":\"https:\\\/\\\/lasentinelle.dz\\\/#organization\"},\"image\":{\"@id\":\"https:\\\/\\\/lasentinelle.dz\\\/index.php\\\/2024\\\/11\\\/10\\\/importation-frauduleuse-de-vehicules-de-luxe-huit-douaniers-places-en-detention\\\/#primaryimage\"},\"thumbnailUrl\":\"https:\\\/\\\/lasentinelle.dz\\\/wp-content\\\/uploads\\\/2022\\\/08\\\/tribunale.png\",\"articleSection\":[\"\u00c0 la Une\",\"Actualit\u00e9\"],\"inLanguage\":\"fr-FR\",\"potentialAction\":[{\"@type\":\"CommentAction\",\"name\":\"Comment\",\"target\":[\"https:\\\/\\\/lasentinelle.dz\\\/index.php\\\/2024\\\/11\\\/10\\\/importation-frauduleuse-de-vehicules-de-luxe-huit-douaniers-places-en-detention\\\/#respond\"]}]},{\"@type\":\"WebPage\",\"@id\":\"https:\\\/\\\/lasentinelle.dz\\\/index.php\\\/2024\\\/11\\\/10\\\/importation-frauduleuse-de-vehicules-de-luxe-huit-douaniers-places-en-detention\\\/\",\"url\":\"https:\\\/\\\/lasentinelle.dz\\\/index.php\\\/2024\\\/11\\\/10\\\/importation-frauduleuse-de-vehicules-de-luxe-huit-douaniers-places-en-detention\\\/\",\"name\":\"Importation frauduleuse de v\u00e9hicules de luxe\u00a0: Huit douaniers plac\u00e9s en d\u00e9tention - La Sentinelle\",\"isPartOf\":{\"@id\":\"https:\\\/\\\/lasentinelle.dz\\\/#website\"},\"primaryImageOfPage\":{\"@id\":\"https:\\\/\\\/lasentinelle.dz\\\/index.php\\\/2024\\\/11\\\/10\\\/importation-frauduleuse-de-vehicules-de-luxe-huit-douaniers-places-en-detention\\\/#primaryimage\"},\"image\":{\"@id\":\"https:\\\/\\\/lasentinelle.dz\\\/index.php\\\/2024\\\/11\\\/10\\\/importation-frauduleuse-de-vehicules-de-luxe-huit-douaniers-places-en-detention\\\/#primaryimage\"},\"thumbnailUrl\":\"https:\\\/\\\/lasentinelle.dz\\\/wp-content\\\/uploads\\\/2022\\\/08\\\/tribunale.png\",\"datePublished\":\"2024-11-10T11:02:16+00:00\",\"dateModified\":\"2024-11-10T11:02:17+00:00\",\"breadcrumb\":{\"@id\":\"https:\\\/\\\/lasentinelle.dz\\\/index.php\\\/2024\\\/11\\\/10\\\/importation-frauduleuse-de-vehicules-de-luxe-huit-douaniers-places-en-detention\\\/#breadcrumb\"},\"inLanguage\":\"fr-FR\",\"potentialAction\":[{\"@type\":\"ReadAction\",\"target\":[\"https:\\\/\\\/lasentinelle.dz\\\/index.php\\\/2024\\\/11\\\/10\\\/importation-frauduleuse-de-vehicules-de-luxe-huit-douaniers-places-en-detention\\\/\"]}]},{\"@type\":\"ImageObject\",\"inLanguage\":\"fr-FR\",\"@id\":\"https:\\\/\\\/lasentinelle.dz\\\/index.php\\\/2024\\\/11\\\/10\\\/importation-frauduleuse-de-vehicules-de-luxe-huit-douaniers-places-en-detention\\\/#primaryimage\",\"url\":\"https:\\\/\\\/lasentinelle.dz\\\/wp-content\\\/uploads\\\/2022\\\/08\\\/tribunale.png\",\"contentUrl\":\"https:\\\/\\\/lasentinelle.dz\\\/wp-content\\\/uploads\\\/2022\\\/08\\\/tribunale.png\",\"width\":1491,\"height\":900},{\"@type\":\"BreadcrumbList\",\"@id\":\"https:\\\/\\\/lasentinelle.dz\\\/index.php\\\/2024\\\/11\\\/10\\\/importation-frauduleuse-de-vehicules-de-luxe-huit-douaniers-places-en-detention\\\/#breadcrumb\",\"itemListElement\":[{\"@type\":\"ListItem\",\"position\":1,\"name\":\"Accueil\",\"item\":\"https:\\\/\\\/lasentinelle.dz\\\/\"},{\"@type\":\"ListItem\",\"position\":2,\"name\":\"Importation frauduleuse de v\u00e9hicules de luxe\u00a0: Huit douaniers plac\u00e9s en d\u00e9tention\"}]},{\"@type\":\"WebSite\",\"@id\":\"https:\\\/\\\/lasentinelle.dz\\\/#website\",\"url\":\"https:\\\/\\\/lasentinelle.dz\\\/\",\"name\":\"La Sentinelle\",\"description\":\"Quotidien national d&#039;information\",\"publisher\":{\"@id\":\"https:\\\/\\\/lasentinelle.dz\\\/#organization\"},\"potentialAction\":[{\"@type\":\"SearchAction\",\"target\":{\"@type\":\"EntryPoint\",\"urlTemplate\":\"https:\\\/\\\/lasentinelle.dz\\\/?s={search_term_string}\"},\"query-input\":{\"@type\":\"PropertyValueSpecification\",\"valueRequired\":true,\"valueName\":\"search_term_string\"}}],\"inLanguage\":\"fr-FR\"},{\"@type\":\"Organization\",\"@id\":\"https:\\\/\\\/lasentinelle.dz\\\/#organization\",\"name\":\"Quotidien La Sentinelle\",\"url\":\"https:\\\/\\\/lasentinelle.dz\\\/\",\"logo\":{\"@type\":\"ImageObject\",\"inLanguage\":\"fr-FR\",\"@id\":\"https:\\\/\\\/lasentinelle.dz\\\/#\\\/schema\\\/logo\\\/image\\\/\",\"url\":\"https:\\\/\\\/lasentinelle.dz\\\/wp-content\\\/uploads\\\/2021\\\/09\\\/logo-sentinelleSLOGAN-1.png\",\"contentUrl\":\"https:\\\/\\\/lasentinelle.dz\\\/wp-content\\\/uploads\\\/2021\\\/09\\\/logo-sentinelleSLOGAN-1.png\",\"width\":615,\"height\":142,\"caption\":\"Quotidien La Sentinelle\"},\"image\":{\"@id\":\"https:\\\/\\\/lasentinelle.dz\\\/#\\\/schema\\\/logo\\\/image\\\/\"},\"sameAs\":[\"https:\\\/\\\/www.facebook.com\\\/La-Sentinelle-104059864394773\"]},{\"@type\":\"Person\",\"@id\":\"https:\\\/\\\/lasentinelle.dz\\\/#\\\/schema\\\/person\\\/729ee0024f24e0b8c5ec17232f8e8b41\",\"name\":\"admin\",\"image\":{\"@type\":\"ImageObject\",\"inLanguage\":\"fr-FR\",\"@id\":\"https:\\\/\\\/secure.gravatar.com\\\/avatar\\\/4c81fed838786e9b53f540bf46533e750f5d292099ae3b66cfc6fb1982e29df7?s=96&d=mm&r=g\",\"url\":\"https:\\\/\\\/secure.gravatar.com\\\/avatar\\\/4c81fed838786e9b53f540bf46533e750f5d292099ae3b66cfc6fb1982e29df7?s=96&d=mm&r=g\",\"contentUrl\":\"https:\\\/\\\/secure.gravatar.com\\\/avatar\\\/4c81fed838786e9b53f540bf46533e750f5d292099ae3b66cfc6fb1982e29df7?s=96&d=mm&r=g\",\"caption\":\"admin\"},\"description\":\"admin\",\"url\":\"https:\\\/\\\/lasentinelle.dz\\\/author\\\/admin\\\/\"}]}<\/script>\n<!-- \/ Yoast SEO plugin. -->","yoast_head_json":{"title":"Importation frauduleuse de v\u00e9hicules de luxe\u00a0: Huit douaniers plac\u00e9s en d\u00e9tention - La Sentinelle","robots":{"index":"index","follow":"follow","max-snippet":"max-snippet:-1","max-image-preview":"max-image-preview:large","max-video-preview":"max-video-preview:-1"},"canonical":"https:\/\/lasentinelle.dz\/index.php\/2024\/11\/10\/importation-frauduleuse-de-vehicules-de-luxe-huit-douaniers-places-en-detention\/","og_locale":"fr_FR","og_type":"article","og_title":"Importation frauduleuse de v\u00e9hicules de luxe\u00a0: Huit douaniers plac\u00e9s en d\u00e9tention - La Sentinelle","og_description":"Ce nouveau scandale et li\u00e9 \u00e0 des op\u00e9rations suspectes, en rapport avec le d\u00e9douanement au port de Jijel, mais aussi","og_url":"https:\/\/lasentinelle.dz\/index.php\/2024\/11\/10\/importation-frauduleuse-de-vehicules-de-luxe-huit-douaniers-places-en-detention\/","og_site_name":"La Sentinelle","article_publisher":"https:\/\/www.facebook.com\/La-Sentinelle-104059864394773","article_published_time":"2024-11-10T11:02:16+00:00","article_modified_time":"2024-11-10T11:02:17+00:00","og_image":[{"width":1491,"height":900,"url":"https:\/\/lasentinelle.dz\/wp-content\/uploads\/2022\/08\/tribunale.png","type":"image\/png"}],"author":"admin","twitter_card":"summary_large_image","twitter_misc":{"\u00c9crit par":"admin","Dur\u00e9e de lecture estim\u00e9e":"4 minutes"},"schema":{"@context":"https:\/\/schema.org","@graph":[{"@type":"Article","@id":"https:\/\/lasentinelle.dz\/index.php\/2024\/11\/10\/importation-frauduleuse-de-vehicules-de-luxe-huit-douaniers-places-en-detention\/#article","isPartOf":{"@id":"https:\/\/lasentinelle.dz\/index.php\/2024\/11\/10\/importation-frauduleuse-de-vehicules-de-luxe-huit-douaniers-places-en-detention\/"},"author":{"name":"admin","@id":"https:\/\/lasentinelle.dz\/#\/schema\/person\/729ee0024f24e0b8c5ec17232f8e8b41"},"headline":"Importation frauduleuse de v\u00e9hicules de luxe\u00a0: Huit douaniers plac\u00e9s en d\u00e9tention","datePublished":"2024-11-10T11:02:16+00:00","dateModified":"2024-11-10T11:02:17+00:00","mainEntityOfPage":{"@id":"https:\/\/lasentinelle.dz\/index.php\/2024\/11\/10\/importation-frauduleuse-de-vehicules-de-luxe-huit-douaniers-places-en-detention\/"},"wordCount":856,"commentCount":0,"publisher":{"@id":"https:\/\/lasentinelle.dz\/#organization"},"image":{"@id":"https:\/\/lasentinelle.dz\/index.php\/2024\/11\/10\/importation-frauduleuse-de-vehicules-de-luxe-huit-douaniers-places-en-detention\/#primaryimage"},"thumbnailUrl":"https:\/\/lasentinelle.dz\/wp-content\/uploads\/2022\/08\/tribunale.png","articleSection":["\u00c0 la Une","Actualit\u00e9"],"inLanguage":"fr-FR","potentialAction":[{"@type":"CommentAction","name":"Comment","target":["https:\/\/lasentinelle.dz\/index.php\/2024\/11\/10\/importation-frauduleuse-de-vehicules-de-luxe-huit-douaniers-places-en-detention\/#respond"]}]},{"@type":"WebPage","@id":"https:\/\/lasentinelle.dz\/index.php\/2024\/11\/10\/importation-frauduleuse-de-vehicules-de-luxe-huit-douaniers-places-en-detention\/","url":"https:\/\/lasentinelle.dz\/index.php\/2024\/11\/10\/importation-frauduleuse-de-vehicules-de-luxe-huit-douaniers-places-en-detention\/","name":"Importation frauduleuse de v\u00e9hicules de luxe\u00a0: Huit douaniers plac\u00e9s en d\u00e9tention - La Sentinelle","isPartOf":{"@id":"https:\/\/lasentinelle.dz\/#website"},"primaryImageOfPage":{"@id":"https:\/\/lasentinelle.dz\/index.php\/2024\/11\/10\/importation-frauduleuse-de-vehicules-de-luxe-huit-douaniers-places-en-detention\/#primaryimage"},"image":{"@id":"https:\/\/lasentinelle.dz\/index.php\/2024\/11\/10\/importation-frauduleuse-de-vehicules-de-luxe-huit-douaniers-places-en-detention\/#primaryimage"},"thumbnailUrl":"https:\/\/lasentinelle.dz\/wp-content\/uploads\/2022\/08\/tribunale.png","datePublished":"2024-11-10T11:02:16+00:00","dateModified":"2024-11-10T11:02:17+00:00","breadcrumb":{"@id":"https:\/\/lasentinelle.dz\/index.php\/2024\/11\/10\/importation-frauduleuse-de-vehicules-de-luxe-huit-douaniers-places-en-detention\/#breadcrumb"},"inLanguage":"fr-FR","potentialAction":[{"@type":"ReadAction","target":["https:\/\/lasentinelle.dz\/index.php\/2024\/11\/10\/importation-frauduleuse-de-vehicules-de-luxe-huit-douaniers-places-en-detention\/"]}]},{"@type":"ImageObject","inLanguage":"fr-FR","@id":"https:\/\/lasentinelle.dz\/index.php\/2024\/11\/10\/importation-frauduleuse-de-vehicules-de-luxe-huit-douaniers-places-en-detention\/#primaryimage","url":"https:\/\/lasentinelle.dz\/wp-content\/uploads\/2022\/08\/tribunale.png","contentUrl":"https:\/\/lasentinelle.dz\/wp-content\/uploads\/2022\/08\/tribunale.png","width":1491,"height":900},{"@type":"BreadcrumbList","@id":"https:\/\/lasentinelle.dz\/index.php\/2024\/11\/10\/importation-frauduleuse-de-vehicules-de-luxe-huit-douaniers-places-en-detention\/#breadcrumb","itemListElement":[{"@type":"ListItem","position":1,"name":"Accueil","item":"https:\/\/lasentinelle.dz\/"},{"@type":"ListItem","position":2,"name":"Importation frauduleuse de v\u00e9hicules de luxe\u00a0: Huit douaniers plac\u00e9s en d\u00e9tention"}]},{"@type":"WebSite","@id":"https:\/\/lasentinelle.dz\/#website","url":"https:\/\/lasentinelle.dz\/","name":"La Sentinelle","description":"Quotidien national d&#039;information","publisher":{"@id":"https:\/\/lasentinelle.dz\/#organization"},"potentialAction":[{"@type":"SearchAction","target":{"@type":"EntryPoint","urlTemplate":"https:\/\/lasentinelle.dz\/?s={search_term_string}"},"query-input":{"@type":"PropertyValueSpecification","valueRequired":true,"valueName":"search_term_string"}}],"inLanguage":"fr-FR"},{"@type":"Organization","@id":"https:\/\/lasentinelle.dz\/#organization","name":"Quotidien La Sentinelle","url":"https:\/\/lasentinelle.dz\/","logo":{"@type":"ImageObject","inLanguage":"fr-FR","@id":"https:\/\/lasentinelle.dz\/#\/schema\/logo\/image\/","url":"https:\/\/lasentinelle.dz\/wp-content\/uploads\/2021\/09\/logo-sentinelleSLOGAN-1.png","contentUrl":"https:\/\/lasentinelle.dz\/wp-content\/uploads\/2021\/09\/logo-sentinelleSLOGAN-1.png","width":615,"height":142,"caption":"Quotidien La Sentinelle"},"image":{"@id":"https:\/\/lasentinelle.dz\/#\/schema\/logo\/image\/"},"sameAs":["https:\/\/www.facebook.com\/La-Sentinelle-104059864394773"]},{"@type":"Person","@id":"https:\/\/lasentinelle.dz\/#\/schema\/person\/729ee0024f24e0b8c5ec17232f8e8b41","name":"admin","image":{"@type":"ImageObject","inLanguage":"fr-FR","@id":"https:\/\/secure.gravatar.com\/avatar\/4c81fed838786e9b53f540bf46533e750f5d292099ae3b66cfc6fb1982e29df7?s=96&d=mm&r=g","url":"https:\/\/secure.gravatar.com\/avatar\/4c81fed838786e9b53f540bf46533e750f5d292099ae3b66cfc6fb1982e29df7?s=96&d=mm&r=g","contentUrl":"https:\/\/secure.gravatar.com\/avatar\/4c81fed838786e9b53f540bf46533e750f5d292099ae3b66cfc6fb1982e29df7?s=96&d=mm&r=g","caption":"admin"},"description":"admin","url":"https:\/\/lasentinelle.dz\/author\/admin\/"}]}},"_links":{"self":[{"href":"https:\/\/lasentinelle.dz\/index.php\/wp-json\/wp\/v2\/posts\/59140","targetHints":{"allow":["GET"]}}],"collection":[{"href":"https:\/\/lasentinelle.dz\/index.php\/wp-json\/wp\/v2\/posts"}],"about":[{"href":"https:\/\/lasentinelle.dz\/index.php\/wp-json\/wp\/v2\/types\/post"}],"author":[{"embeddable":true,"href":"https:\/\/lasentinelle.dz\/index.php\/wp-json\/wp\/v2\/users\/6"}],"replies":[{"embeddable":true,"href":"https:\/\/lasentinelle.dz\/index.php\/wp-json\/wp\/v2\/comments?post=59140"}],"version-history":[{"count":1,"href":"https:\/\/lasentinelle.dz\/index.php\/wp-json\/wp\/v2\/posts\/59140\/revisions"}],"predecessor-version":[{"id":59141,"href":"https:\/\/lasentinelle.dz\/index.php\/wp-json\/wp\/v2\/posts\/59140\/revisions\/59141"}],"wp:featuredmedia":[{"embeddable":true,"href":"https:\/\/lasentinelle.dz\/index.php\/wp-json\/wp\/v2\/media\/26094"}],"wp:attachment":[{"href":"https:\/\/lasentinelle.dz\/index.php\/wp-json\/wp\/v2\/media?parent=59140"}],"wp:term":[{"taxonomy":"category","embeddable":true,"href":"https:\/\/lasentinelle.dz\/index.php\/wp-json\/wp\/v2\/categories?post=59140"},{"taxonomy":"post_tag","embeddable":true,"href":"https:\/\/lasentinelle.dz\/index.php\/wp-json\/wp\/v2\/tags?post=59140"}],"curies":[{"name":"wp","href":"https:\/\/api.w.org\/{rel}","templated":true}]}}