{"id":59146,"date":"2024-11-10T12:07:21","date_gmt":"2024-11-10T11:07:21","guid":{"rendered":"https:\/\/lasentinelle.dz\/?p=59146"},"modified":"2024-11-10T12:07:21","modified_gmt":"2024-11-10T11:07:21","slug":"provocations-du-maccabi-a-amsterdam-le-visage-du-sionisme-mis-a-nu","status":"publish","type":"post","link":"https:\/\/lasentinelle.dz\/index.php\/2024\/11\/10\/provocations-du-maccabi-a-amsterdam-le-visage-du-sionisme-mis-a-nu\/","title":{"rendered":"Provocations du Maccabi \u00e0 Amsterdam\u00a0: Le visage du sionisme mis \u00e0 nu"},"content":{"rendered":"\n<p>Les incidents qui \u00e9maill\u00e9 le match entre l\u2019Ajax Amsterdam et l\u2019\u00e9quipe de l\u2019occupant sioniste Maccabi Ha\u00effa d\u00e9voile le v\u00e9ritable visage du sionisme, une id\u00e9ologie raciste, fasciste, qui se nourrit de la haine et alimente de la haine. Des centaines de vid\u00e9os ont inond\u00e9 la toile ce week-end montrant les hooligans du Maccabi Ha\u00effa pourchass\u00e9s par des supporters de l\u2019Ajax Amesterdam. Des vid\u00e9os manipul\u00e9es et sorties de leur contexte pour victimiser les hooligans sionistes alors que les m\u00e9dias occidentaux se sont empress\u00e9s d\u2019accuser les N\u00e9\u00e9rlandais d\u2019antis\u00e9mitisme, eux qui s\u2019illustrent pourtant par leur soutien \u00e0 l\u2019entit\u00e9 sioniste. Que s\u2019est-il pass\u00e9 en r\u00e9alit\u00e9&nbsp;? Les supporters de l\u2019Ajax ont d\u2019abord \u00e9t\u00e9 la cible de provocations de la parts des cohortes sionistes compos\u00e9es notamment de membres des forces d\u2019occupation impliqu\u00e9s dans le g\u00e9nocide en cours \u00e0 Ghaza. Poussant l\u2019arrogance \u00e0 son paroxysme les sionistes n\u2019ont cess\u00e9, avant et pendant le match, d\u2019entonner des chants choquant appelant \u00e0 la mort des Palestiniens et de leurs enfants. Ils ont aussi siffl\u00e9 la minute de silence avant le match \u00e0 la m\u00e9moire des victimes des inondations \u00e0 Valence en Espagne desrespectant les morts de ce pays qui a d\u00e9cid\u00e9 de reconna\u00eetre l\u2019\u00c9tat de Palestine. Ce n\u2019est pas la premi\u00e8re fois que les supporters du Maccabi s\u2019illustrent par ces provocations en Europe affichant clairement le fascisme de l\u2019id\u00e9ologie sioniste, sans souffrir la moindre sanction. Mais cette fois ce comportement a fini par provoquer une r\u00e9action violente, laquelle illustre le changement en cours dans la perception du conflit au Moyen-Orient et de l\u2019entit\u00e9 sioniste, devenu un \u00c9tat g\u00e9nocidaire, un paria au ban des nations. Il ne s\u2019agit pas d\u2019antis\u00e9mitisme comme veulent le faire croire les m\u00e9dias mainstream, mais d\u2019une profonde prise de conscience de l\u2019opinion publique quant \u00e0 l\u2019arrogance et le fascisme des Isra\u00e9liens&nbsp;? Une prise de conscience aussi quant au contr\u00f4le qu\u2019exercent les sionistes sur leurs institutions et leurs m\u00e9dias qui s\u2019illustre par une indulgence incompr\u00e9hensible quant au g\u00e9nocide en cours \u00e0 Ghaza, mais aussi par le parti pris des m\u00e9dias mainstream dans le traitement du conflit en Palestine occup\u00e9e qui s\u2019affairent \u00e0 reprendre syst\u00e9matiquement la propagande sioniste et \u00e0 d\u00e9shumaniser les Palestiniens et les Libanais, quitte \u00e0 prendre des raccourcis tout simplement racistes.<\/p>\n\n\n\n<p>Moncef Dahleb<\/p>\n","protected":false},"excerpt":{"rendered":"<p>Les incidents qui \u00e9maill\u00e9 le match entre l\u2019Ajax Amsterdam et l\u2019\u00e9quipe de l\u2019occupant sioniste Maccabi Ha\u00effa d\u00e9voile le v\u00e9ritable visage<\/p>\n","protected":false},"author":6,"featured_media":59147,"comment_status":"open","ping_status":"closed","sticky":false,"template":"","format":"standard","meta":{"colormag_page_container_layout":"default_layout","colormag_page_sidebar_layout":"default_layout","om_disable_all_campaigns":false,"_monsterinsights_skip_tracking":false,"_monsterinsights_sitenote_active":false,"_monsterinsights_sitenote_note":"","_monsterinsights_sitenote_category":0,"footnotes":"","_wpscppro_dont_share_socialmedia":false,"_wpscppro_custom_social_share_image":0,"_facebook_share_type":"default","_twitter_share_type":"default","_linkedin_share_type":"default","_pinterest_share_type":"default","_linkedin_share_type_page":"","_instagram_share_type":"default","_medium_share_type":"default","_threads_share_type":"","_google_business_share_type":"","_selected_social_profile":[],"_wpsp_enable_custom_social_template":false,"_wpsp_social_scheduling":{"enabled":false,"datetime":null,"platforms":[],"status":"template_only","dateOption":"today","timeOption":"now","customDays":"","customHours":"","customDate":"","customTime":"","schedulingType":"absolute"},"_wpsp_active_default_template":true},"categories":[52,27],"tags":[],"class_list":["post-59146","post","type-post","status-publish","format-standard","has-post-thumbnail","hentry","category-a-la-une","category-actualite"],"aioseo_notices":[],"yoast_head":"<!-- This site is optimized with the Yoast SEO plugin v27.5 - https:\/\/yoast.com\/product\/yoast-seo-wordpress\/ -->\n<title>Provocations du Maccabi \u00e0 Amsterdam\u00a0: Le visage du sionisme mis \u00e0 nu - La Sentinelle<\/title>\n<meta name=\"robots\" content=\"index, follow, max-snippet:-1, max-image-preview:large, max-video-preview:-1\" \/>\n<link rel=\"canonical\" href=\"https:\/\/lasentinelle.dz\/index.php\/2024\/11\/10\/provocations-du-maccabi-a-amsterdam-le-visage-du-sionisme-mis-a-nu\/\" \/>\n<meta property=\"og:locale\" content=\"fr_FR\" \/>\n<meta property=\"og:type\" content=\"article\" \/>\n<meta property=\"og:title\" content=\"Provocations du Maccabi \u00e0 Amsterdam\u00a0: Le visage du sionisme mis \u00e0 nu - La Sentinelle\" \/>\n<meta property=\"og:description\" content=\"Les incidents qui \u00e9maill\u00e9 le match entre l\u2019Ajax Amsterdam et l\u2019\u00e9quipe de l\u2019occupant sioniste Maccabi Ha\u00effa d\u00e9voile le v\u00e9ritable visage\" \/>\n<meta property=\"og:url\" content=\"https:\/\/lasentinelle.dz\/index.php\/2024\/11\/10\/provocations-du-maccabi-a-amsterdam-le-visage-du-sionisme-mis-a-nu\/\" \/>\n<meta property=\"og:site_name\" content=\"La Sentinelle\" \/>\n<meta property=\"article:publisher\" content=\"https:\/\/www.facebook.com\/La-Sentinelle-104059864394773\" \/>\n<meta property=\"article:published_time\" content=\"2024-11-10T11:07:21+00:00\" \/>\n<meta property=\"og:image\" content=\"https:\/\/lasentinelle.dz\/wp-content\/uploads\/2024\/11\/maccabi-raciste.jpeg\" \/>\n\t<meta property=\"og:image:width\" content=\"730\" \/>\n\t<meta property=\"og:image:height\" content=\"410\" \/>\n\t<meta property=\"og:image:type\" content=\"image\/jpeg\" \/>\n<meta name=\"author\" content=\"admin\" \/>\n<meta name=\"twitter:card\" content=\"summary_large_image\" \/>\n<meta name=\"twitter:label1\" content=\"\u00c9crit par\" \/>\n\t<meta name=\"twitter:data1\" content=\"admin\" \/>\n\t<meta name=\"twitter:label2\" content=\"Dur\u00e9e de lecture estim\u00e9e\" \/>\n\t<meta name=\"twitter:data2\" content=\"3 minutes\" \/>\n<script type=\"application\/ld+json\" class=\"yoast-schema-graph\">{\"@context\":\"https:\\\/\\\/schema.org\",\"@graph\":[{\"@type\":\"Article\",\"@id\":\"https:\\\/\\\/lasentinelle.dz\\\/index.php\\\/2024\\\/11\\\/10\\\/provocations-du-maccabi-a-amsterdam-le-visage-du-sionisme-mis-a-nu\\\/#article\",\"isPartOf\":{\"@id\":\"https:\\\/\\\/lasentinelle.dz\\\/index.php\\\/2024\\\/11\\\/10\\\/provocations-du-maccabi-a-amsterdam-le-visage-du-sionisme-mis-a-nu\\\/\"},\"author\":{\"name\":\"admin\",\"@id\":\"https:\\\/\\\/lasentinelle.dz\\\/#\\\/schema\\\/person\\\/729ee0024f24e0b8c5ec17232f8e8b41\"},\"headline\":\"Provocations du Maccabi \u00e0 Amsterdam\u00a0: Le visage du sionisme mis \u00e0 nu\",\"datePublished\":\"2024-11-10T11:07:21+00:00\",\"mainEntityOfPage\":{\"@id\":\"https:\\\/\\\/lasentinelle.dz\\\/index.php\\\/2024\\\/11\\\/10\\\/provocations-du-maccabi-a-amsterdam-le-visage-du-sionisme-mis-a-nu\\\/\"},\"wordCount\":431,\"commentCount\":0,\"publisher\":{\"@id\":\"https:\\\/\\\/lasentinelle.dz\\\/#organization\"},\"image\":{\"@id\":\"https:\\\/\\\/lasentinelle.dz\\\/index.php\\\/2024\\\/11\\\/10\\\/provocations-du-maccabi-a-amsterdam-le-visage-du-sionisme-mis-a-nu\\\/#primaryimage\"},\"thumbnailUrl\":\"https:\\\/\\\/lasentinelle.dz\\\/wp-content\\\/uploads\\\/2024\\\/11\\\/maccabi-raciste.jpeg\",\"articleSection\":[\"\u00c0 la Une\",\"Actualit\u00e9\"],\"inLanguage\":\"fr-FR\",\"potentialAction\":[{\"@type\":\"CommentAction\",\"name\":\"Comment\",\"target\":[\"https:\\\/\\\/lasentinelle.dz\\\/index.php\\\/2024\\\/11\\\/10\\\/provocations-du-maccabi-a-amsterdam-le-visage-du-sionisme-mis-a-nu\\\/#respond\"]}]},{\"@type\":\"WebPage\",\"@id\":\"https:\\\/\\\/lasentinelle.dz\\\/index.php\\\/2024\\\/11\\\/10\\\/provocations-du-maccabi-a-amsterdam-le-visage-du-sionisme-mis-a-nu\\\/\",\"url\":\"https:\\\/\\\/lasentinelle.dz\\\/index.php\\\/2024\\\/11\\\/10\\\/provocations-du-maccabi-a-amsterdam-le-visage-du-sionisme-mis-a-nu\\\/\",\"name\":\"Provocations du Maccabi \u00e0 Amsterdam\u00a0: Le visage du sionisme mis \u00e0 nu - La Sentinelle\",\"isPartOf\":{\"@id\":\"https:\\\/\\\/lasentinelle.dz\\\/#website\"},\"primaryImageOfPage\":{\"@id\":\"https:\\\/\\\/lasentinelle.dz\\\/index.php\\\/2024\\\/11\\\/10\\\/provocations-du-maccabi-a-amsterdam-le-visage-du-sionisme-mis-a-nu\\\/#primaryimage\"},\"image\":{\"@id\":\"https:\\\/\\\/lasentinelle.dz\\\/index.php\\\/2024\\\/11\\\/10\\\/provocations-du-maccabi-a-amsterdam-le-visage-du-sionisme-mis-a-nu\\\/#primaryimage\"},\"thumbnailUrl\":\"https:\\\/\\\/lasentinelle.dz\\\/wp-content\\\/uploads\\\/2024\\\/11\\\/maccabi-raciste.jpeg\",\"datePublished\":\"2024-11-10T11:07:21+00:00\",\"breadcrumb\":{\"@id\":\"https:\\\/\\\/lasentinelle.dz\\\/index.php\\\/2024\\\/11\\\/10\\\/provocations-du-maccabi-a-amsterdam-le-visage-du-sionisme-mis-a-nu\\\/#breadcrumb\"},\"inLanguage\":\"fr-FR\",\"potentialAction\":[{\"@type\":\"ReadAction\",\"target\":[\"https:\\\/\\\/lasentinelle.dz\\\/index.php\\\/2024\\\/11\\\/10\\\/provocations-du-maccabi-a-amsterdam-le-visage-du-sionisme-mis-a-nu\\\/\"]}]},{\"@type\":\"ImageObject\",\"inLanguage\":\"fr-FR\",\"@id\":\"https:\\\/\\\/lasentinelle.dz\\\/index.php\\\/2024\\\/11\\\/10\\\/provocations-du-maccabi-a-amsterdam-le-visage-du-sionisme-mis-a-nu\\\/#primaryimage\",\"url\":\"https:\\\/\\\/lasentinelle.dz\\\/wp-content\\\/uploads\\\/2024\\\/11\\\/maccabi-raciste.jpeg\",\"contentUrl\":\"https:\\\/\\\/lasentinelle.dz\\\/wp-content\\\/uploads\\\/2024\\\/11\\\/maccabi-raciste.jpeg\",\"width\":730,\"height\":410},{\"@type\":\"BreadcrumbList\",\"@id\":\"https:\\\/\\\/lasentinelle.dz\\\/index.php\\\/2024\\\/11\\\/10\\\/provocations-du-maccabi-a-amsterdam-le-visage-du-sionisme-mis-a-nu\\\/#breadcrumb\",\"itemListElement\":[{\"@type\":\"ListItem\",\"position\":1,\"name\":\"Accueil\",\"item\":\"https:\\\/\\\/lasentinelle.dz\\\/\"},{\"@type\":\"ListItem\",\"position\":2,\"name\":\"Provocations du Maccabi \u00e0 Amsterdam\u00a0: Le visage du sionisme mis \u00e0 nu\"}]},{\"@type\":\"WebSite\",\"@id\":\"https:\\\/\\\/lasentinelle.dz\\\/#website\",\"url\":\"https:\\\/\\\/lasentinelle.dz\\\/\",\"name\":\"La Sentinelle\",\"description\":\"Quotidien national d&#039;information\",\"publisher\":{\"@id\":\"https:\\\/\\\/lasentinelle.dz\\\/#organization\"},\"potentialAction\":[{\"@type\":\"SearchAction\",\"target\":{\"@type\":\"EntryPoint\",\"urlTemplate\":\"https:\\\/\\\/lasentinelle.dz\\\/?s={search_term_string}\"},\"query-input\":{\"@type\":\"PropertyValueSpecification\",\"valueRequired\":true,\"valueName\":\"search_term_string\"}}],\"inLanguage\":\"fr-FR\"},{\"@type\":\"Organization\",\"@id\":\"https:\\\/\\\/lasentinelle.dz\\\/#organization\",\"name\":\"Quotidien La Sentinelle\",\"url\":\"https:\\\/\\\/lasentinelle.dz\\\/\",\"logo\":{\"@type\":\"ImageObject\",\"inLanguage\":\"fr-FR\",\"@id\":\"https:\\\/\\\/lasentinelle.dz\\\/#\\\/schema\\\/logo\\\/image\\\/\",\"url\":\"https:\\\/\\\/lasentinelle.dz\\\/wp-content\\\/uploads\\\/2021\\\/09\\\/logo-sentinelleSLOGAN-1.png\",\"contentUrl\":\"https:\\\/\\\/lasentinelle.dz\\\/wp-content\\\/uploads\\\/2021\\\/09\\\/logo-sentinelleSLOGAN-1.png\",\"width\":615,\"height\":142,\"caption\":\"Quotidien La Sentinelle\"},\"image\":{\"@id\":\"https:\\\/\\\/lasentinelle.dz\\\/#\\\/schema\\\/logo\\\/image\\\/\"},\"sameAs\":[\"https:\\\/\\\/www.facebook.com\\\/La-Sentinelle-104059864394773\"]},{\"@type\":\"Person\",\"@id\":\"https:\\\/\\\/lasentinelle.dz\\\/#\\\/schema\\\/person\\\/729ee0024f24e0b8c5ec17232f8e8b41\",\"name\":\"admin\",\"image\":{\"@type\":\"ImageObject\",\"inLanguage\":\"fr-FR\",\"@id\":\"https:\\\/\\\/secure.gravatar.com\\\/avatar\\\/4c81fed838786e9b53f540bf46533e750f5d292099ae3b66cfc6fb1982e29df7?s=96&d=mm&r=g\",\"url\":\"https:\\\/\\\/secure.gravatar.com\\\/avatar\\\/4c81fed838786e9b53f540bf46533e750f5d292099ae3b66cfc6fb1982e29df7?s=96&d=mm&r=g\",\"contentUrl\":\"https:\\\/\\\/secure.gravatar.com\\\/avatar\\\/4c81fed838786e9b53f540bf46533e750f5d292099ae3b66cfc6fb1982e29df7?s=96&d=mm&r=g\",\"caption\":\"admin\"},\"description\":\"admin\",\"url\":\"https:\\\/\\\/lasentinelle.dz\\\/author\\\/admin\\\/\"}]}<\/script>\n<!-- \/ Yoast SEO plugin. -->","yoast_head_json":{"title":"Provocations du Maccabi \u00e0 Amsterdam\u00a0: Le visage du sionisme mis \u00e0 nu - La Sentinelle","robots":{"index":"index","follow":"follow","max-snippet":"max-snippet:-1","max-image-preview":"max-image-preview:large","max-video-preview":"max-video-preview:-1"},"canonical":"https:\/\/lasentinelle.dz\/index.php\/2024\/11\/10\/provocations-du-maccabi-a-amsterdam-le-visage-du-sionisme-mis-a-nu\/","og_locale":"fr_FR","og_type":"article","og_title":"Provocations du Maccabi \u00e0 Amsterdam\u00a0: Le visage du sionisme mis \u00e0 nu - La Sentinelle","og_description":"Les incidents qui \u00e9maill\u00e9 le match entre l\u2019Ajax Amsterdam et l\u2019\u00e9quipe de l\u2019occupant sioniste Maccabi Ha\u00effa d\u00e9voile le v\u00e9ritable visage","og_url":"https:\/\/lasentinelle.dz\/index.php\/2024\/11\/10\/provocations-du-maccabi-a-amsterdam-le-visage-du-sionisme-mis-a-nu\/","og_site_name":"La Sentinelle","article_publisher":"https:\/\/www.facebook.com\/La-Sentinelle-104059864394773","article_published_time":"2024-11-10T11:07:21+00:00","og_image":[{"width":730,"height":410,"url":"https:\/\/lasentinelle.dz\/wp-content\/uploads\/2024\/11\/maccabi-raciste.jpeg","type":"image\/jpeg"}],"author":"admin","twitter_card":"summary_large_image","twitter_misc":{"\u00c9crit par":"admin","Dur\u00e9e de lecture estim\u00e9e":"3 minutes"},"schema":{"@context":"https:\/\/schema.org","@graph":[{"@type":"Article","@id":"https:\/\/lasentinelle.dz\/index.php\/2024\/11\/10\/provocations-du-maccabi-a-amsterdam-le-visage-du-sionisme-mis-a-nu\/#article","isPartOf":{"@id":"https:\/\/lasentinelle.dz\/index.php\/2024\/11\/10\/provocations-du-maccabi-a-amsterdam-le-visage-du-sionisme-mis-a-nu\/"},"author":{"name":"admin","@id":"https:\/\/lasentinelle.dz\/#\/schema\/person\/729ee0024f24e0b8c5ec17232f8e8b41"},"headline":"Provocations du Maccabi \u00e0 Amsterdam\u00a0: Le visage du sionisme mis \u00e0 nu","datePublished":"2024-11-10T11:07:21+00:00","mainEntityOfPage":{"@id":"https:\/\/lasentinelle.dz\/index.php\/2024\/11\/10\/provocations-du-maccabi-a-amsterdam-le-visage-du-sionisme-mis-a-nu\/"},"wordCount":431,"commentCount":0,"publisher":{"@id":"https:\/\/lasentinelle.dz\/#organization"},"image":{"@id":"https:\/\/lasentinelle.dz\/index.php\/2024\/11\/10\/provocations-du-maccabi-a-amsterdam-le-visage-du-sionisme-mis-a-nu\/#primaryimage"},"thumbnailUrl":"https:\/\/lasentinelle.dz\/wp-content\/uploads\/2024\/11\/maccabi-raciste.jpeg","articleSection":["\u00c0 la Une","Actualit\u00e9"],"inLanguage":"fr-FR","potentialAction":[{"@type":"CommentAction","name":"Comment","target":["https:\/\/lasentinelle.dz\/index.php\/2024\/11\/10\/provocations-du-maccabi-a-amsterdam-le-visage-du-sionisme-mis-a-nu\/#respond"]}]},{"@type":"WebPage","@id":"https:\/\/lasentinelle.dz\/index.php\/2024\/11\/10\/provocations-du-maccabi-a-amsterdam-le-visage-du-sionisme-mis-a-nu\/","url":"https:\/\/lasentinelle.dz\/index.php\/2024\/11\/10\/provocations-du-maccabi-a-amsterdam-le-visage-du-sionisme-mis-a-nu\/","name":"Provocations du Maccabi \u00e0 Amsterdam\u00a0: Le visage du sionisme mis \u00e0 nu - La Sentinelle","isPartOf":{"@id":"https:\/\/lasentinelle.dz\/#website"},"primaryImageOfPage":{"@id":"https:\/\/lasentinelle.dz\/index.php\/2024\/11\/10\/provocations-du-maccabi-a-amsterdam-le-visage-du-sionisme-mis-a-nu\/#primaryimage"},"image":{"@id":"https:\/\/lasentinelle.dz\/index.php\/2024\/11\/10\/provocations-du-maccabi-a-amsterdam-le-visage-du-sionisme-mis-a-nu\/#primaryimage"},"thumbnailUrl":"https:\/\/lasentinelle.dz\/wp-content\/uploads\/2024\/11\/maccabi-raciste.jpeg","datePublished":"2024-11-10T11:07:21+00:00","breadcrumb":{"@id":"https:\/\/lasentinelle.dz\/index.php\/2024\/11\/10\/provocations-du-maccabi-a-amsterdam-le-visage-du-sionisme-mis-a-nu\/#breadcrumb"},"inLanguage":"fr-FR","potentialAction":[{"@type":"ReadAction","target":["https:\/\/lasentinelle.dz\/index.php\/2024\/11\/10\/provocations-du-maccabi-a-amsterdam-le-visage-du-sionisme-mis-a-nu\/"]}]},{"@type":"ImageObject","inLanguage":"fr-FR","@id":"https:\/\/lasentinelle.dz\/index.php\/2024\/11\/10\/provocations-du-maccabi-a-amsterdam-le-visage-du-sionisme-mis-a-nu\/#primaryimage","url":"https:\/\/lasentinelle.dz\/wp-content\/uploads\/2024\/11\/maccabi-raciste.jpeg","contentUrl":"https:\/\/lasentinelle.dz\/wp-content\/uploads\/2024\/11\/maccabi-raciste.jpeg","width":730,"height":410},{"@type":"BreadcrumbList","@id":"https:\/\/lasentinelle.dz\/index.php\/2024\/11\/10\/provocations-du-maccabi-a-amsterdam-le-visage-du-sionisme-mis-a-nu\/#breadcrumb","itemListElement":[{"@type":"ListItem","position":1,"name":"Accueil","item":"https:\/\/lasentinelle.dz\/"},{"@type":"ListItem","position":2,"name":"Provocations du Maccabi \u00e0 Amsterdam\u00a0: Le visage du sionisme mis \u00e0 nu"}]},{"@type":"WebSite","@id":"https:\/\/lasentinelle.dz\/#website","url":"https:\/\/lasentinelle.dz\/","name":"La Sentinelle","description":"Quotidien national d&#039;information","publisher":{"@id":"https:\/\/lasentinelle.dz\/#organization"},"potentialAction":[{"@type":"SearchAction","target":{"@type":"EntryPoint","urlTemplate":"https:\/\/lasentinelle.dz\/?s={search_term_string}"},"query-input":{"@type":"PropertyValueSpecification","valueRequired":true,"valueName":"search_term_string"}}],"inLanguage":"fr-FR"},{"@type":"Organization","@id":"https:\/\/lasentinelle.dz\/#organization","name":"Quotidien La Sentinelle","url":"https:\/\/lasentinelle.dz\/","logo":{"@type":"ImageObject","inLanguage":"fr-FR","@id":"https:\/\/lasentinelle.dz\/#\/schema\/logo\/image\/","url":"https:\/\/lasentinelle.dz\/wp-content\/uploads\/2021\/09\/logo-sentinelleSLOGAN-1.png","contentUrl":"https:\/\/lasentinelle.dz\/wp-content\/uploads\/2021\/09\/logo-sentinelleSLOGAN-1.png","width":615,"height":142,"caption":"Quotidien La Sentinelle"},"image":{"@id":"https:\/\/lasentinelle.dz\/#\/schema\/logo\/image\/"},"sameAs":["https:\/\/www.facebook.com\/La-Sentinelle-104059864394773"]},{"@type":"Person","@id":"https:\/\/lasentinelle.dz\/#\/schema\/person\/729ee0024f24e0b8c5ec17232f8e8b41","name":"admin","image":{"@type":"ImageObject","inLanguage":"fr-FR","@id":"https:\/\/secure.gravatar.com\/avatar\/4c81fed838786e9b53f540bf46533e750f5d292099ae3b66cfc6fb1982e29df7?s=96&d=mm&r=g","url":"https:\/\/secure.gravatar.com\/avatar\/4c81fed838786e9b53f540bf46533e750f5d292099ae3b66cfc6fb1982e29df7?s=96&d=mm&r=g","contentUrl":"https:\/\/secure.gravatar.com\/avatar\/4c81fed838786e9b53f540bf46533e750f5d292099ae3b66cfc6fb1982e29df7?s=96&d=mm&r=g","caption":"admin"},"description":"admin","url":"https:\/\/lasentinelle.dz\/author\/admin\/"}]}},"_links":{"self":[{"href":"https:\/\/lasentinelle.dz\/index.php\/wp-json\/wp\/v2\/posts\/59146","targetHints":{"allow":["GET"]}}],"collection":[{"href":"https:\/\/lasentinelle.dz\/index.php\/wp-json\/wp\/v2\/posts"}],"about":[{"href":"https:\/\/lasentinelle.dz\/index.php\/wp-json\/wp\/v2\/types\/post"}],"author":[{"embeddable":true,"href":"https:\/\/lasentinelle.dz\/index.php\/wp-json\/wp\/v2\/users\/6"}],"replies":[{"embeddable":true,"href":"https:\/\/lasentinelle.dz\/index.php\/wp-json\/wp\/v2\/comments?post=59146"}],"version-history":[{"count":1,"href":"https:\/\/lasentinelle.dz\/index.php\/wp-json\/wp\/v2\/posts\/59146\/revisions"}],"predecessor-version":[{"id":59148,"href":"https:\/\/lasentinelle.dz\/index.php\/wp-json\/wp\/v2\/posts\/59146\/revisions\/59148"}],"wp:featuredmedia":[{"embeddable":true,"href":"https:\/\/lasentinelle.dz\/index.php\/wp-json\/wp\/v2\/media\/59147"}],"wp:attachment":[{"href":"https:\/\/lasentinelle.dz\/index.php\/wp-json\/wp\/v2\/media?parent=59146"}],"wp:term":[{"taxonomy":"category","embeddable":true,"href":"https:\/\/lasentinelle.dz\/index.php\/wp-json\/wp\/v2\/categories?post=59146"},{"taxonomy":"post_tag","embeddable":true,"href":"https:\/\/lasentinelle.dz\/index.php\/wp-json\/wp\/v2\/tags?post=59146"}],"curies":[{"name":"wp","href":"https:\/\/api.w.org\/{rel}","templated":true}]}}