{"id":59208,"date":"2024-11-07T11:43:36","date_gmt":"2024-11-07T10:43:36","guid":{"rendered":"https:\/\/lasentinelle.dz\/?p=59208"},"modified":"2024-11-11T11:45:32","modified_gmt":"2024-11-11T10:45:32","slug":"bilan-operationnel-de-lanp-plus-de-12-qx-de-kif-en-provenance-du-maroc-saisis","status":"publish","type":"post","link":"https:\/\/lasentinelle.dz\/index.php\/2024\/11\/07\/bilan-operationnel-de-lanp-plus-de-12-qx-de-kif-en-provenance-du-maroc-saisis\/","title":{"rendered":"Bilan op\u00e9rationnel de l\u2019ANP: Plus de 12 qx de kif en provenance du Maroc saisis"},"content":{"rendered":"\n<p>Des d\u00e9tachements combin\u00e9s de l&rsquo;Arm\u00e9e nationale populaire (ANP) ont mis en \u00e9chec, en coordination avec les diff\u00e9rents services de s\u00e9curit\u00e9, des tentatives d&rsquo;introduction de plus de douze quintaux de kif trait\u00e9 via les fronti\u00e8res avec le Maroc et ont arr\u00eat\u00e9 37 narcotrafiquants ont \u00e9t\u00e9 arr\u00eat\u00e9s lors d&rsquo;op\u00e9rations ex\u00e9cut\u00e9es durant la p\u00e9riode allant du 30 octobre au 5 novembre, indique mercredi un bilan op\u00e9rationnel de l&rsquo;ANP. \u00ab\u00a0Dans la dynamique des efforts soutenus dans la lutte antiterroriste et contre la criminalit\u00e9 organis\u00e9e multiforme, des unit\u00e9s et des d\u00e9tachements de l&rsquo;ANP ont ex\u00e9cut\u00e9, durant la p\u00e9riode allant du 30 octobre au 5 novembre 2024, plusieurs op\u00e9rations ayant abouti \u00e0 des r\u00e9sultats de qualit\u00e9 qui refl\u00e8tent le haut professionnalisme, la vigilance et la disponibilit\u00e9 permanente de nos Forces arm\u00e9es \u00e0 travers tout le territoire national\u00a0\u00bb, a indiqu\u00e9 hier un communiqu\u00e9 du minist\u00e8re de la D\u00e9fense nationale. Ainsi, dans la dynamique des efforts soutenus dans la lutte antiterroriste, des d\u00e9tachements de l\u2019ANP ont arr\u00eat\u00e9 11 \u00e9l\u00e9ments de soutien aux groupes terroristes dans diff\u00e9rentes op\u00e9rations. Dans le m\u00eame sillage, il a \u00e9t\u00e9 proc\u00e9d\u00e9 \u00e0 la saisie de 3 trois pistolets-mitraillettes, une quantit\u00e9 de munitions et d\u2019autres objets, lors de deux op\u00e9rations distinctes effectu\u00e9es \u00e0 Illizi et Tamanrasset. S&rsquo;agissant de la lutte contre la criminalit\u00e9 organis\u00e9e des d\u00e9tachements combin\u00e9s de l\u2019ANP ont, lors d\u2019op\u00e9rations ex\u00e9cut\u00e9es \u00e0 travers les R\u00e9gions militaires en coordination avec les diff\u00e9rents services de s\u00e9curit\u00e9, d\u00e9jou\u00e9 des tentatives d&rsquo;introductions via les fronti\u00e8res avec le Maroc, 12 qx et 96 kg de kif trait\u00e9. Au titre de ces op\u00e9rations il a \u00e9t\u00e9 proc\u00e9d\u00e9 \u00e9galement \u00e0 la saisie de 2,5 kg de coca\u00efne et 636 307 comprim\u00e9s de psychotropes, en plus de l&rsquo;arrestation de 37 narcotrafiquants, a r\u00e9v\u00e9l\u00e9 la m\u00eame source. Sur un autre volet, des d\u00e9tachements de l&rsquo;ANP ont arr\u00eat\u00e9 \u00e0 Tamanrasset, Bordj Badji Mokhtar, Ain Guezzam et Tindouf, dans le cadre de la lutte contre l&rsquo;orpaillage illicite, 120 individus et ont saisie 34 v\u00e9hicules, 79 groupes \u00e9lectrog\u00e8nes, ainsi que des quantit\u00e9s de m\u00e9lange d\u2019or brut et de pierres, d\u2019explosifs, d\u2019outils de d\u00e9tonation et d\u2019\u00e9quipements utilis\u00e9s dans des op\u00e9rations d\u2019orpaillage illicite. Pour ce qui est de la lutte contre la contrebande et la sp\u00e9culation, pas moins de 8 individus ont \u00e9t\u00e9 arr\u00eat\u00e9s en plus de la saisie de 9 fusils de chasse, 2 pistolets automatiques, 12.903 litres de carburants, ainsi que 57,57 tonnes de denr\u00e9es alimentaires destin\u00e9es \u00e0 la contrebande, lors d&rsquo;op\u00e9rations distinctes \u00e0 travers le territoire national, a d\u00e9taill\u00e9 ledit communiqu\u00e9. De leur c\u00f4t\u00e9, les Garde-c\u00f4tes ont mis en \u00e9chec des tentatives d\u2019\u00e9migration clandestine et ont secouru 226 personnes se trouvant \u00e0 bord d\u2019embarcations de confection artisanale, alors que 368 immigrants de diff\u00e9rentes nationalit\u00e9s ont \u00e9t\u00e9 arr\u00eat\u00e9s \u00e0 travers le territoire national, a conclu le document.<\/p>\n\n\n\n<p>&nbsp;<strong>Sofia Chahine<\/strong><\/p>\n","protected":false},"excerpt":{"rendered":"<p>Des d\u00e9tachements combin\u00e9s de l&rsquo;Arm\u00e9e nationale populaire (ANP) ont mis en \u00e9chec, en coordination avec les diff\u00e9rents services de s\u00e9curit\u00e9,<\/p>\n","protected":false},"author":6,"featured_media":42978,"comment_status":"open","ping_status":"closed","sticky":false,"template":"","format":"standard","meta":{"colormag_page_container_layout":"default_layout","colormag_page_sidebar_layout":"default_layout","om_disable_all_campaigns":false,"_monsterinsights_skip_tracking":false,"_monsterinsights_sitenote_active":false,"_monsterinsights_sitenote_note":"","_monsterinsights_sitenote_category":0,"footnotes":"","_wpscppro_dont_share_socialmedia":false,"_wpscppro_custom_social_share_image":0,"_facebook_share_type":"default","_twitter_share_type":"default","_linkedin_share_type":"default","_pinterest_share_type":"default","_linkedin_share_type_page":"","_instagram_share_type":"default","_medium_share_type":"default","_threads_share_type":"","_google_business_share_type":"","_selected_social_profile":[],"_wpsp_enable_custom_social_template":false,"_wpsp_social_scheduling":{"enabled":false,"datetime":null,"platforms":[],"status":"template_only","dateOption":"today","timeOption":"now","customDays":"","customHours":"","customDate":"","customTime":"","schedulingType":"absolute"},"_wpsp_active_default_template":true},"categories":[27],"tags":[],"class_list":["post-59208","post","type-post","status-publish","format-standard","has-post-thumbnail","hentry","category-actualite"],"aioseo_notices":[],"yoast_head":"<!-- This site is optimized with the Yoast SEO plugin v27.4 - https:\/\/yoast.com\/product\/yoast-seo-wordpress\/ -->\n<title>Bilan op\u00e9rationnel de l\u2019ANP: Plus de 12 qx de kif en provenance du Maroc saisis - La Sentinelle<\/title>\n<meta name=\"robots\" content=\"index, follow, max-snippet:-1, max-image-preview:large, max-video-preview:-1\" \/>\n<link rel=\"canonical\" href=\"https:\/\/lasentinelle.dz\/index.php\/2024\/11\/07\/bilan-operationnel-de-lanp-plus-de-12-qx-de-kif-en-provenance-du-maroc-saisis\/\" \/>\n<meta property=\"og:locale\" content=\"fr_FR\" \/>\n<meta property=\"og:type\" content=\"article\" \/>\n<meta property=\"og:title\" content=\"Bilan op\u00e9rationnel de l\u2019ANP: Plus de 12 qx de kif en provenance du Maroc saisis - La Sentinelle\" \/>\n<meta property=\"og:description\" content=\"Des d\u00e9tachements combin\u00e9s de l&rsquo;Arm\u00e9e nationale populaire (ANP) ont mis en \u00e9chec, en coordination avec les diff\u00e9rents services de s\u00e9curit\u00e9,\" \/>\n<meta property=\"og:url\" content=\"https:\/\/lasentinelle.dz\/index.php\/2024\/11\/07\/bilan-operationnel-de-lanp-plus-de-12-qx-de-kif-en-provenance-du-maroc-saisis\/\" \/>\n<meta property=\"og:site_name\" content=\"La Sentinelle\" \/>\n<meta property=\"article:publisher\" content=\"https:\/\/www.facebook.com\/La-Sentinelle-104059864394773\" \/>\n<meta property=\"article:published_time\" content=\"2024-11-07T10:43:36+00:00\" \/>\n<meta property=\"article:modified_time\" content=\"2024-11-11T10:45:32+00:00\" \/>\n<meta property=\"og:image\" content=\"https:\/\/lasentinelle.dz\/wp-content\/uploads\/2023\/06\/kif.jpg\" \/>\n\t<meta property=\"og:image:width\" content=\"1210\" \/>\n\t<meta property=\"og:image:height\" content=\"682\" \/>\n\t<meta property=\"og:image:type\" content=\"image\/jpeg\" \/>\n<meta name=\"author\" content=\"admin\" \/>\n<meta name=\"twitter:card\" content=\"summary_large_image\" \/>\n<meta name=\"twitter:label1\" content=\"\u00c9crit par\" \/>\n\t<meta name=\"twitter:data1\" content=\"admin\" \/>\n\t<meta name=\"twitter:label2\" content=\"Dur\u00e9e de lecture estim\u00e9e\" \/>\n\t<meta name=\"twitter:data2\" content=\"3 minutes\" \/>\n<script type=\"application\/ld+json\" class=\"yoast-schema-graph\">{\"@context\":\"https:\\\/\\\/schema.org\",\"@graph\":[{\"@type\":\"Article\",\"@id\":\"https:\\\/\\\/lasentinelle.dz\\\/index.php\\\/2024\\\/11\\\/07\\\/bilan-operationnel-de-lanp-plus-de-12-qx-de-kif-en-provenance-du-maroc-saisis\\\/#article\",\"isPartOf\":{\"@id\":\"https:\\\/\\\/lasentinelle.dz\\\/index.php\\\/2024\\\/11\\\/07\\\/bilan-operationnel-de-lanp-plus-de-12-qx-de-kif-en-provenance-du-maroc-saisis\\\/\"},\"author\":{\"name\":\"admin\",\"@id\":\"https:\\\/\\\/lasentinelle.dz\\\/#\\\/schema\\\/person\\\/729ee0024f24e0b8c5ec17232f8e8b41\"},\"headline\":\"Bilan op\u00e9rationnel de l\u2019ANP: Plus de 12 qx de kif en provenance du Maroc saisis\",\"datePublished\":\"2024-11-07T10:43:36+00:00\",\"dateModified\":\"2024-11-11T10:45:32+00:00\",\"mainEntityOfPage\":{\"@id\":\"https:\\\/\\\/lasentinelle.dz\\\/index.php\\\/2024\\\/11\\\/07\\\/bilan-operationnel-de-lanp-plus-de-12-qx-de-kif-en-provenance-du-maroc-saisis\\\/\"},\"wordCount\":532,\"commentCount\":0,\"publisher\":{\"@id\":\"https:\\\/\\\/lasentinelle.dz\\\/#organization\"},\"image\":{\"@id\":\"https:\\\/\\\/lasentinelle.dz\\\/index.php\\\/2024\\\/11\\\/07\\\/bilan-operationnel-de-lanp-plus-de-12-qx-de-kif-en-provenance-du-maroc-saisis\\\/#primaryimage\"},\"thumbnailUrl\":\"https:\\\/\\\/lasentinelle.dz\\\/wp-content\\\/uploads\\\/2023\\\/06\\\/kif.jpg\",\"articleSection\":[\"Actualit\u00e9\"],\"inLanguage\":\"fr-FR\",\"potentialAction\":[{\"@type\":\"CommentAction\",\"name\":\"Comment\",\"target\":[\"https:\\\/\\\/lasentinelle.dz\\\/index.php\\\/2024\\\/11\\\/07\\\/bilan-operationnel-de-lanp-plus-de-12-qx-de-kif-en-provenance-du-maroc-saisis\\\/#respond\"]}]},{\"@type\":\"WebPage\",\"@id\":\"https:\\\/\\\/lasentinelle.dz\\\/index.php\\\/2024\\\/11\\\/07\\\/bilan-operationnel-de-lanp-plus-de-12-qx-de-kif-en-provenance-du-maroc-saisis\\\/\",\"url\":\"https:\\\/\\\/lasentinelle.dz\\\/index.php\\\/2024\\\/11\\\/07\\\/bilan-operationnel-de-lanp-plus-de-12-qx-de-kif-en-provenance-du-maroc-saisis\\\/\",\"name\":\"Bilan op\u00e9rationnel de l\u2019ANP: Plus de 12 qx de kif en provenance du Maroc saisis - La Sentinelle\",\"isPartOf\":{\"@id\":\"https:\\\/\\\/lasentinelle.dz\\\/#website\"},\"primaryImageOfPage\":{\"@id\":\"https:\\\/\\\/lasentinelle.dz\\\/index.php\\\/2024\\\/11\\\/07\\\/bilan-operationnel-de-lanp-plus-de-12-qx-de-kif-en-provenance-du-maroc-saisis\\\/#primaryimage\"},\"image\":{\"@id\":\"https:\\\/\\\/lasentinelle.dz\\\/index.php\\\/2024\\\/11\\\/07\\\/bilan-operationnel-de-lanp-plus-de-12-qx-de-kif-en-provenance-du-maroc-saisis\\\/#primaryimage\"},\"thumbnailUrl\":\"https:\\\/\\\/lasentinelle.dz\\\/wp-content\\\/uploads\\\/2023\\\/06\\\/kif.jpg\",\"datePublished\":\"2024-11-07T10:43:36+00:00\",\"dateModified\":\"2024-11-11T10:45:32+00:00\",\"breadcrumb\":{\"@id\":\"https:\\\/\\\/lasentinelle.dz\\\/index.php\\\/2024\\\/11\\\/07\\\/bilan-operationnel-de-lanp-plus-de-12-qx-de-kif-en-provenance-du-maroc-saisis\\\/#breadcrumb\"},\"inLanguage\":\"fr-FR\",\"potentialAction\":[{\"@type\":\"ReadAction\",\"target\":[\"https:\\\/\\\/lasentinelle.dz\\\/index.php\\\/2024\\\/11\\\/07\\\/bilan-operationnel-de-lanp-plus-de-12-qx-de-kif-en-provenance-du-maroc-saisis\\\/\"]}]},{\"@type\":\"ImageObject\",\"inLanguage\":\"fr-FR\",\"@id\":\"https:\\\/\\\/lasentinelle.dz\\\/index.php\\\/2024\\\/11\\\/07\\\/bilan-operationnel-de-lanp-plus-de-12-qx-de-kif-en-provenance-du-maroc-saisis\\\/#primaryimage\",\"url\":\"https:\\\/\\\/lasentinelle.dz\\\/wp-content\\\/uploads\\\/2023\\\/06\\\/kif.jpg\",\"contentUrl\":\"https:\\\/\\\/lasentinelle.dz\\\/wp-content\\\/uploads\\\/2023\\\/06\\\/kif.jpg\",\"width\":1210,\"height\":682},{\"@type\":\"BreadcrumbList\",\"@id\":\"https:\\\/\\\/lasentinelle.dz\\\/index.php\\\/2024\\\/11\\\/07\\\/bilan-operationnel-de-lanp-plus-de-12-qx-de-kif-en-provenance-du-maroc-saisis\\\/#breadcrumb\",\"itemListElement\":[{\"@type\":\"ListItem\",\"position\":1,\"name\":\"Accueil\",\"item\":\"https:\\\/\\\/lasentinelle.dz\\\/\"},{\"@type\":\"ListItem\",\"position\":2,\"name\":\"Bilan op\u00e9rationnel de l\u2019ANP: Plus de 12 qx de kif en provenance du Maroc saisis\"}]},{\"@type\":\"WebSite\",\"@id\":\"https:\\\/\\\/lasentinelle.dz\\\/#website\",\"url\":\"https:\\\/\\\/lasentinelle.dz\\\/\",\"name\":\"La Sentinelle\",\"description\":\"Quotidien national d&#039;information\",\"publisher\":{\"@id\":\"https:\\\/\\\/lasentinelle.dz\\\/#organization\"},\"potentialAction\":[{\"@type\":\"SearchAction\",\"target\":{\"@type\":\"EntryPoint\",\"urlTemplate\":\"https:\\\/\\\/lasentinelle.dz\\\/?s={search_term_string}\"},\"query-input\":{\"@type\":\"PropertyValueSpecification\",\"valueRequired\":true,\"valueName\":\"search_term_string\"}}],\"inLanguage\":\"fr-FR\"},{\"@type\":\"Organization\",\"@id\":\"https:\\\/\\\/lasentinelle.dz\\\/#organization\",\"name\":\"Quotidien La Sentinelle\",\"url\":\"https:\\\/\\\/lasentinelle.dz\\\/\",\"logo\":{\"@type\":\"ImageObject\",\"inLanguage\":\"fr-FR\",\"@id\":\"https:\\\/\\\/lasentinelle.dz\\\/#\\\/schema\\\/logo\\\/image\\\/\",\"url\":\"https:\\\/\\\/lasentinelle.dz\\\/wp-content\\\/uploads\\\/2021\\\/09\\\/logo-sentinelleSLOGAN-1.png\",\"contentUrl\":\"https:\\\/\\\/lasentinelle.dz\\\/wp-content\\\/uploads\\\/2021\\\/09\\\/logo-sentinelleSLOGAN-1.png\",\"width\":615,\"height\":142,\"caption\":\"Quotidien La Sentinelle\"},\"image\":{\"@id\":\"https:\\\/\\\/lasentinelle.dz\\\/#\\\/schema\\\/logo\\\/image\\\/\"},\"sameAs\":[\"https:\\\/\\\/www.facebook.com\\\/La-Sentinelle-104059864394773\"]},{\"@type\":\"Person\",\"@id\":\"https:\\\/\\\/lasentinelle.dz\\\/#\\\/schema\\\/person\\\/729ee0024f24e0b8c5ec17232f8e8b41\",\"name\":\"admin\",\"image\":{\"@type\":\"ImageObject\",\"inLanguage\":\"fr-FR\",\"@id\":\"https:\\\/\\\/secure.gravatar.com\\\/avatar\\\/4c81fed838786e9b53f540bf46533e750f5d292099ae3b66cfc6fb1982e29df7?s=96&d=mm&r=g\",\"url\":\"https:\\\/\\\/secure.gravatar.com\\\/avatar\\\/4c81fed838786e9b53f540bf46533e750f5d292099ae3b66cfc6fb1982e29df7?s=96&d=mm&r=g\",\"contentUrl\":\"https:\\\/\\\/secure.gravatar.com\\\/avatar\\\/4c81fed838786e9b53f540bf46533e750f5d292099ae3b66cfc6fb1982e29df7?s=96&d=mm&r=g\",\"caption\":\"admin\"},\"description\":\"admin\",\"url\":\"https:\\\/\\\/lasentinelle.dz\\\/author\\\/admin\\\/\"}]}<\/script>\n<!-- \/ Yoast SEO plugin. -->","yoast_head_json":{"title":"Bilan op\u00e9rationnel de l\u2019ANP: Plus de 12 qx de kif en provenance du Maroc saisis - La Sentinelle","robots":{"index":"index","follow":"follow","max-snippet":"max-snippet:-1","max-image-preview":"max-image-preview:large","max-video-preview":"max-video-preview:-1"},"canonical":"https:\/\/lasentinelle.dz\/index.php\/2024\/11\/07\/bilan-operationnel-de-lanp-plus-de-12-qx-de-kif-en-provenance-du-maroc-saisis\/","og_locale":"fr_FR","og_type":"article","og_title":"Bilan op\u00e9rationnel de l\u2019ANP: Plus de 12 qx de kif en provenance du Maroc saisis - La Sentinelle","og_description":"Des d\u00e9tachements combin\u00e9s de l&rsquo;Arm\u00e9e nationale populaire (ANP) ont mis en \u00e9chec, en coordination avec les diff\u00e9rents services de s\u00e9curit\u00e9,","og_url":"https:\/\/lasentinelle.dz\/index.php\/2024\/11\/07\/bilan-operationnel-de-lanp-plus-de-12-qx-de-kif-en-provenance-du-maroc-saisis\/","og_site_name":"La Sentinelle","article_publisher":"https:\/\/www.facebook.com\/La-Sentinelle-104059864394773","article_published_time":"2024-11-07T10:43:36+00:00","article_modified_time":"2024-11-11T10:45:32+00:00","og_image":[{"width":1210,"height":682,"url":"https:\/\/lasentinelle.dz\/wp-content\/uploads\/2023\/06\/kif.jpg","type":"image\/jpeg"}],"author":"admin","twitter_card":"summary_large_image","twitter_misc":{"\u00c9crit par":"admin","Dur\u00e9e de lecture estim\u00e9e":"3 minutes"},"schema":{"@context":"https:\/\/schema.org","@graph":[{"@type":"Article","@id":"https:\/\/lasentinelle.dz\/index.php\/2024\/11\/07\/bilan-operationnel-de-lanp-plus-de-12-qx-de-kif-en-provenance-du-maroc-saisis\/#article","isPartOf":{"@id":"https:\/\/lasentinelle.dz\/index.php\/2024\/11\/07\/bilan-operationnel-de-lanp-plus-de-12-qx-de-kif-en-provenance-du-maroc-saisis\/"},"author":{"name":"admin","@id":"https:\/\/lasentinelle.dz\/#\/schema\/person\/729ee0024f24e0b8c5ec17232f8e8b41"},"headline":"Bilan op\u00e9rationnel de l\u2019ANP: Plus de 12 qx de kif en provenance du Maroc saisis","datePublished":"2024-11-07T10:43:36+00:00","dateModified":"2024-11-11T10:45:32+00:00","mainEntityOfPage":{"@id":"https:\/\/lasentinelle.dz\/index.php\/2024\/11\/07\/bilan-operationnel-de-lanp-plus-de-12-qx-de-kif-en-provenance-du-maroc-saisis\/"},"wordCount":532,"commentCount":0,"publisher":{"@id":"https:\/\/lasentinelle.dz\/#organization"},"image":{"@id":"https:\/\/lasentinelle.dz\/index.php\/2024\/11\/07\/bilan-operationnel-de-lanp-plus-de-12-qx-de-kif-en-provenance-du-maroc-saisis\/#primaryimage"},"thumbnailUrl":"https:\/\/lasentinelle.dz\/wp-content\/uploads\/2023\/06\/kif.jpg","articleSection":["Actualit\u00e9"],"inLanguage":"fr-FR","potentialAction":[{"@type":"CommentAction","name":"Comment","target":["https:\/\/lasentinelle.dz\/index.php\/2024\/11\/07\/bilan-operationnel-de-lanp-plus-de-12-qx-de-kif-en-provenance-du-maroc-saisis\/#respond"]}]},{"@type":"WebPage","@id":"https:\/\/lasentinelle.dz\/index.php\/2024\/11\/07\/bilan-operationnel-de-lanp-plus-de-12-qx-de-kif-en-provenance-du-maroc-saisis\/","url":"https:\/\/lasentinelle.dz\/index.php\/2024\/11\/07\/bilan-operationnel-de-lanp-plus-de-12-qx-de-kif-en-provenance-du-maroc-saisis\/","name":"Bilan op\u00e9rationnel de l\u2019ANP: Plus de 12 qx de kif en provenance du Maroc saisis - La Sentinelle","isPartOf":{"@id":"https:\/\/lasentinelle.dz\/#website"},"primaryImageOfPage":{"@id":"https:\/\/lasentinelle.dz\/index.php\/2024\/11\/07\/bilan-operationnel-de-lanp-plus-de-12-qx-de-kif-en-provenance-du-maroc-saisis\/#primaryimage"},"image":{"@id":"https:\/\/lasentinelle.dz\/index.php\/2024\/11\/07\/bilan-operationnel-de-lanp-plus-de-12-qx-de-kif-en-provenance-du-maroc-saisis\/#primaryimage"},"thumbnailUrl":"https:\/\/lasentinelle.dz\/wp-content\/uploads\/2023\/06\/kif.jpg","datePublished":"2024-11-07T10:43:36+00:00","dateModified":"2024-11-11T10:45:32+00:00","breadcrumb":{"@id":"https:\/\/lasentinelle.dz\/index.php\/2024\/11\/07\/bilan-operationnel-de-lanp-plus-de-12-qx-de-kif-en-provenance-du-maroc-saisis\/#breadcrumb"},"inLanguage":"fr-FR","potentialAction":[{"@type":"ReadAction","target":["https:\/\/lasentinelle.dz\/index.php\/2024\/11\/07\/bilan-operationnel-de-lanp-plus-de-12-qx-de-kif-en-provenance-du-maroc-saisis\/"]}]},{"@type":"ImageObject","inLanguage":"fr-FR","@id":"https:\/\/lasentinelle.dz\/index.php\/2024\/11\/07\/bilan-operationnel-de-lanp-plus-de-12-qx-de-kif-en-provenance-du-maroc-saisis\/#primaryimage","url":"https:\/\/lasentinelle.dz\/wp-content\/uploads\/2023\/06\/kif.jpg","contentUrl":"https:\/\/lasentinelle.dz\/wp-content\/uploads\/2023\/06\/kif.jpg","width":1210,"height":682},{"@type":"BreadcrumbList","@id":"https:\/\/lasentinelle.dz\/index.php\/2024\/11\/07\/bilan-operationnel-de-lanp-plus-de-12-qx-de-kif-en-provenance-du-maroc-saisis\/#breadcrumb","itemListElement":[{"@type":"ListItem","position":1,"name":"Accueil","item":"https:\/\/lasentinelle.dz\/"},{"@type":"ListItem","position":2,"name":"Bilan op\u00e9rationnel de l\u2019ANP: Plus de 12 qx de kif en provenance du Maroc saisis"}]},{"@type":"WebSite","@id":"https:\/\/lasentinelle.dz\/#website","url":"https:\/\/lasentinelle.dz\/","name":"La Sentinelle","description":"Quotidien national d&#039;information","publisher":{"@id":"https:\/\/lasentinelle.dz\/#organization"},"potentialAction":[{"@type":"SearchAction","target":{"@type":"EntryPoint","urlTemplate":"https:\/\/lasentinelle.dz\/?s={search_term_string}"},"query-input":{"@type":"PropertyValueSpecification","valueRequired":true,"valueName":"search_term_string"}}],"inLanguage":"fr-FR"},{"@type":"Organization","@id":"https:\/\/lasentinelle.dz\/#organization","name":"Quotidien La Sentinelle","url":"https:\/\/lasentinelle.dz\/","logo":{"@type":"ImageObject","inLanguage":"fr-FR","@id":"https:\/\/lasentinelle.dz\/#\/schema\/logo\/image\/","url":"https:\/\/lasentinelle.dz\/wp-content\/uploads\/2021\/09\/logo-sentinelleSLOGAN-1.png","contentUrl":"https:\/\/lasentinelle.dz\/wp-content\/uploads\/2021\/09\/logo-sentinelleSLOGAN-1.png","width":615,"height":142,"caption":"Quotidien La Sentinelle"},"image":{"@id":"https:\/\/lasentinelle.dz\/#\/schema\/logo\/image\/"},"sameAs":["https:\/\/www.facebook.com\/La-Sentinelle-104059864394773"]},{"@type":"Person","@id":"https:\/\/lasentinelle.dz\/#\/schema\/person\/729ee0024f24e0b8c5ec17232f8e8b41","name":"admin","image":{"@type":"ImageObject","inLanguage":"fr-FR","@id":"https:\/\/secure.gravatar.com\/avatar\/4c81fed838786e9b53f540bf46533e750f5d292099ae3b66cfc6fb1982e29df7?s=96&d=mm&r=g","url":"https:\/\/secure.gravatar.com\/avatar\/4c81fed838786e9b53f540bf46533e750f5d292099ae3b66cfc6fb1982e29df7?s=96&d=mm&r=g","contentUrl":"https:\/\/secure.gravatar.com\/avatar\/4c81fed838786e9b53f540bf46533e750f5d292099ae3b66cfc6fb1982e29df7?s=96&d=mm&r=g","caption":"admin"},"description":"admin","url":"https:\/\/lasentinelle.dz\/author\/admin\/"}]}},"_links":{"self":[{"href":"https:\/\/lasentinelle.dz\/index.php\/wp-json\/wp\/v2\/posts\/59208","targetHints":{"allow":["GET"]}}],"collection":[{"href":"https:\/\/lasentinelle.dz\/index.php\/wp-json\/wp\/v2\/posts"}],"about":[{"href":"https:\/\/lasentinelle.dz\/index.php\/wp-json\/wp\/v2\/types\/post"}],"author":[{"embeddable":true,"href":"https:\/\/lasentinelle.dz\/index.php\/wp-json\/wp\/v2\/users\/6"}],"replies":[{"embeddable":true,"href":"https:\/\/lasentinelle.dz\/index.php\/wp-json\/wp\/v2\/comments?post=59208"}],"version-history":[{"count":1,"href":"https:\/\/lasentinelle.dz\/index.php\/wp-json\/wp\/v2\/posts\/59208\/revisions"}],"predecessor-version":[{"id":59209,"href":"https:\/\/lasentinelle.dz\/index.php\/wp-json\/wp\/v2\/posts\/59208\/revisions\/59209"}],"wp:featuredmedia":[{"embeddable":true,"href":"https:\/\/lasentinelle.dz\/index.php\/wp-json\/wp\/v2\/media\/42978"}],"wp:attachment":[{"href":"https:\/\/lasentinelle.dz\/index.php\/wp-json\/wp\/v2\/media?parent=59208"}],"wp:term":[{"taxonomy":"category","embeddable":true,"href":"https:\/\/lasentinelle.dz\/index.php\/wp-json\/wp\/v2\/categories?post=59208"},{"taxonomy":"post_tag","embeddable":true,"href":"https:\/\/lasentinelle.dz\/index.php\/wp-json\/wp\/v2\/tags?post=59208"}],"curies":[{"name":"wp","href":"https:\/\/api.w.org\/{rel}","templated":true}]}}