{"id":59249,"date":"2024-11-07T12:08:18","date_gmt":"2024-11-07T11:08:18","guid":{"rendered":"https:\/\/lasentinelle.dz\/?p=59249"},"modified":"2024-11-11T12:09:16","modified_gmt":"2024-11-11T11:09:16","slug":"plafonnement-des-prix-et-approvisionnement-du-marche-la-protection-du-pouvoir-dachat-en-priorite","status":"publish","type":"post","link":"https:\/\/lasentinelle.dz\/index.php\/2024\/11\/07\/plafonnement-des-prix-et-approvisionnement-du-marche-la-protection-du-pouvoir-dachat-en-priorite\/","title":{"rendered":"Plafonnement des prix et approvisionnement du march\u00e9: La protection du pouvoir d\u2019achat en priorit\u00e9"},"content":{"rendered":"\n<p>Le Premier ministre Mohamed Nadir Larbaoui, a pr\u00e9sid\u00e9, hier, une r\u00e9union du Gouvernement, ax\u00e9e notamment sur la protection du pouvoir d\u2019achat et la gestion des crises, selon un communiqu\u00e9 des services du Premier ministre. &nbsp;Selon la m\u00eame source, le Gouvernement a examin\u00e9 des propositions portant approvisionnement continu du march\u00e9 en produits de large consommation et le plafonnement des prix, et ce suivant les orientations du Pr\u00e9sident de la R\u00e9publique, ajoutant que l\u2019objectif principal \u00e9tant de pr\u00e9server le pouvoir d\u2019achat et de limiter, en parall\u00e8le, l\u2019inflation.<\/p>\n\n\n\n<p>Et d\u2019ajouter : \u201cdans le cadre du suivi de la mise en \u0153uvre des directives de Monsieur le Pr\u00e9sident de la R\u00e9publique relatives au renforcement des m\u00e9canismes de r\u00e9gulation du march\u00e9, en vue d&rsquo;assurer la stabilit\u00e9 des prix et la pr\u00e9servation du pouvoir d&rsquo;achat du citoyen, le Gouvernement a proc\u00e9d\u00e9 \u00e0 l\u2019examen d&rsquo;un projet de d\u00e9cret ex\u00e9cutif portant les m\u00e9canismes de mise en \u0153uvre des r\u00e8gles applicables aux pratiques commerciales d\u00e9finies par la loi n\u00b0 04-02 du 23 juin 2004\u201d.<\/p>\n\n\n\n<p>Ceci dit, ces mesures interviennent au moment o\u00f9 plusieurs observateurs ont attir\u00e9 l\u2019attention du Gouvernement sur la n\u00e9cessit\u00e9 de renforcer davantage le contr\u00f4le et la r\u00e9gulation du march\u00e9 national alors que des d\u00e9put\u00e9s de l\u2019Assembl\u00e9e populaire nationale (APN) ont plaid\u00e9, hier lors du d\u00e9bat sur le projet de loi de finances 2025, en faveur du renforcement des mesures et m\u00e9canismes de lutte contre la sp\u00e9culation et la pr\u00e9servation du pouvoir d\u2019achat du citoyen.<\/p>\n\n\n\n<p>A cet effet, le ministre du Commerce et de la Promotion des exportations, Tayeb Zitouni, a rappel\u00e9, hier \u00e0 Constantine, l&rsquo;engagement de l&rsquo;Etat \u00e0 pr\u00e9server le pouvoir d&rsquo;achat des citoyens en mettant fin aux agissements des interm\u00e9diaires et des sp\u00e9culateurs qui ont d\u00e9r\u00e9gul\u00e9 le march\u00e9 du caf\u00e9 et qui, selon lui, ont \u00e9t\u00e9 localis\u00e9s. Last but not least, Tayeb Zitouni a affirm\u00e9 que l&rsquo;Etat sera intransigeant et que la loi sera appliqu\u00e9e dans toute sa rigueur, rappelant que les dispositions du d\u00e9cret ex\u00e9cutif n 24-279 du 20 ao\u00fbt 2024 fixant le plafonnement du prix de caf\u00e9 \u00e0 la consommation et les marges b\u00e9n\u00e9ficiaires plafonds \u00e0 l&rsquo;importation ainsi qu&rsquo;\u00e0 la distribution, aux stades de gros et de d\u00e9tail, \u00e9taient ex\u00e9cut\u00e9es \u00e0 la lettre.<\/p>\n\n\n\n<p>Il y a lieu de rappeler que le Pr\u00e9sident de la R\u00e9publique, M. Abdelmadjid Tebboune, a insist\u00e9, lors de la derni\u00e8re r\u00e9union du Conseil des ministres, aupr\u00e8s des ministres du Commerce, de l&rsquo;Industrie et de l&rsquo;Agriculture sur la n\u00e9cessit\u00e9 pour tous de se ressaisir et de d\u00e9terminer les responsabilit\u00e9s, par fid\u00e9lit\u00e9 aux missions assign\u00e9es vis-\u00e0-vis du citoyen qui doit \u00eatre la pr\u00e9occupation majeure de chaque fonctionnaire public.<\/p>\n\n\n\n<p>Le premier magistrat du pays avait enjoint, selon le communiqu\u00e9 du conseil des ministres, au Gouvernement de proc\u00e9der \u00e0 une r\u00e9vision radicale de la r\u00e8glementation r\u00e9gissant la commercialisation du produit national pour le citoyen, \u00e0 travers l&rsquo;\u00e9laboration d&rsquo;une loi consacrant un syst\u00e8me de plafonnement des prix, via des d\u00e9crets, lorsqu&rsquo;il s&rsquo;agit de prix d\u00e9raisonnables des produits de saison. En sus de cela, le Pr\u00e9sident de la R\u00e9publique a ordonn\u00e9, selon la m\u00eame source, au Gouvernement et aux instances de contr\u00f4le y compris les organes de s\u00e9curit\u00e9 de faire preuve d&rsquo;une extr\u00eame vigilance, d&rsquo;intensifier et de porter, au plus haut point, le contr\u00f4le, en pla\u00e7ant les produits agro-alimentaires et les m\u00e9dicaments au c\u0153ur des priorit\u00e9s, pr\u00e9cisant que le Pr\u00e9sident a ordonn\u00e9 de ne pas interdire les op\u00e9rations d&rsquo;importation des mati\u00e8res premi\u00e8res utilis\u00e9es dans la cha\u00eene de production et les industries vitales. Autrement dit, les industries orient\u00e9es vers la fabrication des produits de premi\u00e8re n\u00e9cessit\u00e9 tels que l\u2019huile, le sucre, le caf\u00e9 et le lait.<\/p>\n\n\n\n<p><strong>Plusieurs dossiers \u00e0 l\u2019ordre du jour<\/strong><\/p>\n\n\n\n<p>Sur un autre volet, le gouvernement a examin\u00e9 deux projets de d\u00e9crets ex\u00e9cutifs relatifs aux modalit\u00e9s de gestion des d\u00e9bris et des d\u00e9chets r\u00e9sultant de catastrophes, qui visent \u00e0 poursuivre la mise en \u0153uvre des dispositions de la loi n\u00b024-04 du 26 f\u00e9vrier 2024, portant sur les r\u00e8gles de pr\u00e9vention, d\u2019intervention et de r\u00e9duction des risques de catastrophes dans le cadre du d\u00e9veloppement durable, pr\u00e9voyant, \u00e9galement, la cr\u00e9ation d\u2019une commission sectorielle charg\u00e9e d\u2019\u00e9valuer les dommages caus\u00e9s par les catastrophes.<\/p>\n\n\n\n<p>Un projet de d\u00e9cret ex\u00e9cutif portant sur l\u2019organisation des campagnes de lutte contre les feux de for\u00eat a \u00e9t\u00e9, en outre, examin\u00e9. Ce projet vise \u00e0 renforcer l\u2019efficacit\u00e9 des dispositifs de pr\u00e9vention et de lutte contre les incendies, conform\u00e9ment aux dispositions de la loi n\u00b023-21 du 23 d\u00e9cembre 2023 sur les for\u00eats et les ressources foresti\u00e8res.<\/p>\n\n\n\n<p>Un expos\u00e9 sur le lancement de la haute saison du tourisme saharien a \u00e9t\u00e9 pr\u00e9sent\u00e9, soulignant que le gouvernement a insist\u00e9 sur l\u2019importance de promouvoir efficacement la destination Alg\u00e9rie. Tous les efforts seront d\u00e9ploy\u00e9s pour lever les obstacles administratifs et r\u00e9duire la bureaucratie.<\/p>\n\n\n\n<p>Hakim Aomar<\/p>\n","protected":false},"excerpt":{"rendered":"<p>Le Premier ministre Mohamed Nadir Larbaoui, a pr\u00e9sid\u00e9, hier, une r\u00e9union du Gouvernement, ax\u00e9e notamment sur la protection du pouvoir<\/p>\n","protected":false},"author":6,"featured_media":59250,"comment_status":"open","ping_status":"closed","sticky":false,"template":"","format":"standard","meta":{"colormag_page_container_layout":"default_layout","colormag_page_sidebar_layout":"default_layout","om_disable_all_campaigns":false,"_monsterinsights_skip_tracking":false,"_monsterinsights_sitenote_active":false,"_monsterinsights_sitenote_note":"","_monsterinsights_sitenote_category":0,"footnotes":"","_wpscppro_dont_share_socialmedia":false,"_wpscppro_custom_social_share_image":0,"_facebook_share_type":"default","_twitter_share_type":"default","_linkedin_share_type":"default","_pinterest_share_type":"default","_linkedin_share_type_page":"","_instagram_share_type":"default","_medium_share_type":"default","_threads_share_type":"","_google_business_share_type":"","_selected_social_profile":[],"_wpsp_enable_custom_social_template":false,"_wpsp_social_scheduling":{"enabled":false,"datetime":null,"platforms":[],"status":"template_only","dateOption":"today","timeOption":"now","customDays":"","customHours":"","customDate":"","customTime":"","schedulingType":"absolute"},"_wpsp_active_default_template":true},"categories":[52,27],"tags":[],"class_list":["post-59249","post","type-post","status-publish","format-standard","has-post-thumbnail","hentry","category-a-la-une","category-actualite"],"aioseo_notices":[],"yoast_head":"<!-- This site is optimized with the Yoast SEO plugin v27.5 - https:\/\/yoast.com\/product\/yoast-seo-wordpress\/ -->\n<title>Plafonnement des prix et approvisionnement du march\u00e9: La protection du pouvoir d\u2019achat en priorit\u00e9 - La Sentinelle<\/title>\n<meta name=\"robots\" content=\"index, follow, max-snippet:-1, max-image-preview:large, max-video-preview:-1\" \/>\n<link rel=\"canonical\" href=\"https:\/\/lasentinelle.dz\/index.php\/2024\/11\/07\/plafonnement-des-prix-et-approvisionnement-du-marche-la-protection-du-pouvoir-dachat-en-priorite\/\" \/>\n<meta property=\"og:locale\" content=\"fr_FR\" \/>\n<meta property=\"og:type\" content=\"article\" \/>\n<meta property=\"og:title\" content=\"Plafonnement des prix et approvisionnement du march\u00e9: La protection du pouvoir d\u2019achat en priorit\u00e9 - La Sentinelle\" \/>\n<meta property=\"og:description\" content=\"Le Premier ministre Mohamed Nadir Larbaoui, a pr\u00e9sid\u00e9, hier, une r\u00e9union du Gouvernement, ax\u00e9e notamment sur la protection du pouvoir\" \/>\n<meta property=\"og:url\" content=\"https:\/\/lasentinelle.dz\/index.php\/2024\/11\/07\/plafonnement-des-prix-et-approvisionnement-du-marche-la-protection-du-pouvoir-dachat-en-priorite\/\" \/>\n<meta property=\"og:site_name\" content=\"La Sentinelle\" \/>\n<meta property=\"article:publisher\" content=\"https:\/\/www.facebook.com\/La-Sentinelle-104059864394773\" \/>\n<meta property=\"article:published_time\" content=\"2024-11-07T11:08:18+00:00\" \/>\n<meta property=\"article:modified_time\" content=\"2024-11-11T11:09:16+00:00\" \/>\n<meta property=\"og:image\" content=\"https:\/\/lasentinelle.dz\/wp-content\/uploads\/2024\/11\/supermarche.jpeg\" \/>\n\t<meta property=\"og:image:width\" content=\"1200\" \/>\n\t<meta property=\"og:image:height\" content=\"675\" \/>\n\t<meta property=\"og:image:type\" content=\"image\/jpeg\" \/>\n<meta name=\"author\" content=\"admin\" \/>\n<meta name=\"twitter:card\" content=\"summary_large_image\" \/>\n<meta name=\"twitter:label1\" content=\"\u00c9crit par\" \/>\n\t<meta name=\"twitter:data1\" content=\"admin\" \/>\n\t<meta name=\"twitter:label2\" content=\"Dur\u00e9e de lecture estim\u00e9e\" \/>\n\t<meta name=\"twitter:data2\" content=\"5 minutes\" \/>\n<script type=\"application\/ld+json\" class=\"yoast-schema-graph\">{\"@context\":\"https:\\\/\\\/schema.org\",\"@graph\":[{\"@type\":\"Article\",\"@id\":\"https:\\\/\\\/lasentinelle.dz\\\/index.php\\\/2024\\\/11\\\/07\\\/plafonnement-des-prix-et-approvisionnement-du-marche-la-protection-du-pouvoir-dachat-en-priorite\\\/#article\",\"isPartOf\":{\"@id\":\"https:\\\/\\\/lasentinelle.dz\\\/index.php\\\/2024\\\/11\\\/07\\\/plafonnement-des-prix-et-approvisionnement-du-marche-la-protection-du-pouvoir-dachat-en-priorite\\\/\"},\"author\":{\"name\":\"admin\",\"@id\":\"https:\\\/\\\/lasentinelle.dz\\\/#\\\/schema\\\/person\\\/729ee0024f24e0b8c5ec17232f8e8b41\"},\"headline\":\"Plafonnement des prix et approvisionnement du march\u00e9: La protection du pouvoir d\u2019achat en priorit\u00e9\",\"datePublished\":\"2024-11-07T11:08:18+00:00\",\"dateModified\":\"2024-11-11T11:09:16+00:00\",\"mainEntityOfPage\":{\"@id\":\"https:\\\/\\\/lasentinelle.dz\\\/index.php\\\/2024\\\/11\\\/07\\\/plafonnement-des-prix-et-approvisionnement-du-marche-la-protection-du-pouvoir-dachat-en-priorite\\\/\"},\"wordCount\":919,\"commentCount\":0,\"publisher\":{\"@id\":\"https:\\\/\\\/lasentinelle.dz\\\/#organization\"},\"image\":{\"@id\":\"https:\\\/\\\/lasentinelle.dz\\\/index.php\\\/2024\\\/11\\\/07\\\/plafonnement-des-prix-et-approvisionnement-du-marche-la-protection-du-pouvoir-dachat-en-priorite\\\/#primaryimage\"},\"thumbnailUrl\":\"https:\\\/\\\/lasentinelle.dz\\\/wp-content\\\/uploads\\\/2024\\\/11\\\/supermarche.jpeg\",\"articleSection\":[\"\u00c0 la Une\",\"Actualit\u00e9\"],\"inLanguage\":\"fr-FR\",\"potentialAction\":[{\"@type\":\"CommentAction\",\"name\":\"Comment\",\"target\":[\"https:\\\/\\\/lasentinelle.dz\\\/index.php\\\/2024\\\/11\\\/07\\\/plafonnement-des-prix-et-approvisionnement-du-marche-la-protection-du-pouvoir-dachat-en-priorite\\\/#respond\"]}]},{\"@type\":\"WebPage\",\"@id\":\"https:\\\/\\\/lasentinelle.dz\\\/index.php\\\/2024\\\/11\\\/07\\\/plafonnement-des-prix-et-approvisionnement-du-marche-la-protection-du-pouvoir-dachat-en-priorite\\\/\",\"url\":\"https:\\\/\\\/lasentinelle.dz\\\/index.php\\\/2024\\\/11\\\/07\\\/plafonnement-des-prix-et-approvisionnement-du-marche-la-protection-du-pouvoir-dachat-en-priorite\\\/\",\"name\":\"Plafonnement des prix et approvisionnement du march\u00e9: La protection du pouvoir d\u2019achat en priorit\u00e9 - La Sentinelle\",\"isPartOf\":{\"@id\":\"https:\\\/\\\/lasentinelle.dz\\\/#website\"},\"primaryImageOfPage\":{\"@id\":\"https:\\\/\\\/lasentinelle.dz\\\/index.php\\\/2024\\\/11\\\/07\\\/plafonnement-des-prix-et-approvisionnement-du-marche-la-protection-du-pouvoir-dachat-en-priorite\\\/#primaryimage\"},\"image\":{\"@id\":\"https:\\\/\\\/lasentinelle.dz\\\/index.php\\\/2024\\\/11\\\/07\\\/plafonnement-des-prix-et-approvisionnement-du-marche-la-protection-du-pouvoir-dachat-en-priorite\\\/#primaryimage\"},\"thumbnailUrl\":\"https:\\\/\\\/lasentinelle.dz\\\/wp-content\\\/uploads\\\/2024\\\/11\\\/supermarche.jpeg\",\"datePublished\":\"2024-11-07T11:08:18+00:00\",\"dateModified\":\"2024-11-11T11:09:16+00:00\",\"breadcrumb\":{\"@id\":\"https:\\\/\\\/lasentinelle.dz\\\/index.php\\\/2024\\\/11\\\/07\\\/plafonnement-des-prix-et-approvisionnement-du-marche-la-protection-du-pouvoir-dachat-en-priorite\\\/#breadcrumb\"},\"inLanguage\":\"fr-FR\",\"potentialAction\":[{\"@type\":\"ReadAction\",\"target\":[\"https:\\\/\\\/lasentinelle.dz\\\/index.php\\\/2024\\\/11\\\/07\\\/plafonnement-des-prix-et-approvisionnement-du-marche-la-protection-du-pouvoir-dachat-en-priorite\\\/\"]}]},{\"@type\":\"ImageObject\",\"inLanguage\":\"fr-FR\",\"@id\":\"https:\\\/\\\/lasentinelle.dz\\\/index.php\\\/2024\\\/11\\\/07\\\/plafonnement-des-prix-et-approvisionnement-du-marche-la-protection-du-pouvoir-dachat-en-priorite\\\/#primaryimage\",\"url\":\"https:\\\/\\\/lasentinelle.dz\\\/wp-content\\\/uploads\\\/2024\\\/11\\\/supermarche.jpeg\",\"contentUrl\":\"https:\\\/\\\/lasentinelle.dz\\\/wp-content\\\/uploads\\\/2024\\\/11\\\/supermarche.jpeg\",\"width\":1200,\"height\":675},{\"@type\":\"BreadcrumbList\",\"@id\":\"https:\\\/\\\/lasentinelle.dz\\\/index.php\\\/2024\\\/11\\\/07\\\/plafonnement-des-prix-et-approvisionnement-du-marche-la-protection-du-pouvoir-dachat-en-priorite\\\/#breadcrumb\",\"itemListElement\":[{\"@type\":\"ListItem\",\"position\":1,\"name\":\"Accueil\",\"item\":\"https:\\\/\\\/lasentinelle.dz\\\/\"},{\"@type\":\"ListItem\",\"position\":2,\"name\":\"Plafonnement des prix et approvisionnement du march\u00e9: La protection du pouvoir d\u2019achat en priorit\u00e9\"}]},{\"@type\":\"WebSite\",\"@id\":\"https:\\\/\\\/lasentinelle.dz\\\/#website\",\"url\":\"https:\\\/\\\/lasentinelle.dz\\\/\",\"name\":\"La Sentinelle\",\"description\":\"Quotidien national d&#039;information\",\"publisher\":{\"@id\":\"https:\\\/\\\/lasentinelle.dz\\\/#organization\"},\"potentialAction\":[{\"@type\":\"SearchAction\",\"target\":{\"@type\":\"EntryPoint\",\"urlTemplate\":\"https:\\\/\\\/lasentinelle.dz\\\/?s={search_term_string}\"},\"query-input\":{\"@type\":\"PropertyValueSpecification\",\"valueRequired\":true,\"valueName\":\"search_term_string\"}}],\"inLanguage\":\"fr-FR\"},{\"@type\":\"Organization\",\"@id\":\"https:\\\/\\\/lasentinelle.dz\\\/#organization\",\"name\":\"Quotidien La Sentinelle\",\"url\":\"https:\\\/\\\/lasentinelle.dz\\\/\",\"logo\":{\"@type\":\"ImageObject\",\"inLanguage\":\"fr-FR\",\"@id\":\"https:\\\/\\\/lasentinelle.dz\\\/#\\\/schema\\\/logo\\\/image\\\/\",\"url\":\"https:\\\/\\\/lasentinelle.dz\\\/wp-content\\\/uploads\\\/2021\\\/09\\\/logo-sentinelleSLOGAN-1.png\",\"contentUrl\":\"https:\\\/\\\/lasentinelle.dz\\\/wp-content\\\/uploads\\\/2021\\\/09\\\/logo-sentinelleSLOGAN-1.png\",\"width\":615,\"height\":142,\"caption\":\"Quotidien La Sentinelle\"},\"image\":{\"@id\":\"https:\\\/\\\/lasentinelle.dz\\\/#\\\/schema\\\/logo\\\/image\\\/\"},\"sameAs\":[\"https:\\\/\\\/www.facebook.com\\\/La-Sentinelle-104059864394773\"]},{\"@type\":\"Person\",\"@id\":\"https:\\\/\\\/lasentinelle.dz\\\/#\\\/schema\\\/person\\\/729ee0024f24e0b8c5ec17232f8e8b41\",\"name\":\"admin\",\"image\":{\"@type\":\"ImageObject\",\"inLanguage\":\"fr-FR\",\"@id\":\"https:\\\/\\\/secure.gravatar.com\\\/avatar\\\/4c81fed838786e9b53f540bf46533e750f5d292099ae3b66cfc6fb1982e29df7?s=96&d=mm&r=g\",\"url\":\"https:\\\/\\\/secure.gravatar.com\\\/avatar\\\/4c81fed838786e9b53f540bf46533e750f5d292099ae3b66cfc6fb1982e29df7?s=96&d=mm&r=g\",\"contentUrl\":\"https:\\\/\\\/secure.gravatar.com\\\/avatar\\\/4c81fed838786e9b53f540bf46533e750f5d292099ae3b66cfc6fb1982e29df7?s=96&d=mm&r=g\",\"caption\":\"admin\"},\"description\":\"admin\",\"url\":\"https:\\\/\\\/lasentinelle.dz\\\/author\\\/admin\\\/\"}]}<\/script>\n<!-- \/ Yoast SEO plugin. -->","yoast_head_json":{"title":"Plafonnement des prix et approvisionnement du march\u00e9: La protection du pouvoir d\u2019achat en priorit\u00e9 - La Sentinelle","robots":{"index":"index","follow":"follow","max-snippet":"max-snippet:-1","max-image-preview":"max-image-preview:large","max-video-preview":"max-video-preview:-1"},"canonical":"https:\/\/lasentinelle.dz\/index.php\/2024\/11\/07\/plafonnement-des-prix-et-approvisionnement-du-marche-la-protection-du-pouvoir-dachat-en-priorite\/","og_locale":"fr_FR","og_type":"article","og_title":"Plafonnement des prix et approvisionnement du march\u00e9: La protection du pouvoir d\u2019achat en priorit\u00e9 - La Sentinelle","og_description":"Le Premier ministre Mohamed Nadir Larbaoui, a pr\u00e9sid\u00e9, hier, une r\u00e9union du Gouvernement, ax\u00e9e notamment sur la protection du pouvoir","og_url":"https:\/\/lasentinelle.dz\/index.php\/2024\/11\/07\/plafonnement-des-prix-et-approvisionnement-du-marche-la-protection-du-pouvoir-dachat-en-priorite\/","og_site_name":"La Sentinelle","article_publisher":"https:\/\/www.facebook.com\/La-Sentinelle-104059864394773","article_published_time":"2024-11-07T11:08:18+00:00","article_modified_time":"2024-11-11T11:09:16+00:00","og_image":[{"width":1200,"height":675,"url":"https:\/\/lasentinelle.dz\/wp-content\/uploads\/2024\/11\/supermarche.jpeg","type":"image\/jpeg"}],"author":"admin","twitter_card":"summary_large_image","twitter_misc":{"\u00c9crit par":"admin","Dur\u00e9e de lecture estim\u00e9e":"5 minutes"},"schema":{"@context":"https:\/\/schema.org","@graph":[{"@type":"Article","@id":"https:\/\/lasentinelle.dz\/index.php\/2024\/11\/07\/plafonnement-des-prix-et-approvisionnement-du-marche-la-protection-du-pouvoir-dachat-en-priorite\/#article","isPartOf":{"@id":"https:\/\/lasentinelle.dz\/index.php\/2024\/11\/07\/plafonnement-des-prix-et-approvisionnement-du-marche-la-protection-du-pouvoir-dachat-en-priorite\/"},"author":{"name":"admin","@id":"https:\/\/lasentinelle.dz\/#\/schema\/person\/729ee0024f24e0b8c5ec17232f8e8b41"},"headline":"Plafonnement des prix et approvisionnement du march\u00e9: La protection du pouvoir d\u2019achat en priorit\u00e9","datePublished":"2024-11-07T11:08:18+00:00","dateModified":"2024-11-11T11:09:16+00:00","mainEntityOfPage":{"@id":"https:\/\/lasentinelle.dz\/index.php\/2024\/11\/07\/plafonnement-des-prix-et-approvisionnement-du-marche-la-protection-du-pouvoir-dachat-en-priorite\/"},"wordCount":919,"commentCount":0,"publisher":{"@id":"https:\/\/lasentinelle.dz\/#organization"},"image":{"@id":"https:\/\/lasentinelle.dz\/index.php\/2024\/11\/07\/plafonnement-des-prix-et-approvisionnement-du-marche-la-protection-du-pouvoir-dachat-en-priorite\/#primaryimage"},"thumbnailUrl":"https:\/\/lasentinelle.dz\/wp-content\/uploads\/2024\/11\/supermarche.jpeg","articleSection":["\u00c0 la Une","Actualit\u00e9"],"inLanguage":"fr-FR","potentialAction":[{"@type":"CommentAction","name":"Comment","target":["https:\/\/lasentinelle.dz\/index.php\/2024\/11\/07\/plafonnement-des-prix-et-approvisionnement-du-marche-la-protection-du-pouvoir-dachat-en-priorite\/#respond"]}]},{"@type":"WebPage","@id":"https:\/\/lasentinelle.dz\/index.php\/2024\/11\/07\/plafonnement-des-prix-et-approvisionnement-du-marche-la-protection-du-pouvoir-dachat-en-priorite\/","url":"https:\/\/lasentinelle.dz\/index.php\/2024\/11\/07\/plafonnement-des-prix-et-approvisionnement-du-marche-la-protection-du-pouvoir-dachat-en-priorite\/","name":"Plafonnement des prix et approvisionnement du march\u00e9: La protection du pouvoir d\u2019achat en priorit\u00e9 - La Sentinelle","isPartOf":{"@id":"https:\/\/lasentinelle.dz\/#website"},"primaryImageOfPage":{"@id":"https:\/\/lasentinelle.dz\/index.php\/2024\/11\/07\/plafonnement-des-prix-et-approvisionnement-du-marche-la-protection-du-pouvoir-dachat-en-priorite\/#primaryimage"},"image":{"@id":"https:\/\/lasentinelle.dz\/index.php\/2024\/11\/07\/plafonnement-des-prix-et-approvisionnement-du-marche-la-protection-du-pouvoir-dachat-en-priorite\/#primaryimage"},"thumbnailUrl":"https:\/\/lasentinelle.dz\/wp-content\/uploads\/2024\/11\/supermarche.jpeg","datePublished":"2024-11-07T11:08:18+00:00","dateModified":"2024-11-11T11:09:16+00:00","breadcrumb":{"@id":"https:\/\/lasentinelle.dz\/index.php\/2024\/11\/07\/plafonnement-des-prix-et-approvisionnement-du-marche-la-protection-du-pouvoir-dachat-en-priorite\/#breadcrumb"},"inLanguage":"fr-FR","potentialAction":[{"@type":"ReadAction","target":["https:\/\/lasentinelle.dz\/index.php\/2024\/11\/07\/plafonnement-des-prix-et-approvisionnement-du-marche-la-protection-du-pouvoir-dachat-en-priorite\/"]}]},{"@type":"ImageObject","inLanguage":"fr-FR","@id":"https:\/\/lasentinelle.dz\/index.php\/2024\/11\/07\/plafonnement-des-prix-et-approvisionnement-du-marche-la-protection-du-pouvoir-dachat-en-priorite\/#primaryimage","url":"https:\/\/lasentinelle.dz\/wp-content\/uploads\/2024\/11\/supermarche.jpeg","contentUrl":"https:\/\/lasentinelle.dz\/wp-content\/uploads\/2024\/11\/supermarche.jpeg","width":1200,"height":675},{"@type":"BreadcrumbList","@id":"https:\/\/lasentinelle.dz\/index.php\/2024\/11\/07\/plafonnement-des-prix-et-approvisionnement-du-marche-la-protection-du-pouvoir-dachat-en-priorite\/#breadcrumb","itemListElement":[{"@type":"ListItem","position":1,"name":"Accueil","item":"https:\/\/lasentinelle.dz\/"},{"@type":"ListItem","position":2,"name":"Plafonnement des prix et approvisionnement du march\u00e9: La protection du pouvoir d\u2019achat en priorit\u00e9"}]},{"@type":"WebSite","@id":"https:\/\/lasentinelle.dz\/#website","url":"https:\/\/lasentinelle.dz\/","name":"La Sentinelle","description":"Quotidien national d&#039;information","publisher":{"@id":"https:\/\/lasentinelle.dz\/#organization"},"potentialAction":[{"@type":"SearchAction","target":{"@type":"EntryPoint","urlTemplate":"https:\/\/lasentinelle.dz\/?s={search_term_string}"},"query-input":{"@type":"PropertyValueSpecification","valueRequired":true,"valueName":"search_term_string"}}],"inLanguage":"fr-FR"},{"@type":"Organization","@id":"https:\/\/lasentinelle.dz\/#organization","name":"Quotidien La Sentinelle","url":"https:\/\/lasentinelle.dz\/","logo":{"@type":"ImageObject","inLanguage":"fr-FR","@id":"https:\/\/lasentinelle.dz\/#\/schema\/logo\/image\/","url":"https:\/\/lasentinelle.dz\/wp-content\/uploads\/2021\/09\/logo-sentinelleSLOGAN-1.png","contentUrl":"https:\/\/lasentinelle.dz\/wp-content\/uploads\/2021\/09\/logo-sentinelleSLOGAN-1.png","width":615,"height":142,"caption":"Quotidien La Sentinelle"},"image":{"@id":"https:\/\/lasentinelle.dz\/#\/schema\/logo\/image\/"},"sameAs":["https:\/\/www.facebook.com\/La-Sentinelle-104059864394773"]},{"@type":"Person","@id":"https:\/\/lasentinelle.dz\/#\/schema\/person\/729ee0024f24e0b8c5ec17232f8e8b41","name":"admin","image":{"@type":"ImageObject","inLanguage":"fr-FR","@id":"https:\/\/secure.gravatar.com\/avatar\/4c81fed838786e9b53f540bf46533e750f5d292099ae3b66cfc6fb1982e29df7?s=96&d=mm&r=g","url":"https:\/\/secure.gravatar.com\/avatar\/4c81fed838786e9b53f540bf46533e750f5d292099ae3b66cfc6fb1982e29df7?s=96&d=mm&r=g","contentUrl":"https:\/\/secure.gravatar.com\/avatar\/4c81fed838786e9b53f540bf46533e750f5d292099ae3b66cfc6fb1982e29df7?s=96&d=mm&r=g","caption":"admin"},"description":"admin","url":"https:\/\/lasentinelle.dz\/author\/admin\/"}]}},"_links":{"self":[{"href":"https:\/\/lasentinelle.dz\/index.php\/wp-json\/wp\/v2\/posts\/59249","targetHints":{"allow":["GET"]}}],"collection":[{"href":"https:\/\/lasentinelle.dz\/index.php\/wp-json\/wp\/v2\/posts"}],"about":[{"href":"https:\/\/lasentinelle.dz\/index.php\/wp-json\/wp\/v2\/types\/post"}],"author":[{"embeddable":true,"href":"https:\/\/lasentinelle.dz\/index.php\/wp-json\/wp\/v2\/users\/6"}],"replies":[{"embeddable":true,"href":"https:\/\/lasentinelle.dz\/index.php\/wp-json\/wp\/v2\/comments?post=59249"}],"version-history":[{"count":1,"href":"https:\/\/lasentinelle.dz\/index.php\/wp-json\/wp\/v2\/posts\/59249\/revisions"}],"predecessor-version":[{"id":59251,"href":"https:\/\/lasentinelle.dz\/index.php\/wp-json\/wp\/v2\/posts\/59249\/revisions\/59251"}],"wp:featuredmedia":[{"embeddable":true,"href":"https:\/\/lasentinelle.dz\/index.php\/wp-json\/wp\/v2\/media\/59250"}],"wp:attachment":[{"href":"https:\/\/lasentinelle.dz\/index.php\/wp-json\/wp\/v2\/media?parent=59249"}],"wp:term":[{"taxonomy":"category","embeddable":true,"href":"https:\/\/lasentinelle.dz\/index.php\/wp-json\/wp\/v2\/categories?post=59249"},{"taxonomy":"post_tag","embeddable":true,"href":"https:\/\/lasentinelle.dz\/index.php\/wp-json\/wp\/v2\/tags?post=59249"}],"curies":[{"name":"wp","href":"https:\/\/api.w.org\/{rel}","templated":true}]}}