{"id":59252,"date":"2024-11-12T11:01:27","date_gmt":"2024-11-12T10:01:27","guid":{"rendered":"https:\/\/lasentinelle.dz\/?p=59252"},"modified":"2024-11-12T11:01:28","modified_gmt":"2024-11-12T10:01:28","slug":"les-premieres-nominations-annoncees-la-politique-trump-commence-a-se-mettre-en-place","status":"publish","type":"post","link":"https:\/\/lasentinelle.dz\/index.php\/2024\/11\/12\/les-premieres-nominations-annoncees-la-politique-trump-commence-a-se-mettre-en-place\/","title":{"rendered":"Les premi\u00e8res nominations annonc\u00e9es: La politique Trump commence \u00e0 se mettre en place"},"content":{"rendered":"\n<p>Quelques jours seulement apr\u00e8s sa victoire \u00e0 l&rsquo;\u00e9lection pr\u00e9sidentielle, Donald Trump a annonc\u00e9 les premi\u00e8res nominations aux postes cl\u00e9s qui devront d\u00e9finir ses politiques d\u00e8s son investiture le 20 janvier prochain. Il a ainsi annonc\u00e9 la nomination de la repr\u00e9sentante r\u00e9publicaine de New York Elise Stefanik au poste d&rsquo;ambassadrice des \u00c9tats-Unis aupr\u00e8s des Nations unies. Cette d\u00e9cision symbolise la volont\u00e9 du nouveau pr\u00e9sident de placer ses plus fid\u00e8les soutiens politiques \u00e0 des postes cl\u00e9s de la diplomatie am\u00e9ricaine.<\/p>\n\n\n\n<p>\u00c2g\u00e9e de 38 ans, Elise Stefanik s&rsquo;est fait conna\u00eetre du grand public en 2019 lors de la proc\u00e9dure de destitution lanc\u00e9e contre Trump. Elle s&rsquo;\u00e9tait alors impos\u00e9e comme l&rsquo;une des plus ferventes d\u00e9fenseuses du pr\u00e9sident r\u00e9publicain, participant activement \u00e0 sa strat\u00e9gie de contre-attaque face aux d\u00e9mocrates. Cette nomination \u00e0 l&rsquo;ONU, un poste traditionnellement occup\u00e9 par des diplomates rompus aux arcanes onusiennes, t\u00e9moigne du souhait de Trump de s&rsquo;entourer d&rsquo;alli\u00e9s politiques plut\u00f4t que de personnalit\u00e9s issues du s\u00e9rail diplomatique. Ce choix tranche avec la traditionnelle prudence dont font g\u00e9n\u00e9ralement preuve les pr\u00e9sidents am\u00e9ricains dans la composition de leur \u00e9quipe diplomatique, privil\u00e9giant habituellement l&rsquo;expertise et l&rsquo;exp\u00e9rience aux consid\u00e9rations partisanes. Mais Trump, qui a fait de la loyaut\u00e9 politique l&rsquo;un de ses principaux crit\u00e8res de s\u00e9lection, semble d\u00e9termin\u00e9 \u00e0 marquer un tournant dans la conduite de la politique \u00e9trang\u00e8re am\u00e9ricaine. Parall\u00e8lement \u00e0 la nomination d&rsquo;Elise Stefanik, Donald Trump a \u00e9galement annonc\u00e9 le retour de Tom Homan, un fervent partisan de la ligne dure sur l&rsquo;immigration, \u00e0 la t\u00eate de l&rsquo;agence charg\u00e9e du contr\u00f4le des fronti\u00e8res et de l&rsquo;immigration (ICE). Homan avait d\u00e9j\u00e0 occup\u00e9 ce poste sous la pr\u00e9c\u00e9dente pr\u00e9sidence de Trump, durant laquelle pr\u00e8s de 4 000 enfants migrants avaient \u00e9t\u00e9 s\u00e9par\u00e9s de leurs parents et plac\u00e9s en d\u00e9tention. Ce choix traduit la volont\u00e9 de Trump de replacer l&rsquo;immigration au c\u0153ur de son agenda politique et de renouer avec une approche extr\u00eamement restrictive en mati\u00e8re de politique migratoire. Lors de sa campagne, le r\u00e9publicain s&rsquo;\u00e9tait d\u00e9j\u00e0 d\u00e9cha\u00een\u00e9 \u00e0 plusieurs reprises contre les migrants clandestins, les accusant d'\u00a0\u00bbempoisonner le sang\u00a0\u00bb de son pays. Son souhait de \u00ab\u00a0r\u00e9-instaurer une politique de s\u00e9paration des familles \u00e0 la fronti\u00e8re\u00a0\u00bb avait suscit\u00e9 de vives controverses.<\/p>\n\n\n\n<p><strong>Discussions avec Poutine&nbsp;?<\/strong><\/p>\n\n\n\n<p>La politique de Trump devrait assur\u00e9ment rompre avec celle de son pr\u00e9d\u00e9cesseur sur le dossier ukrainien.Selon des sources anonymes cit\u00e9es par le Washington Post, Donald Trump s&rsquo;est \u00e9galement entretenu avec le pr\u00e9sident russe Vladimir Poutine. Les deux dirigeants auraient discut\u00e9 de \u00ab\u00a0l&rsquo;objectif de paix sur le continent europ\u00e9en\u00a0\u00bb et Trump aurait dit esp\u00e9rer pouvoir avoir d&rsquo;autres discussions pour r\u00e9soudre bient\u00f4t le conflit en Ukraine. Cependant, le Kremlin a rapidement d\u00e9menti ces informations, qualifiant l'\u00a0\u00bb\u00e9change\u00a0\u00bb de \u00ab\u00a0pure invention\u00a0\u00bb et affirmant qu&rsquo;aucun plan concret de discussion n&rsquo;\u00e9tait pour l&rsquo;instant pr\u00e9vu entre les deux hommes. Le porte-parole de Poutine, Dmitri Peskov, a toutefois reconnu que le pr\u00e9sident russe restait \u00ab\u00a0ouvert \u00e0 toutes les n\u00e9gociations\u00a0\u00bb avec les Occidentaux sur l&rsquo;Ukraine, bien qu&rsquo;aucun \u00ab\u00a0signal\u00a0\u00bb n&rsquo;ait \u00e0 ce stade \u00e9t\u00e9 envoy\u00e9 par ces derniers. Lors de sa campagne, Trump s&rsquo;\u00e9tait en effet montr\u00e9 davantage enclin \u00e0 un dialogue avec Poutine, \u00e9voquant la possibilit\u00e9 d'\u00a0\u00bbune paix\u00a0\u00bb et ne manifestant pas de \u00ab\u00a0volont\u00e9 d&rsquo;infliger une d\u00e9faite strat\u00e9gique \u00e0 la Russie\u00a0\u00bb.<\/p>\n\n\n\n<p>Au-del\u00e0 des discussions avec Poutine, les premi\u00e8res d\u00e9clarations de Trump laissent penser que la r\u00e9solution du conflit en Ukraine sera l&rsquo;une des priorit\u00e9s de sa politique \u00e9trang\u00e8re. Selon le Washington Post, le pr\u00e9sident \u00e9lu a indiqu\u00e9 \u00e0 son homologue russe esp\u00e9rer pouvoir \u00ab\u00a0r\u00e9soudre (le conflit) en Ukraine bient\u00f4t\u00a0\u00bb, sans toutefois donner plus de d\u00e9tails sur sa strat\u00e9gie. Au-del\u00e0 des dossiers sp\u00e9cifiques, les premi\u00e8res d\u00e9cisions de Trump en politique \u00e9trang\u00e8re laissent planer le doute sur la place qu&rsquo;il entend accorder \u00e0 l&rsquo;Europe et \u00e0 l&rsquo;OTAN dans sa nouvelle approche. De m\u00eame, le choix de personnalit\u00e9s comme Elise Stefanik et Tom Homan, davantage connues pour leur positionnement id\u00e9ologique que pour leur expertise diplomatique, indique que Trump pourrait privil\u00e9gier une approche unilat\u00e9rale plut\u00f4t qu&rsquo;un multilat\u00e9ralisme ancr\u00e9 dans les alliances traditionnelles. Cette tendance, d\u00e9j\u00e0 observ\u00e9e lors de sa premi\u00e8re pr\u00e9sidence, pourrait se renforcer et marquer durablement la politique \u00e9trang\u00e8re am\u00e9ricaine sous la nouvelle administration Trump.<\/p>\n\n\n\n<p>Lyes Sa\u00efdi<\/p>\n","protected":false},"excerpt":{"rendered":"<p>Quelques jours seulement apr\u00e8s sa victoire \u00e0 l&rsquo;\u00e9lection pr\u00e9sidentielle, Donald Trump a annonc\u00e9 les premi\u00e8res nominations aux postes cl\u00e9s qui<\/p>\n","protected":false},"author":6,"featured_media":38739,"comment_status":"open","ping_status":"closed","sticky":false,"template":"","format":"standard","meta":{"colormag_page_container_layout":"default_layout","colormag_page_sidebar_layout":"default_layout","om_disable_all_campaigns":false,"_monsterinsights_skip_tracking":false,"_monsterinsights_sitenote_active":false,"_monsterinsights_sitenote_note":"","_monsterinsights_sitenote_category":0,"footnotes":"","_wpscppro_dont_share_socialmedia":false,"_wpscppro_custom_social_share_image":0,"_facebook_share_type":"default","_twitter_share_type":"default","_linkedin_share_type":"default","_pinterest_share_type":"default","_linkedin_share_type_page":"","_instagram_share_type":"default","_medium_share_type":"default","_threads_share_type":"","_google_business_share_type":"","_selected_social_profile":[],"_wpsp_enable_custom_social_template":false,"_wpsp_social_scheduling":{"enabled":false,"datetime":null,"platforms":[],"status":"template_only","dateOption":"today","timeOption":"now","customDays":"","customHours":"","customDate":"","customTime":"","schedulingType":"absolute"},"_wpsp_active_default_template":true},"categories":[37],"tags":[],"class_list":["post-59252","post","type-post","status-publish","format-standard","has-post-thumbnail","hentry","category-monde"],"aioseo_notices":[],"yoast_head":"<!-- This site is optimized with the Yoast SEO plugin v27.5 - https:\/\/yoast.com\/product\/yoast-seo-wordpress\/ -->\n<title>Les premi\u00e8res nominations annonc\u00e9es: La politique Trump commence \u00e0 se mettre en place - La Sentinelle<\/title>\n<meta name=\"robots\" content=\"index, follow, max-snippet:-1, max-image-preview:large, max-video-preview:-1\" \/>\n<link rel=\"canonical\" href=\"https:\/\/lasentinelle.dz\/index.php\/2024\/11\/12\/les-premieres-nominations-annoncees-la-politique-trump-commence-a-se-mettre-en-place\/\" \/>\n<meta property=\"og:locale\" content=\"fr_FR\" \/>\n<meta property=\"og:type\" content=\"article\" \/>\n<meta property=\"og:title\" content=\"Les premi\u00e8res nominations annonc\u00e9es: La politique Trump commence \u00e0 se mettre en place - La Sentinelle\" \/>\n<meta property=\"og:description\" content=\"Quelques jours seulement apr\u00e8s sa victoire \u00e0 l&rsquo;\u00e9lection pr\u00e9sidentielle, Donald Trump a annonc\u00e9 les premi\u00e8res nominations aux postes cl\u00e9s qui\" \/>\n<meta property=\"og:url\" content=\"https:\/\/lasentinelle.dz\/index.php\/2024\/11\/12\/les-premieres-nominations-annoncees-la-politique-trump-commence-a-se-mettre-en-place\/\" \/>\n<meta property=\"og:site_name\" content=\"La Sentinelle\" \/>\n<meta property=\"article:publisher\" content=\"https:\/\/www.facebook.com\/La-Sentinelle-104059864394773\" \/>\n<meta property=\"article:published_time\" content=\"2024-11-12T10:01:27+00:00\" \/>\n<meta property=\"article:modified_time\" content=\"2024-11-12T10:01:28+00:00\" \/>\n<meta property=\"og:image\" content=\"https:\/\/lasentinelle.dz\/wp-content\/uploads\/2023\/04\/Trump-.png\" \/>\n\t<meta property=\"og:image:width\" content=\"1593\" \/>\n\t<meta property=\"og:image:height\" content=\"900\" \/>\n\t<meta property=\"og:image:type\" content=\"image\/png\" \/>\n<meta name=\"author\" content=\"admin\" \/>\n<meta name=\"twitter:card\" content=\"summary_large_image\" \/>\n<meta name=\"twitter:label1\" content=\"\u00c9crit par\" \/>\n\t<meta name=\"twitter:data1\" content=\"admin\" \/>\n\t<meta name=\"twitter:label2\" content=\"Dur\u00e9e de lecture estim\u00e9e\" \/>\n\t<meta name=\"twitter:data2\" content=\"4 minutes\" \/>\n<script type=\"application\/ld+json\" class=\"yoast-schema-graph\">{\"@context\":\"https:\\\/\\\/schema.org\",\"@graph\":[{\"@type\":\"Article\",\"@id\":\"https:\\\/\\\/lasentinelle.dz\\\/index.php\\\/2024\\\/11\\\/12\\\/les-premieres-nominations-annoncees-la-politique-trump-commence-a-se-mettre-en-place\\\/#article\",\"isPartOf\":{\"@id\":\"https:\\\/\\\/lasentinelle.dz\\\/index.php\\\/2024\\\/11\\\/12\\\/les-premieres-nominations-annoncees-la-politique-trump-commence-a-se-mettre-en-place\\\/\"},\"author\":{\"name\":\"admin\",\"@id\":\"https:\\\/\\\/lasentinelle.dz\\\/#\\\/schema\\\/person\\\/729ee0024f24e0b8c5ec17232f8e8b41\"},\"headline\":\"Les premi\u00e8res nominations annonc\u00e9es: La politique Trump commence \u00e0 se mettre en place\",\"datePublished\":\"2024-11-12T10:01:27+00:00\",\"dateModified\":\"2024-11-12T10:01:28+00:00\",\"mainEntityOfPage\":{\"@id\":\"https:\\\/\\\/lasentinelle.dz\\\/index.php\\\/2024\\\/11\\\/12\\\/les-premieres-nominations-annoncees-la-politique-trump-commence-a-se-mettre-en-place\\\/\"},\"wordCount\":813,\"commentCount\":0,\"publisher\":{\"@id\":\"https:\\\/\\\/lasentinelle.dz\\\/#organization\"},\"image\":{\"@id\":\"https:\\\/\\\/lasentinelle.dz\\\/index.php\\\/2024\\\/11\\\/12\\\/les-premieres-nominations-annoncees-la-politique-trump-commence-a-se-mettre-en-place\\\/#primaryimage\"},\"thumbnailUrl\":\"https:\\\/\\\/lasentinelle.dz\\\/wp-content\\\/uploads\\\/2023\\\/04\\\/Trump-.png\",\"articleSection\":[\"Monde\"],\"inLanguage\":\"fr-FR\",\"potentialAction\":[{\"@type\":\"CommentAction\",\"name\":\"Comment\",\"target\":[\"https:\\\/\\\/lasentinelle.dz\\\/index.php\\\/2024\\\/11\\\/12\\\/les-premieres-nominations-annoncees-la-politique-trump-commence-a-se-mettre-en-place\\\/#respond\"]}]},{\"@type\":\"WebPage\",\"@id\":\"https:\\\/\\\/lasentinelle.dz\\\/index.php\\\/2024\\\/11\\\/12\\\/les-premieres-nominations-annoncees-la-politique-trump-commence-a-se-mettre-en-place\\\/\",\"url\":\"https:\\\/\\\/lasentinelle.dz\\\/index.php\\\/2024\\\/11\\\/12\\\/les-premieres-nominations-annoncees-la-politique-trump-commence-a-se-mettre-en-place\\\/\",\"name\":\"Les premi\u00e8res nominations annonc\u00e9es: La politique Trump commence \u00e0 se mettre en place - La Sentinelle\",\"isPartOf\":{\"@id\":\"https:\\\/\\\/lasentinelle.dz\\\/#website\"},\"primaryImageOfPage\":{\"@id\":\"https:\\\/\\\/lasentinelle.dz\\\/index.php\\\/2024\\\/11\\\/12\\\/les-premieres-nominations-annoncees-la-politique-trump-commence-a-se-mettre-en-place\\\/#primaryimage\"},\"image\":{\"@id\":\"https:\\\/\\\/lasentinelle.dz\\\/index.php\\\/2024\\\/11\\\/12\\\/les-premieres-nominations-annoncees-la-politique-trump-commence-a-se-mettre-en-place\\\/#primaryimage\"},\"thumbnailUrl\":\"https:\\\/\\\/lasentinelle.dz\\\/wp-content\\\/uploads\\\/2023\\\/04\\\/Trump-.png\",\"datePublished\":\"2024-11-12T10:01:27+00:00\",\"dateModified\":\"2024-11-12T10:01:28+00:00\",\"breadcrumb\":{\"@id\":\"https:\\\/\\\/lasentinelle.dz\\\/index.php\\\/2024\\\/11\\\/12\\\/les-premieres-nominations-annoncees-la-politique-trump-commence-a-se-mettre-en-place\\\/#breadcrumb\"},\"inLanguage\":\"fr-FR\",\"potentialAction\":[{\"@type\":\"ReadAction\",\"target\":[\"https:\\\/\\\/lasentinelle.dz\\\/index.php\\\/2024\\\/11\\\/12\\\/les-premieres-nominations-annoncees-la-politique-trump-commence-a-se-mettre-en-place\\\/\"]}]},{\"@type\":\"ImageObject\",\"inLanguage\":\"fr-FR\",\"@id\":\"https:\\\/\\\/lasentinelle.dz\\\/index.php\\\/2024\\\/11\\\/12\\\/les-premieres-nominations-annoncees-la-politique-trump-commence-a-se-mettre-en-place\\\/#primaryimage\",\"url\":\"https:\\\/\\\/lasentinelle.dz\\\/wp-content\\\/uploads\\\/2023\\\/04\\\/Trump-.png\",\"contentUrl\":\"https:\\\/\\\/lasentinelle.dz\\\/wp-content\\\/uploads\\\/2023\\\/04\\\/Trump-.png\",\"width\":1593,\"height\":900},{\"@type\":\"BreadcrumbList\",\"@id\":\"https:\\\/\\\/lasentinelle.dz\\\/index.php\\\/2024\\\/11\\\/12\\\/les-premieres-nominations-annoncees-la-politique-trump-commence-a-se-mettre-en-place\\\/#breadcrumb\",\"itemListElement\":[{\"@type\":\"ListItem\",\"position\":1,\"name\":\"Accueil\",\"item\":\"https:\\\/\\\/lasentinelle.dz\\\/\"},{\"@type\":\"ListItem\",\"position\":2,\"name\":\"Les premi\u00e8res nominations annonc\u00e9es: La politique Trump commence \u00e0 se mettre en place\"}]},{\"@type\":\"WebSite\",\"@id\":\"https:\\\/\\\/lasentinelle.dz\\\/#website\",\"url\":\"https:\\\/\\\/lasentinelle.dz\\\/\",\"name\":\"La Sentinelle\",\"description\":\"Quotidien national d&#039;information\",\"publisher\":{\"@id\":\"https:\\\/\\\/lasentinelle.dz\\\/#organization\"},\"potentialAction\":[{\"@type\":\"SearchAction\",\"target\":{\"@type\":\"EntryPoint\",\"urlTemplate\":\"https:\\\/\\\/lasentinelle.dz\\\/?s={search_term_string}\"},\"query-input\":{\"@type\":\"PropertyValueSpecification\",\"valueRequired\":true,\"valueName\":\"search_term_string\"}}],\"inLanguage\":\"fr-FR\"},{\"@type\":\"Organization\",\"@id\":\"https:\\\/\\\/lasentinelle.dz\\\/#organization\",\"name\":\"Quotidien La Sentinelle\",\"url\":\"https:\\\/\\\/lasentinelle.dz\\\/\",\"logo\":{\"@type\":\"ImageObject\",\"inLanguage\":\"fr-FR\",\"@id\":\"https:\\\/\\\/lasentinelle.dz\\\/#\\\/schema\\\/logo\\\/image\\\/\",\"url\":\"https:\\\/\\\/lasentinelle.dz\\\/wp-content\\\/uploads\\\/2021\\\/09\\\/logo-sentinelleSLOGAN-1.png\",\"contentUrl\":\"https:\\\/\\\/lasentinelle.dz\\\/wp-content\\\/uploads\\\/2021\\\/09\\\/logo-sentinelleSLOGAN-1.png\",\"width\":615,\"height\":142,\"caption\":\"Quotidien La Sentinelle\"},\"image\":{\"@id\":\"https:\\\/\\\/lasentinelle.dz\\\/#\\\/schema\\\/logo\\\/image\\\/\"},\"sameAs\":[\"https:\\\/\\\/www.facebook.com\\\/La-Sentinelle-104059864394773\"]},{\"@type\":\"Person\",\"@id\":\"https:\\\/\\\/lasentinelle.dz\\\/#\\\/schema\\\/person\\\/729ee0024f24e0b8c5ec17232f8e8b41\",\"name\":\"admin\",\"image\":{\"@type\":\"ImageObject\",\"inLanguage\":\"fr-FR\",\"@id\":\"https:\\\/\\\/secure.gravatar.com\\\/avatar\\\/4c81fed838786e9b53f540bf46533e750f5d292099ae3b66cfc6fb1982e29df7?s=96&d=mm&r=g\",\"url\":\"https:\\\/\\\/secure.gravatar.com\\\/avatar\\\/4c81fed838786e9b53f540bf46533e750f5d292099ae3b66cfc6fb1982e29df7?s=96&d=mm&r=g\",\"contentUrl\":\"https:\\\/\\\/secure.gravatar.com\\\/avatar\\\/4c81fed838786e9b53f540bf46533e750f5d292099ae3b66cfc6fb1982e29df7?s=96&d=mm&r=g\",\"caption\":\"admin\"},\"description\":\"admin\",\"url\":\"https:\\\/\\\/lasentinelle.dz\\\/author\\\/admin\\\/\"}]}<\/script>\n<!-- \/ Yoast SEO plugin. -->","yoast_head_json":{"title":"Les premi\u00e8res nominations annonc\u00e9es: La politique Trump commence \u00e0 se mettre en place - La Sentinelle","robots":{"index":"index","follow":"follow","max-snippet":"max-snippet:-1","max-image-preview":"max-image-preview:large","max-video-preview":"max-video-preview:-1"},"canonical":"https:\/\/lasentinelle.dz\/index.php\/2024\/11\/12\/les-premieres-nominations-annoncees-la-politique-trump-commence-a-se-mettre-en-place\/","og_locale":"fr_FR","og_type":"article","og_title":"Les premi\u00e8res nominations annonc\u00e9es: La politique Trump commence \u00e0 se mettre en place - La Sentinelle","og_description":"Quelques jours seulement apr\u00e8s sa victoire \u00e0 l&rsquo;\u00e9lection pr\u00e9sidentielle, Donald Trump a annonc\u00e9 les premi\u00e8res nominations aux postes cl\u00e9s qui","og_url":"https:\/\/lasentinelle.dz\/index.php\/2024\/11\/12\/les-premieres-nominations-annoncees-la-politique-trump-commence-a-se-mettre-en-place\/","og_site_name":"La Sentinelle","article_publisher":"https:\/\/www.facebook.com\/La-Sentinelle-104059864394773","article_published_time":"2024-11-12T10:01:27+00:00","article_modified_time":"2024-11-12T10:01:28+00:00","og_image":[{"width":1593,"height":900,"url":"https:\/\/lasentinelle.dz\/wp-content\/uploads\/2023\/04\/Trump-.png","type":"image\/png"}],"author":"admin","twitter_card":"summary_large_image","twitter_misc":{"\u00c9crit par":"admin","Dur\u00e9e de lecture estim\u00e9e":"4 minutes"},"schema":{"@context":"https:\/\/schema.org","@graph":[{"@type":"Article","@id":"https:\/\/lasentinelle.dz\/index.php\/2024\/11\/12\/les-premieres-nominations-annoncees-la-politique-trump-commence-a-se-mettre-en-place\/#article","isPartOf":{"@id":"https:\/\/lasentinelle.dz\/index.php\/2024\/11\/12\/les-premieres-nominations-annoncees-la-politique-trump-commence-a-se-mettre-en-place\/"},"author":{"name":"admin","@id":"https:\/\/lasentinelle.dz\/#\/schema\/person\/729ee0024f24e0b8c5ec17232f8e8b41"},"headline":"Les premi\u00e8res nominations annonc\u00e9es: La politique Trump commence \u00e0 se mettre en place","datePublished":"2024-11-12T10:01:27+00:00","dateModified":"2024-11-12T10:01:28+00:00","mainEntityOfPage":{"@id":"https:\/\/lasentinelle.dz\/index.php\/2024\/11\/12\/les-premieres-nominations-annoncees-la-politique-trump-commence-a-se-mettre-en-place\/"},"wordCount":813,"commentCount":0,"publisher":{"@id":"https:\/\/lasentinelle.dz\/#organization"},"image":{"@id":"https:\/\/lasentinelle.dz\/index.php\/2024\/11\/12\/les-premieres-nominations-annoncees-la-politique-trump-commence-a-se-mettre-en-place\/#primaryimage"},"thumbnailUrl":"https:\/\/lasentinelle.dz\/wp-content\/uploads\/2023\/04\/Trump-.png","articleSection":["Monde"],"inLanguage":"fr-FR","potentialAction":[{"@type":"CommentAction","name":"Comment","target":["https:\/\/lasentinelle.dz\/index.php\/2024\/11\/12\/les-premieres-nominations-annoncees-la-politique-trump-commence-a-se-mettre-en-place\/#respond"]}]},{"@type":"WebPage","@id":"https:\/\/lasentinelle.dz\/index.php\/2024\/11\/12\/les-premieres-nominations-annoncees-la-politique-trump-commence-a-se-mettre-en-place\/","url":"https:\/\/lasentinelle.dz\/index.php\/2024\/11\/12\/les-premieres-nominations-annoncees-la-politique-trump-commence-a-se-mettre-en-place\/","name":"Les premi\u00e8res nominations annonc\u00e9es: La politique Trump commence \u00e0 se mettre en place - La Sentinelle","isPartOf":{"@id":"https:\/\/lasentinelle.dz\/#website"},"primaryImageOfPage":{"@id":"https:\/\/lasentinelle.dz\/index.php\/2024\/11\/12\/les-premieres-nominations-annoncees-la-politique-trump-commence-a-se-mettre-en-place\/#primaryimage"},"image":{"@id":"https:\/\/lasentinelle.dz\/index.php\/2024\/11\/12\/les-premieres-nominations-annoncees-la-politique-trump-commence-a-se-mettre-en-place\/#primaryimage"},"thumbnailUrl":"https:\/\/lasentinelle.dz\/wp-content\/uploads\/2023\/04\/Trump-.png","datePublished":"2024-11-12T10:01:27+00:00","dateModified":"2024-11-12T10:01:28+00:00","breadcrumb":{"@id":"https:\/\/lasentinelle.dz\/index.php\/2024\/11\/12\/les-premieres-nominations-annoncees-la-politique-trump-commence-a-se-mettre-en-place\/#breadcrumb"},"inLanguage":"fr-FR","potentialAction":[{"@type":"ReadAction","target":["https:\/\/lasentinelle.dz\/index.php\/2024\/11\/12\/les-premieres-nominations-annoncees-la-politique-trump-commence-a-se-mettre-en-place\/"]}]},{"@type":"ImageObject","inLanguage":"fr-FR","@id":"https:\/\/lasentinelle.dz\/index.php\/2024\/11\/12\/les-premieres-nominations-annoncees-la-politique-trump-commence-a-se-mettre-en-place\/#primaryimage","url":"https:\/\/lasentinelle.dz\/wp-content\/uploads\/2023\/04\/Trump-.png","contentUrl":"https:\/\/lasentinelle.dz\/wp-content\/uploads\/2023\/04\/Trump-.png","width":1593,"height":900},{"@type":"BreadcrumbList","@id":"https:\/\/lasentinelle.dz\/index.php\/2024\/11\/12\/les-premieres-nominations-annoncees-la-politique-trump-commence-a-se-mettre-en-place\/#breadcrumb","itemListElement":[{"@type":"ListItem","position":1,"name":"Accueil","item":"https:\/\/lasentinelle.dz\/"},{"@type":"ListItem","position":2,"name":"Les premi\u00e8res nominations annonc\u00e9es: La politique Trump commence \u00e0 se mettre en place"}]},{"@type":"WebSite","@id":"https:\/\/lasentinelle.dz\/#website","url":"https:\/\/lasentinelle.dz\/","name":"La Sentinelle","description":"Quotidien national d&#039;information","publisher":{"@id":"https:\/\/lasentinelle.dz\/#organization"},"potentialAction":[{"@type":"SearchAction","target":{"@type":"EntryPoint","urlTemplate":"https:\/\/lasentinelle.dz\/?s={search_term_string}"},"query-input":{"@type":"PropertyValueSpecification","valueRequired":true,"valueName":"search_term_string"}}],"inLanguage":"fr-FR"},{"@type":"Organization","@id":"https:\/\/lasentinelle.dz\/#organization","name":"Quotidien La Sentinelle","url":"https:\/\/lasentinelle.dz\/","logo":{"@type":"ImageObject","inLanguage":"fr-FR","@id":"https:\/\/lasentinelle.dz\/#\/schema\/logo\/image\/","url":"https:\/\/lasentinelle.dz\/wp-content\/uploads\/2021\/09\/logo-sentinelleSLOGAN-1.png","contentUrl":"https:\/\/lasentinelle.dz\/wp-content\/uploads\/2021\/09\/logo-sentinelleSLOGAN-1.png","width":615,"height":142,"caption":"Quotidien La Sentinelle"},"image":{"@id":"https:\/\/lasentinelle.dz\/#\/schema\/logo\/image\/"},"sameAs":["https:\/\/www.facebook.com\/La-Sentinelle-104059864394773"]},{"@type":"Person","@id":"https:\/\/lasentinelle.dz\/#\/schema\/person\/729ee0024f24e0b8c5ec17232f8e8b41","name":"admin","image":{"@type":"ImageObject","inLanguage":"fr-FR","@id":"https:\/\/secure.gravatar.com\/avatar\/4c81fed838786e9b53f540bf46533e750f5d292099ae3b66cfc6fb1982e29df7?s=96&d=mm&r=g","url":"https:\/\/secure.gravatar.com\/avatar\/4c81fed838786e9b53f540bf46533e750f5d292099ae3b66cfc6fb1982e29df7?s=96&d=mm&r=g","contentUrl":"https:\/\/secure.gravatar.com\/avatar\/4c81fed838786e9b53f540bf46533e750f5d292099ae3b66cfc6fb1982e29df7?s=96&d=mm&r=g","caption":"admin"},"description":"admin","url":"https:\/\/lasentinelle.dz\/author\/admin\/"}]}},"_links":{"self":[{"href":"https:\/\/lasentinelle.dz\/index.php\/wp-json\/wp\/v2\/posts\/59252","targetHints":{"allow":["GET"]}}],"collection":[{"href":"https:\/\/lasentinelle.dz\/index.php\/wp-json\/wp\/v2\/posts"}],"about":[{"href":"https:\/\/lasentinelle.dz\/index.php\/wp-json\/wp\/v2\/types\/post"}],"author":[{"embeddable":true,"href":"https:\/\/lasentinelle.dz\/index.php\/wp-json\/wp\/v2\/users\/6"}],"replies":[{"embeddable":true,"href":"https:\/\/lasentinelle.dz\/index.php\/wp-json\/wp\/v2\/comments?post=59252"}],"version-history":[{"count":1,"href":"https:\/\/lasentinelle.dz\/index.php\/wp-json\/wp\/v2\/posts\/59252\/revisions"}],"predecessor-version":[{"id":59253,"href":"https:\/\/lasentinelle.dz\/index.php\/wp-json\/wp\/v2\/posts\/59252\/revisions\/59253"}],"wp:featuredmedia":[{"embeddable":true,"href":"https:\/\/lasentinelle.dz\/index.php\/wp-json\/wp\/v2\/media\/38739"}],"wp:attachment":[{"href":"https:\/\/lasentinelle.dz\/index.php\/wp-json\/wp\/v2\/media?parent=59252"}],"wp:term":[{"taxonomy":"category","embeddable":true,"href":"https:\/\/lasentinelle.dz\/index.php\/wp-json\/wp\/v2\/categories?post=59252"},{"taxonomy":"post_tag","embeddable":true,"href":"https:\/\/lasentinelle.dz\/index.php\/wp-json\/wp\/v2\/tags?post=59252"}],"curies":[{"name":"wp","href":"https:\/\/api.w.org\/{rel}","templated":true}]}}