{"id":59265,"date":"2024-11-12T11:06:09","date_gmt":"2024-11-12T10:06:09","guid":{"rendered":"https:\/\/lasentinelle.dz\/?p=59265"},"modified":"2024-11-12T11:06:09","modified_gmt":"2024-11-12T10:06:09","slug":"can-u20-derniere-ligne-droite-pour-les-verts","status":"publish","type":"post","link":"https:\/\/lasentinelle.dz\/index.php\/2024\/11\/12\/can-u20-derniere-ligne-droite-pour-les-verts\/","title":{"rendered":"CAN U20 : Derni\u00e8re ligne droite pour les Verts"},"content":{"rendered":"\n<p>La s\u00e9lection nationale des moins de 20 ans est en pleine pr\u00e9paration en vue du Tournoi de l&rsquo;Union Nord-Africaine de Football (UNAF), qui aura lieu du 14 au 26 novembre en cours en \u00c9gypte. Le tournoi est qualificatif pour la prochaine Coupe d&rsquo;Afrique des Nations (CAN) U20, dont le pays h\u00f4te n&rsquo;a pas encore \u00e9t\u00e9 d\u00e9sign\u00e9.<\/p>\n\n\n\n<p>Apr\u00e8s avoir manqu\u00e9 la derni\u00e8re \u00e9dition de la CAN en 2023, o\u00f9 ils avaient termin\u00e9 derniers du tournoi UNAF avec seulement 2 points, les jeunes Verts sont bien d\u00e9cid\u00e9s \u00e0 se racheter cette fois-ci et \u00e0 d\u00e9crocher leur billet pour la phase finale de la comp\u00e9tition continentale. Sous la houlette du s\u00e9lectionneur national Yacine Manaa, les joueurs ont entam\u00e9 dimanche un stage de pr\u00e9paration de deux jours \u00e0 l&rsquo;ESHRA d&rsquo;A\u00efn Benian, \u00e0 Alger. Tous les \u00e9l\u00e9ments convoqu\u00e9s, aussi bien ceux \u00e9voluant en Alg\u00e9rie que ceux bas\u00e9s \u00e0 l&rsquo;\u00e9tranger, ont r\u00e9pondu pr\u00e9sents \u00e0 l&rsquo;appel.&nbsp; Lors de cette ultime phase de pr\u00e9paration avant le d\u00e9part pour l&rsquo;\u00c9gypte ce mardi, les joueurs ont effectu\u00e9 une premi\u00e8re s\u00e9ance d&rsquo;entra\u00eenement en fin d&rsquo;apr\u00e8s-midi. L&rsquo;objectif est de peaufiner les derniers r\u00e9glages et de travailler sur les derniers d\u00e9tails avant le d\u00e9but de la comp\u00e9tition. Pour cette \u00e9dition 2024 du tournoi UNAF, Yacine Manaa a fait appel \u00e0 un groupe de 20 joueurs, dont 6 \u00e9voluent en Europe. Une \u00e9quipe jeune et ambitieuse, qui aura \u00e0 c\u0153ur de briller et de d\u00e9crocher la qualification pour la CAN. Parmi les joueurs les plus en vue, on peut citer le milieu de terrain Lahlou Akhrib, qui \u00e9volue \u00e0 la JS Kabylie, ou encore l&rsquo;attaquant Jawad Kolli Rayan, pensionnaire du Queens Park Rangers en Angleterre.&nbsp; \u00c0 quelques jours du d\u00e9but du tournoi, le s\u00e9lectionneur national Yacine Manaa s&rsquo;est montr\u00e9 confiant et ambitieux. \u00ab\u00a0Je vais \u00eatre franc et assumer toutes mes responsabilit\u00e9s, il n&rsquo;y aura aucune excuse pour rater ce rendez-vous. Nous nous sommes bien pr\u00e9par\u00e9s pour ce tournoi et notre \u00e9quipe poss\u00e8de le talent n\u00e9cessaire pour d\u00e9crocher la qualification \u00e0 la CAN. Nous allons, donc, jouer nos chances \u00e0 fond pour atteindre cet objectif\u00a0\u00bb, a-t-il d\u00e9clar\u00e9 lors d&rsquo;un point presse organis\u00e9e mercredi dernier. Cependant, le technicien a regrett\u00e9 certaines difficult\u00e9s rencontr\u00e9es, notamment le fait que la Conf\u00e9d\u00e9ration africaine de football (CAF) ait limit\u00e9 l&rsquo;effectif \u00e0 20 joueurs, r\u00e9duisant ainsi les possibilit\u00e9s de rotation. De plus, les dates du tournoi UNAF, qui se d\u00e9roule du 14 au 26 novembre, ne co\u00efncident pas avec la fen\u00eatre internationale FIFA (11-19 novembre), rendant complexe la convocation de certains joueurs \u00e9voluant dans des clubs professionnels.<\/p>\n\n\n\n<p>Sur le plan sportif, l&rsquo;\u00e9quipe nationale a b\u00e9n\u00e9fici\u00e9 d&rsquo;un tirage au sort plut\u00f4t favorable. Exempt\u00e9e du premier tour, elle d\u00e9butera le tournoi le dimanche prochain&nbsp; face \u00e0 l&rsquo;\u00c9gypte, avant d&rsquo;affronter successivement le Maroc, la Tunisie et la Libye. \u00ab\u00a0Nous abordons ce tournoi avec un l\u00e9ger avantage apr\u00e8s la publication du programme de comp\u00e9tition. Notre \u00e9quipe est exempt\u00e9e de la premi\u00e8re journ\u00e9e et nous aurons l&rsquo;occasion de superviser nos adversaires. Mais la concurrence reste tout de m\u00eame rude, mais nous ferons le maximum pour se qualifier\u00a0\u00bb, a soulign\u00e9 Yacine Manaa. Rappelons que seuls les deux premiers de ce tournoi UNAF seront qualifi\u00e9s pour la phase finale de la prochaine CAN U20. Une pression suppl\u00e9mentaire pour les juniors, qui auront \u00e0 c\u0153ur de se racheter apr\u00e8s la d\u00e9sillusion de 2023. Avec un effectif talentueux, une pr\u00e9paration solide et un tirage plut\u00f4t favorable, les co\u00e9quipiers de Lahlou Akhrib ont les moyens de d\u00e9crocher leur billet pour la CAN U20. Reste maintenant \u00e0 confirmer sur le terrain lors de ce tournoi UNAF d\u00e9cisif.<\/p>\n\n\n\n<p><strong>Moncef Dahleb<\/strong><\/p>\n","protected":false},"excerpt":{"rendered":"<p>La s\u00e9lection nationale des moins de 20 ans est en pleine pr\u00e9paration en vue du Tournoi de l&rsquo;Union Nord-Africaine de<\/p>\n","protected":false},"author":6,"featured_media":59266,"comment_status":"open","ping_status":"closed","sticky":false,"template":"","format":"standard","meta":{"colormag_page_container_layout":"default_layout","colormag_page_sidebar_layout":"default_layout","om_disable_all_campaigns":false,"_monsterinsights_skip_tracking":false,"_monsterinsights_sitenote_active":false,"_monsterinsights_sitenote_note":"","_monsterinsights_sitenote_category":0,"footnotes":"","_wpscppro_dont_share_socialmedia":false,"_wpscppro_custom_social_share_image":0,"_facebook_share_type":"default","_twitter_share_type":"default","_linkedin_share_type":"default","_pinterest_share_type":"default","_linkedin_share_type_page":"","_instagram_share_type":"default","_medium_share_type":"default","_threads_share_type":"","_google_business_share_type":"","_selected_social_profile":[],"_wpsp_enable_custom_social_template":false,"_wpsp_social_scheduling":{"enabled":false,"datetime":null,"platforms":[],"status":"template_only","dateOption":"today","timeOption":"now","customDays":"","customHours":"","customDate":"","customTime":"","schedulingType":"absolute"},"_wpsp_active_default_template":true},"categories":[33],"tags":[],"class_list":["post-59265","post","type-post","status-publish","format-standard","has-post-thumbnail","hentry","category-sports"],"aioseo_notices":[],"yoast_head":"<!-- This site is optimized with the Yoast SEO plugin v27.5 - https:\/\/yoast.com\/product\/yoast-seo-wordpress\/ -->\n<title>CAN U20 : Derni\u00e8re ligne droite pour les Verts - La Sentinelle<\/title>\n<meta name=\"robots\" content=\"index, follow, max-snippet:-1, max-image-preview:large, max-video-preview:-1\" \/>\n<link rel=\"canonical\" href=\"https:\/\/lasentinelle.dz\/index.php\/2024\/11\/12\/can-u20-derniere-ligne-droite-pour-les-verts\/\" \/>\n<meta property=\"og:locale\" content=\"fr_FR\" \/>\n<meta property=\"og:type\" content=\"article\" \/>\n<meta property=\"og:title\" content=\"CAN U20 : Derni\u00e8re ligne droite pour les Verts - La Sentinelle\" \/>\n<meta property=\"og:description\" content=\"La s\u00e9lection nationale des moins de 20 ans est en pleine pr\u00e9paration en vue du Tournoi de l&rsquo;Union Nord-Africaine de\" \/>\n<meta property=\"og:url\" content=\"https:\/\/lasentinelle.dz\/index.php\/2024\/11\/12\/can-u20-derniere-ligne-droite-pour-les-verts\/\" \/>\n<meta property=\"og:site_name\" content=\"La Sentinelle\" \/>\n<meta property=\"article:publisher\" content=\"https:\/\/www.facebook.com\/La-Sentinelle-104059864394773\" \/>\n<meta property=\"article:published_time\" content=\"2024-11-12T10:06:09+00:00\" \/>\n<meta property=\"og:image\" content=\"https:\/\/lasentinelle.dz\/wp-content\/uploads\/2024\/11\/U20.jpeg\" \/>\n\t<meta property=\"og:image:width\" content=\"2400\" \/>\n\t<meta property=\"og:image:height\" content=\"1600\" \/>\n\t<meta property=\"og:image:type\" content=\"image\/jpeg\" \/>\n<meta name=\"author\" content=\"admin\" \/>\n<meta name=\"twitter:card\" content=\"summary_large_image\" \/>\n<meta name=\"twitter:label1\" content=\"\u00c9crit par\" \/>\n\t<meta name=\"twitter:data1\" content=\"admin\" \/>\n\t<meta name=\"twitter:label2\" content=\"Dur\u00e9e de lecture estim\u00e9e\" \/>\n\t<meta name=\"twitter:data2\" content=\"4 minutes\" \/>\n<script type=\"application\/ld+json\" class=\"yoast-schema-graph\">{\"@context\":\"https:\\\/\\\/schema.org\",\"@graph\":[{\"@type\":\"Article\",\"@id\":\"https:\\\/\\\/lasentinelle.dz\\\/index.php\\\/2024\\\/11\\\/12\\\/can-u20-derniere-ligne-droite-pour-les-verts\\\/#article\",\"isPartOf\":{\"@id\":\"https:\\\/\\\/lasentinelle.dz\\\/index.php\\\/2024\\\/11\\\/12\\\/can-u20-derniere-ligne-droite-pour-les-verts\\\/\"},\"author\":{\"name\":\"admin\",\"@id\":\"https:\\\/\\\/lasentinelle.dz\\\/#\\\/schema\\\/person\\\/729ee0024f24e0b8c5ec17232f8e8b41\"},\"headline\":\"CAN U20 : Derni\u00e8re ligne droite pour les Verts\",\"datePublished\":\"2024-11-12T10:06:09+00:00\",\"mainEntityOfPage\":{\"@id\":\"https:\\\/\\\/lasentinelle.dz\\\/index.php\\\/2024\\\/11\\\/12\\\/can-u20-derniere-ligne-droite-pour-les-verts\\\/\"},\"wordCount\":664,\"commentCount\":0,\"publisher\":{\"@id\":\"https:\\\/\\\/lasentinelle.dz\\\/#organization\"},\"image\":{\"@id\":\"https:\\\/\\\/lasentinelle.dz\\\/index.php\\\/2024\\\/11\\\/12\\\/can-u20-derniere-ligne-droite-pour-les-verts\\\/#primaryimage\"},\"thumbnailUrl\":\"https:\\\/\\\/lasentinelle.dz\\\/wp-content\\\/uploads\\\/2024\\\/11\\\/U20.jpeg\",\"articleSection\":[\"Sports\"],\"inLanguage\":\"fr-FR\",\"potentialAction\":[{\"@type\":\"CommentAction\",\"name\":\"Comment\",\"target\":[\"https:\\\/\\\/lasentinelle.dz\\\/index.php\\\/2024\\\/11\\\/12\\\/can-u20-derniere-ligne-droite-pour-les-verts\\\/#respond\"]}]},{\"@type\":\"WebPage\",\"@id\":\"https:\\\/\\\/lasentinelle.dz\\\/index.php\\\/2024\\\/11\\\/12\\\/can-u20-derniere-ligne-droite-pour-les-verts\\\/\",\"url\":\"https:\\\/\\\/lasentinelle.dz\\\/index.php\\\/2024\\\/11\\\/12\\\/can-u20-derniere-ligne-droite-pour-les-verts\\\/\",\"name\":\"CAN U20 : Derni\u00e8re ligne droite pour les Verts - La Sentinelle\",\"isPartOf\":{\"@id\":\"https:\\\/\\\/lasentinelle.dz\\\/#website\"},\"primaryImageOfPage\":{\"@id\":\"https:\\\/\\\/lasentinelle.dz\\\/index.php\\\/2024\\\/11\\\/12\\\/can-u20-derniere-ligne-droite-pour-les-verts\\\/#primaryimage\"},\"image\":{\"@id\":\"https:\\\/\\\/lasentinelle.dz\\\/index.php\\\/2024\\\/11\\\/12\\\/can-u20-derniere-ligne-droite-pour-les-verts\\\/#primaryimage\"},\"thumbnailUrl\":\"https:\\\/\\\/lasentinelle.dz\\\/wp-content\\\/uploads\\\/2024\\\/11\\\/U20.jpeg\",\"datePublished\":\"2024-11-12T10:06:09+00:00\",\"breadcrumb\":{\"@id\":\"https:\\\/\\\/lasentinelle.dz\\\/index.php\\\/2024\\\/11\\\/12\\\/can-u20-derniere-ligne-droite-pour-les-verts\\\/#breadcrumb\"},\"inLanguage\":\"fr-FR\",\"potentialAction\":[{\"@type\":\"ReadAction\",\"target\":[\"https:\\\/\\\/lasentinelle.dz\\\/index.php\\\/2024\\\/11\\\/12\\\/can-u20-derniere-ligne-droite-pour-les-verts\\\/\"]}]},{\"@type\":\"ImageObject\",\"inLanguage\":\"fr-FR\",\"@id\":\"https:\\\/\\\/lasentinelle.dz\\\/index.php\\\/2024\\\/11\\\/12\\\/can-u20-derniere-ligne-droite-pour-les-verts\\\/#primaryimage\",\"url\":\"https:\\\/\\\/lasentinelle.dz\\\/wp-content\\\/uploads\\\/2024\\\/11\\\/U20.jpeg\",\"contentUrl\":\"https:\\\/\\\/lasentinelle.dz\\\/wp-content\\\/uploads\\\/2024\\\/11\\\/U20.jpeg\",\"width\":2400,\"height\":1600},{\"@type\":\"BreadcrumbList\",\"@id\":\"https:\\\/\\\/lasentinelle.dz\\\/index.php\\\/2024\\\/11\\\/12\\\/can-u20-derniere-ligne-droite-pour-les-verts\\\/#breadcrumb\",\"itemListElement\":[{\"@type\":\"ListItem\",\"position\":1,\"name\":\"Accueil\",\"item\":\"https:\\\/\\\/lasentinelle.dz\\\/\"},{\"@type\":\"ListItem\",\"position\":2,\"name\":\"CAN U20 : Derni\u00e8re ligne droite pour les Verts\"}]},{\"@type\":\"WebSite\",\"@id\":\"https:\\\/\\\/lasentinelle.dz\\\/#website\",\"url\":\"https:\\\/\\\/lasentinelle.dz\\\/\",\"name\":\"La Sentinelle\",\"description\":\"Quotidien national d&#039;information\",\"publisher\":{\"@id\":\"https:\\\/\\\/lasentinelle.dz\\\/#organization\"},\"potentialAction\":[{\"@type\":\"SearchAction\",\"target\":{\"@type\":\"EntryPoint\",\"urlTemplate\":\"https:\\\/\\\/lasentinelle.dz\\\/?s={search_term_string}\"},\"query-input\":{\"@type\":\"PropertyValueSpecification\",\"valueRequired\":true,\"valueName\":\"search_term_string\"}}],\"inLanguage\":\"fr-FR\"},{\"@type\":\"Organization\",\"@id\":\"https:\\\/\\\/lasentinelle.dz\\\/#organization\",\"name\":\"Quotidien La Sentinelle\",\"url\":\"https:\\\/\\\/lasentinelle.dz\\\/\",\"logo\":{\"@type\":\"ImageObject\",\"inLanguage\":\"fr-FR\",\"@id\":\"https:\\\/\\\/lasentinelle.dz\\\/#\\\/schema\\\/logo\\\/image\\\/\",\"url\":\"https:\\\/\\\/lasentinelle.dz\\\/wp-content\\\/uploads\\\/2021\\\/09\\\/logo-sentinelleSLOGAN-1.png\",\"contentUrl\":\"https:\\\/\\\/lasentinelle.dz\\\/wp-content\\\/uploads\\\/2021\\\/09\\\/logo-sentinelleSLOGAN-1.png\",\"width\":615,\"height\":142,\"caption\":\"Quotidien La Sentinelle\"},\"image\":{\"@id\":\"https:\\\/\\\/lasentinelle.dz\\\/#\\\/schema\\\/logo\\\/image\\\/\"},\"sameAs\":[\"https:\\\/\\\/www.facebook.com\\\/La-Sentinelle-104059864394773\"]},{\"@type\":\"Person\",\"@id\":\"https:\\\/\\\/lasentinelle.dz\\\/#\\\/schema\\\/person\\\/729ee0024f24e0b8c5ec17232f8e8b41\",\"name\":\"admin\",\"image\":{\"@type\":\"ImageObject\",\"inLanguage\":\"fr-FR\",\"@id\":\"https:\\\/\\\/secure.gravatar.com\\\/avatar\\\/4c81fed838786e9b53f540bf46533e750f5d292099ae3b66cfc6fb1982e29df7?s=96&d=mm&r=g\",\"url\":\"https:\\\/\\\/secure.gravatar.com\\\/avatar\\\/4c81fed838786e9b53f540bf46533e750f5d292099ae3b66cfc6fb1982e29df7?s=96&d=mm&r=g\",\"contentUrl\":\"https:\\\/\\\/secure.gravatar.com\\\/avatar\\\/4c81fed838786e9b53f540bf46533e750f5d292099ae3b66cfc6fb1982e29df7?s=96&d=mm&r=g\",\"caption\":\"admin\"},\"description\":\"admin\",\"url\":\"https:\\\/\\\/lasentinelle.dz\\\/author\\\/admin\\\/\"}]}<\/script>\n<!-- \/ Yoast SEO plugin. -->","yoast_head_json":{"title":"CAN U20 : Derni\u00e8re ligne droite pour les Verts - La Sentinelle","robots":{"index":"index","follow":"follow","max-snippet":"max-snippet:-1","max-image-preview":"max-image-preview:large","max-video-preview":"max-video-preview:-1"},"canonical":"https:\/\/lasentinelle.dz\/index.php\/2024\/11\/12\/can-u20-derniere-ligne-droite-pour-les-verts\/","og_locale":"fr_FR","og_type":"article","og_title":"CAN U20 : Derni\u00e8re ligne droite pour les Verts - La Sentinelle","og_description":"La s\u00e9lection nationale des moins de 20 ans est en pleine pr\u00e9paration en vue du Tournoi de l&rsquo;Union Nord-Africaine de","og_url":"https:\/\/lasentinelle.dz\/index.php\/2024\/11\/12\/can-u20-derniere-ligne-droite-pour-les-verts\/","og_site_name":"La Sentinelle","article_publisher":"https:\/\/www.facebook.com\/La-Sentinelle-104059864394773","article_published_time":"2024-11-12T10:06:09+00:00","og_image":[{"width":2400,"height":1600,"url":"https:\/\/lasentinelle.dz\/wp-content\/uploads\/2024\/11\/U20.jpeg","type":"image\/jpeg"}],"author":"admin","twitter_card":"summary_large_image","twitter_misc":{"\u00c9crit par":"admin","Dur\u00e9e de lecture estim\u00e9e":"4 minutes"},"schema":{"@context":"https:\/\/schema.org","@graph":[{"@type":"Article","@id":"https:\/\/lasentinelle.dz\/index.php\/2024\/11\/12\/can-u20-derniere-ligne-droite-pour-les-verts\/#article","isPartOf":{"@id":"https:\/\/lasentinelle.dz\/index.php\/2024\/11\/12\/can-u20-derniere-ligne-droite-pour-les-verts\/"},"author":{"name":"admin","@id":"https:\/\/lasentinelle.dz\/#\/schema\/person\/729ee0024f24e0b8c5ec17232f8e8b41"},"headline":"CAN U20 : Derni\u00e8re ligne droite pour les Verts","datePublished":"2024-11-12T10:06:09+00:00","mainEntityOfPage":{"@id":"https:\/\/lasentinelle.dz\/index.php\/2024\/11\/12\/can-u20-derniere-ligne-droite-pour-les-verts\/"},"wordCount":664,"commentCount":0,"publisher":{"@id":"https:\/\/lasentinelle.dz\/#organization"},"image":{"@id":"https:\/\/lasentinelle.dz\/index.php\/2024\/11\/12\/can-u20-derniere-ligne-droite-pour-les-verts\/#primaryimage"},"thumbnailUrl":"https:\/\/lasentinelle.dz\/wp-content\/uploads\/2024\/11\/U20.jpeg","articleSection":["Sports"],"inLanguage":"fr-FR","potentialAction":[{"@type":"CommentAction","name":"Comment","target":["https:\/\/lasentinelle.dz\/index.php\/2024\/11\/12\/can-u20-derniere-ligne-droite-pour-les-verts\/#respond"]}]},{"@type":"WebPage","@id":"https:\/\/lasentinelle.dz\/index.php\/2024\/11\/12\/can-u20-derniere-ligne-droite-pour-les-verts\/","url":"https:\/\/lasentinelle.dz\/index.php\/2024\/11\/12\/can-u20-derniere-ligne-droite-pour-les-verts\/","name":"CAN U20 : Derni\u00e8re ligne droite pour les Verts - La Sentinelle","isPartOf":{"@id":"https:\/\/lasentinelle.dz\/#website"},"primaryImageOfPage":{"@id":"https:\/\/lasentinelle.dz\/index.php\/2024\/11\/12\/can-u20-derniere-ligne-droite-pour-les-verts\/#primaryimage"},"image":{"@id":"https:\/\/lasentinelle.dz\/index.php\/2024\/11\/12\/can-u20-derniere-ligne-droite-pour-les-verts\/#primaryimage"},"thumbnailUrl":"https:\/\/lasentinelle.dz\/wp-content\/uploads\/2024\/11\/U20.jpeg","datePublished":"2024-11-12T10:06:09+00:00","breadcrumb":{"@id":"https:\/\/lasentinelle.dz\/index.php\/2024\/11\/12\/can-u20-derniere-ligne-droite-pour-les-verts\/#breadcrumb"},"inLanguage":"fr-FR","potentialAction":[{"@type":"ReadAction","target":["https:\/\/lasentinelle.dz\/index.php\/2024\/11\/12\/can-u20-derniere-ligne-droite-pour-les-verts\/"]}]},{"@type":"ImageObject","inLanguage":"fr-FR","@id":"https:\/\/lasentinelle.dz\/index.php\/2024\/11\/12\/can-u20-derniere-ligne-droite-pour-les-verts\/#primaryimage","url":"https:\/\/lasentinelle.dz\/wp-content\/uploads\/2024\/11\/U20.jpeg","contentUrl":"https:\/\/lasentinelle.dz\/wp-content\/uploads\/2024\/11\/U20.jpeg","width":2400,"height":1600},{"@type":"BreadcrumbList","@id":"https:\/\/lasentinelle.dz\/index.php\/2024\/11\/12\/can-u20-derniere-ligne-droite-pour-les-verts\/#breadcrumb","itemListElement":[{"@type":"ListItem","position":1,"name":"Accueil","item":"https:\/\/lasentinelle.dz\/"},{"@type":"ListItem","position":2,"name":"CAN U20 : Derni\u00e8re ligne droite pour les Verts"}]},{"@type":"WebSite","@id":"https:\/\/lasentinelle.dz\/#website","url":"https:\/\/lasentinelle.dz\/","name":"La Sentinelle","description":"Quotidien national d&#039;information","publisher":{"@id":"https:\/\/lasentinelle.dz\/#organization"},"potentialAction":[{"@type":"SearchAction","target":{"@type":"EntryPoint","urlTemplate":"https:\/\/lasentinelle.dz\/?s={search_term_string}"},"query-input":{"@type":"PropertyValueSpecification","valueRequired":true,"valueName":"search_term_string"}}],"inLanguage":"fr-FR"},{"@type":"Organization","@id":"https:\/\/lasentinelle.dz\/#organization","name":"Quotidien La Sentinelle","url":"https:\/\/lasentinelle.dz\/","logo":{"@type":"ImageObject","inLanguage":"fr-FR","@id":"https:\/\/lasentinelle.dz\/#\/schema\/logo\/image\/","url":"https:\/\/lasentinelle.dz\/wp-content\/uploads\/2021\/09\/logo-sentinelleSLOGAN-1.png","contentUrl":"https:\/\/lasentinelle.dz\/wp-content\/uploads\/2021\/09\/logo-sentinelleSLOGAN-1.png","width":615,"height":142,"caption":"Quotidien La Sentinelle"},"image":{"@id":"https:\/\/lasentinelle.dz\/#\/schema\/logo\/image\/"},"sameAs":["https:\/\/www.facebook.com\/La-Sentinelle-104059864394773"]},{"@type":"Person","@id":"https:\/\/lasentinelle.dz\/#\/schema\/person\/729ee0024f24e0b8c5ec17232f8e8b41","name":"admin","image":{"@type":"ImageObject","inLanguage":"fr-FR","@id":"https:\/\/secure.gravatar.com\/avatar\/4c81fed838786e9b53f540bf46533e750f5d292099ae3b66cfc6fb1982e29df7?s=96&d=mm&r=g","url":"https:\/\/secure.gravatar.com\/avatar\/4c81fed838786e9b53f540bf46533e750f5d292099ae3b66cfc6fb1982e29df7?s=96&d=mm&r=g","contentUrl":"https:\/\/secure.gravatar.com\/avatar\/4c81fed838786e9b53f540bf46533e750f5d292099ae3b66cfc6fb1982e29df7?s=96&d=mm&r=g","caption":"admin"},"description":"admin","url":"https:\/\/lasentinelle.dz\/author\/admin\/"}]}},"_links":{"self":[{"href":"https:\/\/lasentinelle.dz\/index.php\/wp-json\/wp\/v2\/posts\/59265","targetHints":{"allow":["GET"]}}],"collection":[{"href":"https:\/\/lasentinelle.dz\/index.php\/wp-json\/wp\/v2\/posts"}],"about":[{"href":"https:\/\/lasentinelle.dz\/index.php\/wp-json\/wp\/v2\/types\/post"}],"author":[{"embeddable":true,"href":"https:\/\/lasentinelle.dz\/index.php\/wp-json\/wp\/v2\/users\/6"}],"replies":[{"embeddable":true,"href":"https:\/\/lasentinelle.dz\/index.php\/wp-json\/wp\/v2\/comments?post=59265"}],"version-history":[{"count":1,"href":"https:\/\/lasentinelle.dz\/index.php\/wp-json\/wp\/v2\/posts\/59265\/revisions"}],"predecessor-version":[{"id":59267,"href":"https:\/\/lasentinelle.dz\/index.php\/wp-json\/wp\/v2\/posts\/59265\/revisions\/59267"}],"wp:featuredmedia":[{"embeddable":true,"href":"https:\/\/lasentinelle.dz\/index.php\/wp-json\/wp\/v2\/media\/59266"}],"wp:attachment":[{"href":"https:\/\/lasentinelle.dz\/index.php\/wp-json\/wp\/v2\/media?parent=59265"}],"wp:term":[{"taxonomy":"category","embeddable":true,"href":"https:\/\/lasentinelle.dz\/index.php\/wp-json\/wp\/v2\/categories?post=59265"},{"taxonomy":"post_tag","embeddable":true,"href":"https:\/\/lasentinelle.dz\/index.php\/wp-json\/wp\/v2\/tags?post=59265"}],"curies":[{"name":"wp","href":"https:\/\/api.w.org\/{rel}","templated":true}]}}