{"id":59268,"date":"2024-11-12T11:08:13","date_gmt":"2024-11-12T10:08:13","guid":{"rendered":"https:\/\/lasentinelle.dz\/?p=59268"},"modified":"2024-11-12T11:08:13","modified_gmt":"2024-11-12T10:08:13","slug":"qualifications-de-la-can-2025-cap-sur-la-derniere-ligne-droite","status":"publish","type":"post","link":"https:\/\/lasentinelle.dz\/index.php\/2024\/11\/12\/qualifications-de-la-can-2025-cap-sur-la-derniere-ligne-droite\/","title":{"rendered":"Qualifications de la CAN-2025: Cap sur la derni\u00e8re ligne droite"},"content":{"rendered":"\n<p>L&rsquo;\u00e9quipe nationale de football a entam\u00e9 hier son regroupement au Centre technique national (CTN) de Sidi Moussa, en vue des deux derniers matchs des qualifications de la Coupe d&rsquo;Afrique des Nations CAN-2025. Les joueurs convoqu\u00e9s ont commenc\u00e9 \u00e0 rallier leur camp de base, avec l&rsquo;objectif affich\u00e9 d'\u00a0\u00bbencha\u00eener les r\u00e9sultats positifs\u00a0\u00bb selon les mots du s\u00e9lectionneur national, Vladimir Petkovic.<\/p>\n\n\n\n<p>Apr\u00e8s avoir valid\u00e9 officiellement leur qualification pour la prochaine phase finale de la CAN, gr\u00e2ce \u00e0 leurs deux victoires cons\u00e9cutives face au Togo en octobre dernier (5-1 \u00e0 Annaba, 1-0 \u00e0 Lom\u00e9), les \u00ab\u00a0Verts\u00a0\u00bb abordent ces deux derni\u00e8res \u00e9ch\u00e9ances avec la ferme intention de pr\u00e9server leur invincibilit\u00e9 dans ces \u00e9liminatoires. \u00ab\u00a0Contrairement \u00e0 ce que pensent certains, toutes nos rencontres sont importantes, par rapport notamment au classement de la FIFA. Nous pensons au-del\u00e0 du prochain stage, nous avons des \u00e9ch\u00e9ances dans le futur sur lesquelles on travaille\u00a0\u00bb, a soulign\u00e9 Petkovic lors de la conf\u00e9rence de presse organis\u00e9e jeudi dernier au stade Nelson-Mandela de Baraki.<\/p>\n\n\n\n<p>Pour ces deux derniers rendez-vous, le s\u00e9lectionneur national a fait appel \u00e0 26 joueurs, avec la pr\u00e9sence pour la premi\u00e8re fois du jeune attaquant Amin Chiakha (18 ans), \u00e9voluant au FC Copenhague au Danemark et lequel affiche une forme des grands jours. Un nouveau visage qui vient s&rsquo;ajouter aux retours de Far\u00e8s Chaibi (Eintracht Francfort\/Allemagne et Himad Abdelli (Angers SCO\/France) qui font leur retour en s\u00e9lection. Cependant, les Verts devra composer sans les services de deux milieux de terrain titulaires, Houssem Aouar (Al-Ittihad\/Arabie Saoudite) et Hicham Boudaoui (OGC Nice\/France), tous deux bless\u00e9s. L&rsquo;attaquant Bachir Belloumi, convoqu\u00e9 initialement, a aussi d\u00fb d\u00e9clarer forfait pour cause de blessure au genou, survenue lors du match de championnat contre Oxford mardi dernier avec son club anglais de Hull City. \u00ab\u00a0Le joueur a effectu\u00e9 une IRM ce jeudi qui a confirm\u00e9 sa blessure et son indisponibilit\u00e9 pour le stage\u00a0\u00bb, a indiqu\u00e9 la F\u00e9d\u00e9ration alg\u00e9rienne de football (FAF) dans un communiqu\u00e9. Un coup dur pour le joueur et la s\u00e9lection nationale, qui perd ainsi l&rsquo;un de ses hommes en forme du moment. Malgr\u00e9 ces absences de taille, l&rsquo;Alg\u00e9rie, qui tr\u00f4ne en t\u00eate du groupe E avec 12 points, devra s&rsquo;imposer face \u00e0 la Guin\u00e9e-\u00c9quatoriale (7 pts) le 14 novembre \u00e0 Malabo, puis face au Liberia (1 pt) le 17 novembre \u00e0 Tizi-Ouzou, afin de conserver sa premi\u00e8re place et de boucler en beaut\u00e9 cette campagne qualificative. \u00ab\u00a0Nous devons encha\u00eener les r\u00e9sultats positifs et pr\u00e9server la dynamique, en vue du stage de mars prochain, avec au menu la reprise des qualifications du Mondial 2026. Les joueurs sont appel\u00e9s \u00e0 confirmer. C&rsquo;est un stage tr\u00e8s important pour l&rsquo;\u00e9quipe nationale, pour le groupe, la positivit\u00e9, et les derniers matchs qu&rsquo;on doit jouer\u00a0\u00bb, a soulign\u00e9 Petkovic.<\/p>\n\n\n\n<p>En parall\u00e8le, le d\u00e9fenseur international alg\u00e9rien Jaouen Hadjam, \u00e9voluant au BSC Young Boys en Suisse, a effectu\u00e9 son retour dans le groupe de son club, apr\u00e8s s&rsquo;\u00eatre remis d&rsquo;une blessure au mollet. Le lat\u00e9ral gauche de 21 ans figure \u00e9galement dans la liste des 26 joueurs convoqu\u00e9s par Petkovic, m\u00eame si son \u00e9tat de forme reste \u00e0 \u00e9valuer. Avec la qualification assur\u00e9e, les \u00ab\u00a0Verts\u00a0\u00bb abordent cette derni\u00e8re ligne droite des qualifications avec s\u00e9r\u00e9nit\u00e9. Mais leur s\u00e9lectionneur ne compte pas pour autant lever le pied. Au contraire, Petkovic veut que son \u00e9quipe termine cette campagne sur une note positive, dans l&rsquo;optique des \u00e9ch\u00e9ances futures, \u00e0 commencer par les \u00e9liminatoires de la Coupe du Monde 2026 qui d\u00e9buteront en mars prochain.<\/p>\n\n\n\n<p>Apr\u00e8s une saison 2023-2024 couronn\u00e9e par la qualification anticip\u00e9e pour la CAN 2025, les co\u00e9quipiers de Riyad Mahrez, auront \u00e0 c\u0153ur de conclure en beaut\u00e9 cette phase qualificative, avant de se projeter vers les d\u00e9fis qui les attendent l&rsquo;ann\u00e9e prochaine, notamment les prochaines journ\u00e9es de qualification pour le Mondial 2026.<\/p>\n\n\n\n<p>Moncef Dahleb<\/p>\n","protected":false},"excerpt":{"rendered":"<p>L&rsquo;\u00e9quipe nationale de football a entam\u00e9 hier son regroupement au Centre technique national (CTN) de Sidi Moussa, en vue des<\/p>\n","protected":false},"author":6,"featured_media":58168,"comment_status":"open","ping_status":"closed","sticky":false,"template":"","format":"standard","meta":{"colormag_page_container_layout":"default_layout","colormag_page_sidebar_layout":"default_layout","om_disable_all_campaigns":false,"_monsterinsights_skip_tracking":false,"_monsterinsights_sitenote_active":false,"_monsterinsights_sitenote_note":"","_monsterinsights_sitenote_category":0,"footnotes":"","_wpscppro_dont_share_socialmedia":false,"_wpscppro_custom_social_share_image":0,"_facebook_share_type":"default","_twitter_share_type":"default","_linkedin_share_type":"default","_pinterest_share_type":"default","_linkedin_share_type_page":"","_instagram_share_type":"default","_medium_share_type":"default","_threads_share_type":"","_google_business_share_type":"","_selected_social_profile":[],"_wpsp_enable_custom_social_template":false,"_wpsp_social_scheduling":{"enabled":false,"datetime":null,"platforms":[],"status":"template_only","dateOption":"today","timeOption":"now","customDays":"","customHours":"","customDate":"","customTime":"","schedulingType":"absolute"},"_wpsp_active_default_template":true},"categories":[52,33],"tags":[],"class_list":["post-59268","post","type-post","status-publish","format-standard","has-post-thumbnail","hentry","category-a-la-une","category-sports"],"aioseo_notices":[],"yoast_head":"<!-- This site is optimized with the Yoast SEO plugin v27.5 - https:\/\/yoast.com\/product\/yoast-seo-wordpress\/ -->\n<title>Qualifications de la CAN-2025: Cap sur la derni\u00e8re ligne droite - La Sentinelle<\/title>\n<meta name=\"robots\" content=\"index, follow, max-snippet:-1, max-image-preview:large, max-video-preview:-1\" \/>\n<link rel=\"canonical\" href=\"https:\/\/lasentinelle.dz\/index.php\/2024\/11\/12\/qualifications-de-la-can-2025-cap-sur-la-derniere-ligne-droite\/\" \/>\n<meta property=\"og:locale\" content=\"fr_FR\" \/>\n<meta property=\"og:type\" content=\"article\" \/>\n<meta property=\"og:title\" content=\"Qualifications de la CAN-2025: Cap sur la derni\u00e8re ligne droite - La Sentinelle\" \/>\n<meta property=\"og:description\" content=\"L&rsquo;\u00e9quipe nationale de football a entam\u00e9 hier son regroupement au Centre technique national (CTN) de Sidi Moussa, en vue des\" \/>\n<meta property=\"og:url\" content=\"https:\/\/lasentinelle.dz\/index.php\/2024\/11\/12\/qualifications-de-la-can-2025-cap-sur-la-derniere-ligne-droite\/\" \/>\n<meta property=\"og:site_name\" content=\"La Sentinelle\" \/>\n<meta property=\"article:publisher\" content=\"https:\/\/www.facebook.com\/La-Sentinelle-104059864394773\" \/>\n<meta property=\"article:published_time\" content=\"2024-11-12T10:08:13+00:00\" \/>\n<meta property=\"og:image\" content=\"https:\/\/lasentinelle.dz\/wp-content\/uploads\/2024\/10\/EN.jpg\" \/>\n\t<meta property=\"og:image:width\" content=\"2401\" \/>\n\t<meta property=\"og:image:height\" content=\"1600\" \/>\n\t<meta property=\"og:image:type\" content=\"image\/jpeg\" \/>\n<meta name=\"author\" content=\"admin\" \/>\n<meta name=\"twitter:card\" content=\"summary_large_image\" \/>\n<meta name=\"twitter:label1\" content=\"\u00c9crit par\" \/>\n\t<meta name=\"twitter:data1\" content=\"admin\" \/>\n\t<meta name=\"twitter:label2\" content=\"Dur\u00e9e de lecture estim\u00e9e\" \/>\n\t<meta name=\"twitter:data2\" content=\"4 minutes\" \/>\n<script type=\"application\/ld+json\" class=\"yoast-schema-graph\">{\"@context\":\"https:\\\/\\\/schema.org\",\"@graph\":[{\"@type\":\"Article\",\"@id\":\"https:\\\/\\\/lasentinelle.dz\\\/index.php\\\/2024\\\/11\\\/12\\\/qualifications-de-la-can-2025-cap-sur-la-derniere-ligne-droite\\\/#article\",\"isPartOf\":{\"@id\":\"https:\\\/\\\/lasentinelle.dz\\\/index.php\\\/2024\\\/11\\\/12\\\/qualifications-de-la-can-2025-cap-sur-la-derniere-ligne-droite\\\/\"},\"author\":{\"name\":\"admin\",\"@id\":\"https:\\\/\\\/lasentinelle.dz\\\/#\\\/schema\\\/person\\\/729ee0024f24e0b8c5ec17232f8e8b41\"},\"headline\":\"Qualifications de la CAN-2025: Cap sur la derni\u00e8re ligne droite\",\"datePublished\":\"2024-11-12T10:08:13+00:00\",\"mainEntityOfPage\":{\"@id\":\"https:\\\/\\\/lasentinelle.dz\\\/index.php\\\/2024\\\/11\\\/12\\\/qualifications-de-la-can-2025-cap-sur-la-derniere-ligne-droite\\\/\"},\"wordCount\":680,\"commentCount\":0,\"publisher\":{\"@id\":\"https:\\\/\\\/lasentinelle.dz\\\/#organization\"},\"image\":{\"@id\":\"https:\\\/\\\/lasentinelle.dz\\\/index.php\\\/2024\\\/11\\\/12\\\/qualifications-de-la-can-2025-cap-sur-la-derniere-ligne-droite\\\/#primaryimage\"},\"thumbnailUrl\":\"https:\\\/\\\/lasentinelle.dz\\\/wp-content\\\/uploads\\\/2024\\\/10\\\/EN.jpg\",\"articleSection\":[\"\u00c0 la Une\",\"Sports\"],\"inLanguage\":\"fr-FR\",\"potentialAction\":[{\"@type\":\"CommentAction\",\"name\":\"Comment\",\"target\":[\"https:\\\/\\\/lasentinelle.dz\\\/index.php\\\/2024\\\/11\\\/12\\\/qualifications-de-la-can-2025-cap-sur-la-derniere-ligne-droite\\\/#respond\"]}]},{\"@type\":\"WebPage\",\"@id\":\"https:\\\/\\\/lasentinelle.dz\\\/index.php\\\/2024\\\/11\\\/12\\\/qualifications-de-la-can-2025-cap-sur-la-derniere-ligne-droite\\\/\",\"url\":\"https:\\\/\\\/lasentinelle.dz\\\/index.php\\\/2024\\\/11\\\/12\\\/qualifications-de-la-can-2025-cap-sur-la-derniere-ligne-droite\\\/\",\"name\":\"Qualifications de la CAN-2025: Cap sur la derni\u00e8re ligne droite - La Sentinelle\",\"isPartOf\":{\"@id\":\"https:\\\/\\\/lasentinelle.dz\\\/#website\"},\"primaryImageOfPage\":{\"@id\":\"https:\\\/\\\/lasentinelle.dz\\\/index.php\\\/2024\\\/11\\\/12\\\/qualifications-de-la-can-2025-cap-sur-la-derniere-ligne-droite\\\/#primaryimage\"},\"image\":{\"@id\":\"https:\\\/\\\/lasentinelle.dz\\\/index.php\\\/2024\\\/11\\\/12\\\/qualifications-de-la-can-2025-cap-sur-la-derniere-ligne-droite\\\/#primaryimage\"},\"thumbnailUrl\":\"https:\\\/\\\/lasentinelle.dz\\\/wp-content\\\/uploads\\\/2024\\\/10\\\/EN.jpg\",\"datePublished\":\"2024-11-12T10:08:13+00:00\",\"breadcrumb\":{\"@id\":\"https:\\\/\\\/lasentinelle.dz\\\/index.php\\\/2024\\\/11\\\/12\\\/qualifications-de-la-can-2025-cap-sur-la-derniere-ligne-droite\\\/#breadcrumb\"},\"inLanguage\":\"fr-FR\",\"potentialAction\":[{\"@type\":\"ReadAction\",\"target\":[\"https:\\\/\\\/lasentinelle.dz\\\/index.php\\\/2024\\\/11\\\/12\\\/qualifications-de-la-can-2025-cap-sur-la-derniere-ligne-droite\\\/\"]}]},{\"@type\":\"ImageObject\",\"inLanguage\":\"fr-FR\",\"@id\":\"https:\\\/\\\/lasentinelle.dz\\\/index.php\\\/2024\\\/11\\\/12\\\/qualifications-de-la-can-2025-cap-sur-la-derniere-ligne-droite\\\/#primaryimage\",\"url\":\"https:\\\/\\\/lasentinelle.dz\\\/wp-content\\\/uploads\\\/2024\\\/10\\\/EN.jpg\",\"contentUrl\":\"https:\\\/\\\/lasentinelle.dz\\\/wp-content\\\/uploads\\\/2024\\\/10\\\/EN.jpg\",\"width\":2401,\"height\":1600},{\"@type\":\"BreadcrumbList\",\"@id\":\"https:\\\/\\\/lasentinelle.dz\\\/index.php\\\/2024\\\/11\\\/12\\\/qualifications-de-la-can-2025-cap-sur-la-derniere-ligne-droite\\\/#breadcrumb\",\"itemListElement\":[{\"@type\":\"ListItem\",\"position\":1,\"name\":\"Accueil\",\"item\":\"https:\\\/\\\/lasentinelle.dz\\\/\"},{\"@type\":\"ListItem\",\"position\":2,\"name\":\"Qualifications de la CAN-2025: Cap sur la derni\u00e8re ligne droite\"}]},{\"@type\":\"WebSite\",\"@id\":\"https:\\\/\\\/lasentinelle.dz\\\/#website\",\"url\":\"https:\\\/\\\/lasentinelle.dz\\\/\",\"name\":\"La Sentinelle\",\"description\":\"Quotidien national d&#039;information\",\"publisher\":{\"@id\":\"https:\\\/\\\/lasentinelle.dz\\\/#organization\"},\"potentialAction\":[{\"@type\":\"SearchAction\",\"target\":{\"@type\":\"EntryPoint\",\"urlTemplate\":\"https:\\\/\\\/lasentinelle.dz\\\/?s={search_term_string}\"},\"query-input\":{\"@type\":\"PropertyValueSpecification\",\"valueRequired\":true,\"valueName\":\"search_term_string\"}}],\"inLanguage\":\"fr-FR\"},{\"@type\":\"Organization\",\"@id\":\"https:\\\/\\\/lasentinelle.dz\\\/#organization\",\"name\":\"Quotidien La Sentinelle\",\"url\":\"https:\\\/\\\/lasentinelle.dz\\\/\",\"logo\":{\"@type\":\"ImageObject\",\"inLanguage\":\"fr-FR\",\"@id\":\"https:\\\/\\\/lasentinelle.dz\\\/#\\\/schema\\\/logo\\\/image\\\/\",\"url\":\"https:\\\/\\\/lasentinelle.dz\\\/wp-content\\\/uploads\\\/2021\\\/09\\\/logo-sentinelleSLOGAN-1.png\",\"contentUrl\":\"https:\\\/\\\/lasentinelle.dz\\\/wp-content\\\/uploads\\\/2021\\\/09\\\/logo-sentinelleSLOGAN-1.png\",\"width\":615,\"height\":142,\"caption\":\"Quotidien La Sentinelle\"},\"image\":{\"@id\":\"https:\\\/\\\/lasentinelle.dz\\\/#\\\/schema\\\/logo\\\/image\\\/\"},\"sameAs\":[\"https:\\\/\\\/www.facebook.com\\\/La-Sentinelle-104059864394773\"]},{\"@type\":\"Person\",\"@id\":\"https:\\\/\\\/lasentinelle.dz\\\/#\\\/schema\\\/person\\\/729ee0024f24e0b8c5ec17232f8e8b41\",\"name\":\"admin\",\"image\":{\"@type\":\"ImageObject\",\"inLanguage\":\"fr-FR\",\"@id\":\"https:\\\/\\\/secure.gravatar.com\\\/avatar\\\/4c81fed838786e9b53f540bf46533e750f5d292099ae3b66cfc6fb1982e29df7?s=96&d=mm&r=g\",\"url\":\"https:\\\/\\\/secure.gravatar.com\\\/avatar\\\/4c81fed838786e9b53f540bf46533e750f5d292099ae3b66cfc6fb1982e29df7?s=96&d=mm&r=g\",\"contentUrl\":\"https:\\\/\\\/secure.gravatar.com\\\/avatar\\\/4c81fed838786e9b53f540bf46533e750f5d292099ae3b66cfc6fb1982e29df7?s=96&d=mm&r=g\",\"caption\":\"admin\"},\"description\":\"admin\",\"url\":\"https:\\\/\\\/lasentinelle.dz\\\/author\\\/admin\\\/\"}]}<\/script>\n<!-- \/ Yoast SEO plugin. -->","yoast_head_json":{"title":"Qualifications de la CAN-2025: Cap sur la derni\u00e8re ligne droite - La Sentinelle","robots":{"index":"index","follow":"follow","max-snippet":"max-snippet:-1","max-image-preview":"max-image-preview:large","max-video-preview":"max-video-preview:-1"},"canonical":"https:\/\/lasentinelle.dz\/index.php\/2024\/11\/12\/qualifications-de-la-can-2025-cap-sur-la-derniere-ligne-droite\/","og_locale":"fr_FR","og_type":"article","og_title":"Qualifications de la CAN-2025: Cap sur la derni\u00e8re ligne droite - La Sentinelle","og_description":"L&rsquo;\u00e9quipe nationale de football a entam\u00e9 hier son regroupement au Centre technique national (CTN) de Sidi Moussa, en vue des","og_url":"https:\/\/lasentinelle.dz\/index.php\/2024\/11\/12\/qualifications-de-la-can-2025-cap-sur-la-derniere-ligne-droite\/","og_site_name":"La Sentinelle","article_publisher":"https:\/\/www.facebook.com\/La-Sentinelle-104059864394773","article_published_time":"2024-11-12T10:08:13+00:00","og_image":[{"width":2401,"height":1600,"url":"https:\/\/lasentinelle.dz\/wp-content\/uploads\/2024\/10\/EN.jpg","type":"image\/jpeg"}],"author":"admin","twitter_card":"summary_large_image","twitter_misc":{"\u00c9crit par":"admin","Dur\u00e9e de lecture estim\u00e9e":"4 minutes"},"schema":{"@context":"https:\/\/schema.org","@graph":[{"@type":"Article","@id":"https:\/\/lasentinelle.dz\/index.php\/2024\/11\/12\/qualifications-de-la-can-2025-cap-sur-la-derniere-ligne-droite\/#article","isPartOf":{"@id":"https:\/\/lasentinelle.dz\/index.php\/2024\/11\/12\/qualifications-de-la-can-2025-cap-sur-la-derniere-ligne-droite\/"},"author":{"name":"admin","@id":"https:\/\/lasentinelle.dz\/#\/schema\/person\/729ee0024f24e0b8c5ec17232f8e8b41"},"headline":"Qualifications de la CAN-2025: Cap sur la derni\u00e8re ligne droite","datePublished":"2024-11-12T10:08:13+00:00","mainEntityOfPage":{"@id":"https:\/\/lasentinelle.dz\/index.php\/2024\/11\/12\/qualifications-de-la-can-2025-cap-sur-la-derniere-ligne-droite\/"},"wordCount":680,"commentCount":0,"publisher":{"@id":"https:\/\/lasentinelle.dz\/#organization"},"image":{"@id":"https:\/\/lasentinelle.dz\/index.php\/2024\/11\/12\/qualifications-de-la-can-2025-cap-sur-la-derniere-ligne-droite\/#primaryimage"},"thumbnailUrl":"https:\/\/lasentinelle.dz\/wp-content\/uploads\/2024\/10\/EN.jpg","articleSection":["\u00c0 la Une","Sports"],"inLanguage":"fr-FR","potentialAction":[{"@type":"CommentAction","name":"Comment","target":["https:\/\/lasentinelle.dz\/index.php\/2024\/11\/12\/qualifications-de-la-can-2025-cap-sur-la-derniere-ligne-droite\/#respond"]}]},{"@type":"WebPage","@id":"https:\/\/lasentinelle.dz\/index.php\/2024\/11\/12\/qualifications-de-la-can-2025-cap-sur-la-derniere-ligne-droite\/","url":"https:\/\/lasentinelle.dz\/index.php\/2024\/11\/12\/qualifications-de-la-can-2025-cap-sur-la-derniere-ligne-droite\/","name":"Qualifications de la CAN-2025: Cap sur la derni\u00e8re ligne droite - La Sentinelle","isPartOf":{"@id":"https:\/\/lasentinelle.dz\/#website"},"primaryImageOfPage":{"@id":"https:\/\/lasentinelle.dz\/index.php\/2024\/11\/12\/qualifications-de-la-can-2025-cap-sur-la-derniere-ligne-droite\/#primaryimage"},"image":{"@id":"https:\/\/lasentinelle.dz\/index.php\/2024\/11\/12\/qualifications-de-la-can-2025-cap-sur-la-derniere-ligne-droite\/#primaryimage"},"thumbnailUrl":"https:\/\/lasentinelle.dz\/wp-content\/uploads\/2024\/10\/EN.jpg","datePublished":"2024-11-12T10:08:13+00:00","breadcrumb":{"@id":"https:\/\/lasentinelle.dz\/index.php\/2024\/11\/12\/qualifications-de-la-can-2025-cap-sur-la-derniere-ligne-droite\/#breadcrumb"},"inLanguage":"fr-FR","potentialAction":[{"@type":"ReadAction","target":["https:\/\/lasentinelle.dz\/index.php\/2024\/11\/12\/qualifications-de-la-can-2025-cap-sur-la-derniere-ligne-droite\/"]}]},{"@type":"ImageObject","inLanguage":"fr-FR","@id":"https:\/\/lasentinelle.dz\/index.php\/2024\/11\/12\/qualifications-de-la-can-2025-cap-sur-la-derniere-ligne-droite\/#primaryimage","url":"https:\/\/lasentinelle.dz\/wp-content\/uploads\/2024\/10\/EN.jpg","contentUrl":"https:\/\/lasentinelle.dz\/wp-content\/uploads\/2024\/10\/EN.jpg","width":2401,"height":1600},{"@type":"BreadcrumbList","@id":"https:\/\/lasentinelle.dz\/index.php\/2024\/11\/12\/qualifications-de-la-can-2025-cap-sur-la-derniere-ligne-droite\/#breadcrumb","itemListElement":[{"@type":"ListItem","position":1,"name":"Accueil","item":"https:\/\/lasentinelle.dz\/"},{"@type":"ListItem","position":2,"name":"Qualifications de la CAN-2025: Cap sur la derni\u00e8re ligne droite"}]},{"@type":"WebSite","@id":"https:\/\/lasentinelle.dz\/#website","url":"https:\/\/lasentinelle.dz\/","name":"La Sentinelle","description":"Quotidien national d&#039;information","publisher":{"@id":"https:\/\/lasentinelle.dz\/#organization"},"potentialAction":[{"@type":"SearchAction","target":{"@type":"EntryPoint","urlTemplate":"https:\/\/lasentinelle.dz\/?s={search_term_string}"},"query-input":{"@type":"PropertyValueSpecification","valueRequired":true,"valueName":"search_term_string"}}],"inLanguage":"fr-FR"},{"@type":"Organization","@id":"https:\/\/lasentinelle.dz\/#organization","name":"Quotidien La Sentinelle","url":"https:\/\/lasentinelle.dz\/","logo":{"@type":"ImageObject","inLanguage":"fr-FR","@id":"https:\/\/lasentinelle.dz\/#\/schema\/logo\/image\/","url":"https:\/\/lasentinelle.dz\/wp-content\/uploads\/2021\/09\/logo-sentinelleSLOGAN-1.png","contentUrl":"https:\/\/lasentinelle.dz\/wp-content\/uploads\/2021\/09\/logo-sentinelleSLOGAN-1.png","width":615,"height":142,"caption":"Quotidien La Sentinelle"},"image":{"@id":"https:\/\/lasentinelle.dz\/#\/schema\/logo\/image\/"},"sameAs":["https:\/\/www.facebook.com\/La-Sentinelle-104059864394773"]},{"@type":"Person","@id":"https:\/\/lasentinelle.dz\/#\/schema\/person\/729ee0024f24e0b8c5ec17232f8e8b41","name":"admin","image":{"@type":"ImageObject","inLanguage":"fr-FR","@id":"https:\/\/secure.gravatar.com\/avatar\/4c81fed838786e9b53f540bf46533e750f5d292099ae3b66cfc6fb1982e29df7?s=96&d=mm&r=g","url":"https:\/\/secure.gravatar.com\/avatar\/4c81fed838786e9b53f540bf46533e750f5d292099ae3b66cfc6fb1982e29df7?s=96&d=mm&r=g","contentUrl":"https:\/\/secure.gravatar.com\/avatar\/4c81fed838786e9b53f540bf46533e750f5d292099ae3b66cfc6fb1982e29df7?s=96&d=mm&r=g","caption":"admin"},"description":"admin","url":"https:\/\/lasentinelle.dz\/author\/admin\/"}]}},"_links":{"self":[{"href":"https:\/\/lasentinelle.dz\/index.php\/wp-json\/wp\/v2\/posts\/59268","targetHints":{"allow":["GET"]}}],"collection":[{"href":"https:\/\/lasentinelle.dz\/index.php\/wp-json\/wp\/v2\/posts"}],"about":[{"href":"https:\/\/lasentinelle.dz\/index.php\/wp-json\/wp\/v2\/types\/post"}],"author":[{"embeddable":true,"href":"https:\/\/lasentinelle.dz\/index.php\/wp-json\/wp\/v2\/users\/6"}],"replies":[{"embeddable":true,"href":"https:\/\/lasentinelle.dz\/index.php\/wp-json\/wp\/v2\/comments?post=59268"}],"version-history":[{"count":1,"href":"https:\/\/lasentinelle.dz\/index.php\/wp-json\/wp\/v2\/posts\/59268\/revisions"}],"predecessor-version":[{"id":59269,"href":"https:\/\/lasentinelle.dz\/index.php\/wp-json\/wp\/v2\/posts\/59268\/revisions\/59269"}],"wp:featuredmedia":[{"embeddable":true,"href":"https:\/\/lasentinelle.dz\/index.php\/wp-json\/wp\/v2\/media\/58168"}],"wp:attachment":[{"href":"https:\/\/lasentinelle.dz\/index.php\/wp-json\/wp\/v2\/media?parent=59268"}],"wp:term":[{"taxonomy":"category","embeddable":true,"href":"https:\/\/lasentinelle.dz\/index.php\/wp-json\/wp\/v2\/categories?post=59268"},{"taxonomy":"post_tag","embeddable":true,"href":"https:\/\/lasentinelle.dz\/index.php\/wp-json\/wp\/v2\/tags?post=59268"}],"curies":[{"name":"wp","href":"https:\/\/api.w.org\/{rel}","templated":true}]}}