{"id":59337,"date":"2024-11-13T11:20:18","date_gmt":"2024-11-13T10:20:18","guid":{"rendered":"https:\/\/lasentinelle.dz\/?p=59337"},"modified":"2024-11-13T11:20:19","modified_gmt":"2024-11-13T10:20:19","slug":"cop-29-aliev-defend-les-hydrocarbures","status":"publish","type":"post","link":"https:\/\/lasentinelle.dz\/index.php\/2024\/11\/13\/cop-29-aliev-defend-les-hydrocarbures\/","title":{"rendered":"COP 29: Aliev d\u00e9fend les hydrocarbures"},"content":{"rendered":"\n<p>C\u2019est devenu r\u00e9curent \u00e0 chaque fois que la Conf\u00e9rence des nations unies sur le climat se tient.<\/p>\n\n\n\n<p>La question de la place des combustibles fossiles dans la transition \u00e9nerg\u00e9tique a une nouvelle fois \u00e9t\u00e9 au c\u0153ur des discussions \u00e0 la COP29 sur le climat qui se tient actuellement \u00e0 Bakou, en Azerba\u00efdjan. Des discussions qui cristallisent les enjeux g\u00e9opolitiques et la confrontation des int\u00e9r\u00eats entre les pays \u00ab&nbsp;avanc\u00e9es&nbsp;\u00bb du bloc OCDE et ceux des pays en d\u00e9veloppement. Des confrontations qui s\u2019illustrent aussi \u00e0 travers les tensions qui marquent les discussions autour du financement de la transition \u00e9nerg\u00e9tique au moment o\u00f9 les pays d\u00e9velopp\u00e9s cherchent \u00e0 se d\u00e9tourner de leurs engagements envers les pays en d\u00e9veloppement. &nbsp;Dans ce contexte, le pr\u00e9sident azerba\u00efdjanais, Ilham Aliev, a pris position en d\u00e9fendant le r\u00f4le vital du p\u00e9trole et du gaz dans le d\u00e9veloppement \u00e9conomique.<\/p>\n\n\n\n<p>Dans son discours d&rsquo;ouverture du sommet des dirigeants mondiaux organis\u00e9 dans le cadre de la COP29, M. Aliev a qualifi\u00e9 les ressources naturelles, dont le p\u00e9trole et le gaz, de \u00ab\u00a0cadeau de Dieu\u00a0\u00bb. Il a soulign\u00e9 que \u00ab\u00a0toute ressource naturelle, p\u00e9trole, gaz, vent, solaire, or, argent, cuivre: ce sont des ressources naturelles et on ne doit pas reprocher aux pays d&rsquo;en avoir et de les fournir aux march\u00e9s, car les march\u00e9s en ont besoin\u00a0\u00bb. Le pr\u00e9sident azerba\u00efdjanais a d\u00e9fendu le r\u00f4le des hydrocarbures dans le mix \u00e9nerg\u00e9tique mondial. Selon lui, qualifier l&rsquo;Azerba\u00efdjan d'\u00a0\u00bb\u00c9tat p\u00e9trolier\u00a0\u00bb \u00ab\u00a0ce n&rsquo;est pas juste et cela d\u00e9montre un manque de culture et de connaissances politiques\u00a0\u00bb, soulignant que le pays ne repr\u00e9sente que 0,7% de la production mondiale de p\u00e9trole et 0,9% de celle de gaz. D\u00e8s la nomination de notre pays comme h\u00f4te de la COP29, \u00ab\u00a0nous sommes devenus la cible d&rsquo;une campagne coordonn\u00e9e et bien orchestr\u00e9e de diffamation et de chantage de la part des m\u00e9dias occidentaux, des soi-disant ONG ind\u00e9pendantes et de certains politiciens\u00a0\u00bb, a-t-il encore tonn\u00e9 devant les chefs d&rsquo;Etat r\u00e9unis dans le stade olympique de Bakou. &nbsp;Ilham Aliyev, a affirm\u00e9 que Bakou tentera de contribuer \u00e0 trouver un accord entre les pays d\u00e9velopp\u00e9s et ceux en d\u00e9veloppement concernant l\u2019action climatique \u00e0 mener. \u00ab En tant que pr\u00e9sident de la COP29, l\u2019Azerba\u00efdjan tentera de contribuer \u00e0 trouver un accord entre les pays d\u00e9velopp\u00e9s et ceux en d\u00e9veloppement et \u00e0 \u00e9tablir des relations entre le Sud global et le Nord global \u00bb, a indiqu\u00e9 M. Aliyev, cit\u00e9 par l\u2019agence de presse d\u2019Azerba\u00efdjan, Azertac. Il faut dire que l\u2019un des enjeux cruciaux de cette conf\u00e9rence est le financement de la transition&nbsp; Le secr\u00e9taire g\u00e9n\u00e9ral de l&rsquo;ONU, Antonio Guterres, a &nbsp;dans ce contexte appel\u00e9 \u00e0 \u00ab\u00a0lever les obstacles au financement climatique\u00a0\u00bb et \u00e0 s&rsquo;assurer que \u00ab\u00a0les pays en d\u00e9veloppement ne quittent pas Bakou les mains vides\u00a0\u00bb, soulignant l&rsquo;importance cruciale du financement de la transition \u00e9nerg\u00e9tique.<\/p>\n\n\n\n<p>Le chef de l\u2019ONU a soulign\u00e9, en outre, \u00ab le besoin d\u2019un nouvel objectif financier adapt\u00e9 au moment pr\u00e9sent \u00bb et le financement climatique n\u00e9cessaire, sinon, a-t-il averti, \u00ab l\u2019humanit\u00e9 en paiera le prix \u00bb.&nbsp; &nbsp;\u00ab La COP29 doit lever les obstacles au financement climatique. Les pays en d\u00e9veloppement ne doivent pas quitter Bakou les mains vides. Un accord est indispensable \u00bb, a insist\u00e9 Antonio Guterres. La COP29, qui se r\u00e9unit cette ann\u00e9e du 11 au 22 novembre en Azerba\u00efdjan, veut relever le niveau d\u2019ambition, pour que toutes les parties s\u2019engagent en faveur de plans nationaux ambitieux, et donner les moyens d\u2019agir, ce qui met en exergue le r\u00f4le essentiel du financement pour concr\u00e9tiser les ambitions, r\u00e9duire les \u00e9missions de gaz \u00e0 effets de serre (GES), s\u2019adapter au changement climatique et rem\u00e9dier aux pertes et pr\u00e9judices.<\/p>\n\n\n\n<p>Sabrina Aziouez<\/p>\n","protected":false},"excerpt":{"rendered":"<p>C\u2019est devenu r\u00e9curent \u00e0 chaque fois que la Conf\u00e9rence des nations unies sur le climat se tient. La question de<\/p>\n","protected":false},"author":6,"featured_media":59338,"comment_status":"open","ping_status":"closed","sticky":false,"template":"","format":"standard","meta":{"colormag_page_container_layout":"default_layout","colormag_page_sidebar_layout":"default_layout","om_disable_all_campaigns":false,"_monsterinsights_skip_tracking":false,"_monsterinsights_sitenote_active":false,"_monsterinsights_sitenote_note":"","_monsterinsights_sitenote_category":0,"footnotes":"","_wpscppro_dont_share_socialmedia":false,"_wpscppro_custom_social_share_image":0,"_facebook_share_type":"default","_twitter_share_type":"default","_linkedin_share_type":"default","_pinterest_share_type":"default","_linkedin_share_type_page":"","_instagram_share_type":"default","_medium_share_type":"default","_threads_share_type":"","_google_business_share_type":"","_selected_social_profile":[],"_wpsp_enable_custom_social_template":false,"_wpsp_social_scheduling":{"enabled":false,"datetime":null,"platforms":[],"status":"template_only","dateOption":"today","timeOption":"now","customDays":"","customHours":"","customDate":"","customTime":"","schedulingType":"absolute"},"_wpsp_active_default_template":true},"categories":[29],"tags":[],"class_list":["post-59337","post","type-post","status-publish","format-standard","has-post-thumbnail","hentry","category-economie"],"aioseo_notices":[],"yoast_head":"<!-- This site is optimized with the Yoast SEO plugin v27.5 - https:\/\/yoast.com\/product\/yoast-seo-wordpress\/ -->\n<title>COP 29: Aliev d\u00e9fend les hydrocarbures - La Sentinelle<\/title>\n<meta name=\"robots\" content=\"index, follow, max-snippet:-1, max-image-preview:large, max-video-preview:-1\" \/>\n<link rel=\"canonical\" href=\"https:\/\/lasentinelle.dz\/index.php\/2024\/11\/13\/cop-29-aliev-defend-les-hydrocarbures\/\" \/>\n<meta property=\"og:locale\" content=\"fr_FR\" \/>\n<meta property=\"og:type\" content=\"article\" \/>\n<meta property=\"og:title\" content=\"COP 29: Aliev d\u00e9fend les hydrocarbures - La Sentinelle\" \/>\n<meta property=\"og:description\" content=\"C\u2019est devenu r\u00e9curent \u00e0 chaque fois que la Conf\u00e9rence des nations unies sur le climat se tient. La question de\" \/>\n<meta property=\"og:url\" content=\"https:\/\/lasentinelle.dz\/index.php\/2024\/11\/13\/cop-29-aliev-defend-les-hydrocarbures\/\" \/>\n<meta property=\"og:site_name\" content=\"La Sentinelle\" \/>\n<meta property=\"article:publisher\" content=\"https:\/\/www.facebook.com\/La-Sentinelle-104059864394773\" \/>\n<meta property=\"article:published_time\" content=\"2024-11-13T10:20:18+00:00\" \/>\n<meta property=\"article:modified_time\" content=\"2024-11-13T10:20:19+00:00\" \/>\n<meta property=\"og:image\" content=\"https:\/\/lasentinelle.dz\/wp-content\/uploads\/2024\/11\/aliev.jpg\" \/>\n\t<meta property=\"og:image:width\" content=\"1200\" \/>\n\t<meta property=\"og:image:height\" content=\"900\" \/>\n\t<meta property=\"og:image:type\" content=\"image\/jpeg\" \/>\n<meta name=\"author\" content=\"admin\" \/>\n<meta name=\"twitter:card\" content=\"summary_large_image\" \/>\n<meta name=\"twitter:label1\" content=\"\u00c9crit par\" \/>\n\t<meta name=\"twitter:data1\" content=\"admin\" \/>\n\t<meta name=\"twitter:label2\" content=\"Dur\u00e9e de lecture estim\u00e9e\" \/>\n\t<meta name=\"twitter:data2\" content=\"4 minutes\" \/>\n<script type=\"application\/ld+json\" class=\"yoast-schema-graph\">{\"@context\":\"https:\\\/\\\/schema.org\",\"@graph\":[{\"@type\":\"Article\",\"@id\":\"https:\\\/\\\/lasentinelle.dz\\\/index.php\\\/2024\\\/11\\\/13\\\/cop-29-aliev-defend-les-hydrocarbures\\\/#article\",\"isPartOf\":{\"@id\":\"https:\\\/\\\/lasentinelle.dz\\\/index.php\\\/2024\\\/11\\\/13\\\/cop-29-aliev-defend-les-hydrocarbures\\\/\"},\"author\":{\"name\":\"admin\",\"@id\":\"https:\\\/\\\/lasentinelle.dz\\\/#\\\/schema\\\/person\\\/729ee0024f24e0b8c5ec17232f8e8b41\"},\"headline\":\"COP 29: Aliev d\u00e9fend les hydrocarbures\",\"datePublished\":\"2024-11-13T10:20:18+00:00\",\"dateModified\":\"2024-11-13T10:20:19+00:00\",\"mainEntityOfPage\":{\"@id\":\"https:\\\/\\\/lasentinelle.dz\\\/index.php\\\/2024\\\/11\\\/13\\\/cop-29-aliev-defend-les-hydrocarbures\\\/\"},\"wordCount\":679,\"commentCount\":0,\"publisher\":{\"@id\":\"https:\\\/\\\/lasentinelle.dz\\\/#organization\"},\"image\":{\"@id\":\"https:\\\/\\\/lasentinelle.dz\\\/index.php\\\/2024\\\/11\\\/13\\\/cop-29-aliev-defend-les-hydrocarbures\\\/#primaryimage\"},\"thumbnailUrl\":\"https:\\\/\\\/lasentinelle.dz\\\/wp-content\\\/uploads\\\/2024\\\/11\\\/aliev.jpg\",\"articleSection\":[\"\u00c9conomie\"],\"inLanguage\":\"fr-FR\",\"potentialAction\":[{\"@type\":\"CommentAction\",\"name\":\"Comment\",\"target\":[\"https:\\\/\\\/lasentinelle.dz\\\/index.php\\\/2024\\\/11\\\/13\\\/cop-29-aliev-defend-les-hydrocarbures\\\/#respond\"]}]},{\"@type\":\"WebPage\",\"@id\":\"https:\\\/\\\/lasentinelle.dz\\\/index.php\\\/2024\\\/11\\\/13\\\/cop-29-aliev-defend-les-hydrocarbures\\\/\",\"url\":\"https:\\\/\\\/lasentinelle.dz\\\/index.php\\\/2024\\\/11\\\/13\\\/cop-29-aliev-defend-les-hydrocarbures\\\/\",\"name\":\"COP 29: Aliev d\u00e9fend les hydrocarbures - La Sentinelle\",\"isPartOf\":{\"@id\":\"https:\\\/\\\/lasentinelle.dz\\\/#website\"},\"primaryImageOfPage\":{\"@id\":\"https:\\\/\\\/lasentinelle.dz\\\/index.php\\\/2024\\\/11\\\/13\\\/cop-29-aliev-defend-les-hydrocarbures\\\/#primaryimage\"},\"image\":{\"@id\":\"https:\\\/\\\/lasentinelle.dz\\\/index.php\\\/2024\\\/11\\\/13\\\/cop-29-aliev-defend-les-hydrocarbures\\\/#primaryimage\"},\"thumbnailUrl\":\"https:\\\/\\\/lasentinelle.dz\\\/wp-content\\\/uploads\\\/2024\\\/11\\\/aliev.jpg\",\"datePublished\":\"2024-11-13T10:20:18+00:00\",\"dateModified\":\"2024-11-13T10:20:19+00:00\",\"breadcrumb\":{\"@id\":\"https:\\\/\\\/lasentinelle.dz\\\/index.php\\\/2024\\\/11\\\/13\\\/cop-29-aliev-defend-les-hydrocarbures\\\/#breadcrumb\"},\"inLanguage\":\"fr-FR\",\"potentialAction\":[{\"@type\":\"ReadAction\",\"target\":[\"https:\\\/\\\/lasentinelle.dz\\\/index.php\\\/2024\\\/11\\\/13\\\/cop-29-aliev-defend-les-hydrocarbures\\\/\"]}]},{\"@type\":\"ImageObject\",\"inLanguage\":\"fr-FR\",\"@id\":\"https:\\\/\\\/lasentinelle.dz\\\/index.php\\\/2024\\\/11\\\/13\\\/cop-29-aliev-defend-les-hydrocarbures\\\/#primaryimage\",\"url\":\"https:\\\/\\\/lasentinelle.dz\\\/wp-content\\\/uploads\\\/2024\\\/11\\\/aliev.jpg\",\"contentUrl\":\"https:\\\/\\\/lasentinelle.dz\\\/wp-content\\\/uploads\\\/2024\\\/11\\\/aliev.jpg\",\"width\":1200,\"height\":900},{\"@type\":\"BreadcrumbList\",\"@id\":\"https:\\\/\\\/lasentinelle.dz\\\/index.php\\\/2024\\\/11\\\/13\\\/cop-29-aliev-defend-les-hydrocarbures\\\/#breadcrumb\",\"itemListElement\":[{\"@type\":\"ListItem\",\"position\":1,\"name\":\"Accueil\",\"item\":\"https:\\\/\\\/lasentinelle.dz\\\/\"},{\"@type\":\"ListItem\",\"position\":2,\"name\":\"COP 29: Aliev d\u00e9fend les hydrocarbures\"}]},{\"@type\":\"WebSite\",\"@id\":\"https:\\\/\\\/lasentinelle.dz\\\/#website\",\"url\":\"https:\\\/\\\/lasentinelle.dz\\\/\",\"name\":\"La Sentinelle\",\"description\":\"Quotidien national d&#039;information\",\"publisher\":{\"@id\":\"https:\\\/\\\/lasentinelle.dz\\\/#organization\"},\"potentialAction\":[{\"@type\":\"SearchAction\",\"target\":{\"@type\":\"EntryPoint\",\"urlTemplate\":\"https:\\\/\\\/lasentinelle.dz\\\/?s={search_term_string}\"},\"query-input\":{\"@type\":\"PropertyValueSpecification\",\"valueRequired\":true,\"valueName\":\"search_term_string\"}}],\"inLanguage\":\"fr-FR\"},{\"@type\":\"Organization\",\"@id\":\"https:\\\/\\\/lasentinelle.dz\\\/#organization\",\"name\":\"Quotidien La Sentinelle\",\"url\":\"https:\\\/\\\/lasentinelle.dz\\\/\",\"logo\":{\"@type\":\"ImageObject\",\"inLanguage\":\"fr-FR\",\"@id\":\"https:\\\/\\\/lasentinelle.dz\\\/#\\\/schema\\\/logo\\\/image\\\/\",\"url\":\"https:\\\/\\\/lasentinelle.dz\\\/wp-content\\\/uploads\\\/2021\\\/09\\\/logo-sentinelleSLOGAN-1.png\",\"contentUrl\":\"https:\\\/\\\/lasentinelle.dz\\\/wp-content\\\/uploads\\\/2021\\\/09\\\/logo-sentinelleSLOGAN-1.png\",\"width\":615,\"height\":142,\"caption\":\"Quotidien La Sentinelle\"},\"image\":{\"@id\":\"https:\\\/\\\/lasentinelle.dz\\\/#\\\/schema\\\/logo\\\/image\\\/\"},\"sameAs\":[\"https:\\\/\\\/www.facebook.com\\\/La-Sentinelle-104059864394773\"]},{\"@type\":\"Person\",\"@id\":\"https:\\\/\\\/lasentinelle.dz\\\/#\\\/schema\\\/person\\\/729ee0024f24e0b8c5ec17232f8e8b41\",\"name\":\"admin\",\"image\":{\"@type\":\"ImageObject\",\"inLanguage\":\"fr-FR\",\"@id\":\"https:\\\/\\\/secure.gravatar.com\\\/avatar\\\/4c81fed838786e9b53f540bf46533e750f5d292099ae3b66cfc6fb1982e29df7?s=96&d=mm&r=g\",\"url\":\"https:\\\/\\\/secure.gravatar.com\\\/avatar\\\/4c81fed838786e9b53f540bf46533e750f5d292099ae3b66cfc6fb1982e29df7?s=96&d=mm&r=g\",\"contentUrl\":\"https:\\\/\\\/secure.gravatar.com\\\/avatar\\\/4c81fed838786e9b53f540bf46533e750f5d292099ae3b66cfc6fb1982e29df7?s=96&d=mm&r=g\",\"caption\":\"admin\"},\"description\":\"admin\",\"url\":\"https:\\\/\\\/lasentinelle.dz\\\/author\\\/admin\\\/\"}]}<\/script>\n<!-- \/ Yoast SEO plugin. -->","yoast_head_json":{"title":"COP 29: Aliev d\u00e9fend les hydrocarbures - La Sentinelle","robots":{"index":"index","follow":"follow","max-snippet":"max-snippet:-1","max-image-preview":"max-image-preview:large","max-video-preview":"max-video-preview:-1"},"canonical":"https:\/\/lasentinelle.dz\/index.php\/2024\/11\/13\/cop-29-aliev-defend-les-hydrocarbures\/","og_locale":"fr_FR","og_type":"article","og_title":"COP 29: Aliev d\u00e9fend les hydrocarbures - La Sentinelle","og_description":"C\u2019est devenu r\u00e9curent \u00e0 chaque fois que la Conf\u00e9rence des nations unies sur le climat se tient. La question de","og_url":"https:\/\/lasentinelle.dz\/index.php\/2024\/11\/13\/cop-29-aliev-defend-les-hydrocarbures\/","og_site_name":"La Sentinelle","article_publisher":"https:\/\/www.facebook.com\/La-Sentinelle-104059864394773","article_published_time":"2024-11-13T10:20:18+00:00","article_modified_time":"2024-11-13T10:20:19+00:00","og_image":[{"width":1200,"height":900,"url":"https:\/\/lasentinelle.dz\/wp-content\/uploads\/2024\/11\/aliev.jpg","type":"image\/jpeg"}],"author":"admin","twitter_card":"summary_large_image","twitter_misc":{"\u00c9crit par":"admin","Dur\u00e9e de lecture estim\u00e9e":"4 minutes"},"schema":{"@context":"https:\/\/schema.org","@graph":[{"@type":"Article","@id":"https:\/\/lasentinelle.dz\/index.php\/2024\/11\/13\/cop-29-aliev-defend-les-hydrocarbures\/#article","isPartOf":{"@id":"https:\/\/lasentinelle.dz\/index.php\/2024\/11\/13\/cop-29-aliev-defend-les-hydrocarbures\/"},"author":{"name":"admin","@id":"https:\/\/lasentinelle.dz\/#\/schema\/person\/729ee0024f24e0b8c5ec17232f8e8b41"},"headline":"COP 29: Aliev d\u00e9fend les hydrocarbures","datePublished":"2024-11-13T10:20:18+00:00","dateModified":"2024-11-13T10:20:19+00:00","mainEntityOfPage":{"@id":"https:\/\/lasentinelle.dz\/index.php\/2024\/11\/13\/cop-29-aliev-defend-les-hydrocarbures\/"},"wordCount":679,"commentCount":0,"publisher":{"@id":"https:\/\/lasentinelle.dz\/#organization"},"image":{"@id":"https:\/\/lasentinelle.dz\/index.php\/2024\/11\/13\/cop-29-aliev-defend-les-hydrocarbures\/#primaryimage"},"thumbnailUrl":"https:\/\/lasentinelle.dz\/wp-content\/uploads\/2024\/11\/aliev.jpg","articleSection":["\u00c9conomie"],"inLanguage":"fr-FR","potentialAction":[{"@type":"CommentAction","name":"Comment","target":["https:\/\/lasentinelle.dz\/index.php\/2024\/11\/13\/cop-29-aliev-defend-les-hydrocarbures\/#respond"]}]},{"@type":"WebPage","@id":"https:\/\/lasentinelle.dz\/index.php\/2024\/11\/13\/cop-29-aliev-defend-les-hydrocarbures\/","url":"https:\/\/lasentinelle.dz\/index.php\/2024\/11\/13\/cop-29-aliev-defend-les-hydrocarbures\/","name":"COP 29: Aliev d\u00e9fend les hydrocarbures - La Sentinelle","isPartOf":{"@id":"https:\/\/lasentinelle.dz\/#website"},"primaryImageOfPage":{"@id":"https:\/\/lasentinelle.dz\/index.php\/2024\/11\/13\/cop-29-aliev-defend-les-hydrocarbures\/#primaryimage"},"image":{"@id":"https:\/\/lasentinelle.dz\/index.php\/2024\/11\/13\/cop-29-aliev-defend-les-hydrocarbures\/#primaryimage"},"thumbnailUrl":"https:\/\/lasentinelle.dz\/wp-content\/uploads\/2024\/11\/aliev.jpg","datePublished":"2024-11-13T10:20:18+00:00","dateModified":"2024-11-13T10:20:19+00:00","breadcrumb":{"@id":"https:\/\/lasentinelle.dz\/index.php\/2024\/11\/13\/cop-29-aliev-defend-les-hydrocarbures\/#breadcrumb"},"inLanguage":"fr-FR","potentialAction":[{"@type":"ReadAction","target":["https:\/\/lasentinelle.dz\/index.php\/2024\/11\/13\/cop-29-aliev-defend-les-hydrocarbures\/"]}]},{"@type":"ImageObject","inLanguage":"fr-FR","@id":"https:\/\/lasentinelle.dz\/index.php\/2024\/11\/13\/cop-29-aliev-defend-les-hydrocarbures\/#primaryimage","url":"https:\/\/lasentinelle.dz\/wp-content\/uploads\/2024\/11\/aliev.jpg","contentUrl":"https:\/\/lasentinelle.dz\/wp-content\/uploads\/2024\/11\/aliev.jpg","width":1200,"height":900},{"@type":"BreadcrumbList","@id":"https:\/\/lasentinelle.dz\/index.php\/2024\/11\/13\/cop-29-aliev-defend-les-hydrocarbures\/#breadcrumb","itemListElement":[{"@type":"ListItem","position":1,"name":"Accueil","item":"https:\/\/lasentinelle.dz\/"},{"@type":"ListItem","position":2,"name":"COP 29: Aliev d\u00e9fend les hydrocarbures"}]},{"@type":"WebSite","@id":"https:\/\/lasentinelle.dz\/#website","url":"https:\/\/lasentinelle.dz\/","name":"La Sentinelle","description":"Quotidien national d&#039;information","publisher":{"@id":"https:\/\/lasentinelle.dz\/#organization"},"potentialAction":[{"@type":"SearchAction","target":{"@type":"EntryPoint","urlTemplate":"https:\/\/lasentinelle.dz\/?s={search_term_string}"},"query-input":{"@type":"PropertyValueSpecification","valueRequired":true,"valueName":"search_term_string"}}],"inLanguage":"fr-FR"},{"@type":"Organization","@id":"https:\/\/lasentinelle.dz\/#organization","name":"Quotidien La Sentinelle","url":"https:\/\/lasentinelle.dz\/","logo":{"@type":"ImageObject","inLanguage":"fr-FR","@id":"https:\/\/lasentinelle.dz\/#\/schema\/logo\/image\/","url":"https:\/\/lasentinelle.dz\/wp-content\/uploads\/2021\/09\/logo-sentinelleSLOGAN-1.png","contentUrl":"https:\/\/lasentinelle.dz\/wp-content\/uploads\/2021\/09\/logo-sentinelleSLOGAN-1.png","width":615,"height":142,"caption":"Quotidien La Sentinelle"},"image":{"@id":"https:\/\/lasentinelle.dz\/#\/schema\/logo\/image\/"},"sameAs":["https:\/\/www.facebook.com\/La-Sentinelle-104059864394773"]},{"@type":"Person","@id":"https:\/\/lasentinelle.dz\/#\/schema\/person\/729ee0024f24e0b8c5ec17232f8e8b41","name":"admin","image":{"@type":"ImageObject","inLanguage":"fr-FR","@id":"https:\/\/secure.gravatar.com\/avatar\/4c81fed838786e9b53f540bf46533e750f5d292099ae3b66cfc6fb1982e29df7?s=96&d=mm&r=g","url":"https:\/\/secure.gravatar.com\/avatar\/4c81fed838786e9b53f540bf46533e750f5d292099ae3b66cfc6fb1982e29df7?s=96&d=mm&r=g","contentUrl":"https:\/\/secure.gravatar.com\/avatar\/4c81fed838786e9b53f540bf46533e750f5d292099ae3b66cfc6fb1982e29df7?s=96&d=mm&r=g","caption":"admin"},"description":"admin","url":"https:\/\/lasentinelle.dz\/author\/admin\/"}]}},"_links":{"self":[{"href":"https:\/\/lasentinelle.dz\/index.php\/wp-json\/wp\/v2\/posts\/59337","targetHints":{"allow":["GET"]}}],"collection":[{"href":"https:\/\/lasentinelle.dz\/index.php\/wp-json\/wp\/v2\/posts"}],"about":[{"href":"https:\/\/lasentinelle.dz\/index.php\/wp-json\/wp\/v2\/types\/post"}],"author":[{"embeddable":true,"href":"https:\/\/lasentinelle.dz\/index.php\/wp-json\/wp\/v2\/users\/6"}],"replies":[{"embeddable":true,"href":"https:\/\/lasentinelle.dz\/index.php\/wp-json\/wp\/v2\/comments?post=59337"}],"version-history":[{"count":1,"href":"https:\/\/lasentinelle.dz\/index.php\/wp-json\/wp\/v2\/posts\/59337\/revisions"}],"predecessor-version":[{"id":59339,"href":"https:\/\/lasentinelle.dz\/index.php\/wp-json\/wp\/v2\/posts\/59337\/revisions\/59339"}],"wp:featuredmedia":[{"embeddable":true,"href":"https:\/\/lasentinelle.dz\/index.php\/wp-json\/wp\/v2\/media\/59338"}],"wp:attachment":[{"href":"https:\/\/lasentinelle.dz\/index.php\/wp-json\/wp\/v2\/media?parent=59337"}],"wp:term":[{"taxonomy":"category","embeddable":true,"href":"https:\/\/lasentinelle.dz\/index.php\/wp-json\/wp\/v2\/categories?post=59337"},{"taxonomy":"post_tag","embeddable":true,"href":"https:\/\/lasentinelle.dz\/index.php\/wp-json\/wp\/v2\/tags?post=59337"}],"curies":[{"name":"wp","href":"https:\/\/api.w.org\/{rel}","templated":true}]}}